{"id":3354,"date":"2018-03-26T08:30:20","date_gmt":"2018-03-26T06:30:20","guid":{"rendered":"https:\/\/www.organisator.ch\/?p=3354"},"modified":"2018-03-26T08:30:20","modified_gmt":"2018-03-26T06:30:20","slug":"an-die-geschwindigkeit-gewoehnt-man-sich","status":"publish","type":"post","link":"https:\/\/www.organisator.ch\/en\/management\/2018-03-26\/an-die-geschwindigkeit-gewoehnt-man-sich\/","title":{"rendered":"You get used to the speed"},"content":{"rendered":"<figure id=\"attachment_3356\" aria-describedby=\"caption-attachment-3356\" style=\"width: 640px\" class=\"wp-caption alignnone\"><img loading=\"lazy\" decoding=\"async\" class=\"size-full wp-image-3356\" src=\"https:\/\/www.organisator.ch\/wp-content\/uploads\/2018\/03\/An-die-Geschwindigkeit-gewoehnt-man-sich-1_Organisator.jpg\" alt=\"\" width=\"640\" height=\"425\" srcset=\"https:\/\/www.organisator.ch\/wp-content\/uploads\/2018\/03\/An-die-Geschwindigkeit-gewoehnt-man-sich-1_Organisator.jpg 640w, https:\/\/www.organisator.ch\/wp-content\/uploads\/2018\/03\/An-die-Geschwindigkeit-gewoehnt-man-sich-1_Organisator-16x12.jpg 16w, https:\/\/www.organisator.ch\/wp-content\/uploads\/2018\/03\/An-die-Geschwindigkeit-gewoehnt-man-sich-1_Organisator-264x175.jpg 264w, https:\/\/www.organisator.ch\/wp-content\/uploads\/2018\/03\/An-die-Geschwindigkeit-gewoehnt-man-sich-1_Organisator-527x350.jpg 527w, https:\/\/www.organisator.ch\/wp-content\/uploads\/2018\/03\/An-die-Geschwindigkeit-gewoehnt-man-sich-1_Organisator-300x199.jpg 300w\" sizes=\"auto, (max-width: 640px) 100vw, 640px\" \/><figcaption id=\"caption-attachment-3356\" class=\"wp-caption-text\">Tom L\u00fcthi is learning to handle even higher speeds in the MotoGP class. (Image: Thomas Berner)<\/figcaption><\/figure>\n<p>Armin Baumann, Managing Director of the SME network KMU Swiss, had the pleasure of welcoming around 450 participants to the 16th KMU Swiss Forum on March 22, 2018 at the Trafo Baden Congress Center. Seven speakers gave presentations on the topic of \"Dynamics - Flexibility of Action\". The event was once again moderated by Hugo Bigi.<\/p>\n<h2>Tom L\u00fcthi: on the road at 340 kilometers per hour<\/h2>\n<p>The star guest was motorcycle racer Tom L\u00fcthi. \"The premier class is every rider's dream,\" enthused Tom L\u00fcthi about his move to the MotoGP class. \"Every change is a risk, but it's the only way I can continue to develop.\" To keep moving forward, he said, you need stamina, a clear focus, plenty of electronics expertise and, above all, a free mind to keep a handle on the concentrated power at 340 kilometers per hour. \"But you get used to the speed, after all, everyone goes that fast!\" added Tom L\u00fcthi with a smile. For the current season, Tom L\u00fcthi will still have to take many learning steps. But he wants to continue to make up places in the king's seat. For him, it is a matter of seizing this unique opportunity.<\/p>\n<h2>Using the \"time\" factor as an advantage<\/h2>\n<p>Speed is also a big issue in logistics. The company Planzer Transport AG transports 23,000 shipments a day. In the evening, it shifts from trucks to rail. \"This protects the environment and shortens transport time,\" says Nils Planzer, CEO of Planzer Transport AG. \"What is relevant is the first and last mile. You have to be able to interface in order to master the future.\" And for the future, Planzer is convinced that drivers will still be needed, despite self-driving trucks. On the contrary: In the future, drivers could not only deliver parcels to the customer's home, but also take on additional services such as installation or the assembly of furniture.<\/p>\n<figure id=\"attachment_3357\" aria-describedby=\"caption-attachment-3357\" style=\"width: 640px\" class=\"wp-caption alignnone\"><img loading=\"lazy\" decoding=\"async\" class=\"size-full wp-image-3357\" src=\"https:\/\/www.organisator.ch\/wp-content\/uploads\/2018\/03\/An-die-Geschwindigkeit-gewoehnt-man-sich-2_Organisator.jpg\" alt=\"\" width=\"640\" height=\"425\" srcset=\"https:\/\/www.organisator.ch\/wp-content\/uploads\/2018\/03\/An-die-Geschwindigkeit-gewoehnt-man-sich-2_Organisator.jpg 640w, https:\/\/www.organisator.ch\/wp-content\/uploads\/2018\/03\/An-die-Geschwindigkeit-gewoehnt-man-sich-2_Organisator-16x12.jpg 16w, https:\/\/www.organisator.ch\/wp-content\/uploads\/2018\/03\/An-die-Geschwindigkeit-gewoehnt-man-sich-2_Organisator-264x175.jpg 264w, https:\/\/www.organisator.ch\/wp-content\/uploads\/2018\/03\/An-die-Geschwindigkeit-gewoehnt-man-sich-2_Organisator-527x350.jpg 527w, https:\/\/www.organisator.ch\/wp-content\/uploads\/2018\/03\/An-die-Geschwindigkeit-gewoehnt-man-sich-2_Organisator-300x199.jpg 300w\" sizes=\"auto, (max-width: 640px) 100vw, 640px\" \/><figcaption id=\"caption-attachment-3357\" class=\"wp-caption-text\">Madeleine St\u00f6ckli of B. Braun Medical: \"Regulations cost money, but don't bring any profit. SMEs have big problems there, and that's unattractive.\" (Image: Thomas Berner)<\/figcaption><\/figure>\n<h2>Recipes for success for speed in SMEs<\/h2>\n<p>Book author and profiler Suzanne Grieger-Langer also provided a lot of momentum. She gave an insight into her multifaceted work as a profiler and revealed her recipe for success in today's leadership in seven steps. The need for clear leadership was also emphasized by J\u00fcrg Brandt, Chairman of the Board of vonRoll infratec (holding) ag, in his presentation. The company recovered from the crisis thanks to leadership and a cultural change. Madeleine St\u00f6ckli, CEO of B. Braun Medical AG, pleaded for quick decisions: \"It's important to think globally, but act locally!\" Global thinking is also important for SRF Swiss Television, because its biggest competitors are global giants like Apple, Amazon and Google. \"We invest in new technologies to stay competitive. We also focus on our core business and promote interdisciplinary ways of working,\" says SRF Director, Ruedi Matter. Derek Brandt, CEO Sensile Medical AG, sees the recipe for success in the future primarily in the employees: \"There is a shortage of skilled workers. We have to offer attractive working conditions to attract the best employees.\"<\/p>\n<h2>A strong brand is important<\/h2>\n<p>In his presentation, Urs Kessler, CEO of Jungfrau Railways, showed how important clear brand management is: \"Top of Europe also demands top quality! The participants experienced how other companies present themselves during the breaks in the exhibitor area. Expertise and business cards were exchanged and for once everyone went home a winner. <b><\/b>The next KMU Swiss Forum will take place on March 21, 2019 on the topic \"Challenge 2030\".<\/p>\n<h2>10 years marketplace Baden - follow-up event<\/h2>\n<p>For the 10th time, the city of Baden invited Baden companies to the Baden Marketplace, where guests could network and exchange ideas. Moderator Hugo Bigi interviewed Barbara L\u00fcthi, the long-time SRF China correspondent and current moderator of the \"Club\".<\/p>\n<p><a href=\"http:\/\/www.kmuswiss.ch\"><em>www.kmuswiss.ch<\/em><\/a><\/p>\n<p>&nbsp;<\/p>","protected":false},"excerpt":{"rendered":"<p>Armin Baumann, Gesch\u00e4ftsf\u00fchrer des KMU-Netzwerks KMU Swiss, durfte rund 450 Teilnehmerinnen und Teilnehmer am 16. KMU\u00a0Swiss Forum vom 22. M\u00e4rz 2018 im Kongresszentrum Trafo Baden begr\u00fcssen. Sieben Referentinnen und Referenten referierten zum Thema \u00abDynamik \u2013 Flexibilit\u00e4t der Aktion\u00bb. Moderiert wurde der Anlass einmal mehr von Hugo Bigi. Tom L\u00fcthi: mit 340 Stundenkilometer unterwegs Stargast war [&hellip;]<\/p>\n","protected":false},"author":4,"featured_media":3356,"comment_status":"open","ping_status":"open","sticky":false,"template":"","format":"standard","meta":{"_acf_changed":false,"_yoast_wpseo_focuskw":"Geschwindigkeit","_yoast_wpseo_metadesc":"Referenten wie Unternehmer Nils Planzer, CEO Planzer Transport AG, Profiler Suzanne Grieger-Langer und SRF-Direktor Ruedi Matter waren sich einig: Um gut im Rennen zu bleiben, braucht es weit mehr als die Geschwindigkeit.","articlekey":"","footnotes":""},"categories":[28],"tags":[103,335,502,508],"class_list":["post-3354","post","type-post","status-publish","format-standard","has-post-thumbnail","hentry","category-management","tag-business-excellence","tag-management-und-unternehmensfuehrung","tag-veranstaltungen","tag-vermischtes"],"acf":[],"yoast_head":"<!-- This site is optimized with the Yoast SEO plugin v27.5 - https:\/\/yoast.com\/product\/yoast-seo-wordpress\/ -->\n<title>An die Geschwindigkeit gew\u00f6hnt man sich - Organisator<\/title>\n<meta name=\"description\" content=\"Referenten wie Unternehmer Nils Planzer, CEO Planzer Transport AG, Profiler Suzanne Grieger-Langer und SRF-Direktor Ruedi Matter waren sich einig: Um gut im Rennen zu bleiben, braucht es weit mehr als die Geschwindigkeit.\" \/>\n<meta name=\"robots\" content=\"index, follow, max-snippet:-1, max-image-preview:large, max-video-preview:-1\" \/>\n<link rel=\"canonical\" href=\"https:\/\/www.organisator.ch\/en\/management\/2018-03-26\/an-die-geschwindigkeit-gewoehnt-man-sich\/\" \/>\n<meta property=\"og:locale\" content=\"en_US\" \/>\n<meta property=\"og:type\" content=\"article\" \/>\n<meta property=\"og:title\" content=\"An die Geschwindigkeit gew\u00f6hnt man sich\" \/>\n<meta property=\"og:description\" content=\"Referenten wie Unternehmer Nils #Planzer, CEO Planzer Transport AG, Profiler Suzanne Grieger-Langer und #SRF-Direktor Ruedi Matter waren sich einig: Um gut im Rennen zu bleiben, braucht es weit mehr als die #Geschwindigkeit.\" \/>\n<meta property=\"og:url\" content=\"https:\/\/www.organisator.ch\/en\/management\/2018-03-26\/an-die-geschwindigkeit-gewoehnt-man-sich\/\" \/>\n<meta property=\"og:site_name\" content=\"Organisator\" \/>\n<meta property=\"article:publisher\" content=\"https:\/\/www.facebook.com\/OrganisatorFachmagazin\" \/>\n<meta property=\"article:published_time\" content=\"2018-03-26T06:30:20+00:00\" \/>\n<meta property=\"og:image\" content=\"https:\/\/www.organisator.ch\/wp-content\/uploads\/2018\/03\/An-die-Geschwindigkeit-gewoehnt-man-sich-2_Organisator.jpg\" \/>\n\t<meta property=\"og:image:width\" content=\"640\" \/>\n\t<meta property=\"og:image:height\" content=\"425\" \/>\n\t<meta property=\"og:image:type\" content=\"image\/jpeg\" \/>\n<meta name=\"author\" content=\"thomas.berner\" \/>\n<meta name=\"twitter:card\" content=\"summary_large_image\" \/>\n<meta name=\"twitter:title\" content=\"An die #Geschwindigkeit gew\u00f6hnt man sich\" \/>\n<meta name=\"twitter:description\" content=\"Referenten wie Unternehmer Nils #Planzer, CEO Planzer Transport AG, Profiler Suzanne #Grieger-Langer und #SRF-Direktor Ruedi Matter waren sich einig: Um gut im Rennen zu bleiben, braucht es weit mehr als die #Geschwindigkeit.\" \/>\n<meta name=\"twitter:image\" content=\"https:\/\/www.organisator.ch\/wp-content\/uploads\/2018\/03\/An-die-Geschwindigkeit-gew\u00f6hnt-man-sich-2_Organisator.jpg\" \/>\n<script type=\"application\/ld+json\" class=\"yoast-schema-graph\">{\"@context\":\"https:\\\/\\\/schema.org\",\"@graph\":[{\"@type\":\"Article\",\"@id\":\"https:\\\/\\\/www.organisator.ch\\\/management\\\/2018-03-26\\\/an-die-geschwindigkeit-gewoehnt-man-sich\\\/#article\",\"isPartOf\":{\"@id\":\"https:\\\/\\\/www.organisator.ch\\\/management\\\/2018-03-26\\\/an-die-geschwindigkeit-gewoehnt-man-sich\\\/\"},\"author\":{\"name\":\"thomas.berner\",\"@id\":\"https:\\\/\\\/www.organisator.ch\\\/#\\\/schema\\\/person\\\/6f650f90b2842cd4c0cc334b4e36f67e\"},\"headline\":\"An die Geschwindigkeit gew\u00f6hnt man sich\",\"datePublished\":\"2018-03-26T06:30:20+00:00\",\"mainEntityOfPage\":{\"@id\":\"https:\\\/\\\/www.organisator.ch\\\/management\\\/2018-03-26\\\/an-die-geschwindigkeit-gewoehnt-man-sich\\\/\"},\"wordCount\":661,\"commentCount\":0,\"publisher\":{\"@id\":\"https:\\\/\\\/www.organisator.ch\\\/#organization\"},\"image\":{\"@id\":\"https:\\\/\\\/www.organisator.ch\\\/management\\\/2018-03-26\\\/an-die-geschwindigkeit-gewoehnt-man-sich\\\/#primaryimage\"},\"thumbnailUrl\":\"https:\\\/\\\/www.organisator.ch\\\/wp-content\\\/uploads\\\/2018\\\/03\\\/An-die-Geschwindigkeit-gewoehnt-man-sich-1_Organisator.jpg\",\"keywords\":[\"Business Excellence\",\"Management und Unternehmensf\u00fchrung\",\"Veranstaltungen\",\"Vermischtes\"],\"articleSection\":[\"MANAGEMENT\"],\"inLanguage\":\"en-US\"},{\"@type\":\"WebPage\",\"@id\":\"https:\\\/\\\/www.organisator.ch\\\/management\\\/2018-03-26\\\/an-die-geschwindigkeit-gewoehnt-man-sich\\\/\",\"url\":\"https:\\\/\\\/www.organisator.ch\\\/management\\\/2018-03-26\\\/an-die-geschwindigkeit-gewoehnt-man-sich\\\/\",\"name\":\"An die Geschwindigkeit gew\u00f6hnt man sich - Organisator\",\"isPartOf\":{\"@id\":\"https:\\\/\\\/www.organisator.ch\\\/#website\"},\"primaryImageOfPage\":{\"@id\":\"https:\\\/\\\/www.organisator.ch\\\/management\\\/2018-03-26\\\/an-die-geschwindigkeit-gewoehnt-man-sich\\\/#primaryimage\"},\"image\":{\"@id\":\"https:\\\/\\\/www.organisator.ch\\\/management\\\/2018-03-26\\\/an-die-geschwindigkeit-gewoehnt-man-sich\\\/#primaryimage\"},\"thumbnailUrl\":\"https:\\\/\\\/www.organisator.ch\\\/wp-content\\\/uploads\\\/2018\\\/03\\\/An-die-Geschwindigkeit-gewoehnt-man-sich-1_Organisator.jpg\",\"datePublished\":\"2018-03-26T06:30:20+00:00\",\"description\":\"Referenten wie Unternehmer Nils Planzer, CEO Planzer Transport AG, Profiler Suzanne Grieger-Langer und SRF-Direktor Ruedi Matter waren sich einig: Um gut im Rennen zu bleiben, braucht es weit mehr als die Geschwindigkeit.\",\"breadcrumb\":{\"@id\":\"https:\\\/\\\/www.organisator.ch\\\/management\\\/2018-03-26\\\/an-die-geschwindigkeit-gewoehnt-man-sich\\\/#breadcrumb\"},\"inLanguage\":\"en-US\",\"potentialAction\":[{\"@type\":\"ReadAction\",\"target\":[\"https:\\\/\\\/www.organisator.ch\\\/management\\\/2018-03-26\\\/an-die-geschwindigkeit-gewoehnt-man-sich\\\/\"]}]},{\"@type\":\"ImageObject\",\"inLanguage\":\"en-US\",\"@id\":\"https:\\\/\\\/www.organisator.ch\\\/management\\\/2018-03-26\\\/an-die-geschwindigkeit-gewoehnt-man-sich\\\/#primaryimage\",\"url\":\"https:\\\/\\\/www.organisator.ch\\\/wp-content\\\/uploads\\\/2018\\\/03\\\/An-die-Geschwindigkeit-gewoehnt-man-sich-1_Organisator.jpg\",\"contentUrl\":\"https:\\\/\\\/www.organisator.ch\\\/wp-content\\\/uploads\\\/2018\\\/03\\\/An-die-Geschwindigkeit-gewoehnt-man-sich-1_Organisator.jpg\",\"width\":640,\"height\":425,\"caption\":\"Tom L\u00fcthi lernt in der MotoGP-Klasse mit noch h\u00f6herer Geschwindigkeit umzugehen. (Bild: Thomas Berner)\"},{\"@type\":\"BreadcrumbList\",\"@id\":\"https:\\\/\\\/www.organisator.ch\\\/management\\\/2018-03-26\\\/an-die-geschwindigkeit-gewoehnt-man-sich\\\/#breadcrumb\",\"itemListElement\":[{\"@type\":\"ListItem\",\"position\":1,\"name\":\"Home\",\"item\":\"https:\\\/\\\/www.organisator.ch\\\/\"},{\"@type\":\"ListItem\",\"position\":2,\"name\":\"An die Geschwindigkeit gew\u00f6hnt man sich\"}]},{\"@type\":\"WebSite\",\"@id\":\"https:\\\/\\\/www.organisator.ch\\\/#website\",\"url\":\"https:\\\/\\\/www.organisator.ch\\\/\",\"name\":\"Organisator\",\"description\":\"Kompetent. Praxisnah. Der ORGANISATOR bereitet in 10 Ausgaben pro Jahr die wesentlichen Themen f\u00fcr F\u00fchrungskr\u00e4fte von KMU auf.\",\"publisher\":{\"@id\":\"https:\\\/\\\/www.organisator.ch\\\/#organization\"},\"potentialAction\":[{\"@type\":\"SearchAction\",\"target\":{\"@type\":\"EntryPoint\",\"urlTemplate\":\"https:\\\/\\\/www.organisator.ch\\\/?s={search_term_string}\"},\"query-input\":{\"@type\":\"PropertyValueSpecification\",\"valueRequired\":true,\"valueName\":\"search_term_string\"}}],\"inLanguage\":\"en-US\"},{\"@type\":\"Organization\",\"@id\":\"https:\\\/\\\/www.organisator.ch\\\/#organization\",\"name\":\"Organisator\",\"url\":\"https:\\\/\\\/www.organisator.ch\\\/\",\"logo\":{\"@type\":\"ImageObject\",\"inLanguage\":\"en-US\",\"@id\":\"https:\\\/\\\/www.organisator.ch\\\/#\\\/schema\\\/logo\\\/image\\\/\",\"url\":\"https:\\\/\\\/www.organisator.ch\\\/wp-content\\\/uploads\\\/2022\\\/01\\\/Logo_Organisator_Website.png\",\"contentUrl\":\"https:\\\/\\\/www.organisator.ch\\\/wp-content\\\/uploads\\\/2022\\\/01\\\/Logo_Organisator_Website.png\",\"width\":800,\"height\":77,\"caption\":\"Organisator\"},\"image\":{\"@id\":\"https:\\\/\\\/www.organisator.ch\\\/#\\\/schema\\\/logo\\\/image\\\/\"},\"sameAs\":[\"https:\\\/\\\/www.facebook.com\\\/OrganisatorFachmagazin\",\"https:\\\/\\\/www.linkedin.com\\\/showcase\\\/organisator-das-magazin-fr-kmu\",\"https:\\\/\\\/www.xing.com\\\/news\\\/pages\\\/organisator-ch-695\",\"https:\\\/\\\/www.youtube.com\\\/channel\\\/UCGP2Sq0iWaZwT3BdIAQFYpw\"]},{\"@type\":\"Person\",\"@id\":\"https:\\\/\\\/www.organisator.ch\\\/#\\\/schema\\\/person\\\/6f650f90b2842cd4c0cc334b4e36f67e\",\"name\":\"thomas.berner\",\"image\":{\"@type\":\"ImageObject\",\"inLanguage\":\"en-US\",\"@id\":\"https:\\\/\\\/secure.gravatar.com\\\/avatar\\\/ac5001d2a36cb6c6cd3e50789007ffca834b477b74a2144564522e944eabff61?s=96&d=mm&r=g\",\"url\":\"https:\\\/\\\/secure.gravatar.com\\\/avatar\\\/ac5001d2a36cb6c6cd3e50789007ffca834b477b74a2144564522e944eabff61?s=96&d=mm&r=g\",\"contentUrl\":\"https:\\\/\\\/secure.gravatar.com\\\/avatar\\\/ac5001d2a36cb6c6cd3e50789007ffca834b477b74a2144564522e944eabff61?s=96&d=mm&r=g\",\"caption\":\"thomas.berner\"},\"url\":\"https:\\\/\\\/www.organisator.ch\\\/en\\\/author\\\/thomas-berner\\\/\"}]}<\/script>\n<!-- \/ Yoast SEO plugin. -->","yoast_head_json":{"title":"You get used to the speed - organizer","description":"Speakers such as entrepreneur Nils Planzer, CEO Planzer Transport AG, profiler Suzanne Grieger-Langer and SRF director Ruedi Matter agreed: To stay well in the race, it takes much more than speed.","robots":{"index":"index","follow":"follow","max-snippet":"max-snippet:-1","max-image-preview":"max-image-preview:large","max-video-preview":"max-video-preview:-1"},"canonical":"https:\/\/www.organisator.ch\/en\/management\/2018-03-26\/an-die-geschwindigkeit-gewoehnt-man-sich\/","og_locale":"en_US","og_type":"article","og_title":"An die Geschwindigkeit gew\u00f6hnt man sich","og_description":"Referenten wie Unternehmer Nils #Planzer, CEO Planzer Transport AG, Profiler Suzanne Grieger-Langer und #SRF-Direktor Ruedi Matter waren sich einig: Um gut im Rennen zu bleiben, braucht es weit mehr als die #Geschwindigkeit.","og_url":"https:\/\/www.organisator.ch\/en\/management\/2018-03-26\/an-die-geschwindigkeit-gewoehnt-man-sich\/","og_site_name":"Organisator","article_publisher":"https:\/\/www.facebook.com\/OrganisatorFachmagazin","article_published_time":"2018-03-26T06:30:20+00:00","og_image":[{"width":640,"height":425,"url":"https:\/\/www.organisator.ch\/wp-content\/uploads\/2018\/03\/An-die-Geschwindigkeit-gewoehnt-man-sich-2_Organisator.jpg","type":"image\/jpeg"}],"author":"thomas.berner","twitter_card":"summary_large_image","twitter_title":"An die #Geschwindigkeit gew\u00f6hnt man sich","twitter_description":"Referenten wie Unternehmer Nils #Planzer, CEO Planzer Transport AG, Profiler Suzanne #Grieger-Langer und #SRF-Direktor Ruedi Matter waren sich einig: Um gut im Rennen zu bleiben, braucht es weit mehr als die #Geschwindigkeit.","twitter_image":"https:\/\/www.organisator.ch\/wp-content\/uploads\/2018\/03\/An-die-Geschwindigkeit-gew\u00f6hnt-man-sich-2_Organisator.jpg","schema":{"@context":"https:\/\/schema.org","@graph":[{"@type":"Article","@id":"https:\/\/www.organisator.ch\/management\/2018-03-26\/an-die-geschwindigkeit-gewoehnt-man-sich\/#article","isPartOf":{"@id":"https:\/\/www.organisator.ch\/management\/2018-03-26\/an-die-geschwindigkeit-gewoehnt-man-sich\/"},"author":{"name":"thomas.berner","@id":"https:\/\/www.organisator.ch\/#\/schema\/person\/6f650f90b2842cd4c0cc334b4e36f67e"},"headline":"An die Geschwindigkeit gew\u00f6hnt man sich","datePublished":"2018-03-26T06:30:20+00:00","mainEntityOfPage":{"@id":"https:\/\/www.organisator.ch\/management\/2018-03-26\/an-die-geschwindigkeit-gewoehnt-man-sich\/"},"wordCount":661,"commentCount":0,"publisher":{"@id":"https:\/\/www.organisator.ch\/#organization"},"image":{"@id":"https:\/\/www.organisator.ch\/management\/2018-03-26\/an-die-geschwindigkeit-gewoehnt-man-sich\/#primaryimage"},"thumbnailUrl":"https:\/\/www.organisator.ch\/wp-content\/uploads\/2018\/03\/An-die-Geschwindigkeit-gewoehnt-man-sich-1_Organisator.jpg","keywords":["Business Excellence","Management und Unternehmensf\u00fchrung","Veranstaltungen","Vermischtes"],"articleSection":["MANAGEMENT"],"inLanguage":"en-US"},{"@type":"WebPage","@id":"https:\/\/www.organisator.ch\/management\/2018-03-26\/an-die-geschwindigkeit-gewoehnt-man-sich\/","url":"https:\/\/www.organisator.ch\/management\/2018-03-26\/an-die-geschwindigkeit-gewoehnt-man-sich\/","name":"You get used to the speed - organizer","isPartOf":{"@id":"https:\/\/www.organisator.ch\/#website"},"primaryImageOfPage":{"@id":"https:\/\/www.organisator.ch\/management\/2018-03-26\/an-die-geschwindigkeit-gewoehnt-man-sich\/#primaryimage"},"image":{"@id":"https:\/\/www.organisator.ch\/management\/2018-03-26\/an-die-geschwindigkeit-gewoehnt-man-sich\/#primaryimage"},"thumbnailUrl":"https:\/\/www.organisator.ch\/wp-content\/uploads\/2018\/03\/An-die-Geschwindigkeit-gewoehnt-man-sich-1_Organisator.jpg","datePublished":"2018-03-26T06:30:20+00:00","description":"Speakers such as entrepreneur Nils Planzer, CEO Planzer Transport AG, profiler Suzanne Grieger-Langer and SRF director Ruedi Matter agreed: To stay well in the race, it takes much more than speed.","breadcrumb":{"@id":"https:\/\/www.organisator.ch\/management\/2018-03-26\/an-die-geschwindigkeit-gewoehnt-man-sich\/#breadcrumb"},"inLanguage":"en-US","potentialAction":[{"@type":"ReadAction","target":["https:\/\/www.organisator.ch\/management\/2018-03-26\/an-die-geschwindigkeit-gewoehnt-man-sich\/"]}]},{"@type":"ImageObject","inLanguage":"en-US","@id":"https:\/\/www.organisator.ch\/management\/2018-03-26\/an-die-geschwindigkeit-gewoehnt-man-sich\/#primaryimage","url":"https:\/\/www.organisator.ch\/wp-content\/uploads\/2018\/03\/An-die-Geschwindigkeit-gewoehnt-man-sich-1_Organisator.jpg","contentUrl":"https:\/\/www.organisator.ch\/wp-content\/uploads\/2018\/03\/An-die-Geschwindigkeit-gewoehnt-man-sich-1_Organisator.jpg","width":640,"height":425,"caption":"Tom L\u00fcthi lernt in der MotoGP-Klasse mit noch h\u00f6herer Geschwindigkeit umzugehen. (Bild: Thomas Berner)"},{"@type":"BreadcrumbList","@id":"https:\/\/www.organisator.ch\/management\/2018-03-26\/an-die-geschwindigkeit-gewoehnt-man-sich\/#breadcrumb","itemListElement":[{"@type":"ListItem","position":1,"name":"Home","item":"https:\/\/www.organisator.ch\/"},{"@type":"ListItem","position":2,"name":"An die Geschwindigkeit gew\u00f6hnt man sich"}]},{"@type":"WebSite","@id":"https:\/\/www.organisator.ch\/#website","url":"https:\/\/www.organisator.ch\/","name":"Organizer","description":"Competent. Practical. In 10 issues per year, ORGANISATOR presents the essential topics for managers of SMEs.","publisher":{"@id":"https:\/\/www.organisator.ch\/#organization"},"potentialAction":[{"@type":"SearchAction","target":{"@type":"EntryPoint","urlTemplate":"https:\/\/www.organisator.ch\/?s={search_term_string}"},"query-input":{"@type":"PropertyValueSpecification","valueRequired":true,"valueName":"search_term_string"}}],"inLanguage":"en-US"},{"@type":"Organization","@id":"https:\/\/www.organisator.ch\/#organization","name":"Organizer","url":"https:\/\/www.organisator.ch\/","logo":{"@type":"ImageObject","inLanguage":"en-US","@id":"https:\/\/www.organisator.ch\/#\/schema\/logo\/image\/","url":"https:\/\/www.organisator.ch\/wp-content\/uploads\/2022\/01\/Logo_Organisator_Website.png","contentUrl":"https:\/\/www.organisator.ch\/wp-content\/uploads\/2022\/01\/Logo_Organisator_Website.png","width":800,"height":77,"caption":"Organisator"},"image":{"@id":"https:\/\/www.organisator.ch\/#\/schema\/logo\/image\/"},"sameAs":["https:\/\/www.facebook.com\/OrganisatorFachmagazin","https:\/\/www.linkedin.com\/showcase\/organisator-das-magazin-fr-kmu","https:\/\/www.xing.com\/news\/pages\/organisator-ch-695","https:\/\/www.youtube.com\/channel\/UCGP2Sq0iWaZwT3BdIAQFYpw"]},{"@type":"Person","@id":"https:\/\/www.organisator.ch\/#\/schema\/person\/6f650f90b2842cd4c0cc334b4e36f67e","name":"thomas.berner","image":{"@type":"ImageObject","inLanguage":"en-US","@id":"https:\/\/secure.gravatar.com\/avatar\/ac5001d2a36cb6c6cd3e50789007ffca834b477b74a2144564522e944eabff61?s=96&d=mm&r=g","url":"https:\/\/secure.gravatar.com\/avatar\/ac5001d2a36cb6c6cd3e50789007ffca834b477b74a2144564522e944eabff61?s=96&d=mm&r=g","contentUrl":"https:\/\/secure.gravatar.com\/avatar\/ac5001d2a36cb6c6cd3e50789007ffca834b477b74a2144564522e944eabff61?s=96&d=mm&r=g","caption":"thomas.berner"},"url":"https:\/\/www.organisator.ch\/en\/author\/thomas-berner\/"}]}},"_links":{"self":[{"href":"https:\/\/www.organisator.ch\/en\/wp-json\/wp\/v2\/posts\/3354","targetHints":{"allow":["GET"]}}],"collection":[{"href":"https:\/\/www.organisator.ch\/en\/wp-json\/wp\/v2\/posts"}],"about":[{"href":"https:\/\/www.organisator.ch\/en\/wp-json\/wp\/v2\/types\/post"}],"author":[{"embeddable":true,"href":"https:\/\/www.organisator.ch\/en\/wp-json\/wp\/v2\/users\/4"}],"replies":[{"embeddable":true,"href":"https:\/\/www.organisator.ch\/en\/wp-json\/wp\/v2\/comments?post=3354"}],"version-history":[{"count":0,"href":"https:\/\/www.organisator.ch\/en\/wp-json\/wp\/v2\/posts\/3354\/revisions"}],"wp:featuredmedia":[{"embeddable":true,"href":"https:\/\/www.organisator.ch\/en\/wp-json\/wp\/v2\/media\/3356"}],"wp:attachment":[{"href":"https:\/\/www.organisator.ch\/en\/wp-json\/wp\/v2\/media?parent=3354"}],"wp:term":[{"taxonomy":"category","embeddable":true,"href":"https:\/\/www.organisator.ch\/en\/wp-json\/wp\/v2\/categories?post=3354"},{"taxonomy":"post_tag","embeddable":true,"href":"https:\/\/www.organisator.ch\/en\/wp-json\/wp\/v2\/tags?post=3354"}],"curies":[{"name":"wp","href":"https:\/\/api.w.org\/{rel}","templated":true}]}}