{"id":33590,"date":"2024-11-20T13:33:01","date_gmt":"2024-11-20T12:33:01","guid":{"rendered":"https:\/\/www.organisator.ch\/?p=33590"},"modified":"2024-11-20T09:40:21","modified_gmt":"2024-11-20T08:40:21","slug":"geschaeftsklima-in-der-mem-branche-auf-tiefstem-stand-seit-dreieinhalb-jahren","status":"publish","type":"post","link":"https:\/\/www.organisator.ch\/en\/management\/2024-11-20\/geschaeftsklima-in-der-mem-branche-auf-tiefstem-stand-seit-dreieinhalb-jahren\/","title":{"rendered":"Business climate in the MEM industries at its lowest level for three and a half years"},"content":{"rendered":"<figure id=\"attachment_33591\" aria-describedby=\"caption-attachment-33591\" style=\"width: 680px\" class=\"wp-caption alignnone\"><img loading=\"lazy\" decoding=\"async\" class=\"size-full wp-image-33591\" src=\"https:\/\/www.organisator.ch\/wp-content\/uploads\/2024\/11\/Geschaeftsklima_Bild1_ps.jpg\" alt=\"\" width=\"680\" height=\"454\" srcset=\"https:\/\/www.organisator.ch\/wp-content\/uploads\/2024\/11\/Geschaeftsklima_Bild1_ps.jpg 680w, https:\/\/www.organisator.ch\/wp-content\/uploads\/2024\/11\/Geschaeftsklima_Bild1_ps-18x12.jpg 18w, https:\/\/www.organisator.ch\/wp-content\/uploads\/2024\/11\/Geschaeftsklima_Bild1_ps-375x250.jpg 375w, https:\/\/www.organisator.ch\/wp-content\/uploads\/2024\/11\/Geschaeftsklima_Bild1_ps-524x350.jpg 524w\" sizes=\"auto, (max-width: 680px) 100vw, 680px\" \/><figcaption id=\"caption-attachment-33591\" class=\"wp-caption-text\">In October 2024, the business climate in the MEM industries slipped to its lowest level since January 2021 (Image: www.depositphotos.com)<\/figcaption><\/figure>\n<p>The business climate in the MEM sector cooled further in the fall, as the latest quarterly survey by Swissmechanic shows. In October 2024, the Swissmechanic SME-MEM business climate index slipped to its lowest level since January 2021. The SME MEM pulse meter has now been in negative territory for a year and a half. Only 1% of companies describe the current business climate as very favorable. In contrast, 74% rate it as somewhat to very unfavorable.<\/p>\n<h3><strong>Staff cuts at one in three SME MEMs<\/strong><\/h3>\n<p>The lack of orders remains the biggest challenge, followed by the ongoing negative impact of the strong Swiss franc. Overall, 60% of SMEs recorded a slump in sales in the third quarter of 2024 and almost the same number recorded falling margins. Companies' capacity utilization is currently only just over 80%. In addition, almost a third of the SMEs surveyed only have production secured for a maximum period of four weeks. A third of the companies had to reduce staff compared to the previous year. A quarter of them lack the funds to invest.<\/p>\n<h3><strong>2024 remains difficult, 2025 offers cautious hope<\/strong><\/h3>\n<p>SMEs are therefore pessimistic about the final quarter of 2024. Foreign demand remains the major challenge. Around half of the companies surveyed expect further declines in orders, sales and margins. Despite the current challenges, there are signs of a possible economic recovery in 2025, according to the experts. Falling energy prices and lower interest rates could provide impetus for the MEM industries next year and enable at least a slight recovery.<\/p>\n<p><em>Source: <a href=\"http:\/\/www.swissmechanic.ch\">www.swissmechanic.ch<\/a><\/em><\/p>","protected":false},"excerpt":{"rendered":"<p>In October 2024, the Swissmechanic business climate index for SMEs in the MEM industries slipped to its lowest level since January 2021. The current situation is characterized by a further decline in orders and margins, coupled with low capacity utilization. Around a third of the companies surveyed have reduced their workforce. In view of the current challenges, SME MEMs are pessimistic about the future.<\/p>","protected":false},"author":80,"featured_media":33591,"comment_status":"closed","ping_status":"closed","sticky":false,"template":"","format":"standard","meta":{"_acf_changed":false,"_yoast_wpseo_focuskw":"Gesch\u00e4ftsklima","_yoast_wpseo_metadesc":"Der Swissmechanic-Gesch\u00e4ftsklimaindex f\u00fcr KMU in der MEM-Branche rutscht im Oktober 2024 auf den tiefsten Stand seit Januar 2021.","articlekey":"","footnotes":""},"categories":[28],"tags":[4627,301,2712,424,492],"class_list":["post-33590","post","type-post","status-publish","format-standard","has-post-thumbnail","hentry","category-management","tag-geschaeftsklima","tag-kmu","tag-mem-branche","tag-schweiz","tag-unternehmen"],"acf":[],"yoast_head":"<!-- This site is optimized with the Yoast SEO plugin v27.5 - https:\/\/yoast.com\/product\/yoast-seo-wordpress\/ -->\n<title>Gesch\u00e4ftsklima in der MEM-Branche auf tiefstem Stand seit dreieinhalb Jahren - Organisator<\/title>\n<meta name=\"description\" content=\"Der Swissmechanic-Gesch\u00e4ftsklimaindex f\u00fcr KMU in der MEM-Branche rutscht im Oktober 2024 auf den tiefsten Stand seit Januar 2021.\" \/>\n<meta name=\"robots\" content=\"index, follow, max-snippet:-1, max-image-preview:large, max-video-preview:-1\" \/>\n<link rel=\"canonical\" href=\"https:\/\/www.organisator.ch\/en\/management\/2024-11-20\/geschaeftsklima-in-der-mem-branche-auf-tiefstem-stand-seit-dreieinhalb-jahren\/\" \/>\n<meta property=\"og:locale\" content=\"en_US\" \/>\n<meta property=\"og:type\" content=\"article\" \/>\n<meta property=\"og:title\" content=\"Gesch\u00e4ftsklima in der MEM-Branche auf tiefstem Stand seit dreieinhalb Jahren\" \/>\n<meta property=\"og:description\" content=\"Der Swissmechanic-Gesch\u00e4ftsklimaindex f\u00fcr KMU in der MEM-Branche rutscht im Oktober 2024 auf den tiefsten Stand seit Januar 2021.\" \/>\n<meta property=\"og:url\" content=\"https:\/\/www.organisator.ch\/en\/management\/2024-11-20\/geschaeftsklima-in-der-mem-branche-auf-tiefstem-stand-seit-dreieinhalb-jahren\/\" \/>\n<meta property=\"og:site_name\" content=\"Organisator\" \/>\n<meta property=\"article:publisher\" content=\"https:\/\/www.facebook.com\/OrganisatorFachmagazin\" \/>\n<meta property=\"article:published_time\" content=\"2024-11-20T12:33:01+00:00\" \/>\n<meta property=\"og:image\" content=\"https:\/\/www.organisator.ch\/wp-content\/uploads\/2024\/11\/Geschaeftsklima_Bild1_ps.jpg\" \/>\n\t<meta property=\"og:image:width\" content=\"680\" \/>\n\t<meta property=\"og:image:height\" content=\"454\" \/>\n\t<meta property=\"og:image:type\" content=\"image\/jpeg\" \/>\n<meta name=\"author\" content=\"Dzana Muminovic\" \/>\n<meta name=\"twitter:card\" content=\"summary_large_image\" \/>\n<meta name=\"twitter:title\" content=\"Gesch\u00e4ftsklima in der MEM-Branche auf tiefstem Stand seit dreieinhalb Jahren\" \/>\n<meta name=\"twitter:description\" content=\"Der #Swissmechanic-#Gesch\u00e4ftsklimaindex f\u00fcr #KMU in der #MEM-#Branche rutscht im Oktober 2024 auf den tiefsten Stand seit Januar 2021.\" \/>\n<meta name=\"twitter:image\" content=\"https:\/\/www.organisator.ch\/wp-content\/uploads\/2024\/11\/Geschaeftsklima_Bild1_ps.jpg\" \/>\n<script type=\"application\/ld+json\" class=\"yoast-schema-graph\">{\"@context\":\"https:\\\/\\\/schema.org\",\"@graph\":[{\"@type\":\"Article\",\"@id\":\"https:\\\/\\\/www.organisator.ch\\\/management\\\/2024-11-20\\\/geschaeftsklima-in-der-mem-branche-auf-tiefstem-stand-seit-dreieinhalb-jahren\\\/#article\",\"isPartOf\":{\"@id\":\"https:\\\/\\\/www.organisator.ch\\\/management\\\/2024-11-20\\\/geschaeftsklima-in-der-mem-branche-auf-tiefstem-stand-seit-dreieinhalb-jahren\\\/\"},\"author\":{\"name\":\"Dzana Muminovic\",\"@id\":\"https:\\\/\\\/www.organisator.ch\\\/#\\\/schema\\\/person\\\/afccda3a71c06d4be2ed9100dd163db7\"},\"headline\":\"Gesch\u00e4ftsklima in der MEM-Branche auf tiefstem Stand seit dreieinhalb Jahren\",\"datePublished\":\"2024-11-20T12:33:01+00:00\",\"mainEntityOfPage\":{\"@id\":\"https:\\\/\\\/www.organisator.ch\\\/management\\\/2024-11-20\\\/geschaeftsklima-in-der-mem-branche-auf-tiefstem-stand-seit-dreieinhalb-jahren\\\/\"},\"wordCount\":294,\"publisher\":{\"@id\":\"https:\\\/\\\/www.organisator.ch\\\/#organization\"},\"image\":{\"@id\":\"https:\\\/\\\/www.organisator.ch\\\/management\\\/2024-11-20\\\/geschaeftsklima-in-der-mem-branche-auf-tiefstem-stand-seit-dreieinhalb-jahren\\\/#primaryimage\"},\"thumbnailUrl\":\"https:\\\/\\\/www.organisator.ch\\\/wp-content\\\/uploads\\\/2024\\\/11\\\/Geschaeftsklima_Bild1_ps.jpg\",\"keywords\":[\"Gesch\u00e4ftsklima\",\"KMU\",\"MEM-Branche\",\"Schweiz\",\"Unternehmen\"],\"articleSection\":[\"MANAGEMENT\"],\"inLanguage\":\"en-US\"},{\"@type\":\"WebPage\",\"@id\":\"https:\\\/\\\/www.organisator.ch\\\/management\\\/2024-11-20\\\/geschaeftsklima-in-der-mem-branche-auf-tiefstem-stand-seit-dreieinhalb-jahren\\\/\",\"url\":\"https:\\\/\\\/www.organisator.ch\\\/management\\\/2024-11-20\\\/geschaeftsklima-in-der-mem-branche-auf-tiefstem-stand-seit-dreieinhalb-jahren\\\/\",\"name\":\"Gesch\u00e4ftsklima in der MEM-Branche auf tiefstem Stand seit dreieinhalb Jahren - Organisator\",\"isPartOf\":{\"@id\":\"https:\\\/\\\/www.organisator.ch\\\/#website\"},\"primaryImageOfPage\":{\"@id\":\"https:\\\/\\\/www.organisator.ch\\\/management\\\/2024-11-20\\\/geschaeftsklima-in-der-mem-branche-auf-tiefstem-stand-seit-dreieinhalb-jahren\\\/#primaryimage\"},\"image\":{\"@id\":\"https:\\\/\\\/www.organisator.ch\\\/management\\\/2024-11-20\\\/geschaeftsklima-in-der-mem-branche-auf-tiefstem-stand-seit-dreieinhalb-jahren\\\/#primaryimage\"},\"thumbnailUrl\":\"https:\\\/\\\/www.organisator.ch\\\/wp-content\\\/uploads\\\/2024\\\/11\\\/Geschaeftsklima_Bild1_ps.jpg\",\"datePublished\":\"2024-11-20T12:33:01+00:00\",\"description\":\"Der Swissmechanic-Gesch\u00e4ftsklimaindex f\u00fcr KMU in der MEM-Branche rutscht im Oktober 2024 auf den tiefsten Stand seit Januar 2021.\",\"breadcrumb\":{\"@id\":\"https:\\\/\\\/www.organisator.ch\\\/management\\\/2024-11-20\\\/geschaeftsklima-in-der-mem-branche-auf-tiefstem-stand-seit-dreieinhalb-jahren\\\/#breadcrumb\"},\"inLanguage\":\"en-US\",\"potentialAction\":[{\"@type\":\"ReadAction\",\"target\":[\"https:\\\/\\\/www.organisator.ch\\\/management\\\/2024-11-20\\\/geschaeftsklima-in-der-mem-branche-auf-tiefstem-stand-seit-dreieinhalb-jahren\\\/\"]}]},{\"@type\":\"ImageObject\",\"inLanguage\":\"en-US\",\"@id\":\"https:\\\/\\\/www.organisator.ch\\\/management\\\/2024-11-20\\\/geschaeftsklima-in-der-mem-branche-auf-tiefstem-stand-seit-dreieinhalb-jahren\\\/#primaryimage\",\"url\":\"https:\\\/\\\/www.organisator.ch\\\/wp-content\\\/uploads\\\/2024\\\/11\\\/Geschaeftsklima_Bild1_ps.jpg\",\"contentUrl\":\"https:\\\/\\\/www.organisator.ch\\\/wp-content\\\/uploads\\\/2024\\\/11\\\/Geschaeftsklima_Bild1_ps.jpg\",\"width\":680,\"height\":454,\"caption\":\"Das Gesch\u00e4ftsklima in der MEM-Branche rutscht im Oktober 2024 auf den tiefsten Stand seit Januar 2021. (Bild: www.depositphotos.com)\"},{\"@type\":\"BreadcrumbList\",\"@id\":\"https:\\\/\\\/www.organisator.ch\\\/management\\\/2024-11-20\\\/geschaeftsklima-in-der-mem-branche-auf-tiefstem-stand-seit-dreieinhalb-jahren\\\/#breadcrumb\",\"itemListElement\":[{\"@type\":\"ListItem\",\"position\":1,\"name\":\"Home\",\"item\":\"https:\\\/\\\/www.organisator.ch\\\/\"},{\"@type\":\"ListItem\",\"position\":2,\"name\":\"Gesch\u00e4ftsklima in der MEM-Branche auf tiefstem Stand seit dreieinhalb Jahren\"}]},{\"@type\":\"WebSite\",\"@id\":\"https:\\\/\\\/www.organisator.ch\\\/#website\",\"url\":\"https:\\\/\\\/www.organisator.ch\\\/\",\"name\":\"Organisator\",\"description\":\"Kompetent. Praxisnah. Der ORGANISATOR bereitet in 10 Ausgaben pro Jahr die wesentlichen Themen f\u00fcr F\u00fchrungskr\u00e4fte von KMU auf.\",\"publisher\":{\"@id\":\"https:\\\/\\\/www.organisator.ch\\\/#organization\"},\"potentialAction\":[{\"@type\":\"SearchAction\",\"target\":{\"@type\":\"EntryPoint\",\"urlTemplate\":\"https:\\\/\\\/www.organisator.ch\\\/?s={search_term_string}\"},\"query-input\":{\"@type\":\"PropertyValueSpecification\",\"valueRequired\":true,\"valueName\":\"search_term_string\"}}],\"inLanguage\":\"en-US\"},{\"@type\":\"Organization\",\"@id\":\"https:\\\/\\\/www.organisator.ch\\\/#organization\",\"name\":\"Organisator\",\"url\":\"https:\\\/\\\/www.organisator.ch\\\/\",\"logo\":{\"@type\":\"ImageObject\",\"inLanguage\":\"en-US\",\"@id\":\"https:\\\/\\\/www.organisator.ch\\\/#\\\/schema\\\/logo\\\/image\\\/\",\"url\":\"https:\\\/\\\/www.organisator.ch\\\/wp-content\\\/uploads\\\/2022\\\/01\\\/Logo_Organisator_Website.png\",\"contentUrl\":\"https:\\\/\\\/www.organisator.ch\\\/wp-content\\\/uploads\\\/2022\\\/01\\\/Logo_Organisator_Website.png\",\"width\":800,\"height\":77,\"caption\":\"Organisator\"},\"image\":{\"@id\":\"https:\\\/\\\/www.organisator.ch\\\/#\\\/schema\\\/logo\\\/image\\\/\"},\"sameAs\":[\"https:\\\/\\\/www.facebook.com\\\/OrganisatorFachmagazin\",\"https:\\\/\\\/www.linkedin.com\\\/showcase\\\/organisator-das-magazin-fr-kmu\",\"https:\\\/\\\/www.xing.com\\\/news\\\/pages\\\/organisator-ch-695\",\"https:\\\/\\\/www.youtube.com\\\/channel\\\/UCGP2Sq0iWaZwT3BdIAQFYpw\"]},{\"@type\":\"Person\",\"@id\":\"https:\\\/\\\/www.organisator.ch\\\/#\\\/schema\\\/person\\\/afccda3a71c06d4be2ed9100dd163db7\",\"name\":\"Dzana Muminovic\",\"image\":{\"@type\":\"ImageObject\",\"inLanguage\":\"en-US\",\"@id\":\"https:\\\/\\\/secure.gravatar.com\\\/avatar\\\/909c5c71aff4b38e88686f2ab2f1ba152571f394f41ed8bae431ea56ced93050?s=96&d=mm&r=g\",\"url\":\"https:\\\/\\\/secure.gravatar.com\\\/avatar\\\/909c5c71aff4b38e88686f2ab2f1ba152571f394f41ed8bae431ea56ced93050?s=96&d=mm&r=g\",\"contentUrl\":\"https:\\\/\\\/secure.gravatar.com\\\/avatar\\\/909c5c71aff4b38e88686f2ab2f1ba152571f394f41ed8bae431ea56ced93050?s=96&d=mm&r=g\",\"caption\":\"Dzana Muminovic\"},\"url\":\"https:\\\/\\\/www.organisator.ch\\\/en\\\/author\\\/dzana-muminovic\\\/\"}]}<\/script>\n<!-- \/ Yoast SEO plugin. -->","yoast_head_json":{"title":"Business climate in the MEM industries at its lowest level for three and a half years - Organizer","description":"In October 2024, the Swissmechanic business climate index for SMEs in the MEM industries slipped to its lowest level since January 2021.","robots":{"index":"index","follow":"follow","max-snippet":"max-snippet:-1","max-image-preview":"max-image-preview:large","max-video-preview":"max-video-preview:-1"},"canonical":"https:\/\/www.organisator.ch\/en\/management\/2024-11-20\/geschaeftsklima-in-der-mem-branche-auf-tiefstem-stand-seit-dreieinhalb-jahren\/","og_locale":"en_US","og_type":"article","og_title":"Gesch\u00e4ftsklima in der MEM-Branche auf tiefstem Stand seit dreieinhalb Jahren","og_description":"Der Swissmechanic-Gesch\u00e4ftsklimaindex f\u00fcr KMU in der MEM-Branche rutscht im Oktober 2024 auf den tiefsten Stand seit Januar 2021.","og_url":"https:\/\/www.organisator.ch\/en\/management\/2024-11-20\/geschaeftsklima-in-der-mem-branche-auf-tiefstem-stand-seit-dreieinhalb-jahren\/","og_site_name":"Organisator","article_publisher":"https:\/\/www.facebook.com\/OrganisatorFachmagazin","article_published_time":"2024-11-20T12:33:01+00:00","og_image":[{"width":680,"height":454,"url":"https:\/\/www.organisator.ch\/wp-content\/uploads\/2024\/11\/Geschaeftsklima_Bild1_ps.jpg","type":"image\/jpeg"}],"author":"Dzana Muminovic","twitter_card":"summary_large_image","twitter_title":"Gesch\u00e4ftsklima in der MEM-Branche auf tiefstem Stand seit dreieinhalb Jahren","twitter_description":"Der #Swissmechanic-#Gesch\u00e4ftsklimaindex f\u00fcr #KMU in der #MEM-#Branche rutscht im Oktober 2024 auf den tiefsten Stand seit Januar 2021.","twitter_image":"https:\/\/www.organisator.ch\/wp-content\/uploads\/2024\/11\/Geschaeftsklima_Bild1_ps.jpg","schema":{"@context":"https:\/\/schema.org","@graph":[{"@type":"Article","@id":"https:\/\/www.organisator.ch\/management\/2024-11-20\/geschaeftsklima-in-der-mem-branche-auf-tiefstem-stand-seit-dreieinhalb-jahren\/#article","isPartOf":{"@id":"https:\/\/www.organisator.ch\/management\/2024-11-20\/geschaeftsklima-in-der-mem-branche-auf-tiefstem-stand-seit-dreieinhalb-jahren\/"},"author":{"name":"Dzana Muminovic","@id":"https:\/\/www.organisator.ch\/#\/schema\/person\/afccda3a71c06d4be2ed9100dd163db7"},"headline":"Gesch\u00e4ftsklima in der MEM-Branche auf tiefstem Stand seit dreieinhalb Jahren","datePublished":"2024-11-20T12:33:01+00:00","mainEntityOfPage":{"@id":"https:\/\/www.organisator.ch\/management\/2024-11-20\/geschaeftsklima-in-der-mem-branche-auf-tiefstem-stand-seit-dreieinhalb-jahren\/"},"wordCount":294,"publisher":{"@id":"https:\/\/www.organisator.ch\/#organization"},"image":{"@id":"https:\/\/www.organisator.ch\/management\/2024-11-20\/geschaeftsklima-in-der-mem-branche-auf-tiefstem-stand-seit-dreieinhalb-jahren\/#primaryimage"},"thumbnailUrl":"https:\/\/www.organisator.ch\/wp-content\/uploads\/2024\/11\/Geschaeftsklima_Bild1_ps.jpg","keywords":["Gesch\u00e4ftsklima","KMU","MEM-Branche","Schweiz","Unternehmen"],"articleSection":["MANAGEMENT"],"inLanguage":"en-US"},{"@type":"WebPage","@id":"https:\/\/www.organisator.ch\/management\/2024-11-20\/geschaeftsklima-in-der-mem-branche-auf-tiefstem-stand-seit-dreieinhalb-jahren\/","url":"https:\/\/www.organisator.ch\/management\/2024-11-20\/geschaeftsklima-in-der-mem-branche-auf-tiefstem-stand-seit-dreieinhalb-jahren\/","name":"Business climate in the MEM industries at its lowest level for three and a half years - Organizer","isPartOf":{"@id":"https:\/\/www.organisator.ch\/#website"},"primaryImageOfPage":{"@id":"https:\/\/www.organisator.ch\/management\/2024-11-20\/geschaeftsklima-in-der-mem-branche-auf-tiefstem-stand-seit-dreieinhalb-jahren\/#primaryimage"},"image":{"@id":"https:\/\/www.organisator.ch\/management\/2024-11-20\/geschaeftsklima-in-der-mem-branche-auf-tiefstem-stand-seit-dreieinhalb-jahren\/#primaryimage"},"thumbnailUrl":"https:\/\/www.organisator.ch\/wp-content\/uploads\/2024\/11\/Geschaeftsklima_Bild1_ps.jpg","datePublished":"2024-11-20T12:33:01+00:00","description":"In October 2024, the Swissmechanic business climate index for SMEs in the MEM industries slipped to its lowest level since January 2021.","breadcrumb":{"@id":"https:\/\/www.organisator.ch\/management\/2024-11-20\/geschaeftsklima-in-der-mem-branche-auf-tiefstem-stand-seit-dreieinhalb-jahren\/#breadcrumb"},"inLanguage":"en-US","potentialAction":[{"@type":"ReadAction","target":["https:\/\/www.organisator.ch\/management\/2024-11-20\/geschaeftsklima-in-der-mem-branche-auf-tiefstem-stand-seit-dreieinhalb-jahren\/"]}]},{"@type":"ImageObject","inLanguage":"en-US","@id":"https:\/\/www.organisator.ch\/management\/2024-11-20\/geschaeftsklima-in-der-mem-branche-auf-tiefstem-stand-seit-dreieinhalb-jahren\/#primaryimage","url":"https:\/\/www.organisator.ch\/wp-content\/uploads\/2024\/11\/Geschaeftsklima_Bild1_ps.jpg","contentUrl":"https:\/\/www.organisator.ch\/wp-content\/uploads\/2024\/11\/Geschaeftsklima_Bild1_ps.jpg","width":680,"height":454,"caption":"Das Gesch\u00e4ftsklima in der MEM-Branche rutscht im Oktober 2024 auf den tiefsten Stand seit Januar 2021. (Bild: www.depositphotos.com)"},{"@type":"BreadcrumbList","@id":"https:\/\/www.organisator.ch\/management\/2024-11-20\/geschaeftsklima-in-der-mem-branche-auf-tiefstem-stand-seit-dreieinhalb-jahren\/#breadcrumb","itemListElement":[{"@type":"ListItem","position":1,"name":"Home","item":"https:\/\/www.organisator.ch\/"},{"@type":"ListItem","position":2,"name":"Gesch\u00e4ftsklima in der MEM-Branche auf tiefstem Stand seit dreieinhalb Jahren"}]},{"@type":"WebSite","@id":"https:\/\/www.organisator.ch\/#website","url":"https:\/\/www.organisator.ch\/","name":"Organizer","description":"Competent. Practical. In 10 issues per year, ORGANISATOR presents the essential topics for managers of SMEs.","publisher":{"@id":"https:\/\/www.organisator.ch\/#organization"},"potentialAction":[{"@type":"SearchAction","target":{"@type":"EntryPoint","urlTemplate":"https:\/\/www.organisator.ch\/?s={search_term_string}"},"query-input":{"@type":"PropertyValueSpecification","valueRequired":true,"valueName":"search_term_string"}}],"inLanguage":"en-US"},{"@type":"Organization","@id":"https:\/\/www.organisator.ch\/#organization","name":"Organizer","url":"https:\/\/www.organisator.ch\/","logo":{"@type":"ImageObject","inLanguage":"en-US","@id":"https:\/\/www.organisator.ch\/#\/schema\/logo\/image\/","url":"https:\/\/www.organisator.ch\/wp-content\/uploads\/2022\/01\/Logo_Organisator_Website.png","contentUrl":"https:\/\/www.organisator.ch\/wp-content\/uploads\/2022\/01\/Logo_Organisator_Website.png","width":800,"height":77,"caption":"Organisator"},"image":{"@id":"https:\/\/www.organisator.ch\/#\/schema\/logo\/image\/"},"sameAs":["https:\/\/www.facebook.com\/OrganisatorFachmagazin","https:\/\/www.linkedin.com\/showcase\/organisator-das-magazin-fr-kmu","https:\/\/www.xing.com\/news\/pages\/organisator-ch-695","https:\/\/www.youtube.com\/channel\/UCGP2Sq0iWaZwT3BdIAQFYpw"]},{"@type":"Person","@id":"https:\/\/www.organisator.ch\/#\/schema\/person\/afccda3a71c06d4be2ed9100dd163db7","name":"Dzana Muminovic","image":{"@type":"ImageObject","inLanguage":"en-US","@id":"https:\/\/secure.gravatar.com\/avatar\/909c5c71aff4b38e88686f2ab2f1ba152571f394f41ed8bae431ea56ced93050?s=96&d=mm&r=g","url":"https:\/\/secure.gravatar.com\/avatar\/909c5c71aff4b38e88686f2ab2f1ba152571f394f41ed8bae431ea56ced93050?s=96&d=mm&r=g","contentUrl":"https:\/\/secure.gravatar.com\/avatar\/909c5c71aff4b38e88686f2ab2f1ba152571f394f41ed8bae431ea56ced93050?s=96&d=mm&r=g","caption":"Dzana Muminovic"},"url":"https:\/\/www.organisator.ch\/en\/author\/dzana-muminovic\/"}]}},"_links":{"self":[{"href":"https:\/\/www.organisator.ch\/en\/wp-json\/wp\/v2\/posts\/33590","targetHints":{"allow":["GET"]}}],"collection":[{"href":"https:\/\/www.organisator.ch\/en\/wp-json\/wp\/v2\/posts"}],"about":[{"href":"https:\/\/www.organisator.ch\/en\/wp-json\/wp\/v2\/types\/post"}],"author":[{"embeddable":true,"href":"https:\/\/www.organisator.ch\/en\/wp-json\/wp\/v2\/users\/80"}],"replies":[{"embeddable":true,"href":"https:\/\/www.organisator.ch\/en\/wp-json\/wp\/v2\/comments?post=33590"}],"version-history":[{"count":1,"href":"https:\/\/www.organisator.ch\/en\/wp-json\/wp\/v2\/posts\/33590\/revisions"}],"predecessor-version":[{"id":33592,"href":"https:\/\/www.organisator.ch\/en\/wp-json\/wp\/v2\/posts\/33590\/revisions\/33592"}],"wp:featuredmedia":[{"embeddable":true,"href":"https:\/\/www.organisator.ch\/en\/wp-json\/wp\/v2\/media\/33591"}],"wp:attachment":[{"href":"https:\/\/www.organisator.ch\/en\/wp-json\/wp\/v2\/media?parent=33590"}],"wp:term":[{"taxonomy":"category","embeddable":true,"href":"https:\/\/www.organisator.ch\/en\/wp-json\/wp\/v2\/categories?post=33590"},{"taxonomy":"post_tag","embeddable":true,"href":"https:\/\/www.organisator.ch\/en\/wp-json\/wp\/v2\/tags?post=33590"}],"curies":[{"name":"wp","href":"https:\/\/api.w.org\/{rel}","templated":true}]}}