{"id":33651,"date":"2024-11-21T06:34:47","date_gmt":"2024-11-21T05:34:47","guid":{"rendered":"https:\/\/www.organisator.ch\/?p=33651"},"modified":"2024-11-20T13:35:12","modified_gmt":"2024-11-20T12:35:12","slug":"4-immo-dialog-ost-mit-fokus-auf-einsprachen-und-nachhaltigkeitsforderungen","status":"publish","type":"post","link":"https:\/\/www.organisator.ch\/en\/management\/2024-11-21\/4-immo-dialog-ost-mit-fokus-auf-einsprachen-und-nachhaltigkeitsforderungen\/","title":{"rendered":"4th Immo Dialog Ost with a focus on objections and sustainability requirements"},"content":{"rendered":"<figure id=\"attachment_33652\" aria-describedby=\"caption-attachment-33652\" style=\"width: 680px\" class=\"wp-caption alignnone\"><img loading=\"lazy\" decoding=\"async\" class=\"size-full wp-image-33652\" src=\"https:\/\/www.organisator.ch\/wp-content\/uploads\/2024\/11\/Immo-Dialog-Ost_Bild1_ps.jpg\" alt=\"\" width=\"680\" height=\"453\" srcset=\"https:\/\/www.organisator.ch\/wp-content\/uploads\/2024\/11\/Immo-Dialog-Ost_Bild1_ps.jpg 680w, https:\/\/www.organisator.ch\/wp-content\/uploads\/2024\/11\/Immo-Dialog-Ost_Bild1_ps-18x12.jpg 18w, https:\/\/www.organisator.ch\/wp-content\/uploads\/2024\/11\/Immo-Dialog-Ost_Bild1_ps-375x250.jpg 375w, https:\/\/www.organisator.ch\/wp-content\/uploads\/2024\/11\/Immo-Dialog-Ost_Bild1_ps-525x350.jpg 525w\" sizes=\"auto, (max-width: 680px) 100vw, 680px\" \/><figcaption id=\"caption-attachment-33652\" class=\"wp-caption-text\">Immo Dialog Ost has become an important meeting place for the real estate industry in Eastern Switzerland. (Image: www.immo-dialog.ch)<\/figcaption><\/figure>\n<p>The real estate industry is under more pressure today than ever before. The increasing number of objections to approval procedures and rising sustainability requirements are making construction projects more and more complicated. The 4th Immo Dialog Ost will address precisely these problems and challenges on March 27, 2025 in Olma Hall 9.2 in St.Gallen. The presentations and discussions taking place that afternoon are intended to offer real estate professionals in Eastern Switzerland practical solutions to the current hurdles in the planning and building permit process.<\/p>\n<h3><strong>Top-class program <\/strong><\/h3>\n<p>Renowned speakers will talk about current challenges in the real estate industry at the fourth edition of the event: Karin B\u00fchrer (Managing Director Development Switzerland), Remo Daguati (President Network Location Switzerland, owner LOC AG), Stefan Cadosch (CEO keeValue), Klauspeter N\u00fcesch (VRP and GL N\u00fcesch Developement AG), Patrizia Wachter Tanner (Managing Director and VRP Prefera Immobilien AG), Andrea Cristuzzi (Owner and Managing Director Cristuzzi Group), J\u00f6rg Schl\u00e4pfer (Head of Macroeconomics W\u00fcst Partner), Ivan Furlan (Head of the Office for Building Permits) and Donato Scognamiglio (Cantonal Councillor, Chairman and co-founder of IAZI AG). The event will once again be moderated by Roman Bolliger.<\/p>\n<h3><strong>New partnership <\/strong><\/h3>\n<p>The growing importance of Immo Dialog Ost for the real estate industry in Eastern Switzerland is also reflected in the sponsors. With St.Galler Stadtwerke as a bronze partner, the organizer was able to gain another important partner from the region for the event series.<\/p>\n<h3><strong>More space for networking <\/strong><\/h3>\n<p>In addition to the exciting program on stage, Immo Dialog Ost will offer even more space for exchange and encounters from next year. The popular lunch, which was previously optional, is now included in the participation price. This means that all participants will have the opportunity to network with colleagues from the industry during the standing lunch.<\/p>\n<h3><strong>Registration available <\/strong><\/h3>\n<p>Registration for the 4th Immo Dialog Ost on March 27, 2025 in Olma Hall 9.2 is already open. <a href=\"http:\/\/www.immo-dialog.ch\">online <\/a>possible. The regular admission price is CHF 295. Swiss Circle members benefit from a reduced price of CHF 245. In addition, a special price of CHF 120 is now available for students. The admission price includes lunch, refreshments during breaks and an aperitif.<\/p>\n<p><em>Source: <a href=\"http:\/\/www.immo-dialog.ch\">www.immo-dialog.ch<\/a><\/em><\/p>","protected":false},"excerpt":{"rendered":"<p>After three editions, Immo Dialog Ost in St.Gallen has already become an important meeting place for the real estate industry in Eastern Switzerland. The fourth edition of the real estate forum will take place on March 27, 2025 on the topic of \"The real estate industry under pressure - projects between objections and sustainability requirements\".<\/p>","protected":false},"author":80,"featured_media":33652,"comment_status":"closed","ping_status":"closed","sticky":false,"template":"","format":"standard","meta":{"_acf_changed":false,"_yoast_wpseo_focuskw":"Immo Dialog Ost","_yoast_wpseo_metadesc":"Der Immo Dialog Ost hat sich zu einem wichtigen Treffpunkt f\u00fcr die Ostschweizer Immobilienbranche entwickelt.","articlekey":"","footnotes":""},"categories":[28],"tags":[4777,1787,2996,2434],"class_list":["post-33651","post","type-post","status-publish","format-standard","has-post-thumbnail","hentry","category-management","tag-immobilienbranche","tag-nachhaltigkeit","tag-ostschweiz","tag-veranstaltung"],"acf":[],"yoast_head":"<!-- This site is optimized with the Yoast SEO plugin v27.4 - https:\/\/yoast.com\/product\/yoast-seo-wordpress\/ -->\n<title>4. Immo Dialog Ost mit Fokus auf Einsprachen und Nachhaltigkeitsforderungen - Organisator<\/title>\n<meta name=\"description\" content=\"Der Immo Dialog Ost hat sich zu einem wichtigen Treffpunkt f\u00fcr die Ostschweizer Immobilienbranche entwickelt.\" \/>\n<meta name=\"robots\" content=\"index, follow, max-snippet:-1, max-image-preview:large, max-video-preview:-1\" \/>\n<link rel=\"canonical\" href=\"https:\/\/www.organisator.ch\/en\/management\/2024-11-21\/4-immo-dialog-ost-mit-fokus-auf-einsprachen-und-nachhaltigkeitsforderungen\/\" \/>\n<meta property=\"og:locale\" content=\"en_US\" \/>\n<meta property=\"og:type\" content=\"article\" \/>\n<meta property=\"og:title\" content=\"4. Immo Dialog Ost mit Fokus auf Einsprachen und Nachhaltigkeitsforderungen\" \/>\n<meta property=\"og:description\" content=\"Der Immo Dialog Ost hat sich zu einem wichtigen Treffpunkt f\u00fcr die Ostschweizer Immobilienbranche entwickelt.\" \/>\n<meta property=\"og:url\" content=\"https:\/\/www.organisator.ch\/en\/management\/2024-11-21\/4-immo-dialog-ost-mit-fokus-auf-einsprachen-und-nachhaltigkeitsforderungen\/\" \/>\n<meta property=\"og:site_name\" content=\"Organisator\" \/>\n<meta property=\"article:publisher\" content=\"https:\/\/www.facebook.com\/OrganisatorFachmagazin\" \/>\n<meta property=\"article:published_time\" content=\"2024-11-21T05:34:47+00:00\" \/>\n<meta property=\"og:image\" content=\"https:\/\/www.organisator.ch\/wp-content\/uploads\/2024\/11\/Immo-Dialog-Ost_Bild1_ps.jpg\" \/>\n\t<meta property=\"og:image:width\" content=\"680\" \/>\n\t<meta property=\"og:image:height\" content=\"453\" \/>\n\t<meta property=\"og:image:type\" content=\"image\/jpeg\" \/>\n<meta name=\"author\" content=\"Dzana Muminovic\" \/>\n<meta name=\"twitter:card\" content=\"summary_large_image\" \/>\n<meta name=\"twitter:title\" content=\"4. Immo Dialog Ost mit Fokus auf Einsprachen und Nachhaltigkeitsforderungen\" \/>\n<meta name=\"twitter:description\" content=\"Der #Immo #Dialog #Ost hat sich zu einem wichtigen #Treffpunkt f\u00fcr die #Ostschweizer #Immobilienbranche entwickelt.\" \/>\n<meta name=\"twitter:image\" content=\"https:\/\/www.organisator.ch\/wp-content\/uploads\/2024\/11\/Immo-Dialog-Ost_Bild1_ps.jpg\" \/>\n<script type=\"application\/ld+json\" class=\"yoast-schema-graph\">{\"@context\":\"https:\\\/\\\/schema.org\",\"@graph\":[{\"@type\":\"Article\",\"@id\":\"https:\\\/\\\/www.organisator.ch\\\/management\\\/2024-11-21\\\/4-immo-dialog-ost-mit-fokus-auf-einsprachen-und-nachhaltigkeitsforderungen\\\/#article\",\"isPartOf\":{\"@id\":\"https:\\\/\\\/www.organisator.ch\\\/management\\\/2024-11-21\\\/4-immo-dialog-ost-mit-fokus-auf-einsprachen-und-nachhaltigkeitsforderungen\\\/\"},\"author\":{\"name\":\"Dzana Muminovic\",\"@id\":\"https:\\\/\\\/www.organisator.ch\\\/#\\\/schema\\\/person\\\/afccda3a71c06d4be2ed9100dd163db7\"},\"headline\":\"4. Immo Dialog Ost mit Fokus auf Einsprachen und Nachhaltigkeitsforderungen\",\"datePublished\":\"2024-11-21T05:34:47+00:00\",\"mainEntityOfPage\":{\"@id\":\"https:\\\/\\\/www.organisator.ch\\\/management\\\/2024-11-21\\\/4-immo-dialog-ost-mit-fokus-auf-einsprachen-und-nachhaltigkeitsforderungen\\\/\"},\"wordCount\":381,\"publisher\":{\"@id\":\"https:\\\/\\\/www.organisator.ch\\\/#organization\"},\"image\":{\"@id\":\"https:\\\/\\\/www.organisator.ch\\\/management\\\/2024-11-21\\\/4-immo-dialog-ost-mit-fokus-auf-einsprachen-und-nachhaltigkeitsforderungen\\\/#primaryimage\"},\"thumbnailUrl\":\"https:\\\/\\\/www.organisator.ch\\\/wp-content\\\/uploads\\\/2024\\\/11\\\/Immo-Dialog-Ost_Bild1_ps.jpg\",\"keywords\":[\"Immobilienbranche\",\"Nachhaltigkeit\",\"Ostschweiz\",\"Veranstaltung\"],\"articleSection\":[\"MANAGEMENT\"],\"inLanguage\":\"en-US\"},{\"@type\":\"WebPage\",\"@id\":\"https:\\\/\\\/www.organisator.ch\\\/management\\\/2024-11-21\\\/4-immo-dialog-ost-mit-fokus-auf-einsprachen-und-nachhaltigkeitsforderungen\\\/\",\"url\":\"https:\\\/\\\/www.organisator.ch\\\/management\\\/2024-11-21\\\/4-immo-dialog-ost-mit-fokus-auf-einsprachen-und-nachhaltigkeitsforderungen\\\/\",\"name\":\"4. Immo Dialog Ost mit Fokus auf Einsprachen und Nachhaltigkeitsforderungen - Organisator\",\"isPartOf\":{\"@id\":\"https:\\\/\\\/www.organisator.ch\\\/#website\"},\"primaryImageOfPage\":{\"@id\":\"https:\\\/\\\/www.organisator.ch\\\/management\\\/2024-11-21\\\/4-immo-dialog-ost-mit-fokus-auf-einsprachen-und-nachhaltigkeitsforderungen\\\/#primaryimage\"},\"image\":{\"@id\":\"https:\\\/\\\/www.organisator.ch\\\/management\\\/2024-11-21\\\/4-immo-dialog-ost-mit-fokus-auf-einsprachen-und-nachhaltigkeitsforderungen\\\/#primaryimage\"},\"thumbnailUrl\":\"https:\\\/\\\/www.organisator.ch\\\/wp-content\\\/uploads\\\/2024\\\/11\\\/Immo-Dialog-Ost_Bild1_ps.jpg\",\"datePublished\":\"2024-11-21T05:34:47+00:00\",\"description\":\"Der Immo Dialog Ost hat sich zu einem wichtigen Treffpunkt f\u00fcr die Ostschweizer Immobilienbranche entwickelt.\",\"breadcrumb\":{\"@id\":\"https:\\\/\\\/www.organisator.ch\\\/management\\\/2024-11-21\\\/4-immo-dialog-ost-mit-fokus-auf-einsprachen-und-nachhaltigkeitsforderungen\\\/#breadcrumb\"},\"inLanguage\":\"en-US\",\"potentialAction\":[{\"@type\":\"ReadAction\",\"target\":[\"https:\\\/\\\/www.organisator.ch\\\/management\\\/2024-11-21\\\/4-immo-dialog-ost-mit-fokus-auf-einsprachen-und-nachhaltigkeitsforderungen\\\/\"]}]},{\"@type\":\"ImageObject\",\"inLanguage\":\"en-US\",\"@id\":\"https:\\\/\\\/www.organisator.ch\\\/management\\\/2024-11-21\\\/4-immo-dialog-ost-mit-fokus-auf-einsprachen-und-nachhaltigkeitsforderungen\\\/#primaryimage\",\"url\":\"https:\\\/\\\/www.organisator.ch\\\/wp-content\\\/uploads\\\/2024\\\/11\\\/Immo-Dialog-Ost_Bild1_ps.jpg\",\"contentUrl\":\"https:\\\/\\\/www.organisator.ch\\\/wp-content\\\/uploads\\\/2024\\\/11\\\/Immo-Dialog-Ost_Bild1_ps.jpg\",\"width\":680,\"height\":453,\"caption\":\"Der Immo Dialog Ost hat sich zu einem wichtigen Treffpunkt f\u00fcr die Ostschweizer Immobilienbranche entwickelt. (Bild: www.immo-dialog.ch)\"},{\"@type\":\"BreadcrumbList\",\"@id\":\"https:\\\/\\\/www.organisator.ch\\\/management\\\/2024-11-21\\\/4-immo-dialog-ost-mit-fokus-auf-einsprachen-und-nachhaltigkeitsforderungen\\\/#breadcrumb\",\"itemListElement\":[{\"@type\":\"ListItem\",\"position\":1,\"name\":\"Home\",\"item\":\"https:\\\/\\\/www.organisator.ch\\\/\"},{\"@type\":\"ListItem\",\"position\":2,\"name\":\"4. Immo Dialog Ost mit Fokus auf Einsprachen und Nachhaltigkeitsforderungen\"}]},{\"@type\":\"WebSite\",\"@id\":\"https:\\\/\\\/www.organisator.ch\\\/#website\",\"url\":\"https:\\\/\\\/www.organisator.ch\\\/\",\"name\":\"Organisator\",\"description\":\"Kompetent. Praxisnah. Der ORGANISATOR bereitet in 10 Ausgaben pro Jahr die wesentlichen Themen f\u00fcr F\u00fchrungskr\u00e4fte von KMU auf.\",\"publisher\":{\"@id\":\"https:\\\/\\\/www.organisator.ch\\\/#organization\"},\"potentialAction\":[{\"@type\":\"SearchAction\",\"target\":{\"@type\":\"EntryPoint\",\"urlTemplate\":\"https:\\\/\\\/www.organisator.ch\\\/?s={search_term_string}\"},\"query-input\":{\"@type\":\"PropertyValueSpecification\",\"valueRequired\":true,\"valueName\":\"search_term_string\"}}],\"inLanguage\":\"en-US\"},{\"@type\":\"Organization\",\"@id\":\"https:\\\/\\\/www.organisator.ch\\\/#organization\",\"name\":\"Organisator\",\"url\":\"https:\\\/\\\/www.organisator.ch\\\/\",\"logo\":{\"@type\":\"ImageObject\",\"inLanguage\":\"en-US\",\"@id\":\"https:\\\/\\\/www.organisator.ch\\\/#\\\/schema\\\/logo\\\/image\\\/\",\"url\":\"https:\\\/\\\/www.organisator.ch\\\/wp-content\\\/uploads\\\/2022\\\/01\\\/Logo_Organisator_Website.png\",\"contentUrl\":\"https:\\\/\\\/www.organisator.ch\\\/wp-content\\\/uploads\\\/2022\\\/01\\\/Logo_Organisator_Website.png\",\"width\":800,\"height\":77,\"caption\":\"Organisator\"},\"image\":{\"@id\":\"https:\\\/\\\/www.organisator.ch\\\/#\\\/schema\\\/logo\\\/image\\\/\"},\"sameAs\":[\"https:\\\/\\\/www.facebook.com\\\/OrganisatorFachmagazin\",\"https:\\\/\\\/www.linkedin.com\\\/showcase\\\/organisator-das-magazin-fr-kmu\",\"https:\\\/\\\/www.xing.com\\\/news\\\/pages\\\/organisator-ch-695\",\"https:\\\/\\\/www.youtube.com\\\/channel\\\/UCGP2Sq0iWaZwT3BdIAQFYpw\"]},{\"@type\":\"Person\",\"@id\":\"https:\\\/\\\/www.organisator.ch\\\/#\\\/schema\\\/person\\\/afccda3a71c06d4be2ed9100dd163db7\",\"name\":\"Dzana Muminovic\",\"image\":{\"@type\":\"ImageObject\",\"inLanguage\":\"en-US\",\"@id\":\"https:\\\/\\\/secure.gravatar.com\\\/avatar\\\/909c5c71aff4b38e88686f2ab2f1ba152571f394f41ed8bae431ea56ced93050?s=96&d=mm&r=g\",\"url\":\"https:\\\/\\\/secure.gravatar.com\\\/avatar\\\/909c5c71aff4b38e88686f2ab2f1ba152571f394f41ed8bae431ea56ced93050?s=96&d=mm&r=g\",\"contentUrl\":\"https:\\\/\\\/secure.gravatar.com\\\/avatar\\\/909c5c71aff4b38e88686f2ab2f1ba152571f394f41ed8bae431ea56ced93050?s=96&d=mm&r=g\",\"caption\":\"Dzana Muminovic\"},\"url\":\"https:\\\/\\\/www.organisator.ch\\\/en\\\/author\\\/dzana-muminovic\\\/\"}]}<\/script>\n<!-- \/ Yoast SEO plugin. -->","yoast_head_json":{"title":"4th Immo Dialog Ost with a focus on objections and sustainability requirements - Organizer","description":"Immo Dialog Ost has developed into an important meeting place for the real estate industry in Eastern Switzerland.","robots":{"index":"index","follow":"follow","max-snippet":"max-snippet:-1","max-image-preview":"max-image-preview:large","max-video-preview":"max-video-preview:-1"},"canonical":"https:\/\/www.organisator.ch\/en\/management\/2024-11-21\/4-immo-dialog-ost-mit-fokus-auf-einsprachen-und-nachhaltigkeitsforderungen\/","og_locale":"en_US","og_type":"article","og_title":"4. Immo Dialog Ost mit Fokus auf Einsprachen und Nachhaltigkeitsforderungen","og_description":"Der Immo Dialog Ost hat sich zu einem wichtigen Treffpunkt f\u00fcr die Ostschweizer Immobilienbranche entwickelt.","og_url":"https:\/\/www.organisator.ch\/en\/management\/2024-11-21\/4-immo-dialog-ost-mit-fokus-auf-einsprachen-und-nachhaltigkeitsforderungen\/","og_site_name":"Organisator","article_publisher":"https:\/\/www.facebook.com\/OrganisatorFachmagazin","article_published_time":"2024-11-21T05:34:47+00:00","og_image":[{"width":680,"height":453,"url":"https:\/\/www.organisator.ch\/wp-content\/uploads\/2024\/11\/Immo-Dialog-Ost_Bild1_ps.jpg","type":"image\/jpeg"}],"author":"Dzana Muminovic","twitter_card":"summary_large_image","twitter_title":"4. Immo Dialog Ost mit Fokus auf Einsprachen und Nachhaltigkeitsforderungen","twitter_description":"Der #Immo #Dialog #Ost hat sich zu einem wichtigen #Treffpunkt f\u00fcr die #Ostschweizer #Immobilienbranche entwickelt.","twitter_image":"https:\/\/www.organisator.ch\/wp-content\/uploads\/2024\/11\/Immo-Dialog-Ost_Bild1_ps.jpg","schema":{"@context":"https:\/\/schema.org","@graph":[{"@type":"Article","@id":"https:\/\/www.organisator.ch\/management\/2024-11-21\/4-immo-dialog-ost-mit-fokus-auf-einsprachen-und-nachhaltigkeitsforderungen\/#article","isPartOf":{"@id":"https:\/\/www.organisator.ch\/management\/2024-11-21\/4-immo-dialog-ost-mit-fokus-auf-einsprachen-und-nachhaltigkeitsforderungen\/"},"author":{"name":"Dzana Muminovic","@id":"https:\/\/www.organisator.ch\/#\/schema\/person\/afccda3a71c06d4be2ed9100dd163db7"},"headline":"4. Immo Dialog Ost mit Fokus auf Einsprachen und Nachhaltigkeitsforderungen","datePublished":"2024-11-21T05:34:47+00:00","mainEntityOfPage":{"@id":"https:\/\/www.organisator.ch\/management\/2024-11-21\/4-immo-dialog-ost-mit-fokus-auf-einsprachen-und-nachhaltigkeitsforderungen\/"},"wordCount":381,"publisher":{"@id":"https:\/\/www.organisator.ch\/#organization"},"image":{"@id":"https:\/\/www.organisator.ch\/management\/2024-11-21\/4-immo-dialog-ost-mit-fokus-auf-einsprachen-und-nachhaltigkeitsforderungen\/#primaryimage"},"thumbnailUrl":"https:\/\/www.organisator.ch\/wp-content\/uploads\/2024\/11\/Immo-Dialog-Ost_Bild1_ps.jpg","keywords":["Immobilienbranche","Nachhaltigkeit","Ostschweiz","Veranstaltung"],"articleSection":["MANAGEMENT"],"inLanguage":"en-US"},{"@type":"WebPage","@id":"https:\/\/www.organisator.ch\/management\/2024-11-21\/4-immo-dialog-ost-mit-fokus-auf-einsprachen-und-nachhaltigkeitsforderungen\/","url":"https:\/\/www.organisator.ch\/management\/2024-11-21\/4-immo-dialog-ost-mit-fokus-auf-einsprachen-und-nachhaltigkeitsforderungen\/","name":"4th Immo Dialog Ost with a focus on objections and sustainability requirements - Organizer","isPartOf":{"@id":"https:\/\/www.organisator.ch\/#website"},"primaryImageOfPage":{"@id":"https:\/\/www.organisator.ch\/management\/2024-11-21\/4-immo-dialog-ost-mit-fokus-auf-einsprachen-und-nachhaltigkeitsforderungen\/#primaryimage"},"image":{"@id":"https:\/\/www.organisator.ch\/management\/2024-11-21\/4-immo-dialog-ost-mit-fokus-auf-einsprachen-und-nachhaltigkeitsforderungen\/#primaryimage"},"thumbnailUrl":"https:\/\/www.organisator.ch\/wp-content\/uploads\/2024\/11\/Immo-Dialog-Ost_Bild1_ps.jpg","datePublished":"2024-11-21T05:34:47+00:00","description":"Immo Dialog Ost has developed into an important meeting place for the real estate industry in Eastern Switzerland.","breadcrumb":{"@id":"https:\/\/www.organisator.ch\/management\/2024-11-21\/4-immo-dialog-ost-mit-fokus-auf-einsprachen-und-nachhaltigkeitsforderungen\/#breadcrumb"},"inLanguage":"en-US","potentialAction":[{"@type":"ReadAction","target":["https:\/\/www.organisator.ch\/management\/2024-11-21\/4-immo-dialog-ost-mit-fokus-auf-einsprachen-und-nachhaltigkeitsforderungen\/"]}]},{"@type":"ImageObject","inLanguage":"en-US","@id":"https:\/\/www.organisator.ch\/management\/2024-11-21\/4-immo-dialog-ost-mit-fokus-auf-einsprachen-und-nachhaltigkeitsforderungen\/#primaryimage","url":"https:\/\/www.organisator.ch\/wp-content\/uploads\/2024\/11\/Immo-Dialog-Ost_Bild1_ps.jpg","contentUrl":"https:\/\/www.organisator.ch\/wp-content\/uploads\/2024\/11\/Immo-Dialog-Ost_Bild1_ps.jpg","width":680,"height":453,"caption":"Der Immo Dialog Ost hat sich zu einem wichtigen Treffpunkt f\u00fcr die Ostschweizer Immobilienbranche entwickelt. (Bild: www.immo-dialog.ch)"},{"@type":"BreadcrumbList","@id":"https:\/\/www.organisator.ch\/management\/2024-11-21\/4-immo-dialog-ost-mit-fokus-auf-einsprachen-und-nachhaltigkeitsforderungen\/#breadcrumb","itemListElement":[{"@type":"ListItem","position":1,"name":"Home","item":"https:\/\/www.organisator.ch\/"},{"@type":"ListItem","position":2,"name":"4. Immo Dialog Ost mit Fokus auf Einsprachen und Nachhaltigkeitsforderungen"}]},{"@type":"WebSite","@id":"https:\/\/www.organisator.ch\/#website","url":"https:\/\/www.organisator.ch\/","name":"Organizer","description":"Competent. Practical. In 10 issues per year, ORGANISATOR presents the essential topics for managers of SMEs.","publisher":{"@id":"https:\/\/www.organisator.ch\/#organization"},"potentialAction":[{"@type":"SearchAction","target":{"@type":"EntryPoint","urlTemplate":"https:\/\/www.organisator.ch\/?s={search_term_string}"},"query-input":{"@type":"PropertyValueSpecification","valueRequired":true,"valueName":"search_term_string"}}],"inLanguage":"en-US"},{"@type":"Organization","@id":"https:\/\/www.organisator.ch\/#organization","name":"Organizer","url":"https:\/\/www.organisator.ch\/","logo":{"@type":"ImageObject","inLanguage":"en-US","@id":"https:\/\/www.organisator.ch\/#\/schema\/logo\/image\/","url":"https:\/\/www.organisator.ch\/wp-content\/uploads\/2022\/01\/Logo_Organisator_Website.png","contentUrl":"https:\/\/www.organisator.ch\/wp-content\/uploads\/2022\/01\/Logo_Organisator_Website.png","width":800,"height":77,"caption":"Organisator"},"image":{"@id":"https:\/\/www.organisator.ch\/#\/schema\/logo\/image\/"},"sameAs":["https:\/\/www.facebook.com\/OrganisatorFachmagazin","https:\/\/www.linkedin.com\/showcase\/organisator-das-magazin-fr-kmu","https:\/\/www.xing.com\/news\/pages\/organisator-ch-695","https:\/\/www.youtube.com\/channel\/UCGP2Sq0iWaZwT3BdIAQFYpw"]},{"@type":"Person","@id":"https:\/\/www.organisator.ch\/#\/schema\/person\/afccda3a71c06d4be2ed9100dd163db7","name":"Dzana Muminovic","image":{"@type":"ImageObject","inLanguage":"en-US","@id":"https:\/\/secure.gravatar.com\/avatar\/909c5c71aff4b38e88686f2ab2f1ba152571f394f41ed8bae431ea56ced93050?s=96&d=mm&r=g","url":"https:\/\/secure.gravatar.com\/avatar\/909c5c71aff4b38e88686f2ab2f1ba152571f394f41ed8bae431ea56ced93050?s=96&d=mm&r=g","contentUrl":"https:\/\/secure.gravatar.com\/avatar\/909c5c71aff4b38e88686f2ab2f1ba152571f394f41ed8bae431ea56ced93050?s=96&d=mm&r=g","caption":"Dzana Muminovic"},"url":"https:\/\/www.organisator.ch\/en\/author\/dzana-muminovic\/"}]}},"_links":{"self":[{"href":"https:\/\/www.organisator.ch\/en\/wp-json\/wp\/v2\/posts\/33651","targetHints":{"allow":["GET"]}}],"collection":[{"href":"https:\/\/www.organisator.ch\/en\/wp-json\/wp\/v2\/posts"}],"about":[{"href":"https:\/\/www.organisator.ch\/en\/wp-json\/wp\/v2\/types\/post"}],"author":[{"embeddable":true,"href":"https:\/\/www.organisator.ch\/en\/wp-json\/wp\/v2\/users\/80"}],"replies":[{"embeddable":true,"href":"https:\/\/www.organisator.ch\/en\/wp-json\/wp\/v2\/comments?post=33651"}],"version-history":[{"count":2,"href":"https:\/\/www.organisator.ch\/en\/wp-json\/wp\/v2\/posts\/33651\/revisions"}],"predecessor-version":[{"id":33987,"href":"https:\/\/www.organisator.ch\/en\/wp-json\/wp\/v2\/posts\/33651\/revisions\/33987"}],"wp:featuredmedia":[{"embeddable":true,"href":"https:\/\/www.organisator.ch\/en\/wp-json\/wp\/v2\/media\/33652"}],"wp:attachment":[{"href":"https:\/\/www.organisator.ch\/en\/wp-json\/wp\/v2\/media?parent=33651"}],"wp:term":[{"taxonomy":"category","embeddable":true,"href":"https:\/\/www.organisator.ch\/en\/wp-json\/wp\/v2\/categories?post=33651"},{"taxonomy":"post_tag","embeddable":true,"href":"https:\/\/www.organisator.ch\/en\/wp-json\/wp\/v2\/tags?post=33651"}],"curies":[{"name":"wp","href":"https:\/\/api.w.org\/{rel}","templated":true}]}}