{"id":3373,"date":"2018-03-29T10:15:47","date_gmt":"2018-03-29T08:15:47","guid":{"rendered":"https:\/\/www.organisator.ch\/?p=3373"},"modified":"2018-03-29T10:15:47","modified_gmt":"2018-03-29T08:15:47","slug":"export-award-2018-das-sind-die-drei-finalisten","status":"publish","type":"post","link":"https:\/\/www.organisator.ch\/en\/allgemein\/2018-03-29\/export-award-2018-das-sind-die-drei-finalisten\/","title":{"rendered":"Export Award 2018: These are the three finalists"},"content":{"rendered":"<figure id=\"attachment_3374\" aria-describedby=\"caption-attachment-3374\" style=\"width: 640px\" class=\"wp-caption alignnone\"><img loading=\"lazy\" decoding=\"async\" class=\"size-full wp-image-3374\" src=\"https:\/\/www.organisator.ch\/wp-content\/uploads\/2018\/03\/Export-Award-2018-Das-sind-die-drei-Finalisten-1_Organisator.jpg\" alt=\"\" width=\"640\" height=\"427\" srcset=\"https:\/\/www.organisator.ch\/wp-content\/uploads\/2018\/03\/Export-Award-2018-Das-sind-die-drei-Finalisten-1_Organisator.jpg 640w, https:\/\/www.organisator.ch\/wp-content\/uploads\/2018\/03\/Export-Award-2018-Das-sind-die-drei-Finalisten-1_Organisator-16x12.jpg 16w, https:\/\/www.organisator.ch\/wp-content\/uploads\/2018\/03\/Export-Award-2018-Das-sind-die-drei-Finalisten-1_Organisator-262x175.jpg 262w, https:\/\/www.organisator.ch\/wp-content\/uploads\/2018\/03\/Export-Award-2018-Das-sind-die-drei-Finalisten-1_Organisator-525x350.jpg 525w, https:\/\/www.organisator.ch\/wp-content\/uploads\/2018\/03\/Export-Award-2018-Das-sind-die-drei-Finalisten-1_Organisator-300x200.jpg 300w\" sizes=\"auto, (max-width: 640px) 100vw, 640px\" \/><figcaption id=\"caption-attachment-3374\" class=\"wp-caption-text\">Regloplas company won the trophy last year. Who will win the Export Award 2018? (Image: S-GE)<\/figcaption><\/figure>\n<p>The candidates have been determined. The independent <a href=\"https:\/\/www.s-ge.com\/de\/jury\">Jury<\/a> of business, science and media representatives has announced who is in the running for the 2018 Export Award:<\/p>\n<ul>\n<li>Industrielack AG, Wangen SZ: ILAG leaves no stone unturned<\/li>\n<li>Acutronic Medical Systems, Hirzel ZH: Strong presence in a small niche market<\/li>\n<li>On, Zurich: The running community is enthusiastic<\/li>\n<\/ul>\n<p>&nbsp;<\/p>\n<p>The winner will be chosen at the Foreign Trade and Investment Forum on April 26 in Zurich. The awards will be presented by Ruth Metzler-Arnold, Chairman of the Board of Directors of S-GE.<\/p>\n<h2>Swiss Made all over the world<\/h2>\n<p>The finalists are holding their own all over the world, despite the fact that more than 750 new protectionist measures have been enacted every year since 2009, as the Global Trade Alert by Professor Simon Evenett of the University of St. Gallen shows. High barriers to entry are particularly prevalent in the medical technology sector - making the export performance of Acutronic Medical Systems, which manufactures high-precision ventilators for premature babies, all the more outstanding. The company has already established itself in Western Europe and the Middle East and is beginning to put out feelers in China. But On's running shoes and ILAG's cookware coating also have to meet high standards around the world, which the companies have managed highly successfully.<\/p>\n<h2>The finalists for the Export Award 2018<\/h2>\n<p><strong>lLAG leaves no stone unturned:<\/strong> When it comes to coating cookware and baking pans, ILAG is big business. The export-oriented SME scores with quality and an innovative business model: Consistent relationship management with all participants in the value chain and image-enhancing co-branding ensure that the company is growing - and generated sales of 34 million Swiss francs in 2017. In the most important markets, ILAG is on the road with sales agents, while the US market is handled from its own office in Chicago. ILAG is still mainly successful in the consumer goods industry, but in the future it will increasingly focus on applications in industry. <a href=\"http:\/\/www.ilag.ch\/\">www.ilag.ch<\/a><\/p>\n<figure id=\"attachment_3375\" aria-describedby=\"caption-attachment-3375\" style=\"width: 630px\" class=\"wp-caption alignnone\"><img loading=\"lazy\" decoding=\"async\" class=\"size-full wp-image-3375\" src=\"https:\/\/www.organisator.ch\/wp-content\/uploads\/2018\/03\/Export-Award-2018-Das-sind-die-drei-Finalisten-2_Organisator.jpg\" alt=\"\" width=\"630\" height=\"480\" srcset=\"https:\/\/www.organisator.ch\/wp-content\/uploads\/2018\/03\/Export-Award-2018-Das-sind-die-drei-Finalisten-2_Organisator.jpg 630w, https:\/\/www.organisator.ch\/wp-content\/uploads\/2018\/03\/Export-Award-2018-Das-sind-die-drei-Finalisten-2_Organisator-16x12.jpg 16w, https:\/\/www.organisator.ch\/wp-content\/uploads\/2018\/03\/Export-Award-2018-Das-sind-die-drei-Finalisten-2_Organisator-230x175.jpg 230w, https:\/\/www.organisator.ch\/wp-content\/uploads\/2018\/03\/Export-Award-2018-Das-sind-die-drei-Finalisten-2_Organisator-459x350.jpg 459w, https:\/\/www.organisator.ch\/wp-content\/uploads\/2018\/03\/Export-Award-2018-Das-sind-die-drei-Finalisten-2_Organisator-300x229.jpg 300w\" sizes=\"auto, (max-width: 630px) 100vw, 630px\" \/><figcaption id=\"caption-attachment-3375\" class=\"wp-caption-text\">Coatings for frying pans are a core business of ILAG. (Image: S-GE)<\/figcaption><\/figure>\n<p><strong>Strong presence in small niche:<\/strong> High-tech equipment for tiny customers: With its product range, Acutronic Medical Systems covers the entire spectrum of neonatal artificial respiration. The universally designed, easy-to-use high-tech devices are used in operating theaters, intensive care units, and county halls in many European countries, the Middle East, and China. In this way, products from Hirzel ensure that many premature babies survive without permanent damage. And also that the Swiss medtech company thrives. <a href=\"http:\/\/www.acutronic-medical.ch\/\">www.acutronic-medical.ch<\/a><\/p>\n<figure id=\"attachment_3376\" aria-describedby=\"caption-attachment-3376\" style=\"width: 640px\" class=\"wp-caption alignnone\"><img loading=\"lazy\" decoding=\"async\" class=\"size-full wp-image-3376\" src=\"https:\/\/www.organisator.ch\/wp-content\/uploads\/2018\/03\/Export-Award-2018-Das-sind-die-drei-Finalisten-3_Organisator.jpg\" alt=\"\" width=\"640\" height=\"480\" srcset=\"https:\/\/www.organisator.ch\/wp-content\/uploads\/2018\/03\/Export-Award-2018-Das-sind-die-drei-Finalisten-3_Organisator.jpg 640w, https:\/\/www.organisator.ch\/wp-content\/uploads\/2018\/03\/Export-Award-2018-Das-sind-die-drei-Finalisten-3_Organisator-16x12.jpg 16w, https:\/\/www.organisator.ch\/wp-content\/uploads\/2018\/03\/Export-Award-2018-Das-sind-die-drei-Finalisten-3_Organisator-233x175.jpg 233w, https:\/\/www.organisator.ch\/wp-content\/uploads\/2018\/03\/Export-Award-2018-Das-sind-die-drei-Finalisten-3_Organisator-467x350.jpg 467w, https:\/\/www.organisator.ch\/wp-content\/uploads\/2018\/03\/Export-Award-2018-Das-sind-die-drei-Finalisten-3_Organisator-300x225.jpg 300w\" sizes=\"auto, (max-width: 640px) 100vw, 640px\" \/><figcaption id=\"caption-attachment-3376\" class=\"wp-caption-text\">Acutronic manufactures ventilators for premature infants. (Image: S-GE)<\/figcaption><\/figure>\n<p><strong>The running community is enthusiastic:<\/strong> Push off hard, land softly, and run with a feather-light stride without any discomfort - around three million runners worldwide rely on shoes from On. Founded in 2010 by three Swiss sports enthusiasts, the label has taken the global running scene by storm with its revolutionary CloudTec sole. Thanks to its consistent focus on the premium segment worldwide and a clever marketing strategy, On is the fastest-growing brand in the running shoe market and is present in 4,000 stores in 50 countries. <a href=\"http:\/\/www.on-running.com\/\">www.on-running.com<\/a><\/p>\n<figure id=\"attachment_3377\" aria-describedby=\"caption-attachment-3377\" style=\"width: 640px\" class=\"wp-caption alignnone\"><img loading=\"lazy\" decoding=\"async\" class=\"size-full wp-image-3377\" src=\"https:\/\/www.organisator.ch\/wp-content\/uploads\/2018\/03\/Export-Award-2018-Das-sind-die-drei-Finalisten-4_Organisator.jpg\" alt=\"\" width=\"640\" height=\"480\" srcset=\"https:\/\/www.organisator.ch\/wp-content\/uploads\/2018\/03\/Export-Award-2018-Das-sind-die-drei-Finalisten-4_Organisator.jpg 640w, https:\/\/www.organisator.ch\/wp-content\/uploads\/2018\/03\/Export-Award-2018-Das-sind-die-drei-Finalisten-4_Organisator-16x12.jpg 16w, https:\/\/www.organisator.ch\/wp-content\/uploads\/2018\/03\/Export-Award-2018-Das-sind-die-drei-Finalisten-4_Organisator-233x175.jpg 233w, https:\/\/www.organisator.ch\/wp-content\/uploads\/2018\/03\/Export-Award-2018-Das-sind-die-drei-Finalisten-4_Organisator-467x350.jpg 467w, https:\/\/www.organisator.ch\/wp-content\/uploads\/2018\/03\/Export-Award-2018-Das-sind-die-drei-Finalisten-4_Organisator-300x225.jpg 300w\" sizes=\"auto, (max-width: 640px) 100vw, 640px\" \/><figcaption id=\"caption-attachment-3377\" class=\"wp-caption-text\">In the running shoe market, the On brand is currently growing massively. (Image: S-GE)<\/figcaption><\/figure>\n<h2>Growing internationally between globalization and protectionism<\/h2>\n<p>Switzerland Global Enterprise's Foreign Trade Forum is the meeting place of the year for all Swiss exporters. Small and medium-sized companies in particular find inspiration and practical advice for their international business here, according to the organizer. For SMEs, on the one hand, it has never been so necessary and potentially profitable to do business on a broad international scale. On the other hand, it is becoming increasingly complex to deal with the multitude of markets and the specific trade barriers. During the generous breaks and at the Ap\u00e9ro Riche, there will be room for exchange with over 600 participants and numerous exporters who are facing similar challenges or have already successfully mastered some of them.<\/p>\n<p><em>Registration and program at <a href=\"http:\/\/ow.ly\/WakO30amiLF\">www.s-ge.com\/awf<\/a><\/em><\/p>\n<p>&nbsp;<\/p>","protected":false},"excerpt":{"rendered":"<p>Die Kandidaten stehen fest. Die unabh\u00e4ngige Jury aus Wirtschafts-, Wissenschafts- und Medien-Vertretern hat bekannt gegeben, wer im Rennen um den Export Award 2018 ist: Industrielack AG, Wangen SZ: ILAG l\u00e4sst nichts anbrennen Acutronic Medical Systems, Hirzel ZH: Starke Pr\u00e4senz in kleiner Nische On, Z\u00fcrich: Die Laufcommunity begeistert &nbsp; Der Gewinner wird am Aussenwirtschaftsforum am 26. [&hellip;]<\/p>\n","protected":false},"author":4,"featured_media":3374,"comment_status":"open","ping_status":"open","sticky":false,"template":"","format":"standard","meta":{"_acf_changed":false,"_yoast_wpseo_focuskw":"Export Award 2018","_yoast_wpseo_metadesc":"Die Finalisten f\u00fcr den Export Award 2018 von Switzerland Global Enterprise (S-GE) zeigen auf, wie kleine und mittlere Unternehmen die Chancen der Globalisierung f\u00fcr sich nutzen und den zunehmenden Protektionismus reibungslos h\u00e4ndeln k\u00f6nnen.","articlekey":"","footnotes":""},"categories":[1],"tags":[66,189,492,502],"class_list":["post-3373","post","type-post","status-publish","format-standard","has-post-thumbnail","hentry","category-allgemein","tag-awards","tag-export","tag-unternehmen","tag-veranstaltungen"],"acf":[],"yoast_head":"<!-- This site is optimized with the Yoast SEO plugin v27.5 - https:\/\/yoast.com\/product\/yoast-seo-wordpress\/ -->\n<title>Export Award 2018: Das sind die drei Finalisten - Organisator<\/title>\n<meta name=\"description\" content=\"Die Finalisten f\u00fcr den Export Award 2018 von Switzerland Global Enterprise (S-GE) zeigen auf, wie kleine und mittlere Unternehmen die Chancen der Globalisierung f\u00fcr sich nutzen und den zunehmenden Protektionismus reibungslos h\u00e4ndeln k\u00f6nnen.\" \/>\n<meta name=\"robots\" content=\"index, follow, max-snippet:-1, max-image-preview:large, max-video-preview:-1\" \/>\n<link rel=\"canonical\" href=\"https:\/\/www.organisator.ch\/en\/general\/2018-03-29\/export-award-2018-das-sind-die-drei-finalisten\/\" \/>\n<meta property=\"og:locale\" content=\"en_US\" \/>\n<meta property=\"og:type\" content=\"article\" \/>\n<meta property=\"og:title\" content=\"Export Award 2018: Das sind die drei Finalisten\" \/>\n<meta property=\"og:description\" content=\"Die Finalisten f\u00fcr den #Export Award 2018 von Switzerland Global Enterprise (#S-GE) zeigen auf, wie kleine und mittlere Unternehmen die Chancen der #Globalisierung f\u00fcr sich nutzen und den zunehmenden Protektionismus reibungslos h\u00e4ndeln k\u00f6nnen.\" \/>\n<meta property=\"og:url\" content=\"https:\/\/www.organisator.ch\/en\/general\/2018-03-29\/export-award-2018-das-sind-die-drei-finalisten\/\" \/>\n<meta property=\"og:site_name\" content=\"Organisator\" \/>\n<meta property=\"article:publisher\" content=\"https:\/\/www.facebook.com\/OrganisatorFachmagazin\" \/>\n<meta property=\"article:published_time\" content=\"2018-03-29T08:15:47+00:00\" \/>\n<meta property=\"og:image\" content=\"https:\/\/www.organisator.ch\/wp-content\/uploads\/2018\/03\/Export-Award-2018-Das-sind-die-drei-Finalisten-1_Organisator.jpg\" \/>\n\t<meta property=\"og:image:width\" content=\"640\" \/>\n\t<meta property=\"og:image:height\" content=\"427\" \/>\n\t<meta property=\"og:image:type\" content=\"image\/jpeg\" \/>\n<meta name=\"author\" content=\"thomas.berner\" \/>\n<meta name=\"twitter:card\" content=\"summary_large_image\" \/>\n<meta name=\"twitter:title\" content=\"#ExportAward 2018: Das sind die drei Finalisten\" \/>\n<meta name=\"twitter:description\" content=\"Die Finalisten f\u00fcr den #Export Award 2018 von Switzerland Global Enterprise (#S-GE) zeigen auf, wie kleine und mittlere Unternehmen die Chancen der #Globalisierung f\u00fcr sich nutzen und den zunehmenden Protektionismus reibungslos h\u00e4ndeln k\u00f6nnen.\" \/>\n<meta name=\"twitter:image\" content=\"https:\/\/www.organisator.ch\/wp-content\/uploads\/2018\/03\/Export-Award-2018-Das-sind-die-drei-Finalisten-1_Organisator.jpg\" \/>\n<script type=\"application\/ld+json\" class=\"yoast-schema-graph\">{\"@context\":\"https:\\\/\\\/schema.org\",\"@graph\":[{\"@type\":\"Article\",\"@id\":\"https:\\\/\\\/www.organisator.ch\\\/en\\\/general\\\/2018-03-29\\\/export-award-2018-das-sind-die-drei-finalisten\\\/#article\",\"isPartOf\":{\"@id\":\"https:\\\/\\\/www.organisator.ch\\\/en\\\/general\\\/2018-03-29\\\/export-award-2018-das-sind-die-drei-finalisten\\\/\"},\"author\":{\"name\":\"thomas.berner\",\"@id\":\"https:\\\/\\\/www.organisator.ch\\\/#\\\/schema\\\/person\\\/6f650f90b2842cd4c0cc334b4e36f67e\"},\"headline\":\"Export Award 2018: Das sind die drei Finalisten\",\"datePublished\":\"2018-03-29T08:15:47+00:00\",\"mainEntityOfPage\":{\"@id\":\"https:\\\/\\\/www.organisator.ch\\\/en\\\/general\\\/2018-03-29\\\/export-award-2018-das-sind-die-drei-finalisten\\\/\"},\"wordCount\":672,\"commentCount\":1,\"publisher\":{\"@id\":\"https:\\\/\\\/www.organisator.ch\\\/#organization\"},\"image\":{\"@id\":\"https:\\\/\\\/www.organisator.ch\\\/en\\\/general\\\/2018-03-29\\\/export-award-2018-das-sind-die-drei-finalisten\\\/#primaryimage\"},\"thumbnailUrl\":\"https:\\\/\\\/www.organisator.ch\\\/wp-content\\\/uploads\\\/2018\\\/03\\\/Export-Award-2018-Das-sind-die-drei-Finalisten-1_Organisator.jpg\",\"keywords\":[\"Awards\",\"Export\",\"Unternehmen\",\"Veranstaltungen\"],\"articleSection\":[\"Allgemein\"],\"inLanguage\":\"en-US\"},{\"@type\":\"WebPage\",\"@id\":\"https:\\\/\\\/www.organisator.ch\\\/en\\\/general\\\/2018-03-29\\\/export-award-2018-das-sind-die-drei-finalisten\\\/\",\"url\":\"https:\\\/\\\/www.organisator.ch\\\/en\\\/general\\\/2018-03-29\\\/export-award-2018-das-sind-die-drei-finalisten\\\/\",\"name\":\"Export Award 2018: Das sind die drei Finalisten - Organisator\",\"isPartOf\":{\"@id\":\"https:\\\/\\\/www.organisator.ch\\\/#website\"},\"primaryImageOfPage\":{\"@id\":\"https:\\\/\\\/www.organisator.ch\\\/en\\\/general\\\/2018-03-29\\\/export-award-2018-das-sind-die-drei-finalisten\\\/#primaryimage\"},\"image\":{\"@id\":\"https:\\\/\\\/www.organisator.ch\\\/en\\\/general\\\/2018-03-29\\\/export-award-2018-das-sind-die-drei-finalisten\\\/#primaryimage\"},\"thumbnailUrl\":\"https:\\\/\\\/www.organisator.ch\\\/wp-content\\\/uploads\\\/2018\\\/03\\\/Export-Award-2018-Das-sind-die-drei-Finalisten-1_Organisator.jpg\",\"datePublished\":\"2018-03-29T08:15:47+00:00\",\"description\":\"Die Finalisten f\u00fcr den Export Award 2018 von Switzerland Global Enterprise (S-GE) zeigen auf, wie kleine und mittlere Unternehmen die Chancen der Globalisierung f\u00fcr sich nutzen und den zunehmenden Protektionismus reibungslos h\u00e4ndeln k\u00f6nnen.\",\"breadcrumb\":{\"@id\":\"https:\\\/\\\/www.organisator.ch\\\/en\\\/general\\\/2018-03-29\\\/export-award-2018-das-sind-die-drei-finalisten\\\/#breadcrumb\"},\"inLanguage\":\"en-US\",\"potentialAction\":[{\"@type\":\"ReadAction\",\"target\":[\"https:\\\/\\\/www.organisator.ch\\\/en\\\/general\\\/2018-03-29\\\/export-award-2018-das-sind-die-drei-finalisten\\\/\"]}]},{\"@type\":\"ImageObject\",\"inLanguage\":\"en-US\",\"@id\":\"https:\\\/\\\/www.organisator.ch\\\/en\\\/general\\\/2018-03-29\\\/export-award-2018-das-sind-die-drei-finalisten\\\/#primaryimage\",\"url\":\"https:\\\/\\\/www.organisator.ch\\\/wp-content\\\/uploads\\\/2018\\\/03\\\/Export-Award-2018-Das-sind-die-drei-Finalisten-1_Organisator.jpg\",\"contentUrl\":\"https:\\\/\\\/www.organisator.ch\\\/wp-content\\\/uploads\\\/2018\\\/03\\\/Export-Award-2018-Das-sind-die-drei-Finalisten-1_Organisator.jpg\",\"width\":640,\"height\":427,\"caption\":\"Die Firma Regloplas gewann im letzten Jahr die Troph\u00e4e. Wer gewinnt den Export Award 2018? (Bild: S-GE)\"},{\"@type\":\"BreadcrumbList\",\"@id\":\"https:\\\/\\\/www.organisator.ch\\\/en\\\/general\\\/2018-03-29\\\/export-award-2018-das-sind-die-drei-finalisten\\\/#breadcrumb\",\"itemListElement\":[{\"@type\":\"ListItem\",\"position\":1,\"name\":\"Home\",\"item\":\"https:\\\/\\\/www.organisator.ch\\\/\"},{\"@type\":\"ListItem\",\"position\":2,\"name\":\"Export Award 2018: Das sind die drei Finalisten\"}]},{\"@type\":\"WebSite\",\"@id\":\"https:\\\/\\\/www.organisator.ch\\\/#website\",\"url\":\"https:\\\/\\\/www.organisator.ch\\\/\",\"name\":\"Organisator\",\"description\":\"Kompetent. Praxisnah. Der ORGANISATOR bereitet in 10 Ausgaben pro Jahr die wesentlichen Themen f\u00fcr F\u00fchrungskr\u00e4fte von KMU auf.\",\"publisher\":{\"@id\":\"https:\\\/\\\/www.organisator.ch\\\/#organization\"},\"potentialAction\":[{\"@type\":\"SearchAction\",\"target\":{\"@type\":\"EntryPoint\",\"urlTemplate\":\"https:\\\/\\\/www.organisator.ch\\\/?s={search_term_string}\"},\"query-input\":{\"@type\":\"PropertyValueSpecification\",\"valueRequired\":true,\"valueName\":\"search_term_string\"}}],\"inLanguage\":\"en-US\"},{\"@type\":\"Organization\",\"@id\":\"https:\\\/\\\/www.organisator.ch\\\/#organization\",\"name\":\"Organisator\",\"url\":\"https:\\\/\\\/www.organisator.ch\\\/\",\"logo\":{\"@type\":\"ImageObject\",\"inLanguage\":\"en-US\",\"@id\":\"https:\\\/\\\/www.organisator.ch\\\/#\\\/schema\\\/logo\\\/image\\\/\",\"url\":\"https:\\\/\\\/www.organisator.ch\\\/wp-content\\\/uploads\\\/2022\\\/01\\\/Logo_Organisator_Website.png\",\"contentUrl\":\"https:\\\/\\\/www.organisator.ch\\\/wp-content\\\/uploads\\\/2022\\\/01\\\/Logo_Organisator_Website.png\",\"width\":800,\"height\":77,\"caption\":\"Organisator\"},\"image\":{\"@id\":\"https:\\\/\\\/www.organisator.ch\\\/#\\\/schema\\\/logo\\\/image\\\/\"},\"sameAs\":[\"https:\\\/\\\/www.facebook.com\\\/OrganisatorFachmagazin\",\"https:\\\/\\\/www.linkedin.com\\\/showcase\\\/organisator-das-magazin-fr-kmu\",\"https:\\\/\\\/www.xing.com\\\/news\\\/pages\\\/organisator-ch-695\",\"https:\\\/\\\/www.youtube.com\\\/channel\\\/UCGP2Sq0iWaZwT3BdIAQFYpw\"]},{\"@type\":\"Person\",\"@id\":\"https:\\\/\\\/www.organisator.ch\\\/#\\\/schema\\\/person\\\/6f650f90b2842cd4c0cc334b4e36f67e\",\"name\":\"thomas.berner\",\"image\":{\"@type\":\"ImageObject\",\"inLanguage\":\"en-US\",\"@id\":\"https:\\\/\\\/secure.gravatar.com\\\/avatar\\\/ac5001d2a36cb6c6cd3e50789007ffca834b477b74a2144564522e944eabff61?s=96&d=mm&r=g\",\"url\":\"https:\\\/\\\/secure.gravatar.com\\\/avatar\\\/ac5001d2a36cb6c6cd3e50789007ffca834b477b74a2144564522e944eabff61?s=96&d=mm&r=g\",\"contentUrl\":\"https:\\\/\\\/secure.gravatar.com\\\/avatar\\\/ac5001d2a36cb6c6cd3e50789007ffca834b477b74a2144564522e944eabff61?s=96&d=mm&r=g\",\"caption\":\"thomas.berner\"},\"url\":\"https:\\\/\\\/www.organisator.ch\\\/en\\\/author\\\/thomas-berner\\\/\"}]}<\/script>\n<!-- \/ Yoast SEO plugin. -->","yoast_head_json":{"title":"Export Award 2018: These are the three finalists - Organizer","description":"The finalists for the 2018 Switzerland Global Enterprise (S-GE) Export Award demonstrate how small and medium-sized enterprises can seize the opportunities of globalization for themselves and smoothly manage increasing protectionism.","robots":{"index":"index","follow":"follow","max-snippet":"max-snippet:-1","max-image-preview":"max-image-preview:large","max-video-preview":"max-video-preview:-1"},"canonical":"https:\/\/www.organisator.ch\/en\/general\/2018-03-29\/export-award-2018-das-sind-die-drei-finalisten\/","og_locale":"en_US","og_type":"article","og_title":"Export Award 2018: Das sind die drei Finalisten","og_description":"Die Finalisten f\u00fcr den #Export Award 2018 von Switzerland Global Enterprise (#S-GE) zeigen auf, wie kleine und mittlere Unternehmen die Chancen der #Globalisierung f\u00fcr sich nutzen und den zunehmenden Protektionismus reibungslos h\u00e4ndeln k\u00f6nnen.","og_url":"https:\/\/www.organisator.ch\/en\/general\/2018-03-29\/export-award-2018-das-sind-die-drei-finalisten\/","og_site_name":"Organisator","article_publisher":"https:\/\/www.facebook.com\/OrganisatorFachmagazin","article_published_time":"2018-03-29T08:15:47+00:00","og_image":[{"width":640,"height":427,"url":"https:\/\/www.organisator.ch\/wp-content\/uploads\/2018\/03\/Export-Award-2018-Das-sind-die-drei-Finalisten-1_Organisator.jpg","type":"image\/jpeg"}],"author":"thomas.berner","twitter_card":"summary_large_image","twitter_title":"#ExportAward 2018: Das sind die drei Finalisten","twitter_description":"Die Finalisten f\u00fcr den #Export Award 2018 von Switzerland Global Enterprise (#S-GE) zeigen auf, wie kleine und mittlere Unternehmen die Chancen der #Globalisierung f\u00fcr sich nutzen und den zunehmenden Protektionismus reibungslos h\u00e4ndeln k\u00f6nnen.","twitter_image":"https:\/\/www.organisator.ch\/wp-content\/uploads\/2018\/03\/Export-Award-2018-Das-sind-die-drei-Finalisten-1_Organisator.jpg","schema":{"@context":"https:\/\/schema.org","@graph":[{"@type":"Article","@id":"https:\/\/www.organisator.ch\/en\/general\/2018-03-29\/export-award-2018-das-sind-die-drei-finalisten\/#article","isPartOf":{"@id":"https:\/\/www.organisator.ch\/en\/general\/2018-03-29\/export-award-2018-das-sind-die-drei-finalisten\/"},"author":{"name":"thomas.berner","@id":"https:\/\/www.organisator.ch\/#\/schema\/person\/6f650f90b2842cd4c0cc334b4e36f67e"},"headline":"Export Award 2018: Das sind die drei Finalisten","datePublished":"2018-03-29T08:15:47+00:00","mainEntityOfPage":{"@id":"https:\/\/www.organisator.ch\/en\/general\/2018-03-29\/export-award-2018-das-sind-die-drei-finalisten\/"},"wordCount":672,"commentCount":1,"publisher":{"@id":"https:\/\/www.organisator.ch\/#organization"},"image":{"@id":"https:\/\/www.organisator.ch\/en\/general\/2018-03-29\/export-award-2018-das-sind-die-drei-finalisten\/#primaryimage"},"thumbnailUrl":"https:\/\/www.organisator.ch\/wp-content\/uploads\/2018\/03\/Export-Award-2018-Das-sind-die-drei-Finalisten-1_Organisator.jpg","keywords":["Awards","Export","Unternehmen","Veranstaltungen"],"articleSection":["Allgemein"],"inLanguage":"en-US"},{"@type":"WebPage","@id":"https:\/\/www.organisator.ch\/en\/general\/2018-03-29\/export-award-2018-das-sind-die-drei-finalisten\/","url":"https:\/\/www.organisator.ch\/en\/general\/2018-03-29\/export-award-2018-das-sind-die-drei-finalisten\/","name":"Export Award 2018: These are the three finalists - Organizer","isPartOf":{"@id":"https:\/\/www.organisator.ch\/#website"},"primaryImageOfPage":{"@id":"https:\/\/www.organisator.ch\/en\/general\/2018-03-29\/export-award-2018-das-sind-die-drei-finalisten\/#primaryimage"},"image":{"@id":"https:\/\/www.organisator.ch\/en\/general\/2018-03-29\/export-award-2018-das-sind-die-drei-finalisten\/#primaryimage"},"thumbnailUrl":"https:\/\/www.organisator.ch\/wp-content\/uploads\/2018\/03\/Export-Award-2018-Das-sind-die-drei-Finalisten-1_Organisator.jpg","datePublished":"2018-03-29T08:15:47+00:00","description":"The finalists for the 2018 Switzerland Global Enterprise (S-GE) Export Award demonstrate how small and medium-sized enterprises can seize the opportunities of globalization for themselves and smoothly manage increasing protectionism.","breadcrumb":{"@id":"https:\/\/www.organisator.ch\/en\/general\/2018-03-29\/export-award-2018-das-sind-die-drei-finalisten\/#breadcrumb"},"inLanguage":"en-US","potentialAction":[{"@type":"ReadAction","target":["https:\/\/www.organisator.ch\/en\/general\/2018-03-29\/export-award-2018-das-sind-die-drei-finalisten\/"]}]},{"@type":"ImageObject","inLanguage":"en-US","@id":"https:\/\/www.organisator.ch\/en\/general\/2018-03-29\/export-award-2018-das-sind-die-drei-finalisten\/#primaryimage","url":"https:\/\/www.organisator.ch\/wp-content\/uploads\/2018\/03\/Export-Award-2018-Das-sind-die-drei-Finalisten-1_Organisator.jpg","contentUrl":"https:\/\/www.organisator.ch\/wp-content\/uploads\/2018\/03\/Export-Award-2018-Das-sind-die-drei-Finalisten-1_Organisator.jpg","width":640,"height":427,"caption":"Die Firma Regloplas gewann im letzten Jahr die Troph\u00e4e. Wer gewinnt den Export Award 2018? (Bild: S-GE)"},{"@type":"BreadcrumbList","@id":"https:\/\/www.organisator.ch\/en\/general\/2018-03-29\/export-award-2018-das-sind-die-drei-finalisten\/#breadcrumb","itemListElement":[{"@type":"ListItem","position":1,"name":"Home","item":"https:\/\/www.organisator.ch\/"},{"@type":"ListItem","position":2,"name":"Export Award 2018: Das sind die drei Finalisten"}]},{"@type":"WebSite","@id":"https:\/\/www.organisator.ch\/#website","url":"https:\/\/www.organisator.ch\/","name":"Organizer","description":"Competent. Practical. In 10 issues per year, ORGANISATOR presents the essential topics for managers of SMEs.","publisher":{"@id":"https:\/\/www.organisator.ch\/#organization"},"potentialAction":[{"@type":"SearchAction","target":{"@type":"EntryPoint","urlTemplate":"https:\/\/www.organisator.ch\/?s={search_term_string}"},"query-input":{"@type":"PropertyValueSpecification","valueRequired":true,"valueName":"search_term_string"}}],"inLanguage":"en-US"},{"@type":"Organization","@id":"https:\/\/www.organisator.ch\/#organization","name":"Organizer","url":"https:\/\/www.organisator.ch\/","logo":{"@type":"ImageObject","inLanguage":"en-US","@id":"https:\/\/www.organisator.ch\/#\/schema\/logo\/image\/","url":"https:\/\/www.organisator.ch\/wp-content\/uploads\/2022\/01\/Logo_Organisator_Website.png","contentUrl":"https:\/\/www.organisator.ch\/wp-content\/uploads\/2022\/01\/Logo_Organisator_Website.png","width":800,"height":77,"caption":"Organisator"},"image":{"@id":"https:\/\/www.organisator.ch\/#\/schema\/logo\/image\/"},"sameAs":["https:\/\/www.facebook.com\/OrganisatorFachmagazin","https:\/\/www.linkedin.com\/showcase\/organisator-das-magazin-fr-kmu","https:\/\/www.xing.com\/news\/pages\/organisator-ch-695","https:\/\/www.youtube.com\/channel\/UCGP2Sq0iWaZwT3BdIAQFYpw"]},{"@type":"Person","@id":"https:\/\/www.organisator.ch\/#\/schema\/person\/6f650f90b2842cd4c0cc334b4e36f67e","name":"thomas.berner","image":{"@type":"ImageObject","inLanguage":"en-US","@id":"https:\/\/secure.gravatar.com\/avatar\/ac5001d2a36cb6c6cd3e50789007ffca834b477b74a2144564522e944eabff61?s=96&d=mm&r=g","url":"https:\/\/secure.gravatar.com\/avatar\/ac5001d2a36cb6c6cd3e50789007ffca834b477b74a2144564522e944eabff61?s=96&d=mm&r=g","contentUrl":"https:\/\/secure.gravatar.com\/avatar\/ac5001d2a36cb6c6cd3e50789007ffca834b477b74a2144564522e944eabff61?s=96&d=mm&r=g","caption":"thomas.berner"},"url":"https:\/\/www.organisator.ch\/en\/author\/thomas-berner\/"}]}},"_links":{"self":[{"href":"https:\/\/www.organisator.ch\/en\/wp-json\/wp\/v2\/posts\/3373","targetHints":{"allow":["GET"]}}],"collection":[{"href":"https:\/\/www.organisator.ch\/en\/wp-json\/wp\/v2\/posts"}],"about":[{"href":"https:\/\/www.organisator.ch\/en\/wp-json\/wp\/v2\/types\/post"}],"author":[{"embeddable":true,"href":"https:\/\/www.organisator.ch\/en\/wp-json\/wp\/v2\/users\/4"}],"replies":[{"embeddable":true,"href":"https:\/\/www.organisator.ch\/en\/wp-json\/wp\/v2\/comments?post=3373"}],"version-history":[{"count":0,"href":"https:\/\/www.organisator.ch\/en\/wp-json\/wp\/v2\/posts\/3373\/revisions"}],"wp:featuredmedia":[{"embeddable":true,"href":"https:\/\/www.organisator.ch\/en\/wp-json\/wp\/v2\/media\/3374"}],"wp:attachment":[{"href":"https:\/\/www.organisator.ch\/en\/wp-json\/wp\/v2\/media?parent=3373"}],"wp:term":[{"taxonomy":"category","embeddable":true,"href":"https:\/\/www.organisator.ch\/en\/wp-json\/wp\/v2\/categories?post=3373"},{"taxonomy":"post_tag","embeddable":true,"href":"https:\/\/www.organisator.ch\/en\/wp-json\/wp\/v2\/tags?post=3373"}],"curies":[{"name":"wp","href":"https:\/\/api.w.org\/{rel}","templated":true}]}}