{"id":3381,"date":"2020-09-28T15:37:56","date_gmt":"2020-09-28T13:37:56","guid":{"rendered":"https:\/\/www.umweltperspektiven.ch\/?p=3381"},"modified":"2022-02-09T11:06:48","modified_gmt":"2022-02-09T10:06:48","slug":"wirksamere-ueberwachung-der-luftqualitaet-neue-nabel-station-in-duebendorf","status":"publish","type":"post","link":"https:\/\/www.organisator.ch\/en\/sustainability\/2020-09-28\/wirksamere-ueberwachung-der-luftqualitaet-neue-nabel-station-in-duebendorf\/","title":{"rendered":"More effective air quality monitoring: New NABEL station in D\u00fcbendorf"},"content":{"rendered":"<figure id=\"attachment_3382\" aria-describedby=\"caption-attachment-3382\" style=\"width: 680px\" class=\"wp-caption alignnone\"><img loading=\"lazy\" decoding=\"async\" class=\"wp-image-3382 size-medium\" src=\"\/\/www.umweltperspektiven.ch\/wp-content\/uploads\/2020\/09\/empa1.jpg\" alt=\"\" width=\"680\" height=\"510\" \/><figcaption id=\"caption-attachment-3382\" class=\"wp-caption-text\">The new NABEL station in D\u00fcbendorf. These two partners, the Federal Office for the Environment (FOEN) and Empa, inaugurated it on September 23, 2020. (Image: FOEN)<\/figcaption><\/figure>\n<p>The new NABEL station represents a new type of measuring station. The historic D\u00fcbendorf measuring station, which had been in operation on the site of the Research Institute of Materials Science and Technology Development (Empa) since 1980, had to make way for a modern station on the site of the Eawag water research institute. The aim is to continue to have reliable data available in the future and to obtain a complete overview of air quality in Switzerland. These measurement data are a basic prerequisite for assessing whether measures are actually reducing emissions.<\/p>\n<p><b>Air quality: Better, but not yet good enough<\/b><\/p>\n<p>Although air pollution has decreased markedly in recent years, limit values are still being exceeded in some cases, as the recently published NABEL Annual Report 2019 shows (see box). Reducing ozone concentrations in summer and particulate matter in winter, as well as nitrogen compounds - especially ammonia - therefore remains a challenge.<\/p>\n<p>The new NABEL station D\u00fcbendorf is located in the Glatt valley between D\u00fcbendorf and Wallisellen and represents the site type \"suburbs or smaller cities\". The area surrounding D\u00fcbendorf is densely populated, has a lot of commercial activity and is crossed by a network of busy roads and railroad lines. The measuring station is used for Empa's research activities on air quality issues. Thanks to a porthole, this measuring station is the only one in Switzerland that also allows the public to look inside.<\/p>\n<p><b>New research areas, consolidated collaboration<\/b><\/p>\n<p>The early identification of new problems and needs in air pollution control is an important joint task of the FOEN and Empa. For example, mobility habits are constantly evolving. This influences air quality, and new questions and research areas emerge.<\/p>\n<p>On the technical side, the aim is to test metrological developments for the most efficient and meaningful determination of air pollutants. Here, for example, state-of-the-art laser spectrometers are used, or miniaturized and cost-effective instruments for flexible and spatially condensed measurements are tested. Newly emerging research questions concern the area of pollutants for which there are no legal immission limits, or the atmospheric dispersion of microplastics.<\/p>\n<p>With the new NABEL measuring station in D\u00fcbendorf, air quality monitoring keeps pace with technological developments to protect the population. (Source: FOEN)<\/p>\n<p>&nbsp;<\/p>\n<p class=\"nsbtextkasten\"><em><b>The NABEL Annual Report 2019<\/b><\/em><br \/>\n<em>Since the end of the 1980s, the concentrations of particulate matter and heavy metals contained therein have decreased significantly. The just published NABEL annual report 2019 shows a decrease in air pollution for all pollutants. Today, for example, there is about fifty times less lead in particulate matter than thirty years ago, and pollution with other heavy metals is also declining. The air has therefore become cleaner - but not yet for all pollutants.<\/em><br \/>\n<em>For ozone, for example, the limit values were exceeded at all NABEL stations in 2019. For respirable particulate matter (PM10 and PM2.5) and nitrogen dioxide, the immission limits were exceeded in some cases directly on busy roads. At all NABEL stations, the limit values for other air pollutants such as sulfur dioxide or carbon monoxide were complied with.<\/em><br \/>\n<em>These measurements confirm that further measures are needed to reduce pollutant emissions. In particular, emissions of ammonia, nitrogen oxides, volatile organic compounds, respirable particulate matter and carcinogenic substances (e.g. diesel soot or benzene) must be further reduced. In doing so, the technical possibilities for reducing emissions from all sources are to be exhausted.<\/em><\/p>\n<p class=\"nsbtextkasten\"><em><b>NABEL - National Air Pollutant Monitoring Network<\/b><\/em><br \/>\n<em>The NABEL (National Air Pollution Monitoring Network) with its 16 measuring stations, operated by FOEN and Empa, serves to survey the status and development of air pollution throughout Switzerland. The measurements of NABEL cover the most important air pollutants that can harm human health or the environment, whether they are in gaseous or particulate form or contained in precipitation. Primarily, those air pollutants are measured which are regulated in the Swiss Air Pollution Control Ordinance or which have to be collected within the framework of international air pollution control agreements (e.g. nitrogen dioxide, ozone, particulate matter, ammonia, etc.).<\/em><\/p>","protected":false},"excerpt":{"rendered":"<p>Die neue NABEL-Station repr\u00e4sentiert einen neuen Typ einer Messstation. Die historische Messstation D\u00fcbendorf, die auf dem Areal des Forschungsinstituts f\u00fcr Materialwissenschaften und Technologieentwicklung (Empa) seit 1980 in Betrieb war, musste einer modernen Station auf dem Gel\u00e4nde des Wasserforschungsinstituts Eawag weichen. Das Ziel ist, auch in Zukunft verl\u00e4ssliche Daten zur Verf\u00fcgung zu haben und einen vollst\u00e4ndigen [&hellip;]<\/p>\n","protected":false},"author":5,"featured_media":3382,"comment_status":"closed","ping_status":"closed","sticky":false,"template":"","format":"standard","meta":{"_acf_changed":false,"_yoast_wpseo_focuskw":"NABEL","_yoast_wpseo_metadesc":"Der Bund hat sein Messnetz NABEL (Nationales Beobachtungsnetz f\u00fcr Luftfremdstoffe) um eine neue Station in D\u00fcbendorf (ZH) erg\u00e4nzt.","articlekey":"","footnotes":""},"categories":[580],"tags":[762,1052,1649,1826,424],"class_list":["post-3381","post","type-post","status-publish","format-standard","has-post-thumbnail","hentry","category-sustainability","tag-bafu","tag-empa","tag-luftqualitaet","tag-neue-messstation","tag-schweiz"],"acf":[],"yoast_head":"<!-- This site is optimized with the Yoast SEO plugin v27.4 - https:\/\/yoast.com\/product\/yoast-seo-wordpress\/ -->\n<title>Wirksamere \u00dcberwachung der Luftqualit\u00e4t: Neue NABEL-Station in D\u00fcbendorf - Organisator<\/title>\n<meta name=\"description\" content=\"Der Bund hat sein Messnetz NABEL (Nationales Beobachtungsnetz f\u00fcr Luftfremdstoffe) um eine neue Station in D\u00fcbendorf (ZH) erg\u00e4nzt.\" \/>\n<meta name=\"robots\" content=\"index, follow, max-snippet:-1, max-image-preview:large, max-video-preview:-1\" \/>\n<link rel=\"canonical\" href=\"https:\/\/www.organisator.ch\/en\/sustainability\/2020-09-28\/wirksamere-ueberwachung-der-luftqualitaet-neue-nabel-station-in-duebendorf\/\" \/>\n<meta property=\"og:locale\" content=\"en_US\" \/>\n<meta property=\"og:type\" content=\"article\" \/>\n<meta property=\"og:title\" content=\"Wirksamere \u00dcberwachung der Luftqualit\u00e4t: Neue NABEL-Station in D\u00fcbendorf - Organisator\" \/>\n<meta property=\"og:description\" content=\"Der Bund hat sein Messnetz NABEL (Nationales Beobachtungsnetz f\u00fcr Luftfremdstoffe) um eine neue Station in D\u00fcbendorf (ZH) erg\u00e4nzt.\" \/>\n<meta property=\"og:url\" content=\"https:\/\/www.organisator.ch\/en\/sustainability\/2020-09-28\/wirksamere-ueberwachung-der-luftqualitaet-neue-nabel-station-in-duebendorf\/\" \/>\n<meta property=\"og:site_name\" content=\"Organisator\" \/>\n<meta property=\"article:publisher\" content=\"https:\/\/www.facebook.com\/OrganisatorFachmagazin\" \/>\n<meta property=\"article:published_time\" content=\"2020-09-28T13:37:56+00:00\" \/>\n<meta property=\"article:modified_time\" content=\"2022-02-09T10:06:48+00:00\" \/>\n<meta property=\"og:image\" content=\"https:\/\/www.organisator.ch\/wp-content\/uploads\/2020\/09\/empa1-scaled.jpg\" \/>\n\t<meta property=\"og:image:width\" content=\"2560\" \/>\n\t<meta property=\"og:image:height\" content=\"1920\" \/>\n\t<meta property=\"og:image:type\" content=\"image\/jpeg\" \/>\n<meta name=\"author\" content=\"michael.merz\" \/>\n<meta name=\"twitter:card\" content=\"summary_large_image\" \/>\n<script type=\"application\/ld+json\" class=\"yoast-schema-graph\">{\"@context\":\"https:\\\/\\\/schema.org\",\"@graph\":[{\"@type\":\"Article\",\"@id\":\"https:\\\/\\\/www.organisator.ch\\\/sustainability\\\/2020-09-28\\\/wirksamere-ueberwachung-der-luftqualitaet-neue-nabel-station-in-duebendorf\\\/#article\",\"isPartOf\":{\"@id\":\"https:\\\/\\\/www.organisator.ch\\\/sustainability\\\/2020-09-28\\\/wirksamere-ueberwachung-der-luftqualitaet-neue-nabel-station-in-duebendorf\\\/\"},\"author\":{\"name\":\"michael.merz\",\"@id\":\"https:\\\/\\\/www.organisator.ch\\\/#\\\/schema\\\/person\\\/134708ca9321c57b0362cceb7948ffbd\"},\"headline\":\"Wirksamere \u00dcberwachung der Luftqualit\u00e4t: Neue NABEL-Station in D\u00fcbendorf\",\"datePublished\":\"2020-09-28T13:37:56+00:00\",\"dateModified\":\"2022-02-09T10:06:48+00:00\",\"mainEntityOfPage\":{\"@id\":\"https:\\\/\\\/www.organisator.ch\\\/sustainability\\\/2020-09-28\\\/wirksamere-ueberwachung-der-luftqualitaet-neue-nabel-station-in-duebendorf\\\/\"},\"wordCount\":673,\"publisher\":{\"@id\":\"https:\\\/\\\/www.organisator.ch\\\/#organization\"},\"image\":{\"@id\":\"https:\\\/\\\/www.organisator.ch\\\/sustainability\\\/2020-09-28\\\/wirksamere-ueberwachung-der-luftqualitaet-neue-nabel-station-in-duebendorf\\\/#primaryimage\"},\"thumbnailUrl\":\"https:\\\/\\\/www.organisator.ch\\\/wp-content\\\/uploads\\\/2020\\\/09\\\/empa1-scaled.jpg\",\"keywords\":[\"BAFU\",\"Empa\",\"Luftqualit\u00e4t\",\"neue Messstation\",\"Schweiz\"],\"articleSection\":[\"SUSTAINABILITY\"],\"inLanguage\":\"en-US\"},{\"@type\":\"WebPage\",\"@id\":\"https:\\\/\\\/www.organisator.ch\\\/sustainability\\\/2020-09-28\\\/wirksamere-ueberwachung-der-luftqualitaet-neue-nabel-station-in-duebendorf\\\/\",\"url\":\"https:\\\/\\\/www.organisator.ch\\\/sustainability\\\/2020-09-28\\\/wirksamere-ueberwachung-der-luftqualitaet-neue-nabel-station-in-duebendorf\\\/\",\"name\":\"Wirksamere \u00dcberwachung der Luftqualit\u00e4t: Neue NABEL-Station in D\u00fcbendorf - Organisator\",\"isPartOf\":{\"@id\":\"https:\\\/\\\/www.organisator.ch\\\/#website\"},\"primaryImageOfPage\":{\"@id\":\"https:\\\/\\\/www.organisator.ch\\\/sustainability\\\/2020-09-28\\\/wirksamere-ueberwachung-der-luftqualitaet-neue-nabel-station-in-duebendorf\\\/#primaryimage\"},\"image\":{\"@id\":\"https:\\\/\\\/www.organisator.ch\\\/sustainability\\\/2020-09-28\\\/wirksamere-ueberwachung-der-luftqualitaet-neue-nabel-station-in-duebendorf\\\/#primaryimage\"},\"thumbnailUrl\":\"https:\\\/\\\/www.organisator.ch\\\/wp-content\\\/uploads\\\/2020\\\/09\\\/empa1-scaled.jpg\",\"datePublished\":\"2020-09-28T13:37:56+00:00\",\"dateModified\":\"2022-02-09T10:06:48+00:00\",\"description\":\"Der Bund hat sein Messnetz NABEL (Nationales Beobachtungsnetz f\u00fcr Luftfremdstoffe) um eine neue Station in D\u00fcbendorf (ZH) erg\u00e4nzt.\",\"breadcrumb\":{\"@id\":\"https:\\\/\\\/www.organisator.ch\\\/sustainability\\\/2020-09-28\\\/wirksamere-ueberwachung-der-luftqualitaet-neue-nabel-station-in-duebendorf\\\/#breadcrumb\"},\"inLanguage\":\"en-US\",\"potentialAction\":[{\"@type\":\"ReadAction\",\"target\":[\"https:\\\/\\\/www.organisator.ch\\\/sustainability\\\/2020-09-28\\\/wirksamere-ueberwachung-der-luftqualitaet-neue-nabel-station-in-duebendorf\\\/\"]}]},{\"@type\":\"ImageObject\",\"inLanguage\":\"en-US\",\"@id\":\"https:\\\/\\\/www.organisator.ch\\\/sustainability\\\/2020-09-28\\\/wirksamere-ueberwachung-der-luftqualitaet-neue-nabel-station-in-duebendorf\\\/#primaryimage\",\"url\":\"https:\\\/\\\/www.organisator.ch\\\/wp-content\\\/uploads\\\/2020\\\/09\\\/empa1-scaled.jpg\",\"contentUrl\":\"https:\\\/\\\/www.organisator.ch\\\/wp-content\\\/uploads\\\/2020\\\/09\\\/empa1-scaled.jpg\",\"width\":2560,\"height\":1920},{\"@type\":\"BreadcrumbList\",\"@id\":\"https:\\\/\\\/www.organisator.ch\\\/sustainability\\\/2020-09-28\\\/wirksamere-ueberwachung-der-luftqualitaet-neue-nabel-station-in-duebendorf\\\/#breadcrumb\",\"itemListElement\":[{\"@type\":\"ListItem\",\"position\":1,\"name\":\"Home\",\"item\":\"https:\\\/\\\/www.organisator.ch\\\/\"},{\"@type\":\"ListItem\",\"position\":2,\"name\":\"Wirksamere \u00dcberwachung der Luftqualit\u00e4t: Neue NABEL-Station in D\u00fcbendorf\"}]},{\"@type\":\"WebSite\",\"@id\":\"https:\\\/\\\/www.organisator.ch\\\/#website\",\"url\":\"https:\\\/\\\/www.organisator.ch\\\/\",\"name\":\"Organisator\",\"description\":\"Kompetent. Praxisnah. Der ORGANISATOR bereitet in 10 Ausgaben pro Jahr die wesentlichen Themen f\u00fcr F\u00fchrungskr\u00e4fte von KMU auf.\",\"publisher\":{\"@id\":\"https:\\\/\\\/www.organisator.ch\\\/#organization\"},\"potentialAction\":[{\"@type\":\"SearchAction\",\"target\":{\"@type\":\"EntryPoint\",\"urlTemplate\":\"https:\\\/\\\/www.organisator.ch\\\/?s={search_term_string}\"},\"query-input\":{\"@type\":\"PropertyValueSpecification\",\"valueRequired\":true,\"valueName\":\"search_term_string\"}}],\"inLanguage\":\"en-US\"},{\"@type\":\"Organization\",\"@id\":\"https:\\\/\\\/www.organisator.ch\\\/#organization\",\"name\":\"Organisator\",\"url\":\"https:\\\/\\\/www.organisator.ch\\\/\",\"logo\":{\"@type\":\"ImageObject\",\"inLanguage\":\"en-US\",\"@id\":\"https:\\\/\\\/www.organisator.ch\\\/#\\\/schema\\\/logo\\\/image\\\/\",\"url\":\"https:\\\/\\\/www.organisator.ch\\\/wp-content\\\/uploads\\\/2022\\\/01\\\/Logo_Organisator_Website.png\",\"contentUrl\":\"https:\\\/\\\/www.organisator.ch\\\/wp-content\\\/uploads\\\/2022\\\/01\\\/Logo_Organisator_Website.png\",\"width\":800,\"height\":77,\"caption\":\"Organisator\"},\"image\":{\"@id\":\"https:\\\/\\\/www.organisator.ch\\\/#\\\/schema\\\/logo\\\/image\\\/\"},\"sameAs\":[\"https:\\\/\\\/www.facebook.com\\\/OrganisatorFachmagazin\",\"https:\\\/\\\/www.linkedin.com\\\/showcase\\\/organisator-das-magazin-fr-kmu\",\"https:\\\/\\\/www.xing.com\\\/news\\\/pages\\\/organisator-ch-695\",\"https:\\\/\\\/www.youtube.com\\\/channel\\\/UCGP2Sq0iWaZwT3BdIAQFYpw\"]},{\"@type\":\"Person\",\"@id\":\"https:\\\/\\\/www.organisator.ch\\\/#\\\/schema\\\/person\\\/134708ca9321c57b0362cceb7948ffbd\",\"name\":\"michael.merz\",\"image\":{\"@type\":\"ImageObject\",\"inLanguage\":\"en-US\",\"@id\":\"https:\\\/\\\/secure.gravatar.com\\\/avatar\\\/?s=96&d=mm&r=g\",\"url\":\"https:\\\/\\\/secure.gravatar.com\\\/avatar\\\/?s=96&d=mm&r=g\",\"contentUrl\":\"https:\\\/\\\/secure.gravatar.com\\\/avatar\\\/?s=96&d=mm&r=g\",\"caption\":\"michael.merz\"},\"url\":\"https:\\\/\\\/www.organisator.ch\\\/en\\\/author\\\/michael-merz\\\/\"}]}<\/script>\n<!-- \/ Yoast SEO plugin. -->","yoast_head_json":{"title":"More effective air quality monitoring: New NABEL station in D\u00fcbendorf - Organizer","description":"The federal government has added a new station in D\u00fcbendorf (ZH) to its NABEL (National Air Pollution Monitoring Network) monitoring network.","robots":{"index":"index","follow":"follow","max-snippet":"max-snippet:-1","max-image-preview":"max-image-preview:large","max-video-preview":"max-video-preview:-1"},"canonical":"https:\/\/www.organisator.ch\/en\/sustainability\/2020-09-28\/wirksamere-ueberwachung-der-luftqualitaet-neue-nabel-station-in-duebendorf\/","og_locale":"en_US","og_type":"article","og_title":"Wirksamere \u00dcberwachung der Luftqualit\u00e4t: Neue NABEL-Station in D\u00fcbendorf - Organisator","og_description":"Der Bund hat sein Messnetz NABEL (Nationales Beobachtungsnetz f\u00fcr Luftfremdstoffe) um eine neue Station in D\u00fcbendorf (ZH) erg\u00e4nzt.","og_url":"https:\/\/www.organisator.ch\/en\/sustainability\/2020-09-28\/wirksamere-ueberwachung-der-luftqualitaet-neue-nabel-station-in-duebendorf\/","og_site_name":"Organisator","article_publisher":"https:\/\/www.facebook.com\/OrganisatorFachmagazin","article_published_time":"2020-09-28T13:37:56+00:00","article_modified_time":"2022-02-09T10:06:48+00:00","og_image":[{"width":2560,"height":1920,"url":"https:\/\/www.organisator.ch\/wp-content\/uploads\/2020\/09\/empa1-scaled.jpg","type":"image\/jpeg"}],"author":"michael.merz","twitter_card":"summary_large_image","schema":{"@context":"https:\/\/schema.org","@graph":[{"@type":"Article","@id":"https:\/\/www.organisator.ch\/sustainability\/2020-09-28\/wirksamere-ueberwachung-der-luftqualitaet-neue-nabel-station-in-duebendorf\/#article","isPartOf":{"@id":"https:\/\/www.organisator.ch\/sustainability\/2020-09-28\/wirksamere-ueberwachung-der-luftqualitaet-neue-nabel-station-in-duebendorf\/"},"author":{"name":"michael.merz","@id":"https:\/\/www.organisator.ch\/#\/schema\/person\/134708ca9321c57b0362cceb7948ffbd"},"headline":"Wirksamere \u00dcberwachung der Luftqualit\u00e4t: Neue NABEL-Station in D\u00fcbendorf","datePublished":"2020-09-28T13:37:56+00:00","dateModified":"2022-02-09T10:06:48+00:00","mainEntityOfPage":{"@id":"https:\/\/www.organisator.ch\/sustainability\/2020-09-28\/wirksamere-ueberwachung-der-luftqualitaet-neue-nabel-station-in-duebendorf\/"},"wordCount":673,"publisher":{"@id":"https:\/\/www.organisator.ch\/#organization"},"image":{"@id":"https:\/\/www.organisator.ch\/sustainability\/2020-09-28\/wirksamere-ueberwachung-der-luftqualitaet-neue-nabel-station-in-duebendorf\/#primaryimage"},"thumbnailUrl":"https:\/\/www.organisator.ch\/wp-content\/uploads\/2020\/09\/empa1-scaled.jpg","keywords":["BAFU","Empa","Luftqualit\u00e4t","neue Messstation","Schweiz"],"articleSection":["SUSTAINABILITY"],"inLanguage":"en-US"},{"@type":"WebPage","@id":"https:\/\/www.organisator.ch\/sustainability\/2020-09-28\/wirksamere-ueberwachung-der-luftqualitaet-neue-nabel-station-in-duebendorf\/","url":"https:\/\/www.organisator.ch\/sustainability\/2020-09-28\/wirksamere-ueberwachung-der-luftqualitaet-neue-nabel-station-in-duebendorf\/","name":"More effective air quality monitoring: New NABEL station in D\u00fcbendorf - Organizer","isPartOf":{"@id":"https:\/\/www.organisator.ch\/#website"},"primaryImageOfPage":{"@id":"https:\/\/www.organisator.ch\/sustainability\/2020-09-28\/wirksamere-ueberwachung-der-luftqualitaet-neue-nabel-station-in-duebendorf\/#primaryimage"},"image":{"@id":"https:\/\/www.organisator.ch\/sustainability\/2020-09-28\/wirksamere-ueberwachung-der-luftqualitaet-neue-nabel-station-in-duebendorf\/#primaryimage"},"thumbnailUrl":"https:\/\/www.organisator.ch\/wp-content\/uploads\/2020\/09\/empa1-scaled.jpg","datePublished":"2020-09-28T13:37:56+00:00","dateModified":"2022-02-09T10:06:48+00:00","description":"The federal government has added a new station in D\u00fcbendorf (ZH) to its NABEL (National Air Pollution Monitoring Network) monitoring network.","breadcrumb":{"@id":"https:\/\/www.organisator.ch\/sustainability\/2020-09-28\/wirksamere-ueberwachung-der-luftqualitaet-neue-nabel-station-in-duebendorf\/#breadcrumb"},"inLanguage":"en-US","potentialAction":[{"@type":"ReadAction","target":["https:\/\/www.organisator.ch\/sustainability\/2020-09-28\/wirksamere-ueberwachung-der-luftqualitaet-neue-nabel-station-in-duebendorf\/"]}]},{"@type":"ImageObject","inLanguage":"en-US","@id":"https:\/\/www.organisator.ch\/sustainability\/2020-09-28\/wirksamere-ueberwachung-der-luftqualitaet-neue-nabel-station-in-duebendorf\/#primaryimage","url":"https:\/\/www.organisator.ch\/wp-content\/uploads\/2020\/09\/empa1-scaled.jpg","contentUrl":"https:\/\/www.organisator.ch\/wp-content\/uploads\/2020\/09\/empa1-scaled.jpg","width":2560,"height":1920},{"@type":"BreadcrumbList","@id":"https:\/\/www.organisator.ch\/sustainability\/2020-09-28\/wirksamere-ueberwachung-der-luftqualitaet-neue-nabel-station-in-duebendorf\/#breadcrumb","itemListElement":[{"@type":"ListItem","position":1,"name":"Home","item":"https:\/\/www.organisator.ch\/"},{"@type":"ListItem","position":2,"name":"Wirksamere \u00dcberwachung der Luftqualit\u00e4t: Neue NABEL-Station in D\u00fcbendorf"}]},{"@type":"WebSite","@id":"https:\/\/www.organisator.ch\/#website","url":"https:\/\/www.organisator.ch\/","name":"Organizer","description":"Competent. Practical. In 10 issues per year, ORGANISATOR presents the essential topics for managers of SMEs.","publisher":{"@id":"https:\/\/www.organisator.ch\/#organization"},"potentialAction":[{"@type":"SearchAction","target":{"@type":"EntryPoint","urlTemplate":"https:\/\/www.organisator.ch\/?s={search_term_string}"},"query-input":{"@type":"PropertyValueSpecification","valueRequired":true,"valueName":"search_term_string"}}],"inLanguage":"en-US"},{"@type":"Organization","@id":"https:\/\/www.organisator.ch\/#organization","name":"Organizer","url":"https:\/\/www.organisator.ch\/","logo":{"@type":"ImageObject","inLanguage":"en-US","@id":"https:\/\/www.organisator.ch\/#\/schema\/logo\/image\/","url":"https:\/\/www.organisator.ch\/wp-content\/uploads\/2022\/01\/Logo_Organisator_Website.png","contentUrl":"https:\/\/www.organisator.ch\/wp-content\/uploads\/2022\/01\/Logo_Organisator_Website.png","width":800,"height":77,"caption":"Organisator"},"image":{"@id":"https:\/\/www.organisator.ch\/#\/schema\/logo\/image\/"},"sameAs":["https:\/\/www.facebook.com\/OrganisatorFachmagazin","https:\/\/www.linkedin.com\/showcase\/organisator-das-magazin-fr-kmu","https:\/\/www.xing.com\/news\/pages\/organisator-ch-695","https:\/\/www.youtube.com\/channel\/UCGP2Sq0iWaZwT3BdIAQFYpw"]},{"@type":"Person","@id":"https:\/\/www.organisator.ch\/#\/schema\/person\/134708ca9321c57b0362cceb7948ffbd","name":"michael.merz","image":{"@type":"ImageObject","inLanguage":"en-US","@id":"https:\/\/secure.gravatar.com\/avatar\/?s=96&d=mm&r=g","url":"https:\/\/secure.gravatar.com\/avatar\/?s=96&d=mm&r=g","contentUrl":"https:\/\/secure.gravatar.com\/avatar\/?s=96&d=mm&r=g","caption":"michael.merz"},"url":"https:\/\/www.organisator.ch\/en\/author\/michael-merz\/"}]}},"_links":{"self":[{"href":"https:\/\/www.organisator.ch\/en\/wp-json\/wp\/v2\/posts\/3381","targetHints":{"allow":["GET"]}}],"collection":[{"href":"https:\/\/www.organisator.ch\/en\/wp-json\/wp\/v2\/posts"}],"about":[{"href":"https:\/\/www.organisator.ch\/en\/wp-json\/wp\/v2\/types\/post"}],"author":[{"embeddable":true,"href":"https:\/\/www.organisator.ch\/en\/wp-json\/wp\/v2\/users\/5"}],"replies":[{"embeddable":true,"href":"https:\/\/www.organisator.ch\/en\/wp-json\/wp\/v2\/comments?post=3381"}],"version-history":[{"count":1,"href":"https:\/\/www.organisator.ch\/en\/wp-json\/wp\/v2\/posts\/3381\/revisions"}],"predecessor-version":[{"id":10670,"href":"https:\/\/www.organisator.ch\/en\/wp-json\/wp\/v2\/posts\/3381\/revisions\/10670"}],"wp:featuredmedia":[{"embeddable":true,"href":"https:\/\/www.organisator.ch\/en\/wp-json\/wp\/v2\/media\/3382"}],"wp:attachment":[{"href":"https:\/\/www.organisator.ch\/en\/wp-json\/wp\/v2\/media?parent=3381"}],"wp:term":[{"taxonomy":"category","embeddable":true,"href":"https:\/\/www.organisator.ch\/en\/wp-json\/wp\/v2\/categories?post=3381"},{"taxonomy":"post_tag","embeddable":true,"href":"https:\/\/www.organisator.ch\/en\/wp-json\/wp\/v2\/tags?post=3381"}],"curies":[{"name":"wp","href":"https:\/\/api.w.org\/{rel}","templated":true}]}}