{"id":33843,"date":"2024-11-22T07:55:22","date_gmt":"2024-11-22T06:55:22","guid":{"rendered":"https:\/\/www.organisator.ch\/?p=33843"},"modified":"2024-11-22T07:55:22","modified_gmt":"2024-11-22T06:55:22","slug":"reparatur-schlaegt-recycling-nachhaltigkeit-bei-berufskleidung","status":"publish","type":"post","link":"https:\/\/www.organisator.ch\/en\/sustainability\/2024-11-22\/reparatur-schlaegt-recycling-nachhaltigkeit-bei-berufskleidung\/","title":{"rendered":"Repair beats recycling: sustainability in workwear"},"content":{"rendered":"<figure id=\"attachment_33848\" aria-describedby=\"caption-attachment-33848\" style=\"width: 680px\" class=\"wp-caption alignnone\"><img loading=\"lazy\" decoding=\"async\" class=\"size-full wp-image-33848\" src=\"https:\/\/www.organisator.ch\/wp-content\/uploads\/2024\/11\/Reparatur_Bild1_ps.jpg\" alt=\"\" width=\"680\" height=\"453\" srcset=\"https:\/\/www.organisator.ch\/wp-content\/uploads\/2024\/11\/Reparatur_Bild1_ps.jpg 680w, https:\/\/www.organisator.ch\/wp-content\/uploads\/2024\/11\/Reparatur_Bild1_ps-18x12.jpg 18w, https:\/\/www.organisator.ch\/wp-content\/uploads\/2024\/11\/Reparatur_Bild1_ps-375x250.jpg 375w, https:\/\/www.organisator.ch\/wp-content\/uploads\/2024\/11\/Reparatur_Bild1_ps-525x350.jpg 525w\" sizes=\"auto, (max-width: 680px) 100vw, 680px\" \/><figcaption id=\"caption-attachment-33848\" class=\"wp-caption-text\">A \"right to repair\" could also help to promote resource conservation in the clothing industry. (Image: www.mewa.ch)<\/figcaption><\/figure>\n<h3><strong>Repair service is part of the textile service routine<\/strong><\/h3>\n<p>Mewa's all-round service for workwear and protective clothing already meets the requirements of the \"right to repair\" in many respects. In addition to the replacement of fasteners and the repair of torn areas, this also includes the replacement of entire items of clothing such as pockets, sleeves or cuffs. Suitable repair kits are produced at the same time. Even protective clothing can be safely repaired. It is common practice to recycle discarded items of clothing in order to reuse parts that are still in good working order. \"When you consider that around 5.8 million tons of textiles become waste in Europe every year, repair clearly scores over recycling in terms of sustainability,\" explains Wolfgang Quednau, Managing Partner of Betreuungsgesellschaft f\u00fcr textiltechnische Anwendungen GmbH (BTTA).<\/p>\n<h3><strong>Less resource consumption due to longevity<\/strong><\/h3>\n<p>In the manufacture of textiles, most resources are consumed during the production of the raw materials. The longer an item of clothing is used, the lower the relative environmental impact. \"In the case of professional textiles, which are subject to much greater wear and tear than fashion clothing, proven durability can only be achieved with high-quality, repairable clothing,\" says textile engineer Wolfgang Quednau. In order to have more influence on the quality of the textiles, Mewa has its own product development department for workwear and protective clothing. New materials are subjected to intensive physical tests before they are used. \"If workwear can withstand numerous cycles of use without significant loss of appearance or functionality, this not only contributes to sustainability, but also saves costs. Customers benefit from both,\" says Wolfgang Quednau.<\/p>\n<h3><strong>Recyclability is a major research topic<\/strong><\/h3>\n<p>As a sustainably oriented textile service provider, Mewa is pursuing various research approaches into the possible uses of recycled materials and the reprocessing of fibers from discarded textiles. However, there are still limits to recycling. One major challenge is the quality of the recycled materials, as Dr. Diana Wolf, Research &amp; Development at Mewa, explains. On the one hand, this involves strength, which is urgently required for workwear, and on the other hand, dyeing behavior. \"Reused materials must be equivalent to non-recycled source products,\" says Diana Wolf, describing the research objective.<\/p>\n<h3><strong>A closed textile cycle<\/strong><\/h3>\n<p>Mewa is currently involved in a research project of the J\u00fclich Project Management Agency, with the TU Braunschweig and the Niederrhein University of Applied Sciences as scientific partners. The project, which is funded by the Federal Ministry of Education and Research, is dedicated to the possibility of chemically recycling polyester from fiber blends back into reusable fibers (funding code: 033R408A). \"We want to enable what is known as 'textile-to-textile' recycling. This could turn old polyester-cotton blended fabrics into material for new fabrics. That would be a milestone on the way to a truly holistic textile circular economy,\" explains Diana Wolf. She is confident that the requirements of the new delegated act for textiles to the Ecodesign Regulation will noticeably accelerate the development of improved recycling processes for textiles.<\/p>\n<p><em>Source: <a href=\"http:\/\/www.mewa.ch\">www.mewa.ch<\/a><\/em><\/p>","protected":false},"excerpt":{"rendered":"<p>A \"right to repair\", as recently introduced by the European Union for electrical appliances, could also help to promote resource conservation in the clothing industry. With the revision of the Environmental Protection Act in spring 2024, the topic of \"repairing instead of throwing away\" is also gaining importance in Switzerland. A declared goal is to focus on sustainable and recyclable textiles and the reduction of textile waste. Textile service provider Mewa has always integrated the repairability of workwear into its range of services.<\/p>","protected":false},"author":80,"featured_media":33848,"comment_status":"closed","ping_status":"closed","sticky":false,"template":"","format":"standard","meta":{"_acf_changed":false,"_yoast_wpseo_focuskw":"Berufskleidung","_yoast_wpseo_metadesc":"Ein \u201eRecht auf Reparatur\u201c k\u00f6nnte auch in der Bekleidungsindustrie zu einer F\u00f6rderung der Ressourcenschonung beitragen.","articlekey":"","footnotes":""},"categories":[580],"tags":[4700,4778,1987,424,2246],"class_list":["post-33843","post","type-post","status-publish","format-standard","has-post-thumbnail","hentry","category-sustainability","tag-bekleidungsindustrie","tag-berufskleidung","tag-recycling","tag-schweiz","tag-sustainability"],"acf":[],"yoast_head":"<!-- This site is optimized with the Yoast SEO plugin v27.4 - https:\/\/yoast.com\/product\/yoast-seo-wordpress\/ -->\n<title>Reparatur schl\u00e4gt Recycling: Nachhaltigkeit bei Berufskleidung - Organisator<\/title>\n<meta name=\"description\" content=\"Ein \u201eRecht auf Reparatur\u201c k\u00f6nnte auch in der Bekleidungsindustrie zu einer F\u00f6rderung der Ressourcenschonung beitragen.\" \/>\n<meta name=\"robots\" content=\"index, follow, max-snippet:-1, max-image-preview:large, max-video-preview:-1\" \/>\n<link rel=\"canonical\" href=\"https:\/\/www.organisator.ch\/en\/sustainability\/2024-11-22\/reparatur-schlaegt-recycling-nachhaltigkeit-bei-berufskleidung\/\" \/>\n<meta property=\"og:locale\" content=\"en_US\" \/>\n<meta property=\"og:type\" content=\"article\" \/>\n<meta property=\"og:title\" content=\"Reparatur schl\u00e4gt Recycling: Nachhaltigkeit bei Berufskleidung\" \/>\n<meta property=\"og:description\" content=\"Ein \u201eRecht auf Reparatur\u201c k\u00f6nnte auch in der Bekleidungsindustrie zu einer F\u00f6rderung der Ressourcenschonung beitragen.\" \/>\n<meta property=\"og:url\" content=\"https:\/\/www.organisator.ch\/en\/sustainability\/2024-11-22\/reparatur-schlaegt-recycling-nachhaltigkeit-bei-berufskleidung\/\" \/>\n<meta property=\"og:site_name\" content=\"Organisator\" \/>\n<meta property=\"article:publisher\" content=\"https:\/\/www.facebook.com\/OrganisatorFachmagazin\" \/>\n<meta property=\"article:published_time\" content=\"2024-11-22T06:55:22+00:00\" \/>\n<meta property=\"og:image\" content=\"https:\/\/www.organisator.ch\/wp-content\/uploads\/2024\/11\/Reparatur_Bild1_ps.jpg\" \/>\n\t<meta property=\"og:image:width\" content=\"680\" \/>\n\t<meta property=\"og:image:height\" content=\"453\" \/>\n\t<meta property=\"og:image:type\" content=\"image\/jpeg\" \/>\n<meta name=\"author\" content=\"Dzana Muminovic\" \/>\n<meta name=\"twitter:card\" content=\"summary_large_image\" \/>\n<meta name=\"twitter:title\" content=\"Reparatur schl\u00e4gt Recycling: Nachhaltigkeit bei Berufskleidung\" \/>\n<meta name=\"twitter:description\" content=\"Ein \u201e#Recht auf #Reparatur\u201c k\u00f6nnte auch in der #Bekleidungsindustrie zu einer #F\u00f6rderung der #Ressourcenschonung beitragen.\" \/>\n<meta name=\"twitter:image\" content=\"https:\/\/www.organisator.ch\/wp-content\/uploads\/2024\/11\/Reparatur_Bild1_ps.jpg\" \/>\n<script type=\"application\/ld+json\" class=\"yoast-schema-graph\">{\"@context\":\"https:\\\/\\\/schema.org\",\"@graph\":[{\"@type\":\"Article\",\"@id\":\"https:\\\/\\\/www.organisator.ch\\\/sustainability\\\/2024-11-22\\\/reparatur-schlaegt-recycling-nachhaltigkeit-bei-berufskleidung\\\/#article\",\"isPartOf\":{\"@id\":\"https:\\\/\\\/www.organisator.ch\\\/sustainability\\\/2024-11-22\\\/reparatur-schlaegt-recycling-nachhaltigkeit-bei-berufskleidung\\\/\"},\"author\":{\"name\":\"Dzana Muminovic\",\"@id\":\"https:\\\/\\\/www.organisator.ch\\\/#\\\/schema\\\/person\\\/afccda3a71c06d4be2ed9100dd163db7\"},\"headline\":\"Reparatur schl\u00e4gt Recycling: Nachhaltigkeit bei Berufskleidung\",\"datePublished\":\"2024-11-22T06:55:22+00:00\",\"mainEntityOfPage\":{\"@id\":\"https:\\\/\\\/www.organisator.ch\\\/sustainability\\\/2024-11-22\\\/reparatur-schlaegt-recycling-nachhaltigkeit-bei-berufskleidung\\\/\"},\"wordCount\":513,\"publisher\":{\"@id\":\"https:\\\/\\\/www.organisator.ch\\\/#organization\"},\"image\":{\"@id\":\"https:\\\/\\\/www.organisator.ch\\\/sustainability\\\/2024-11-22\\\/reparatur-schlaegt-recycling-nachhaltigkeit-bei-berufskleidung\\\/#primaryimage\"},\"thumbnailUrl\":\"https:\\\/\\\/www.organisator.ch\\\/wp-content\\\/uploads\\\/2024\\\/11\\\/Reparatur_Bild1_ps.jpg\",\"keywords\":[\"Bekleidungsindustrie\",\"Berufskleidung\",\"Recycling\",\"Schweiz\",\"Sustainability\"],\"articleSection\":[\"SUSTAINABILITY\"],\"inLanguage\":\"en-US\"},{\"@type\":\"WebPage\",\"@id\":\"https:\\\/\\\/www.organisator.ch\\\/sustainability\\\/2024-11-22\\\/reparatur-schlaegt-recycling-nachhaltigkeit-bei-berufskleidung\\\/\",\"url\":\"https:\\\/\\\/www.organisator.ch\\\/sustainability\\\/2024-11-22\\\/reparatur-schlaegt-recycling-nachhaltigkeit-bei-berufskleidung\\\/\",\"name\":\"Reparatur schl\u00e4gt Recycling: Nachhaltigkeit bei Berufskleidung - Organisator\",\"isPartOf\":{\"@id\":\"https:\\\/\\\/www.organisator.ch\\\/#website\"},\"primaryImageOfPage\":{\"@id\":\"https:\\\/\\\/www.organisator.ch\\\/sustainability\\\/2024-11-22\\\/reparatur-schlaegt-recycling-nachhaltigkeit-bei-berufskleidung\\\/#primaryimage\"},\"image\":{\"@id\":\"https:\\\/\\\/www.organisator.ch\\\/sustainability\\\/2024-11-22\\\/reparatur-schlaegt-recycling-nachhaltigkeit-bei-berufskleidung\\\/#primaryimage\"},\"thumbnailUrl\":\"https:\\\/\\\/www.organisator.ch\\\/wp-content\\\/uploads\\\/2024\\\/11\\\/Reparatur_Bild1_ps.jpg\",\"datePublished\":\"2024-11-22T06:55:22+00:00\",\"description\":\"Ein \u201eRecht auf Reparatur\u201c k\u00f6nnte auch in der Bekleidungsindustrie zu einer F\u00f6rderung der Ressourcenschonung beitragen.\",\"breadcrumb\":{\"@id\":\"https:\\\/\\\/www.organisator.ch\\\/sustainability\\\/2024-11-22\\\/reparatur-schlaegt-recycling-nachhaltigkeit-bei-berufskleidung\\\/#breadcrumb\"},\"inLanguage\":\"en-US\",\"potentialAction\":[{\"@type\":\"ReadAction\",\"target\":[\"https:\\\/\\\/www.organisator.ch\\\/sustainability\\\/2024-11-22\\\/reparatur-schlaegt-recycling-nachhaltigkeit-bei-berufskleidung\\\/\"]}]},{\"@type\":\"ImageObject\",\"inLanguage\":\"en-US\",\"@id\":\"https:\\\/\\\/www.organisator.ch\\\/sustainability\\\/2024-11-22\\\/reparatur-schlaegt-recycling-nachhaltigkeit-bei-berufskleidung\\\/#primaryimage\",\"url\":\"https:\\\/\\\/www.organisator.ch\\\/wp-content\\\/uploads\\\/2024\\\/11\\\/Reparatur_Bild1_ps.jpg\",\"contentUrl\":\"https:\\\/\\\/www.organisator.ch\\\/wp-content\\\/uploads\\\/2024\\\/11\\\/Reparatur_Bild1_ps.jpg\",\"width\":680,\"height\":453,\"caption\":\"Ein \u201eRecht auf Reparatur\u201c k\u00f6nnte auch in der Bekleidungsindustrie zu einer F\u00f6rderung der Ressourcenschonung beitragen. (Bild: www.mewa.ch)\"},{\"@type\":\"BreadcrumbList\",\"@id\":\"https:\\\/\\\/www.organisator.ch\\\/sustainability\\\/2024-11-22\\\/reparatur-schlaegt-recycling-nachhaltigkeit-bei-berufskleidung\\\/#breadcrumb\",\"itemListElement\":[{\"@type\":\"ListItem\",\"position\":1,\"name\":\"Home\",\"item\":\"https:\\\/\\\/www.organisator.ch\\\/\"},{\"@type\":\"ListItem\",\"position\":2,\"name\":\"Reparatur schl\u00e4gt Recycling: Nachhaltigkeit bei Berufskleidung\"}]},{\"@type\":\"WebSite\",\"@id\":\"https:\\\/\\\/www.organisator.ch\\\/#website\",\"url\":\"https:\\\/\\\/www.organisator.ch\\\/\",\"name\":\"Organisator\",\"description\":\"Kompetent. Praxisnah. Der ORGANISATOR bereitet in 10 Ausgaben pro Jahr die wesentlichen Themen f\u00fcr F\u00fchrungskr\u00e4fte von KMU auf.\",\"publisher\":{\"@id\":\"https:\\\/\\\/www.organisator.ch\\\/#organization\"},\"potentialAction\":[{\"@type\":\"SearchAction\",\"target\":{\"@type\":\"EntryPoint\",\"urlTemplate\":\"https:\\\/\\\/www.organisator.ch\\\/?s={search_term_string}\"},\"query-input\":{\"@type\":\"PropertyValueSpecification\",\"valueRequired\":true,\"valueName\":\"search_term_string\"}}],\"inLanguage\":\"en-US\"},{\"@type\":\"Organization\",\"@id\":\"https:\\\/\\\/www.organisator.ch\\\/#organization\",\"name\":\"Organisator\",\"url\":\"https:\\\/\\\/www.organisator.ch\\\/\",\"logo\":{\"@type\":\"ImageObject\",\"inLanguage\":\"en-US\",\"@id\":\"https:\\\/\\\/www.organisator.ch\\\/#\\\/schema\\\/logo\\\/image\\\/\",\"url\":\"https:\\\/\\\/www.organisator.ch\\\/wp-content\\\/uploads\\\/2022\\\/01\\\/Logo_Organisator_Website.png\",\"contentUrl\":\"https:\\\/\\\/www.organisator.ch\\\/wp-content\\\/uploads\\\/2022\\\/01\\\/Logo_Organisator_Website.png\",\"width\":800,\"height\":77,\"caption\":\"Organisator\"},\"image\":{\"@id\":\"https:\\\/\\\/www.organisator.ch\\\/#\\\/schema\\\/logo\\\/image\\\/\"},\"sameAs\":[\"https:\\\/\\\/www.facebook.com\\\/OrganisatorFachmagazin\",\"https:\\\/\\\/www.linkedin.com\\\/showcase\\\/organisator-das-magazin-fr-kmu\",\"https:\\\/\\\/www.xing.com\\\/news\\\/pages\\\/organisator-ch-695\",\"https:\\\/\\\/www.youtube.com\\\/channel\\\/UCGP2Sq0iWaZwT3BdIAQFYpw\"]},{\"@type\":\"Person\",\"@id\":\"https:\\\/\\\/www.organisator.ch\\\/#\\\/schema\\\/person\\\/afccda3a71c06d4be2ed9100dd163db7\",\"name\":\"Dzana Muminovic\",\"image\":{\"@type\":\"ImageObject\",\"inLanguage\":\"en-US\",\"@id\":\"https:\\\/\\\/secure.gravatar.com\\\/avatar\\\/909c5c71aff4b38e88686f2ab2f1ba152571f394f41ed8bae431ea56ced93050?s=96&d=mm&r=g\",\"url\":\"https:\\\/\\\/secure.gravatar.com\\\/avatar\\\/909c5c71aff4b38e88686f2ab2f1ba152571f394f41ed8bae431ea56ced93050?s=96&d=mm&r=g\",\"contentUrl\":\"https:\\\/\\\/secure.gravatar.com\\\/avatar\\\/909c5c71aff4b38e88686f2ab2f1ba152571f394f41ed8bae431ea56ced93050?s=96&d=mm&r=g\",\"caption\":\"Dzana Muminovic\"},\"url\":\"https:\\\/\\\/www.organisator.ch\\\/en\\\/author\\\/dzana-muminovic\\\/\"}]}<\/script>\n<!-- \/ Yoast SEO plugin. -->","yoast_head_json":{"title":"Repair beats recycling: Sustainability in workwear - Organizer","description":"A \"right to repair\" could also help to promote resource conservation in the clothing industry.","robots":{"index":"index","follow":"follow","max-snippet":"max-snippet:-1","max-image-preview":"max-image-preview:large","max-video-preview":"max-video-preview:-1"},"canonical":"https:\/\/www.organisator.ch\/en\/sustainability\/2024-11-22\/reparatur-schlaegt-recycling-nachhaltigkeit-bei-berufskleidung\/","og_locale":"en_US","og_type":"article","og_title":"Reparatur schl\u00e4gt Recycling: Nachhaltigkeit bei Berufskleidung","og_description":"Ein \u201eRecht auf Reparatur\u201c k\u00f6nnte auch in der Bekleidungsindustrie zu einer F\u00f6rderung der Ressourcenschonung beitragen.","og_url":"https:\/\/www.organisator.ch\/en\/sustainability\/2024-11-22\/reparatur-schlaegt-recycling-nachhaltigkeit-bei-berufskleidung\/","og_site_name":"Organisator","article_publisher":"https:\/\/www.facebook.com\/OrganisatorFachmagazin","article_published_time":"2024-11-22T06:55:22+00:00","og_image":[{"width":680,"height":453,"url":"https:\/\/www.organisator.ch\/wp-content\/uploads\/2024\/11\/Reparatur_Bild1_ps.jpg","type":"image\/jpeg"}],"author":"Dzana Muminovic","twitter_card":"summary_large_image","twitter_title":"Reparatur schl\u00e4gt Recycling: Nachhaltigkeit bei Berufskleidung","twitter_description":"Ein \u201e#Recht auf #Reparatur\u201c k\u00f6nnte auch in der #Bekleidungsindustrie zu einer #F\u00f6rderung der #Ressourcenschonung beitragen.","twitter_image":"https:\/\/www.organisator.ch\/wp-content\/uploads\/2024\/11\/Reparatur_Bild1_ps.jpg","schema":{"@context":"https:\/\/schema.org","@graph":[{"@type":"Article","@id":"https:\/\/www.organisator.ch\/sustainability\/2024-11-22\/reparatur-schlaegt-recycling-nachhaltigkeit-bei-berufskleidung\/#article","isPartOf":{"@id":"https:\/\/www.organisator.ch\/sustainability\/2024-11-22\/reparatur-schlaegt-recycling-nachhaltigkeit-bei-berufskleidung\/"},"author":{"name":"Dzana Muminovic","@id":"https:\/\/www.organisator.ch\/#\/schema\/person\/afccda3a71c06d4be2ed9100dd163db7"},"headline":"Reparatur schl\u00e4gt Recycling: Nachhaltigkeit bei Berufskleidung","datePublished":"2024-11-22T06:55:22+00:00","mainEntityOfPage":{"@id":"https:\/\/www.organisator.ch\/sustainability\/2024-11-22\/reparatur-schlaegt-recycling-nachhaltigkeit-bei-berufskleidung\/"},"wordCount":513,"publisher":{"@id":"https:\/\/www.organisator.ch\/#organization"},"image":{"@id":"https:\/\/www.organisator.ch\/sustainability\/2024-11-22\/reparatur-schlaegt-recycling-nachhaltigkeit-bei-berufskleidung\/#primaryimage"},"thumbnailUrl":"https:\/\/www.organisator.ch\/wp-content\/uploads\/2024\/11\/Reparatur_Bild1_ps.jpg","keywords":["Bekleidungsindustrie","Berufskleidung","Recycling","Schweiz","Sustainability"],"articleSection":["SUSTAINABILITY"],"inLanguage":"en-US"},{"@type":"WebPage","@id":"https:\/\/www.organisator.ch\/sustainability\/2024-11-22\/reparatur-schlaegt-recycling-nachhaltigkeit-bei-berufskleidung\/","url":"https:\/\/www.organisator.ch\/sustainability\/2024-11-22\/reparatur-schlaegt-recycling-nachhaltigkeit-bei-berufskleidung\/","name":"Repair beats recycling: Sustainability in workwear - Organizer","isPartOf":{"@id":"https:\/\/www.organisator.ch\/#website"},"primaryImageOfPage":{"@id":"https:\/\/www.organisator.ch\/sustainability\/2024-11-22\/reparatur-schlaegt-recycling-nachhaltigkeit-bei-berufskleidung\/#primaryimage"},"image":{"@id":"https:\/\/www.organisator.ch\/sustainability\/2024-11-22\/reparatur-schlaegt-recycling-nachhaltigkeit-bei-berufskleidung\/#primaryimage"},"thumbnailUrl":"https:\/\/www.organisator.ch\/wp-content\/uploads\/2024\/11\/Reparatur_Bild1_ps.jpg","datePublished":"2024-11-22T06:55:22+00:00","description":"A \"right to repair\" could also help to promote resource conservation in the clothing industry.","breadcrumb":{"@id":"https:\/\/www.organisator.ch\/sustainability\/2024-11-22\/reparatur-schlaegt-recycling-nachhaltigkeit-bei-berufskleidung\/#breadcrumb"},"inLanguage":"en-US","potentialAction":[{"@type":"ReadAction","target":["https:\/\/www.organisator.ch\/sustainability\/2024-11-22\/reparatur-schlaegt-recycling-nachhaltigkeit-bei-berufskleidung\/"]}]},{"@type":"ImageObject","inLanguage":"en-US","@id":"https:\/\/www.organisator.ch\/sustainability\/2024-11-22\/reparatur-schlaegt-recycling-nachhaltigkeit-bei-berufskleidung\/#primaryimage","url":"https:\/\/www.organisator.ch\/wp-content\/uploads\/2024\/11\/Reparatur_Bild1_ps.jpg","contentUrl":"https:\/\/www.organisator.ch\/wp-content\/uploads\/2024\/11\/Reparatur_Bild1_ps.jpg","width":680,"height":453,"caption":"Ein \u201eRecht auf Reparatur\u201c k\u00f6nnte auch in der Bekleidungsindustrie zu einer F\u00f6rderung der Ressourcenschonung beitragen. (Bild: www.mewa.ch)"},{"@type":"BreadcrumbList","@id":"https:\/\/www.organisator.ch\/sustainability\/2024-11-22\/reparatur-schlaegt-recycling-nachhaltigkeit-bei-berufskleidung\/#breadcrumb","itemListElement":[{"@type":"ListItem","position":1,"name":"Home","item":"https:\/\/www.organisator.ch\/"},{"@type":"ListItem","position":2,"name":"Reparatur schl\u00e4gt Recycling: Nachhaltigkeit bei Berufskleidung"}]},{"@type":"WebSite","@id":"https:\/\/www.organisator.ch\/#website","url":"https:\/\/www.organisator.ch\/","name":"Organizer","description":"Competent. Practical. In 10 issues per year, ORGANISATOR presents the essential topics for managers of SMEs.","publisher":{"@id":"https:\/\/www.organisator.ch\/#organization"},"potentialAction":[{"@type":"SearchAction","target":{"@type":"EntryPoint","urlTemplate":"https:\/\/www.organisator.ch\/?s={search_term_string}"},"query-input":{"@type":"PropertyValueSpecification","valueRequired":true,"valueName":"search_term_string"}}],"inLanguage":"en-US"},{"@type":"Organization","@id":"https:\/\/www.organisator.ch\/#organization","name":"Organizer","url":"https:\/\/www.organisator.ch\/","logo":{"@type":"ImageObject","inLanguage":"en-US","@id":"https:\/\/www.organisator.ch\/#\/schema\/logo\/image\/","url":"https:\/\/www.organisator.ch\/wp-content\/uploads\/2022\/01\/Logo_Organisator_Website.png","contentUrl":"https:\/\/www.organisator.ch\/wp-content\/uploads\/2022\/01\/Logo_Organisator_Website.png","width":800,"height":77,"caption":"Organisator"},"image":{"@id":"https:\/\/www.organisator.ch\/#\/schema\/logo\/image\/"},"sameAs":["https:\/\/www.facebook.com\/OrganisatorFachmagazin","https:\/\/www.linkedin.com\/showcase\/organisator-das-magazin-fr-kmu","https:\/\/www.xing.com\/news\/pages\/organisator-ch-695","https:\/\/www.youtube.com\/channel\/UCGP2Sq0iWaZwT3BdIAQFYpw"]},{"@type":"Person","@id":"https:\/\/www.organisator.ch\/#\/schema\/person\/afccda3a71c06d4be2ed9100dd163db7","name":"Dzana Muminovic","image":{"@type":"ImageObject","inLanguage":"en-US","@id":"https:\/\/secure.gravatar.com\/avatar\/909c5c71aff4b38e88686f2ab2f1ba152571f394f41ed8bae431ea56ced93050?s=96&d=mm&r=g","url":"https:\/\/secure.gravatar.com\/avatar\/909c5c71aff4b38e88686f2ab2f1ba152571f394f41ed8bae431ea56ced93050?s=96&d=mm&r=g","contentUrl":"https:\/\/secure.gravatar.com\/avatar\/909c5c71aff4b38e88686f2ab2f1ba152571f394f41ed8bae431ea56ced93050?s=96&d=mm&r=g","caption":"Dzana Muminovic"},"url":"https:\/\/www.organisator.ch\/en\/author\/dzana-muminovic\/"}]}},"_links":{"self":[{"href":"https:\/\/www.organisator.ch\/en\/wp-json\/wp\/v2\/posts\/33843","targetHints":{"allow":["GET"]}}],"collection":[{"href":"https:\/\/www.organisator.ch\/en\/wp-json\/wp\/v2\/posts"}],"about":[{"href":"https:\/\/www.organisator.ch\/en\/wp-json\/wp\/v2\/types\/post"}],"author":[{"embeddable":true,"href":"https:\/\/www.organisator.ch\/en\/wp-json\/wp\/v2\/users\/80"}],"replies":[{"embeddable":true,"href":"https:\/\/www.organisator.ch\/en\/wp-json\/wp\/v2\/comments?post=33843"}],"version-history":[{"count":2,"href":"https:\/\/www.organisator.ch\/en\/wp-json\/wp\/v2\/posts\/33843\/revisions"}],"predecessor-version":[{"id":33984,"href":"https:\/\/www.organisator.ch\/en\/wp-json\/wp\/v2\/posts\/33843\/revisions\/33984"}],"wp:featuredmedia":[{"embeddable":true,"href":"https:\/\/www.organisator.ch\/en\/wp-json\/wp\/v2\/media\/33848"}],"wp:attachment":[{"href":"https:\/\/www.organisator.ch\/en\/wp-json\/wp\/v2\/media?parent=33843"}],"wp:term":[{"taxonomy":"category","embeddable":true,"href":"https:\/\/www.organisator.ch\/en\/wp-json\/wp\/v2\/categories?post=33843"},{"taxonomy":"post_tag","embeddable":true,"href":"https:\/\/www.organisator.ch\/en\/wp-json\/wp\/v2\/tags?post=33843"}],"curies":[{"name":"wp","href":"https:\/\/api.w.org\/{rel}","templated":true}]}}