{"id":33906,"date":"2024-11-22T13:59:54","date_gmt":"2024-11-22T12:59:54","guid":{"rendered":"https:\/\/www.markt-kom.com\/?p=226964"},"modified":"2024-11-25T16:16:28","modified_gmt":"2024-11-25T15:16:28","slug":"festland-lab-session-zu-den-trends-im-employer-branding","status":"publish","type":"post","link":"https:\/\/www.organisator.ch\/en\/marketing\/2024-11-22\/festland-lab-session-zu-den-trends-im-employer-branding\/","title":{"rendered":"Festland Lab session on the trends in employer branding"},"content":{"rendered":"<figure id=\"attachment_226976\" class=\"wp-caption alignnone\" style=\"width: 1200px;\" aria-describedby=\"caption-attachment-226976\"><img class=\"alignnone wp-image-226976 size-full\" src=\"https:\/\/www.markt-kom.com\/wp-content\/uploads\/2024\/11\/02_festland_lab_employer_keyvisual.jpg\" sizes=\"(max-width: 1200px) 100vw, 1200px\" srcset=\"https:\/\/www.markt-kom.com\/wp-content\/uploads\/2024\/11\/02_festland_lab_employer_keyvisual.jpg 1200w, https:\/\/www.markt-kom.com\/wp-content\/uploads\/2024\/11\/02_festland_lab_employer_keyvisual-600x450.jpg 600w, https:\/\/www.markt-kom.com\/wp-content\/uploads\/2024\/11\/02_festland_lab_employer_keyvisual-1024x768.jpg 1024w, https:\/\/www.markt-kom.com\/wp-content\/uploads\/2024\/11\/02_festland_lab_employer_keyvisual-768x576.jpg 768w, https:\/\/www.markt-kom.com\/wp-content\/uploads\/2024\/11\/02_festland_lab_employer_keyvisual-16x12.jpg 16w, https:\/\/www.markt-kom.com\/wp-content\/uploads\/2024\/11\/02_festland_lab_employer_keyvisual-233x175.jpg 233w, https:\/\/www.markt-kom.com\/wp-content\/uploads\/2024\/11\/02_festland_lab_employer_keyvisual-467x350.jpg 467w, https:\/\/www.markt-kom.com\/wp-content\/uploads\/2024\/11\/02_festland_lab_employer_keyvisual-1000x750.jpg 1000w\" alt=\"Employer Branding Lab Sessions\" width=\"1200\" height=\"900\" \/>\r\n<figcaption id=\"caption-attachment-226976\" class=\"wp-caption-text\">(Pictures: zVg.)<\/figcaption>\r\n<\/figure>\r\n<p>\"We test new things for ourselves and our customers.\" This is one of the guiding principles at Manifestland to which the team at the St.Gallen agency Festland is committed. This is put into practice at the Lab Sessions, for example. The latest edition focused on employer branding. In the agency's Wave Space in St.Gallen, guests were treated to three guest contributions on the topic.<\/p>\r\n<p><img class=\"aligncenter size-full wp-image-226980\" src=\"https:\/\/www.markt-kom.com\/wp-content\/uploads\/2024\/11\/06_festland_lab_employer_publikum.jpg\" sizes=\"(max-width: 1200px) 100vw, 1200px\" srcset=\"https:\/\/www.markt-kom.com\/wp-content\/uploads\/2024\/11\/06_festland_lab_employer_publikum.jpg 1200w, https:\/\/www.markt-kom.com\/wp-content\/uploads\/2024\/11\/06_festland_lab_employer_publikum-600x347.jpg 600w, https:\/\/www.markt-kom.com\/wp-content\/uploads\/2024\/11\/06_festland_lab_employer_publikum-1024x592.jpg 1024w, https:\/\/www.markt-kom.com\/wp-content\/uploads\/2024\/11\/06_festland_lab_employer_publikum-768x444.jpg 768w, https:\/\/www.markt-kom.com\/wp-content\/uploads\/2024\/11\/06_festland_lab_employer_publikum-18x10.jpg 18w, https:\/\/www.markt-kom.com\/wp-content\/uploads\/2024\/11\/06_festland_lab_employer_publikum-303x175.jpg 303w, https:\/\/www.markt-kom.com\/wp-content\/uploads\/2024\/11\/06_festland_lab_employer_publikum-605x350.jpg 605w, https:\/\/www.markt-kom.com\/wp-content\/uploads\/2024\/11\/06_festland_lab_employer_publikum-1000x578.jpg 1000w\" alt=\"\" width=\"1200\" height=\"694\" \/><\/p>\r\n<h3><strong>A Tinder for digital talents<\/strong><\/h3>\r\n<p>Michael Bernasconi, Matchd Project Manager at rockt!, shared his insights from the networking platform for companies and IT talent. He knows from experience what to look out for in order to achieve the perfect match with Generation Z. He has a clear recommendation for employers as an effective way to combat the shortage of skilled workers in the IT sector: Offer internships. The short-term effort involved in providing support more than pays off in terms of the long-term advantage on the personnel market.<\/p>\r\n<p><img class=\"aligncenter size-full wp-image-226979\" src=\"https:\/\/www.markt-kom.com\/wp-content\/uploads\/2024\/11\/03_festland_lab_employer_michaelbernasconi.jpg\" sizes=\"(max-width: 1200px) 100vw, 1200px\" srcset=\"https:\/\/www.markt-kom.com\/wp-content\/uploads\/2024\/11\/03_festland_lab_employer_michaelbernasconi.jpg 1200w, https:\/\/www.markt-kom.com\/wp-content\/uploads\/2024\/11\/03_festland_lab_employer_michaelbernasconi-600x450.jpg 600w, https:\/\/www.markt-kom.com\/wp-content\/uploads\/2024\/11\/03_festland_lab_employer_michaelbernasconi-1024x768.jpg 1024w, https:\/\/www.markt-kom.com\/wp-content\/uploads\/2024\/11\/03_festland_lab_employer_michaelbernasconi-768x576.jpg 768w, https:\/\/www.markt-kom.com\/wp-content\/uploads\/2024\/11\/03_festland_lab_employer_michaelbernasconi-16x12.jpg 16w, https:\/\/www.markt-kom.com\/wp-content\/uploads\/2024\/11\/03_festland_lab_employer_michaelbernasconi-233x175.jpg 233w, https:\/\/www.markt-kom.com\/wp-content\/uploads\/2024\/11\/03_festland_lab_employer_michaelbernasconi-467x350.jpg 467w, https:\/\/www.markt-kom.com\/wp-content\/uploads\/2024\/11\/03_festland_lab_employer_michaelbernasconi-1000x750.jpg 1000w\" alt=\"\" width=\"1200\" height=\"900\" \/><\/p>\r\n<h3><strong>Please do not play company<\/strong><\/h3>\r\n<p>Nadja Schnetzler, teamwork coach and purpose expert, gave an insight into her recently published practical guide \"Collaboration in Flow\". The book, co-authored with Laurent Burst, provides tried-and-tested tools for a successful team culture. The concept of flow proves to be a life hack for creating a balance between I, we and work. Because too many teams are still \"playing company\" instead of creating meaning and getting work done.<\/p>\r\n<p><img class=\"aligncenter size-full wp-image-226978\" src=\"https:\/\/www.markt-kom.com\/wp-content\/uploads\/2024\/11\/04_festland_lab_employer_nadjaschnetzler.jpg\" sizes=\"(max-width: 683px) 100vw, 683px\" srcset=\"https:\/\/www.markt-kom.com\/wp-content\/uploads\/2024\/11\/04_festland_lab_employer_nadjaschnetzler.jpg 683w, https:\/\/www.markt-kom.com\/wp-content\/uploads\/2024\/11\/04_festland_lab_employer_nadjaschnetzler-502x600.jpg 502w, https:\/\/www.markt-kom.com\/wp-content\/uploads\/2024\/11\/04_festland_lab_employer_nadjaschnetzler-10x12.jpg 10w, https:\/\/www.markt-kom.com\/wp-content\/uploads\/2024\/11\/04_festland_lab_employer_nadjaschnetzler-146x175.jpg 146w, https:\/\/www.markt-kom.com\/wp-content\/uploads\/2024\/11\/04_festland_lab_employer_nadjaschnetzler-293x350.jpg 293w, https:\/\/www.markt-kom.com\/wp-content\/uploads\/2024\/11\/04_festland_lab_employer_nadjaschnetzler-669x800.jpg 669w\" alt=\"\" width=\"683\" height=\"817\" \/><\/p>\r\n<h2><strong>Employer branding with heart<\/strong><\/h2>\r\n<p>Reto Geiger, Managing Director of Liebenau Switzerland, spoke about employer branding in the world of retirement and nursing homes. The audience learned first-hand how the non-profit company scores points on the job market with vacations and other benefits - and why the heart in Liebenau's advertising is more than just an ornament. His words were illustrated by the current employer campaign, which was created with Festland.<\/p>\r\n<p><img class=\"aligncenter size-full wp-image-226977\" src=\"https:\/\/www.markt-kom.com\/wp-content\/uploads\/2024\/11\/01_festland_lab_employer_moderation.jpg\" sizes=\"(max-width: 1200px) 100vw, 1200px\" srcset=\"https:\/\/www.markt-kom.com\/wp-content\/uploads\/2024\/11\/01_festland_lab_employer_moderation.jpg 1200w, https:\/\/www.markt-kom.com\/wp-content\/uploads\/2024\/11\/01_festland_lab_employer_moderation-600x400.jpg 600w, https:\/\/www.markt-kom.com\/wp-content\/uploads\/2024\/11\/01_festland_lab_employer_moderation-1024x683.jpg 1024w, https:\/\/www.markt-kom.com\/wp-content\/uploads\/2024\/11\/01_festland_lab_employer_moderation-768x512.jpg 768w, https:\/\/www.markt-kom.com\/wp-content\/uploads\/2024\/11\/01_festland_lab_employer_moderation-18x12.jpg 18w, https:\/\/www.markt-kom.com\/wp-content\/uploads\/2024\/11\/01_festland_lab_employer_moderation-263x175.jpg 263w, https:\/\/www.markt-kom.com\/wp-content\/uploads\/2024\/11\/01_festland_lab_employer_moderation-525x350.jpg 525w, https:\/\/www.markt-kom.com\/wp-content\/uploads\/2024\/11\/01_festland_lab_employer_moderation-1000x667.jpg 1000w\" alt=\"\" width=\"1200\" height=\"800\" \/><\/p>","protected":false},"excerpt":{"rendered":"<p>Inspiring applicants and employees, but how? The Festland Lab session \"Employer Branding\" provided impulses from three perspectives. The speakers were teamwork coach Nadja Schnetzler, Matchd project manager Michael Bernasconi and Liebenau Managing Director Reto Geiger.<\/p>","protected":false},"author":8,"featured_media":0,"comment_status":"closed","ping_status":"closed","sticky":false,"template":"","format":"standard","meta":{"_acf_changed":false,"_yoast_wpseo_focuskw":"Employer Branding Lab Sessions","_yoast_wpseo_metadesc":"Lab Sessions von Festland fokussieren auf Employer Branding. Experten teilen Einblicke zu IT-Talenten, Teamkultur und Pflegeheimen.","articlekey":"","footnotes":""},"categories":[29],"tags":[172,4840,2626,4841,4343,4843,4842],"class_list":["post-33906","post","type-post","status-publish","format-standard","hentry","category-marketing","tag-employer-branding","tag-employerbranding","tag-festland","tag-it-talente","tag-markom","tag-pflegeheime","tag-teamkultur"],"acf":[],"yoast_head":"<!-- This site is optimized with the Yoast SEO plugin v27.5 - https:\/\/yoast.com\/product\/yoast-seo-wordpress\/ -->\n<title>Festland Lab Session zu den Trends im Employer Branding - Organisator<\/title>\n<meta name=\"description\" content=\"Lab Sessions von Festland fokussieren auf Employer Branding. Experten teilen Einblicke zu IT-Talenten, Teamkultur und Pflegeheimen.\" \/>\n<meta name=\"robots\" content=\"index, follow, max-snippet:-1, max-image-preview:large, max-video-preview:-1\" \/>\n<link rel=\"canonical\" href=\"https:\/\/www.organisator.ch\/en\/marketing\/2024-11-22\/festland-lab-session-zu-den-trends-im-employer-branding\/\" \/>\n<meta property=\"og:locale\" content=\"en_US\" \/>\n<meta property=\"og:type\" content=\"article\" \/>\n<meta property=\"og:title\" content=\"Festland Lab Session zu den Trends im Employer Branding - Organisator\" \/>\n<meta property=\"og:description\" content=\"Lab Sessions von Festland fokussieren auf Employer Branding. Experten teilen Einblicke zu IT-Talenten, Teamkultur und Pflegeheimen.\" \/>\n<meta property=\"og:url\" content=\"https:\/\/www.organisator.ch\/en\/marketing\/2024-11-22\/festland-lab-session-zu-den-trends-im-employer-branding\/\" \/>\n<meta property=\"og:site_name\" content=\"Organisator\" \/>\n<meta property=\"article:publisher\" content=\"https:\/\/www.facebook.com\/OrganisatorFachmagazin\" \/>\n<meta property=\"article:published_time\" content=\"2024-11-22T12:59:54+00:00\" \/>\n<meta property=\"article:modified_time\" content=\"2024-11-25T15:16:28+00:00\" \/>\n<meta name=\"author\" content=\"galledia\" \/>\n<meta name=\"twitter:card\" content=\"summary_large_image\" \/>\n<meta name=\"twitter:creator\" content=\"@admin\" \/>\n<script type=\"application\/ld+json\" class=\"yoast-schema-graph\">{\"@context\":\"https:\\\/\\\/schema.org\",\"@graph\":[{\"@type\":\"Article\",\"@id\":\"https:\\\/\\\/www.organisator.ch\\\/marketing\\\/2024-11-22\\\/festland-lab-session-zu-den-trends-im-employer-branding\\\/#article\",\"isPartOf\":{\"@id\":\"https:\\\/\\\/www.organisator.ch\\\/marketing\\\/2024-11-22\\\/festland-lab-session-zu-den-trends-im-employer-branding\\\/\"},\"author\":{\"name\":\"galledia\",\"@id\":\"https:\\\/\\\/www.organisator.ch\\\/#\\\/schema\\\/person\\\/4e51799071cd2dd1232ac003643ef5f0\"},\"headline\":\"Festland Lab Session zu den Trends im Employer Branding\",\"datePublished\":\"2024-11-22T12:59:54+00:00\",\"dateModified\":\"2024-11-25T15:16:28+00:00\",\"mainEntityOfPage\":{\"@id\":\"https:\\\/\\\/www.organisator.ch\\\/marketing\\\/2024-11-22\\\/festland-lab-session-zu-den-trends-im-employer-branding\\\/\"},\"wordCount\":295,\"publisher\":{\"@id\":\"https:\\\/\\\/www.organisator.ch\\\/#organization\"},\"image\":{\"@id\":\"https:\\\/\\\/www.organisator.ch\\\/marketing\\\/2024-11-22\\\/festland-lab-session-zu-den-trends-im-employer-branding\\\/#primaryimage\"},\"thumbnailUrl\":\"https:\\\/\\\/www.markt-kom.com\\\/wp-content\\\/uploads\\\/2024\\\/11\\\/02_festland_lab_employer_keyvisual.jpg\",\"keywords\":[\"Employer Branding\",\"EmployerBranding\",\"Festland\",\"IT-Talente\",\"MarKom\",\"Pflegeheime\",\"Teamkultur\"],\"articleSection\":[\"MARKETING\"],\"inLanguage\":\"en-US\"},{\"@type\":\"WebPage\",\"@id\":\"https:\\\/\\\/www.organisator.ch\\\/marketing\\\/2024-11-22\\\/festland-lab-session-zu-den-trends-im-employer-branding\\\/\",\"url\":\"https:\\\/\\\/www.organisator.ch\\\/marketing\\\/2024-11-22\\\/festland-lab-session-zu-den-trends-im-employer-branding\\\/\",\"name\":\"Festland Lab Session zu den Trends im Employer Branding - Organisator\",\"isPartOf\":{\"@id\":\"https:\\\/\\\/www.organisator.ch\\\/#website\"},\"primaryImageOfPage\":{\"@id\":\"https:\\\/\\\/www.organisator.ch\\\/marketing\\\/2024-11-22\\\/festland-lab-session-zu-den-trends-im-employer-branding\\\/#primaryimage\"},\"image\":{\"@id\":\"https:\\\/\\\/www.organisator.ch\\\/marketing\\\/2024-11-22\\\/festland-lab-session-zu-den-trends-im-employer-branding\\\/#primaryimage\"},\"thumbnailUrl\":\"https:\\\/\\\/www.markt-kom.com\\\/wp-content\\\/uploads\\\/2024\\\/11\\\/02_festland_lab_employer_keyvisual.jpg\",\"datePublished\":\"2024-11-22T12:59:54+00:00\",\"dateModified\":\"2024-11-25T15:16:28+00:00\",\"description\":\"Lab Sessions von Festland fokussieren auf Employer Branding. Experten teilen Einblicke zu IT-Talenten, Teamkultur und Pflegeheimen.\",\"breadcrumb\":{\"@id\":\"https:\\\/\\\/www.organisator.ch\\\/marketing\\\/2024-11-22\\\/festland-lab-session-zu-den-trends-im-employer-branding\\\/#breadcrumb\"},\"inLanguage\":\"en-US\",\"potentialAction\":[{\"@type\":\"ReadAction\",\"target\":[\"https:\\\/\\\/www.organisator.ch\\\/marketing\\\/2024-11-22\\\/festland-lab-session-zu-den-trends-im-employer-branding\\\/\"]}]},{\"@type\":\"ImageObject\",\"inLanguage\":\"en-US\",\"@id\":\"https:\\\/\\\/www.organisator.ch\\\/marketing\\\/2024-11-22\\\/festland-lab-session-zu-den-trends-im-employer-branding\\\/#primaryimage\",\"url\":\"https:\\\/\\\/www.markt-kom.com\\\/wp-content\\\/uploads\\\/2024\\\/11\\\/02_festland_lab_employer_keyvisual.jpg\",\"contentUrl\":\"https:\\\/\\\/www.markt-kom.com\\\/wp-content\\\/uploads\\\/2024\\\/11\\\/02_festland_lab_employer_keyvisual.jpg\"},{\"@type\":\"BreadcrumbList\",\"@id\":\"https:\\\/\\\/www.organisator.ch\\\/marketing\\\/2024-11-22\\\/festland-lab-session-zu-den-trends-im-employer-branding\\\/#breadcrumb\",\"itemListElement\":[{\"@type\":\"ListItem\",\"position\":1,\"name\":\"Home\",\"item\":\"https:\\\/\\\/www.organisator.ch\\\/\"},{\"@type\":\"ListItem\",\"position\":2,\"name\":\"Festland Lab Session zu den Trends im Employer Branding\"}]},{\"@type\":\"WebSite\",\"@id\":\"https:\\\/\\\/www.organisator.ch\\\/#website\",\"url\":\"https:\\\/\\\/www.organisator.ch\\\/\",\"name\":\"Organisator\",\"description\":\"Kompetent. Praxisnah. Der ORGANISATOR bereitet in 10 Ausgaben pro Jahr die wesentlichen Themen f\u00fcr F\u00fchrungskr\u00e4fte von KMU auf.\",\"publisher\":{\"@id\":\"https:\\\/\\\/www.organisator.ch\\\/#organization\"},\"potentialAction\":[{\"@type\":\"SearchAction\",\"target\":{\"@type\":\"EntryPoint\",\"urlTemplate\":\"https:\\\/\\\/www.organisator.ch\\\/?s={search_term_string}\"},\"query-input\":{\"@type\":\"PropertyValueSpecification\",\"valueRequired\":true,\"valueName\":\"search_term_string\"}}],\"inLanguage\":\"en-US\"},{\"@type\":\"Organization\",\"@id\":\"https:\\\/\\\/www.organisator.ch\\\/#organization\",\"name\":\"Organisator\",\"url\":\"https:\\\/\\\/www.organisator.ch\\\/\",\"logo\":{\"@type\":\"ImageObject\",\"inLanguage\":\"en-US\",\"@id\":\"https:\\\/\\\/www.organisator.ch\\\/#\\\/schema\\\/logo\\\/image\\\/\",\"url\":\"https:\\\/\\\/www.organisator.ch\\\/wp-content\\\/uploads\\\/2022\\\/01\\\/Logo_Organisator_Website.png\",\"contentUrl\":\"https:\\\/\\\/www.organisator.ch\\\/wp-content\\\/uploads\\\/2022\\\/01\\\/Logo_Organisator_Website.png\",\"width\":800,\"height\":77,\"caption\":\"Organisator\"},\"image\":{\"@id\":\"https:\\\/\\\/www.organisator.ch\\\/#\\\/schema\\\/logo\\\/image\\\/\"},\"sameAs\":[\"https:\\\/\\\/www.facebook.com\\\/OrganisatorFachmagazin\",\"https:\\\/\\\/www.linkedin.com\\\/showcase\\\/organisator-das-magazin-fr-kmu\",\"https:\\\/\\\/www.xing.com\\\/news\\\/pages\\\/organisator-ch-695\",\"https:\\\/\\\/www.youtube.com\\\/channel\\\/UCGP2Sq0iWaZwT3BdIAQFYpw\"]},{\"@type\":\"Person\",\"@id\":\"https:\\\/\\\/www.organisator.ch\\\/#\\\/schema\\\/person\\\/4e51799071cd2dd1232ac003643ef5f0\",\"name\":\"galledia\",\"image\":{\"@type\":\"ImageObject\",\"inLanguage\":\"en-US\",\"@id\":\"https:\\\/\\\/secure.gravatar.com\\\/avatar\\\/78a7f90c01fc2bfc875782a0d4922b37cde2cf184ce347b91316d23cd7f69a36?s=96&d=mm&r=g\",\"url\":\"https:\\\/\\\/secure.gravatar.com\\\/avatar\\\/78a7f90c01fc2bfc875782a0d4922b37cde2cf184ce347b91316d23cd7f69a36?s=96&d=mm&r=g\",\"contentUrl\":\"https:\\\/\\\/secure.gravatar.com\\\/avatar\\\/78a7f90c01fc2bfc875782a0d4922b37cde2cf184ce347b91316d23cd7f69a36?s=96&d=mm&r=g\",\"caption\":\"galledia\"},\"sameAs\":[\"https:\\\/\\\/x.com\\\/admin\"],\"url\":\"https:\\\/\\\/www.organisator.ch\\\/en\\\/author\\\/galledia\\\/\"}]}<\/script>\n<!-- \/ Yoast SEO plugin. -->","yoast_head_json":{"title":"Festland Lab Session on trends in employer branding - Organizer","description":"Lab sessions from Festland focus on employer branding. Experts share insights on IT talent, team culture and care homes.","robots":{"index":"index","follow":"follow","max-snippet":"max-snippet:-1","max-image-preview":"max-image-preview:large","max-video-preview":"max-video-preview:-1"},"canonical":"https:\/\/www.organisator.ch\/en\/marketing\/2024-11-22\/festland-lab-session-zu-den-trends-im-employer-branding\/","og_locale":"en_US","og_type":"article","og_title":"Festland Lab Session zu den Trends im Employer Branding - Organisator","og_description":"Lab Sessions von Festland fokussieren auf Employer Branding. Experten teilen Einblicke zu IT-Talenten, Teamkultur und Pflegeheimen.","og_url":"https:\/\/www.organisator.ch\/en\/marketing\/2024-11-22\/festland-lab-session-zu-den-trends-im-employer-branding\/","og_site_name":"Organisator","article_publisher":"https:\/\/www.facebook.com\/OrganisatorFachmagazin","article_published_time":"2024-11-22T12:59:54+00:00","article_modified_time":"2024-11-25T15:16:28+00:00","author":"galledia","twitter_card":"summary_large_image","twitter_creator":"@admin","schema":{"@context":"https:\/\/schema.org","@graph":[{"@type":"Article","@id":"https:\/\/www.organisator.ch\/marketing\/2024-11-22\/festland-lab-session-zu-den-trends-im-employer-branding\/#article","isPartOf":{"@id":"https:\/\/www.organisator.ch\/marketing\/2024-11-22\/festland-lab-session-zu-den-trends-im-employer-branding\/"},"author":{"name":"galledia","@id":"https:\/\/www.organisator.ch\/#\/schema\/person\/4e51799071cd2dd1232ac003643ef5f0"},"headline":"Festland Lab Session zu den Trends im Employer Branding","datePublished":"2024-11-22T12:59:54+00:00","dateModified":"2024-11-25T15:16:28+00:00","mainEntityOfPage":{"@id":"https:\/\/www.organisator.ch\/marketing\/2024-11-22\/festland-lab-session-zu-den-trends-im-employer-branding\/"},"wordCount":295,"publisher":{"@id":"https:\/\/www.organisator.ch\/#organization"},"image":{"@id":"https:\/\/www.organisator.ch\/marketing\/2024-11-22\/festland-lab-session-zu-den-trends-im-employer-branding\/#primaryimage"},"thumbnailUrl":"https:\/\/www.markt-kom.com\/wp-content\/uploads\/2024\/11\/02_festland_lab_employer_keyvisual.jpg","keywords":["Employer Branding","EmployerBranding","Festland","IT-Talente","MarKom","Pflegeheime","Teamkultur"],"articleSection":["MARKETING"],"inLanguage":"en-US"},{"@type":"WebPage","@id":"https:\/\/www.organisator.ch\/marketing\/2024-11-22\/festland-lab-session-zu-den-trends-im-employer-branding\/","url":"https:\/\/www.organisator.ch\/marketing\/2024-11-22\/festland-lab-session-zu-den-trends-im-employer-branding\/","name":"Festland Lab Session on trends in employer branding - Organizer","isPartOf":{"@id":"https:\/\/www.organisator.ch\/#website"},"primaryImageOfPage":{"@id":"https:\/\/www.organisator.ch\/marketing\/2024-11-22\/festland-lab-session-zu-den-trends-im-employer-branding\/#primaryimage"},"image":{"@id":"https:\/\/www.organisator.ch\/marketing\/2024-11-22\/festland-lab-session-zu-den-trends-im-employer-branding\/#primaryimage"},"thumbnailUrl":"https:\/\/www.markt-kom.com\/wp-content\/uploads\/2024\/11\/02_festland_lab_employer_keyvisual.jpg","datePublished":"2024-11-22T12:59:54+00:00","dateModified":"2024-11-25T15:16:28+00:00","description":"Lab sessions from Festland focus on employer branding. Experts share insights on IT talent, team culture and care homes.","breadcrumb":{"@id":"https:\/\/www.organisator.ch\/marketing\/2024-11-22\/festland-lab-session-zu-den-trends-im-employer-branding\/#breadcrumb"},"inLanguage":"en-US","potentialAction":[{"@type":"ReadAction","target":["https:\/\/www.organisator.ch\/marketing\/2024-11-22\/festland-lab-session-zu-den-trends-im-employer-branding\/"]}]},{"@type":"ImageObject","inLanguage":"en-US","@id":"https:\/\/www.organisator.ch\/marketing\/2024-11-22\/festland-lab-session-zu-den-trends-im-employer-branding\/#primaryimage","url":"https:\/\/www.markt-kom.com\/wp-content\/uploads\/2024\/11\/02_festland_lab_employer_keyvisual.jpg","contentUrl":"https:\/\/www.markt-kom.com\/wp-content\/uploads\/2024\/11\/02_festland_lab_employer_keyvisual.jpg"},{"@type":"BreadcrumbList","@id":"https:\/\/www.organisator.ch\/marketing\/2024-11-22\/festland-lab-session-zu-den-trends-im-employer-branding\/#breadcrumb","itemListElement":[{"@type":"ListItem","position":1,"name":"Home","item":"https:\/\/www.organisator.ch\/"},{"@type":"ListItem","position":2,"name":"Festland Lab Session zu den Trends im Employer Branding"}]},{"@type":"WebSite","@id":"https:\/\/www.organisator.ch\/#website","url":"https:\/\/www.organisator.ch\/","name":"Organizer","description":"Competent. Practical. In 10 issues per year, ORGANISATOR presents the essential topics for managers of SMEs.","publisher":{"@id":"https:\/\/www.organisator.ch\/#organization"},"potentialAction":[{"@type":"SearchAction","target":{"@type":"EntryPoint","urlTemplate":"https:\/\/www.organisator.ch\/?s={search_term_string}"},"query-input":{"@type":"PropertyValueSpecification","valueRequired":true,"valueName":"search_term_string"}}],"inLanguage":"en-US"},{"@type":"Organization","@id":"https:\/\/www.organisator.ch\/#organization","name":"Organizer","url":"https:\/\/www.organisator.ch\/","logo":{"@type":"ImageObject","inLanguage":"en-US","@id":"https:\/\/www.organisator.ch\/#\/schema\/logo\/image\/","url":"https:\/\/www.organisator.ch\/wp-content\/uploads\/2022\/01\/Logo_Organisator_Website.png","contentUrl":"https:\/\/www.organisator.ch\/wp-content\/uploads\/2022\/01\/Logo_Organisator_Website.png","width":800,"height":77,"caption":"Organisator"},"image":{"@id":"https:\/\/www.organisator.ch\/#\/schema\/logo\/image\/"},"sameAs":["https:\/\/www.facebook.com\/OrganisatorFachmagazin","https:\/\/www.linkedin.com\/showcase\/organisator-das-magazin-fr-kmu","https:\/\/www.xing.com\/news\/pages\/organisator-ch-695","https:\/\/www.youtube.com\/channel\/UCGP2Sq0iWaZwT3BdIAQFYpw"]},{"@type":"Person","@id":"https:\/\/www.organisator.ch\/#\/schema\/person\/4e51799071cd2dd1232ac003643ef5f0","name":"galledia","image":{"@type":"ImageObject","inLanguage":"en-US","@id":"https:\/\/secure.gravatar.com\/avatar\/78a7f90c01fc2bfc875782a0d4922b37cde2cf184ce347b91316d23cd7f69a36?s=96&d=mm&r=g","url":"https:\/\/secure.gravatar.com\/avatar\/78a7f90c01fc2bfc875782a0d4922b37cde2cf184ce347b91316d23cd7f69a36?s=96&d=mm&r=g","contentUrl":"https:\/\/secure.gravatar.com\/avatar\/78a7f90c01fc2bfc875782a0d4922b37cde2cf184ce347b91316d23cd7f69a36?s=96&d=mm&r=g","caption":"galledia"},"sameAs":["https:\/\/x.com\/admin"],"url":"https:\/\/www.organisator.ch\/en\/author\/galledia\/"}]}},"_links":{"self":[{"href":"https:\/\/www.organisator.ch\/en\/wp-json\/wp\/v2\/posts\/33906","targetHints":{"allow":["GET"]}}],"collection":[{"href":"https:\/\/www.organisator.ch\/en\/wp-json\/wp\/v2\/posts"}],"about":[{"href":"https:\/\/www.organisator.ch\/en\/wp-json\/wp\/v2\/types\/post"}],"author":[{"embeddable":true,"href":"https:\/\/www.organisator.ch\/en\/wp-json\/wp\/v2\/users\/8"}],"replies":[{"embeddable":true,"href":"https:\/\/www.organisator.ch\/en\/wp-json\/wp\/v2\/comments?post=33906"}],"version-history":[{"count":4,"href":"https:\/\/www.organisator.ch\/en\/wp-json\/wp\/v2\/posts\/33906\/revisions"}],"predecessor-version":[{"id":33968,"href":"https:\/\/www.organisator.ch\/en\/wp-json\/wp\/v2\/posts\/33906\/revisions\/33968"}],"wp:attachment":[{"href":"https:\/\/www.organisator.ch\/en\/wp-json\/wp\/v2\/media?parent=33906"}],"wp:term":[{"taxonomy":"category","embeddable":true,"href":"https:\/\/www.organisator.ch\/en\/wp-json\/wp\/v2\/categories?post=33906"},{"taxonomy":"post_tag","embeddable":true,"href":"https:\/\/www.organisator.ch\/en\/wp-json\/wp\/v2\/tags?post=33906"}],"curies":[{"name":"wp","href":"https:\/\/api.w.org\/{rel}","templated":true}]}}