{"id":33918,"date":"2024-11-20T10:03:33","date_gmt":"2024-11-20T09:03:33","guid":{"rendered":"https:\/\/www.markt-kom.com\/?p=226854"},"modified":"2024-11-25T16:11:16","modified_gmt":"2024-11-25T15:11:16","slug":"new-work-in-der-kommunikation-balance-statt-burnout","status":"publish","type":"post","link":"https:\/\/www.organisator.ch\/en\/marketing\/2024-11-20\/new-work-in-der-kommunikation-balance-statt-burnout\/","title":{"rendered":"New work in communication: balance instead of burnout"},"content":{"rendered":"<figure id=\"attachment_226855\" class=\"wp-caption aligncenter\" style=\"width: 1200px;\" aria-describedby=\"caption-attachment-226855\"><img class=\"aligncenter wp-image-226855 size-full\" src=\"https:\/\/www.markt-kom.com\/wp-content\/uploads\/2024\/11\/Balance-statt-Burnout-DE.jpg\" sizes=\"(max-width: 1200px) 100vw, 1200px\" srcset=\"https:\/\/www.markt-kom.com\/wp-content\/uploads\/2024\/11\/Balance-statt-Burnout-DE.jpg 1200w, https:\/\/www.markt-kom.com\/wp-content\/uploads\/2024\/11\/Balance-statt-Burnout-DE-600x450.jpg 600w, https:\/\/www.markt-kom.com\/wp-content\/uploads\/2024\/11\/Balance-statt-Burnout-DE-1024x768.jpg 1024w, https:\/\/www.markt-kom.com\/wp-content\/uploads\/2024\/11\/Balance-statt-Burnout-DE-768x576.jpg 768w, https:\/\/www.markt-kom.com\/wp-content\/uploads\/2024\/11\/Balance-statt-Burnout-DE-16x12.jpg 16w, https:\/\/www.markt-kom.com\/wp-content\/uploads\/2024\/11\/Balance-statt-Burnout-DE-233x175.jpg 233w, https:\/\/www.markt-kom.com\/wp-content\/uploads\/2024\/11\/Balance-statt-Burnout-DE-467x350.jpg 467w, https:\/\/www.markt-kom.com\/wp-content\/uploads\/2024\/11\/Balance-statt-Burnout-DE-1000x750.jpg 1000w\" alt=\"Self-determined work in PR\" width=\"1200\" height=\"900\" \/>\r\n<figcaption id=\"caption-attachment-226855\" class=\"wp-caption-text\">(Graphic: News Aktuell)<\/figcaption>\r\n<\/figure>\r\n<p>According to the survey, a large majority (91%) of PR professionals are able to carry out their work independently and autonomously. In addition, 78% of communications experts are able to organize their working hours flexibly. And management is also increasingly relying on a modern understanding of leadership: 75 percent of managers actively support self-determined work and give their teams more responsibility. This development is supported by clear company guidelines on remote work and the free choice between working from home and the office - 71% of respondents say this about their company.<\/p>\r\n<p>Almost two thirds (65%) of communications experts also state that their company promotes a learning culture that supports continuous training and personal development. At the same time, almost as many companies and PR agencies (63%) ensure that work and private life are in balance (work-life balance). Diversity is already promoted in 62 percent of companies, according to the PR experts.<\/p>\r\n<p>For 58 percent of PR professionals, it is now possible to increasingly work from home, and exactly half (50 percent) of those surveyed stated that managers in their companies are increasingly handing over responsibility. Agile working has become the standard for almost as many (49%).<\/p>\r\n<p>Only one in three (31%) say that everyone in the team works in the same city, and just under a quarter (24%) even work completely remotely. For a good one in five PR professionals (22 percent), the respective company even promotes remote work in other European countries.<\/p>\r\n<h3><strong>Communicators have stated that<\/strong><\/h3>\r\n<ul>\r\n\t<li>I can do my work independently and autonomously 91 %<\/li>\r\n\t<li>I can organize my working hours flexibly 78 %<\/li>\r\n\t<li>In my company, managers support, encourage and empower their teams to work autonomously 75 %<\/li>\r\n\t<li>My company has clear guidelines on remote work 71%<\/li>\r\n\t<li>I can choose whether I work from home or in the office 71 %<\/li>\r\n\t<li>My company promotes a learning culture that supports continuous training and personal development 65 %<\/li>\r\n\t<li>In my company, care is taken to ensure that work and private life are in balance 63 %<\/li>\r\n\t<li>Diversity is promoted in my company 62 %<\/li>\r\n\t<li>I am increasingly working from home 58 %<\/li>\r\n\t<li>In my company, managers are increasingly handing over responsibility 50 %<\/li>\r\n\t<li>I have a say\/participation in company decisions 50 %<\/li>\r\n\t<li>Agile working is standard in my company 49 %<\/li>\r\n\t<li>Everyone in my team works in the same city 31 %<\/li>\r\n\t<li>Everyone in my team works remotely 24 %<\/li>\r\n\t<li>My company promotes remote work in other European countries 22 %<\/li>\r\n<\/ul>\r\n<hr \/>\r\n<p><em>For the <a href=\"https:\/\/www.newsaktuell.de\/blog\/search\/?s=PR-Trendmonitor\">PR Trend Monitor<\/a> News Aktuell and Per conducted an online survey in February 2024 among 327 communications professionals from companies, organizations and PR agencies in Switzerland and Germany.<\/em><\/p>","protected":false},"excerpt":{"rendered":"<p>Independent and self-determined work, flexible working hours and managers who support self-determined work are increasingly part of the reality of the \"new world of work\" for the majority of communicators, as the PR trend monitor by News Aktuell and Per shows.<\/p>","protected":false},"author":8,"featured_media":0,"comment_status":"closed","ping_status":"closed","sticky":false,"template":"","format":"standard","meta":{"_acf_changed":false,"_yoast_wpseo_focuskw":"Selbstbestimmtes Arbeiten in der PR","_yoast_wpseo_metadesc":"91 % der PR-Profis arbeiten eigenverantwortlich und flexibel. F\u00fchrungskr\u00e4fte f\u00f6rdern selbstbestimmtes Arbeiten, laut PR-Trendmonitor.","articlekey":"","footnotes":""},"categories":[29],"tags":[1193,225,4343,363,4497,4823,4671,4825,4824,459],"class_list":["post-33918","post","type-post","status-publish","format-standard","hentry","category-marketing","tag-flexibilitaet","tag-fuehrung","tag-markom","tag-new-work","tag-news-aktuell","tag-pr","tag-pr-trendmonitor","tag-remotework","tag-selbstbestimmung","tag-studie"],"acf":[],"yoast_head":"<!-- This site is optimized with the Yoast SEO plugin v27.5 - https:\/\/yoast.com\/product\/yoast-seo-wordpress\/ -->\n<title>New Work in der Kommunikation: Balance statt Burnout - Organisator<\/title>\n<meta name=\"description\" content=\"91 % der PR-Profis arbeiten eigenverantwortlich und flexibel. F\u00fchrungskr\u00e4fte f\u00f6rdern selbstbestimmtes Arbeiten, laut PR-Trendmonitor.\" \/>\n<meta name=\"robots\" content=\"index, follow, max-snippet:-1, max-image-preview:large, max-video-preview:-1\" \/>\n<link rel=\"canonical\" href=\"https:\/\/www.organisator.ch\/en\/marketing\/2024-11-20\/new-work-in-der-kommunikation-balance-statt-burnout\/\" \/>\n<meta property=\"og:locale\" content=\"en_US\" \/>\n<meta property=\"og:type\" content=\"article\" \/>\n<meta property=\"og:title\" content=\"New Work in der Kommunikation: Balance statt Burnout - Organisator\" \/>\n<meta property=\"og:description\" content=\"91 % der PR-Profis arbeiten eigenverantwortlich und flexibel. F\u00fchrungskr\u00e4fte f\u00f6rdern selbstbestimmtes Arbeiten, laut PR-Trendmonitor.\" \/>\n<meta property=\"og:url\" content=\"https:\/\/www.organisator.ch\/en\/marketing\/2024-11-20\/new-work-in-der-kommunikation-balance-statt-burnout\/\" \/>\n<meta property=\"og:site_name\" content=\"Organisator\" \/>\n<meta property=\"article:publisher\" content=\"https:\/\/www.facebook.com\/OrganisatorFachmagazin\" \/>\n<meta property=\"article:published_time\" content=\"2024-11-20T09:03:33+00:00\" \/>\n<meta property=\"article:modified_time\" content=\"2024-11-25T15:11:16+00:00\" \/>\n<meta name=\"author\" content=\"galledia\" \/>\n<meta name=\"twitter:card\" content=\"summary_large_image\" \/>\n<meta name=\"twitter:creator\" content=\"@admin\" \/>\n<script type=\"application\/ld+json\" class=\"yoast-schema-graph\">{\"@context\":\"https:\\\/\\\/schema.org\",\"@graph\":[{\"@type\":\"Article\",\"@id\":\"https:\\\/\\\/www.organisator.ch\\\/marketing\\\/2024-11-20\\\/new-work-in-der-kommunikation-balance-statt-burnout\\\/#article\",\"isPartOf\":{\"@id\":\"https:\\\/\\\/www.organisator.ch\\\/marketing\\\/2024-11-20\\\/new-work-in-der-kommunikation-balance-statt-burnout\\\/\"},\"author\":{\"name\":\"galledia\",\"@id\":\"https:\\\/\\\/www.organisator.ch\\\/#\\\/schema\\\/person\\\/4e51799071cd2dd1232ac003643ef5f0\"},\"headline\":\"New Work in der Kommunikation: Balance statt Burnout\",\"datePublished\":\"2024-11-20T09:03:33+00:00\",\"dateModified\":\"2024-11-25T15:11:16+00:00\",\"mainEntityOfPage\":{\"@id\":\"https:\\\/\\\/www.organisator.ch\\\/marketing\\\/2024-11-20\\\/new-work-in-der-kommunikation-balance-statt-burnout\\\/\"},\"wordCount\":440,\"publisher\":{\"@id\":\"https:\\\/\\\/www.organisator.ch\\\/#organization\"},\"image\":{\"@id\":\"https:\\\/\\\/www.organisator.ch\\\/marketing\\\/2024-11-20\\\/new-work-in-der-kommunikation-balance-statt-burnout\\\/#primaryimage\"},\"thumbnailUrl\":\"https:\\\/\\\/www.markt-kom.com\\\/wp-content\\\/uploads\\\/2024\\\/11\\\/Balance-statt-Burnout-DE.jpg\",\"keywords\":[\"Flexibilit\u00e4t\",\"F\u00fchrung\",\"MarKom\",\"New Work\",\"News Aktuell\",\"PR\",\"PR-Trendmonitor\",\"RemoteWork\",\"Selbstbestimmung\",\"Studie\"],\"articleSection\":[\"MARKETING\"],\"inLanguage\":\"en-US\"},{\"@type\":\"WebPage\",\"@id\":\"https:\\\/\\\/www.organisator.ch\\\/marketing\\\/2024-11-20\\\/new-work-in-der-kommunikation-balance-statt-burnout\\\/\",\"url\":\"https:\\\/\\\/www.organisator.ch\\\/marketing\\\/2024-11-20\\\/new-work-in-der-kommunikation-balance-statt-burnout\\\/\",\"name\":\"New Work in der Kommunikation: Balance statt Burnout - Organisator\",\"isPartOf\":{\"@id\":\"https:\\\/\\\/www.organisator.ch\\\/#website\"},\"primaryImageOfPage\":{\"@id\":\"https:\\\/\\\/www.organisator.ch\\\/marketing\\\/2024-11-20\\\/new-work-in-der-kommunikation-balance-statt-burnout\\\/#primaryimage\"},\"image\":{\"@id\":\"https:\\\/\\\/www.organisator.ch\\\/marketing\\\/2024-11-20\\\/new-work-in-der-kommunikation-balance-statt-burnout\\\/#primaryimage\"},\"thumbnailUrl\":\"https:\\\/\\\/www.markt-kom.com\\\/wp-content\\\/uploads\\\/2024\\\/11\\\/Balance-statt-Burnout-DE.jpg\",\"datePublished\":\"2024-11-20T09:03:33+00:00\",\"dateModified\":\"2024-11-25T15:11:16+00:00\",\"description\":\"91 % der PR-Profis arbeiten eigenverantwortlich und flexibel. F\u00fchrungskr\u00e4fte f\u00f6rdern selbstbestimmtes Arbeiten, laut PR-Trendmonitor.\",\"breadcrumb\":{\"@id\":\"https:\\\/\\\/www.organisator.ch\\\/marketing\\\/2024-11-20\\\/new-work-in-der-kommunikation-balance-statt-burnout\\\/#breadcrumb\"},\"inLanguage\":\"en-US\",\"potentialAction\":[{\"@type\":\"ReadAction\",\"target\":[\"https:\\\/\\\/www.organisator.ch\\\/marketing\\\/2024-11-20\\\/new-work-in-der-kommunikation-balance-statt-burnout\\\/\"]}]},{\"@type\":\"ImageObject\",\"inLanguage\":\"en-US\",\"@id\":\"https:\\\/\\\/www.organisator.ch\\\/marketing\\\/2024-11-20\\\/new-work-in-der-kommunikation-balance-statt-burnout\\\/#primaryimage\",\"url\":\"https:\\\/\\\/www.markt-kom.com\\\/wp-content\\\/uploads\\\/2024\\\/11\\\/Balance-statt-Burnout-DE.jpg\",\"contentUrl\":\"https:\\\/\\\/www.markt-kom.com\\\/wp-content\\\/uploads\\\/2024\\\/11\\\/Balance-statt-Burnout-DE.jpg\"},{\"@type\":\"BreadcrumbList\",\"@id\":\"https:\\\/\\\/www.organisator.ch\\\/marketing\\\/2024-11-20\\\/new-work-in-der-kommunikation-balance-statt-burnout\\\/#breadcrumb\",\"itemListElement\":[{\"@type\":\"ListItem\",\"position\":1,\"name\":\"Home\",\"item\":\"https:\\\/\\\/www.organisator.ch\\\/\"},{\"@type\":\"ListItem\",\"position\":2,\"name\":\"New Work in der Kommunikation: Balance statt Burnout\"}]},{\"@type\":\"WebSite\",\"@id\":\"https:\\\/\\\/www.organisator.ch\\\/#website\",\"url\":\"https:\\\/\\\/www.organisator.ch\\\/\",\"name\":\"Organisator\",\"description\":\"Kompetent. Praxisnah. Der ORGANISATOR bereitet in 10 Ausgaben pro Jahr die wesentlichen Themen f\u00fcr F\u00fchrungskr\u00e4fte von KMU auf.\",\"publisher\":{\"@id\":\"https:\\\/\\\/www.organisator.ch\\\/#organization\"},\"potentialAction\":[{\"@type\":\"SearchAction\",\"target\":{\"@type\":\"EntryPoint\",\"urlTemplate\":\"https:\\\/\\\/www.organisator.ch\\\/?s={search_term_string}\"},\"query-input\":{\"@type\":\"PropertyValueSpecification\",\"valueRequired\":true,\"valueName\":\"search_term_string\"}}],\"inLanguage\":\"en-US\"},{\"@type\":\"Organization\",\"@id\":\"https:\\\/\\\/www.organisator.ch\\\/#organization\",\"name\":\"Organisator\",\"url\":\"https:\\\/\\\/www.organisator.ch\\\/\",\"logo\":{\"@type\":\"ImageObject\",\"inLanguage\":\"en-US\",\"@id\":\"https:\\\/\\\/www.organisator.ch\\\/#\\\/schema\\\/logo\\\/image\\\/\",\"url\":\"https:\\\/\\\/www.organisator.ch\\\/wp-content\\\/uploads\\\/2022\\\/01\\\/Logo_Organisator_Website.png\",\"contentUrl\":\"https:\\\/\\\/www.organisator.ch\\\/wp-content\\\/uploads\\\/2022\\\/01\\\/Logo_Organisator_Website.png\",\"width\":800,\"height\":77,\"caption\":\"Organisator\"},\"image\":{\"@id\":\"https:\\\/\\\/www.organisator.ch\\\/#\\\/schema\\\/logo\\\/image\\\/\"},\"sameAs\":[\"https:\\\/\\\/www.facebook.com\\\/OrganisatorFachmagazin\",\"https:\\\/\\\/www.linkedin.com\\\/showcase\\\/organisator-das-magazin-fr-kmu\",\"https:\\\/\\\/www.xing.com\\\/news\\\/pages\\\/organisator-ch-695\",\"https:\\\/\\\/www.youtube.com\\\/channel\\\/UCGP2Sq0iWaZwT3BdIAQFYpw\"]},{\"@type\":\"Person\",\"@id\":\"https:\\\/\\\/www.organisator.ch\\\/#\\\/schema\\\/person\\\/4e51799071cd2dd1232ac003643ef5f0\",\"name\":\"galledia\",\"image\":{\"@type\":\"ImageObject\",\"inLanguage\":\"en-US\",\"@id\":\"https:\\\/\\\/secure.gravatar.com\\\/avatar\\\/78a7f90c01fc2bfc875782a0d4922b37cde2cf184ce347b91316d23cd7f69a36?s=96&d=mm&r=g\",\"url\":\"https:\\\/\\\/secure.gravatar.com\\\/avatar\\\/78a7f90c01fc2bfc875782a0d4922b37cde2cf184ce347b91316d23cd7f69a36?s=96&d=mm&r=g\",\"contentUrl\":\"https:\\\/\\\/secure.gravatar.com\\\/avatar\\\/78a7f90c01fc2bfc875782a0d4922b37cde2cf184ce347b91316d23cd7f69a36?s=96&d=mm&r=g\",\"caption\":\"galledia\"},\"sameAs\":[\"https:\\\/\\\/x.com\\\/admin\"],\"url\":\"https:\\\/\\\/www.organisator.ch\\\/en\\\/author\\\/galledia\\\/\"}]}<\/script>\n<!-- \/ Yoast SEO plugin. -->","yoast_head_json":{"title":"New Work in communication: balance instead of burnout - Organizer","description":"91 % of PR professionals work independently and flexibly. Managers encourage self-determined work, according to the PR Trend Monitor.","robots":{"index":"index","follow":"follow","max-snippet":"max-snippet:-1","max-image-preview":"max-image-preview:large","max-video-preview":"max-video-preview:-1"},"canonical":"https:\/\/www.organisator.ch\/en\/marketing\/2024-11-20\/new-work-in-der-kommunikation-balance-statt-burnout\/","og_locale":"en_US","og_type":"article","og_title":"New Work in der Kommunikation: Balance statt Burnout - Organisator","og_description":"91 % der PR-Profis arbeiten eigenverantwortlich und flexibel. F\u00fchrungskr\u00e4fte f\u00f6rdern selbstbestimmtes Arbeiten, laut PR-Trendmonitor.","og_url":"https:\/\/www.organisator.ch\/en\/marketing\/2024-11-20\/new-work-in-der-kommunikation-balance-statt-burnout\/","og_site_name":"Organisator","article_publisher":"https:\/\/www.facebook.com\/OrganisatorFachmagazin","article_published_time":"2024-11-20T09:03:33+00:00","article_modified_time":"2024-11-25T15:11:16+00:00","author":"galledia","twitter_card":"summary_large_image","twitter_creator":"@admin","schema":{"@context":"https:\/\/schema.org","@graph":[{"@type":"Article","@id":"https:\/\/www.organisator.ch\/marketing\/2024-11-20\/new-work-in-der-kommunikation-balance-statt-burnout\/#article","isPartOf":{"@id":"https:\/\/www.organisator.ch\/marketing\/2024-11-20\/new-work-in-der-kommunikation-balance-statt-burnout\/"},"author":{"name":"galledia","@id":"https:\/\/www.organisator.ch\/#\/schema\/person\/4e51799071cd2dd1232ac003643ef5f0"},"headline":"New Work in der Kommunikation: Balance statt Burnout","datePublished":"2024-11-20T09:03:33+00:00","dateModified":"2024-11-25T15:11:16+00:00","mainEntityOfPage":{"@id":"https:\/\/www.organisator.ch\/marketing\/2024-11-20\/new-work-in-der-kommunikation-balance-statt-burnout\/"},"wordCount":440,"publisher":{"@id":"https:\/\/www.organisator.ch\/#organization"},"image":{"@id":"https:\/\/www.organisator.ch\/marketing\/2024-11-20\/new-work-in-der-kommunikation-balance-statt-burnout\/#primaryimage"},"thumbnailUrl":"https:\/\/www.markt-kom.com\/wp-content\/uploads\/2024\/11\/Balance-statt-Burnout-DE.jpg","keywords":["Flexibilit\u00e4t","F\u00fchrung","MarKom","New Work","News Aktuell","PR","PR-Trendmonitor","RemoteWork","Selbstbestimmung","Studie"],"articleSection":["MARKETING"],"inLanguage":"en-US"},{"@type":"WebPage","@id":"https:\/\/www.organisator.ch\/marketing\/2024-11-20\/new-work-in-der-kommunikation-balance-statt-burnout\/","url":"https:\/\/www.organisator.ch\/marketing\/2024-11-20\/new-work-in-der-kommunikation-balance-statt-burnout\/","name":"New Work in communication: balance instead of burnout - Organizer","isPartOf":{"@id":"https:\/\/www.organisator.ch\/#website"},"primaryImageOfPage":{"@id":"https:\/\/www.organisator.ch\/marketing\/2024-11-20\/new-work-in-der-kommunikation-balance-statt-burnout\/#primaryimage"},"image":{"@id":"https:\/\/www.organisator.ch\/marketing\/2024-11-20\/new-work-in-der-kommunikation-balance-statt-burnout\/#primaryimage"},"thumbnailUrl":"https:\/\/www.markt-kom.com\/wp-content\/uploads\/2024\/11\/Balance-statt-Burnout-DE.jpg","datePublished":"2024-11-20T09:03:33+00:00","dateModified":"2024-11-25T15:11:16+00:00","description":"91 % of PR professionals work independently and flexibly. Managers encourage self-determined work, according to the PR Trend Monitor.","breadcrumb":{"@id":"https:\/\/www.organisator.ch\/marketing\/2024-11-20\/new-work-in-der-kommunikation-balance-statt-burnout\/#breadcrumb"},"inLanguage":"en-US","potentialAction":[{"@type":"ReadAction","target":["https:\/\/www.organisator.ch\/marketing\/2024-11-20\/new-work-in-der-kommunikation-balance-statt-burnout\/"]}]},{"@type":"ImageObject","inLanguage":"en-US","@id":"https:\/\/www.organisator.ch\/marketing\/2024-11-20\/new-work-in-der-kommunikation-balance-statt-burnout\/#primaryimage","url":"https:\/\/www.markt-kom.com\/wp-content\/uploads\/2024\/11\/Balance-statt-Burnout-DE.jpg","contentUrl":"https:\/\/www.markt-kom.com\/wp-content\/uploads\/2024\/11\/Balance-statt-Burnout-DE.jpg"},{"@type":"BreadcrumbList","@id":"https:\/\/www.organisator.ch\/marketing\/2024-11-20\/new-work-in-der-kommunikation-balance-statt-burnout\/#breadcrumb","itemListElement":[{"@type":"ListItem","position":1,"name":"Home","item":"https:\/\/www.organisator.ch\/"},{"@type":"ListItem","position":2,"name":"New Work in der Kommunikation: Balance statt Burnout"}]},{"@type":"WebSite","@id":"https:\/\/www.organisator.ch\/#website","url":"https:\/\/www.organisator.ch\/","name":"Organizer","description":"Competent. Practical. In 10 issues per year, ORGANISATOR presents the essential topics for managers of SMEs.","publisher":{"@id":"https:\/\/www.organisator.ch\/#organization"},"potentialAction":[{"@type":"SearchAction","target":{"@type":"EntryPoint","urlTemplate":"https:\/\/www.organisator.ch\/?s={search_term_string}"},"query-input":{"@type":"PropertyValueSpecification","valueRequired":true,"valueName":"search_term_string"}}],"inLanguage":"en-US"},{"@type":"Organization","@id":"https:\/\/www.organisator.ch\/#organization","name":"Organizer","url":"https:\/\/www.organisator.ch\/","logo":{"@type":"ImageObject","inLanguage":"en-US","@id":"https:\/\/www.organisator.ch\/#\/schema\/logo\/image\/","url":"https:\/\/www.organisator.ch\/wp-content\/uploads\/2022\/01\/Logo_Organisator_Website.png","contentUrl":"https:\/\/www.organisator.ch\/wp-content\/uploads\/2022\/01\/Logo_Organisator_Website.png","width":800,"height":77,"caption":"Organisator"},"image":{"@id":"https:\/\/www.organisator.ch\/#\/schema\/logo\/image\/"},"sameAs":["https:\/\/www.facebook.com\/OrganisatorFachmagazin","https:\/\/www.linkedin.com\/showcase\/organisator-das-magazin-fr-kmu","https:\/\/www.xing.com\/news\/pages\/organisator-ch-695","https:\/\/www.youtube.com\/channel\/UCGP2Sq0iWaZwT3BdIAQFYpw"]},{"@type":"Person","@id":"https:\/\/www.organisator.ch\/#\/schema\/person\/4e51799071cd2dd1232ac003643ef5f0","name":"galledia","image":{"@type":"ImageObject","inLanguage":"en-US","@id":"https:\/\/secure.gravatar.com\/avatar\/78a7f90c01fc2bfc875782a0d4922b37cde2cf184ce347b91316d23cd7f69a36?s=96&d=mm&r=g","url":"https:\/\/secure.gravatar.com\/avatar\/78a7f90c01fc2bfc875782a0d4922b37cde2cf184ce347b91316d23cd7f69a36?s=96&d=mm&r=g","contentUrl":"https:\/\/secure.gravatar.com\/avatar\/78a7f90c01fc2bfc875782a0d4922b37cde2cf184ce347b91316d23cd7f69a36?s=96&d=mm&r=g","caption":"galledia"},"sameAs":["https:\/\/x.com\/admin"],"url":"https:\/\/www.organisator.ch\/en\/author\/galledia\/"}]}},"_links":{"self":[{"href":"https:\/\/www.organisator.ch\/en\/wp-json\/wp\/v2\/posts\/33918","targetHints":{"allow":["GET"]}}],"collection":[{"href":"https:\/\/www.organisator.ch\/en\/wp-json\/wp\/v2\/posts"}],"about":[{"href":"https:\/\/www.organisator.ch\/en\/wp-json\/wp\/v2\/types\/post"}],"author":[{"embeddable":true,"href":"https:\/\/www.organisator.ch\/en\/wp-json\/wp\/v2\/users\/8"}],"replies":[{"embeddable":true,"href":"https:\/\/www.organisator.ch\/en\/wp-json\/wp\/v2\/comments?post=33918"}],"version-history":[{"count":3,"href":"https:\/\/www.organisator.ch\/en\/wp-json\/wp\/v2\/posts\/33918\/revisions"}],"predecessor-version":[{"id":33956,"href":"https:\/\/www.organisator.ch\/en\/wp-json\/wp\/v2\/posts\/33918\/revisions\/33956"}],"wp:attachment":[{"href":"https:\/\/www.organisator.ch\/en\/wp-json\/wp\/v2\/media?parent=33918"}],"wp:term":[{"taxonomy":"category","embeddable":true,"href":"https:\/\/www.organisator.ch\/en\/wp-json\/wp\/v2\/categories?post=33918"},{"taxonomy":"post_tag","embeddable":true,"href":"https:\/\/www.organisator.ch\/en\/wp-json\/wp\/v2\/tags?post=33918"}],"curies":[{"name":"wp","href":"https:\/\/api.w.org\/{rel}","templated":true}]}}