{"id":33932,"date":"2024-11-13T14:52:06","date_gmt":"2024-11-13T13:52:06","guid":{"rendered":"https:\/\/www.m-q.ch\/?p=20702"},"modified":"2024-11-25T16:05:50","modified_gmt":"2024-11-25T15:05:50","slug":"swiss-cyber-security-days-2025-wechsel-an-der-praesidiumsspitze","status":"publish","type":"post","link":"https:\/\/www.organisator.ch\/en\/operational-excellence\/2024-11-13\/swiss-cyber-security-days-2025-wechsel-an-der-praesidiumsspitze\/","title":{"rendered":"Swiss Cyber Security Days 2025: Change at the top of the Executive Committee"},"content":{"rendered":"<figure id=\"attachment_20703\" class=\"wp-caption alignnone\" style=\"width: 680px;\" aria-describedby=\"caption-attachment-20703\"><img class=\"alignnone wp-image-20703 size-full\" src=\"https:\/\/www.m-q.ch\/wp-content\/uploads\/2024\/11\/SCSD_Bild1_ps.jpg\" sizes=\"(max-width: 680px) 100vw, 680px\" srcset=\"https:\/\/www.m-q.ch\/wp-content\/uploads\/2024\/11\/SCSD_Bild1_ps.jpg 680w, https:\/\/www.m-q.ch\/wp-content\/uploads\/2024\/11\/SCSD_Bild1_ps-13x12.jpg 13w, https:\/\/www.m-q.ch\/wp-content\/uploads\/2024\/11\/SCSD_Bild1_ps-319x300.jpg 319w, https:\/\/www.m-q.ch\/wp-content\/uploads\/2024\/11\/SCSD_Bild1_ps-372x350.jpg 372w\" alt=\"Swiss Cyber Security Days 2025\" width=\"680\" height=\"639\" \/>\r\n<figcaption id=\"caption-attachment-20703\" class=\"wp-caption-text\">The Swiss Cyber Security Days (SCSD) will take place on February 18 and 19, 2025 at the Bernexpo site in Bern. (Image: www.scsd.ch \/ www.parlament.ch)<\/figcaption>\r\n<\/figure>\r\n<p>The Swiss Cyber Security Days (SCSD) will take place on February 18 and 19, 2025 at the Bernexpo site in Bern and will show why cyberspace and new technologies are among the greatest challenges of our time. The speakers come from the fields of science, research, defense, administration, business, media and civilian life.<\/p>\r\n<p>With her enthusiasm and great commitment, former FDP National Councillor Doris Fiala played a key role in shaping the format of the event. \"The SCSD was a matter close to my heart,\" says Fiala. \"Our goal was always to organize a relevant event in this urgent area. Today, I am proud to say that we have succeeded. After five years as President, the handover to my esteemed colleague Gugger feels right and good\".<\/p>\r\n<p>Doris Fiala will be succeeded by EPP National Councillor Dr. h. c. Nik Gugger, the \"greatest bridge builder\" in the Swiss National Council (CH Media 2021). With his digital expertise, social commitment and national and international network, he is the ideal candidate for the SCSD presidency. Nik Gugger is a member of the Foreign Affairs Committee of the National Council, part of the Swiss delegation to the Council of Europe, President of the Swiss-Indian Parliamentary Friendship Group and Co-President of the Swiss-Ukrainian Parliamentary Group. \"Many of the big issues of our time are digital,\" says Gugger. \"We are setting the course for tomorrow today. I am delighted to be at the forefront of ensuring that we can move independently and securely in the digital space.\"<\/p>\r\n<p><em>Source: <a href=\"http:\/\/www.scsd.ch\/\">www.scsd.ch<\/a><\/em><\/p>\n<p class=\"syndicated-attribution\">This article originally appeared on m-q.ch - <a href=\"https:\/\/www.m-q.ch\/de\/swiss-cyber-security-days-2025-wechsel-an-der-praesidiumsspitze\/\" target=\"_blank\">https:\/\/www.m-q.ch\/de\/swiss-cyber-security-days-2025-wechsel-an-der-praesidiumsspitze\/<\/a><\/p>","protected":false},"excerpt":{"rendered":"<p>The Swiss Cyber Security Days (SCSD) will take place on February 18 and 19, 2025 at the Bernexpo site in Bern. On two stages, high-ranking speakers will explain the central importance of cyberspace and new technologies in our lives. After five years at the helm, former FDP National Councillor Doris Fiala is handing over the reins to the \"greatest bridge builder\" in the Swiss National Council, EPP National Councillor Nik Gugger.<\/p>","protected":false},"author":58,"featured_media":0,"comment_status":"closed","ping_status":"closed","sticky":false,"template":"","format":"standard","meta":{"_acf_changed":false,"_yoast_wpseo_focuskw":"Swiss Cyber Security Days 2025","_yoast_wpseo_metadesc":"Die SCSD 2025 in Bern thematisieren Cyberraum und neue Technologien. Nik Gugger \u00fcbernimmt das Pr\u00e4sidium von Doris Fiala.","articlekey":"","footnotes":""},"categories":[582],"tags":[4811,2675,3047,3343,418,424,2654,475,492],"class_list":["post-33932","post","type-post","status-publish","format-standard","hentry","category-operational-excellence","tag-bern","tag-cyber-security","tag-cybersecurity","tag-konferenz","tag-risikomanagement","tag-schweiz","tag-scsd","tag-technologie","tag-unternehmen"],"acf":[],"yoast_head":"<!-- This site is optimized with the Yoast SEO plugin v27.4 - https:\/\/yoast.com\/product\/yoast-seo-wordpress\/ -->\n<title>Swiss Cyber Security Days 2025: Wechsel an der Pr\u00e4sidiumsspitze - Organisator<\/title>\n<meta name=\"description\" content=\"Die SCSD 2025 in Bern thematisieren Cyberraum und neue Technologien. Nik Gugger \u00fcbernimmt das Pr\u00e4sidium von Doris Fiala.\" \/>\n<meta name=\"robots\" content=\"index, follow, max-snippet:-1, max-image-preview:large, max-video-preview:-1\" \/>\n<link rel=\"canonical\" href=\"https:\/\/www.organisator.ch\/en\/operational-excellence\/2024-11-13\/swiss-cyber-security-days-2025-wechsel-an-der-praesidiumsspitze\/\" \/>\n<meta property=\"og:locale\" content=\"en_US\" \/>\n<meta property=\"og:type\" content=\"article\" \/>\n<meta property=\"og:title\" content=\"Swiss Cyber Security Days 2025: Wechsel an der Pr\u00e4sidiumsspitze - Organisator\" \/>\n<meta property=\"og:description\" content=\"Die SCSD 2025 in Bern thematisieren Cyberraum und neue Technologien. Nik Gugger \u00fcbernimmt das Pr\u00e4sidium von Doris Fiala.\" \/>\n<meta property=\"og:url\" content=\"https:\/\/www.organisator.ch\/en\/operational-excellence\/2024-11-13\/swiss-cyber-security-days-2025-wechsel-an-der-praesidiumsspitze\/\" \/>\n<meta property=\"og:site_name\" content=\"Organisator\" \/>\n<meta property=\"article:publisher\" content=\"https:\/\/www.facebook.com\/OrganisatorFachmagazin\" \/>\n<meta property=\"article:published_time\" content=\"2024-11-13T13:52:06+00:00\" \/>\n<meta property=\"article:modified_time\" content=\"2024-11-25T15:05:50+00:00\" \/>\n<meta name=\"author\" content=\"Adelisa Kalajdzini\" \/>\n<meta name=\"twitter:card\" content=\"summary_large_image\" \/>\n<script type=\"application\/ld+json\" class=\"yoast-schema-graph\">{\"@context\":\"https:\\\/\\\/schema.org\",\"@graph\":[{\"@type\":\"Article\",\"@id\":\"https:\\\/\\\/www.organisator.ch\\\/operational-excellence\\\/2024-11-13\\\/swiss-cyber-security-days-2025-wechsel-an-der-praesidiumsspitze\\\/#article\",\"isPartOf\":{\"@id\":\"https:\\\/\\\/www.organisator.ch\\\/operational-excellence\\\/2024-11-13\\\/swiss-cyber-security-days-2025-wechsel-an-der-praesidiumsspitze\\\/\"},\"author\":{\"name\":\"Adelisa Kalajdzini\",\"@id\":\"https:\\\/\\\/www.organisator.ch\\\/#\\\/schema\\\/person\\\/2e1314a2172123f874db408d8911d3f3\"},\"headline\":\"Swiss Cyber Security Days 2025: Wechsel an der Pr\u00e4sidiumsspitze\",\"datePublished\":\"2024-11-13T13:52:06+00:00\",\"dateModified\":\"2024-11-25T15:05:50+00:00\",\"mainEntityOfPage\":{\"@id\":\"https:\\\/\\\/www.organisator.ch\\\/operational-excellence\\\/2024-11-13\\\/swiss-cyber-security-days-2025-wechsel-an-der-praesidiumsspitze\\\/\"},\"wordCount\":278,\"publisher\":{\"@id\":\"https:\\\/\\\/www.organisator.ch\\\/#organization\"},\"image\":{\"@id\":\"https:\\\/\\\/www.organisator.ch\\\/operational-excellence\\\/2024-11-13\\\/swiss-cyber-security-days-2025-wechsel-an-der-praesidiumsspitze\\\/#primaryimage\"},\"thumbnailUrl\":\"https:\\\/\\\/www.m-q.ch\\\/wp-content\\\/uploads\\\/2024\\\/11\\\/SCSD_Bild1_ps.jpg\",\"keywords\":[\"Bern\",\"Cyber Security\",\"Cybersecurity\",\"Konferenz\",\"Risikomanagement\",\"Schweiz\",\"SCSD\",\"Technologie\",\"Unternehmen\"],\"articleSection\":[\"OPERATIONAL EXCELLENCE\"],\"inLanguage\":\"en-US\"},{\"@type\":\"WebPage\",\"@id\":\"https:\\\/\\\/www.organisator.ch\\\/operational-excellence\\\/2024-11-13\\\/swiss-cyber-security-days-2025-wechsel-an-der-praesidiumsspitze\\\/\",\"url\":\"https:\\\/\\\/www.organisator.ch\\\/operational-excellence\\\/2024-11-13\\\/swiss-cyber-security-days-2025-wechsel-an-der-praesidiumsspitze\\\/\",\"name\":\"Swiss Cyber Security Days 2025: Wechsel an der Pr\u00e4sidiumsspitze - Organisator\",\"isPartOf\":{\"@id\":\"https:\\\/\\\/www.organisator.ch\\\/#website\"},\"primaryImageOfPage\":{\"@id\":\"https:\\\/\\\/www.organisator.ch\\\/operational-excellence\\\/2024-11-13\\\/swiss-cyber-security-days-2025-wechsel-an-der-praesidiumsspitze\\\/#primaryimage\"},\"image\":{\"@id\":\"https:\\\/\\\/www.organisator.ch\\\/operational-excellence\\\/2024-11-13\\\/swiss-cyber-security-days-2025-wechsel-an-der-praesidiumsspitze\\\/#primaryimage\"},\"thumbnailUrl\":\"https:\\\/\\\/www.m-q.ch\\\/wp-content\\\/uploads\\\/2024\\\/11\\\/SCSD_Bild1_ps.jpg\",\"datePublished\":\"2024-11-13T13:52:06+00:00\",\"dateModified\":\"2024-11-25T15:05:50+00:00\",\"description\":\"Die SCSD 2025 in Bern thematisieren Cyberraum und neue Technologien. Nik Gugger \u00fcbernimmt das Pr\u00e4sidium von Doris Fiala.\",\"breadcrumb\":{\"@id\":\"https:\\\/\\\/www.organisator.ch\\\/operational-excellence\\\/2024-11-13\\\/swiss-cyber-security-days-2025-wechsel-an-der-praesidiumsspitze\\\/#breadcrumb\"},\"inLanguage\":\"en-US\",\"potentialAction\":[{\"@type\":\"ReadAction\",\"target\":[\"https:\\\/\\\/www.organisator.ch\\\/operational-excellence\\\/2024-11-13\\\/swiss-cyber-security-days-2025-wechsel-an-der-praesidiumsspitze\\\/\"]}]},{\"@type\":\"ImageObject\",\"inLanguage\":\"en-US\",\"@id\":\"https:\\\/\\\/www.organisator.ch\\\/operational-excellence\\\/2024-11-13\\\/swiss-cyber-security-days-2025-wechsel-an-der-praesidiumsspitze\\\/#primaryimage\",\"url\":\"https:\\\/\\\/www.m-q.ch\\\/wp-content\\\/uploads\\\/2024\\\/11\\\/SCSD_Bild1_ps.jpg\",\"contentUrl\":\"https:\\\/\\\/www.m-q.ch\\\/wp-content\\\/uploads\\\/2024\\\/11\\\/SCSD_Bild1_ps.jpg\"},{\"@type\":\"BreadcrumbList\",\"@id\":\"https:\\\/\\\/www.organisator.ch\\\/operational-excellence\\\/2024-11-13\\\/swiss-cyber-security-days-2025-wechsel-an-der-praesidiumsspitze\\\/#breadcrumb\",\"itemListElement\":[{\"@type\":\"ListItem\",\"position\":1,\"name\":\"Home\",\"item\":\"https:\\\/\\\/www.organisator.ch\\\/\"},{\"@type\":\"ListItem\",\"position\":2,\"name\":\"Swiss Cyber Security Days 2025: Wechsel an der Pr\u00e4sidiumsspitze\"}]},{\"@type\":\"WebSite\",\"@id\":\"https:\\\/\\\/www.organisator.ch\\\/#website\",\"url\":\"https:\\\/\\\/www.organisator.ch\\\/\",\"name\":\"Organisator\",\"description\":\"Kompetent. Praxisnah. Der ORGANISATOR bereitet in 10 Ausgaben pro Jahr die wesentlichen Themen f\u00fcr F\u00fchrungskr\u00e4fte von KMU auf.\",\"publisher\":{\"@id\":\"https:\\\/\\\/www.organisator.ch\\\/#organization\"},\"potentialAction\":[{\"@type\":\"SearchAction\",\"target\":{\"@type\":\"EntryPoint\",\"urlTemplate\":\"https:\\\/\\\/www.organisator.ch\\\/?s={search_term_string}\"},\"query-input\":{\"@type\":\"PropertyValueSpecification\",\"valueRequired\":true,\"valueName\":\"search_term_string\"}}],\"inLanguage\":\"en-US\"},{\"@type\":\"Organization\",\"@id\":\"https:\\\/\\\/www.organisator.ch\\\/#organization\",\"name\":\"Organisator\",\"url\":\"https:\\\/\\\/www.organisator.ch\\\/\",\"logo\":{\"@type\":\"ImageObject\",\"inLanguage\":\"en-US\",\"@id\":\"https:\\\/\\\/www.organisator.ch\\\/#\\\/schema\\\/logo\\\/image\\\/\",\"url\":\"https:\\\/\\\/www.organisator.ch\\\/wp-content\\\/uploads\\\/2022\\\/01\\\/Logo_Organisator_Website.png\",\"contentUrl\":\"https:\\\/\\\/www.organisator.ch\\\/wp-content\\\/uploads\\\/2022\\\/01\\\/Logo_Organisator_Website.png\",\"width\":800,\"height\":77,\"caption\":\"Organisator\"},\"image\":{\"@id\":\"https:\\\/\\\/www.organisator.ch\\\/#\\\/schema\\\/logo\\\/image\\\/\"},\"sameAs\":[\"https:\\\/\\\/www.facebook.com\\\/OrganisatorFachmagazin\",\"https:\\\/\\\/www.linkedin.com\\\/showcase\\\/organisator-das-magazin-fr-kmu\",\"https:\\\/\\\/www.xing.com\\\/news\\\/pages\\\/organisator-ch-695\",\"https:\\\/\\\/www.youtube.com\\\/channel\\\/UCGP2Sq0iWaZwT3BdIAQFYpw\"]},{\"@type\":\"Person\",\"@id\":\"https:\\\/\\\/www.organisator.ch\\\/#\\\/schema\\\/person\\\/2e1314a2172123f874db408d8911d3f3\",\"name\":\"Adelisa Kalajdzini\",\"image\":{\"@type\":\"ImageObject\",\"inLanguage\":\"en-US\",\"@id\":\"https:\\\/\\\/secure.gravatar.com\\\/avatar\\\/09a397c22ac58cad6f160ee8306348599df9df58a8ede73696226897b9fa4b24?s=96&d=mm&r=g\",\"url\":\"https:\\\/\\\/secure.gravatar.com\\\/avatar\\\/09a397c22ac58cad6f160ee8306348599df9df58a8ede73696226897b9fa4b24?s=96&d=mm&r=g\",\"contentUrl\":\"https:\\\/\\\/secure.gravatar.com\\\/avatar\\\/09a397c22ac58cad6f160ee8306348599df9df58a8ede73696226897b9fa4b24?s=96&d=mm&r=g\",\"caption\":\"Adelisa Kalajdzini\"},\"url\":\"https:\\\/\\\/www.organisator.ch\\\/en\\\/author\\\/adelisa-kalajdzini\\\/\"}]}<\/script>\n<!-- \/ Yoast SEO plugin. -->","yoast_head_json":{"title":"Swiss Cyber Security Days 2025: Change at the top of the Executive Committee - Organizer","description":"The SCSD 2025 in Bern will focus on cyberspace and new technologies. Nik Gugger takes over the chairmanship from Doris Fiala.","robots":{"index":"index","follow":"follow","max-snippet":"max-snippet:-1","max-image-preview":"max-image-preview:large","max-video-preview":"max-video-preview:-1"},"canonical":"https:\/\/www.organisator.ch\/en\/operational-excellence\/2024-11-13\/swiss-cyber-security-days-2025-wechsel-an-der-praesidiumsspitze\/","og_locale":"en_US","og_type":"article","og_title":"Swiss Cyber Security Days 2025: Wechsel an der Pr\u00e4sidiumsspitze - Organisator","og_description":"Die SCSD 2025 in Bern thematisieren Cyberraum und neue Technologien. Nik Gugger \u00fcbernimmt das Pr\u00e4sidium von Doris Fiala.","og_url":"https:\/\/www.organisator.ch\/en\/operational-excellence\/2024-11-13\/swiss-cyber-security-days-2025-wechsel-an-der-praesidiumsspitze\/","og_site_name":"Organisator","article_publisher":"https:\/\/www.facebook.com\/OrganisatorFachmagazin","article_published_time":"2024-11-13T13:52:06+00:00","article_modified_time":"2024-11-25T15:05:50+00:00","author":"Adelisa Kalajdzini","twitter_card":"summary_large_image","schema":{"@context":"https:\/\/schema.org","@graph":[{"@type":"Article","@id":"https:\/\/www.organisator.ch\/operational-excellence\/2024-11-13\/swiss-cyber-security-days-2025-wechsel-an-der-praesidiumsspitze\/#article","isPartOf":{"@id":"https:\/\/www.organisator.ch\/operational-excellence\/2024-11-13\/swiss-cyber-security-days-2025-wechsel-an-der-praesidiumsspitze\/"},"author":{"name":"Adelisa Kalajdzini","@id":"https:\/\/www.organisator.ch\/#\/schema\/person\/2e1314a2172123f874db408d8911d3f3"},"headline":"Swiss Cyber Security Days 2025: Wechsel an der Pr\u00e4sidiumsspitze","datePublished":"2024-11-13T13:52:06+00:00","dateModified":"2024-11-25T15:05:50+00:00","mainEntityOfPage":{"@id":"https:\/\/www.organisator.ch\/operational-excellence\/2024-11-13\/swiss-cyber-security-days-2025-wechsel-an-der-praesidiumsspitze\/"},"wordCount":278,"publisher":{"@id":"https:\/\/www.organisator.ch\/#organization"},"image":{"@id":"https:\/\/www.organisator.ch\/operational-excellence\/2024-11-13\/swiss-cyber-security-days-2025-wechsel-an-der-praesidiumsspitze\/#primaryimage"},"thumbnailUrl":"https:\/\/www.m-q.ch\/wp-content\/uploads\/2024\/11\/SCSD_Bild1_ps.jpg","keywords":["Bern","Cyber Security","Cybersecurity","Konferenz","Risikomanagement","Schweiz","SCSD","Technologie","Unternehmen"],"articleSection":["OPERATIONAL EXCELLENCE"],"inLanguage":"en-US"},{"@type":"WebPage","@id":"https:\/\/www.organisator.ch\/operational-excellence\/2024-11-13\/swiss-cyber-security-days-2025-wechsel-an-der-praesidiumsspitze\/","url":"https:\/\/www.organisator.ch\/operational-excellence\/2024-11-13\/swiss-cyber-security-days-2025-wechsel-an-der-praesidiumsspitze\/","name":"Swiss Cyber Security Days 2025: Change at the top of the Executive Committee - Organizer","isPartOf":{"@id":"https:\/\/www.organisator.ch\/#website"},"primaryImageOfPage":{"@id":"https:\/\/www.organisator.ch\/operational-excellence\/2024-11-13\/swiss-cyber-security-days-2025-wechsel-an-der-praesidiumsspitze\/#primaryimage"},"image":{"@id":"https:\/\/www.organisator.ch\/operational-excellence\/2024-11-13\/swiss-cyber-security-days-2025-wechsel-an-der-praesidiumsspitze\/#primaryimage"},"thumbnailUrl":"https:\/\/www.m-q.ch\/wp-content\/uploads\/2024\/11\/SCSD_Bild1_ps.jpg","datePublished":"2024-11-13T13:52:06+00:00","dateModified":"2024-11-25T15:05:50+00:00","description":"The SCSD 2025 in Bern will focus on cyberspace and new technologies. Nik Gugger takes over the chairmanship from Doris Fiala.","breadcrumb":{"@id":"https:\/\/www.organisator.ch\/operational-excellence\/2024-11-13\/swiss-cyber-security-days-2025-wechsel-an-der-praesidiumsspitze\/#breadcrumb"},"inLanguage":"en-US","potentialAction":[{"@type":"ReadAction","target":["https:\/\/www.organisator.ch\/operational-excellence\/2024-11-13\/swiss-cyber-security-days-2025-wechsel-an-der-praesidiumsspitze\/"]}]},{"@type":"ImageObject","inLanguage":"en-US","@id":"https:\/\/www.organisator.ch\/operational-excellence\/2024-11-13\/swiss-cyber-security-days-2025-wechsel-an-der-praesidiumsspitze\/#primaryimage","url":"https:\/\/www.m-q.ch\/wp-content\/uploads\/2024\/11\/SCSD_Bild1_ps.jpg","contentUrl":"https:\/\/www.m-q.ch\/wp-content\/uploads\/2024\/11\/SCSD_Bild1_ps.jpg"},{"@type":"BreadcrumbList","@id":"https:\/\/www.organisator.ch\/operational-excellence\/2024-11-13\/swiss-cyber-security-days-2025-wechsel-an-der-praesidiumsspitze\/#breadcrumb","itemListElement":[{"@type":"ListItem","position":1,"name":"Home","item":"https:\/\/www.organisator.ch\/"},{"@type":"ListItem","position":2,"name":"Swiss Cyber Security Days 2025: Wechsel an der Pr\u00e4sidiumsspitze"}]},{"@type":"WebSite","@id":"https:\/\/www.organisator.ch\/#website","url":"https:\/\/www.organisator.ch\/","name":"Organizer","description":"Competent. Practical. In 10 issues per year, ORGANISATOR presents the essential topics for managers of SMEs.","publisher":{"@id":"https:\/\/www.organisator.ch\/#organization"},"potentialAction":[{"@type":"SearchAction","target":{"@type":"EntryPoint","urlTemplate":"https:\/\/www.organisator.ch\/?s={search_term_string}"},"query-input":{"@type":"PropertyValueSpecification","valueRequired":true,"valueName":"search_term_string"}}],"inLanguage":"en-US"},{"@type":"Organization","@id":"https:\/\/www.organisator.ch\/#organization","name":"Organizer","url":"https:\/\/www.organisator.ch\/","logo":{"@type":"ImageObject","inLanguage":"en-US","@id":"https:\/\/www.organisator.ch\/#\/schema\/logo\/image\/","url":"https:\/\/www.organisator.ch\/wp-content\/uploads\/2022\/01\/Logo_Organisator_Website.png","contentUrl":"https:\/\/www.organisator.ch\/wp-content\/uploads\/2022\/01\/Logo_Organisator_Website.png","width":800,"height":77,"caption":"Organisator"},"image":{"@id":"https:\/\/www.organisator.ch\/#\/schema\/logo\/image\/"},"sameAs":["https:\/\/www.facebook.com\/OrganisatorFachmagazin","https:\/\/www.linkedin.com\/showcase\/organisator-das-magazin-fr-kmu","https:\/\/www.xing.com\/news\/pages\/organisator-ch-695","https:\/\/www.youtube.com\/channel\/UCGP2Sq0iWaZwT3BdIAQFYpw"]},{"@type":"Person","@id":"https:\/\/www.organisator.ch\/#\/schema\/person\/2e1314a2172123f874db408d8911d3f3","name":"Adelisa Kalajdzini","image":{"@type":"ImageObject","inLanguage":"en-US","@id":"https:\/\/secure.gravatar.com\/avatar\/09a397c22ac58cad6f160ee8306348599df9df58a8ede73696226897b9fa4b24?s=96&d=mm&r=g","url":"https:\/\/secure.gravatar.com\/avatar\/09a397c22ac58cad6f160ee8306348599df9df58a8ede73696226897b9fa4b24?s=96&d=mm&r=g","contentUrl":"https:\/\/secure.gravatar.com\/avatar\/09a397c22ac58cad6f160ee8306348599df9df58a8ede73696226897b9fa4b24?s=96&d=mm&r=g","caption":"Adelisa Kalajdzini"},"url":"https:\/\/www.organisator.ch\/en\/author\/adelisa-kalajdzini\/"}]}},"_links":{"self":[{"href":"https:\/\/www.organisator.ch\/en\/wp-json\/wp\/v2\/posts\/33932","targetHints":{"allow":["GET"]}}],"collection":[{"href":"https:\/\/www.organisator.ch\/en\/wp-json\/wp\/v2\/posts"}],"about":[{"href":"https:\/\/www.organisator.ch\/en\/wp-json\/wp\/v2\/types\/post"}],"author":[{"embeddable":true,"href":"https:\/\/www.organisator.ch\/en\/wp-json\/wp\/v2\/users\/58"}],"replies":[{"embeddable":true,"href":"https:\/\/www.organisator.ch\/en\/wp-json\/wp\/v2\/comments?post=33932"}],"version-history":[{"count":4,"href":"https:\/\/www.organisator.ch\/en\/wp-json\/wp\/v2\/posts\/33932\/revisions"}],"predecessor-version":[{"id":33945,"href":"https:\/\/www.organisator.ch\/en\/wp-json\/wp\/v2\/posts\/33932\/revisions\/33945"}],"wp:attachment":[{"href":"https:\/\/www.organisator.ch\/en\/wp-json\/wp\/v2\/media?parent=33932"}],"wp:term":[{"taxonomy":"category","embeddable":true,"href":"https:\/\/www.organisator.ch\/en\/wp-json\/wp\/v2\/categories?post=33932"},{"taxonomy":"post_tag","embeddable":true,"href":"https:\/\/www.organisator.ch\/en\/wp-json\/wp\/v2\/tags?post=33932"}],"curies":[{"name":"wp","href":"https:\/\/api.w.org\/{rel}","templated":true}]}}