{"id":33940,"date":"2024-11-25T12:48:00","date_gmt":"2024-11-25T11:48:00","guid":{"rendered":"https:\/\/www.markt-kom.com\/?p=227025"},"modified":"2024-11-25T16:18:04","modified_gmt":"2024-11-25T15:18:04","slug":"michael-weinmann-wird-head-of-media-relations-bei-swiss","status":"publish","type":"post","link":"https:\/\/www.organisator.ch\/en\/marketing\/2024-11-25\/michael-weinmann-wird-head-of-media-relations-bei-swiss\/","title":{"rendered":"Michael Weinmann becomes Head of Media Relations at Swiss"},"content":{"rendered":"<figure id=\"attachment_227026\" class=\"wp-caption alignnone\" style=\"width: 1200px;\" aria-describedby=\"caption-attachment-227026\"><img class=\"alignnone wp-image-227026 size-full\" src=\"https:\/\/www.markt-kom.com\/wp-content\/uploads\/2024\/11\/Swiss-MR-Head-Michael_Weinmann.jpg\" sizes=\"(max-width: 1200px) 100vw, 1200px\" srcset=\"https:\/\/www.markt-kom.com\/wp-content\/uploads\/2024\/11\/Swiss-MR-Head-Michael_Weinmann.jpg 1200w, https:\/\/www.markt-kom.com\/wp-content\/uploads\/2024\/11\/Swiss-MR-Head-Michael_Weinmann-600x450.jpg 600w, https:\/\/www.markt-kom.com\/wp-content\/uploads\/2024\/11\/Swiss-MR-Head-Michael_Weinmann-1024x768.jpg 1024w, https:\/\/www.markt-kom.com\/wp-content\/uploads\/2024\/11\/Swiss-MR-Head-Michael_Weinmann-768x576.jpg 768w, https:\/\/www.markt-kom.com\/wp-content\/uploads\/2024\/11\/Swiss-MR-Head-Michael_Weinmann-16x12.jpg 16w, https:\/\/www.markt-kom.com\/wp-content\/uploads\/2024\/11\/Swiss-MR-Head-Michael_Weinmann-233x175.jpg 233w, https:\/\/www.markt-kom.com\/wp-content\/uploads\/2024\/11\/Swiss-MR-Head-Michael_Weinmann-467x350.jpg 467w, https:\/\/www.markt-kom.com\/wp-content\/uploads\/2024\/11\/Swiss-MR-Head-Michael_Weinmann-1000x750.jpg 1000w\" alt=\"Weinmann Swiss International Air Lines\" width=\"1200\" height=\"900\" \/>\r\n<figcaption id=\"caption-attachment-227026\" class=\"wp-caption-text\">(Image: zVg.)<\/figcaption>\r\n<\/figure>\r\n<p>In addition to his journalistic experience, Weinmann also has a personal connection to aviation, according to a statement from Swiss International Air Lines. He holds a pilot's license and has already covered numerous aviation-related topics during his journalistic career and communicated them to a wide audience - from technological innovations and the introduction of new aircraft to sustainability and air traffic management issues. This combination of journalistic expertise and understanding of the aviation industry makes him the ideal candidate for this position.<\/p>\r\n<p>Most recently, the 43-year-old worked for SRF as presenter of the news magazine \"Schweiz aktuell\".<\/p>","protected":false},"excerpt":{"rendered":"<p>Experienced journalist and aviation expert Michael Weinmann is to become the new Head of Media Relations at Swiss. From March 2025, he will take over the management of the four-person team responsible for media relations. He succeeds Karin Montani.<\/p>","protected":false},"author":8,"featured_media":0,"comment_status":"closed","ping_status":"closed","sticky":false,"template":"","format":"standard","meta":{"_acf_changed":false,"_yoast_wpseo_focuskw":"Weinmann Swiss International Air Lines","_yoast_wpseo_metadesc":"Weinmann, mit journalistischer Erfahrung und Pilotenlizenz, wird neuer Kommunikationsleiter bei Swiss International Air Lines.","articlekey":"","footnotes":""},"categories":[29],"tags":[4345,2853,308,1647,4813,2173,4130,4845],"class_list":["post-33940","post","type-post","status-publish","format-standard","hentry","category-marketing","tag-business","tag-jobchange","tag-kommunikation","tag-luftfahrt","tag-schweizer-radio-und-fernsehen-srf","tag-srf","tag-swiss","tag-weinmann"],"acf":[],"yoast_head":"<!-- This site is optimized with the Yoast SEO plugin v27.4 - https:\/\/yoast.com\/product\/yoast-seo-wordpress\/ -->\n<title>Michael Weinmann wird Head of Media Relations bei Swiss - Organisator<\/title>\n<meta name=\"description\" content=\"Weinmann, mit journalistischer Erfahrung und Pilotenlizenz, wird neuer Kommunikationsleiter bei Swiss International Air Lines.\" \/>\n<meta name=\"robots\" content=\"index, follow, max-snippet:-1, max-image-preview:large, max-video-preview:-1\" \/>\n<link rel=\"canonical\" href=\"https:\/\/www.organisator.ch\/en\/marketing\/2024-11-25\/michael-weinmann-wird-head-of-media-relations-bei-swiss\/\" \/>\n<meta property=\"og:locale\" content=\"en_US\" \/>\n<meta property=\"og:type\" content=\"article\" \/>\n<meta property=\"og:title\" content=\"Michael Weinmann wird Head of Media Relations bei Swiss - Organisator\" \/>\n<meta property=\"og:description\" content=\"Weinmann, mit journalistischer Erfahrung und Pilotenlizenz, wird neuer Kommunikationsleiter bei Swiss International Air Lines.\" \/>\n<meta property=\"og:url\" content=\"https:\/\/www.organisator.ch\/en\/marketing\/2024-11-25\/michael-weinmann-wird-head-of-media-relations-bei-swiss\/\" \/>\n<meta property=\"og:site_name\" content=\"Organisator\" \/>\n<meta property=\"article:publisher\" content=\"https:\/\/www.facebook.com\/OrganisatorFachmagazin\" \/>\n<meta property=\"article:published_time\" content=\"2024-11-25T11:48:00+00:00\" \/>\n<meta property=\"article:modified_time\" content=\"2024-11-25T15:18:04+00:00\" \/>\n<meta name=\"author\" content=\"galledia\" \/>\n<meta name=\"twitter:card\" content=\"summary_large_image\" \/>\n<meta name=\"twitter:creator\" content=\"@admin\" \/>\n<script type=\"application\/ld+json\" class=\"yoast-schema-graph\">{\"@context\":\"https:\\\/\\\/schema.org\",\"@graph\":[{\"@type\":\"Article\",\"@id\":\"https:\\\/\\\/www.organisator.ch\\\/marketing\\\/2024-11-25\\\/michael-weinmann-wird-head-of-media-relations-bei-swiss\\\/#article\",\"isPartOf\":{\"@id\":\"https:\\\/\\\/www.organisator.ch\\\/marketing\\\/2024-11-25\\\/michael-weinmann-wird-head-of-media-relations-bei-swiss\\\/\"},\"author\":{\"name\":\"galledia\",\"@id\":\"https:\\\/\\\/www.organisator.ch\\\/#\\\/schema\\\/person\\\/4e51799071cd2dd1232ac003643ef5f0\"},\"headline\":\"Michael Weinmann wird Head of Media Relations bei Swiss\",\"datePublished\":\"2024-11-25T11:48:00+00:00\",\"dateModified\":\"2024-11-25T15:18:04+00:00\",\"mainEntityOfPage\":{\"@id\":\"https:\\\/\\\/www.organisator.ch\\\/marketing\\\/2024-11-25\\\/michael-weinmann-wird-head-of-media-relations-bei-swiss\\\/\"},\"wordCount\":108,\"publisher\":{\"@id\":\"https:\\\/\\\/www.organisator.ch\\\/#organization\"},\"image\":{\"@id\":\"https:\\\/\\\/www.organisator.ch\\\/marketing\\\/2024-11-25\\\/michael-weinmann-wird-head-of-media-relations-bei-swiss\\\/#primaryimage\"},\"thumbnailUrl\":\"https:\\\/\\\/www.markt-kom.com\\\/wp-content\\\/uploads\\\/2024\\\/11\\\/Swiss-MR-Head-Michael_Weinmann.jpg\",\"keywords\":[\"Business\",\"Jobchange\",\"Kommunikation\",\"Luftfahrt\",\"Schweizer Radio und Fernsehen SRF\",\"SRF\",\"Swiss\",\"Weinmann\"],\"articleSection\":[\"MARKETING\"],\"inLanguage\":\"en-US\"},{\"@type\":\"WebPage\",\"@id\":\"https:\\\/\\\/www.organisator.ch\\\/marketing\\\/2024-11-25\\\/michael-weinmann-wird-head-of-media-relations-bei-swiss\\\/\",\"url\":\"https:\\\/\\\/www.organisator.ch\\\/marketing\\\/2024-11-25\\\/michael-weinmann-wird-head-of-media-relations-bei-swiss\\\/\",\"name\":\"Michael Weinmann wird Head of Media Relations bei Swiss - Organisator\",\"isPartOf\":{\"@id\":\"https:\\\/\\\/www.organisator.ch\\\/#website\"},\"primaryImageOfPage\":{\"@id\":\"https:\\\/\\\/www.organisator.ch\\\/marketing\\\/2024-11-25\\\/michael-weinmann-wird-head-of-media-relations-bei-swiss\\\/#primaryimage\"},\"image\":{\"@id\":\"https:\\\/\\\/www.organisator.ch\\\/marketing\\\/2024-11-25\\\/michael-weinmann-wird-head-of-media-relations-bei-swiss\\\/#primaryimage\"},\"thumbnailUrl\":\"https:\\\/\\\/www.markt-kom.com\\\/wp-content\\\/uploads\\\/2024\\\/11\\\/Swiss-MR-Head-Michael_Weinmann.jpg\",\"datePublished\":\"2024-11-25T11:48:00+00:00\",\"dateModified\":\"2024-11-25T15:18:04+00:00\",\"description\":\"Weinmann, mit journalistischer Erfahrung und Pilotenlizenz, wird neuer Kommunikationsleiter bei Swiss International Air Lines.\",\"breadcrumb\":{\"@id\":\"https:\\\/\\\/www.organisator.ch\\\/marketing\\\/2024-11-25\\\/michael-weinmann-wird-head-of-media-relations-bei-swiss\\\/#breadcrumb\"},\"inLanguage\":\"en-US\",\"potentialAction\":[{\"@type\":\"ReadAction\",\"target\":[\"https:\\\/\\\/www.organisator.ch\\\/marketing\\\/2024-11-25\\\/michael-weinmann-wird-head-of-media-relations-bei-swiss\\\/\"]}]},{\"@type\":\"ImageObject\",\"inLanguage\":\"en-US\",\"@id\":\"https:\\\/\\\/www.organisator.ch\\\/marketing\\\/2024-11-25\\\/michael-weinmann-wird-head-of-media-relations-bei-swiss\\\/#primaryimage\",\"url\":\"https:\\\/\\\/www.markt-kom.com\\\/wp-content\\\/uploads\\\/2024\\\/11\\\/Swiss-MR-Head-Michael_Weinmann.jpg\",\"contentUrl\":\"https:\\\/\\\/www.markt-kom.com\\\/wp-content\\\/uploads\\\/2024\\\/11\\\/Swiss-MR-Head-Michael_Weinmann.jpg\"},{\"@type\":\"BreadcrumbList\",\"@id\":\"https:\\\/\\\/www.organisator.ch\\\/marketing\\\/2024-11-25\\\/michael-weinmann-wird-head-of-media-relations-bei-swiss\\\/#breadcrumb\",\"itemListElement\":[{\"@type\":\"ListItem\",\"position\":1,\"name\":\"Home\",\"item\":\"https:\\\/\\\/www.organisator.ch\\\/\"},{\"@type\":\"ListItem\",\"position\":2,\"name\":\"Michael Weinmann wird Head of Media Relations bei Swiss\"}]},{\"@type\":\"WebSite\",\"@id\":\"https:\\\/\\\/www.organisator.ch\\\/#website\",\"url\":\"https:\\\/\\\/www.organisator.ch\\\/\",\"name\":\"Organisator\",\"description\":\"Kompetent. Praxisnah. Der ORGANISATOR bereitet in 10 Ausgaben pro Jahr die wesentlichen Themen f\u00fcr F\u00fchrungskr\u00e4fte von KMU auf.\",\"publisher\":{\"@id\":\"https:\\\/\\\/www.organisator.ch\\\/#organization\"},\"potentialAction\":[{\"@type\":\"SearchAction\",\"target\":{\"@type\":\"EntryPoint\",\"urlTemplate\":\"https:\\\/\\\/www.organisator.ch\\\/?s={search_term_string}\"},\"query-input\":{\"@type\":\"PropertyValueSpecification\",\"valueRequired\":true,\"valueName\":\"search_term_string\"}}],\"inLanguage\":\"en-US\"},{\"@type\":\"Organization\",\"@id\":\"https:\\\/\\\/www.organisator.ch\\\/#organization\",\"name\":\"Organisator\",\"url\":\"https:\\\/\\\/www.organisator.ch\\\/\",\"logo\":{\"@type\":\"ImageObject\",\"inLanguage\":\"en-US\",\"@id\":\"https:\\\/\\\/www.organisator.ch\\\/#\\\/schema\\\/logo\\\/image\\\/\",\"url\":\"https:\\\/\\\/www.organisator.ch\\\/wp-content\\\/uploads\\\/2022\\\/01\\\/Logo_Organisator_Website.png\",\"contentUrl\":\"https:\\\/\\\/www.organisator.ch\\\/wp-content\\\/uploads\\\/2022\\\/01\\\/Logo_Organisator_Website.png\",\"width\":800,\"height\":77,\"caption\":\"Organisator\"},\"image\":{\"@id\":\"https:\\\/\\\/www.organisator.ch\\\/#\\\/schema\\\/logo\\\/image\\\/\"},\"sameAs\":[\"https:\\\/\\\/www.facebook.com\\\/OrganisatorFachmagazin\",\"https:\\\/\\\/www.linkedin.com\\\/showcase\\\/organisator-das-magazin-fr-kmu\",\"https:\\\/\\\/www.xing.com\\\/news\\\/pages\\\/organisator-ch-695\",\"https:\\\/\\\/www.youtube.com\\\/channel\\\/UCGP2Sq0iWaZwT3BdIAQFYpw\"]},{\"@type\":\"Person\",\"@id\":\"https:\\\/\\\/www.organisator.ch\\\/#\\\/schema\\\/person\\\/4e51799071cd2dd1232ac003643ef5f0\",\"name\":\"galledia\",\"image\":{\"@type\":\"ImageObject\",\"inLanguage\":\"en-US\",\"@id\":\"https:\\\/\\\/secure.gravatar.com\\\/avatar\\\/78a7f90c01fc2bfc875782a0d4922b37cde2cf184ce347b91316d23cd7f69a36?s=96&d=mm&r=g\",\"url\":\"https:\\\/\\\/secure.gravatar.com\\\/avatar\\\/78a7f90c01fc2bfc875782a0d4922b37cde2cf184ce347b91316d23cd7f69a36?s=96&d=mm&r=g\",\"contentUrl\":\"https:\\\/\\\/secure.gravatar.com\\\/avatar\\\/78a7f90c01fc2bfc875782a0d4922b37cde2cf184ce347b91316d23cd7f69a36?s=96&d=mm&r=g\",\"caption\":\"galledia\"},\"sameAs\":[\"https:\\\/\\\/x.com\\\/admin\"],\"url\":\"https:\\\/\\\/www.organisator.ch\\\/en\\\/author\\\/galledia\\\/\"}]}<\/script>\n<!-- \/ Yoast SEO plugin. -->","yoast_head_json":{"title":"Michael Weinmann becomes Head of Media Relations at Swiss - Organizer","description":"Weinmann, who has journalistic experience and a pilot's license, will be the new Head of Communications at Swiss International Air Lines.","robots":{"index":"index","follow":"follow","max-snippet":"max-snippet:-1","max-image-preview":"max-image-preview:large","max-video-preview":"max-video-preview:-1"},"canonical":"https:\/\/www.organisator.ch\/en\/marketing\/2024-11-25\/michael-weinmann-wird-head-of-media-relations-bei-swiss\/","og_locale":"en_US","og_type":"article","og_title":"Michael Weinmann wird Head of Media Relations bei Swiss - Organisator","og_description":"Weinmann, mit journalistischer Erfahrung und Pilotenlizenz, wird neuer Kommunikationsleiter bei Swiss International Air Lines.","og_url":"https:\/\/www.organisator.ch\/en\/marketing\/2024-11-25\/michael-weinmann-wird-head-of-media-relations-bei-swiss\/","og_site_name":"Organisator","article_publisher":"https:\/\/www.facebook.com\/OrganisatorFachmagazin","article_published_time":"2024-11-25T11:48:00+00:00","article_modified_time":"2024-11-25T15:18:04+00:00","author":"galledia","twitter_card":"summary_large_image","twitter_creator":"@admin","schema":{"@context":"https:\/\/schema.org","@graph":[{"@type":"Article","@id":"https:\/\/www.organisator.ch\/marketing\/2024-11-25\/michael-weinmann-wird-head-of-media-relations-bei-swiss\/#article","isPartOf":{"@id":"https:\/\/www.organisator.ch\/marketing\/2024-11-25\/michael-weinmann-wird-head-of-media-relations-bei-swiss\/"},"author":{"name":"galledia","@id":"https:\/\/www.organisator.ch\/#\/schema\/person\/4e51799071cd2dd1232ac003643ef5f0"},"headline":"Michael Weinmann wird Head of Media Relations bei Swiss","datePublished":"2024-11-25T11:48:00+00:00","dateModified":"2024-11-25T15:18:04+00:00","mainEntityOfPage":{"@id":"https:\/\/www.organisator.ch\/marketing\/2024-11-25\/michael-weinmann-wird-head-of-media-relations-bei-swiss\/"},"wordCount":108,"publisher":{"@id":"https:\/\/www.organisator.ch\/#organization"},"image":{"@id":"https:\/\/www.organisator.ch\/marketing\/2024-11-25\/michael-weinmann-wird-head-of-media-relations-bei-swiss\/#primaryimage"},"thumbnailUrl":"https:\/\/www.markt-kom.com\/wp-content\/uploads\/2024\/11\/Swiss-MR-Head-Michael_Weinmann.jpg","keywords":["Business","Jobchange","Kommunikation","Luftfahrt","Schweizer Radio und Fernsehen SRF","SRF","Swiss","Weinmann"],"articleSection":["MARKETING"],"inLanguage":"en-US"},{"@type":"WebPage","@id":"https:\/\/www.organisator.ch\/marketing\/2024-11-25\/michael-weinmann-wird-head-of-media-relations-bei-swiss\/","url":"https:\/\/www.organisator.ch\/marketing\/2024-11-25\/michael-weinmann-wird-head-of-media-relations-bei-swiss\/","name":"Michael Weinmann becomes Head of Media Relations at Swiss - Organizer","isPartOf":{"@id":"https:\/\/www.organisator.ch\/#website"},"primaryImageOfPage":{"@id":"https:\/\/www.organisator.ch\/marketing\/2024-11-25\/michael-weinmann-wird-head-of-media-relations-bei-swiss\/#primaryimage"},"image":{"@id":"https:\/\/www.organisator.ch\/marketing\/2024-11-25\/michael-weinmann-wird-head-of-media-relations-bei-swiss\/#primaryimage"},"thumbnailUrl":"https:\/\/www.markt-kom.com\/wp-content\/uploads\/2024\/11\/Swiss-MR-Head-Michael_Weinmann.jpg","datePublished":"2024-11-25T11:48:00+00:00","dateModified":"2024-11-25T15:18:04+00:00","description":"Weinmann, who has journalistic experience and a pilot's license, will be the new Head of Communications at Swiss International Air Lines.","breadcrumb":{"@id":"https:\/\/www.organisator.ch\/marketing\/2024-11-25\/michael-weinmann-wird-head-of-media-relations-bei-swiss\/#breadcrumb"},"inLanguage":"en-US","potentialAction":[{"@type":"ReadAction","target":["https:\/\/www.organisator.ch\/marketing\/2024-11-25\/michael-weinmann-wird-head-of-media-relations-bei-swiss\/"]}]},{"@type":"ImageObject","inLanguage":"en-US","@id":"https:\/\/www.organisator.ch\/marketing\/2024-11-25\/michael-weinmann-wird-head-of-media-relations-bei-swiss\/#primaryimage","url":"https:\/\/www.markt-kom.com\/wp-content\/uploads\/2024\/11\/Swiss-MR-Head-Michael_Weinmann.jpg","contentUrl":"https:\/\/www.markt-kom.com\/wp-content\/uploads\/2024\/11\/Swiss-MR-Head-Michael_Weinmann.jpg"},{"@type":"BreadcrumbList","@id":"https:\/\/www.organisator.ch\/marketing\/2024-11-25\/michael-weinmann-wird-head-of-media-relations-bei-swiss\/#breadcrumb","itemListElement":[{"@type":"ListItem","position":1,"name":"Home","item":"https:\/\/www.organisator.ch\/"},{"@type":"ListItem","position":2,"name":"Michael Weinmann wird Head of Media Relations bei Swiss"}]},{"@type":"WebSite","@id":"https:\/\/www.organisator.ch\/#website","url":"https:\/\/www.organisator.ch\/","name":"Organizer","description":"Competent. Practical. In 10 issues per year, ORGANISATOR presents the essential topics for managers of SMEs.","publisher":{"@id":"https:\/\/www.organisator.ch\/#organization"},"potentialAction":[{"@type":"SearchAction","target":{"@type":"EntryPoint","urlTemplate":"https:\/\/www.organisator.ch\/?s={search_term_string}"},"query-input":{"@type":"PropertyValueSpecification","valueRequired":true,"valueName":"search_term_string"}}],"inLanguage":"en-US"},{"@type":"Organization","@id":"https:\/\/www.organisator.ch\/#organization","name":"Organizer","url":"https:\/\/www.organisator.ch\/","logo":{"@type":"ImageObject","inLanguage":"en-US","@id":"https:\/\/www.organisator.ch\/#\/schema\/logo\/image\/","url":"https:\/\/www.organisator.ch\/wp-content\/uploads\/2022\/01\/Logo_Organisator_Website.png","contentUrl":"https:\/\/www.organisator.ch\/wp-content\/uploads\/2022\/01\/Logo_Organisator_Website.png","width":800,"height":77,"caption":"Organisator"},"image":{"@id":"https:\/\/www.organisator.ch\/#\/schema\/logo\/image\/"},"sameAs":["https:\/\/www.facebook.com\/OrganisatorFachmagazin","https:\/\/www.linkedin.com\/showcase\/organisator-das-magazin-fr-kmu","https:\/\/www.xing.com\/news\/pages\/organisator-ch-695","https:\/\/www.youtube.com\/channel\/UCGP2Sq0iWaZwT3BdIAQFYpw"]},{"@type":"Person","@id":"https:\/\/www.organisator.ch\/#\/schema\/person\/4e51799071cd2dd1232ac003643ef5f0","name":"galledia","image":{"@type":"ImageObject","inLanguage":"en-US","@id":"https:\/\/secure.gravatar.com\/avatar\/78a7f90c01fc2bfc875782a0d4922b37cde2cf184ce347b91316d23cd7f69a36?s=96&d=mm&r=g","url":"https:\/\/secure.gravatar.com\/avatar\/78a7f90c01fc2bfc875782a0d4922b37cde2cf184ce347b91316d23cd7f69a36?s=96&d=mm&r=g","contentUrl":"https:\/\/secure.gravatar.com\/avatar\/78a7f90c01fc2bfc875782a0d4922b37cde2cf184ce347b91316d23cd7f69a36?s=96&d=mm&r=g","caption":"galledia"},"sameAs":["https:\/\/x.com\/admin"],"url":"https:\/\/www.organisator.ch\/en\/author\/galledia\/"}]}},"_links":{"self":[{"href":"https:\/\/www.organisator.ch\/en\/wp-json\/wp\/v2\/posts\/33940","targetHints":{"allow":["GET"]}}],"collection":[{"href":"https:\/\/www.organisator.ch\/en\/wp-json\/wp\/v2\/posts"}],"about":[{"href":"https:\/\/www.organisator.ch\/en\/wp-json\/wp\/v2\/types\/post"}],"author":[{"embeddable":true,"href":"https:\/\/www.organisator.ch\/en\/wp-json\/wp\/v2\/users\/8"}],"replies":[{"embeddable":true,"href":"https:\/\/www.organisator.ch\/en\/wp-json\/wp\/v2\/comments?post=33940"}],"version-history":[{"count":5,"href":"https:\/\/www.organisator.ch\/en\/wp-json\/wp\/v2\/posts\/33940\/revisions"}],"predecessor-version":[{"id":33972,"href":"https:\/\/www.organisator.ch\/en\/wp-json\/wp\/v2\/posts\/33940\/revisions\/33972"}],"wp:attachment":[{"href":"https:\/\/www.organisator.ch\/en\/wp-json\/wp\/v2\/media?parent=33940"}],"wp:term":[{"taxonomy":"category","embeddable":true,"href":"https:\/\/www.organisator.ch\/en\/wp-json\/wp\/v2\/categories?post=33940"},{"taxonomy":"post_tag","embeddable":true,"href":"https:\/\/www.organisator.ch\/en\/wp-json\/wp\/v2\/tags?post=33940"}],"curies":[{"name":"wp","href":"https:\/\/api.w.org\/{rel}","templated":true}]}}