{"id":3399,"date":"2018-04-06T07:30:48","date_gmt":"2018-04-06T05:30:48","guid":{"rendered":"https:\/\/www.organisator.ch\/?p=3399"},"modified":"2018-04-06T07:30:48","modified_gmt":"2018-04-06T05:30:48","slug":"voll-im-takt-dank-sap","status":"publish","type":"post","link":"https:\/\/www.organisator.ch\/en\/management\/it\/2018-04-06\/voll-im-takt-dank-sap\/","title":{"rendered":"Fully in sync thanks to SAP"},"content":{"rendered":"<figure id=\"attachment_3400\" aria-describedby=\"caption-attachment-3400\" style=\"width: 640px\" class=\"wp-caption alignnone\"><img loading=\"lazy\" decoding=\"async\" class=\"size-full wp-image-3400\" src=\"https:\/\/www.organisator.ch\/wp-content\/uploads\/2018\/04\/Voll-im-Takt-dank-SAP-1_Organisator.jpg\" alt=\"\" width=\"640\" height=\"426\" srcset=\"https:\/\/www.organisator.ch\/wp-content\/uploads\/2018\/04\/Voll-im-Takt-dank-SAP-1_Organisator.jpg 640w, https:\/\/www.organisator.ch\/wp-content\/uploads\/2018\/04\/Voll-im-Takt-dank-SAP-1_Organisator-16x12.jpg 16w, https:\/\/www.organisator.ch\/wp-content\/uploads\/2018\/04\/Voll-im-Takt-dank-SAP-1_Organisator-263x175.jpg 263w, https:\/\/www.organisator.ch\/wp-content\/uploads\/2018\/04\/Voll-im-Takt-dank-SAP-1_Organisator-526x350.jpg 526w, https:\/\/www.organisator.ch\/wp-content\/uploads\/2018\/04\/Voll-im-Takt-dank-SAP-1_Organisator-300x200.jpg 300w\" sizes=\"auto, (max-width: 640px) 100vw, 640px\" \/><figcaption id=\"caption-attachment-3400\" class=\"wp-caption-text\">Moser-Baer AG is represented with its time systems not only in Switzerland, but also in Germany, Japan, Canada, Russia, Saudi Arabia, Singapore and many other countries. (Image: zVg)<\/figcaption><\/figure>\n<p>It is part of the national identity, every child knows its red second hand, and it is impossible to imagine Swiss train stations without it: the station clock. The Mobatime brand of Moser-Baer AG in Sumiswald produces such clocks and other clock systems. Its products are sold in over 150 countries around the world. Since Moser-Baer AG was looking for a sustainable <a href=\"https:\/\/gia.ch\/services\/sap-beratung\/\">ERP solution<\/a> it launched an evaluation project with various Swiss ERP providers.<\/p>\n<p>GIA Informatik AG emerged as the winner from this competition. \"GIA understands as one of a few <a href=\"https:\/\/gia.ch\/services\/sap-beratung\/\">SAP<\/a>-providers,\" says Reto Reist, CEO of Moser-Baer AG, explaining the decision. \"She was convincing both in her presentation and in her references. In addition, she speaks the language of SMEs.\"<\/p>\n<h2><strong>Modern ERP solution from SAP<\/strong><\/h2>\n<p>Max G\u00f6tschmann, responsible project manager on the part of GIA: \"To cover all needs, we have an ERP system template for the manufacturing industry that includes all company processes and process groups.\" Moser-Baer AG and GIA subsequently prepared the ERP implementation of the following process groups: Controlling, Finance, Materials Management, Human Resources, Production, Production Planning and Control, Sales and Order Processing. Subsequently, the project partners imported the existing data into the system configured for Moser-Baer AG.<\/p>\n<figure id=\"attachment_3406\" aria-describedby=\"caption-attachment-3406\" style=\"width: 427px\" class=\"wp-caption alignnone\"><img loading=\"lazy\" decoding=\"async\" class=\"size-full wp-image-3406\" src=\"https:\/\/www.organisator.ch\/wp-content\/uploads\/2018\/04\/Voll-im-Takt-dank-SAP-4_Organisator.jpg\" alt=\"\" width=\"427\" height=\"314\" srcset=\"https:\/\/www.organisator.ch\/wp-content\/uploads\/2018\/04\/Voll-im-Takt-dank-SAP-4_Organisator.jpg 427w, https:\/\/www.organisator.ch\/wp-content\/uploads\/2018\/04\/Voll-im-Takt-dank-SAP-4_Organisator-16x12.jpg 16w, https:\/\/www.organisator.ch\/wp-content\/uploads\/2018\/04\/Voll-im-Takt-dank-SAP-4_Organisator-238x175.jpg 238w, https:\/\/www.organisator.ch\/wp-content\/uploads\/2018\/04\/Voll-im-Takt-dank-SAP-4_Organisator-300x221.jpg 300w\" sizes=\"auto, (max-width: 427px) 100vw, 427px\" \/><figcaption id=\"caption-attachment-3406\" class=\"wp-caption-text\">Reto Reist, CEO Moser-Baer AG: \"A well-functioning ERP system gives the managing director the ability to make the right decisions in difficult situations.\" (Image: zVg)<\/figcaption><\/figure>\n<h2><strong>Mobile packaging processes<\/strong><\/h2>\n<p>A first part of the project, which had its kick-off in March 2013, was to change the previous numbering logic. Max G\u00f6tschmann: \"We no longer wanted to assign the numbers externally, but rather internally within the system. This was a big step because all spare parts catalogs still had old numbers.\"<\/p>\n<p>Another focus was on the processes in the shipping department. \"The packing processes - from the definition of the crate to the creation in the system and the use of handling units to the packing of material - are now mobile. The picking system is enabled by a cockpit,\" explains Max G\u00f6tschmann. Labeling processes are also special at Moser-Baer AG: For this, data is fetched from the ERP system and the contents are placed on labels, which vary depending on the customer, on different layouts.<\/p>\n<h2><strong>Tips for other companies<\/strong><\/h2>\n<p>Reto Reist offers the following advice to other companies that are also interested in an ERP system:<\/p>\n<ul>\n<li>A strong, knowledgeable project manager is central to the success of the project. On the one hand, he should understand a lot about SAP, and on the other hand, he should have knowledge of the business.<\/li>\n<li>Before starting the procedure, the interested company must decide whether it will provide an internal project manager. If it decides against it, it must hire an external professional for the company side.<\/li>\n<li>Companies should ensure that the master data is prepared correctly and cleanly. There must be no errors if they are transferred from the conventional system to the new one.<\/li>\n<li>Good process thinking is important in the integration team. The people involved must reflect the entire value creation process in the company.<\/li>\n<\/ul>\n<h2><strong>Enjoyment of transparency in operation<\/strong><\/h2>\n<p>Summing up, Reto Reist says that the collaboration over the entire duration of the project - from kick-off to project acceptance in March 2015 - worked flawlessly: \"Thanks to this project, we can minimize the effort for the entire administration. Today, we have a fully transparent operation.\" Max G\u00f6tschmann adds: \"Thanks to an integrated, central data management system, Moser-Baer AG has a 'single source of truth' in which everything relevant is placed in one place.\"<\/p>\n<figure id=\"attachment_3402\" aria-describedby=\"caption-attachment-3402\" style=\"width: 640px\" class=\"wp-caption alignnone\"><img loading=\"lazy\" decoding=\"async\" class=\"size-full wp-image-3402\" src=\"https:\/\/www.organisator.ch\/wp-content\/uploads\/2018\/04\/Voll-im-Takt-dank-SAP-3_Organisator.jpg\" alt=\"\" width=\"640\" height=\"248\" srcset=\"https:\/\/www.organisator.ch\/wp-content\/uploads\/2018\/04\/Voll-im-Takt-dank-SAP-3_Organisator.jpg 640w, https:\/\/www.organisator.ch\/wp-content\/uploads\/2018\/04\/Voll-im-Takt-dank-SAP-3_Organisator-16x6.jpg 16w, https:\/\/www.organisator.ch\/wp-content\/uploads\/2018\/04\/Voll-im-Takt-dank-SAP-3_Organisator-375x145.jpg 375w, https:\/\/www.organisator.ch\/wp-content\/uploads\/2018\/04\/Voll-im-Takt-dank-SAP-3_Organisator-300x116.jpg 300w\" sizes=\"auto, (max-width: 640px) 100vw, 640px\" \/><figcaption id=\"caption-attachment-3402\" class=\"wp-caption-text\">The headquarters of Moser-Baer AG is located in Sumiswald in the Emmental. (Image: zVg)<\/figcaption><\/figure>\n<h2><strong>What's in store for the future?<\/strong><\/h2>\n<p>\"At the moment, we are initiating processes for transparent price lists that we can then sell,\" says Reto Reist. The next stage of expansion involves the creation of interfaces to the sister companies: This will allow the company to simplify collaboration and data exchange, as well as integrate the system more deeply.<\/p>\n<p><em><strong>Author:<\/strong><\/em><\/p>\n<p><em>Silvan Wyser is Head of Marketing at GIA Informatik AG in Oftringen. GIA offers IT services with core competencies in the development and operation of solutions from a single source in the areas of SAP, IT services with its own cloud infrastructure and product development. Contact: T +41 62 789 74 17 \/ <a href=\"mailto:silvan.wyser@gia.ch\">silvan.wyser@gia.ch<\/a> \/ <a href=\"http:\/\/www.gia.ch\">www.gia.ch<\/a><\/em><\/p>","protected":false},"excerpt":{"rendered":"<p>Sie ist Teil der nationalen Identit\u00e4t, ihren roten Sekundenzeiger kennt jedes Kind, und aus Schweizer Bahnh\u00f6fen ist sie nicht mehr wegzudenken: die Bahnhofsuhr. Solche und weitere Uhrenanlagen produziert die Eigenmarke Mobatime der Moser-Baer AG im Sumiswald. Ihre Produkte vertreibt sie in \u00fcber 150 L\u00e4ndern auf der ganzen Welt. Da die Moser-Baer AG auf der Suche [&hellip;]<\/p>\n","protected":false},"author":4,"featured_media":3400,"comment_status":"open","ping_status":"open","sticky":false,"template":"","format":"standard","meta":{"_acf_changed":false,"_yoast_wpseo_focuskw":"SAP","_yoast_wpseo_metadesc":"Die auf Pr\u00e4zision in Zeit und Technik spezialisierte Moser-Baer AG ben\u00f6tigte ein neues ERP-System, um die Prozesse und Datenqualit\u00e4t zu optimieren. Wie das Projekt ablief und welchen Nutzen es brachte, zeigt die folgende Case Study.","articlekey":"","footnotes":""},"categories":[27],"tags":[182,288,393,492],"class_list":["post-3399","post","type-post","status-publish","format-standard","has-post-thumbnail","hentry","category-it","tag-erp","tag-it-business-software","tag-produkte","tag-unternehmen"],"acf":[],"yoast_head":"<!-- This site is optimized with the Yoast SEO plugin v27.5 - https:\/\/yoast.com\/product\/yoast-seo-wordpress\/ -->\n<title>Voll im Takt dank SAP - Organisator<\/title>\n<meta name=\"description\" content=\"Die auf Pr\u00e4zision in Zeit und Technik spezialisierte Moser-Baer AG ben\u00f6tigte ein neues ERP-System, um die Prozesse und Datenqualit\u00e4t zu optimieren. Wie das Projekt ablief und welchen Nutzen es brachte, zeigt die folgende Case Study.\" \/>\n<meta name=\"robots\" content=\"index, follow, max-snippet:-1, max-image-preview:large, max-video-preview:-1\" \/>\n<link rel=\"canonical\" href=\"https:\/\/www.organisator.ch\/en\/management\/it\/2018-04-06\/voll-im-takt-dank-sap\/\" \/>\n<meta property=\"og:locale\" content=\"en_US\" \/>\n<meta property=\"og:type\" content=\"article\" \/>\n<meta property=\"og:title\" content=\"Voll im Takt dank SAP\" \/>\n<meta property=\"og:description\" content=\"Die auf Pr\u00e4zision in Zeit und Technik spezialisierte #Moser-Baer AG ben\u00f6tigte ein neues #ERP-System, um die Prozesse und Datenqualit\u00e4t zu optimieren. Wie das Projekt ablief und welchen Nutzen es brachte, zeigt die folgende Case Study.\" \/>\n<meta property=\"og:url\" content=\"https:\/\/www.organisator.ch\/en\/management\/it\/2018-04-06\/voll-im-takt-dank-sap\/\" \/>\n<meta property=\"og:site_name\" content=\"Organisator\" \/>\n<meta property=\"article:publisher\" content=\"https:\/\/www.facebook.com\/OrganisatorFachmagazin\" \/>\n<meta property=\"article:published_time\" content=\"2018-04-06T05:30:48+00:00\" \/>\n<meta property=\"og:image\" content=\"https:\/\/www.organisator.ch\/wp-content\/uploads\/2018\/04\/Voll-im-Takt-dank-SAP-3_Organisator.jpg\" \/>\n\t<meta property=\"og:image:width\" content=\"640\" \/>\n\t<meta property=\"og:image:height\" content=\"248\" \/>\n\t<meta property=\"og:image:type\" content=\"image\/jpeg\" \/>\n<meta name=\"author\" content=\"thomas.berner\" \/>\n<meta name=\"twitter:card\" content=\"summary_large_image\" \/>\n<meta name=\"twitter:title\" content=\"Voll im Takt dank #SAP\" \/>\n<meta name=\"twitter:description\" content=\"Die auf Pr\u00e4zision in Zeit und Technik spezialisierte #Moser-Baer AG ben\u00f6tigte ein neues #ERP-System, um die Prozesse und Datenqualit\u00e4t zu optimieren. Wie das Projekt ablief und welchen Nutzen es brachte, zeigt die folgende Case Study.\" \/>\n<meta name=\"twitter:image\" content=\"https:\/\/www.organisator.ch\/wp-content\/uploads\/2018\/04\/Voll-im-Takt-dank-SAP-3_Organisator.jpg\" \/>\n<script type=\"application\/ld+json\" class=\"yoast-schema-graph\">{\"@context\":\"https:\\\/\\\/schema.org\",\"@graph\":[{\"@type\":\"Article\",\"@id\":\"https:\\\/\\\/www.organisator.ch\\\/management\\\/it\\\/2018-04-06\\\/voll-im-takt-dank-sap\\\/#article\",\"isPartOf\":{\"@id\":\"https:\\\/\\\/www.organisator.ch\\\/management\\\/it\\\/2018-04-06\\\/voll-im-takt-dank-sap\\\/\"},\"author\":{\"name\":\"thomas.berner\",\"@id\":\"https:\\\/\\\/www.organisator.ch\\\/#\\\/schema\\\/person\\\/6f650f90b2842cd4c0cc334b4e36f67e\"},\"headline\":\"Voll im Takt dank SAP\",\"datePublished\":\"2018-04-06T05:30:48+00:00\",\"mainEntityOfPage\":{\"@id\":\"https:\\\/\\\/www.organisator.ch\\\/management\\\/it\\\/2018-04-06\\\/voll-im-takt-dank-sap\\\/\"},\"wordCount\":724,\"commentCount\":0,\"publisher\":{\"@id\":\"https:\\\/\\\/www.organisator.ch\\\/#organization\"},\"image\":{\"@id\":\"https:\\\/\\\/www.organisator.ch\\\/management\\\/it\\\/2018-04-06\\\/voll-im-takt-dank-sap\\\/#primaryimage\"},\"thumbnailUrl\":\"https:\\\/\\\/www.organisator.ch\\\/wp-content\\\/uploads\\\/2018\\\/04\\\/Voll-im-Takt-dank-SAP-1_Organisator.jpg\",\"keywords\":[\"ERP\",\"IT &amp; Business Software\",\"Produkte\",\"Unternehmen\"],\"articleSection\":[\"IT\"],\"inLanguage\":\"en-US\"},{\"@type\":\"WebPage\",\"@id\":\"https:\\\/\\\/www.organisator.ch\\\/management\\\/it\\\/2018-04-06\\\/voll-im-takt-dank-sap\\\/\",\"url\":\"https:\\\/\\\/www.organisator.ch\\\/management\\\/it\\\/2018-04-06\\\/voll-im-takt-dank-sap\\\/\",\"name\":\"Voll im Takt dank SAP - Organisator\",\"isPartOf\":{\"@id\":\"https:\\\/\\\/www.organisator.ch\\\/#website\"},\"primaryImageOfPage\":{\"@id\":\"https:\\\/\\\/www.organisator.ch\\\/management\\\/it\\\/2018-04-06\\\/voll-im-takt-dank-sap\\\/#primaryimage\"},\"image\":{\"@id\":\"https:\\\/\\\/www.organisator.ch\\\/management\\\/it\\\/2018-04-06\\\/voll-im-takt-dank-sap\\\/#primaryimage\"},\"thumbnailUrl\":\"https:\\\/\\\/www.organisator.ch\\\/wp-content\\\/uploads\\\/2018\\\/04\\\/Voll-im-Takt-dank-SAP-1_Organisator.jpg\",\"datePublished\":\"2018-04-06T05:30:48+00:00\",\"description\":\"Die auf Pr\u00e4zision in Zeit und Technik spezialisierte Moser-Baer AG ben\u00f6tigte ein neues ERP-System, um die Prozesse und Datenqualit\u00e4t zu optimieren. Wie das Projekt ablief und welchen Nutzen es brachte, zeigt die folgende Case Study.\",\"breadcrumb\":{\"@id\":\"https:\\\/\\\/www.organisator.ch\\\/management\\\/it\\\/2018-04-06\\\/voll-im-takt-dank-sap\\\/#breadcrumb\"},\"inLanguage\":\"en-US\",\"potentialAction\":[{\"@type\":\"ReadAction\",\"target\":[\"https:\\\/\\\/www.organisator.ch\\\/management\\\/it\\\/2018-04-06\\\/voll-im-takt-dank-sap\\\/\"]}]},{\"@type\":\"ImageObject\",\"inLanguage\":\"en-US\",\"@id\":\"https:\\\/\\\/www.organisator.ch\\\/management\\\/it\\\/2018-04-06\\\/voll-im-takt-dank-sap\\\/#primaryimage\",\"url\":\"https:\\\/\\\/www.organisator.ch\\\/wp-content\\\/uploads\\\/2018\\\/04\\\/Voll-im-Takt-dank-SAP-1_Organisator.jpg\",\"contentUrl\":\"https:\\\/\\\/www.organisator.ch\\\/wp-content\\\/uploads\\\/2018\\\/04\\\/Voll-im-Takt-dank-SAP-1_Organisator.jpg\",\"width\":640,\"height\":426,\"caption\":\"Die Moser-Baer AG ist mit ihren Zeitsystemen nicht nur in der Schweiz vertreten, sondern auch in Deutschland, Japan, Kanada, Russland, Saudi-Arabien, Singapur und vielen weiteren L\u00e4ndern. (Bild: zVg)\"},{\"@type\":\"BreadcrumbList\",\"@id\":\"https:\\\/\\\/www.organisator.ch\\\/management\\\/it\\\/2018-04-06\\\/voll-im-takt-dank-sap\\\/#breadcrumb\",\"itemListElement\":[{\"@type\":\"ListItem\",\"position\":1,\"name\":\"Home\",\"item\":\"https:\\\/\\\/www.organisator.ch\\\/\"},{\"@type\":\"ListItem\",\"position\":2,\"name\":\"Voll im Takt dank SAP\"}]},{\"@type\":\"WebSite\",\"@id\":\"https:\\\/\\\/www.organisator.ch\\\/#website\",\"url\":\"https:\\\/\\\/www.organisator.ch\\\/\",\"name\":\"Organisator\",\"description\":\"Kompetent. Praxisnah. Der ORGANISATOR bereitet in 10 Ausgaben pro Jahr die wesentlichen Themen f\u00fcr F\u00fchrungskr\u00e4fte von KMU auf.\",\"publisher\":{\"@id\":\"https:\\\/\\\/www.organisator.ch\\\/#organization\"},\"potentialAction\":[{\"@type\":\"SearchAction\",\"target\":{\"@type\":\"EntryPoint\",\"urlTemplate\":\"https:\\\/\\\/www.organisator.ch\\\/?s={search_term_string}\"},\"query-input\":{\"@type\":\"PropertyValueSpecification\",\"valueRequired\":true,\"valueName\":\"search_term_string\"}}],\"inLanguage\":\"en-US\"},{\"@type\":\"Organization\",\"@id\":\"https:\\\/\\\/www.organisator.ch\\\/#organization\",\"name\":\"Organisator\",\"url\":\"https:\\\/\\\/www.organisator.ch\\\/\",\"logo\":{\"@type\":\"ImageObject\",\"inLanguage\":\"en-US\",\"@id\":\"https:\\\/\\\/www.organisator.ch\\\/#\\\/schema\\\/logo\\\/image\\\/\",\"url\":\"https:\\\/\\\/www.organisator.ch\\\/wp-content\\\/uploads\\\/2022\\\/01\\\/Logo_Organisator_Website.png\",\"contentUrl\":\"https:\\\/\\\/www.organisator.ch\\\/wp-content\\\/uploads\\\/2022\\\/01\\\/Logo_Organisator_Website.png\",\"width\":800,\"height\":77,\"caption\":\"Organisator\"},\"image\":{\"@id\":\"https:\\\/\\\/www.organisator.ch\\\/#\\\/schema\\\/logo\\\/image\\\/\"},\"sameAs\":[\"https:\\\/\\\/www.facebook.com\\\/OrganisatorFachmagazin\",\"https:\\\/\\\/www.linkedin.com\\\/showcase\\\/organisator-das-magazin-fr-kmu\",\"https:\\\/\\\/www.xing.com\\\/news\\\/pages\\\/organisator-ch-695\",\"https:\\\/\\\/www.youtube.com\\\/channel\\\/UCGP2Sq0iWaZwT3BdIAQFYpw\"]},{\"@type\":\"Person\",\"@id\":\"https:\\\/\\\/www.organisator.ch\\\/#\\\/schema\\\/person\\\/6f650f90b2842cd4c0cc334b4e36f67e\",\"name\":\"thomas.berner\",\"image\":{\"@type\":\"ImageObject\",\"inLanguage\":\"en-US\",\"@id\":\"https:\\\/\\\/secure.gravatar.com\\\/avatar\\\/ac5001d2a36cb6c6cd3e50789007ffca834b477b74a2144564522e944eabff61?s=96&d=mm&r=g\",\"url\":\"https:\\\/\\\/secure.gravatar.com\\\/avatar\\\/ac5001d2a36cb6c6cd3e50789007ffca834b477b74a2144564522e944eabff61?s=96&d=mm&r=g\",\"contentUrl\":\"https:\\\/\\\/secure.gravatar.com\\\/avatar\\\/ac5001d2a36cb6c6cd3e50789007ffca834b477b74a2144564522e944eabff61?s=96&d=mm&r=g\",\"caption\":\"thomas.berner\"},\"url\":\"https:\\\/\\\/www.organisator.ch\\\/en\\\/author\\\/thomas-berner\\\/\"}]}<\/script>\n<!-- \/ Yoast SEO plugin. -->","yoast_head_json":{"title":"Fully in sync thanks to SAP - Organizer","description":"Moser-Baer AG, which specializes in precision in time and technology, needed a new ERP system to optimize processes and data quality. The following case study shows how the project went and what benefits it brought.","robots":{"index":"index","follow":"follow","max-snippet":"max-snippet:-1","max-image-preview":"max-image-preview:large","max-video-preview":"max-video-preview:-1"},"canonical":"https:\/\/www.organisator.ch\/en\/management\/it\/2018-04-06\/voll-im-takt-dank-sap\/","og_locale":"en_US","og_type":"article","og_title":"Voll im Takt dank SAP","og_description":"Die auf Pr\u00e4zision in Zeit und Technik spezialisierte #Moser-Baer AG ben\u00f6tigte ein neues #ERP-System, um die Prozesse und Datenqualit\u00e4t zu optimieren. Wie das Projekt ablief und welchen Nutzen es brachte, zeigt die folgende Case Study.","og_url":"https:\/\/www.organisator.ch\/en\/management\/it\/2018-04-06\/voll-im-takt-dank-sap\/","og_site_name":"Organisator","article_publisher":"https:\/\/www.facebook.com\/OrganisatorFachmagazin","article_published_time":"2018-04-06T05:30:48+00:00","og_image":[{"width":640,"height":248,"url":"https:\/\/www.organisator.ch\/wp-content\/uploads\/2018\/04\/Voll-im-Takt-dank-SAP-3_Organisator.jpg","type":"image\/jpeg"}],"author":"thomas.berner","twitter_card":"summary_large_image","twitter_title":"Voll im Takt dank #SAP","twitter_description":"Die auf Pr\u00e4zision in Zeit und Technik spezialisierte #Moser-Baer AG ben\u00f6tigte ein neues #ERP-System, um die Prozesse und Datenqualit\u00e4t zu optimieren. Wie das Projekt ablief und welchen Nutzen es brachte, zeigt die folgende Case Study.","twitter_image":"https:\/\/www.organisator.ch\/wp-content\/uploads\/2018\/04\/Voll-im-Takt-dank-SAP-3_Organisator.jpg","schema":{"@context":"https:\/\/schema.org","@graph":[{"@type":"Article","@id":"https:\/\/www.organisator.ch\/management\/it\/2018-04-06\/voll-im-takt-dank-sap\/#article","isPartOf":{"@id":"https:\/\/www.organisator.ch\/management\/it\/2018-04-06\/voll-im-takt-dank-sap\/"},"author":{"name":"thomas.berner","@id":"https:\/\/www.organisator.ch\/#\/schema\/person\/6f650f90b2842cd4c0cc334b4e36f67e"},"headline":"Voll im Takt dank SAP","datePublished":"2018-04-06T05:30:48+00:00","mainEntityOfPage":{"@id":"https:\/\/www.organisator.ch\/management\/it\/2018-04-06\/voll-im-takt-dank-sap\/"},"wordCount":724,"commentCount":0,"publisher":{"@id":"https:\/\/www.organisator.ch\/#organization"},"image":{"@id":"https:\/\/www.organisator.ch\/management\/it\/2018-04-06\/voll-im-takt-dank-sap\/#primaryimage"},"thumbnailUrl":"https:\/\/www.organisator.ch\/wp-content\/uploads\/2018\/04\/Voll-im-Takt-dank-SAP-1_Organisator.jpg","keywords":["ERP","IT &amp; Business Software","Produkte","Unternehmen"],"articleSection":["IT"],"inLanguage":"en-US"},{"@type":"WebPage","@id":"https:\/\/www.organisator.ch\/management\/it\/2018-04-06\/voll-im-takt-dank-sap\/","url":"https:\/\/www.organisator.ch\/management\/it\/2018-04-06\/voll-im-takt-dank-sap\/","name":"Fully in sync thanks to SAP - Organizer","isPartOf":{"@id":"https:\/\/www.organisator.ch\/#website"},"primaryImageOfPage":{"@id":"https:\/\/www.organisator.ch\/management\/it\/2018-04-06\/voll-im-takt-dank-sap\/#primaryimage"},"image":{"@id":"https:\/\/www.organisator.ch\/management\/it\/2018-04-06\/voll-im-takt-dank-sap\/#primaryimage"},"thumbnailUrl":"https:\/\/www.organisator.ch\/wp-content\/uploads\/2018\/04\/Voll-im-Takt-dank-SAP-1_Organisator.jpg","datePublished":"2018-04-06T05:30:48+00:00","description":"Moser-Baer AG, which specializes in precision in time and technology, needed a new ERP system to optimize processes and data quality. The following case study shows how the project went and what benefits it brought.","breadcrumb":{"@id":"https:\/\/www.organisator.ch\/management\/it\/2018-04-06\/voll-im-takt-dank-sap\/#breadcrumb"},"inLanguage":"en-US","potentialAction":[{"@type":"ReadAction","target":["https:\/\/www.organisator.ch\/management\/it\/2018-04-06\/voll-im-takt-dank-sap\/"]}]},{"@type":"ImageObject","inLanguage":"en-US","@id":"https:\/\/www.organisator.ch\/management\/it\/2018-04-06\/voll-im-takt-dank-sap\/#primaryimage","url":"https:\/\/www.organisator.ch\/wp-content\/uploads\/2018\/04\/Voll-im-Takt-dank-SAP-1_Organisator.jpg","contentUrl":"https:\/\/www.organisator.ch\/wp-content\/uploads\/2018\/04\/Voll-im-Takt-dank-SAP-1_Organisator.jpg","width":640,"height":426,"caption":"Die Moser-Baer AG ist mit ihren Zeitsystemen nicht nur in der Schweiz vertreten, sondern auch in Deutschland, Japan, Kanada, Russland, Saudi-Arabien, Singapur und vielen weiteren L\u00e4ndern. (Bild: zVg)"},{"@type":"BreadcrumbList","@id":"https:\/\/www.organisator.ch\/management\/it\/2018-04-06\/voll-im-takt-dank-sap\/#breadcrumb","itemListElement":[{"@type":"ListItem","position":1,"name":"Home","item":"https:\/\/www.organisator.ch\/"},{"@type":"ListItem","position":2,"name":"Voll im Takt dank SAP"}]},{"@type":"WebSite","@id":"https:\/\/www.organisator.ch\/#website","url":"https:\/\/www.organisator.ch\/","name":"Organizer","description":"Competent. Practical. In 10 issues per year, ORGANISATOR presents the essential topics for managers of SMEs.","publisher":{"@id":"https:\/\/www.organisator.ch\/#organization"},"potentialAction":[{"@type":"SearchAction","target":{"@type":"EntryPoint","urlTemplate":"https:\/\/www.organisator.ch\/?s={search_term_string}"},"query-input":{"@type":"PropertyValueSpecification","valueRequired":true,"valueName":"search_term_string"}}],"inLanguage":"en-US"},{"@type":"Organization","@id":"https:\/\/www.organisator.ch\/#organization","name":"Organizer","url":"https:\/\/www.organisator.ch\/","logo":{"@type":"ImageObject","inLanguage":"en-US","@id":"https:\/\/www.organisator.ch\/#\/schema\/logo\/image\/","url":"https:\/\/www.organisator.ch\/wp-content\/uploads\/2022\/01\/Logo_Organisator_Website.png","contentUrl":"https:\/\/www.organisator.ch\/wp-content\/uploads\/2022\/01\/Logo_Organisator_Website.png","width":800,"height":77,"caption":"Organisator"},"image":{"@id":"https:\/\/www.organisator.ch\/#\/schema\/logo\/image\/"},"sameAs":["https:\/\/www.facebook.com\/OrganisatorFachmagazin","https:\/\/www.linkedin.com\/showcase\/organisator-das-magazin-fr-kmu","https:\/\/www.xing.com\/news\/pages\/organisator-ch-695","https:\/\/www.youtube.com\/channel\/UCGP2Sq0iWaZwT3BdIAQFYpw"]},{"@type":"Person","@id":"https:\/\/www.organisator.ch\/#\/schema\/person\/6f650f90b2842cd4c0cc334b4e36f67e","name":"thomas.berner","image":{"@type":"ImageObject","inLanguage":"en-US","@id":"https:\/\/secure.gravatar.com\/avatar\/ac5001d2a36cb6c6cd3e50789007ffca834b477b74a2144564522e944eabff61?s=96&d=mm&r=g","url":"https:\/\/secure.gravatar.com\/avatar\/ac5001d2a36cb6c6cd3e50789007ffca834b477b74a2144564522e944eabff61?s=96&d=mm&r=g","contentUrl":"https:\/\/secure.gravatar.com\/avatar\/ac5001d2a36cb6c6cd3e50789007ffca834b477b74a2144564522e944eabff61?s=96&d=mm&r=g","caption":"thomas.berner"},"url":"https:\/\/www.organisator.ch\/en\/author\/thomas-berner\/"}]}},"_links":{"self":[{"href":"https:\/\/www.organisator.ch\/en\/wp-json\/wp\/v2\/posts\/3399","targetHints":{"allow":["GET"]}}],"collection":[{"href":"https:\/\/www.organisator.ch\/en\/wp-json\/wp\/v2\/posts"}],"about":[{"href":"https:\/\/www.organisator.ch\/en\/wp-json\/wp\/v2\/types\/post"}],"author":[{"embeddable":true,"href":"https:\/\/www.organisator.ch\/en\/wp-json\/wp\/v2\/users\/4"}],"replies":[{"embeddable":true,"href":"https:\/\/www.organisator.ch\/en\/wp-json\/wp\/v2\/comments?post=3399"}],"version-history":[{"count":0,"href":"https:\/\/www.organisator.ch\/en\/wp-json\/wp\/v2\/posts\/3399\/revisions"}],"wp:featuredmedia":[{"embeddable":true,"href":"https:\/\/www.organisator.ch\/en\/wp-json\/wp\/v2\/media\/3400"}],"wp:attachment":[{"href":"https:\/\/www.organisator.ch\/en\/wp-json\/wp\/v2\/media?parent=3399"}],"wp:term":[{"taxonomy":"category","embeddable":true,"href":"https:\/\/www.organisator.ch\/en\/wp-json\/wp\/v2\/categories?post=3399"},{"taxonomy":"post_tag","embeddable":true,"href":"https:\/\/www.organisator.ch\/en\/wp-json\/wp\/v2\/tags?post=3399"}],"curies":[{"name":"wp","href":"https:\/\/api.w.org\/{rel}","templated":true}]}}