{"id":34034,"date":"2024-11-27T09:25:30","date_gmt":"2024-11-27T08:25:30","guid":{"rendered":"https:\/\/www.organisator.ch\/?p=34034"},"modified":"2024-11-26T16:25:43","modified_gmt":"2024-11-26T15:25:43","slug":"neue-wege-fuer-digitale-zukunftskompetenzen","status":"publish","type":"post","link":"https:\/\/www.organisator.ch\/en\/weiterbildung\/2024-11-27\/neue-wege-fuer-digitale-zukunftskompetenzen\/","title":{"rendered":"New paths for digital skills of the future"},"content":{"rendered":"<figure id=\"attachment_34035\" aria-describedby=\"caption-attachment-34035\" style=\"width: 680px\" class=\"wp-caption alignnone\"><img loading=\"lazy\" decoding=\"async\" class=\"size-full wp-image-34035\" src=\"https:\/\/www.organisator.ch\/wp-content\/uploads\/2024\/11\/FHNW_Bild1_ps.jpg\" alt=\"\" width=\"680\" height=\"348\" srcset=\"https:\/\/www.organisator.ch\/wp-content\/uploads\/2024\/11\/FHNW_Bild1_ps.jpg 680w, https:\/\/www.organisator.ch\/wp-content\/uploads\/2024\/11\/FHNW_Bild1_ps-18x9.jpg 18w, https:\/\/www.organisator.ch\/wp-content\/uploads\/2024\/11\/FHNW_Bild1_ps-375x192.jpg 375w\" sizes=\"auto, (max-width: 680px) 100vw, 680px\" \/><figcaption id=\"caption-attachment-34035\" class=\"wp-caption-text\">New MAS programs strengthen IT specialists in Switzerland. Focus on cybersecurity and digital leadership skills. (Image: FHNW)<\/figcaption><\/figure>\n<p>The programs were developed to address the acute skills shortage in the IT sector and strengthen the competitiveness of the Swiss economy. While the MAS Leadership in Cybersecurity specifically addresses the growing threat of cyber attacks, the MAS Digital Leadership in IT focuses on promoting leadership skills for digital transformation. Both programmes are tailored to the future skills of specialists and managers and their organizations.<\/p>\n<p>The new programs will sharpen the skills profiles of graduates in a rapidly changing and challenging digital world. The special feature of the new MAS programs is their modular structure, which allows graduates to book them flexibly.<\/p>\n<h3><strong>MAS Digital Leadership in IT<\/strong><\/h3>\n<p>This program is designed for experienced IT professionals and leaders who want to expand their strategic and digital management skills and strengthen their leadership competencies. The program focuses on the core competencies of technology, business and leadership:<\/p>\n<ul>\n<li>Modern people-oriented leadership<\/li>\n<li>Technology management<\/li>\n<li>Digital business transformation<\/li>\n<\/ul>\n<p>In this programme, participants also acquire the internationally recognized Agile Business Professional certification.<\/p>\n<h3><strong>MAS Leadership in Cybersecurity<\/strong><\/h3>\n<p>This program is designed for IT security experts and managers who want to expand their skills in strategic cybersecurity management and take on management positions. Participants are prepared to lead security teams, design awareness campaigns and support management in strategic decisions. This training focuses on the core competencies:<\/p>\n<ul>\n<li>Modern people-oriented leadership<\/li>\n<li>Cybersecurity management with BSI, ISO and NIST standards<\/li>\n<li>Strategies and operation of AI-supported cybersecurity<\/li>\n<\/ul>\n<p>In this program, participants can also acquire the following certificates:<\/p>\n<ul>\n<li>Integrated BSI and ISO certifications<\/li>\n<li>Certification as an Agile Business Professional<\/li>\n<li>Audit, AI powered CyberTech integrated certification<\/li>\n<\/ul>\n<p><em>Source: <a href=\"http:\/\/www.fhnw.ch\">www.fhnw.ch<\/a><\/em><\/p>","protected":false},"excerpt":{"rendered":"<p>With two new modular continuing education programs - the Master of Advanced Studies (MAS) Digital Leadership in IT and the MAS Leadership in Cybersecurity - the School of Business at the FHNW University of Applied Sciences and Arts Northwestern Switzerland is responding to the urgent requirements of digital transformation with the inclusion of artificial intelligence (AI).<\/p>","protected":false},"author":80,"featured_media":34035,"comment_status":"closed","ping_status":"closed","sticky":false,"template":"","format":"standard","meta":{"_acf_changed":false,"_yoast_wpseo_focuskw":"MAS-Programme","_yoast_wpseo_metadesc":"Neue MAS-Programme st\u00e4rken IT-Fachkr\u00e4fte in der Schweiz. Fokus auf Cybersecurity und digitale F\u00fchrungskompetenzen.","articlekey":"","footnotes":""},"categories":[30],"tags":[3047,192,1168,319,424,2576],"class_list":["post-34034","post","type-post","status-publish","format-standard","has-post-thumbnail","hentry","category-weiterbildung","tag-cybersecurity","tag-fachhochschulen","tag-fhnw","tag-kuenstliche-intelligenz","tag-schweiz","tag-wirtschaft"],"acf":[],"yoast_head":"<!-- This site is optimized with the Yoast SEO plugin v27.4 - https:\/\/yoast.com\/product\/yoast-seo-wordpress\/ -->\n<title>Neue Wege f\u00fcr digitale Zukunftskompetenzen - Organisator<\/title>\n<meta name=\"description\" content=\"Neue MAS-Programme st\u00e4rken IT-Fachkr\u00e4fte in der Schweiz. Fokus auf Cybersecurity und digitale F\u00fchrungskompetenzen.\" \/>\n<meta name=\"robots\" content=\"index, follow, max-snippet:-1, max-image-preview:large, max-video-preview:-1\" \/>\n<link rel=\"canonical\" href=\"https:\/\/www.organisator.ch\/en\/further-education\/2024-11-27\/neue-wege-fuer-digitale-zukunftskompetenzen\/\" \/>\n<meta property=\"og:locale\" content=\"en_US\" \/>\n<meta property=\"og:type\" content=\"article\" \/>\n<meta property=\"og:title\" content=\"Neue Wege f\u00fcr digitale Zukunftskompetenzen\" \/>\n<meta property=\"og:description\" content=\"Neue MAS-Programme st\u00e4rken IT-Fachkr\u00e4fte in der Schweiz. Fokus auf Cybersecurity und digitale F\u00fchrungskompetenzen.\" \/>\n<meta property=\"og:url\" content=\"https:\/\/www.organisator.ch\/en\/further-education\/2024-11-27\/neue-wege-fuer-digitale-zukunftskompetenzen\/\" \/>\n<meta property=\"og:site_name\" content=\"Organisator\" \/>\n<meta property=\"article:publisher\" content=\"https:\/\/www.facebook.com\/OrganisatorFachmagazin\" \/>\n<meta property=\"article:published_time\" content=\"2024-11-27T08:25:30+00:00\" \/>\n<meta property=\"og:image\" content=\"https:\/\/www.organisator.ch\/wp-content\/uploads\/2024\/11\/FHNW_Bild1_ps.jpg\" \/>\n\t<meta property=\"og:image:width\" content=\"680\" \/>\n\t<meta property=\"og:image:height\" content=\"348\" \/>\n\t<meta property=\"og:image:type\" content=\"image\/jpeg\" \/>\n<meta name=\"author\" content=\"Dzana Muminovic\" \/>\n<meta name=\"twitter:card\" content=\"summary_large_image\" \/>\n<meta name=\"twitter:title\" content=\"Neue Wege f\u00fcr digitale Zukunftskompetenzen\" \/>\n<meta name=\"twitter:description\" content=\"Neue #MAS-Programme st\u00e4rken #IT-Fachkr\u00e4fte in der #Schweiz. Fokus auf #Cybersecurity und digitale #F\u00fchrungskompetenzen.\" \/>\n<meta name=\"twitter:image\" content=\"https:\/\/www.organisator.ch\/wp-content\/uploads\/2024\/11\/FHNW_Bild1_ps.jpg\" \/>\n<script type=\"application\/ld+json\" class=\"yoast-schema-graph\">{\"@context\":\"https:\\\/\\\/schema.org\",\"@graph\":[{\"@type\":\"Article\",\"@id\":\"https:\\\/\\\/www.organisator.ch\\\/weiterbildung\\\/2024-11-27\\\/neue-wege-fuer-digitale-zukunftskompetenzen\\\/#article\",\"isPartOf\":{\"@id\":\"https:\\\/\\\/www.organisator.ch\\\/weiterbildung\\\/2024-11-27\\\/neue-wege-fuer-digitale-zukunftskompetenzen\\\/\"},\"author\":{\"name\":\"Dzana Muminovic\",\"@id\":\"https:\\\/\\\/www.organisator.ch\\\/#\\\/schema\\\/person\\\/afccda3a71c06d4be2ed9100dd163db7\"},\"headline\":\"Neue Wege f\u00fcr digitale Zukunftskompetenzen\",\"datePublished\":\"2024-11-27T08:25:30+00:00\",\"mainEntityOfPage\":{\"@id\":\"https:\\\/\\\/www.organisator.ch\\\/weiterbildung\\\/2024-11-27\\\/neue-wege-fuer-digitale-zukunftskompetenzen\\\/\"},\"wordCount\":313,\"publisher\":{\"@id\":\"https:\\\/\\\/www.organisator.ch\\\/#organization\"},\"image\":{\"@id\":\"https:\\\/\\\/www.organisator.ch\\\/weiterbildung\\\/2024-11-27\\\/neue-wege-fuer-digitale-zukunftskompetenzen\\\/#primaryimage\"},\"thumbnailUrl\":\"https:\\\/\\\/www.organisator.ch\\\/wp-content\\\/uploads\\\/2024\\\/11\\\/FHNW_Bild1_ps.jpg\",\"keywords\":[\"Cybersecurity\",\"Fachhochschulen\",\"FHNW\",\"K\u00fcnstliche Intelligenz\",\"Schweiz\",\"Wirtschaft\"],\"articleSection\":[\"WEITERBILDUNG\"],\"inLanguage\":\"en-US\"},{\"@type\":\"WebPage\",\"@id\":\"https:\\\/\\\/www.organisator.ch\\\/weiterbildung\\\/2024-11-27\\\/neue-wege-fuer-digitale-zukunftskompetenzen\\\/\",\"url\":\"https:\\\/\\\/www.organisator.ch\\\/weiterbildung\\\/2024-11-27\\\/neue-wege-fuer-digitale-zukunftskompetenzen\\\/\",\"name\":\"Neue Wege f\u00fcr digitale Zukunftskompetenzen - Organisator\",\"isPartOf\":{\"@id\":\"https:\\\/\\\/www.organisator.ch\\\/#website\"},\"primaryImageOfPage\":{\"@id\":\"https:\\\/\\\/www.organisator.ch\\\/weiterbildung\\\/2024-11-27\\\/neue-wege-fuer-digitale-zukunftskompetenzen\\\/#primaryimage\"},\"image\":{\"@id\":\"https:\\\/\\\/www.organisator.ch\\\/weiterbildung\\\/2024-11-27\\\/neue-wege-fuer-digitale-zukunftskompetenzen\\\/#primaryimage\"},\"thumbnailUrl\":\"https:\\\/\\\/www.organisator.ch\\\/wp-content\\\/uploads\\\/2024\\\/11\\\/FHNW_Bild1_ps.jpg\",\"datePublished\":\"2024-11-27T08:25:30+00:00\",\"description\":\"Neue MAS-Programme st\u00e4rken IT-Fachkr\u00e4fte in der Schweiz. Fokus auf Cybersecurity und digitale F\u00fchrungskompetenzen.\",\"breadcrumb\":{\"@id\":\"https:\\\/\\\/www.organisator.ch\\\/weiterbildung\\\/2024-11-27\\\/neue-wege-fuer-digitale-zukunftskompetenzen\\\/#breadcrumb\"},\"inLanguage\":\"en-US\",\"potentialAction\":[{\"@type\":\"ReadAction\",\"target\":[\"https:\\\/\\\/www.organisator.ch\\\/weiterbildung\\\/2024-11-27\\\/neue-wege-fuer-digitale-zukunftskompetenzen\\\/\"]}]},{\"@type\":\"ImageObject\",\"inLanguage\":\"en-US\",\"@id\":\"https:\\\/\\\/www.organisator.ch\\\/weiterbildung\\\/2024-11-27\\\/neue-wege-fuer-digitale-zukunftskompetenzen\\\/#primaryimage\",\"url\":\"https:\\\/\\\/www.organisator.ch\\\/wp-content\\\/uploads\\\/2024\\\/11\\\/FHNW_Bild1_ps.jpg\",\"contentUrl\":\"https:\\\/\\\/www.organisator.ch\\\/wp-content\\\/uploads\\\/2024\\\/11\\\/FHNW_Bild1_ps.jpg\",\"width\":680,\"height\":348,\"caption\":\"Neue MAS-Programme st\u00e4rken IT-Fachkr\u00e4fte in der Schweiz. Fokus auf Cybersecurity und digitale F\u00fchrungskompetenzen. (Bild: FHNW)\"},{\"@type\":\"BreadcrumbList\",\"@id\":\"https:\\\/\\\/www.organisator.ch\\\/weiterbildung\\\/2024-11-27\\\/neue-wege-fuer-digitale-zukunftskompetenzen\\\/#breadcrumb\",\"itemListElement\":[{\"@type\":\"ListItem\",\"position\":1,\"name\":\"Home\",\"item\":\"https:\\\/\\\/www.organisator.ch\\\/\"},{\"@type\":\"ListItem\",\"position\":2,\"name\":\"Neue Wege f\u00fcr digitale Zukunftskompetenzen\"}]},{\"@type\":\"WebSite\",\"@id\":\"https:\\\/\\\/www.organisator.ch\\\/#website\",\"url\":\"https:\\\/\\\/www.organisator.ch\\\/\",\"name\":\"Organisator\",\"description\":\"Kompetent. Praxisnah. Der ORGANISATOR bereitet in 10 Ausgaben pro Jahr die wesentlichen Themen f\u00fcr F\u00fchrungskr\u00e4fte von KMU auf.\",\"publisher\":{\"@id\":\"https:\\\/\\\/www.organisator.ch\\\/#organization\"},\"potentialAction\":[{\"@type\":\"SearchAction\",\"target\":{\"@type\":\"EntryPoint\",\"urlTemplate\":\"https:\\\/\\\/www.organisator.ch\\\/?s={search_term_string}\"},\"query-input\":{\"@type\":\"PropertyValueSpecification\",\"valueRequired\":true,\"valueName\":\"search_term_string\"}}],\"inLanguage\":\"en-US\"},{\"@type\":\"Organization\",\"@id\":\"https:\\\/\\\/www.organisator.ch\\\/#organization\",\"name\":\"Organisator\",\"url\":\"https:\\\/\\\/www.organisator.ch\\\/\",\"logo\":{\"@type\":\"ImageObject\",\"inLanguage\":\"en-US\",\"@id\":\"https:\\\/\\\/www.organisator.ch\\\/#\\\/schema\\\/logo\\\/image\\\/\",\"url\":\"https:\\\/\\\/www.organisator.ch\\\/wp-content\\\/uploads\\\/2022\\\/01\\\/Logo_Organisator_Website.png\",\"contentUrl\":\"https:\\\/\\\/www.organisator.ch\\\/wp-content\\\/uploads\\\/2022\\\/01\\\/Logo_Organisator_Website.png\",\"width\":800,\"height\":77,\"caption\":\"Organisator\"},\"image\":{\"@id\":\"https:\\\/\\\/www.organisator.ch\\\/#\\\/schema\\\/logo\\\/image\\\/\"},\"sameAs\":[\"https:\\\/\\\/www.facebook.com\\\/OrganisatorFachmagazin\",\"https:\\\/\\\/www.linkedin.com\\\/showcase\\\/organisator-das-magazin-fr-kmu\",\"https:\\\/\\\/www.xing.com\\\/news\\\/pages\\\/organisator-ch-695\",\"https:\\\/\\\/www.youtube.com\\\/channel\\\/UCGP2Sq0iWaZwT3BdIAQFYpw\"]},{\"@type\":\"Person\",\"@id\":\"https:\\\/\\\/www.organisator.ch\\\/#\\\/schema\\\/person\\\/afccda3a71c06d4be2ed9100dd163db7\",\"name\":\"Dzana Muminovic\",\"image\":{\"@type\":\"ImageObject\",\"inLanguage\":\"en-US\",\"@id\":\"https:\\\/\\\/secure.gravatar.com\\\/avatar\\\/909c5c71aff4b38e88686f2ab2f1ba152571f394f41ed8bae431ea56ced93050?s=96&d=mm&r=g\",\"url\":\"https:\\\/\\\/secure.gravatar.com\\\/avatar\\\/909c5c71aff4b38e88686f2ab2f1ba152571f394f41ed8bae431ea56ced93050?s=96&d=mm&r=g\",\"contentUrl\":\"https:\\\/\\\/secure.gravatar.com\\\/avatar\\\/909c5c71aff4b38e88686f2ab2f1ba152571f394f41ed8bae431ea56ced93050?s=96&d=mm&r=g\",\"caption\":\"Dzana Muminovic\"},\"url\":\"https:\\\/\\\/www.organisator.ch\\\/en\\\/author\\\/dzana-muminovic\\\/\"}]}<\/script>\n<!-- \/ Yoast SEO plugin. -->","yoast_head_json":{"title":"New paths for digital future skills - Organizer","description":"New MAS programs strengthen IT specialists in Switzerland. Focus on cybersecurity and digital leadership skills.","robots":{"index":"index","follow":"follow","max-snippet":"max-snippet:-1","max-image-preview":"max-image-preview:large","max-video-preview":"max-video-preview:-1"},"canonical":"https:\/\/www.organisator.ch\/en\/further-education\/2024-11-27\/neue-wege-fuer-digitale-zukunftskompetenzen\/","og_locale":"en_US","og_type":"article","og_title":"Neue Wege f\u00fcr digitale Zukunftskompetenzen","og_description":"Neue MAS-Programme st\u00e4rken IT-Fachkr\u00e4fte in der Schweiz. Fokus auf Cybersecurity und digitale F\u00fchrungskompetenzen.","og_url":"https:\/\/www.organisator.ch\/en\/further-education\/2024-11-27\/neue-wege-fuer-digitale-zukunftskompetenzen\/","og_site_name":"Organisator","article_publisher":"https:\/\/www.facebook.com\/OrganisatorFachmagazin","article_published_time":"2024-11-27T08:25:30+00:00","og_image":[{"width":680,"height":348,"url":"https:\/\/www.organisator.ch\/wp-content\/uploads\/2024\/11\/FHNW_Bild1_ps.jpg","type":"image\/jpeg"}],"author":"Dzana Muminovic","twitter_card":"summary_large_image","twitter_title":"Neue Wege f\u00fcr digitale Zukunftskompetenzen","twitter_description":"Neue #MAS-Programme st\u00e4rken #IT-Fachkr\u00e4fte in der #Schweiz. Fokus auf #Cybersecurity und digitale #F\u00fchrungskompetenzen.","twitter_image":"https:\/\/www.organisator.ch\/wp-content\/uploads\/2024\/11\/FHNW_Bild1_ps.jpg","schema":{"@context":"https:\/\/schema.org","@graph":[{"@type":"Article","@id":"https:\/\/www.organisator.ch\/weiterbildung\/2024-11-27\/neue-wege-fuer-digitale-zukunftskompetenzen\/#article","isPartOf":{"@id":"https:\/\/www.organisator.ch\/weiterbildung\/2024-11-27\/neue-wege-fuer-digitale-zukunftskompetenzen\/"},"author":{"name":"Dzana Muminovic","@id":"https:\/\/www.organisator.ch\/#\/schema\/person\/afccda3a71c06d4be2ed9100dd163db7"},"headline":"Neue Wege f\u00fcr digitale Zukunftskompetenzen","datePublished":"2024-11-27T08:25:30+00:00","mainEntityOfPage":{"@id":"https:\/\/www.organisator.ch\/weiterbildung\/2024-11-27\/neue-wege-fuer-digitale-zukunftskompetenzen\/"},"wordCount":313,"publisher":{"@id":"https:\/\/www.organisator.ch\/#organization"},"image":{"@id":"https:\/\/www.organisator.ch\/weiterbildung\/2024-11-27\/neue-wege-fuer-digitale-zukunftskompetenzen\/#primaryimage"},"thumbnailUrl":"https:\/\/www.organisator.ch\/wp-content\/uploads\/2024\/11\/FHNW_Bild1_ps.jpg","keywords":["Cybersecurity","Fachhochschulen","FHNW","K\u00fcnstliche Intelligenz","Schweiz","Wirtschaft"],"articleSection":["WEITERBILDUNG"],"inLanguage":"en-US"},{"@type":"WebPage","@id":"https:\/\/www.organisator.ch\/weiterbildung\/2024-11-27\/neue-wege-fuer-digitale-zukunftskompetenzen\/","url":"https:\/\/www.organisator.ch\/weiterbildung\/2024-11-27\/neue-wege-fuer-digitale-zukunftskompetenzen\/","name":"New paths for digital future skills - Organizer","isPartOf":{"@id":"https:\/\/www.organisator.ch\/#website"},"primaryImageOfPage":{"@id":"https:\/\/www.organisator.ch\/weiterbildung\/2024-11-27\/neue-wege-fuer-digitale-zukunftskompetenzen\/#primaryimage"},"image":{"@id":"https:\/\/www.organisator.ch\/weiterbildung\/2024-11-27\/neue-wege-fuer-digitale-zukunftskompetenzen\/#primaryimage"},"thumbnailUrl":"https:\/\/www.organisator.ch\/wp-content\/uploads\/2024\/11\/FHNW_Bild1_ps.jpg","datePublished":"2024-11-27T08:25:30+00:00","description":"New MAS programs strengthen IT specialists in Switzerland. Focus on cybersecurity and digital leadership skills.","breadcrumb":{"@id":"https:\/\/www.organisator.ch\/weiterbildung\/2024-11-27\/neue-wege-fuer-digitale-zukunftskompetenzen\/#breadcrumb"},"inLanguage":"en-US","potentialAction":[{"@type":"ReadAction","target":["https:\/\/www.organisator.ch\/weiterbildung\/2024-11-27\/neue-wege-fuer-digitale-zukunftskompetenzen\/"]}]},{"@type":"ImageObject","inLanguage":"en-US","@id":"https:\/\/www.organisator.ch\/weiterbildung\/2024-11-27\/neue-wege-fuer-digitale-zukunftskompetenzen\/#primaryimage","url":"https:\/\/www.organisator.ch\/wp-content\/uploads\/2024\/11\/FHNW_Bild1_ps.jpg","contentUrl":"https:\/\/www.organisator.ch\/wp-content\/uploads\/2024\/11\/FHNW_Bild1_ps.jpg","width":680,"height":348,"caption":"Neue MAS-Programme st\u00e4rken IT-Fachkr\u00e4fte in der Schweiz. Fokus auf Cybersecurity und digitale F\u00fchrungskompetenzen. (Bild: FHNW)"},{"@type":"BreadcrumbList","@id":"https:\/\/www.organisator.ch\/weiterbildung\/2024-11-27\/neue-wege-fuer-digitale-zukunftskompetenzen\/#breadcrumb","itemListElement":[{"@type":"ListItem","position":1,"name":"Home","item":"https:\/\/www.organisator.ch\/"},{"@type":"ListItem","position":2,"name":"Neue Wege f\u00fcr digitale Zukunftskompetenzen"}]},{"@type":"WebSite","@id":"https:\/\/www.organisator.ch\/#website","url":"https:\/\/www.organisator.ch\/","name":"Organizer","description":"Competent. Practical. In 10 issues per year, ORGANISATOR presents the essential topics for managers of SMEs.","publisher":{"@id":"https:\/\/www.organisator.ch\/#organization"},"potentialAction":[{"@type":"SearchAction","target":{"@type":"EntryPoint","urlTemplate":"https:\/\/www.organisator.ch\/?s={search_term_string}"},"query-input":{"@type":"PropertyValueSpecification","valueRequired":true,"valueName":"search_term_string"}}],"inLanguage":"en-US"},{"@type":"Organization","@id":"https:\/\/www.organisator.ch\/#organization","name":"Organizer","url":"https:\/\/www.organisator.ch\/","logo":{"@type":"ImageObject","inLanguage":"en-US","@id":"https:\/\/www.organisator.ch\/#\/schema\/logo\/image\/","url":"https:\/\/www.organisator.ch\/wp-content\/uploads\/2022\/01\/Logo_Organisator_Website.png","contentUrl":"https:\/\/www.organisator.ch\/wp-content\/uploads\/2022\/01\/Logo_Organisator_Website.png","width":800,"height":77,"caption":"Organisator"},"image":{"@id":"https:\/\/www.organisator.ch\/#\/schema\/logo\/image\/"},"sameAs":["https:\/\/www.facebook.com\/OrganisatorFachmagazin","https:\/\/www.linkedin.com\/showcase\/organisator-das-magazin-fr-kmu","https:\/\/www.xing.com\/news\/pages\/organisator-ch-695","https:\/\/www.youtube.com\/channel\/UCGP2Sq0iWaZwT3BdIAQFYpw"]},{"@type":"Person","@id":"https:\/\/www.organisator.ch\/#\/schema\/person\/afccda3a71c06d4be2ed9100dd163db7","name":"Dzana Muminovic","image":{"@type":"ImageObject","inLanguage":"en-US","@id":"https:\/\/secure.gravatar.com\/avatar\/909c5c71aff4b38e88686f2ab2f1ba152571f394f41ed8bae431ea56ced93050?s=96&d=mm&r=g","url":"https:\/\/secure.gravatar.com\/avatar\/909c5c71aff4b38e88686f2ab2f1ba152571f394f41ed8bae431ea56ced93050?s=96&d=mm&r=g","contentUrl":"https:\/\/secure.gravatar.com\/avatar\/909c5c71aff4b38e88686f2ab2f1ba152571f394f41ed8bae431ea56ced93050?s=96&d=mm&r=g","caption":"Dzana Muminovic"},"url":"https:\/\/www.organisator.ch\/en\/author\/dzana-muminovic\/"}]}},"_links":{"self":[{"href":"https:\/\/www.organisator.ch\/en\/wp-json\/wp\/v2\/posts\/34034","targetHints":{"allow":["GET"]}}],"collection":[{"href":"https:\/\/www.organisator.ch\/en\/wp-json\/wp\/v2\/posts"}],"about":[{"href":"https:\/\/www.organisator.ch\/en\/wp-json\/wp\/v2\/types\/post"}],"author":[{"embeddable":true,"href":"https:\/\/www.organisator.ch\/en\/wp-json\/wp\/v2\/users\/80"}],"replies":[{"embeddable":true,"href":"https:\/\/www.organisator.ch\/en\/wp-json\/wp\/v2\/comments?post=34034"}],"version-history":[{"count":3,"href":"https:\/\/www.organisator.ch\/en\/wp-json\/wp\/v2\/posts\/34034\/revisions"}],"predecessor-version":[{"id":34075,"href":"https:\/\/www.organisator.ch\/en\/wp-json\/wp\/v2\/posts\/34034\/revisions\/34075"}],"wp:featuredmedia":[{"embeddable":true,"href":"https:\/\/www.organisator.ch\/en\/wp-json\/wp\/v2\/media\/34035"}],"wp:attachment":[{"href":"https:\/\/www.organisator.ch\/en\/wp-json\/wp\/v2\/media?parent=34034"}],"wp:term":[{"taxonomy":"category","embeddable":true,"href":"https:\/\/www.organisator.ch\/en\/wp-json\/wp\/v2\/categories?post=34034"},{"taxonomy":"post_tag","embeddable":true,"href":"https:\/\/www.organisator.ch\/en\/wp-json\/wp\/v2\/tags?post=34034"}],"curies":[{"name":"wp","href":"https:\/\/api.w.org\/{rel}","templated":true}]}}