{"id":3405,"date":"2020-10-07T12:52:17","date_gmt":"2020-10-07T10:52:17","guid":{"rendered":"https:\/\/www.umweltperspektiven.ch\/?p=3405"},"modified":"2020-10-07T12:52:17","modified_gmt":"2020-10-07T10:52:17","slug":"erstes-virtual-reality-glacier-experience-besucherzentrum-eroeffnet","status":"publish","type":"post","link":"https:\/\/www.organisator.ch\/en\/allgemein\/2020-10-07\/erstes-virtual-reality-glacier-experience-besucherzentrum-eroeffnet\/","title":{"rendered":"First \"Virtual Reality Glacier Experience\" Visitor Center Opens"},"content":{"rendered":"<figure id=\"attachment_3406\" aria-describedby=\"caption-attachment-3406\" style=\"width: 680px\" class=\"wp-caption alignnone\"><img loading=\"lazy\" decoding=\"async\" class=\"wp-image-3406 size-medium\" src=\"\/\/www.umweltperspektiven.ch\/wp-content\/uploads\/2020\/10\/vrge-glacierexperience-auszug-gletscher-rgb.jpg\" alt=\"\" width=\"680\" height=\"412\" \/><figcaption id=\"caption-attachment-3406\" class=\"wp-caption-text\">In the new Glacier Visitor Center in Pontresina, visitors can experience impressions via virtual reality that otherwise only glaciologists can see. (Source: GKB)<\/figcaption><\/figure>\n<p>The interactive exhibition Virtual Reality Glacier Experience provides answers around the topics of glaciers and water and takes visitors on a journey through space and time. Interested visitors can immerse themselves in the past and the future and experience the area around the Morteratsch glacier in four virtual tours. The retreat of the glacier tongue is shown on the basis of different climate scenarios. It is made clear what would be possible with the MortAlive glacier maintenance project by glaciologist Felix Keller. The idea of MortAlive: to snow the glacier tongue in summer with technical snow from meltwater and thus protect the ice layer. And all this without electricity.<\/p>\n<p>\"With the new attraction, we are thus vividly raising awareness of glacier melt as well as the need for pioneering action. Sound science paired with state-of-the-art knowledge transfer forms exactly the innovation that Graub\u00fcndner Kantonalbank wants to support,\" says GKB CEO Daniel Fust. Whether large or small, local or international, this topic concerns everyone.For its anniversary, the Graub\u00fcndner Kantonalbank, together with renowned partners, has created a place that makes climate mathematics tangible. Over the past two years, an attraction has been created in the former restaurant at the Diavolezza valley station that - in the spirit of the bank's anniversary - is intended to set a lasting example: \"Thanks to the virtual glacier experience, visitors learn how important the issue of drainage is around the world and what thought is being given in Graub\u00fcnden to meeting this challenge locally,\" says bank president Peter Fanconi. In the midst of rugged nature and the imposing Bernina massif, such a visitor center achieves the optimum effect, because here one is at the scene of the action.<\/p>\n<p>&nbsp;<\/p>\n<table style=\"height: 1530px;\" width=\"1125\">\n<tbody>\n<tr>\n<td><\/td>\n<\/tr>\n<tr>\n<td><\/td>\n<\/tr>\n<tr>\n<td>&nbsp;<\/p>\n<figure id=\"attachment_3407\" aria-describedby=\"caption-attachment-3407\" style=\"width: 500px\" class=\"wp-caption alignnone\"><img loading=\"lazy\" decoding=\"async\" class=\"wp-image-3407 size-full\" src=\"\/\/www.umweltperspektiven.ch\/wp-content\/uploads\/2020\/10\/Pontresina-VR-Glacier-Zentrum-UP_Umwelt-Perspektiven.jpg\" alt=\"\" width=\"500\" height=\"340\" srcset=\"https:\/\/www.organisator.ch\/wp-content\/uploads\/2020\/10\/Pontresina-VR-Glacier-Zentrum-UP_Umwelt-Perspektiven.jpg 500w, https:\/\/www.organisator.ch\/wp-content\/uploads\/2020\/10\/Pontresina-VR-Glacier-Zentrum-UP_Umwelt-Perspektiven-18x12.jpg 18w, https:\/\/www.organisator.ch\/wp-content\/uploads\/2020\/10\/Pontresina-VR-Glacier-Zentrum-UP_Umwelt-Perspektiven-257x175.jpg 257w, https:\/\/www.organisator.ch\/wp-content\/uploads\/2020\/10\/Pontresina-VR-Glacier-Zentrum-UP_Umwelt-Perspektiven-300x204.jpg 300w\" sizes=\"auto, (max-width: 500px) 100vw, 500px\" \/><figcaption id=\"caption-attachment-3407\" class=\"wp-caption-text\">GKB Bank President Peter Fanconi, GKB CEO Daniel Fust and Markus Moser, CEO Diavolezza Lagalb AG, open the \"Virtual Reality Glacier Experience\" (from left).<\/figcaption><\/figure>\n<p style=\"font-style: inherit; font-weight: inherit;\"><strong style=\"font-style: inherit;\">Time travel around glaciers and water<\/strong><\/p>\n<p style=\"font-style: inherit; font-weight: inherit;\">The interactive exhibition shows what impact climate change is having on the high mountains. \"As the bank of the people of Graub\u00fcnden, we naturally act in the interests of the economy, but always in harmony with nature and the environment,\" explains Daniel Fust. And he goes on to emphasize: \"Water is the lifeline of the canton, ice has shaped our valleys, the mineral water is among the best, and hydropower reliably supplies us with energy.\" On around 250 square meters, visitors experience a journey through time from the past to the future. Possible scenarios for the change of the Morteratsch glacier from 1875 to 2100 can be discovered with virtual reality glasses or on the holoscreen. Visitors can actively participate and, for example, help count the ptarmigans. A Swiss innovation is also tangible in the VR Glacier Experience: NESSy ZeroE. The patented snow lance produces technical snow without electricity. The importance of this invention is made clear by MortAlive, a project for worldwide glacier rescue.<\/p>\n<p style=\"font-style: inherit; font-weight: inherit;\"><strong style=\"font-style: inherit;\">Experience science up close<\/strong><\/p>\n<p style=\"font-style: inherit; font-weight: inherit;\">The scientifically based exhibition was made possible by close collaboration with the Zurich University of the Arts and the University of Fribourg. Together, they developed detailed glacier models over the past two years and created the virtual world around the Morteratsch Glacier in Pontresina. From October 10, 2020, the Virtual Reality Glacier Experience at the Diavolezza cable car valley station will be open daily for individuals, families and groups. Admission is free of charge.<\/p>\n<p>&nbsp;<\/p>\n<figure id=\"attachment_3408\" aria-describedby=\"caption-attachment-3408\" style=\"width: 680px\" class=\"wp-caption alignnone\"><img loading=\"lazy\" decoding=\"async\" class=\"wp-image-3408 size-medium\" src=\"\/\/www.umweltperspektiven.ch\/wp-content\/uploads\/2020\/10\/vrge-glacierexperience-ansicht-vrstationen-cmyk.jpg\" alt=\"\" width=\"680\" height=\"492\" \/><figcaption id=\"caption-attachment-3408\" class=\"wp-caption-text\">A new, interactive exhibition in Pontresina in the Upper Engadine shows the effects of climate change. (All images from GKB)<\/figcaption><\/figure>\n<p style=\"font-style: inherit; font-weight: inherit;\"><a style=\"font-style: inherit; font-weight: inherit;\" href=\"\/\/www.glacierexperience.com\/medien\">www.glacierexperience.com\/medien<\/a><\/p>\n<\/td>\n<\/tr>\n<\/tbody>\n<\/table>","protected":false},"excerpt":{"rendered":"<p>Die interaktive Ausstellung Virtual Reality Glacier Experience gibt Antworten rund um die Themen Gletscher und Wasser und nimmt Besucher mit auf eine Reise durch Raum und Zeit. Interessierte k\u00f6nnen in die Vergangenheit und Zukunft eintauchen und das Gebiet rund um den Morteratschgletscher in vier virtuellen Touren erleben. Anhand unterschiedlicher Klimaszenarien wird der R\u00fcckzug der Gletscherzunge [&hellip;]<\/p>\n","protected":false},"author":5,"featured_media":3408,"comment_status":"closed","ping_status":"closed","sticky":false,"template":"","format":"standard","meta":{"_acf_changed":false,"_yoast_wpseo_focuskw":"Virtual Reality Glacier Experience","_yoast_wpseo_metadesc":"Die \u00abVirtual Reality Glacier Experience\u00bb bietet ab dem 10. Oktober 2020 eine weltweit einzigartige, virtuelle Zeitreise rund um den Morteratschgletscher.","articlekey":"","footnotes":""},"categories":[1],"tags":[1124,1297,1298,1532,424,2477],"class_list":["post-3405","post","type-post","status-publish","format-standard","has-post-thumbnail","hentry","category-allgemein","tag-eroeffnung","tag-gletscherforschung","tag-gletscherschmelze","tag-klimawandel","tag-schweiz","tag-virtual-reality"],"acf":[],"yoast_head":"<!-- This site is optimized with the Yoast SEO plugin v27.5 - https:\/\/yoast.com\/product\/yoast-seo-wordpress\/ -->\n<title>Erstes \u00abVirtual Reality Glacier Experience\u00bb Besucherzentrum er\u00f6ffnet - Organisator<\/title>\n<meta name=\"description\" content=\"Die \u00abVirtual Reality Glacier Experience\u00bb bietet ab dem 10. Oktober 2020 eine weltweit einzigartige, virtuelle Zeitreise rund um den Morteratschgletscher.\" \/>\n<meta name=\"robots\" content=\"index, follow, max-snippet:-1, max-image-preview:large, max-video-preview:-1\" \/>\n<link rel=\"canonical\" href=\"https:\/\/www.organisator.ch\/en\/general\/2020-10-07\/erstes-virtual-reality-glacier-experience-besucherzentrum-eroeffnet\/\" \/>\n<meta property=\"og:locale\" content=\"en_US\" \/>\n<meta property=\"og:type\" content=\"article\" \/>\n<meta property=\"og:title\" content=\"Erstes \u00abVirtual Reality Glacier Experience\u00bb Besucherzentrum er\u00f6ffnet - Organisator\" \/>\n<meta property=\"og:description\" content=\"Die \u00abVirtual Reality Glacier Experience\u00bb bietet ab dem 10. Oktober 2020 eine weltweit einzigartige, virtuelle Zeitreise rund um den Morteratschgletscher.\" \/>\n<meta property=\"og:url\" content=\"https:\/\/www.organisator.ch\/en\/general\/2020-10-07\/erstes-virtual-reality-glacier-experience-besucherzentrum-eroeffnet\/\" \/>\n<meta property=\"og:site_name\" content=\"Organisator\" \/>\n<meta property=\"article:publisher\" content=\"https:\/\/www.facebook.com\/OrganisatorFachmagazin\" \/>\n<meta property=\"article:published_time\" content=\"2020-10-07T10:52:17+00:00\" \/>\n<meta property=\"og:image\" content=\"https:\/\/www.organisator.ch\/wp-content\/uploads\/2020\/10\/vrge-glacierexperience-ansicht-vrstationen-cmyk-scaled.jpg\" \/>\n\t<meta property=\"og:image:width\" content=\"2560\" \/>\n\t<meta property=\"og:image:height\" content=\"1851\" \/>\n\t<meta property=\"og:image:type\" content=\"image\/jpeg\" \/>\n<meta name=\"author\" content=\"michael.merz\" \/>\n<meta name=\"twitter:card\" content=\"summary_large_image\" \/>\n<script type=\"application\/ld+json\" class=\"yoast-schema-graph\">{\"@context\":\"https:\\\/\\\/schema.org\",\"@graph\":[{\"@type\":\"Article\",\"@id\":\"https:\\\/\\\/www.organisator.ch\\\/en\\\/general\\\/2020-10-07\\\/erstes-virtual-reality-glacier-experience-besucherzentrum-eroeffnet\\\/#article\",\"isPartOf\":{\"@id\":\"https:\\\/\\\/www.organisator.ch\\\/en\\\/general\\\/2020-10-07\\\/erstes-virtual-reality-glacier-experience-besucherzentrum-eroeffnet\\\/\"},\"author\":{\"name\":\"michael.merz\",\"@id\":\"https:\\\/\\\/www.organisator.ch\\\/#\\\/schema\\\/person\\\/134708ca9321c57b0362cceb7948ffbd\"},\"headline\":\"Erstes \u00abVirtual Reality Glacier Experience\u00bb Besucherzentrum er\u00f6ffnet\",\"datePublished\":\"2020-10-07T10:52:17+00:00\",\"mainEntityOfPage\":{\"@id\":\"https:\\\/\\\/www.organisator.ch\\\/en\\\/general\\\/2020-10-07\\\/erstes-virtual-reality-glacier-experience-besucherzentrum-eroeffnet\\\/\"},\"wordCount\":604,\"publisher\":{\"@id\":\"https:\\\/\\\/www.organisator.ch\\\/#organization\"},\"image\":{\"@id\":\"https:\\\/\\\/www.organisator.ch\\\/en\\\/general\\\/2020-10-07\\\/erstes-virtual-reality-glacier-experience-besucherzentrum-eroeffnet\\\/#primaryimage\"},\"thumbnailUrl\":\"https:\\\/\\\/www.organisator.ch\\\/wp-content\\\/uploads\\\/2020\\\/10\\\/vrge-glacierexperience-ansicht-vrstationen-cmyk-scaled.jpg\",\"keywords\":[\"Er\u00f6ffnung\",\"Gletscherforschung\",\"Gletscherschmelze\",\"Klimawandel\",\"Schweiz\",\"Virtual Reality\"],\"articleSection\":[\"Allgemein\"],\"inLanguage\":\"en-US\"},{\"@type\":\"WebPage\",\"@id\":\"https:\\\/\\\/www.organisator.ch\\\/en\\\/general\\\/2020-10-07\\\/erstes-virtual-reality-glacier-experience-besucherzentrum-eroeffnet\\\/\",\"url\":\"https:\\\/\\\/www.organisator.ch\\\/en\\\/general\\\/2020-10-07\\\/erstes-virtual-reality-glacier-experience-besucherzentrum-eroeffnet\\\/\",\"name\":\"Erstes \u00abVirtual Reality Glacier Experience\u00bb Besucherzentrum er\u00f6ffnet - Organisator\",\"isPartOf\":{\"@id\":\"https:\\\/\\\/www.organisator.ch\\\/#website\"},\"primaryImageOfPage\":{\"@id\":\"https:\\\/\\\/www.organisator.ch\\\/en\\\/general\\\/2020-10-07\\\/erstes-virtual-reality-glacier-experience-besucherzentrum-eroeffnet\\\/#primaryimage\"},\"image\":{\"@id\":\"https:\\\/\\\/www.organisator.ch\\\/en\\\/general\\\/2020-10-07\\\/erstes-virtual-reality-glacier-experience-besucherzentrum-eroeffnet\\\/#primaryimage\"},\"thumbnailUrl\":\"https:\\\/\\\/www.organisator.ch\\\/wp-content\\\/uploads\\\/2020\\\/10\\\/vrge-glacierexperience-ansicht-vrstationen-cmyk-scaled.jpg\",\"datePublished\":\"2020-10-07T10:52:17+00:00\",\"description\":\"Die \u00abVirtual Reality Glacier Experience\u00bb bietet ab dem 10. Oktober 2020 eine weltweit einzigartige, virtuelle Zeitreise rund um den Morteratschgletscher.\",\"breadcrumb\":{\"@id\":\"https:\\\/\\\/www.organisator.ch\\\/en\\\/general\\\/2020-10-07\\\/erstes-virtual-reality-glacier-experience-besucherzentrum-eroeffnet\\\/#breadcrumb\"},\"inLanguage\":\"en-US\",\"potentialAction\":[{\"@type\":\"ReadAction\",\"target\":[\"https:\\\/\\\/www.organisator.ch\\\/en\\\/general\\\/2020-10-07\\\/erstes-virtual-reality-glacier-experience-besucherzentrum-eroeffnet\\\/\"]}]},{\"@type\":\"ImageObject\",\"inLanguage\":\"en-US\",\"@id\":\"https:\\\/\\\/www.organisator.ch\\\/en\\\/general\\\/2020-10-07\\\/erstes-virtual-reality-glacier-experience-besucherzentrum-eroeffnet\\\/#primaryimage\",\"url\":\"https:\\\/\\\/www.organisator.ch\\\/wp-content\\\/uploads\\\/2020\\\/10\\\/vrge-glacierexperience-ansicht-vrstationen-cmyk-scaled.jpg\",\"contentUrl\":\"https:\\\/\\\/www.organisator.ch\\\/wp-content\\\/uploads\\\/2020\\\/10\\\/vrge-glacierexperience-ansicht-vrstationen-cmyk-scaled.jpg\",\"width\":2560,\"height\":1851},{\"@type\":\"BreadcrumbList\",\"@id\":\"https:\\\/\\\/www.organisator.ch\\\/en\\\/general\\\/2020-10-07\\\/erstes-virtual-reality-glacier-experience-besucherzentrum-eroeffnet\\\/#breadcrumb\",\"itemListElement\":[{\"@type\":\"ListItem\",\"position\":1,\"name\":\"Home\",\"item\":\"https:\\\/\\\/www.organisator.ch\\\/\"},{\"@type\":\"ListItem\",\"position\":2,\"name\":\"Erstes \u00abVirtual Reality Glacier Experience\u00bb Besucherzentrum er\u00f6ffnet\"}]},{\"@type\":\"WebSite\",\"@id\":\"https:\\\/\\\/www.organisator.ch\\\/#website\",\"url\":\"https:\\\/\\\/www.organisator.ch\\\/\",\"name\":\"Organisator\",\"description\":\"Kompetent. Praxisnah. Der ORGANISATOR bereitet in 10 Ausgaben pro Jahr die wesentlichen Themen f\u00fcr F\u00fchrungskr\u00e4fte von KMU auf.\",\"publisher\":{\"@id\":\"https:\\\/\\\/www.organisator.ch\\\/#organization\"},\"potentialAction\":[{\"@type\":\"SearchAction\",\"target\":{\"@type\":\"EntryPoint\",\"urlTemplate\":\"https:\\\/\\\/www.organisator.ch\\\/?s={search_term_string}\"},\"query-input\":{\"@type\":\"PropertyValueSpecification\",\"valueRequired\":true,\"valueName\":\"search_term_string\"}}],\"inLanguage\":\"en-US\"},{\"@type\":\"Organization\",\"@id\":\"https:\\\/\\\/www.organisator.ch\\\/#organization\",\"name\":\"Organisator\",\"url\":\"https:\\\/\\\/www.organisator.ch\\\/\",\"logo\":{\"@type\":\"ImageObject\",\"inLanguage\":\"en-US\",\"@id\":\"https:\\\/\\\/www.organisator.ch\\\/#\\\/schema\\\/logo\\\/image\\\/\",\"url\":\"https:\\\/\\\/www.organisator.ch\\\/wp-content\\\/uploads\\\/2022\\\/01\\\/Logo_Organisator_Website.png\",\"contentUrl\":\"https:\\\/\\\/www.organisator.ch\\\/wp-content\\\/uploads\\\/2022\\\/01\\\/Logo_Organisator_Website.png\",\"width\":800,\"height\":77,\"caption\":\"Organisator\"},\"image\":{\"@id\":\"https:\\\/\\\/www.organisator.ch\\\/#\\\/schema\\\/logo\\\/image\\\/\"},\"sameAs\":[\"https:\\\/\\\/www.facebook.com\\\/OrganisatorFachmagazin\",\"https:\\\/\\\/www.linkedin.com\\\/showcase\\\/organisator-das-magazin-fr-kmu\",\"https:\\\/\\\/www.xing.com\\\/news\\\/pages\\\/organisator-ch-695\",\"https:\\\/\\\/www.youtube.com\\\/channel\\\/UCGP2Sq0iWaZwT3BdIAQFYpw\"]},{\"@type\":\"Person\",\"@id\":\"https:\\\/\\\/www.organisator.ch\\\/#\\\/schema\\\/person\\\/134708ca9321c57b0362cceb7948ffbd\",\"name\":\"michael.merz\",\"image\":{\"@type\":\"ImageObject\",\"inLanguage\":\"en-US\",\"@id\":\"https:\\\/\\\/secure.gravatar.com\\\/avatar\\\/?s=96&d=mm&r=g\",\"url\":\"https:\\\/\\\/secure.gravatar.com\\\/avatar\\\/?s=96&d=mm&r=g\",\"contentUrl\":\"https:\\\/\\\/secure.gravatar.com\\\/avatar\\\/?s=96&d=mm&r=g\",\"caption\":\"michael.merz\"},\"url\":\"https:\\\/\\\/www.organisator.ch\\\/en\\\/author\\\/michael-merz\\\/\"}]}<\/script>\n<!-- \/ Yoast SEO plugin. -->","yoast_head_json":{"title":"First \"Virtual Reality Glacier Experience\" visitor center opens - organizer","description":"From October 10, 2020, the \"Virtual Reality Glacier Experience\" will offer a globally unique, virtual journey through time around the Morteratsch Glacier.","robots":{"index":"index","follow":"follow","max-snippet":"max-snippet:-1","max-image-preview":"max-image-preview:large","max-video-preview":"max-video-preview:-1"},"canonical":"https:\/\/www.organisator.ch\/en\/general\/2020-10-07\/erstes-virtual-reality-glacier-experience-besucherzentrum-eroeffnet\/","og_locale":"en_US","og_type":"article","og_title":"Erstes \u00abVirtual Reality Glacier Experience\u00bb Besucherzentrum er\u00f6ffnet - Organisator","og_description":"Die \u00abVirtual Reality Glacier Experience\u00bb bietet ab dem 10. Oktober 2020 eine weltweit einzigartige, virtuelle Zeitreise rund um den Morteratschgletscher.","og_url":"https:\/\/www.organisator.ch\/en\/general\/2020-10-07\/erstes-virtual-reality-glacier-experience-besucherzentrum-eroeffnet\/","og_site_name":"Organisator","article_publisher":"https:\/\/www.facebook.com\/OrganisatorFachmagazin","article_published_time":"2020-10-07T10:52:17+00:00","og_image":[{"width":2560,"height":1851,"url":"https:\/\/www.organisator.ch\/wp-content\/uploads\/2020\/10\/vrge-glacierexperience-ansicht-vrstationen-cmyk-scaled.jpg","type":"image\/jpeg"}],"author":"michael.merz","twitter_card":"summary_large_image","schema":{"@context":"https:\/\/schema.org","@graph":[{"@type":"Article","@id":"https:\/\/www.organisator.ch\/en\/general\/2020-10-07\/erstes-virtual-reality-glacier-experience-besucherzentrum-eroeffnet\/#article","isPartOf":{"@id":"https:\/\/www.organisator.ch\/en\/general\/2020-10-07\/erstes-virtual-reality-glacier-experience-besucherzentrum-eroeffnet\/"},"author":{"name":"michael.merz","@id":"https:\/\/www.organisator.ch\/#\/schema\/person\/134708ca9321c57b0362cceb7948ffbd"},"headline":"Erstes \u00abVirtual Reality Glacier Experience\u00bb Besucherzentrum er\u00f6ffnet","datePublished":"2020-10-07T10:52:17+00:00","mainEntityOfPage":{"@id":"https:\/\/www.organisator.ch\/en\/general\/2020-10-07\/erstes-virtual-reality-glacier-experience-besucherzentrum-eroeffnet\/"},"wordCount":604,"publisher":{"@id":"https:\/\/www.organisator.ch\/#organization"},"image":{"@id":"https:\/\/www.organisator.ch\/en\/general\/2020-10-07\/erstes-virtual-reality-glacier-experience-besucherzentrum-eroeffnet\/#primaryimage"},"thumbnailUrl":"https:\/\/www.organisator.ch\/wp-content\/uploads\/2020\/10\/vrge-glacierexperience-ansicht-vrstationen-cmyk-scaled.jpg","keywords":["Er\u00f6ffnung","Gletscherforschung","Gletscherschmelze","Klimawandel","Schweiz","Virtual Reality"],"articleSection":["Allgemein"],"inLanguage":"en-US"},{"@type":"WebPage","@id":"https:\/\/www.organisator.ch\/en\/general\/2020-10-07\/erstes-virtual-reality-glacier-experience-besucherzentrum-eroeffnet\/","url":"https:\/\/www.organisator.ch\/en\/general\/2020-10-07\/erstes-virtual-reality-glacier-experience-besucherzentrum-eroeffnet\/","name":"First \"Virtual Reality Glacier Experience\" visitor center opens - organizer","isPartOf":{"@id":"https:\/\/www.organisator.ch\/#website"},"primaryImageOfPage":{"@id":"https:\/\/www.organisator.ch\/en\/general\/2020-10-07\/erstes-virtual-reality-glacier-experience-besucherzentrum-eroeffnet\/#primaryimage"},"image":{"@id":"https:\/\/www.organisator.ch\/en\/general\/2020-10-07\/erstes-virtual-reality-glacier-experience-besucherzentrum-eroeffnet\/#primaryimage"},"thumbnailUrl":"https:\/\/www.organisator.ch\/wp-content\/uploads\/2020\/10\/vrge-glacierexperience-ansicht-vrstationen-cmyk-scaled.jpg","datePublished":"2020-10-07T10:52:17+00:00","description":"From October 10, 2020, the \"Virtual Reality Glacier Experience\" will offer a globally unique, virtual journey through time around the Morteratsch Glacier.","breadcrumb":{"@id":"https:\/\/www.organisator.ch\/en\/general\/2020-10-07\/erstes-virtual-reality-glacier-experience-besucherzentrum-eroeffnet\/#breadcrumb"},"inLanguage":"en-US","potentialAction":[{"@type":"ReadAction","target":["https:\/\/www.organisator.ch\/en\/general\/2020-10-07\/erstes-virtual-reality-glacier-experience-besucherzentrum-eroeffnet\/"]}]},{"@type":"ImageObject","inLanguage":"en-US","@id":"https:\/\/www.organisator.ch\/en\/general\/2020-10-07\/erstes-virtual-reality-glacier-experience-besucherzentrum-eroeffnet\/#primaryimage","url":"https:\/\/www.organisator.ch\/wp-content\/uploads\/2020\/10\/vrge-glacierexperience-ansicht-vrstationen-cmyk-scaled.jpg","contentUrl":"https:\/\/www.organisator.ch\/wp-content\/uploads\/2020\/10\/vrge-glacierexperience-ansicht-vrstationen-cmyk-scaled.jpg","width":2560,"height":1851},{"@type":"BreadcrumbList","@id":"https:\/\/www.organisator.ch\/en\/general\/2020-10-07\/erstes-virtual-reality-glacier-experience-besucherzentrum-eroeffnet\/#breadcrumb","itemListElement":[{"@type":"ListItem","position":1,"name":"Home","item":"https:\/\/www.organisator.ch\/"},{"@type":"ListItem","position":2,"name":"Erstes \u00abVirtual Reality Glacier Experience\u00bb Besucherzentrum er\u00f6ffnet"}]},{"@type":"WebSite","@id":"https:\/\/www.organisator.ch\/#website","url":"https:\/\/www.organisator.ch\/","name":"Organizer","description":"Competent. Practical. In 10 issues per year, ORGANISATOR presents the essential topics for managers of SMEs.","publisher":{"@id":"https:\/\/www.organisator.ch\/#organization"},"potentialAction":[{"@type":"SearchAction","target":{"@type":"EntryPoint","urlTemplate":"https:\/\/www.organisator.ch\/?s={search_term_string}"},"query-input":{"@type":"PropertyValueSpecification","valueRequired":true,"valueName":"search_term_string"}}],"inLanguage":"en-US"},{"@type":"Organization","@id":"https:\/\/www.organisator.ch\/#organization","name":"Organizer","url":"https:\/\/www.organisator.ch\/","logo":{"@type":"ImageObject","inLanguage":"en-US","@id":"https:\/\/www.organisator.ch\/#\/schema\/logo\/image\/","url":"https:\/\/www.organisator.ch\/wp-content\/uploads\/2022\/01\/Logo_Organisator_Website.png","contentUrl":"https:\/\/www.organisator.ch\/wp-content\/uploads\/2022\/01\/Logo_Organisator_Website.png","width":800,"height":77,"caption":"Organisator"},"image":{"@id":"https:\/\/www.organisator.ch\/#\/schema\/logo\/image\/"},"sameAs":["https:\/\/www.facebook.com\/OrganisatorFachmagazin","https:\/\/www.linkedin.com\/showcase\/organisator-das-magazin-fr-kmu","https:\/\/www.xing.com\/news\/pages\/organisator-ch-695","https:\/\/www.youtube.com\/channel\/UCGP2Sq0iWaZwT3BdIAQFYpw"]},{"@type":"Person","@id":"https:\/\/www.organisator.ch\/#\/schema\/person\/134708ca9321c57b0362cceb7948ffbd","name":"michael.merz","image":{"@type":"ImageObject","inLanguage":"en-US","@id":"https:\/\/secure.gravatar.com\/avatar\/?s=96&d=mm&r=g","url":"https:\/\/secure.gravatar.com\/avatar\/?s=96&d=mm&r=g","contentUrl":"https:\/\/secure.gravatar.com\/avatar\/?s=96&d=mm&r=g","caption":"michael.merz"},"url":"https:\/\/www.organisator.ch\/en\/author\/michael-merz\/"}]}},"_links":{"self":[{"href":"https:\/\/www.organisator.ch\/en\/wp-json\/wp\/v2\/posts\/3405","targetHints":{"allow":["GET"]}}],"collection":[{"href":"https:\/\/www.organisator.ch\/en\/wp-json\/wp\/v2\/posts"}],"about":[{"href":"https:\/\/www.organisator.ch\/en\/wp-json\/wp\/v2\/types\/post"}],"author":[{"embeddable":true,"href":"https:\/\/www.organisator.ch\/en\/wp-json\/wp\/v2\/users\/5"}],"replies":[{"embeddable":true,"href":"https:\/\/www.organisator.ch\/en\/wp-json\/wp\/v2\/comments?post=3405"}],"version-history":[{"count":0,"href":"https:\/\/www.organisator.ch\/en\/wp-json\/wp\/v2\/posts\/3405\/revisions"}],"wp:featuredmedia":[{"embeddable":true,"href":"https:\/\/www.organisator.ch\/en\/wp-json\/wp\/v2\/media\/3408"}],"wp:attachment":[{"href":"https:\/\/www.organisator.ch\/en\/wp-json\/wp\/v2\/media?parent=3405"}],"wp:term":[{"taxonomy":"category","embeddable":true,"href":"https:\/\/www.organisator.ch\/en\/wp-json\/wp\/v2\/categories?post=3405"},{"taxonomy":"post_tag","embeddable":true,"href":"https:\/\/www.organisator.ch\/en\/wp-json\/wp\/v2\/tags?post=3405"}],"curies":[{"name":"wp","href":"https:\/\/api.w.org\/{rel}","templated":true}]}}