{"id":34107,"date":"2024-11-28T09:20:27","date_gmt":"2024-11-28T08:20:27","guid":{"rendered":"https:\/\/www.organisator.ch\/?p=34107"},"modified":"2024-11-28T08:21:47","modified_gmt":"2024-11-28T07:21:47","slug":"scholtysik-gewinnt-branding-mandat-von-dectris","status":"publish","type":"post","link":"https:\/\/www.organisator.ch\/en\/marketing\/2024-11-28\/scholtysik-gewinnt-branding-mandat-von-dectris\/","title":{"rendered":"Scholtysik wins branding mandate from Dectris"},"content":{"rendered":"<figure id=\"attachment_34108\" aria-describedby=\"caption-attachment-34108\" style=\"width: 680px\" class=\"wp-caption alignnone\"><img loading=\"lazy\" decoding=\"async\" class=\"size-full wp-image-34108\" src=\"https:\/\/www.organisator.ch\/wp-content\/uploads\/2024\/11\/Dectris-Scholktysik_Bild1_ps.jpg\" alt=\"\" width=\"680\" height=\"453\" srcset=\"https:\/\/www.organisator.ch\/wp-content\/uploads\/2024\/11\/Dectris-Scholktysik_Bild1_ps.jpg 680w, https:\/\/www.organisator.ch\/wp-content\/uploads\/2024\/11\/Dectris-Scholktysik_Bild1_ps-18x12.jpg 18w, https:\/\/www.organisator.ch\/wp-content\/uploads\/2024\/11\/Dectris-Scholktysik_Bild1_ps-375x250.jpg 375w, https:\/\/www.organisator.ch\/wp-content\/uploads\/2024\/11\/Dectris-Scholktysik_Bild1_ps-525x350.jpg 525w\" sizes=\"auto, (max-width: 680px) 100vw, 680px\" \/><figcaption id=\"caption-attachment-34108\" class=\"wp-caption-text\">Dectris aims to further expand its leading position in the extremely dynamic high-tech market. (Image: www.scholtysik.ch)<\/figcaption><\/figure>\n<p>The high-performance detectors from Dectris are used in leading research institutes worldwide, for example in particle accelerators, in X-ray analysis or in electron microscopy. Researchers and engineers use the detectors to quickly obtain precise analysis data in areas such as drug development or battery research. In addition to detectors, Dectris develops other products and services for cutting-edge research, including a particularly powerful cloud platform for the collaborative use of scientific data.<\/p>\n<h3><strong>Developing the Dectris brand globally<\/strong><\/h3>\n<p>Dectris aims to further expand its leading position in the extremely dynamic high-tech market. At the same time, the brand must assert itself as an innovation leader and reliable partner in the demanding scientific environment. In order to meet these requirements, Scholtysik will strategically develop the Dectris brand and increase its appeal in the long term.<\/p>\n<p>\"In Scholtysik, we have found a branding partner that not only has extensive experience in the technology sector, but also understands the scientific communities for which we ultimately develop our products,\" says Stefan Brandstetter, Chief Commercial Officer of Dectris. \"We look forward to taking the Dectris brand to a new level together.\"<\/p>\n<p><em>Source: <a href=\"http:\/\/www.scholtysik.ch\">www.scholtysik.ch<\/a><\/em><\/p>","protected":false},"excerpt":{"rendered":"<p>Dectris, the global market leader for ultra-precise X-ray and electron detectors, has commissioned Scholtysik to develop its brand strategy. The Swiss branding and design agency prevailed in an extensive evaluation process and will support Dectris in sharpening its brand.<\/p>","protected":false},"author":80,"featured_media":34108,"comment_status":"closed","ping_status":"closed","sticky":false,"template":"","format":"standard","meta":{"_acf_changed":false,"_yoast_wpseo_focuskw":"Scholtysik","_yoast_wpseo_metadesc":"Dectris beauftragt Scholtysik mit der Entwicklung seiner Markenstrategie f\u00fcr ultrapr\u00e4zise R\u00f6ntgen- und Elektronendetektoren.","articlekey":"","footnotes":""},"categories":[29],"tags":[2717,4866,4865,424,475,533],"class_list":["post-34107","post","type-post","status-publish","format-standard","has-post-thumbnail","hentry","category-marketing","tag-branding","tag-branding-partner","tag-markenstrategie","tag-schweiz","tag-technologie","tag-wissenschaft"],"acf":[],"yoast_head":"<!-- This site is optimized with the Yoast SEO plugin v27.5 - https:\/\/yoast.com\/product\/yoast-seo-wordpress\/ -->\n<title>Scholtysik gewinnt Branding-Mandat von Dectris - Organisator<\/title>\n<meta name=\"description\" content=\"Dectris beauftragt Scholtysik mit der Entwicklung seiner Markenstrategie f\u00fcr ultrapr\u00e4zise R\u00f6ntgen- und Elektronendetektoren.\" \/>\n<meta name=\"robots\" content=\"index, follow, max-snippet:-1, max-image-preview:large, max-video-preview:-1\" \/>\n<link rel=\"canonical\" href=\"https:\/\/www.organisator.ch\/en\/marketing\/2024-11-28\/scholtysik-gewinnt-branding-mandat-von-dectris\/\" \/>\n<meta property=\"og:locale\" content=\"en_US\" \/>\n<meta property=\"og:type\" content=\"article\" \/>\n<meta property=\"og:title\" content=\"Scholtysik gewinnt Branding-Mandat von Dectris\" \/>\n<meta property=\"og:description\" content=\"Dectris beauftragt Scholtysik mit der Entwicklung seiner Markenstrategie f\u00fcr ultrapr\u00e4zise R\u00f6ntgen- und Elektronendetektoren.\" \/>\n<meta property=\"og:url\" content=\"https:\/\/www.organisator.ch\/en\/marketing\/2024-11-28\/scholtysik-gewinnt-branding-mandat-von-dectris\/\" \/>\n<meta property=\"og:site_name\" content=\"Organisator\" \/>\n<meta property=\"article:publisher\" content=\"https:\/\/www.facebook.com\/OrganisatorFachmagazin\" \/>\n<meta property=\"article:published_time\" content=\"2024-11-28T08:20:27+00:00\" \/>\n<meta property=\"og:image\" content=\"https:\/\/www.organisator.ch\/wp-content\/uploads\/2024\/11\/Dectris-Scholktysik_Bild1_ps.jpg\" \/>\n\t<meta property=\"og:image:width\" content=\"680\" \/>\n\t<meta property=\"og:image:height\" content=\"453\" \/>\n\t<meta property=\"og:image:type\" content=\"image\/jpeg\" \/>\n<meta name=\"author\" content=\"Dzana Muminovic\" \/>\n<meta name=\"twitter:card\" content=\"summary_large_image\" \/>\n<meta name=\"twitter:title\" content=\"Scholtysik gewinnt Branding-Mandat von Dectris\" \/>\n<meta name=\"twitter:description\" content=\"#Dectris beauftragt #Scholtysik mit der #Entwicklung seiner #Markenstrategie f\u00fcr ultrapr\u00e4zise #R\u00f6ntgen- und #Elektronendetektoren.\" \/>\n<meta name=\"twitter:image\" content=\"https:\/\/www.organisator.ch\/wp-content\/uploads\/2024\/11\/Dectris-Scholktysik_Bild1_ps.jpg\" \/>\n<script type=\"application\/ld+json\" class=\"yoast-schema-graph\">{\"@context\":\"https:\\\/\\\/schema.org\",\"@graph\":[{\"@type\":\"Article\",\"@id\":\"https:\\\/\\\/www.organisator.ch\\\/marketing\\\/2024-11-28\\\/scholtysik-gewinnt-branding-mandat-von-dectris\\\/#article\",\"isPartOf\":{\"@id\":\"https:\\\/\\\/www.organisator.ch\\\/marketing\\\/2024-11-28\\\/scholtysik-gewinnt-branding-mandat-von-dectris\\\/\"},\"author\":{\"name\":\"Dzana Muminovic\",\"@id\":\"https:\\\/\\\/www.organisator.ch\\\/#\\\/schema\\\/person\\\/afccda3a71c06d4be2ed9100dd163db7\"},\"headline\":\"Scholtysik gewinnt Branding-Mandat von Dectris\",\"datePublished\":\"2024-11-28T08:20:27+00:00\",\"mainEntityOfPage\":{\"@id\":\"https:\\\/\\\/www.organisator.ch\\\/marketing\\\/2024-11-28\\\/scholtysik-gewinnt-branding-mandat-von-dectris\\\/\"},\"wordCount\":194,\"publisher\":{\"@id\":\"https:\\\/\\\/www.organisator.ch\\\/#organization\"},\"image\":{\"@id\":\"https:\\\/\\\/www.organisator.ch\\\/marketing\\\/2024-11-28\\\/scholtysik-gewinnt-branding-mandat-von-dectris\\\/#primaryimage\"},\"thumbnailUrl\":\"https:\\\/\\\/www.organisator.ch\\\/wp-content\\\/uploads\\\/2024\\\/11\\\/Dectris-Scholktysik_Bild1_ps.jpg\",\"keywords\":[\"Branding\",\"Branding-Partner\",\"Markenstrategie\",\"Schweiz\",\"Technologie\",\"Wissenschaft\"],\"articleSection\":[\"MARKETING\"],\"inLanguage\":\"en-US\"},{\"@type\":\"WebPage\",\"@id\":\"https:\\\/\\\/www.organisator.ch\\\/marketing\\\/2024-11-28\\\/scholtysik-gewinnt-branding-mandat-von-dectris\\\/\",\"url\":\"https:\\\/\\\/www.organisator.ch\\\/marketing\\\/2024-11-28\\\/scholtysik-gewinnt-branding-mandat-von-dectris\\\/\",\"name\":\"Scholtysik gewinnt Branding-Mandat von Dectris - Organisator\",\"isPartOf\":{\"@id\":\"https:\\\/\\\/www.organisator.ch\\\/#website\"},\"primaryImageOfPage\":{\"@id\":\"https:\\\/\\\/www.organisator.ch\\\/marketing\\\/2024-11-28\\\/scholtysik-gewinnt-branding-mandat-von-dectris\\\/#primaryimage\"},\"image\":{\"@id\":\"https:\\\/\\\/www.organisator.ch\\\/marketing\\\/2024-11-28\\\/scholtysik-gewinnt-branding-mandat-von-dectris\\\/#primaryimage\"},\"thumbnailUrl\":\"https:\\\/\\\/www.organisator.ch\\\/wp-content\\\/uploads\\\/2024\\\/11\\\/Dectris-Scholktysik_Bild1_ps.jpg\",\"datePublished\":\"2024-11-28T08:20:27+00:00\",\"description\":\"Dectris beauftragt Scholtysik mit der Entwicklung seiner Markenstrategie f\u00fcr ultrapr\u00e4zise R\u00f6ntgen- und Elektronendetektoren.\",\"breadcrumb\":{\"@id\":\"https:\\\/\\\/www.organisator.ch\\\/marketing\\\/2024-11-28\\\/scholtysik-gewinnt-branding-mandat-von-dectris\\\/#breadcrumb\"},\"inLanguage\":\"en-US\",\"potentialAction\":[{\"@type\":\"ReadAction\",\"target\":[\"https:\\\/\\\/www.organisator.ch\\\/marketing\\\/2024-11-28\\\/scholtysik-gewinnt-branding-mandat-von-dectris\\\/\"]}]},{\"@type\":\"ImageObject\",\"inLanguage\":\"en-US\",\"@id\":\"https:\\\/\\\/www.organisator.ch\\\/marketing\\\/2024-11-28\\\/scholtysik-gewinnt-branding-mandat-von-dectris\\\/#primaryimage\",\"url\":\"https:\\\/\\\/www.organisator.ch\\\/wp-content\\\/uploads\\\/2024\\\/11\\\/Dectris-Scholktysik_Bild1_ps.jpg\",\"contentUrl\":\"https:\\\/\\\/www.organisator.ch\\\/wp-content\\\/uploads\\\/2024\\\/11\\\/Dectris-Scholktysik_Bild1_ps.jpg\",\"width\":680,\"height\":453,\"caption\":\"Im \u00e4usserst dynamischen Hightech-Markt will Dectris seine Spitzenposition weiter ausbauen. (Bild: www.scholtysik.ch)\"},{\"@type\":\"BreadcrumbList\",\"@id\":\"https:\\\/\\\/www.organisator.ch\\\/marketing\\\/2024-11-28\\\/scholtysik-gewinnt-branding-mandat-von-dectris\\\/#breadcrumb\",\"itemListElement\":[{\"@type\":\"ListItem\",\"position\":1,\"name\":\"Home\",\"item\":\"https:\\\/\\\/www.organisator.ch\\\/\"},{\"@type\":\"ListItem\",\"position\":2,\"name\":\"Scholtysik gewinnt Branding-Mandat von Dectris\"}]},{\"@type\":\"WebSite\",\"@id\":\"https:\\\/\\\/www.organisator.ch\\\/#website\",\"url\":\"https:\\\/\\\/www.organisator.ch\\\/\",\"name\":\"Organisator\",\"description\":\"Kompetent. Praxisnah. Der ORGANISATOR bereitet in 10 Ausgaben pro Jahr die wesentlichen Themen f\u00fcr F\u00fchrungskr\u00e4fte von KMU auf.\",\"publisher\":{\"@id\":\"https:\\\/\\\/www.organisator.ch\\\/#organization\"},\"potentialAction\":[{\"@type\":\"SearchAction\",\"target\":{\"@type\":\"EntryPoint\",\"urlTemplate\":\"https:\\\/\\\/www.organisator.ch\\\/?s={search_term_string}\"},\"query-input\":{\"@type\":\"PropertyValueSpecification\",\"valueRequired\":true,\"valueName\":\"search_term_string\"}}],\"inLanguage\":\"en-US\"},{\"@type\":\"Organization\",\"@id\":\"https:\\\/\\\/www.organisator.ch\\\/#organization\",\"name\":\"Organisator\",\"url\":\"https:\\\/\\\/www.organisator.ch\\\/\",\"logo\":{\"@type\":\"ImageObject\",\"inLanguage\":\"en-US\",\"@id\":\"https:\\\/\\\/www.organisator.ch\\\/#\\\/schema\\\/logo\\\/image\\\/\",\"url\":\"https:\\\/\\\/www.organisator.ch\\\/wp-content\\\/uploads\\\/2022\\\/01\\\/Logo_Organisator_Website.png\",\"contentUrl\":\"https:\\\/\\\/www.organisator.ch\\\/wp-content\\\/uploads\\\/2022\\\/01\\\/Logo_Organisator_Website.png\",\"width\":800,\"height\":77,\"caption\":\"Organisator\"},\"image\":{\"@id\":\"https:\\\/\\\/www.organisator.ch\\\/#\\\/schema\\\/logo\\\/image\\\/\"},\"sameAs\":[\"https:\\\/\\\/www.facebook.com\\\/OrganisatorFachmagazin\",\"https:\\\/\\\/www.linkedin.com\\\/showcase\\\/organisator-das-magazin-fr-kmu\",\"https:\\\/\\\/www.xing.com\\\/news\\\/pages\\\/organisator-ch-695\",\"https:\\\/\\\/www.youtube.com\\\/channel\\\/UCGP2Sq0iWaZwT3BdIAQFYpw\"]},{\"@type\":\"Person\",\"@id\":\"https:\\\/\\\/www.organisator.ch\\\/#\\\/schema\\\/person\\\/afccda3a71c06d4be2ed9100dd163db7\",\"name\":\"Dzana Muminovic\",\"image\":{\"@type\":\"ImageObject\",\"inLanguage\":\"en-US\",\"@id\":\"https:\\\/\\\/secure.gravatar.com\\\/avatar\\\/909c5c71aff4b38e88686f2ab2f1ba152571f394f41ed8bae431ea56ced93050?s=96&d=mm&r=g\",\"url\":\"https:\\\/\\\/secure.gravatar.com\\\/avatar\\\/909c5c71aff4b38e88686f2ab2f1ba152571f394f41ed8bae431ea56ced93050?s=96&d=mm&r=g\",\"contentUrl\":\"https:\\\/\\\/secure.gravatar.com\\\/avatar\\\/909c5c71aff4b38e88686f2ab2f1ba152571f394f41ed8bae431ea56ced93050?s=96&d=mm&r=g\",\"caption\":\"Dzana Muminovic\"},\"url\":\"https:\\\/\\\/www.organisator.ch\\\/en\\\/author\\\/dzana-muminovic\\\/\"}]}<\/script>\n<!-- \/ Yoast SEO plugin. -->","yoast_head_json":{"title":"Scholtysik wins branding mandate from Dectris - Organizer","description":"Dectris commissions Scholtysik to develop its brand strategy for ultra-precise X-ray and electron detectors.","robots":{"index":"index","follow":"follow","max-snippet":"max-snippet:-1","max-image-preview":"max-image-preview:large","max-video-preview":"max-video-preview:-1"},"canonical":"https:\/\/www.organisator.ch\/en\/marketing\/2024-11-28\/scholtysik-gewinnt-branding-mandat-von-dectris\/","og_locale":"en_US","og_type":"article","og_title":"Scholtysik gewinnt Branding-Mandat von Dectris","og_description":"Dectris beauftragt Scholtysik mit der Entwicklung seiner Markenstrategie f\u00fcr ultrapr\u00e4zise R\u00f6ntgen- und Elektronendetektoren.","og_url":"https:\/\/www.organisator.ch\/en\/marketing\/2024-11-28\/scholtysik-gewinnt-branding-mandat-von-dectris\/","og_site_name":"Organisator","article_publisher":"https:\/\/www.facebook.com\/OrganisatorFachmagazin","article_published_time":"2024-11-28T08:20:27+00:00","og_image":[{"width":680,"height":453,"url":"https:\/\/www.organisator.ch\/wp-content\/uploads\/2024\/11\/Dectris-Scholktysik_Bild1_ps.jpg","type":"image\/jpeg"}],"author":"Dzana Muminovic","twitter_card":"summary_large_image","twitter_title":"Scholtysik gewinnt Branding-Mandat von Dectris","twitter_description":"#Dectris beauftragt #Scholtysik mit der #Entwicklung seiner #Markenstrategie f\u00fcr ultrapr\u00e4zise #R\u00f6ntgen- und #Elektronendetektoren.","twitter_image":"https:\/\/www.organisator.ch\/wp-content\/uploads\/2024\/11\/Dectris-Scholktysik_Bild1_ps.jpg","schema":{"@context":"https:\/\/schema.org","@graph":[{"@type":"Article","@id":"https:\/\/www.organisator.ch\/marketing\/2024-11-28\/scholtysik-gewinnt-branding-mandat-von-dectris\/#article","isPartOf":{"@id":"https:\/\/www.organisator.ch\/marketing\/2024-11-28\/scholtysik-gewinnt-branding-mandat-von-dectris\/"},"author":{"name":"Dzana Muminovic","@id":"https:\/\/www.organisator.ch\/#\/schema\/person\/afccda3a71c06d4be2ed9100dd163db7"},"headline":"Scholtysik gewinnt Branding-Mandat von Dectris","datePublished":"2024-11-28T08:20:27+00:00","mainEntityOfPage":{"@id":"https:\/\/www.organisator.ch\/marketing\/2024-11-28\/scholtysik-gewinnt-branding-mandat-von-dectris\/"},"wordCount":194,"publisher":{"@id":"https:\/\/www.organisator.ch\/#organization"},"image":{"@id":"https:\/\/www.organisator.ch\/marketing\/2024-11-28\/scholtysik-gewinnt-branding-mandat-von-dectris\/#primaryimage"},"thumbnailUrl":"https:\/\/www.organisator.ch\/wp-content\/uploads\/2024\/11\/Dectris-Scholktysik_Bild1_ps.jpg","keywords":["Branding","Branding-Partner","Markenstrategie","Schweiz","Technologie","Wissenschaft"],"articleSection":["MARKETING"],"inLanguage":"en-US"},{"@type":"WebPage","@id":"https:\/\/www.organisator.ch\/marketing\/2024-11-28\/scholtysik-gewinnt-branding-mandat-von-dectris\/","url":"https:\/\/www.organisator.ch\/marketing\/2024-11-28\/scholtysik-gewinnt-branding-mandat-von-dectris\/","name":"Scholtysik wins branding mandate from Dectris - Organizer","isPartOf":{"@id":"https:\/\/www.organisator.ch\/#website"},"primaryImageOfPage":{"@id":"https:\/\/www.organisator.ch\/marketing\/2024-11-28\/scholtysik-gewinnt-branding-mandat-von-dectris\/#primaryimage"},"image":{"@id":"https:\/\/www.organisator.ch\/marketing\/2024-11-28\/scholtysik-gewinnt-branding-mandat-von-dectris\/#primaryimage"},"thumbnailUrl":"https:\/\/www.organisator.ch\/wp-content\/uploads\/2024\/11\/Dectris-Scholktysik_Bild1_ps.jpg","datePublished":"2024-11-28T08:20:27+00:00","description":"Dectris commissions Scholtysik to develop its brand strategy for ultra-precise X-ray and electron detectors.","breadcrumb":{"@id":"https:\/\/www.organisator.ch\/marketing\/2024-11-28\/scholtysik-gewinnt-branding-mandat-von-dectris\/#breadcrumb"},"inLanguage":"en-US","potentialAction":[{"@type":"ReadAction","target":["https:\/\/www.organisator.ch\/marketing\/2024-11-28\/scholtysik-gewinnt-branding-mandat-von-dectris\/"]}]},{"@type":"ImageObject","inLanguage":"en-US","@id":"https:\/\/www.organisator.ch\/marketing\/2024-11-28\/scholtysik-gewinnt-branding-mandat-von-dectris\/#primaryimage","url":"https:\/\/www.organisator.ch\/wp-content\/uploads\/2024\/11\/Dectris-Scholktysik_Bild1_ps.jpg","contentUrl":"https:\/\/www.organisator.ch\/wp-content\/uploads\/2024\/11\/Dectris-Scholktysik_Bild1_ps.jpg","width":680,"height":453,"caption":"Im \u00e4usserst dynamischen Hightech-Markt will Dectris seine Spitzenposition weiter ausbauen. (Bild: www.scholtysik.ch)"},{"@type":"BreadcrumbList","@id":"https:\/\/www.organisator.ch\/marketing\/2024-11-28\/scholtysik-gewinnt-branding-mandat-von-dectris\/#breadcrumb","itemListElement":[{"@type":"ListItem","position":1,"name":"Home","item":"https:\/\/www.organisator.ch\/"},{"@type":"ListItem","position":2,"name":"Scholtysik gewinnt Branding-Mandat von Dectris"}]},{"@type":"WebSite","@id":"https:\/\/www.organisator.ch\/#website","url":"https:\/\/www.organisator.ch\/","name":"Organizer","description":"Competent. Practical. In 10 issues per year, ORGANISATOR presents the essential topics for managers of SMEs.","publisher":{"@id":"https:\/\/www.organisator.ch\/#organization"},"potentialAction":[{"@type":"SearchAction","target":{"@type":"EntryPoint","urlTemplate":"https:\/\/www.organisator.ch\/?s={search_term_string}"},"query-input":{"@type":"PropertyValueSpecification","valueRequired":true,"valueName":"search_term_string"}}],"inLanguage":"en-US"},{"@type":"Organization","@id":"https:\/\/www.organisator.ch\/#organization","name":"Organizer","url":"https:\/\/www.organisator.ch\/","logo":{"@type":"ImageObject","inLanguage":"en-US","@id":"https:\/\/www.organisator.ch\/#\/schema\/logo\/image\/","url":"https:\/\/www.organisator.ch\/wp-content\/uploads\/2022\/01\/Logo_Organisator_Website.png","contentUrl":"https:\/\/www.organisator.ch\/wp-content\/uploads\/2022\/01\/Logo_Organisator_Website.png","width":800,"height":77,"caption":"Organisator"},"image":{"@id":"https:\/\/www.organisator.ch\/#\/schema\/logo\/image\/"},"sameAs":["https:\/\/www.facebook.com\/OrganisatorFachmagazin","https:\/\/www.linkedin.com\/showcase\/organisator-das-magazin-fr-kmu","https:\/\/www.xing.com\/news\/pages\/organisator-ch-695","https:\/\/www.youtube.com\/channel\/UCGP2Sq0iWaZwT3BdIAQFYpw"]},{"@type":"Person","@id":"https:\/\/www.organisator.ch\/#\/schema\/person\/afccda3a71c06d4be2ed9100dd163db7","name":"Dzana Muminovic","image":{"@type":"ImageObject","inLanguage":"en-US","@id":"https:\/\/secure.gravatar.com\/avatar\/909c5c71aff4b38e88686f2ab2f1ba152571f394f41ed8bae431ea56ced93050?s=96&d=mm&r=g","url":"https:\/\/secure.gravatar.com\/avatar\/909c5c71aff4b38e88686f2ab2f1ba152571f394f41ed8bae431ea56ced93050?s=96&d=mm&r=g","contentUrl":"https:\/\/secure.gravatar.com\/avatar\/909c5c71aff4b38e88686f2ab2f1ba152571f394f41ed8bae431ea56ced93050?s=96&d=mm&r=g","caption":"Dzana Muminovic"},"url":"https:\/\/www.organisator.ch\/en\/author\/dzana-muminovic\/"}]}},"_links":{"self":[{"href":"https:\/\/www.organisator.ch\/en\/wp-json\/wp\/v2\/posts\/34107","targetHints":{"allow":["GET"]}}],"collection":[{"href":"https:\/\/www.organisator.ch\/en\/wp-json\/wp\/v2\/posts"}],"about":[{"href":"https:\/\/www.organisator.ch\/en\/wp-json\/wp\/v2\/types\/post"}],"author":[{"embeddable":true,"href":"https:\/\/www.organisator.ch\/en\/wp-json\/wp\/v2\/users\/80"}],"replies":[{"embeddable":true,"href":"https:\/\/www.organisator.ch\/en\/wp-json\/wp\/v2\/comments?post=34107"}],"version-history":[{"count":4,"href":"https:\/\/www.organisator.ch\/en\/wp-json\/wp\/v2\/posts\/34107\/revisions"}],"predecessor-version":[{"id":34158,"href":"https:\/\/www.organisator.ch\/en\/wp-json\/wp\/v2\/posts\/34107\/revisions\/34158"}],"wp:featuredmedia":[{"embeddable":true,"href":"https:\/\/www.organisator.ch\/en\/wp-json\/wp\/v2\/media\/34108"}],"wp:attachment":[{"href":"https:\/\/www.organisator.ch\/en\/wp-json\/wp\/v2\/media?parent=34107"}],"wp:term":[{"taxonomy":"category","embeddable":true,"href":"https:\/\/www.organisator.ch\/en\/wp-json\/wp\/v2\/categories?post=34107"},{"taxonomy":"post_tag","embeddable":true,"href":"https:\/\/www.organisator.ch\/en\/wp-json\/wp\/v2\/tags?post=34107"}],"curies":[{"name":"wp","href":"https:\/\/api.w.org\/{rel}","templated":true}]}}