{"id":34119,"date":"2024-11-28T09:19:31","date_gmt":"2024-11-28T08:19:31","guid":{"rendered":"https:\/\/www.m-q.ch\/?p=20749"},"modified":"2024-12-02T07:45:23","modified_gmt":"2024-12-02T06:45:23","slug":"neue-studie-zeigt-unternehmen-brauchen-laenger-als-erwartet-um-sich-von-cyberangriffen-zu-erholen","status":"publish","type":"post","link":"https:\/\/www.organisator.ch\/en\/operational-excellence\/2024-11-28\/neue-studie-zeigt-unternehmen-brauchen-laenger-als-erwartet-um-sich-von-cyberangriffen-zu-erholen\/","title":{"rendered":"New study shows: companies take longer than expected to recover from cyberattacks"},"content":{"rendered":"<figure id=\"attachment_20750\" class=\"wp-caption alignnone\" style=\"width: 680px;\" aria-describedby=\"caption-attachment-20750\"><img class=\"size-full wp-image-20750\" src=\"https:\/\/www.m-q.ch\/wp-content\/uploads\/2024\/11\/Cyberresilienz_Bild1_ps.jpg\" sizes=\"(max-width: 680px) 100vw, 680px\" srcset=\"https:\/\/www.m-q.ch\/wp-content\/uploads\/2024\/11\/Cyberresilienz_Bild1_ps.jpg 680w, https:\/\/www.m-q.ch\/wp-content\/uploads\/2024\/11\/Cyberresilienz_Bild1_ps-18x12.jpg 18w, https:\/\/www.m-q.ch\/wp-content\/uploads\/2024\/11\/Cyberresilienz_Bild1_ps-375x250.jpg 375w, https:\/\/www.m-q.ch\/wp-content\/uploads\/2024\/11\/Cyberresilienz_Bild1_ps-524x350.jpg 524w\" alt=\"\" width=\"680\" height=\"454\" \/>\r\n<figcaption id=\"caption-attachment-20750\" class=\"wp-caption-text\">Companies need 8.6 months to recover from cyber attacks. External attacks are the most common cause of incidents. (Image: ww.depositphotos.com)<\/figcaption>\r\n<\/figure>\r\n<h3><strong>External attacks most common cause of security incidents<\/strong><\/h3>\r\n<p>On average, companies in the DACH region have experienced 41 security incidents in the last twelve months. The largest proportion of these were targeted attacks by external attackers (36%), followed by misconfigurations (29%) and software errors (28%). The main effects of these incidents included data loss (35 percent), downtime or interruptions (28 percent) and the compromise of customer accounts (25 percent). Companies citing loss of revenue as the most significant impact of security incidents reported losses of 3.3%.<\/p>\r\n<p>Marshall Erwin, Chief Information Security Officer at Fastly, commented on the findings: \"Full recovery from security breaches is becoming increasingly complex and costly for organizations. This is due to loss of revenue, reputational damage and lost time, which will affect long-term business relationships and tie up resources from different parts of the organization. As the number of attacks will not decrease and the risk of large-scale outages is always present, it is crucial that adjustments to the cyber security strategy are part of a holistic plan and that companies do not make hasty decisions.\"<\/p>\r\n<h3><strong>Too little protection against new threats: Companies under pressure<\/strong><\/h3>\r\n<p>63 percent of respondents fear cyberattacks on remote workers. 53 percent also state that the increasingly complex threat landscape has left their organization unprepared for future attacks and 51 percent of companies state that they are not protected against threats from emerging generative AI technology. Half of companies blame a lack of investment in security technologies for increased threat levels.<\/p>\r\n<h3><strong>Investment in cyber security will increase - but so will consolidation <\/strong><\/h3>\r\n<p>As a result, 88% of all decision-makers surveyed expect investments in cyber security to increase over the next twelve months, although investments in security solutions will have to be justified more strongly in view of tight budgets. Cybersecurity insurance (34%) and managed security services (28%) are among the top three areas of expected investment after modern authentication methods (40%).<\/p>\r\n<p>There is therefore a clear trend towards outsourcing and protection - in addition to existing security tools and providers, which are under greater scrutiny in response to last year's incidents (46%). The overall economic situation is causing additional tension: even though the need to invest in cybersecurity is undisputed, almost three quarters of respondents (72%) are increasingly thinking about consolidating their providers and tools.<\/p>\r\n<h3><strong>Comprehensive security approach as a strategy for the future <\/strong><\/h3>\r\n<p>There is also a re-evaluation of how organizations integrate software security into their operational processes. More and more stakeholders outside of traditional security teams, including teams from areas such as platform engineering, are being involved in the introduction of security solutions. In fact, a fifth (20 percent) of respondents said that adopting a modern platform engineering approach to software security is one of their priorities for the next year.<\/p>\r\n<p>\"We are seeing a shift towards a shared responsibility for security in companies with a stronger focus on embedding security measures into all projects from the outset. Companies that integrate security into their processes early on and build strong partnerships with security specialists are better prepared for future threats and can recover from attacks more quickly,\" recommends Erwin.<\/p>\r\n<p><em>Source: <a href=\"http:\/\/www.fastly.com\/de\">www.fastly.com\/de<\/a><\/em><\/p>\n<p class=\"syndicated-attribution\">This article originally appeared on m-q.ch - <a href=\"https:\/\/www.m-q.ch\/de\/neue-studie-zeigt-unternehmen-brauchen-laenger-als-erwartet-um-sich-von-cyberangriffen-zu-erholen\/\" target=\"_blank\">https:\/\/www.m-q.ch\/de\/neue-studie-zeigt-unternehmen-brauchen-laenger-als-erwartet-um-sich-von-cyberangriffen-zu-erholen\/<\/a><\/p>","protected":false},"excerpt":{"rendered":"<p>The edge cloud platform Fastly Inc. has published its annual Global Security Research Report. In a year characterized by particularly serious security incidents, the report shows, among other things, that companies are taking longer and longer to recover from cyberattacks and technical failures. In Germany, Austria and Switzerland, companies need an average of 8.6 months. This is 2.1 months longer than expected and 1.3 months longer than the international average.<\/p>","protected":false},"author":80,"featured_media":0,"comment_status":"closed","ping_status":"closed","sticky":false,"template":"","format":"standard","meta":{"_acf_changed":false,"_yoast_wpseo_focuskw":"Global Security Research Report","_yoast_wpseo_metadesc":"Unternehmen brauchen 8,6 Monate zur Erholung von Cyberangriffen. Externe Angriffe sind die h\u00e4ufigste Ursache f\u00fcr Vorf\u00e4lle.","articlekey":"","footnotes":""},"categories":[582],"tags":[3806,3119,608,418,424,459,492],"class_list":["post-34119","post","type-post","status-publish","format-standard","hentry","category-operational-excellence","tag-cyber-risiken","tag-cyberangriffe","tag-cybersicherheit","tag-risikomanagement","tag-schweiz","tag-studie","tag-unternehmen"],"acf":[],"yoast_head":"<!-- This site is optimized with the Yoast SEO plugin v27.4 - https:\/\/yoast.com\/product\/yoast-seo-wordpress\/ -->\n<title>Neue Studie zeigt: Unternehmen brauchen l\u00e4nger als erwartet, um sich von Cyberangriffen zu erholen - Organisator<\/title>\n<meta name=\"description\" content=\"Unternehmen brauchen 8,6 Monate zur Erholung von Cyberangriffen. Externe Angriffe sind die h\u00e4ufigste Ursache f\u00fcr Vorf\u00e4lle.\" \/>\n<meta name=\"robots\" content=\"index, follow, max-snippet:-1, max-image-preview:large, max-video-preview:-1\" \/>\n<link rel=\"canonical\" href=\"https:\/\/www.organisator.ch\/en\/operational-excellence\/2024-11-28\/neue-studie-zeigt-unternehmen-brauchen-laenger-als-erwartet-um-sich-von-cyberangriffen-zu-erholen\/\" \/>\n<meta property=\"og:locale\" content=\"en_US\" \/>\n<meta property=\"og:type\" content=\"article\" \/>\n<meta property=\"og:title\" content=\"Neue Studie zeigt: Unternehmen brauchen l\u00e4nger als erwartet, um sich von Cyberangriffen zu erholen - Organisator\" \/>\n<meta property=\"og:description\" content=\"Unternehmen brauchen 8,6 Monate zur Erholung von Cyberangriffen. Externe Angriffe sind die h\u00e4ufigste Ursache f\u00fcr Vorf\u00e4lle.\" \/>\n<meta property=\"og:url\" content=\"https:\/\/www.organisator.ch\/en\/operational-excellence\/2024-11-28\/neue-studie-zeigt-unternehmen-brauchen-laenger-als-erwartet-um-sich-von-cyberangriffen-zu-erholen\/\" \/>\n<meta property=\"og:site_name\" content=\"Organisator\" \/>\n<meta property=\"article:publisher\" content=\"https:\/\/www.facebook.com\/OrganisatorFachmagazin\" \/>\n<meta property=\"article:published_time\" content=\"2024-11-28T08:19:31+00:00\" \/>\n<meta property=\"article:modified_time\" content=\"2024-12-02T06:45:23+00:00\" \/>\n<meta property=\"og:image\" content=\"https:\/\/www.organisator.ch\/wp-content\/uploads\/2023\/06\/50-der-jungen-Mitarbeitenden-fassen-baldige-Kuendigung-ins-Auge_Grafik3_Organisator.jpg\" \/>\n\t<meta property=\"og:image:width\" content=\"680\" \/>\n\t<meta property=\"og:image:height\" content=\"453\" \/>\n\t<meta property=\"og:image:type\" content=\"image\/jpeg\" \/>\n<meta name=\"author\" content=\"Dzana Muminovic\" \/>\n<meta name=\"twitter:card\" content=\"summary_large_image\" \/>\n<script type=\"application\/ld+json\" class=\"yoast-schema-graph\">{\"@context\":\"https:\\\/\\\/schema.org\",\"@graph\":[{\"@type\":\"Article\",\"@id\":\"https:\\\/\\\/www.organisator.ch\\\/operational-excellence\\\/2024-11-28\\\/neue-studie-zeigt-unternehmen-brauchen-laenger-als-erwartet-um-sich-von-cyberangriffen-zu-erholen\\\/#article\",\"isPartOf\":{\"@id\":\"https:\\\/\\\/www.organisator.ch\\\/operational-excellence\\\/2024-11-28\\\/neue-studie-zeigt-unternehmen-brauchen-laenger-als-erwartet-um-sich-von-cyberangriffen-zu-erholen\\\/\"},\"author\":{\"name\":\"Dzana Muminovic\",\"@id\":\"https:\\\/\\\/www.organisator.ch\\\/#\\\/schema\\\/person\\\/afccda3a71c06d4be2ed9100dd163db7\"},\"headline\":\"Neue Studie zeigt: Unternehmen brauchen l\u00e4nger als erwartet, um sich von Cyberangriffen zu erholen\",\"datePublished\":\"2024-11-28T08:19:31+00:00\",\"dateModified\":\"2024-12-02T06:45:23+00:00\",\"mainEntityOfPage\":{\"@id\":\"https:\\\/\\\/www.organisator.ch\\\/operational-excellence\\\/2024-11-28\\\/neue-studie-zeigt-unternehmen-brauchen-laenger-als-erwartet-um-sich-von-cyberangriffen-zu-erholen\\\/\"},\"wordCount\":556,\"publisher\":{\"@id\":\"https:\\\/\\\/www.organisator.ch\\\/#organization\"},\"image\":{\"@id\":\"https:\\\/\\\/www.organisator.ch\\\/operational-excellence\\\/2024-11-28\\\/neue-studie-zeigt-unternehmen-brauchen-laenger-als-erwartet-um-sich-von-cyberangriffen-zu-erholen\\\/#primaryimage\"},\"thumbnailUrl\":\"https:\\\/\\\/www.m-q.ch\\\/wp-content\\\/uploads\\\/2024\\\/11\\\/Cyberresilienz_Bild1_ps.jpg\",\"keywords\":[\"Cyber Risiken\",\"Cyberangriffe\",\"Cybersicherheit\",\"Risikomanagement\",\"Schweiz\",\"Studie\",\"Unternehmen\"],\"articleSection\":[\"OPERATIONAL EXCELLENCE\"],\"inLanguage\":\"en-US\"},{\"@type\":\"WebPage\",\"@id\":\"https:\\\/\\\/www.organisator.ch\\\/operational-excellence\\\/2024-11-28\\\/neue-studie-zeigt-unternehmen-brauchen-laenger-als-erwartet-um-sich-von-cyberangriffen-zu-erholen\\\/\",\"url\":\"https:\\\/\\\/www.organisator.ch\\\/operational-excellence\\\/2024-11-28\\\/neue-studie-zeigt-unternehmen-brauchen-laenger-als-erwartet-um-sich-von-cyberangriffen-zu-erholen\\\/\",\"name\":\"Neue Studie zeigt: Unternehmen brauchen l\u00e4nger als erwartet, um sich von Cyberangriffen zu erholen - Organisator\",\"isPartOf\":{\"@id\":\"https:\\\/\\\/www.organisator.ch\\\/#website\"},\"primaryImageOfPage\":{\"@id\":\"https:\\\/\\\/www.organisator.ch\\\/operational-excellence\\\/2024-11-28\\\/neue-studie-zeigt-unternehmen-brauchen-laenger-als-erwartet-um-sich-von-cyberangriffen-zu-erholen\\\/#primaryimage\"},\"image\":{\"@id\":\"https:\\\/\\\/www.organisator.ch\\\/operational-excellence\\\/2024-11-28\\\/neue-studie-zeigt-unternehmen-brauchen-laenger-als-erwartet-um-sich-von-cyberangriffen-zu-erholen\\\/#primaryimage\"},\"thumbnailUrl\":\"https:\\\/\\\/www.m-q.ch\\\/wp-content\\\/uploads\\\/2024\\\/11\\\/Cyberresilienz_Bild1_ps.jpg\",\"datePublished\":\"2024-11-28T08:19:31+00:00\",\"dateModified\":\"2024-12-02T06:45:23+00:00\",\"description\":\"Unternehmen brauchen 8,6 Monate zur Erholung von Cyberangriffen. Externe Angriffe sind die h\u00e4ufigste Ursache f\u00fcr Vorf\u00e4lle.\",\"breadcrumb\":{\"@id\":\"https:\\\/\\\/www.organisator.ch\\\/operational-excellence\\\/2024-11-28\\\/neue-studie-zeigt-unternehmen-brauchen-laenger-als-erwartet-um-sich-von-cyberangriffen-zu-erholen\\\/#breadcrumb\"},\"inLanguage\":\"en-US\",\"potentialAction\":[{\"@type\":\"ReadAction\",\"target\":[\"https:\\\/\\\/www.organisator.ch\\\/operational-excellence\\\/2024-11-28\\\/neue-studie-zeigt-unternehmen-brauchen-laenger-als-erwartet-um-sich-von-cyberangriffen-zu-erholen\\\/\"]}]},{\"@type\":\"ImageObject\",\"inLanguage\":\"en-US\",\"@id\":\"https:\\\/\\\/www.organisator.ch\\\/operational-excellence\\\/2024-11-28\\\/neue-studie-zeigt-unternehmen-brauchen-laenger-als-erwartet-um-sich-von-cyberangriffen-zu-erholen\\\/#primaryimage\",\"url\":\"https:\\\/\\\/www.m-q.ch\\\/wp-content\\\/uploads\\\/2024\\\/11\\\/Cyberresilienz_Bild1_ps.jpg\",\"contentUrl\":\"https:\\\/\\\/www.m-q.ch\\\/wp-content\\\/uploads\\\/2024\\\/11\\\/Cyberresilienz_Bild1_ps.jpg\"},{\"@type\":\"BreadcrumbList\",\"@id\":\"https:\\\/\\\/www.organisator.ch\\\/operational-excellence\\\/2024-11-28\\\/neue-studie-zeigt-unternehmen-brauchen-laenger-als-erwartet-um-sich-von-cyberangriffen-zu-erholen\\\/#breadcrumb\",\"itemListElement\":[{\"@type\":\"ListItem\",\"position\":1,\"name\":\"Home\",\"item\":\"https:\\\/\\\/www.organisator.ch\\\/\"},{\"@type\":\"ListItem\",\"position\":2,\"name\":\"Neue Studie zeigt: Unternehmen brauchen l\u00e4nger als erwartet, um sich von Cyberangriffen zu erholen\"}]},{\"@type\":\"WebSite\",\"@id\":\"https:\\\/\\\/www.organisator.ch\\\/#website\",\"url\":\"https:\\\/\\\/www.organisator.ch\\\/\",\"name\":\"Organisator\",\"description\":\"Kompetent. Praxisnah. Der ORGANISATOR bereitet in 10 Ausgaben pro Jahr die wesentlichen Themen f\u00fcr F\u00fchrungskr\u00e4fte von KMU auf.\",\"publisher\":{\"@id\":\"https:\\\/\\\/www.organisator.ch\\\/#organization\"},\"potentialAction\":[{\"@type\":\"SearchAction\",\"target\":{\"@type\":\"EntryPoint\",\"urlTemplate\":\"https:\\\/\\\/www.organisator.ch\\\/?s={search_term_string}\"},\"query-input\":{\"@type\":\"PropertyValueSpecification\",\"valueRequired\":true,\"valueName\":\"search_term_string\"}}],\"inLanguage\":\"en-US\"},{\"@type\":\"Organization\",\"@id\":\"https:\\\/\\\/www.organisator.ch\\\/#organization\",\"name\":\"Organisator\",\"url\":\"https:\\\/\\\/www.organisator.ch\\\/\",\"logo\":{\"@type\":\"ImageObject\",\"inLanguage\":\"en-US\",\"@id\":\"https:\\\/\\\/www.organisator.ch\\\/#\\\/schema\\\/logo\\\/image\\\/\",\"url\":\"https:\\\/\\\/www.organisator.ch\\\/wp-content\\\/uploads\\\/2022\\\/01\\\/Logo_Organisator_Website.png\",\"contentUrl\":\"https:\\\/\\\/www.organisator.ch\\\/wp-content\\\/uploads\\\/2022\\\/01\\\/Logo_Organisator_Website.png\",\"width\":800,\"height\":77,\"caption\":\"Organisator\"},\"image\":{\"@id\":\"https:\\\/\\\/www.organisator.ch\\\/#\\\/schema\\\/logo\\\/image\\\/\"},\"sameAs\":[\"https:\\\/\\\/www.facebook.com\\\/OrganisatorFachmagazin\",\"https:\\\/\\\/www.linkedin.com\\\/showcase\\\/organisator-das-magazin-fr-kmu\",\"https:\\\/\\\/www.xing.com\\\/news\\\/pages\\\/organisator-ch-695\",\"https:\\\/\\\/www.youtube.com\\\/channel\\\/UCGP2Sq0iWaZwT3BdIAQFYpw\"]},{\"@type\":\"Person\",\"@id\":\"https:\\\/\\\/www.organisator.ch\\\/#\\\/schema\\\/person\\\/afccda3a71c06d4be2ed9100dd163db7\",\"name\":\"Dzana Muminovic\",\"image\":{\"@type\":\"ImageObject\",\"inLanguage\":\"en-US\",\"@id\":\"https:\\\/\\\/secure.gravatar.com\\\/avatar\\\/909c5c71aff4b38e88686f2ab2f1ba152571f394f41ed8bae431ea56ced93050?s=96&d=mm&r=g\",\"url\":\"https:\\\/\\\/secure.gravatar.com\\\/avatar\\\/909c5c71aff4b38e88686f2ab2f1ba152571f394f41ed8bae431ea56ced93050?s=96&d=mm&r=g\",\"contentUrl\":\"https:\\\/\\\/secure.gravatar.com\\\/avatar\\\/909c5c71aff4b38e88686f2ab2f1ba152571f394f41ed8bae431ea56ced93050?s=96&d=mm&r=g\",\"caption\":\"Dzana Muminovic\"},\"url\":\"https:\\\/\\\/www.organisator.ch\\\/en\\\/author\\\/dzana-muminovic\\\/\"}]}<\/script>\n<!-- \/ Yoast SEO plugin. -->","yoast_head_json":{"title":"New study shows: companies take longer than expected to recover from cyberattacks - Organizer","description":"Companies need 8.6 months to recover from cyber attacks. External attacks are the most common cause of incidents.","robots":{"index":"index","follow":"follow","max-snippet":"max-snippet:-1","max-image-preview":"max-image-preview:large","max-video-preview":"max-video-preview:-1"},"canonical":"https:\/\/www.organisator.ch\/en\/operational-excellence\/2024-11-28\/neue-studie-zeigt-unternehmen-brauchen-laenger-als-erwartet-um-sich-von-cyberangriffen-zu-erholen\/","og_locale":"en_US","og_type":"article","og_title":"Neue Studie zeigt: Unternehmen brauchen l\u00e4nger als erwartet, um sich von Cyberangriffen zu erholen - Organisator","og_description":"Unternehmen brauchen 8,6 Monate zur Erholung von Cyberangriffen. Externe Angriffe sind die h\u00e4ufigste Ursache f\u00fcr Vorf\u00e4lle.","og_url":"https:\/\/www.organisator.ch\/en\/operational-excellence\/2024-11-28\/neue-studie-zeigt-unternehmen-brauchen-laenger-als-erwartet-um-sich-von-cyberangriffen-zu-erholen\/","og_site_name":"Organisator","article_publisher":"https:\/\/www.facebook.com\/OrganisatorFachmagazin","article_published_time":"2024-11-28T08:19:31+00:00","article_modified_time":"2024-12-02T06:45:23+00:00","og_image":[{"width":680,"height":453,"url":"https:\/\/www.organisator.ch\/wp-content\/uploads\/2023\/06\/50-der-jungen-Mitarbeitenden-fassen-baldige-Kuendigung-ins-Auge_Grafik3_Organisator.jpg","type":"image\/jpeg"}],"author":"Dzana Muminovic","twitter_card":"summary_large_image","schema":{"@context":"https:\/\/schema.org","@graph":[{"@type":"Article","@id":"https:\/\/www.organisator.ch\/operational-excellence\/2024-11-28\/neue-studie-zeigt-unternehmen-brauchen-laenger-als-erwartet-um-sich-von-cyberangriffen-zu-erholen\/#article","isPartOf":{"@id":"https:\/\/www.organisator.ch\/operational-excellence\/2024-11-28\/neue-studie-zeigt-unternehmen-brauchen-laenger-als-erwartet-um-sich-von-cyberangriffen-zu-erholen\/"},"author":{"name":"Dzana Muminovic","@id":"https:\/\/www.organisator.ch\/#\/schema\/person\/afccda3a71c06d4be2ed9100dd163db7"},"headline":"Neue Studie zeigt: Unternehmen brauchen l\u00e4nger als erwartet, um sich von Cyberangriffen zu erholen","datePublished":"2024-11-28T08:19:31+00:00","dateModified":"2024-12-02T06:45:23+00:00","mainEntityOfPage":{"@id":"https:\/\/www.organisator.ch\/operational-excellence\/2024-11-28\/neue-studie-zeigt-unternehmen-brauchen-laenger-als-erwartet-um-sich-von-cyberangriffen-zu-erholen\/"},"wordCount":556,"publisher":{"@id":"https:\/\/www.organisator.ch\/#organization"},"image":{"@id":"https:\/\/www.organisator.ch\/operational-excellence\/2024-11-28\/neue-studie-zeigt-unternehmen-brauchen-laenger-als-erwartet-um-sich-von-cyberangriffen-zu-erholen\/#primaryimage"},"thumbnailUrl":"https:\/\/www.m-q.ch\/wp-content\/uploads\/2024\/11\/Cyberresilienz_Bild1_ps.jpg","keywords":["Cyber Risiken","Cyberangriffe","Cybersicherheit","Risikomanagement","Schweiz","Studie","Unternehmen"],"articleSection":["OPERATIONAL EXCELLENCE"],"inLanguage":"en-US"},{"@type":"WebPage","@id":"https:\/\/www.organisator.ch\/operational-excellence\/2024-11-28\/neue-studie-zeigt-unternehmen-brauchen-laenger-als-erwartet-um-sich-von-cyberangriffen-zu-erholen\/","url":"https:\/\/www.organisator.ch\/operational-excellence\/2024-11-28\/neue-studie-zeigt-unternehmen-brauchen-laenger-als-erwartet-um-sich-von-cyberangriffen-zu-erholen\/","name":"New study shows: companies take longer than expected to recover from cyberattacks - Organizer","isPartOf":{"@id":"https:\/\/www.organisator.ch\/#website"},"primaryImageOfPage":{"@id":"https:\/\/www.organisator.ch\/operational-excellence\/2024-11-28\/neue-studie-zeigt-unternehmen-brauchen-laenger-als-erwartet-um-sich-von-cyberangriffen-zu-erholen\/#primaryimage"},"image":{"@id":"https:\/\/www.organisator.ch\/operational-excellence\/2024-11-28\/neue-studie-zeigt-unternehmen-brauchen-laenger-als-erwartet-um-sich-von-cyberangriffen-zu-erholen\/#primaryimage"},"thumbnailUrl":"https:\/\/www.m-q.ch\/wp-content\/uploads\/2024\/11\/Cyberresilienz_Bild1_ps.jpg","datePublished":"2024-11-28T08:19:31+00:00","dateModified":"2024-12-02T06:45:23+00:00","description":"Companies need 8.6 months to recover from cyber attacks. External attacks are the most common cause of incidents.","breadcrumb":{"@id":"https:\/\/www.organisator.ch\/operational-excellence\/2024-11-28\/neue-studie-zeigt-unternehmen-brauchen-laenger-als-erwartet-um-sich-von-cyberangriffen-zu-erholen\/#breadcrumb"},"inLanguage":"en-US","potentialAction":[{"@type":"ReadAction","target":["https:\/\/www.organisator.ch\/operational-excellence\/2024-11-28\/neue-studie-zeigt-unternehmen-brauchen-laenger-als-erwartet-um-sich-von-cyberangriffen-zu-erholen\/"]}]},{"@type":"ImageObject","inLanguage":"en-US","@id":"https:\/\/www.organisator.ch\/operational-excellence\/2024-11-28\/neue-studie-zeigt-unternehmen-brauchen-laenger-als-erwartet-um-sich-von-cyberangriffen-zu-erholen\/#primaryimage","url":"https:\/\/www.m-q.ch\/wp-content\/uploads\/2024\/11\/Cyberresilienz_Bild1_ps.jpg","contentUrl":"https:\/\/www.m-q.ch\/wp-content\/uploads\/2024\/11\/Cyberresilienz_Bild1_ps.jpg"},{"@type":"BreadcrumbList","@id":"https:\/\/www.organisator.ch\/operational-excellence\/2024-11-28\/neue-studie-zeigt-unternehmen-brauchen-laenger-als-erwartet-um-sich-von-cyberangriffen-zu-erholen\/#breadcrumb","itemListElement":[{"@type":"ListItem","position":1,"name":"Home","item":"https:\/\/www.organisator.ch\/"},{"@type":"ListItem","position":2,"name":"Neue Studie zeigt: Unternehmen brauchen l\u00e4nger als erwartet, um sich von Cyberangriffen zu erholen"}]},{"@type":"WebSite","@id":"https:\/\/www.organisator.ch\/#website","url":"https:\/\/www.organisator.ch\/","name":"Organizer","description":"Competent. Practical. In 10 issues per year, ORGANISATOR presents the essential topics for managers of SMEs.","publisher":{"@id":"https:\/\/www.organisator.ch\/#organization"},"potentialAction":[{"@type":"SearchAction","target":{"@type":"EntryPoint","urlTemplate":"https:\/\/www.organisator.ch\/?s={search_term_string}"},"query-input":{"@type":"PropertyValueSpecification","valueRequired":true,"valueName":"search_term_string"}}],"inLanguage":"en-US"},{"@type":"Organization","@id":"https:\/\/www.organisator.ch\/#organization","name":"Organizer","url":"https:\/\/www.organisator.ch\/","logo":{"@type":"ImageObject","inLanguage":"en-US","@id":"https:\/\/www.organisator.ch\/#\/schema\/logo\/image\/","url":"https:\/\/www.organisator.ch\/wp-content\/uploads\/2022\/01\/Logo_Organisator_Website.png","contentUrl":"https:\/\/www.organisator.ch\/wp-content\/uploads\/2022\/01\/Logo_Organisator_Website.png","width":800,"height":77,"caption":"Organisator"},"image":{"@id":"https:\/\/www.organisator.ch\/#\/schema\/logo\/image\/"},"sameAs":["https:\/\/www.facebook.com\/OrganisatorFachmagazin","https:\/\/www.linkedin.com\/showcase\/organisator-das-magazin-fr-kmu","https:\/\/www.xing.com\/news\/pages\/organisator-ch-695","https:\/\/www.youtube.com\/channel\/UCGP2Sq0iWaZwT3BdIAQFYpw"]},{"@type":"Person","@id":"https:\/\/www.organisator.ch\/#\/schema\/person\/afccda3a71c06d4be2ed9100dd163db7","name":"Dzana Muminovic","image":{"@type":"ImageObject","inLanguage":"en-US","@id":"https:\/\/secure.gravatar.com\/avatar\/909c5c71aff4b38e88686f2ab2f1ba152571f394f41ed8bae431ea56ced93050?s=96&d=mm&r=g","url":"https:\/\/secure.gravatar.com\/avatar\/909c5c71aff4b38e88686f2ab2f1ba152571f394f41ed8bae431ea56ced93050?s=96&d=mm&r=g","contentUrl":"https:\/\/secure.gravatar.com\/avatar\/909c5c71aff4b38e88686f2ab2f1ba152571f394f41ed8bae431ea56ced93050?s=96&d=mm&r=g","caption":"Dzana Muminovic"},"url":"https:\/\/www.organisator.ch\/en\/author\/dzana-muminovic\/"}]}},"_links":{"self":[{"href":"https:\/\/www.organisator.ch\/en\/wp-json\/wp\/v2\/posts\/34119","targetHints":{"allow":["GET"]}}],"collection":[{"href":"https:\/\/www.organisator.ch\/en\/wp-json\/wp\/v2\/posts"}],"about":[{"href":"https:\/\/www.organisator.ch\/en\/wp-json\/wp\/v2\/types\/post"}],"author":[{"embeddable":true,"href":"https:\/\/www.organisator.ch\/en\/wp-json\/wp\/v2\/users\/80"}],"replies":[{"embeddable":true,"href":"https:\/\/www.organisator.ch\/en\/wp-json\/wp\/v2\/comments?post=34119"}],"version-history":[{"count":6,"href":"https:\/\/www.organisator.ch\/en\/wp-json\/wp\/v2\/posts\/34119\/revisions"}],"predecessor-version":[{"id":34185,"href":"https:\/\/www.organisator.ch\/en\/wp-json\/wp\/v2\/posts\/34119\/revisions\/34185"}],"wp:attachment":[{"href":"https:\/\/www.organisator.ch\/en\/wp-json\/wp\/v2\/media?parent=34119"}],"wp:term":[{"taxonomy":"category","embeddable":true,"href":"https:\/\/www.organisator.ch\/en\/wp-json\/wp\/v2\/categories?post=34119"},{"taxonomy":"post_tag","embeddable":true,"href":"https:\/\/www.organisator.ch\/en\/wp-json\/wp\/v2\/tags?post=34119"}],"curies":[{"name":"wp","href":"https:\/\/api.w.org\/{rel}","templated":true}]}}