{"id":34169,"date":"2024-11-29T13:34:58","date_gmt":"2024-11-29T12:34:58","guid":{"rendered":"https:\/\/www.markt-kom.com\/?p=227369"},"modified":"2024-12-02T07:44:45","modified_gmt":"2024-12-02T06:44:45","slug":"interrail-kampagne-der-sbb-mit-rail-tourism-award-ausgezeichnet","status":"publish","type":"post","link":"https:\/\/www.organisator.ch\/en\/marketing\/2024-11-29\/interrail-kampagne-der-sbb-mit-rail-tourism-award-ausgezeichnet\/","title":{"rendered":"SBB's Interrail campaign honored with Rail Tourism Award"},"content":{"rendered":"<p><img class=\"aligncenter size-full wp-image-227372\" src=\"https:\/\/www.markt-kom.com\/wp-content\/uploads\/2024\/11\/GB-IPV-03745-quer.jpg\" sizes=\"(max-width: 1200px) 100vw, 1200px\" srcset=\"https:\/\/www.markt-kom.com\/wp-content\/uploads\/2024\/11\/GB-IPV-03745-quer.jpg 1200w, https:\/\/www.markt-kom.com\/wp-content\/uploads\/2024\/11\/GB-IPV-03745-quer-600x450.jpg 600w, https:\/\/www.markt-kom.com\/wp-content\/uploads\/2024\/11\/GB-IPV-03745-quer-1024x768.jpg 1024w, https:\/\/www.markt-kom.com\/wp-content\/uploads\/2024\/11\/GB-IPV-03745-quer-768x576.jpg 768w, https:\/\/www.markt-kom.com\/wp-content\/uploads\/2024\/11\/GB-IPV-03745-quer-16x12.jpg 16w, https:\/\/www.markt-kom.com\/wp-content\/uploads\/2024\/11\/GB-IPV-03745-quer-233x175.jpg 233w, https:\/\/www.markt-kom.com\/wp-content\/uploads\/2024\/11\/GB-IPV-03745-quer-467x350.jpg 467w, https:\/\/www.markt-kom.com\/wp-content\/uploads\/2024\/11\/GB-IPV-03745-quer-1000x750.jpg 1000w\" alt=\"\" width=\"1200\" height=\"900\" \/><\/p>\r\n<p>The campaign contrasts a well-organized cruise with adventurous Interrail travel and is intended to encourage travellers to explore Europe in an environmentally conscious way. SBB received the Rail Tourism Award from the European Travel Commission ETC and Eurail for its successful implementation.<\/p>\r\n<p><img class=\"aligncenter size-full wp-image-227371\" src=\"https:\/\/www.markt-kom.com\/wp-content\/uploads\/2024\/11\/202410_SBB_1536_994x250_de.jpg\" sizes=\"(max-width: 994px) 100vw, 994px\" srcset=\"https:\/\/www.markt-kom.com\/wp-content\/uploads\/2024\/11\/202410_SBB_1536_994x250_de.jpg 994w, https:\/\/www.markt-kom.com\/wp-content\/uploads\/2024\/11\/202410_SBB_1536_994x250_de-600x151.jpg 600w, https:\/\/www.markt-kom.com\/wp-content\/uploads\/2024\/11\/202410_SBB_1536_994x250_de-768x193.jpg 768w, https:\/\/www.markt-kom.com\/wp-content\/uploads\/2024\/11\/202410_SBB_1536_994x250_de-18x5.jpg 18w, https:\/\/www.markt-kom.com\/wp-content\/uploads\/2024\/11\/202410_SBB_1536_994x250_de-375x94.jpg 375w, https:\/\/www.markt-kom.com\/wp-content\/uploads\/2024\/11\/202410_SBB_1536_994x250_de-760x191.jpg 760w\" alt=\"\" width=\"994\" height=\"250\" \/><\/p>\r\n<p>In the current commercial, two old friends go on a cruise. When a cat thwarts their vacation plans, the two react calmly and switch to the comfortable train.<\/p>\r\n<p><iframe title=\"25% discount on Interrail Global Passes.\" src=\"https:\/\/www.youtube.com\/embed\/XJgbTuXpsRo?feature=oembed\" width=\"768\" height=\"432\" frameborder=\"0\" allowfullscreen=\"allowfullscreen\"><\/iframe><\/p>\r\n<p>SBB worked with the Swedish agency Sweet to implement the campaign. It has been running since Wednesday and will continue until December 17, 2024 in various offline and online media.<img class=\"aligncenter size-full wp-image-227373\" src=\"https:\/\/www.markt-kom.com\/wp-content\/uploads\/2024\/11\/Carousel-Ads.jpg\" sizes=\"(max-width: 1200px) 100vw, 1200px\" srcset=\"https:\/\/www.markt-kom.com\/wp-content\/uploads\/2024\/11\/Carousel-Ads.jpg 1200w, https:\/\/www.markt-kom.com\/wp-content\/uploads\/2024\/11\/Carousel-Ads-600x256.jpg 600w, https:\/\/www.markt-kom.com\/wp-content\/uploads\/2024\/11\/Carousel-Ads-1024x437.jpg 1024w, https:\/\/www.markt-kom.com\/wp-content\/uploads\/2024\/11\/Carousel-Ads-768x328.jpg 768w, https:\/\/www.markt-kom.com\/wp-content\/uploads\/2024\/11\/Carousel-Ads-18x8.jpg 18w, https:\/\/www.markt-kom.com\/wp-content\/uploads\/2024\/11\/Carousel-Ads-375x160.jpg 375w, https:\/\/www.markt-kom.com\/wp-content\/uploads\/2024\/11\/Carousel-Ads-760x324.jpg 760w, https:\/\/www.markt-kom.com\/wp-content\/uploads\/2024\/11\/Carousel-Ads-1000x427.jpg 1000w\" alt=\"\" width=\"1200\" height=\"512\" \/><\/p>","protected":false},"excerpt":{"rendered":"<p>In its current Interrail campaign, SBB is focusing on contrasts and uniting all-inclusive package tourists with freedom-loving individual travelers. The public transport company received the Rail Tourism Award for this campaign.<\/p>","protected":false},"author":8,"featured_media":0,"comment_status":"closed","ping_status":"closed","sticky":false,"template":"","format":"standard","meta":{"_acf_changed":false,"_yoast_wpseo_focuskw":"Interrail-Kampagne SBB","_yoast_wpseo_metadesc":"SBB vereint Pauschaltourist:innen und Individualreisende in neuer Interrail-Kampagne und gewinnt den Rail Tourism Award.","articlekey":"","footnotes":""},"categories":[29],"tags":[66,3438,2055,2317],"class_list":["post-34169","post","type-post","status-publish","format-standard","hentry","category-marketing","tag-awards","tag-oev","tag-sbb","tag-tourismus"],"acf":[],"yoast_head":"<!-- This site is optimized with the Yoast SEO plugin v27.5 - https:\/\/yoast.com\/product\/yoast-seo-wordpress\/ -->\n<title>Interrail-Kampagne der SBB mit Rail Tourism Award ausgezeichnet - Organisator<\/title>\n<meta name=\"description\" content=\"SBB vereint Pauschaltourist:innen und Individualreisende in neuer Interrail-Kampagne und gewinnt den Rail Tourism Award.\" \/>\n<meta name=\"robots\" content=\"index, follow, max-snippet:-1, max-image-preview:large, max-video-preview:-1\" \/>\n<link rel=\"canonical\" href=\"https:\/\/www.organisator.ch\/en\/marketing\/2024-11-29\/interrail-kampagne-der-sbb-mit-rail-tourism-award-ausgezeichnet\/\" \/>\n<meta property=\"og:locale\" content=\"en_US\" \/>\n<meta property=\"og:type\" content=\"article\" \/>\n<meta property=\"og:title\" content=\"Interrail-Kampagne der SBB mit Rail Tourism Award ausgezeichnet - Organisator\" \/>\n<meta property=\"og:description\" content=\"SBB vereint Pauschaltourist:innen und Individualreisende in neuer Interrail-Kampagne und gewinnt den Rail Tourism Award.\" \/>\n<meta property=\"og:url\" content=\"https:\/\/www.organisator.ch\/en\/marketing\/2024-11-29\/interrail-kampagne-der-sbb-mit-rail-tourism-award-ausgezeichnet\/\" \/>\n<meta property=\"og:site_name\" content=\"Organisator\" \/>\n<meta property=\"article:publisher\" content=\"https:\/\/www.facebook.com\/OrganisatorFachmagazin\" \/>\n<meta property=\"article:published_time\" content=\"2024-11-29T12:34:58+00:00\" \/>\n<meta property=\"article:modified_time\" content=\"2024-12-02T06:44:45+00:00\" \/>\n<meta name=\"author\" content=\"galledia\" \/>\n<meta name=\"twitter:card\" content=\"summary_large_image\" \/>\n<meta name=\"twitter:creator\" content=\"@admin\" \/>\n<script type=\"application\/ld+json\" class=\"yoast-schema-graph\">{\"@context\":\"https:\\\/\\\/schema.org\",\"@graph\":[{\"@type\":\"Article\",\"@id\":\"https:\\\/\\\/www.organisator.ch\\\/marketing\\\/2024-11-29\\\/interrail-kampagne-der-sbb-mit-rail-tourism-award-ausgezeichnet\\\/#article\",\"isPartOf\":{\"@id\":\"https:\\\/\\\/www.organisator.ch\\\/marketing\\\/2024-11-29\\\/interrail-kampagne-der-sbb-mit-rail-tourism-award-ausgezeichnet\\\/\"},\"author\":{\"name\":\"galledia\",\"@id\":\"https:\\\/\\\/www.organisator.ch\\\/#\\\/schema\\\/person\\\/4e51799071cd2dd1232ac003643ef5f0\"},\"headline\":\"Interrail-Kampagne der SBB mit Rail Tourism Award ausgezeichnet\",\"datePublished\":\"2024-11-29T12:34:58+00:00\",\"dateModified\":\"2024-12-02T06:44:45+00:00\",\"mainEntityOfPage\":{\"@id\":\"https:\\\/\\\/www.organisator.ch\\\/marketing\\\/2024-11-29\\\/interrail-kampagne-der-sbb-mit-rail-tourism-award-ausgezeichnet\\\/\"},\"wordCount\":110,\"publisher\":{\"@id\":\"https:\\\/\\\/www.organisator.ch\\\/#organization\"},\"image\":{\"@id\":\"https:\\\/\\\/www.organisator.ch\\\/marketing\\\/2024-11-29\\\/interrail-kampagne-der-sbb-mit-rail-tourism-award-ausgezeichnet\\\/#primaryimage\"},\"thumbnailUrl\":\"https:\\\/\\\/www.markt-kom.com\\\/wp-content\\\/uploads\\\/2024\\\/11\\\/GB-IPV-03745-quer.jpg\",\"keywords\":[\"Awards\",\"\u00d6V\",\"SBB\",\"Tourismus\"],\"articleSection\":[\"MARKETING\"],\"inLanguage\":\"en-US\"},{\"@type\":\"WebPage\",\"@id\":\"https:\\\/\\\/www.organisator.ch\\\/marketing\\\/2024-11-29\\\/interrail-kampagne-der-sbb-mit-rail-tourism-award-ausgezeichnet\\\/\",\"url\":\"https:\\\/\\\/www.organisator.ch\\\/marketing\\\/2024-11-29\\\/interrail-kampagne-der-sbb-mit-rail-tourism-award-ausgezeichnet\\\/\",\"name\":\"Interrail-Kampagne der SBB mit Rail Tourism Award ausgezeichnet - Organisator\",\"isPartOf\":{\"@id\":\"https:\\\/\\\/www.organisator.ch\\\/#website\"},\"primaryImageOfPage\":{\"@id\":\"https:\\\/\\\/www.organisator.ch\\\/marketing\\\/2024-11-29\\\/interrail-kampagne-der-sbb-mit-rail-tourism-award-ausgezeichnet\\\/#primaryimage\"},\"image\":{\"@id\":\"https:\\\/\\\/www.organisator.ch\\\/marketing\\\/2024-11-29\\\/interrail-kampagne-der-sbb-mit-rail-tourism-award-ausgezeichnet\\\/#primaryimage\"},\"thumbnailUrl\":\"https:\\\/\\\/www.markt-kom.com\\\/wp-content\\\/uploads\\\/2024\\\/11\\\/GB-IPV-03745-quer.jpg\",\"datePublished\":\"2024-11-29T12:34:58+00:00\",\"dateModified\":\"2024-12-02T06:44:45+00:00\",\"description\":\"SBB vereint Pauschaltourist:innen und Individualreisende in neuer Interrail-Kampagne und gewinnt den Rail Tourism Award.\",\"breadcrumb\":{\"@id\":\"https:\\\/\\\/www.organisator.ch\\\/marketing\\\/2024-11-29\\\/interrail-kampagne-der-sbb-mit-rail-tourism-award-ausgezeichnet\\\/#breadcrumb\"},\"inLanguage\":\"en-US\",\"potentialAction\":[{\"@type\":\"ReadAction\",\"target\":[\"https:\\\/\\\/www.organisator.ch\\\/marketing\\\/2024-11-29\\\/interrail-kampagne-der-sbb-mit-rail-tourism-award-ausgezeichnet\\\/\"]}]},{\"@type\":\"ImageObject\",\"inLanguage\":\"en-US\",\"@id\":\"https:\\\/\\\/www.organisator.ch\\\/marketing\\\/2024-11-29\\\/interrail-kampagne-der-sbb-mit-rail-tourism-award-ausgezeichnet\\\/#primaryimage\",\"url\":\"https:\\\/\\\/www.markt-kom.com\\\/wp-content\\\/uploads\\\/2024\\\/11\\\/GB-IPV-03745-quer.jpg\",\"contentUrl\":\"https:\\\/\\\/www.markt-kom.com\\\/wp-content\\\/uploads\\\/2024\\\/11\\\/GB-IPV-03745-quer.jpg\"},{\"@type\":\"BreadcrumbList\",\"@id\":\"https:\\\/\\\/www.organisator.ch\\\/marketing\\\/2024-11-29\\\/interrail-kampagne-der-sbb-mit-rail-tourism-award-ausgezeichnet\\\/#breadcrumb\",\"itemListElement\":[{\"@type\":\"ListItem\",\"position\":1,\"name\":\"Home\",\"item\":\"https:\\\/\\\/www.organisator.ch\\\/\"},{\"@type\":\"ListItem\",\"position\":2,\"name\":\"Interrail-Kampagne der SBB mit Rail Tourism Award ausgezeichnet\"}]},{\"@type\":\"WebSite\",\"@id\":\"https:\\\/\\\/www.organisator.ch\\\/#website\",\"url\":\"https:\\\/\\\/www.organisator.ch\\\/\",\"name\":\"Organisator\",\"description\":\"Kompetent. Praxisnah. Der ORGANISATOR bereitet in 10 Ausgaben pro Jahr die wesentlichen Themen f\u00fcr F\u00fchrungskr\u00e4fte von KMU auf.\",\"publisher\":{\"@id\":\"https:\\\/\\\/www.organisator.ch\\\/#organization\"},\"potentialAction\":[{\"@type\":\"SearchAction\",\"target\":{\"@type\":\"EntryPoint\",\"urlTemplate\":\"https:\\\/\\\/www.organisator.ch\\\/?s={search_term_string}\"},\"query-input\":{\"@type\":\"PropertyValueSpecification\",\"valueRequired\":true,\"valueName\":\"search_term_string\"}}],\"inLanguage\":\"en-US\"},{\"@type\":\"Organization\",\"@id\":\"https:\\\/\\\/www.organisator.ch\\\/#organization\",\"name\":\"Organisator\",\"url\":\"https:\\\/\\\/www.organisator.ch\\\/\",\"logo\":{\"@type\":\"ImageObject\",\"inLanguage\":\"en-US\",\"@id\":\"https:\\\/\\\/www.organisator.ch\\\/#\\\/schema\\\/logo\\\/image\\\/\",\"url\":\"https:\\\/\\\/www.organisator.ch\\\/wp-content\\\/uploads\\\/2022\\\/01\\\/Logo_Organisator_Website.png\",\"contentUrl\":\"https:\\\/\\\/www.organisator.ch\\\/wp-content\\\/uploads\\\/2022\\\/01\\\/Logo_Organisator_Website.png\",\"width\":800,\"height\":77,\"caption\":\"Organisator\"},\"image\":{\"@id\":\"https:\\\/\\\/www.organisator.ch\\\/#\\\/schema\\\/logo\\\/image\\\/\"},\"sameAs\":[\"https:\\\/\\\/www.facebook.com\\\/OrganisatorFachmagazin\",\"https:\\\/\\\/www.linkedin.com\\\/showcase\\\/organisator-das-magazin-fr-kmu\",\"https:\\\/\\\/www.xing.com\\\/news\\\/pages\\\/organisator-ch-695\",\"https:\\\/\\\/www.youtube.com\\\/channel\\\/UCGP2Sq0iWaZwT3BdIAQFYpw\"]},{\"@type\":\"Person\",\"@id\":\"https:\\\/\\\/www.organisator.ch\\\/#\\\/schema\\\/person\\\/4e51799071cd2dd1232ac003643ef5f0\",\"name\":\"galledia\",\"image\":{\"@type\":\"ImageObject\",\"inLanguage\":\"en-US\",\"@id\":\"https:\\\/\\\/secure.gravatar.com\\\/avatar\\\/78a7f90c01fc2bfc875782a0d4922b37cde2cf184ce347b91316d23cd7f69a36?s=96&d=mm&r=g\",\"url\":\"https:\\\/\\\/secure.gravatar.com\\\/avatar\\\/78a7f90c01fc2bfc875782a0d4922b37cde2cf184ce347b91316d23cd7f69a36?s=96&d=mm&r=g\",\"contentUrl\":\"https:\\\/\\\/secure.gravatar.com\\\/avatar\\\/78a7f90c01fc2bfc875782a0d4922b37cde2cf184ce347b91316d23cd7f69a36?s=96&d=mm&r=g\",\"caption\":\"galledia\"},\"sameAs\":[\"https:\\\/\\\/x.com\\\/admin\"],\"url\":\"https:\\\/\\\/www.organisator.ch\\\/en\\\/author\\\/galledia\\\/\"}]}<\/script>\n<!-- \/ Yoast SEO plugin. -->","yoast_head_json":{"title":"SBB's Interrail campaign wins Rail Tourism Award - Organizer","description":"SBB unites package tourists and individual travelers in new Interrail campaign and wins the Rail Tourism Award.","robots":{"index":"index","follow":"follow","max-snippet":"max-snippet:-1","max-image-preview":"max-image-preview:large","max-video-preview":"max-video-preview:-1"},"canonical":"https:\/\/www.organisator.ch\/en\/marketing\/2024-11-29\/interrail-kampagne-der-sbb-mit-rail-tourism-award-ausgezeichnet\/","og_locale":"en_US","og_type":"article","og_title":"Interrail-Kampagne der SBB mit Rail Tourism Award ausgezeichnet - Organisator","og_description":"SBB vereint Pauschaltourist:innen und Individualreisende in neuer Interrail-Kampagne und gewinnt den Rail Tourism Award.","og_url":"https:\/\/www.organisator.ch\/en\/marketing\/2024-11-29\/interrail-kampagne-der-sbb-mit-rail-tourism-award-ausgezeichnet\/","og_site_name":"Organisator","article_publisher":"https:\/\/www.facebook.com\/OrganisatorFachmagazin","article_published_time":"2024-11-29T12:34:58+00:00","article_modified_time":"2024-12-02T06:44:45+00:00","author":"galledia","twitter_card":"summary_large_image","twitter_creator":"@admin","schema":{"@context":"https:\/\/schema.org","@graph":[{"@type":"Article","@id":"https:\/\/www.organisator.ch\/marketing\/2024-11-29\/interrail-kampagne-der-sbb-mit-rail-tourism-award-ausgezeichnet\/#article","isPartOf":{"@id":"https:\/\/www.organisator.ch\/marketing\/2024-11-29\/interrail-kampagne-der-sbb-mit-rail-tourism-award-ausgezeichnet\/"},"author":{"name":"galledia","@id":"https:\/\/www.organisator.ch\/#\/schema\/person\/4e51799071cd2dd1232ac003643ef5f0"},"headline":"Interrail-Kampagne der SBB mit Rail Tourism Award ausgezeichnet","datePublished":"2024-11-29T12:34:58+00:00","dateModified":"2024-12-02T06:44:45+00:00","mainEntityOfPage":{"@id":"https:\/\/www.organisator.ch\/marketing\/2024-11-29\/interrail-kampagne-der-sbb-mit-rail-tourism-award-ausgezeichnet\/"},"wordCount":110,"publisher":{"@id":"https:\/\/www.organisator.ch\/#organization"},"image":{"@id":"https:\/\/www.organisator.ch\/marketing\/2024-11-29\/interrail-kampagne-der-sbb-mit-rail-tourism-award-ausgezeichnet\/#primaryimage"},"thumbnailUrl":"https:\/\/www.markt-kom.com\/wp-content\/uploads\/2024\/11\/GB-IPV-03745-quer.jpg","keywords":["Awards","\u00d6V","SBB","Tourismus"],"articleSection":["MARKETING"],"inLanguage":"en-US"},{"@type":"WebPage","@id":"https:\/\/www.organisator.ch\/marketing\/2024-11-29\/interrail-kampagne-der-sbb-mit-rail-tourism-award-ausgezeichnet\/","url":"https:\/\/www.organisator.ch\/marketing\/2024-11-29\/interrail-kampagne-der-sbb-mit-rail-tourism-award-ausgezeichnet\/","name":"SBB's Interrail campaign wins Rail Tourism Award - Organizer","isPartOf":{"@id":"https:\/\/www.organisator.ch\/#website"},"primaryImageOfPage":{"@id":"https:\/\/www.organisator.ch\/marketing\/2024-11-29\/interrail-kampagne-der-sbb-mit-rail-tourism-award-ausgezeichnet\/#primaryimage"},"image":{"@id":"https:\/\/www.organisator.ch\/marketing\/2024-11-29\/interrail-kampagne-der-sbb-mit-rail-tourism-award-ausgezeichnet\/#primaryimage"},"thumbnailUrl":"https:\/\/www.markt-kom.com\/wp-content\/uploads\/2024\/11\/GB-IPV-03745-quer.jpg","datePublished":"2024-11-29T12:34:58+00:00","dateModified":"2024-12-02T06:44:45+00:00","description":"SBB unites package tourists and individual travelers in new Interrail campaign and wins the Rail Tourism Award.","breadcrumb":{"@id":"https:\/\/www.organisator.ch\/marketing\/2024-11-29\/interrail-kampagne-der-sbb-mit-rail-tourism-award-ausgezeichnet\/#breadcrumb"},"inLanguage":"en-US","potentialAction":[{"@type":"ReadAction","target":["https:\/\/www.organisator.ch\/marketing\/2024-11-29\/interrail-kampagne-der-sbb-mit-rail-tourism-award-ausgezeichnet\/"]}]},{"@type":"ImageObject","inLanguage":"en-US","@id":"https:\/\/www.organisator.ch\/marketing\/2024-11-29\/interrail-kampagne-der-sbb-mit-rail-tourism-award-ausgezeichnet\/#primaryimage","url":"https:\/\/www.markt-kom.com\/wp-content\/uploads\/2024\/11\/GB-IPV-03745-quer.jpg","contentUrl":"https:\/\/www.markt-kom.com\/wp-content\/uploads\/2024\/11\/GB-IPV-03745-quer.jpg"},{"@type":"BreadcrumbList","@id":"https:\/\/www.organisator.ch\/marketing\/2024-11-29\/interrail-kampagne-der-sbb-mit-rail-tourism-award-ausgezeichnet\/#breadcrumb","itemListElement":[{"@type":"ListItem","position":1,"name":"Home","item":"https:\/\/www.organisator.ch\/"},{"@type":"ListItem","position":2,"name":"Interrail-Kampagne der SBB mit Rail Tourism Award ausgezeichnet"}]},{"@type":"WebSite","@id":"https:\/\/www.organisator.ch\/#website","url":"https:\/\/www.organisator.ch\/","name":"Organizer","description":"Competent. Practical. In 10 issues per year, ORGANISATOR presents the essential topics for managers of SMEs.","publisher":{"@id":"https:\/\/www.organisator.ch\/#organization"},"potentialAction":[{"@type":"SearchAction","target":{"@type":"EntryPoint","urlTemplate":"https:\/\/www.organisator.ch\/?s={search_term_string}"},"query-input":{"@type":"PropertyValueSpecification","valueRequired":true,"valueName":"search_term_string"}}],"inLanguage":"en-US"},{"@type":"Organization","@id":"https:\/\/www.organisator.ch\/#organization","name":"Organizer","url":"https:\/\/www.organisator.ch\/","logo":{"@type":"ImageObject","inLanguage":"en-US","@id":"https:\/\/www.organisator.ch\/#\/schema\/logo\/image\/","url":"https:\/\/www.organisator.ch\/wp-content\/uploads\/2022\/01\/Logo_Organisator_Website.png","contentUrl":"https:\/\/www.organisator.ch\/wp-content\/uploads\/2022\/01\/Logo_Organisator_Website.png","width":800,"height":77,"caption":"Organisator"},"image":{"@id":"https:\/\/www.organisator.ch\/#\/schema\/logo\/image\/"},"sameAs":["https:\/\/www.facebook.com\/OrganisatorFachmagazin","https:\/\/www.linkedin.com\/showcase\/organisator-das-magazin-fr-kmu","https:\/\/www.xing.com\/news\/pages\/organisator-ch-695","https:\/\/www.youtube.com\/channel\/UCGP2Sq0iWaZwT3BdIAQFYpw"]},{"@type":"Person","@id":"https:\/\/www.organisator.ch\/#\/schema\/person\/4e51799071cd2dd1232ac003643ef5f0","name":"galledia","image":{"@type":"ImageObject","inLanguage":"en-US","@id":"https:\/\/secure.gravatar.com\/avatar\/78a7f90c01fc2bfc875782a0d4922b37cde2cf184ce347b91316d23cd7f69a36?s=96&d=mm&r=g","url":"https:\/\/secure.gravatar.com\/avatar\/78a7f90c01fc2bfc875782a0d4922b37cde2cf184ce347b91316d23cd7f69a36?s=96&d=mm&r=g","contentUrl":"https:\/\/secure.gravatar.com\/avatar\/78a7f90c01fc2bfc875782a0d4922b37cde2cf184ce347b91316d23cd7f69a36?s=96&d=mm&r=g","caption":"galledia"},"sameAs":["https:\/\/x.com\/admin"],"url":"https:\/\/www.organisator.ch\/en\/author\/galledia\/"}]}},"_links":{"self":[{"href":"https:\/\/www.organisator.ch\/en\/wp-json\/wp\/v2\/posts\/34169","targetHints":{"allow":["GET"]}}],"collection":[{"href":"https:\/\/www.organisator.ch\/en\/wp-json\/wp\/v2\/posts"}],"about":[{"href":"https:\/\/www.organisator.ch\/en\/wp-json\/wp\/v2\/types\/post"}],"author":[{"embeddable":true,"href":"https:\/\/www.organisator.ch\/en\/wp-json\/wp\/v2\/users\/8"}],"replies":[{"embeddable":true,"href":"https:\/\/www.organisator.ch\/en\/wp-json\/wp\/v2\/comments?post=34169"}],"version-history":[{"count":7,"href":"https:\/\/www.organisator.ch\/en\/wp-json\/wp\/v2\/posts\/34169\/revisions"}],"predecessor-version":[{"id":34184,"href":"https:\/\/www.organisator.ch\/en\/wp-json\/wp\/v2\/posts\/34169\/revisions\/34184"}],"wp:attachment":[{"href":"https:\/\/www.organisator.ch\/en\/wp-json\/wp\/v2\/media?parent=34169"}],"wp:term":[{"taxonomy":"category","embeddable":true,"href":"https:\/\/www.organisator.ch\/en\/wp-json\/wp\/v2\/categories?post=34169"},{"taxonomy":"post_tag","embeddable":true,"href":"https:\/\/www.organisator.ch\/en\/wp-json\/wp\/v2\/tags?post=34169"}],"curies":[{"name":"wp","href":"https:\/\/api.w.org\/{rel}","templated":true}]}}