{"id":34176,"date":"2024-12-01T17:22:23","date_gmt":"2024-12-01T16:22:23","guid":{"rendered":"https:\/\/www.markt-kom.com\/?p=227416"},"modified":"2024-12-02T07:41:19","modified_gmt":"2024-12-02T06:41:19","slug":"seraina-rohrer-und-david-schaerer-neu-im-vr-des-schauspielhaus-zuerich-2","status":"publish","type":"post","link":"https:\/\/www.organisator.ch\/en\/marketing\/2024-12-01\/seraina-rohrer-und-david-schaerer-neu-im-vr-des-schauspielhaus-zuerich-2\/","title":{"rendered":"Seraina Rohrer and David Sch\u00e4rer new members of the Board of Directors of Schauspielhaus Z\u00fcrich"},"content":{"rendered":"<figure id=\"attachment_227417\" class=\"wp-caption aligncenter\" style=\"width: 1024px;\" aria-describedby=\"caption-attachment-227417\"><img class=\"size-full wp-image-227417\" src=\"https:\/\/www.markt-kom.com\/wp-content\/uploads\/2024\/12\/david_seraina_VR-schauspielhauszh.png\" sizes=\"(max-width: 1024px) 100vw, 1024px\" srcset=\"https:\/\/www.markt-kom.com\/wp-content\/uploads\/2024\/12\/david_seraina_VR-schauspielhauszh.png 1024w, https:\/\/www.markt-kom.com\/wp-content\/uploads\/2024\/12\/david_seraina_VR-schauspielhauszh-600x413.png 600w, https:\/\/www.markt-kom.com\/wp-content\/uploads\/2024\/12\/david_seraina_VR-schauspielhauszh-768x528.png 768w, https:\/\/www.markt-kom.com\/wp-content\/uploads\/2024\/12\/david_seraina_VR-schauspielhauszh-18x12.png 18w, https:\/\/www.markt-kom.com\/wp-content\/uploads\/2024\/12\/david_seraina_VR-schauspielhauszh-255x175.png 255w, https:\/\/www.markt-kom.com\/wp-content\/uploads\/2024\/12\/david_seraina_VR-schauspielhauszh-509x350.png 509w, https:\/\/www.markt-kom.com\/wp-content\/uploads\/2024\/12\/david_seraina_VR-schauspielhauszh-1000x688.png 1000w\" alt=\"\" width=\"1024\" height=\"704\" \/>\r\n<figcaption id=\"caption-attachment-227417\" class=\"wp-caption-text\">(Image: Schauspielhaus.ch)<\/figcaption>\r\n<\/figure>\r\n<p>Seraina Rohrer, who holds a doctorate in journalism and film studies, took up her position as Head of the Canton of Zurich's Department of Culture in mid-August 2024, succeeding her predecessor Madeleine Herzog as the canton's representative on the Board of Directors of Schauspielhaus Z\u00fcrich AG. As a profound expert on the local cultural landscape, Rohrer has developed a Master's program in film for various universities and universities of applied sciences, worked as a curator, lecturer, foundation board member and columnist, was director of the Solothurn Film Festival and headed the Innovation and Society division at the Swiss Arts Council Pro Helvetia.<\/p>\r\n<p>David Sch\u00e4rer will join the Board of Directors on January 1, 2025 as the city's deputy and successor to Urs Spinner. The former \"Advertiser of the Year 2021\/22\" has over 25 years of experience in the areas of corporate management and development, strategic communication and stakeholder management and, thanks to his previous work in the media office of Theater Basel, also knows what goes on behind the scenes at a theater. After holding various management positions on both the agency and corporate side (most recently as CMO of Breitling), David Sch\u00e4rer founded his own agency in fall 2024, focusing on campaigning, reputation management and advisory services <em><a href=\"https:\/\/www.markt-kom.com\/de\/work-life\/jobchange\/werber-des-jahres-david-schaerer-gruendet-eigene-agentur\/\" rel=\"noopener\">(Markt-kom.com reported)<\/a><\/em>.<\/p>","protected":false},"excerpt":{"rendered":"<p>Seraina Rohrer and David Sch\u00e4rer have joined the Board of Directors of Schauspielhaus Z\u00fcrich. They succeed Madeleine Herzog and Urs Spinner.<\/p>","protected":false},"author":8,"featured_media":0,"comment_status":"closed","ping_status":"closed","sticky":false,"template":"","format":"standard","meta":{"_acf_changed":false,"_yoast_wpseo_focuskw":"Schauspielhaus Z\u00fcrich","_yoast_wpseo_metadesc":"Seraina Rohrer und David Sch\u00e4rer treten neu in den Verwaltungsrat des Schauspielhaus Z\u00fcrich ein und folgen auf Herzog und Spinner.","articlekey":"","footnotes":""},"categories":[29],"tags":[4869,2853,4343],"class_list":["post-34176","post","type-post","status-publish","format-standard","hentry","category-marketing","tag-david-schaerer","tag-jobchange","tag-markom"],"acf":[],"yoast_head":"<!-- This site is optimized with the Yoast SEO plugin v27.5 - https:\/\/yoast.com\/product\/yoast-seo-wordpress\/ -->\n<title>Seraina Rohrer und David Sch\u00e4rer neu im VR des Schauspielhaus Z\u00fcrich - Organisator<\/title>\n<meta name=\"description\" content=\"Seraina Rohrer und David Sch\u00e4rer treten neu in den Verwaltungsrat des Schauspielhaus Z\u00fcrich ein und folgen auf Herzog und Spinner.\" \/>\n<meta name=\"robots\" content=\"index, follow, max-snippet:-1, max-image-preview:large, max-video-preview:-1\" \/>\n<link rel=\"canonical\" href=\"https:\/\/www.organisator.ch\/en\/marketing\/2024-12-01\/seraina-rohrer-und-david-schaerer-neu-im-vr-des-schauspielhaus-zuerich-2\/\" \/>\n<meta property=\"og:locale\" content=\"en_US\" \/>\n<meta property=\"og:type\" content=\"article\" \/>\n<meta property=\"og:title\" content=\"Seraina Rohrer und David Sch\u00e4rer neu im VR des Schauspielhaus Z\u00fcrich - Organisator\" \/>\n<meta property=\"og:description\" content=\"Seraina Rohrer und David Sch\u00e4rer treten neu in den Verwaltungsrat des Schauspielhaus Z\u00fcrich ein und folgen auf Herzog und Spinner.\" \/>\n<meta property=\"og:url\" content=\"https:\/\/www.organisator.ch\/en\/marketing\/2024-12-01\/seraina-rohrer-und-david-schaerer-neu-im-vr-des-schauspielhaus-zuerich-2\/\" \/>\n<meta property=\"og:site_name\" content=\"Organisator\" \/>\n<meta property=\"article:publisher\" content=\"https:\/\/www.facebook.com\/OrganisatorFachmagazin\" \/>\n<meta property=\"article:published_time\" content=\"2024-12-01T16:22:23+00:00\" \/>\n<meta property=\"article:modified_time\" content=\"2024-12-02T06:41:19+00:00\" \/>\n<meta name=\"author\" content=\"galledia\" \/>\n<meta name=\"twitter:card\" content=\"summary_large_image\" \/>\n<meta name=\"twitter:creator\" content=\"@admin\" \/>\n<script type=\"application\/ld+json\" class=\"yoast-schema-graph\">{\"@context\":\"https:\\\/\\\/schema.org\",\"@graph\":[{\"@type\":\"Article\",\"@id\":\"https:\\\/\\\/www.organisator.ch\\\/marketing\\\/2024-12-01\\\/seraina-rohrer-und-david-schaerer-neu-im-vr-des-schauspielhaus-zuerich-2\\\/#article\",\"isPartOf\":{\"@id\":\"https:\\\/\\\/www.organisator.ch\\\/marketing\\\/2024-12-01\\\/seraina-rohrer-und-david-schaerer-neu-im-vr-des-schauspielhaus-zuerich-2\\\/\"},\"author\":{\"name\":\"galledia\",\"@id\":\"https:\\\/\\\/www.organisator.ch\\\/#\\\/schema\\\/person\\\/4e51799071cd2dd1232ac003643ef5f0\"},\"headline\":\"Seraina Rohrer und David Sch\u00e4rer neu im VR des Schauspielhaus Z\u00fcrich\",\"datePublished\":\"2024-12-01T16:22:23+00:00\",\"dateModified\":\"2024-12-02T06:41:19+00:00\",\"mainEntityOfPage\":{\"@id\":\"https:\\\/\\\/www.organisator.ch\\\/marketing\\\/2024-12-01\\\/seraina-rohrer-und-david-schaerer-neu-im-vr-des-schauspielhaus-zuerich-2\\\/\"},\"wordCount\":204,\"publisher\":{\"@id\":\"https:\\\/\\\/www.organisator.ch\\\/#organization\"},\"image\":{\"@id\":\"https:\\\/\\\/www.organisator.ch\\\/marketing\\\/2024-12-01\\\/seraina-rohrer-und-david-schaerer-neu-im-vr-des-schauspielhaus-zuerich-2\\\/#primaryimage\"},\"thumbnailUrl\":\"https:\\\/\\\/www.markt-kom.com\\\/wp-content\\\/uploads\\\/2024\\\/12\\\/david_seraina_VR-schauspielhauszh.png\",\"keywords\":[\"David Sch\u00e4rer\",\"Jobchange\",\"MarKom\"],\"articleSection\":[\"MARKETING\"],\"inLanguage\":\"en-US\"},{\"@type\":\"WebPage\",\"@id\":\"https:\\\/\\\/www.organisator.ch\\\/marketing\\\/2024-12-01\\\/seraina-rohrer-und-david-schaerer-neu-im-vr-des-schauspielhaus-zuerich-2\\\/\",\"url\":\"https:\\\/\\\/www.organisator.ch\\\/marketing\\\/2024-12-01\\\/seraina-rohrer-und-david-schaerer-neu-im-vr-des-schauspielhaus-zuerich-2\\\/\",\"name\":\"Seraina Rohrer und David Sch\u00e4rer neu im VR des Schauspielhaus Z\u00fcrich - Organisator\",\"isPartOf\":{\"@id\":\"https:\\\/\\\/www.organisator.ch\\\/#website\"},\"primaryImageOfPage\":{\"@id\":\"https:\\\/\\\/www.organisator.ch\\\/marketing\\\/2024-12-01\\\/seraina-rohrer-und-david-schaerer-neu-im-vr-des-schauspielhaus-zuerich-2\\\/#primaryimage\"},\"image\":{\"@id\":\"https:\\\/\\\/www.organisator.ch\\\/marketing\\\/2024-12-01\\\/seraina-rohrer-und-david-schaerer-neu-im-vr-des-schauspielhaus-zuerich-2\\\/#primaryimage\"},\"thumbnailUrl\":\"https:\\\/\\\/www.markt-kom.com\\\/wp-content\\\/uploads\\\/2024\\\/12\\\/david_seraina_VR-schauspielhauszh.png\",\"datePublished\":\"2024-12-01T16:22:23+00:00\",\"dateModified\":\"2024-12-02T06:41:19+00:00\",\"description\":\"Seraina Rohrer und David Sch\u00e4rer treten neu in den Verwaltungsrat des Schauspielhaus Z\u00fcrich ein und folgen auf Herzog und Spinner.\",\"breadcrumb\":{\"@id\":\"https:\\\/\\\/www.organisator.ch\\\/marketing\\\/2024-12-01\\\/seraina-rohrer-und-david-schaerer-neu-im-vr-des-schauspielhaus-zuerich-2\\\/#breadcrumb\"},\"inLanguage\":\"en-US\",\"potentialAction\":[{\"@type\":\"ReadAction\",\"target\":[\"https:\\\/\\\/www.organisator.ch\\\/marketing\\\/2024-12-01\\\/seraina-rohrer-und-david-schaerer-neu-im-vr-des-schauspielhaus-zuerich-2\\\/\"]}]},{\"@type\":\"ImageObject\",\"inLanguage\":\"en-US\",\"@id\":\"https:\\\/\\\/www.organisator.ch\\\/marketing\\\/2024-12-01\\\/seraina-rohrer-und-david-schaerer-neu-im-vr-des-schauspielhaus-zuerich-2\\\/#primaryimage\",\"url\":\"https:\\\/\\\/www.markt-kom.com\\\/wp-content\\\/uploads\\\/2024\\\/12\\\/david_seraina_VR-schauspielhauszh.png\",\"contentUrl\":\"https:\\\/\\\/www.markt-kom.com\\\/wp-content\\\/uploads\\\/2024\\\/12\\\/david_seraina_VR-schauspielhauszh.png\"},{\"@type\":\"BreadcrumbList\",\"@id\":\"https:\\\/\\\/www.organisator.ch\\\/marketing\\\/2024-12-01\\\/seraina-rohrer-und-david-schaerer-neu-im-vr-des-schauspielhaus-zuerich-2\\\/#breadcrumb\",\"itemListElement\":[{\"@type\":\"ListItem\",\"position\":1,\"name\":\"Home\",\"item\":\"https:\\\/\\\/www.organisator.ch\\\/\"},{\"@type\":\"ListItem\",\"position\":2,\"name\":\"Seraina Rohrer und David Sch\u00e4rer neu im VR des Schauspielhaus Z\u00fcrich\"}]},{\"@type\":\"WebSite\",\"@id\":\"https:\\\/\\\/www.organisator.ch\\\/#website\",\"url\":\"https:\\\/\\\/www.organisator.ch\\\/\",\"name\":\"Organisator\",\"description\":\"Kompetent. Praxisnah. Der ORGANISATOR bereitet in 10 Ausgaben pro Jahr die wesentlichen Themen f\u00fcr F\u00fchrungskr\u00e4fte von KMU auf.\",\"publisher\":{\"@id\":\"https:\\\/\\\/www.organisator.ch\\\/#organization\"},\"potentialAction\":[{\"@type\":\"SearchAction\",\"target\":{\"@type\":\"EntryPoint\",\"urlTemplate\":\"https:\\\/\\\/www.organisator.ch\\\/?s={search_term_string}\"},\"query-input\":{\"@type\":\"PropertyValueSpecification\",\"valueRequired\":true,\"valueName\":\"search_term_string\"}}],\"inLanguage\":\"en-US\"},{\"@type\":\"Organization\",\"@id\":\"https:\\\/\\\/www.organisator.ch\\\/#organization\",\"name\":\"Organisator\",\"url\":\"https:\\\/\\\/www.organisator.ch\\\/\",\"logo\":{\"@type\":\"ImageObject\",\"inLanguage\":\"en-US\",\"@id\":\"https:\\\/\\\/www.organisator.ch\\\/#\\\/schema\\\/logo\\\/image\\\/\",\"url\":\"https:\\\/\\\/www.organisator.ch\\\/wp-content\\\/uploads\\\/2022\\\/01\\\/Logo_Organisator_Website.png\",\"contentUrl\":\"https:\\\/\\\/www.organisator.ch\\\/wp-content\\\/uploads\\\/2022\\\/01\\\/Logo_Organisator_Website.png\",\"width\":800,\"height\":77,\"caption\":\"Organisator\"},\"image\":{\"@id\":\"https:\\\/\\\/www.organisator.ch\\\/#\\\/schema\\\/logo\\\/image\\\/\"},\"sameAs\":[\"https:\\\/\\\/www.facebook.com\\\/OrganisatorFachmagazin\",\"https:\\\/\\\/www.linkedin.com\\\/showcase\\\/organisator-das-magazin-fr-kmu\",\"https:\\\/\\\/www.xing.com\\\/news\\\/pages\\\/organisator-ch-695\",\"https:\\\/\\\/www.youtube.com\\\/channel\\\/UCGP2Sq0iWaZwT3BdIAQFYpw\"]},{\"@type\":\"Person\",\"@id\":\"https:\\\/\\\/www.organisator.ch\\\/#\\\/schema\\\/person\\\/4e51799071cd2dd1232ac003643ef5f0\",\"name\":\"galledia\",\"image\":{\"@type\":\"ImageObject\",\"inLanguage\":\"en-US\",\"@id\":\"https:\\\/\\\/secure.gravatar.com\\\/avatar\\\/78a7f90c01fc2bfc875782a0d4922b37cde2cf184ce347b91316d23cd7f69a36?s=96&d=mm&r=g\",\"url\":\"https:\\\/\\\/secure.gravatar.com\\\/avatar\\\/78a7f90c01fc2bfc875782a0d4922b37cde2cf184ce347b91316d23cd7f69a36?s=96&d=mm&r=g\",\"contentUrl\":\"https:\\\/\\\/secure.gravatar.com\\\/avatar\\\/78a7f90c01fc2bfc875782a0d4922b37cde2cf184ce347b91316d23cd7f69a36?s=96&d=mm&r=g\",\"caption\":\"galledia\"},\"sameAs\":[\"https:\\\/\\\/x.com\\\/admin\"],\"url\":\"https:\\\/\\\/www.organisator.ch\\\/en\\\/author\\\/galledia\\\/\"}]}<\/script>\n<!-- \/ Yoast SEO plugin. -->","yoast_head_json":{"title":"Seraina Rohrer and David Sch\u00e4rer new members of the Board of Directors of Schauspielhaus Z\u00fcrich - Organizer","description":"Seraina Rohrer and David Sch\u00e4rer join the Board of Directors of Schauspielhaus Z\u00fcrich, succeeding Herzog and Spinner.","robots":{"index":"index","follow":"follow","max-snippet":"max-snippet:-1","max-image-preview":"max-image-preview:large","max-video-preview":"max-video-preview:-1"},"canonical":"https:\/\/www.organisator.ch\/en\/marketing\/2024-12-01\/seraina-rohrer-und-david-schaerer-neu-im-vr-des-schauspielhaus-zuerich-2\/","og_locale":"en_US","og_type":"article","og_title":"Seraina Rohrer und David Sch\u00e4rer neu im VR des Schauspielhaus Z\u00fcrich - Organisator","og_description":"Seraina Rohrer und David Sch\u00e4rer treten neu in den Verwaltungsrat des Schauspielhaus Z\u00fcrich ein und folgen auf Herzog und Spinner.","og_url":"https:\/\/www.organisator.ch\/en\/marketing\/2024-12-01\/seraina-rohrer-und-david-schaerer-neu-im-vr-des-schauspielhaus-zuerich-2\/","og_site_name":"Organisator","article_publisher":"https:\/\/www.facebook.com\/OrganisatorFachmagazin","article_published_time":"2024-12-01T16:22:23+00:00","article_modified_time":"2024-12-02T06:41:19+00:00","author":"galledia","twitter_card":"summary_large_image","twitter_creator":"@admin","schema":{"@context":"https:\/\/schema.org","@graph":[{"@type":"Article","@id":"https:\/\/www.organisator.ch\/marketing\/2024-12-01\/seraina-rohrer-und-david-schaerer-neu-im-vr-des-schauspielhaus-zuerich-2\/#article","isPartOf":{"@id":"https:\/\/www.organisator.ch\/marketing\/2024-12-01\/seraina-rohrer-und-david-schaerer-neu-im-vr-des-schauspielhaus-zuerich-2\/"},"author":{"name":"galledia","@id":"https:\/\/www.organisator.ch\/#\/schema\/person\/4e51799071cd2dd1232ac003643ef5f0"},"headline":"Seraina Rohrer und David Sch\u00e4rer neu im VR des Schauspielhaus Z\u00fcrich","datePublished":"2024-12-01T16:22:23+00:00","dateModified":"2024-12-02T06:41:19+00:00","mainEntityOfPage":{"@id":"https:\/\/www.organisator.ch\/marketing\/2024-12-01\/seraina-rohrer-und-david-schaerer-neu-im-vr-des-schauspielhaus-zuerich-2\/"},"wordCount":204,"publisher":{"@id":"https:\/\/www.organisator.ch\/#organization"},"image":{"@id":"https:\/\/www.organisator.ch\/marketing\/2024-12-01\/seraina-rohrer-und-david-schaerer-neu-im-vr-des-schauspielhaus-zuerich-2\/#primaryimage"},"thumbnailUrl":"https:\/\/www.markt-kom.com\/wp-content\/uploads\/2024\/12\/david_seraina_VR-schauspielhauszh.png","keywords":["David Sch\u00e4rer","Jobchange","MarKom"],"articleSection":["MARKETING"],"inLanguage":"en-US"},{"@type":"WebPage","@id":"https:\/\/www.organisator.ch\/marketing\/2024-12-01\/seraina-rohrer-und-david-schaerer-neu-im-vr-des-schauspielhaus-zuerich-2\/","url":"https:\/\/www.organisator.ch\/marketing\/2024-12-01\/seraina-rohrer-und-david-schaerer-neu-im-vr-des-schauspielhaus-zuerich-2\/","name":"Seraina Rohrer and David Sch\u00e4rer new members of the Board of Directors of Schauspielhaus Z\u00fcrich - Organizer","isPartOf":{"@id":"https:\/\/www.organisator.ch\/#website"},"primaryImageOfPage":{"@id":"https:\/\/www.organisator.ch\/marketing\/2024-12-01\/seraina-rohrer-und-david-schaerer-neu-im-vr-des-schauspielhaus-zuerich-2\/#primaryimage"},"image":{"@id":"https:\/\/www.organisator.ch\/marketing\/2024-12-01\/seraina-rohrer-und-david-schaerer-neu-im-vr-des-schauspielhaus-zuerich-2\/#primaryimage"},"thumbnailUrl":"https:\/\/www.markt-kom.com\/wp-content\/uploads\/2024\/12\/david_seraina_VR-schauspielhauszh.png","datePublished":"2024-12-01T16:22:23+00:00","dateModified":"2024-12-02T06:41:19+00:00","description":"Seraina Rohrer and David Sch\u00e4rer join the Board of Directors of Schauspielhaus Z\u00fcrich, succeeding Herzog and Spinner.","breadcrumb":{"@id":"https:\/\/www.organisator.ch\/marketing\/2024-12-01\/seraina-rohrer-und-david-schaerer-neu-im-vr-des-schauspielhaus-zuerich-2\/#breadcrumb"},"inLanguage":"en-US","potentialAction":[{"@type":"ReadAction","target":["https:\/\/www.organisator.ch\/marketing\/2024-12-01\/seraina-rohrer-und-david-schaerer-neu-im-vr-des-schauspielhaus-zuerich-2\/"]}]},{"@type":"ImageObject","inLanguage":"en-US","@id":"https:\/\/www.organisator.ch\/marketing\/2024-12-01\/seraina-rohrer-und-david-schaerer-neu-im-vr-des-schauspielhaus-zuerich-2\/#primaryimage","url":"https:\/\/www.markt-kom.com\/wp-content\/uploads\/2024\/12\/david_seraina_VR-schauspielhauszh.png","contentUrl":"https:\/\/www.markt-kom.com\/wp-content\/uploads\/2024\/12\/david_seraina_VR-schauspielhauszh.png"},{"@type":"BreadcrumbList","@id":"https:\/\/www.organisator.ch\/marketing\/2024-12-01\/seraina-rohrer-und-david-schaerer-neu-im-vr-des-schauspielhaus-zuerich-2\/#breadcrumb","itemListElement":[{"@type":"ListItem","position":1,"name":"Home","item":"https:\/\/www.organisator.ch\/"},{"@type":"ListItem","position":2,"name":"Seraina Rohrer und David Sch\u00e4rer neu im VR des Schauspielhaus Z\u00fcrich"}]},{"@type":"WebSite","@id":"https:\/\/www.organisator.ch\/#website","url":"https:\/\/www.organisator.ch\/","name":"Organizer","description":"Competent. Practical. In 10 issues per year, ORGANISATOR presents the essential topics for managers of SMEs.","publisher":{"@id":"https:\/\/www.organisator.ch\/#organization"},"potentialAction":[{"@type":"SearchAction","target":{"@type":"EntryPoint","urlTemplate":"https:\/\/www.organisator.ch\/?s={search_term_string}"},"query-input":{"@type":"PropertyValueSpecification","valueRequired":true,"valueName":"search_term_string"}}],"inLanguage":"en-US"},{"@type":"Organization","@id":"https:\/\/www.organisator.ch\/#organization","name":"Organizer","url":"https:\/\/www.organisator.ch\/","logo":{"@type":"ImageObject","inLanguage":"en-US","@id":"https:\/\/www.organisator.ch\/#\/schema\/logo\/image\/","url":"https:\/\/www.organisator.ch\/wp-content\/uploads\/2022\/01\/Logo_Organisator_Website.png","contentUrl":"https:\/\/www.organisator.ch\/wp-content\/uploads\/2022\/01\/Logo_Organisator_Website.png","width":800,"height":77,"caption":"Organisator"},"image":{"@id":"https:\/\/www.organisator.ch\/#\/schema\/logo\/image\/"},"sameAs":["https:\/\/www.facebook.com\/OrganisatorFachmagazin","https:\/\/www.linkedin.com\/showcase\/organisator-das-magazin-fr-kmu","https:\/\/www.xing.com\/news\/pages\/organisator-ch-695","https:\/\/www.youtube.com\/channel\/UCGP2Sq0iWaZwT3BdIAQFYpw"]},{"@type":"Person","@id":"https:\/\/www.organisator.ch\/#\/schema\/person\/4e51799071cd2dd1232ac003643ef5f0","name":"galledia","image":{"@type":"ImageObject","inLanguage":"en-US","@id":"https:\/\/secure.gravatar.com\/avatar\/78a7f90c01fc2bfc875782a0d4922b37cde2cf184ce347b91316d23cd7f69a36?s=96&d=mm&r=g","url":"https:\/\/secure.gravatar.com\/avatar\/78a7f90c01fc2bfc875782a0d4922b37cde2cf184ce347b91316d23cd7f69a36?s=96&d=mm&r=g","contentUrl":"https:\/\/secure.gravatar.com\/avatar\/78a7f90c01fc2bfc875782a0d4922b37cde2cf184ce347b91316d23cd7f69a36?s=96&d=mm&r=g","caption":"galledia"},"sameAs":["https:\/\/x.com\/admin"],"url":"https:\/\/www.organisator.ch\/en\/author\/galledia\/"}]}},"_links":{"self":[{"href":"https:\/\/www.organisator.ch\/en\/wp-json\/wp\/v2\/posts\/34176","targetHints":{"allow":["GET"]}}],"collection":[{"href":"https:\/\/www.organisator.ch\/en\/wp-json\/wp\/v2\/posts"}],"about":[{"href":"https:\/\/www.organisator.ch\/en\/wp-json\/wp\/v2\/types\/post"}],"author":[{"embeddable":true,"href":"https:\/\/www.organisator.ch\/en\/wp-json\/wp\/v2\/users\/8"}],"replies":[{"embeddable":true,"href":"https:\/\/www.organisator.ch\/en\/wp-json\/wp\/v2\/comments?post=34176"}],"version-history":[{"count":5,"href":"https:\/\/www.organisator.ch\/en\/wp-json\/wp\/v2\/posts\/34176\/revisions"}],"predecessor-version":[{"id":34183,"href":"https:\/\/www.organisator.ch\/en\/wp-json\/wp\/v2\/posts\/34176\/revisions\/34183"}],"wp:attachment":[{"href":"https:\/\/www.organisator.ch\/en\/wp-json\/wp\/v2\/media?parent=34176"}],"wp:term":[{"taxonomy":"category","embeddable":true,"href":"https:\/\/www.organisator.ch\/en\/wp-json\/wp\/v2\/categories?post=34176"},{"taxonomy":"post_tag","embeddable":true,"href":"https:\/\/www.organisator.ch\/en\/wp-json\/wp\/v2\/tags?post=34176"}],"curies":[{"name":"wp","href":"https:\/\/api.w.org\/{rel}","templated":true}]}}