{"id":34203,"date":"2024-12-06T03:00:43","date_gmt":"2024-12-06T02:00:43","guid":{"rendered":"https:\/\/www.organisator.ch\/de\/?p=34203"},"modified":"2024-12-03T14:08:56","modified_gmt":"2024-12-03T13:08:56","slug":"das-alleinstellungsmerkmal-gibt-es-meist-nicht","status":"publish","type":"post","link":"https:\/\/www.organisator.ch\/en\/abo\/2024-12-06\/das-alleinstellungsmerkmal-gibt-es-meist-nicht\/","title":{"rendered":"The unique selling point does not usually exist"},"content":{"rendered":"<div class=\"swpm-post-not-logged-in-msg\">You need to be logged in to view this content. Please <a class=\"swpm-login-link\" href=\"https:\/\/www.organisator.ch\/login\/\">Log In<\/a>. Not a Member? <a href=\"https:\/\/www.organisator.ch\/shop\/\">Join Us<\/a><\/div>","protected":false},"excerpt":{"rendered":"<p>Why should our target customers buy from us - and not from a competitor? Companies are often faced with this question when developing their marketing and sales strategy. They often find it difficult to answer this question because there is usually no USP or unique selling point for their organization or product.<\/p>","protected":false},"author":1,"featured_media":34202,"comment_status":"closed","ping_status":"closed","sticky":false,"template":"","format":"standard","meta":{"_acf_changed":false,"_yoast_wpseo_focuskw":"Alleinstellungsmerkmal","_yoast_wpseo_metadesc":"Entwickeln Sie \u00fcberzeugende Kaufargumente und einen USP, um Ihre Zielkunden von Ihrem Unternehmen zu \u00fcberzeugen.","articlekey":"130532","footnotes":""},"categories":[578,29],"tags":[4911,4912,4185,492,4200],"class_list":["post-34203","post","type-post","status-publish","format-standard","has-post-thumbnail","hentry","category-abo","category-marketing","tag-alleinstellungsmerkmal","tag-kaufargument","tag-marketingstrategie","tag-unternehmen","tag-usp"],"acf":[],"yoast_head":"<!-- This site is optimized with the Yoast SEO plugin v27.5 - https:\/\/yoast.com\/product\/yoast-seo-wordpress\/ -->\n<title>Das Alleinstellungsmerkmal gibt es meist nicht - Organisator<\/title>\n<meta name=\"description\" content=\"Entwickeln Sie \u00fcberzeugende Kaufargumente und einen USP, um Ihre Zielkunden von Ihrem Unternehmen zu \u00fcberzeugen.\" \/>\n<meta name=\"robots\" content=\"index, follow, max-snippet:-1, max-image-preview:large, max-video-preview:-1\" \/>\n<link rel=\"canonical\" href=\"https:\/\/www.organisator.ch\/en\/subscription\/2024-12-06\/das-alleinstellungsmerkmal-gibt-es-meist-nicht\/\" \/>\n<meta property=\"og:locale\" content=\"en_US\" \/>\n<meta property=\"og:type\" content=\"article\" \/>\n<meta property=\"og:title\" content=\"Das Alleinstellungsmerkmal gibt es meist nicht\" \/>\n<meta property=\"og:description\" content=\"Entwickeln Sie \u00fcberzeugende Kaufargumente und einen USP, um Ihre Zielkunden von Ihrem Unternehmen zu \u00fcberzeugen.\" \/>\n<meta property=\"og:url\" content=\"https:\/\/www.organisator.ch\/en\/subscription\/2024-12-06\/das-alleinstellungsmerkmal-gibt-es-meist-nicht\/\" \/>\n<meta property=\"og:site_name\" content=\"Organisator\" \/>\n<meta property=\"article:publisher\" content=\"https:\/\/www.facebook.com\/OrganisatorFachmagazin\" \/>\n<meta property=\"article:published_time\" content=\"2024-12-06T02:00:43+00:00\" \/>\n<meta property=\"og:image\" content=\"https:\/\/www.organisator.ch\/wp-content\/uploads\/2024\/12\/Marketing_Kuntz_Bild_organisator_130535-scaled-e1733230727149.jpg\" \/>\n\t<meta property=\"og:image:width\" content=\"1320\" \/>\n\t<meta property=\"og:image:height\" content=\"1000\" \/>\n\t<meta property=\"og:image:type\" content=\"image\/jpeg\" \/>\n<meta name=\"author\" content=\"admin\" \/>\n<meta name=\"twitter:card\" content=\"summary_large_image\" \/>\n<meta name=\"twitter:title\" content=\"Das Alleinstellungsmerkmal gibt es meist nicht\" \/>\n<meta name=\"twitter:description\" content=\"#Entwickeln Sie \u00fcberzeugende #Kaufargumente und einen #USP, um Ihre #Zielkunden von Ihrem #Unternehmen zu \u00fcberzeugen.\" \/>\n<meta name=\"twitter:image\" content=\"https:\/\/www.organisator.ch\/wp-content\/uploads\/2024\/12\/Marketing_Kuntz_Bild_organisator_130535-scaled-e1733230727149.jpg\" \/>\n<script type=\"application\/ld+json\" class=\"yoast-schema-graph\">{\"@context\":\"https:\\\/\\\/schema.org\",\"@graph\":[{\"@type\":\"Article\",\"@id\":\"https:\\\/\\\/www.organisator.ch\\\/abo\\\/2024-12-06\\\/das-alleinstellungsmerkmal-gibt-es-meist-nicht\\\/#article\",\"isPartOf\":{\"@id\":\"https:\\\/\\\/www.organisator.ch\\\/abo\\\/2024-12-06\\\/das-alleinstellungsmerkmal-gibt-es-meist-nicht\\\/\"},\"author\":{\"name\":\"admin\",\"@id\":\"https:\\\/\\\/www.organisator.ch\\\/#\\\/schema\\\/person\\\/aa2bace6c5c5aad60102004a50c4eb1c\"},\"headline\":\"Das Alleinstellungsmerkmal gibt es meist nicht\",\"datePublished\":\"2024-12-06T02:00:43+00:00\",\"mainEntityOfPage\":{\"@id\":\"https:\\\/\\\/www.organisator.ch\\\/abo\\\/2024-12-06\\\/das-alleinstellungsmerkmal-gibt-es-meist-nicht\\\/\"},\"wordCount\":1114,\"publisher\":{\"@id\":\"https:\\\/\\\/www.organisator.ch\\\/#organization\"},\"image\":{\"@id\":\"https:\\\/\\\/www.organisator.ch\\\/abo\\\/2024-12-06\\\/das-alleinstellungsmerkmal-gibt-es-meist-nicht\\\/#primaryimage\"},\"thumbnailUrl\":\"https:\\\/\\\/www.organisator.ch\\\/wp-content\\\/uploads\\\/2024\\\/12\\\/Marketing_Kuntz_Bild_organisator_130535-scaled-e1733230727149.jpg\",\"keywords\":[\"Alleinstellungsmerkmal\",\"Kaufargument\",\"Marketingstrategie\",\"Unternehmen\",\"USP\"],\"articleSection\":[\"ABO+\",\"MARKETING\"],\"inLanguage\":\"en-US\"},{\"@type\":\"WebPage\",\"@id\":\"https:\\\/\\\/www.organisator.ch\\\/abo\\\/2024-12-06\\\/das-alleinstellungsmerkmal-gibt-es-meist-nicht\\\/\",\"url\":\"https:\\\/\\\/www.organisator.ch\\\/abo\\\/2024-12-06\\\/das-alleinstellungsmerkmal-gibt-es-meist-nicht\\\/\",\"name\":\"Das Alleinstellungsmerkmal gibt es meist nicht - Organisator\",\"isPartOf\":{\"@id\":\"https:\\\/\\\/www.organisator.ch\\\/#website\"},\"primaryImageOfPage\":{\"@id\":\"https:\\\/\\\/www.organisator.ch\\\/abo\\\/2024-12-06\\\/das-alleinstellungsmerkmal-gibt-es-meist-nicht\\\/#primaryimage\"},\"image\":{\"@id\":\"https:\\\/\\\/www.organisator.ch\\\/abo\\\/2024-12-06\\\/das-alleinstellungsmerkmal-gibt-es-meist-nicht\\\/#primaryimage\"},\"thumbnailUrl\":\"https:\\\/\\\/www.organisator.ch\\\/wp-content\\\/uploads\\\/2024\\\/12\\\/Marketing_Kuntz_Bild_organisator_130535-scaled-e1733230727149.jpg\",\"datePublished\":\"2024-12-06T02:00:43+00:00\",\"description\":\"Entwickeln Sie \u00fcberzeugende Kaufargumente und einen USP, um Ihre Zielkunden von Ihrem Unternehmen zu \u00fcberzeugen.\",\"breadcrumb\":{\"@id\":\"https:\\\/\\\/www.organisator.ch\\\/abo\\\/2024-12-06\\\/das-alleinstellungsmerkmal-gibt-es-meist-nicht\\\/#breadcrumb\"},\"inLanguage\":\"en-US\",\"potentialAction\":[{\"@type\":\"ReadAction\",\"target\":[\"https:\\\/\\\/www.organisator.ch\\\/abo\\\/2024-12-06\\\/das-alleinstellungsmerkmal-gibt-es-meist-nicht\\\/\"]}]},{\"@type\":\"ImageObject\",\"inLanguage\":\"en-US\",\"@id\":\"https:\\\/\\\/www.organisator.ch\\\/abo\\\/2024-12-06\\\/das-alleinstellungsmerkmal-gibt-es-meist-nicht\\\/#primaryimage\",\"url\":\"https:\\\/\\\/www.organisator.ch\\\/wp-content\\\/uploads\\\/2024\\\/12\\\/Marketing_Kuntz_Bild_organisator_130535-scaled-e1733230727149.jpg\",\"contentUrl\":\"https:\\\/\\\/www.organisator.ch\\\/wp-content\\\/uploads\\\/2024\\\/12\\\/Marketing_Kuntz_Bild_organisator_130535-scaled-e1733230727149.jpg\",\"width\":1320,\"height\":1000,\"caption\":\"Wenn ein Produkt sich nur durch die Farbe unterscheidet: Gen\u00fcgt das als Alleinstellungsmerkmal? \u00a9 moderngolf \\\/ Depositphotos.com\"},{\"@type\":\"BreadcrumbList\",\"@id\":\"https:\\\/\\\/www.organisator.ch\\\/abo\\\/2024-12-06\\\/das-alleinstellungsmerkmal-gibt-es-meist-nicht\\\/#breadcrumb\",\"itemListElement\":[{\"@type\":\"ListItem\",\"position\":1,\"name\":\"Home\",\"item\":\"https:\\\/\\\/www.organisator.ch\\\/\"},{\"@type\":\"ListItem\",\"position\":2,\"name\":\"Das Alleinstellungsmerkmal gibt es meist nicht\"}]},{\"@type\":\"WebSite\",\"@id\":\"https:\\\/\\\/www.organisator.ch\\\/#website\",\"url\":\"https:\\\/\\\/www.organisator.ch\\\/\",\"name\":\"Organisator\",\"description\":\"Kompetent. Praxisnah. Der ORGANISATOR bereitet in 10 Ausgaben pro Jahr die wesentlichen Themen f\u00fcr F\u00fchrungskr\u00e4fte von KMU auf.\",\"publisher\":{\"@id\":\"https:\\\/\\\/www.organisator.ch\\\/#organization\"},\"potentialAction\":[{\"@type\":\"SearchAction\",\"target\":{\"@type\":\"EntryPoint\",\"urlTemplate\":\"https:\\\/\\\/www.organisator.ch\\\/?s={search_term_string}\"},\"query-input\":{\"@type\":\"PropertyValueSpecification\",\"valueRequired\":true,\"valueName\":\"search_term_string\"}}],\"inLanguage\":\"en-US\"},{\"@type\":\"Organization\",\"@id\":\"https:\\\/\\\/www.organisator.ch\\\/#organization\",\"name\":\"Organisator\",\"url\":\"https:\\\/\\\/www.organisator.ch\\\/\",\"logo\":{\"@type\":\"ImageObject\",\"inLanguage\":\"en-US\",\"@id\":\"https:\\\/\\\/www.organisator.ch\\\/#\\\/schema\\\/logo\\\/image\\\/\",\"url\":\"https:\\\/\\\/www.organisator.ch\\\/wp-content\\\/uploads\\\/2022\\\/01\\\/Logo_Organisator_Website.png\",\"contentUrl\":\"https:\\\/\\\/www.organisator.ch\\\/wp-content\\\/uploads\\\/2022\\\/01\\\/Logo_Organisator_Website.png\",\"width\":800,\"height\":77,\"caption\":\"Organisator\"},\"image\":{\"@id\":\"https:\\\/\\\/www.organisator.ch\\\/#\\\/schema\\\/logo\\\/image\\\/\"},\"sameAs\":[\"https:\\\/\\\/www.facebook.com\\\/OrganisatorFachmagazin\",\"https:\\\/\\\/www.linkedin.com\\\/showcase\\\/organisator-das-magazin-fr-kmu\",\"https:\\\/\\\/www.xing.com\\\/news\\\/pages\\\/organisator-ch-695\",\"https:\\\/\\\/www.youtube.com\\\/channel\\\/UCGP2Sq0iWaZwT3BdIAQFYpw\"]},{\"@type\":\"Person\",\"@id\":\"https:\\\/\\\/www.organisator.ch\\\/#\\\/schema\\\/person\\\/aa2bace6c5c5aad60102004a50c4eb1c\",\"name\":\"admin\",\"image\":{\"@type\":\"ImageObject\",\"inLanguage\":\"en-US\",\"@id\":\"https:\\\/\\\/secure.gravatar.com\\\/avatar\\\/ae2f4d718e6c49043e314ce431e7e645d646302a24a5ef5a8bc8e3f5a032e319?s=96&d=mm&r=g\",\"url\":\"https:\\\/\\\/secure.gravatar.com\\\/avatar\\\/ae2f4d718e6c49043e314ce431e7e645d646302a24a5ef5a8bc8e3f5a032e319?s=96&d=mm&r=g\",\"contentUrl\":\"https:\\\/\\\/secure.gravatar.com\\\/avatar\\\/ae2f4d718e6c49043e314ce431e7e645d646302a24a5ef5a8bc8e3f5a032e319?s=96&d=mm&r=g\",\"caption\":\"admin\"},\"sameAs\":[\"https:\\\/\\\/www.organisator.ch\"],\"url\":\"https:\\\/\\\/www.organisator.ch\\\/en\\\/author\\\/admin\\\/\"}]}<\/script>\n<!-- \/ Yoast SEO plugin. -->","yoast_head_json":{"title":"The unique selling point usually does not exist - organizer","description":"Develop convincing sales arguments and a USP to convince your target customers of your company.","robots":{"index":"index","follow":"follow","max-snippet":"max-snippet:-1","max-image-preview":"max-image-preview:large","max-video-preview":"max-video-preview:-1"},"canonical":"https:\/\/www.organisator.ch\/en\/subscription\/2024-12-06\/das-alleinstellungsmerkmal-gibt-es-meist-nicht\/","og_locale":"en_US","og_type":"article","og_title":"Das Alleinstellungsmerkmal gibt es meist nicht","og_description":"Entwickeln Sie \u00fcberzeugende Kaufargumente und einen USP, um Ihre Zielkunden von Ihrem Unternehmen zu \u00fcberzeugen.","og_url":"https:\/\/www.organisator.ch\/en\/subscription\/2024-12-06\/das-alleinstellungsmerkmal-gibt-es-meist-nicht\/","og_site_name":"Organisator","article_publisher":"https:\/\/www.facebook.com\/OrganisatorFachmagazin","article_published_time":"2024-12-06T02:00:43+00:00","og_image":[{"width":1320,"height":1000,"url":"https:\/\/www.organisator.ch\/wp-content\/uploads\/2024\/12\/Marketing_Kuntz_Bild_organisator_130535-scaled-e1733230727149.jpg","type":"image\/jpeg"}],"author":"admin","twitter_card":"summary_large_image","twitter_title":"Das Alleinstellungsmerkmal gibt es meist nicht","twitter_description":"#Entwickeln Sie \u00fcberzeugende #Kaufargumente und einen #USP, um Ihre #Zielkunden von Ihrem #Unternehmen zu \u00fcberzeugen.","twitter_image":"https:\/\/www.organisator.ch\/wp-content\/uploads\/2024\/12\/Marketing_Kuntz_Bild_organisator_130535-scaled-e1733230727149.jpg","schema":{"@context":"https:\/\/schema.org","@graph":[{"@type":"Article","@id":"https:\/\/www.organisator.ch\/abo\/2024-12-06\/das-alleinstellungsmerkmal-gibt-es-meist-nicht\/#article","isPartOf":{"@id":"https:\/\/www.organisator.ch\/abo\/2024-12-06\/das-alleinstellungsmerkmal-gibt-es-meist-nicht\/"},"author":{"name":"admin","@id":"https:\/\/www.organisator.ch\/#\/schema\/person\/aa2bace6c5c5aad60102004a50c4eb1c"},"headline":"Das Alleinstellungsmerkmal gibt es meist nicht","datePublished":"2024-12-06T02:00:43+00:00","mainEntityOfPage":{"@id":"https:\/\/www.organisator.ch\/abo\/2024-12-06\/das-alleinstellungsmerkmal-gibt-es-meist-nicht\/"},"wordCount":1114,"publisher":{"@id":"https:\/\/www.organisator.ch\/#organization"},"image":{"@id":"https:\/\/www.organisator.ch\/abo\/2024-12-06\/das-alleinstellungsmerkmal-gibt-es-meist-nicht\/#primaryimage"},"thumbnailUrl":"https:\/\/www.organisator.ch\/wp-content\/uploads\/2024\/12\/Marketing_Kuntz_Bild_organisator_130535-scaled-e1733230727149.jpg","keywords":["Alleinstellungsmerkmal","Kaufargument","Marketingstrategie","Unternehmen","USP"],"articleSection":["ABO+","MARKETING"],"inLanguage":"en-US"},{"@type":"WebPage","@id":"https:\/\/www.organisator.ch\/abo\/2024-12-06\/das-alleinstellungsmerkmal-gibt-es-meist-nicht\/","url":"https:\/\/www.organisator.ch\/abo\/2024-12-06\/das-alleinstellungsmerkmal-gibt-es-meist-nicht\/","name":"The unique selling point usually does not exist - organizer","isPartOf":{"@id":"https:\/\/www.organisator.ch\/#website"},"primaryImageOfPage":{"@id":"https:\/\/www.organisator.ch\/abo\/2024-12-06\/das-alleinstellungsmerkmal-gibt-es-meist-nicht\/#primaryimage"},"image":{"@id":"https:\/\/www.organisator.ch\/abo\/2024-12-06\/das-alleinstellungsmerkmal-gibt-es-meist-nicht\/#primaryimage"},"thumbnailUrl":"https:\/\/www.organisator.ch\/wp-content\/uploads\/2024\/12\/Marketing_Kuntz_Bild_organisator_130535-scaled-e1733230727149.jpg","datePublished":"2024-12-06T02:00:43+00:00","description":"Develop convincing sales arguments and a USP to convince your target customers of your company.","breadcrumb":{"@id":"https:\/\/www.organisator.ch\/abo\/2024-12-06\/das-alleinstellungsmerkmal-gibt-es-meist-nicht\/#breadcrumb"},"inLanguage":"en-US","potentialAction":[{"@type":"ReadAction","target":["https:\/\/www.organisator.ch\/abo\/2024-12-06\/das-alleinstellungsmerkmal-gibt-es-meist-nicht\/"]}]},{"@type":"ImageObject","inLanguage":"en-US","@id":"https:\/\/www.organisator.ch\/abo\/2024-12-06\/das-alleinstellungsmerkmal-gibt-es-meist-nicht\/#primaryimage","url":"https:\/\/www.organisator.ch\/wp-content\/uploads\/2024\/12\/Marketing_Kuntz_Bild_organisator_130535-scaled-e1733230727149.jpg","contentUrl":"https:\/\/www.organisator.ch\/wp-content\/uploads\/2024\/12\/Marketing_Kuntz_Bild_organisator_130535-scaled-e1733230727149.jpg","width":1320,"height":1000,"caption":"Wenn ein Produkt sich nur durch die Farbe unterscheidet: Gen\u00fcgt das als Alleinstellungsmerkmal? \u00a9 moderngolf \/ Depositphotos.com"},{"@type":"BreadcrumbList","@id":"https:\/\/www.organisator.ch\/abo\/2024-12-06\/das-alleinstellungsmerkmal-gibt-es-meist-nicht\/#breadcrumb","itemListElement":[{"@type":"ListItem","position":1,"name":"Home","item":"https:\/\/www.organisator.ch\/"},{"@type":"ListItem","position":2,"name":"Das Alleinstellungsmerkmal gibt es meist nicht"}]},{"@type":"WebSite","@id":"https:\/\/www.organisator.ch\/#website","url":"https:\/\/www.organisator.ch\/","name":"Organizer","description":"Competent. Practical. In 10 issues per year, ORGANISATOR presents the essential topics for managers of SMEs.","publisher":{"@id":"https:\/\/www.organisator.ch\/#organization"},"potentialAction":[{"@type":"SearchAction","target":{"@type":"EntryPoint","urlTemplate":"https:\/\/www.organisator.ch\/?s={search_term_string}"},"query-input":{"@type":"PropertyValueSpecification","valueRequired":true,"valueName":"search_term_string"}}],"inLanguage":"en-US"},{"@type":"Organization","@id":"https:\/\/www.organisator.ch\/#organization","name":"Organizer","url":"https:\/\/www.organisator.ch\/","logo":{"@type":"ImageObject","inLanguage":"en-US","@id":"https:\/\/www.organisator.ch\/#\/schema\/logo\/image\/","url":"https:\/\/www.organisator.ch\/wp-content\/uploads\/2022\/01\/Logo_Organisator_Website.png","contentUrl":"https:\/\/www.organisator.ch\/wp-content\/uploads\/2022\/01\/Logo_Organisator_Website.png","width":800,"height":77,"caption":"Organisator"},"image":{"@id":"https:\/\/www.organisator.ch\/#\/schema\/logo\/image\/"},"sameAs":["https:\/\/www.facebook.com\/OrganisatorFachmagazin","https:\/\/www.linkedin.com\/showcase\/organisator-das-magazin-fr-kmu","https:\/\/www.xing.com\/news\/pages\/organisator-ch-695","https:\/\/www.youtube.com\/channel\/UCGP2Sq0iWaZwT3BdIAQFYpw"]},{"@type":"Person","@id":"https:\/\/www.organisator.ch\/#\/schema\/person\/aa2bace6c5c5aad60102004a50c4eb1c","name":"admin","image":{"@type":"ImageObject","inLanguage":"en-US","@id":"https:\/\/secure.gravatar.com\/avatar\/ae2f4d718e6c49043e314ce431e7e645d646302a24a5ef5a8bc8e3f5a032e319?s=96&d=mm&r=g","url":"https:\/\/secure.gravatar.com\/avatar\/ae2f4d718e6c49043e314ce431e7e645d646302a24a5ef5a8bc8e3f5a032e319?s=96&d=mm&r=g","contentUrl":"https:\/\/secure.gravatar.com\/avatar\/ae2f4d718e6c49043e314ce431e7e645d646302a24a5ef5a8bc8e3f5a032e319?s=96&d=mm&r=g","caption":"admin"},"sameAs":["https:\/\/www.organisator.ch"],"url":"https:\/\/www.organisator.ch\/en\/author\/admin\/"}]}},"_links":{"self":[{"href":"https:\/\/www.organisator.ch\/en\/wp-json\/wp\/v2\/posts\/34203","targetHints":{"allow":["GET"]}}],"collection":[{"href":"https:\/\/www.organisator.ch\/en\/wp-json\/wp\/v2\/posts"}],"about":[{"href":"https:\/\/www.organisator.ch\/en\/wp-json\/wp\/v2\/types\/post"}],"author":[{"embeddable":true,"href":"https:\/\/www.organisator.ch\/en\/wp-json\/wp\/v2\/users\/1"}],"replies":[{"embeddable":true,"href":"https:\/\/www.organisator.ch\/en\/wp-json\/wp\/v2\/comments?post=34203"}],"version-history":[{"count":3,"href":"https:\/\/www.organisator.ch\/en\/wp-json\/wp\/v2\/posts\/34203\/revisions"}],"predecessor-version":[{"id":34407,"href":"https:\/\/www.organisator.ch\/en\/wp-json\/wp\/v2\/posts\/34203\/revisions\/34407"}],"wp:featuredmedia":[{"embeddable":true,"href":"https:\/\/www.organisator.ch\/en\/wp-json\/wp\/v2\/media\/34202"}],"wp:attachment":[{"href":"https:\/\/www.organisator.ch\/en\/wp-json\/wp\/v2\/media?parent=34203"}],"wp:term":[{"taxonomy":"category","embeddable":true,"href":"https:\/\/www.organisator.ch\/en\/wp-json\/wp\/v2\/categories?post=34203"},{"taxonomy":"post_tag","embeddable":true,"href":"https:\/\/www.organisator.ch\/en\/wp-json\/wp\/v2\/tags?post=34203"}],"curies":[{"name":"wp","href":"https:\/\/api.w.org\/{rel}","templated":true}]}}