{"id":34208,"date":"2024-12-06T00:15:03","date_gmt":"2024-12-05T23:15:03","guid":{"rendered":"https:\/\/www.organisator.ch\/de\/?p=34208"},"modified":"2024-12-02T16:08:04","modified_gmt":"2024-12-02T15:08:04","slug":"ausgezeichnet-fuer-langfristiges-schweizer-unternehmertum","status":"publish","type":"post","link":"https:\/\/www.organisator.ch\/en\/abo\/2024-12-06\/ausgezeichnet-fuer-langfristiges-schweizer-unternehmertum\/","title":{"rendered":"Awarded for long-term Swiss entrepreneurship"},"content":{"rendered":"<div class=\"swpm-post-not-logged-in-msg\">You need to be logged in to view this content. Please <a class=\"swpm-login-link\" href=\"https:\/\/www.organisator.ch\/login\/\">Log In<\/a>. Not a Member? <a href=\"https:\/\/www.organisator.ch\/shop\/\">Join Us<\/a><\/div>","protected":false},"excerpt":{"rendered":"<p>The Phoenix Award, the award for long-term entrepreneurship, entered its fourth round this year. This year, two companies received the award. Both can look back on 100 years of company history and have been able to successfully manage their succession over several generations.<\/p>","protected":false},"author":1,"featured_media":34204,"comment_status":"closed","ping_status":"closed","sticky":false,"template":"","format":"standard","meta":{"_acf_changed":false,"_yoast_wpseo_focuskw":"Phoenix Award 2024","_yoast_wpseo_metadesc":"Der Phoenix Award 2024 ehrt zwei Unternehmen f\u00fcr 100 Jahre Erfolg und gelungene Nachfolge. Ein Zeichen f\u00fcr langfristiges Unternehmertum.","articlekey":"130265","footnotes":""},"categories":[578,28],"tags":[196,3365,4712,4895,492],"class_list":["post-34208","post","type-post","status-publish","format-standard","has-post-thumbnail","hentry","category-abo","category-management","tag-familienunternehmen","tag-generationen","tag-phoenix-award","tag-schweizer-volkswirtschaft","tag-unternehmen"],"acf":[],"yoast_head":"<!-- This site is optimized with the Yoast SEO plugin v27.5 - https:\/\/yoast.com\/product\/yoast-seo-wordpress\/ -->\n<title>Ausgezeichnet f\u00fcr langfristiges Schweizer Unternehmertum - Organisator<\/title>\n<meta name=\"description\" content=\"Der Phoenix Award 2024 ehrt zwei Unternehmen f\u00fcr 100 Jahre Erfolg und gelungene Nachfolge. Ein Zeichen f\u00fcr langfristiges Unternehmertum.\" \/>\n<meta name=\"robots\" content=\"index, follow, max-snippet:-1, max-image-preview:large, max-video-preview:-1\" \/>\n<link rel=\"canonical\" href=\"https:\/\/www.organisator.ch\/en\/subscription\/2024-12-06\/ausgezeichnet-fuer-langfristiges-schweizer-unternehmertum\/\" \/>\n<meta property=\"og:locale\" content=\"en_US\" \/>\n<meta property=\"og:type\" content=\"article\" \/>\n<meta property=\"og:title\" content=\"Ausgezeichnet f\u00fcr langfristiges Schweizer Unternehmertum\" \/>\n<meta property=\"og:description\" content=\"Der Phoenix Award 2024 ehrt zwei Unternehmen f\u00fcr 100 Jahre Erfolg und gelungene Nachfolge. Ein Zeichen f\u00fcr langfristiges Unternehmertum.\" \/>\n<meta property=\"og:url\" content=\"https:\/\/www.organisator.ch\/en\/subscription\/2024-12-06\/ausgezeichnet-fuer-langfristiges-schweizer-unternehmertum\/\" \/>\n<meta property=\"og:site_name\" content=\"Organisator\" \/>\n<meta property=\"article:publisher\" content=\"https:\/\/www.facebook.com\/OrganisatorFachmagazin\" \/>\n<meta property=\"article:published_time\" content=\"2024-12-05T23:15:03+00:00\" \/>\n<meta property=\"og:image\" content=\"https:\/\/www.organisator.ch\/wp-content\/uploads\/2024\/12\/Management_Phoenix-Award_Bild1_organisator_130268-scaled.jpg\" \/>\n\t<meta property=\"og:image:width\" content=\"1400\" \/>\n\t<meta property=\"og:image:height\" content=\"936\" \/>\n\t<meta property=\"og:image:type\" content=\"image\/jpeg\" \/>\n<meta name=\"author\" content=\"admin\" \/>\n<meta name=\"twitter:card\" content=\"summary_large_image\" \/>\n<meta name=\"twitter:title\" content=\"Ausgezeichnet f\u00fcr langfristiges Schweizer Unternehmertum\" \/>\n<meta name=\"twitter:description\" content=\"Der #Phoenix #Award 2024 ehrt zwei #Unternehmen f\u00fcr 100 Jahre #Erfolg und gelungene #Nachfolge. Ein Zeichen f\u00fcr langfristiges #Unternehmertum.\" \/>\n<meta name=\"twitter:image\" content=\"https:\/\/www.organisator.ch\/wp-content\/uploads\/2024\/12\/Management_Phoenix-Award_Bild1_organisator_130268-scaled.jpg\" \/>\n<script type=\"application\/ld+json\" class=\"yoast-schema-graph\">{\"@context\":\"https:\\\/\\\/schema.org\",\"@graph\":[{\"@type\":\"Article\",\"@id\":\"https:\\\/\\\/www.organisator.ch\\\/abo\\\/2024-12-06\\\/ausgezeichnet-fuer-langfristiges-schweizer-unternehmertum\\\/#article\",\"isPartOf\":{\"@id\":\"https:\\\/\\\/www.organisator.ch\\\/abo\\\/2024-12-06\\\/ausgezeichnet-fuer-langfristiges-schweizer-unternehmertum\\\/\"},\"author\":{\"name\":\"admin\",\"@id\":\"https:\\\/\\\/www.organisator.ch\\\/#\\\/schema\\\/person\\\/aa2bace6c5c5aad60102004a50c4eb1c\"},\"headline\":\"Ausgezeichnet f\u00fcr langfristiges Schweizer Unternehmertum\",\"datePublished\":\"2024-12-05T23:15:03+00:00\",\"mainEntityOfPage\":{\"@id\":\"https:\\\/\\\/www.organisator.ch\\\/abo\\\/2024-12-06\\\/ausgezeichnet-fuer-langfristiges-schweizer-unternehmertum\\\/\"},\"wordCount\":2069,\"publisher\":{\"@id\":\"https:\\\/\\\/www.organisator.ch\\\/#organization\"},\"image\":{\"@id\":\"https:\\\/\\\/www.organisator.ch\\\/abo\\\/2024-12-06\\\/ausgezeichnet-fuer-langfristiges-schweizer-unternehmertum\\\/#primaryimage\"},\"thumbnailUrl\":\"https:\\\/\\\/www.organisator.ch\\\/wp-content\\\/uploads\\\/2024\\\/12\\\/Management_Phoenix-Award_Bild1_organisator_130268-scaled.jpg\",\"keywords\":[\"Familienunternehmen\",\"Generationen\",\"Phoenix Award\",\"Schweizer Volkswirtschaft\",\"Unternehmen\"],\"articleSection\":[\"ABO+\",\"MANAGEMENT\"],\"inLanguage\":\"en-US\"},{\"@type\":\"WebPage\",\"@id\":\"https:\\\/\\\/www.organisator.ch\\\/abo\\\/2024-12-06\\\/ausgezeichnet-fuer-langfristiges-schweizer-unternehmertum\\\/\",\"url\":\"https:\\\/\\\/www.organisator.ch\\\/abo\\\/2024-12-06\\\/ausgezeichnet-fuer-langfristiges-schweizer-unternehmertum\\\/\",\"name\":\"Ausgezeichnet f\u00fcr langfristiges Schweizer Unternehmertum - Organisator\",\"isPartOf\":{\"@id\":\"https:\\\/\\\/www.organisator.ch\\\/#website\"},\"primaryImageOfPage\":{\"@id\":\"https:\\\/\\\/www.organisator.ch\\\/abo\\\/2024-12-06\\\/ausgezeichnet-fuer-langfristiges-schweizer-unternehmertum\\\/#primaryimage\"},\"image\":{\"@id\":\"https:\\\/\\\/www.organisator.ch\\\/abo\\\/2024-12-06\\\/ausgezeichnet-fuer-langfristiges-schweizer-unternehmertum\\\/#primaryimage\"},\"thumbnailUrl\":\"https:\\\/\\\/www.organisator.ch\\\/wp-content\\\/uploads\\\/2024\\\/12\\\/Management_Phoenix-Award_Bild1_organisator_130268-scaled.jpg\",\"datePublished\":\"2024-12-05T23:15:03+00:00\",\"description\":\"Der Phoenix Award 2024 ehrt zwei Unternehmen f\u00fcr 100 Jahre Erfolg und gelungene Nachfolge. Ein Zeichen f\u00fcr langfristiges Unternehmertum.\",\"breadcrumb\":{\"@id\":\"https:\\\/\\\/www.organisator.ch\\\/abo\\\/2024-12-06\\\/ausgezeichnet-fuer-langfristiges-schweizer-unternehmertum\\\/#breadcrumb\"},\"inLanguage\":\"en-US\",\"potentialAction\":[{\"@type\":\"ReadAction\",\"target\":[\"https:\\\/\\\/www.organisator.ch\\\/abo\\\/2024-12-06\\\/ausgezeichnet-fuer-langfristiges-schweizer-unternehmertum\\\/\"]}]},{\"@type\":\"ImageObject\",\"inLanguage\":\"en-US\",\"@id\":\"https:\\\/\\\/www.organisator.ch\\\/abo\\\/2024-12-06\\\/ausgezeichnet-fuer-langfristiges-schweizer-unternehmertum\\\/#primaryimage\",\"url\":\"https:\\\/\\\/www.organisator.ch\\\/wp-content\\\/uploads\\\/2024\\\/12\\\/Management_Phoenix-Award_Bild1_organisator_130268-scaled.jpg\",\"contentUrl\":\"https:\\\/\\\/www.organisator.ch\\\/wp-content\\\/uploads\\\/2024\\\/12\\\/Management_Phoenix-Award_Bild1_organisator_130268-scaled.jpg\",\"width\":1400,\"height\":936,\"caption\":\"Rafaela und Flurin Devonas-Eberle, Jungunternehmerpaar und vierte Generation, sind bereit fu\u0308r die neuen Herausforderungen in der Medienbranche. \u00a9 zVg \\\/ Fr\u00f6hlich Info\"},{\"@type\":\"BreadcrumbList\",\"@id\":\"https:\\\/\\\/www.organisator.ch\\\/abo\\\/2024-12-06\\\/ausgezeichnet-fuer-langfristiges-schweizer-unternehmertum\\\/#breadcrumb\",\"itemListElement\":[{\"@type\":\"ListItem\",\"position\":1,\"name\":\"Home\",\"item\":\"https:\\\/\\\/www.organisator.ch\\\/\"},{\"@type\":\"ListItem\",\"position\":2,\"name\":\"Ausgezeichnet f\u00fcr langfristiges Schweizer Unternehmertum\"}]},{\"@type\":\"WebSite\",\"@id\":\"https:\\\/\\\/www.organisator.ch\\\/#website\",\"url\":\"https:\\\/\\\/www.organisator.ch\\\/\",\"name\":\"Organisator\",\"description\":\"Kompetent. Praxisnah. Der ORGANISATOR bereitet in 10 Ausgaben pro Jahr die wesentlichen Themen f\u00fcr F\u00fchrungskr\u00e4fte von KMU auf.\",\"publisher\":{\"@id\":\"https:\\\/\\\/www.organisator.ch\\\/#organization\"},\"potentialAction\":[{\"@type\":\"SearchAction\",\"target\":{\"@type\":\"EntryPoint\",\"urlTemplate\":\"https:\\\/\\\/www.organisator.ch\\\/?s={search_term_string}\"},\"query-input\":{\"@type\":\"PropertyValueSpecification\",\"valueRequired\":true,\"valueName\":\"search_term_string\"}}],\"inLanguage\":\"en-US\"},{\"@type\":\"Organization\",\"@id\":\"https:\\\/\\\/www.organisator.ch\\\/#organization\",\"name\":\"Organisator\",\"url\":\"https:\\\/\\\/www.organisator.ch\\\/\",\"logo\":{\"@type\":\"ImageObject\",\"inLanguage\":\"en-US\",\"@id\":\"https:\\\/\\\/www.organisator.ch\\\/#\\\/schema\\\/logo\\\/image\\\/\",\"url\":\"https:\\\/\\\/www.organisator.ch\\\/wp-content\\\/uploads\\\/2022\\\/01\\\/Logo_Organisator_Website.png\",\"contentUrl\":\"https:\\\/\\\/www.organisator.ch\\\/wp-content\\\/uploads\\\/2022\\\/01\\\/Logo_Organisator_Website.png\",\"width\":800,\"height\":77,\"caption\":\"Organisator\"},\"image\":{\"@id\":\"https:\\\/\\\/www.organisator.ch\\\/#\\\/schema\\\/logo\\\/image\\\/\"},\"sameAs\":[\"https:\\\/\\\/www.facebook.com\\\/OrganisatorFachmagazin\",\"https:\\\/\\\/www.linkedin.com\\\/showcase\\\/organisator-das-magazin-fr-kmu\",\"https:\\\/\\\/www.xing.com\\\/news\\\/pages\\\/organisator-ch-695\",\"https:\\\/\\\/www.youtube.com\\\/channel\\\/UCGP2Sq0iWaZwT3BdIAQFYpw\"]},{\"@type\":\"Person\",\"@id\":\"https:\\\/\\\/www.organisator.ch\\\/#\\\/schema\\\/person\\\/aa2bace6c5c5aad60102004a50c4eb1c\",\"name\":\"admin\",\"image\":{\"@type\":\"ImageObject\",\"inLanguage\":\"en-US\",\"@id\":\"https:\\\/\\\/secure.gravatar.com\\\/avatar\\\/ae2f4d718e6c49043e314ce431e7e645d646302a24a5ef5a8bc8e3f5a032e319?s=96&d=mm&r=g\",\"url\":\"https:\\\/\\\/secure.gravatar.com\\\/avatar\\\/ae2f4d718e6c49043e314ce431e7e645d646302a24a5ef5a8bc8e3f5a032e319?s=96&d=mm&r=g\",\"contentUrl\":\"https:\\\/\\\/secure.gravatar.com\\\/avatar\\\/ae2f4d718e6c49043e314ce431e7e645d646302a24a5ef5a8bc8e3f5a032e319?s=96&d=mm&r=g\",\"caption\":\"admin\"},\"sameAs\":[\"https:\\\/\\\/www.organisator.ch\"],\"url\":\"https:\\\/\\\/www.organisator.ch\\\/en\\\/author\\\/admin\\\/\"}]}<\/script>\n<!-- \/ Yoast SEO plugin. -->","yoast_head_json":{"title":"Awarded for long-term Swiss entrepreneurship - Organizer","description":"The Phoenix Award 2024 honors two companies for 100 years of success and successful succession. A sign of long-term entrepreneurship.","robots":{"index":"index","follow":"follow","max-snippet":"max-snippet:-1","max-image-preview":"max-image-preview:large","max-video-preview":"max-video-preview:-1"},"canonical":"https:\/\/www.organisator.ch\/en\/subscription\/2024-12-06\/ausgezeichnet-fuer-langfristiges-schweizer-unternehmertum\/","og_locale":"en_US","og_type":"article","og_title":"Ausgezeichnet f\u00fcr langfristiges Schweizer Unternehmertum","og_description":"Der Phoenix Award 2024 ehrt zwei Unternehmen f\u00fcr 100 Jahre Erfolg und gelungene Nachfolge. Ein Zeichen f\u00fcr langfristiges Unternehmertum.","og_url":"https:\/\/www.organisator.ch\/en\/subscription\/2024-12-06\/ausgezeichnet-fuer-langfristiges-schweizer-unternehmertum\/","og_site_name":"Organisator","article_publisher":"https:\/\/www.facebook.com\/OrganisatorFachmagazin","article_published_time":"2024-12-05T23:15:03+00:00","og_image":[{"width":1400,"height":936,"url":"https:\/\/www.organisator.ch\/wp-content\/uploads\/2024\/12\/Management_Phoenix-Award_Bild1_organisator_130268-scaled.jpg","type":"image\/jpeg"}],"author":"admin","twitter_card":"summary_large_image","twitter_title":"Ausgezeichnet f\u00fcr langfristiges Schweizer Unternehmertum","twitter_description":"Der #Phoenix #Award 2024 ehrt zwei #Unternehmen f\u00fcr 100 Jahre #Erfolg und gelungene #Nachfolge. Ein Zeichen f\u00fcr langfristiges #Unternehmertum.","twitter_image":"https:\/\/www.organisator.ch\/wp-content\/uploads\/2024\/12\/Management_Phoenix-Award_Bild1_organisator_130268-scaled.jpg","schema":{"@context":"https:\/\/schema.org","@graph":[{"@type":"Article","@id":"https:\/\/www.organisator.ch\/abo\/2024-12-06\/ausgezeichnet-fuer-langfristiges-schweizer-unternehmertum\/#article","isPartOf":{"@id":"https:\/\/www.organisator.ch\/abo\/2024-12-06\/ausgezeichnet-fuer-langfristiges-schweizer-unternehmertum\/"},"author":{"name":"admin","@id":"https:\/\/www.organisator.ch\/#\/schema\/person\/aa2bace6c5c5aad60102004a50c4eb1c"},"headline":"Ausgezeichnet f\u00fcr langfristiges Schweizer Unternehmertum","datePublished":"2024-12-05T23:15:03+00:00","mainEntityOfPage":{"@id":"https:\/\/www.organisator.ch\/abo\/2024-12-06\/ausgezeichnet-fuer-langfristiges-schweizer-unternehmertum\/"},"wordCount":2069,"publisher":{"@id":"https:\/\/www.organisator.ch\/#organization"},"image":{"@id":"https:\/\/www.organisator.ch\/abo\/2024-12-06\/ausgezeichnet-fuer-langfristiges-schweizer-unternehmertum\/#primaryimage"},"thumbnailUrl":"https:\/\/www.organisator.ch\/wp-content\/uploads\/2024\/12\/Management_Phoenix-Award_Bild1_organisator_130268-scaled.jpg","keywords":["Familienunternehmen","Generationen","Phoenix Award","Schweizer Volkswirtschaft","Unternehmen"],"articleSection":["ABO+","MANAGEMENT"],"inLanguage":"en-US"},{"@type":"WebPage","@id":"https:\/\/www.organisator.ch\/abo\/2024-12-06\/ausgezeichnet-fuer-langfristiges-schweizer-unternehmertum\/","url":"https:\/\/www.organisator.ch\/abo\/2024-12-06\/ausgezeichnet-fuer-langfristiges-schweizer-unternehmertum\/","name":"Awarded for long-term Swiss entrepreneurship - Organizer","isPartOf":{"@id":"https:\/\/www.organisator.ch\/#website"},"primaryImageOfPage":{"@id":"https:\/\/www.organisator.ch\/abo\/2024-12-06\/ausgezeichnet-fuer-langfristiges-schweizer-unternehmertum\/#primaryimage"},"image":{"@id":"https:\/\/www.organisator.ch\/abo\/2024-12-06\/ausgezeichnet-fuer-langfristiges-schweizer-unternehmertum\/#primaryimage"},"thumbnailUrl":"https:\/\/www.organisator.ch\/wp-content\/uploads\/2024\/12\/Management_Phoenix-Award_Bild1_organisator_130268-scaled.jpg","datePublished":"2024-12-05T23:15:03+00:00","description":"The Phoenix Award 2024 honors two companies for 100 years of success and successful succession. A sign of long-term entrepreneurship.","breadcrumb":{"@id":"https:\/\/www.organisator.ch\/abo\/2024-12-06\/ausgezeichnet-fuer-langfristiges-schweizer-unternehmertum\/#breadcrumb"},"inLanguage":"en-US","potentialAction":[{"@type":"ReadAction","target":["https:\/\/www.organisator.ch\/abo\/2024-12-06\/ausgezeichnet-fuer-langfristiges-schweizer-unternehmertum\/"]}]},{"@type":"ImageObject","inLanguage":"en-US","@id":"https:\/\/www.organisator.ch\/abo\/2024-12-06\/ausgezeichnet-fuer-langfristiges-schweizer-unternehmertum\/#primaryimage","url":"https:\/\/www.organisator.ch\/wp-content\/uploads\/2024\/12\/Management_Phoenix-Award_Bild1_organisator_130268-scaled.jpg","contentUrl":"https:\/\/www.organisator.ch\/wp-content\/uploads\/2024\/12\/Management_Phoenix-Award_Bild1_organisator_130268-scaled.jpg","width":1400,"height":936,"caption":"Rafaela und Flurin Devonas-Eberle, Jungunternehmerpaar und vierte Generation, sind bereit fu\u0308r die neuen Herausforderungen in der Medienbranche. \u00a9 zVg \/ Fr\u00f6hlich Info"},{"@type":"BreadcrumbList","@id":"https:\/\/www.organisator.ch\/abo\/2024-12-06\/ausgezeichnet-fuer-langfristiges-schweizer-unternehmertum\/#breadcrumb","itemListElement":[{"@type":"ListItem","position":1,"name":"Home","item":"https:\/\/www.organisator.ch\/"},{"@type":"ListItem","position":2,"name":"Ausgezeichnet f\u00fcr langfristiges Schweizer Unternehmertum"}]},{"@type":"WebSite","@id":"https:\/\/www.organisator.ch\/#website","url":"https:\/\/www.organisator.ch\/","name":"Organizer","description":"Competent. Practical. In 10 issues per year, ORGANISATOR presents the essential topics for managers of SMEs.","publisher":{"@id":"https:\/\/www.organisator.ch\/#organization"},"potentialAction":[{"@type":"SearchAction","target":{"@type":"EntryPoint","urlTemplate":"https:\/\/www.organisator.ch\/?s={search_term_string}"},"query-input":{"@type":"PropertyValueSpecification","valueRequired":true,"valueName":"search_term_string"}}],"inLanguage":"en-US"},{"@type":"Organization","@id":"https:\/\/www.organisator.ch\/#organization","name":"Organizer","url":"https:\/\/www.organisator.ch\/","logo":{"@type":"ImageObject","inLanguage":"en-US","@id":"https:\/\/www.organisator.ch\/#\/schema\/logo\/image\/","url":"https:\/\/www.organisator.ch\/wp-content\/uploads\/2022\/01\/Logo_Organisator_Website.png","contentUrl":"https:\/\/www.organisator.ch\/wp-content\/uploads\/2022\/01\/Logo_Organisator_Website.png","width":800,"height":77,"caption":"Organisator"},"image":{"@id":"https:\/\/www.organisator.ch\/#\/schema\/logo\/image\/"},"sameAs":["https:\/\/www.facebook.com\/OrganisatorFachmagazin","https:\/\/www.linkedin.com\/showcase\/organisator-das-magazin-fr-kmu","https:\/\/www.xing.com\/news\/pages\/organisator-ch-695","https:\/\/www.youtube.com\/channel\/UCGP2Sq0iWaZwT3BdIAQFYpw"]},{"@type":"Person","@id":"https:\/\/www.organisator.ch\/#\/schema\/person\/aa2bace6c5c5aad60102004a50c4eb1c","name":"admin","image":{"@type":"ImageObject","inLanguage":"en-US","@id":"https:\/\/secure.gravatar.com\/avatar\/ae2f4d718e6c49043e314ce431e7e645d646302a24a5ef5a8bc8e3f5a032e319?s=96&d=mm&r=g","url":"https:\/\/secure.gravatar.com\/avatar\/ae2f4d718e6c49043e314ce431e7e645d646302a24a5ef5a8bc8e3f5a032e319?s=96&d=mm&r=g","contentUrl":"https:\/\/secure.gravatar.com\/avatar\/ae2f4d718e6c49043e314ce431e7e645d646302a24a5ef5a8bc8e3f5a032e319?s=96&d=mm&r=g","caption":"admin"},"sameAs":["https:\/\/www.organisator.ch"],"url":"https:\/\/www.organisator.ch\/en\/author\/admin\/"}]}},"_links":{"self":[{"href":"https:\/\/www.organisator.ch\/en\/wp-json\/wp\/v2\/posts\/34208","targetHints":{"allow":["GET"]}}],"collection":[{"href":"https:\/\/www.organisator.ch\/en\/wp-json\/wp\/v2\/posts"}],"about":[{"href":"https:\/\/www.organisator.ch\/en\/wp-json\/wp\/v2\/types\/post"}],"author":[{"embeddable":true,"href":"https:\/\/www.organisator.ch\/en\/wp-json\/wp\/v2\/users\/1"}],"replies":[{"embeddable":true,"href":"https:\/\/www.organisator.ch\/en\/wp-json\/wp\/v2\/comments?post=34208"}],"version-history":[{"count":3,"href":"https:\/\/www.organisator.ch\/en\/wp-json\/wp\/v2\/posts\/34208\/revisions"}],"predecessor-version":[{"id":34328,"href":"https:\/\/www.organisator.ch\/en\/wp-json\/wp\/v2\/posts\/34208\/revisions\/34328"}],"wp:featuredmedia":[{"embeddable":true,"href":"https:\/\/www.organisator.ch\/en\/wp-json\/wp\/v2\/media\/34204"}],"wp:attachment":[{"href":"https:\/\/www.organisator.ch\/en\/wp-json\/wp\/v2\/media?parent=34208"}],"wp:term":[{"taxonomy":"category","embeddable":true,"href":"https:\/\/www.organisator.ch\/en\/wp-json\/wp\/v2\/categories?post=34208"},{"taxonomy":"post_tag","embeddable":true,"href":"https:\/\/www.organisator.ch\/en\/wp-json\/wp\/v2\/tags?post=34208"}],"curies":[{"name":"wp","href":"https:\/\/api.w.org\/{rel}","templated":true}]}}