{"id":34219,"date":"2024-12-05T19:20:04","date_gmt":"2024-12-05T18:20:04","guid":{"rendered":"https:\/\/www.organisator.ch\/de\/?p=34219"},"modified":"2024-12-02T11:54:46","modified_gmt":"2024-12-02T10:54:46","slug":"mit-yoga-das-koerperliche-und-geistige-wohlbefinden-foerdern","status":"publish","type":"post","link":"https:\/\/www.organisator.ch\/en\/abo\/2024-12-05\/mit-yoga-das-koerperliche-und-geistige-wohlbefinden-foerdern\/","title":{"rendered":"Promote physical and mental well-being with yoga"},"content":{"rendered":"<div class=\"swpm-post-not-logged-in-msg\">You need to be logged in to view this content. Please <a class=\"swpm-login-link\" href=\"https:\/\/www.organisator.ch\/login\/\">Log In<\/a>. Not a Member? <a href=\"https:\/\/www.organisator.ch\/shop\/\">Join Us<\/a><\/div>","protected":false},"excerpt":{"rendered":"<p>\"Yoga, that's just a fashion\". That's what many people think because of the current yoga boom. In fact, however, it is a reaction to our modern world, which is characterized by rapid change and presents us with more and more, often new challenges.<\/p>","protected":false},"author":1,"featured_media":34218,"comment_status":"closed","ping_status":"closed","sticky":false,"template":"","format":"standard","meta":{"_acf_changed":false,"_yoast_wpseo_focuskw":"Yoga","_yoast_wpseo_metadesc":"Yoga ist mehr als eine Mode. Es bietet k\u00f6rperliche und mentale Vorteile, die helfen, in unserer schnelllebigen Welt Balance zu finden.","articlekey":"129645","footnotes":""},"categories":[578,579],"tags":[4877,4875,4876,538,4874],"class_list":["post-34219","post","type-post","status-publish","format-standard","has-post-thumbnail","hentry","category-abo","category-human-resources","tag-selbstbild","tag-stressbewaeltigung","tag-stressreduktion","tag-work-life-balance","tag-yoga"],"acf":[],"yoast_head":"<!-- This site is optimized with the Yoast SEO plugin v27.5 - https:\/\/yoast.com\/product\/yoast-seo-wordpress\/ -->\n<title>Mit Yoga das k\u00f6rperliche und geistige Wohlbefinden f\u00f6rdern - Organisator<\/title>\n<meta name=\"description\" content=\"Yoga ist mehr als eine Mode. Es bietet k\u00f6rperliche und mentale Vorteile, die helfen, in unserer schnelllebigen Welt Balance zu finden.\" \/>\n<meta name=\"robots\" content=\"index, follow, max-snippet:-1, max-image-preview:large, max-video-preview:-1\" \/>\n<link rel=\"canonical\" href=\"https:\/\/www.organisator.ch\/en\/subscription\/2024-12-05\/mit-yoga-das-koerperliche-und-geistige-wohlbefinden-foerdern\/\" \/>\n<meta property=\"og:locale\" content=\"en_US\" \/>\n<meta property=\"og:type\" content=\"article\" \/>\n<meta property=\"og:title\" content=\"Mit Yoga das k\u00f6rperliche und geistige Wohlbefinden f\u00f6rdern\" \/>\n<meta property=\"og:description\" content=\"Yoga ist mehr als eine Mode. Es bietet k\u00f6rperliche und mentale Vorteile, die helfen, in unserer schnelllebigen Welt Balance zu finden.\" \/>\n<meta property=\"og:url\" content=\"https:\/\/www.organisator.ch\/en\/subscription\/2024-12-05\/mit-yoga-das-koerperliche-und-geistige-wohlbefinden-foerdern\/\" \/>\n<meta property=\"og:site_name\" content=\"Organisator\" \/>\n<meta property=\"article:publisher\" content=\"https:\/\/www.facebook.com\/OrganisatorFachmagazin\" \/>\n<meta property=\"article:published_time\" content=\"2024-12-05T18:20:04+00:00\" \/>\n<meta property=\"og:image\" content=\"https:\/\/www.organisator.ch\/wp-content\/uploads\/2024\/12\/HRM_Profilberater_Botter_Bild_organisator_129681.jpg\" \/>\n\t<meta property=\"og:image:width\" content=\"1026\" \/>\n\t<meta property=\"og:image:height\" content=\"683\" \/>\n\t<meta property=\"og:image:type\" content=\"image\/jpeg\" \/>\n<meta name=\"author\" content=\"admin\" \/>\n<meta name=\"twitter:card\" content=\"summary_large_image\" \/>\n<meta name=\"twitter:title\" content=\"Mit Yoga das k\u00f6rperliche und geistige Wohlbefinden f\u00f6rdern\" \/>\n<meta name=\"twitter:description\" content=\"#Yoga ist mehr als eine #Mode. Es bietet #k\u00f6rperliche und #mentale Vorteile, die helfen, in unserer schnelllebigen Welt #Balance zu finden.\" \/>\n<meta name=\"twitter:image\" content=\"https:\/\/www.organisator.ch\/wp-content\/uploads\/2024\/12\/HRM_Profilberater_Botter_Bild_organisator_129681.jpg\" \/>\n<script type=\"application\/ld+json\" class=\"yoast-schema-graph\">{\"@context\":\"https:\\\/\\\/schema.org\",\"@graph\":[{\"@type\":\"Article\",\"@id\":\"https:\\\/\\\/www.organisator.ch\\\/abo\\\/2024-12-05\\\/mit-yoga-das-koerperliche-und-geistige-wohlbefinden-foerdern\\\/#article\",\"isPartOf\":{\"@id\":\"https:\\\/\\\/www.organisator.ch\\\/abo\\\/2024-12-05\\\/mit-yoga-das-koerperliche-und-geistige-wohlbefinden-foerdern\\\/\"},\"author\":{\"name\":\"admin\",\"@id\":\"https:\\\/\\\/www.organisator.ch\\\/#\\\/schema\\\/person\\\/aa2bace6c5c5aad60102004a50c4eb1c\"},\"headline\":\"Mit Yoga das k\u00f6rperliche und geistige Wohlbefinden f\u00f6rdern\",\"datePublished\":\"2024-12-05T18:20:04+00:00\",\"mainEntityOfPage\":{\"@id\":\"https:\\\/\\\/www.organisator.ch\\\/abo\\\/2024-12-05\\\/mit-yoga-das-koerperliche-und-geistige-wohlbefinden-foerdern\\\/\"},\"wordCount\":851,\"publisher\":{\"@id\":\"https:\\\/\\\/www.organisator.ch\\\/#organization\"},\"image\":{\"@id\":\"https:\\\/\\\/www.organisator.ch\\\/abo\\\/2024-12-05\\\/mit-yoga-das-koerperliche-und-geistige-wohlbefinden-foerdern\\\/#primaryimage\"},\"thumbnailUrl\":\"https:\\\/\\\/www.organisator.ch\\\/wp-content\\\/uploads\\\/2024\\\/12\\\/HRM_Profilberater_Botter_Bild_organisator_129681.jpg\",\"keywords\":[\"Selbstbild\",\"Stressbew\u00e4ltigung\",\"Stressreduktion\",\"Work-Life-Balance\",\"Yoga\"],\"articleSection\":[\"ABO+\",\"HUMAN RESOURCES\"],\"inLanguage\":\"en-US\"},{\"@type\":\"WebPage\",\"@id\":\"https:\\\/\\\/www.organisator.ch\\\/abo\\\/2024-12-05\\\/mit-yoga-das-koerperliche-und-geistige-wohlbefinden-foerdern\\\/\",\"url\":\"https:\\\/\\\/www.organisator.ch\\\/abo\\\/2024-12-05\\\/mit-yoga-das-koerperliche-und-geistige-wohlbefinden-foerdern\\\/\",\"name\":\"Mit Yoga das k\u00f6rperliche und geistige Wohlbefinden f\u00f6rdern - Organisator\",\"isPartOf\":{\"@id\":\"https:\\\/\\\/www.organisator.ch\\\/#website\"},\"primaryImageOfPage\":{\"@id\":\"https:\\\/\\\/www.organisator.ch\\\/abo\\\/2024-12-05\\\/mit-yoga-das-koerperliche-und-geistige-wohlbefinden-foerdern\\\/#primaryimage\"},\"image\":{\"@id\":\"https:\\\/\\\/www.organisator.ch\\\/abo\\\/2024-12-05\\\/mit-yoga-das-koerperliche-und-geistige-wohlbefinden-foerdern\\\/#primaryimage\"},\"thumbnailUrl\":\"https:\\\/\\\/www.organisator.ch\\\/wp-content\\\/uploads\\\/2024\\\/12\\\/HRM_Profilberater_Botter_Bild_organisator_129681.jpg\",\"datePublished\":\"2024-12-05T18:20:04+00:00\",\"description\":\"Yoga ist mehr als eine Mode. Es bietet k\u00f6rperliche und mentale Vorteile, die helfen, in unserer schnelllebigen Welt Balance zu finden.\",\"breadcrumb\":{\"@id\":\"https:\\\/\\\/www.organisator.ch\\\/abo\\\/2024-12-05\\\/mit-yoga-das-koerperliche-und-geistige-wohlbefinden-foerdern\\\/#breadcrumb\"},\"inLanguage\":\"en-US\",\"potentialAction\":[{\"@type\":\"ReadAction\",\"target\":[\"https:\\\/\\\/www.organisator.ch\\\/abo\\\/2024-12-05\\\/mit-yoga-das-koerperliche-und-geistige-wohlbefinden-foerdern\\\/\"]}]},{\"@type\":\"ImageObject\",\"inLanguage\":\"en-US\",\"@id\":\"https:\\\/\\\/www.organisator.ch\\\/abo\\\/2024-12-05\\\/mit-yoga-das-koerperliche-und-geistige-wohlbefinden-foerdern\\\/#primaryimage\",\"url\":\"https:\\\/\\\/www.organisator.ch\\\/wp-content\\\/uploads\\\/2024\\\/12\\\/HRM_Profilberater_Botter_Bild_organisator_129681.jpg\",\"contentUrl\":\"https:\\\/\\\/www.organisator.ch\\\/wp-content\\\/uploads\\\/2024\\\/12\\\/HRM_Profilberater_Botter_Bild_organisator_129681.jpg\",\"width\":1026,\"height\":683,\"caption\":\"Yoga ist keine reine Mode-Erscheinung, sondern kann als Antwort auf unsere schnelllebige Zeit verstanden werden. \u00a9 StockSnap \\\/ Pixabay.com\"},{\"@type\":\"BreadcrumbList\",\"@id\":\"https:\\\/\\\/www.organisator.ch\\\/abo\\\/2024-12-05\\\/mit-yoga-das-koerperliche-und-geistige-wohlbefinden-foerdern\\\/#breadcrumb\",\"itemListElement\":[{\"@type\":\"ListItem\",\"position\":1,\"name\":\"Home\",\"item\":\"https:\\\/\\\/www.organisator.ch\\\/\"},{\"@type\":\"ListItem\",\"position\":2,\"name\":\"Mit Yoga das k\u00f6rperliche und geistige Wohlbefinden f\u00f6rdern\"}]},{\"@type\":\"WebSite\",\"@id\":\"https:\\\/\\\/www.organisator.ch\\\/#website\",\"url\":\"https:\\\/\\\/www.organisator.ch\\\/\",\"name\":\"Organisator\",\"description\":\"Kompetent. Praxisnah. Der ORGANISATOR bereitet in 10 Ausgaben pro Jahr die wesentlichen Themen f\u00fcr F\u00fchrungskr\u00e4fte von KMU auf.\",\"publisher\":{\"@id\":\"https:\\\/\\\/www.organisator.ch\\\/#organization\"},\"potentialAction\":[{\"@type\":\"SearchAction\",\"target\":{\"@type\":\"EntryPoint\",\"urlTemplate\":\"https:\\\/\\\/www.organisator.ch\\\/?s={search_term_string}\"},\"query-input\":{\"@type\":\"PropertyValueSpecification\",\"valueRequired\":true,\"valueName\":\"search_term_string\"}}],\"inLanguage\":\"en-US\"},{\"@type\":\"Organization\",\"@id\":\"https:\\\/\\\/www.organisator.ch\\\/#organization\",\"name\":\"Organisator\",\"url\":\"https:\\\/\\\/www.organisator.ch\\\/\",\"logo\":{\"@type\":\"ImageObject\",\"inLanguage\":\"en-US\",\"@id\":\"https:\\\/\\\/www.organisator.ch\\\/#\\\/schema\\\/logo\\\/image\\\/\",\"url\":\"https:\\\/\\\/www.organisator.ch\\\/wp-content\\\/uploads\\\/2022\\\/01\\\/Logo_Organisator_Website.png\",\"contentUrl\":\"https:\\\/\\\/www.organisator.ch\\\/wp-content\\\/uploads\\\/2022\\\/01\\\/Logo_Organisator_Website.png\",\"width\":800,\"height\":77,\"caption\":\"Organisator\"},\"image\":{\"@id\":\"https:\\\/\\\/www.organisator.ch\\\/#\\\/schema\\\/logo\\\/image\\\/\"},\"sameAs\":[\"https:\\\/\\\/www.facebook.com\\\/OrganisatorFachmagazin\",\"https:\\\/\\\/www.linkedin.com\\\/showcase\\\/organisator-das-magazin-fr-kmu\",\"https:\\\/\\\/www.xing.com\\\/news\\\/pages\\\/organisator-ch-695\",\"https:\\\/\\\/www.youtube.com\\\/channel\\\/UCGP2Sq0iWaZwT3BdIAQFYpw\"]},{\"@type\":\"Person\",\"@id\":\"https:\\\/\\\/www.organisator.ch\\\/#\\\/schema\\\/person\\\/aa2bace6c5c5aad60102004a50c4eb1c\",\"name\":\"admin\",\"image\":{\"@type\":\"ImageObject\",\"inLanguage\":\"en-US\",\"@id\":\"https:\\\/\\\/secure.gravatar.com\\\/avatar\\\/ae2f4d718e6c49043e314ce431e7e645d646302a24a5ef5a8bc8e3f5a032e319?s=96&d=mm&r=g\",\"url\":\"https:\\\/\\\/secure.gravatar.com\\\/avatar\\\/ae2f4d718e6c49043e314ce431e7e645d646302a24a5ef5a8bc8e3f5a032e319?s=96&d=mm&r=g\",\"contentUrl\":\"https:\\\/\\\/secure.gravatar.com\\\/avatar\\\/ae2f4d718e6c49043e314ce431e7e645d646302a24a5ef5a8bc8e3f5a032e319?s=96&d=mm&r=g\",\"caption\":\"admin\"},\"sameAs\":[\"https:\\\/\\\/www.organisator.ch\"],\"url\":\"https:\\\/\\\/www.organisator.ch\\\/en\\\/author\\\/admin\\\/\"}]}<\/script>\n<!-- \/ Yoast SEO plugin. -->","yoast_head_json":{"title":"Promoting physical and mental well-being with yoga - Organizer","description":"Yoga is more than just a fashion. It offers physical and mental benefits that help us find balance in our fast-paced world.","robots":{"index":"index","follow":"follow","max-snippet":"max-snippet:-1","max-image-preview":"max-image-preview:large","max-video-preview":"max-video-preview:-1"},"canonical":"https:\/\/www.organisator.ch\/en\/subscription\/2024-12-05\/mit-yoga-das-koerperliche-und-geistige-wohlbefinden-foerdern\/","og_locale":"en_US","og_type":"article","og_title":"Mit Yoga das k\u00f6rperliche und geistige Wohlbefinden f\u00f6rdern","og_description":"Yoga ist mehr als eine Mode. Es bietet k\u00f6rperliche und mentale Vorteile, die helfen, in unserer schnelllebigen Welt Balance zu finden.","og_url":"https:\/\/www.organisator.ch\/en\/subscription\/2024-12-05\/mit-yoga-das-koerperliche-und-geistige-wohlbefinden-foerdern\/","og_site_name":"Organisator","article_publisher":"https:\/\/www.facebook.com\/OrganisatorFachmagazin","article_published_time":"2024-12-05T18:20:04+00:00","og_image":[{"width":1026,"height":683,"url":"https:\/\/www.organisator.ch\/wp-content\/uploads\/2024\/12\/HRM_Profilberater_Botter_Bild_organisator_129681.jpg","type":"image\/jpeg"}],"author":"admin","twitter_card":"summary_large_image","twitter_title":"Mit Yoga das k\u00f6rperliche und geistige Wohlbefinden f\u00f6rdern","twitter_description":"#Yoga ist mehr als eine #Mode. Es bietet #k\u00f6rperliche und #mentale Vorteile, die helfen, in unserer schnelllebigen Welt #Balance zu finden.","twitter_image":"https:\/\/www.organisator.ch\/wp-content\/uploads\/2024\/12\/HRM_Profilberater_Botter_Bild_organisator_129681.jpg","schema":{"@context":"https:\/\/schema.org","@graph":[{"@type":"Article","@id":"https:\/\/www.organisator.ch\/abo\/2024-12-05\/mit-yoga-das-koerperliche-und-geistige-wohlbefinden-foerdern\/#article","isPartOf":{"@id":"https:\/\/www.organisator.ch\/abo\/2024-12-05\/mit-yoga-das-koerperliche-und-geistige-wohlbefinden-foerdern\/"},"author":{"name":"admin","@id":"https:\/\/www.organisator.ch\/#\/schema\/person\/aa2bace6c5c5aad60102004a50c4eb1c"},"headline":"Mit Yoga das k\u00f6rperliche und geistige Wohlbefinden f\u00f6rdern","datePublished":"2024-12-05T18:20:04+00:00","mainEntityOfPage":{"@id":"https:\/\/www.organisator.ch\/abo\/2024-12-05\/mit-yoga-das-koerperliche-und-geistige-wohlbefinden-foerdern\/"},"wordCount":851,"publisher":{"@id":"https:\/\/www.organisator.ch\/#organization"},"image":{"@id":"https:\/\/www.organisator.ch\/abo\/2024-12-05\/mit-yoga-das-koerperliche-und-geistige-wohlbefinden-foerdern\/#primaryimage"},"thumbnailUrl":"https:\/\/www.organisator.ch\/wp-content\/uploads\/2024\/12\/HRM_Profilberater_Botter_Bild_organisator_129681.jpg","keywords":["Selbstbild","Stressbew\u00e4ltigung","Stressreduktion","Work-Life-Balance","Yoga"],"articleSection":["ABO+","HUMAN RESOURCES"],"inLanguage":"en-US"},{"@type":"WebPage","@id":"https:\/\/www.organisator.ch\/abo\/2024-12-05\/mit-yoga-das-koerperliche-und-geistige-wohlbefinden-foerdern\/","url":"https:\/\/www.organisator.ch\/abo\/2024-12-05\/mit-yoga-das-koerperliche-und-geistige-wohlbefinden-foerdern\/","name":"Promoting physical and mental well-being with yoga - Organizer","isPartOf":{"@id":"https:\/\/www.organisator.ch\/#website"},"primaryImageOfPage":{"@id":"https:\/\/www.organisator.ch\/abo\/2024-12-05\/mit-yoga-das-koerperliche-und-geistige-wohlbefinden-foerdern\/#primaryimage"},"image":{"@id":"https:\/\/www.organisator.ch\/abo\/2024-12-05\/mit-yoga-das-koerperliche-und-geistige-wohlbefinden-foerdern\/#primaryimage"},"thumbnailUrl":"https:\/\/www.organisator.ch\/wp-content\/uploads\/2024\/12\/HRM_Profilberater_Botter_Bild_organisator_129681.jpg","datePublished":"2024-12-05T18:20:04+00:00","description":"Yoga is more than just a fashion. It offers physical and mental benefits that help us find balance in our fast-paced world.","breadcrumb":{"@id":"https:\/\/www.organisator.ch\/abo\/2024-12-05\/mit-yoga-das-koerperliche-und-geistige-wohlbefinden-foerdern\/#breadcrumb"},"inLanguage":"en-US","potentialAction":[{"@type":"ReadAction","target":["https:\/\/www.organisator.ch\/abo\/2024-12-05\/mit-yoga-das-koerperliche-und-geistige-wohlbefinden-foerdern\/"]}]},{"@type":"ImageObject","inLanguage":"en-US","@id":"https:\/\/www.organisator.ch\/abo\/2024-12-05\/mit-yoga-das-koerperliche-und-geistige-wohlbefinden-foerdern\/#primaryimage","url":"https:\/\/www.organisator.ch\/wp-content\/uploads\/2024\/12\/HRM_Profilberater_Botter_Bild_organisator_129681.jpg","contentUrl":"https:\/\/www.organisator.ch\/wp-content\/uploads\/2024\/12\/HRM_Profilberater_Botter_Bild_organisator_129681.jpg","width":1026,"height":683,"caption":"Yoga ist keine reine Mode-Erscheinung, sondern kann als Antwort auf unsere schnelllebige Zeit verstanden werden. \u00a9 StockSnap \/ Pixabay.com"},{"@type":"BreadcrumbList","@id":"https:\/\/www.organisator.ch\/abo\/2024-12-05\/mit-yoga-das-koerperliche-und-geistige-wohlbefinden-foerdern\/#breadcrumb","itemListElement":[{"@type":"ListItem","position":1,"name":"Home","item":"https:\/\/www.organisator.ch\/"},{"@type":"ListItem","position":2,"name":"Mit Yoga das k\u00f6rperliche und geistige Wohlbefinden f\u00f6rdern"}]},{"@type":"WebSite","@id":"https:\/\/www.organisator.ch\/#website","url":"https:\/\/www.organisator.ch\/","name":"Organizer","description":"Competent. Practical. In 10 issues per year, ORGANISATOR presents the essential topics for managers of SMEs.","publisher":{"@id":"https:\/\/www.organisator.ch\/#organization"},"potentialAction":[{"@type":"SearchAction","target":{"@type":"EntryPoint","urlTemplate":"https:\/\/www.organisator.ch\/?s={search_term_string}"},"query-input":{"@type":"PropertyValueSpecification","valueRequired":true,"valueName":"search_term_string"}}],"inLanguage":"en-US"},{"@type":"Organization","@id":"https:\/\/www.organisator.ch\/#organization","name":"Organizer","url":"https:\/\/www.organisator.ch\/","logo":{"@type":"ImageObject","inLanguage":"en-US","@id":"https:\/\/www.organisator.ch\/#\/schema\/logo\/image\/","url":"https:\/\/www.organisator.ch\/wp-content\/uploads\/2022\/01\/Logo_Organisator_Website.png","contentUrl":"https:\/\/www.organisator.ch\/wp-content\/uploads\/2022\/01\/Logo_Organisator_Website.png","width":800,"height":77,"caption":"Organisator"},"image":{"@id":"https:\/\/www.organisator.ch\/#\/schema\/logo\/image\/"},"sameAs":["https:\/\/www.facebook.com\/OrganisatorFachmagazin","https:\/\/www.linkedin.com\/showcase\/organisator-das-magazin-fr-kmu","https:\/\/www.xing.com\/news\/pages\/organisator-ch-695","https:\/\/www.youtube.com\/channel\/UCGP2Sq0iWaZwT3BdIAQFYpw"]},{"@type":"Person","@id":"https:\/\/www.organisator.ch\/#\/schema\/person\/aa2bace6c5c5aad60102004a50c4eb1c","name":"admin","image":{"@type":"ImageObject","inLanguage":"en-US","@id":"https:\/\/secure.gravatar.com\/avatar\/ae2f4d718e6c49043e314ce431e7e645d646302a24a5ef5a8bc8e3f5a032e319?s=96&d=mm&r=g","url":"https:\/\/secure.gravatar.com\/avatar\/ae2f4d718e6c49043e314ce431e7e645d646302a24a5ef5a8bc8e3f5a032e319?s=96&d=mm&r=g","contentUrl":"https:\/\/secure.gravatar.com\/avatar\/ae2f4d718e6c49043e314ce431e7e645d646302a24a5ef5a8bc8e3f5a032e319?s=96&d=mm&r=g","caption":"admin"},"sameAs":["https:\/\/www.organisator.ch"],"url":"https:\/\/www.organisator.ch\/en\/author\/admin\/"}]}},"_links":{"self":[{"href":"https:\/\/www.organisator.ch\/en\/wp-json\/wp\/v2\/posts\/34219","targetHints":{"allow":["GET"]}}],"collection":[{"href":"https:\/\/www.organisator.ch\/en\/wp-json\/wp\/v2\/posts"}],"about":[{"href":"https:\/\/www.organisator.ch\/en\/wp-json\/wp\/v2\/types\/post"}],"author":[{"embeddable":true,"href":"https:\/\/www.organisator.ch\/en\/wp-json\/wp\/v2\/users\/1"}],"replies":[{"embeddable":true,"href":"https:\/\/www.organisator.ch\/en\/wp-json\/wp\/v2\/comments?post=34219"}],"version-history":[{"count":2,"href":"https:\/\/www.organisator.ch\/en\/wp-json\/wp\/v2\/posts\/34219\/revisions"}],"predecessor-version":[{"id":34276,"href":"https:\/\/www.organisator.ch\/en\/wp-json\/wp\/v2\/posts\/34219\/revisions\/34276"}],"wp:featuredmedia":[{"embeddable":true,"href":"https:\/\/www.organisator.ch\/en\/wp-json\/wp\/v2\/media\/34218"}],"wp:attachment":[{"href":"https:\/\/www.organisator.ch\/en\/wp-json\/wp\/v2\/media?parent=34219"}],"wp:term":[{"taxonomy":"category","embeddable":true,"href":"https:\/\/www.organisator.ch\/en\/wp-json\/wp\/v2\/categories?post=34219"},{"taxonomy":"post_tag","embeddable":true,"href":"https:\/\/www.organisator.ch\/en\/wp-json\/wp\/v2\/tags?post=34219"}],"curies":[{"name":"wp","href":"https:\/\/api.w.org\/{rel}","templated":true}]}}