{"id":3422,"date":"2020-10-13T12:35:21","date_gmt":"2020-10-13T10:35:21","guid":{"rendered":"https:\/\/www.umweltperspektiven.ch\/?p=3422"},"modified":"2022-02-09T11:05:32","modified_gmt":"2022-02-09T10:05:32","slug":"to-international-e-waste-day","status":"publish","type":"post","link":"https:\/\/www.organisator.ch\/en\/sustainability\/2020-10-13\/zum-internationalen-e-waste-day\/","title":{"rendered":"On International E-Waste Day"},"content":{"rendered":"<figure id=\"attachment_3423\" aria-describedby=\"caption-attachment-3423\" style=\"width: 680px\" class=\"wp-caption alignnone\"><img loading=\"lazy\" decoding=\"async\" class=\"wp-image-3423 size-medium\" src=\"\/\/www.umweltperspektiven.ch\/wp-content\/uploads\/2020\/10\/International-E-Waste-UP_Umwelt-Perspektiven.jpg\" alt=\"\" width=\"680\" height=\"452\" srcset=\"https:\/\/www.organisator.ch\/wp-content\/uploads\/2020\/10\/International-E-Waste-UP_Umwelt-Perspektiven.jpg 1735w, https:\/\/www.organisator.ch\/wp-content\/uploads\/2020\/10\/International-E-Waste-UP_Umwelt-Perspektiven-680x452.jpg 680w, https:\/\/www.organisator.ch\/wp-content\/uploads\/2020\/10\/International-E-Waste-UP_Umwelt-Perspektiven-1024x680.jpg 1024w, https:\/\/www.organisator.ch\/wp-content\/uploads\/2020\/10\/International-E-Waste-UP_Umwelt-Perspektiven-768x510.jpg 768w, https:\/\/www.organisator.ch\/wp-content\/uploads\/2020\/10\/International-E-Waste-UP_Umwelt-Perspektiven-1536x1020.jpg 1536w, https:\/\/www.organisator.ch\/wp-content\/uploads\/2020\/10\/International-E-Waste-UP_Umwelt-Perspektiven-18x12.jpg 18w, https:\/\/www.organisator.ch\/wp-content\/uploads\/2020\/10\/International-E-Waste-UP_Umwelt-Perspektiven-264x175.jpg 264w, https:\/\/www.organisator.ch\/wp-content\/uploads\/2020\/10\/International-E-Waste-UP_Umwelt-Perspektiven-527x350.jpg 527w, https:\/\/www.organisator.ch\/wp-content\/uploads\/2020\/10\/International-E-Waste-UP_Umwelt-Perspektiven-1205x800.jpg 1205w, https:\/\/www.organisator.ch\/wp-content\/uploads\/2020\/10\/International-E-Waste-UP_Umwelt-Perspektiven-920x611.jpg 920w, https:\/\/www.organisator.ch\/wp-content\/uploads\/2020\/10\/International-E-Waste-UP_Umwelt-Perspektiven-1400x930.jpg 1400w, https:\/\/www.organisator.ch\/wp-content\/uploads\/2020\/10\/International-E-Waste-UP_Umwelt-Perspektiven-300x199.jpg 300w\" sizes=\"auto, (max-width: 680px) 100vw, 680px\" \/><figcaption id=\"caption-attachment-3423\" class=\"wp-caption-text\">Along with plastic, e-waste is the fastest growing waste stream in the world. By 2030, an incredible 74.7 million tons of e-waste is expected to be generated, which is roughly equivalent to 7390 Eiffel Towers. (Image: Unsplash)<\/figcaption><\/figure>\n<p>On the occasion of the 3rd International E-Waste Day on October 14, 2020, SENS eRecycling is launching several activities.  In order to increase the convenience of disposal for the population, SENS eRecycling is teaming up with Swiss Post. For the pilot project, Electro Recycling Bags will be delivered to households in the cities of Zurich and Bern from October 14 to December 31, 2020. The filled collection bags can be conveniently deposited in the milk crate and collected by Swiss Post.<br \/>\nIn parallel, a collection campaign is taking place at 170 schools in Zurich and Bern. The schools are asked to discuss eRecycling in class and collect defective and discarded electrical appliances together. The class that collects the most during the collection campaign will win 1000 francs for the class treasury. \"With this campaign, we want to sensitize children to the topic of eRecycling,\" says Sabrina Bj\u00f6\u00f6rn, Head of Marketing &amp; Communications, SENS eRecycling.<\/p>\n<p><strong>SENS eRecycling - 30 years for the environment<\/strong><br \/>\nOver the past 30 years, SENS eRecyling has collected and disposed of around 1.2 million tons of electrical and electronic equipment in Switzerland in cooperation with its dense partner network. In this way, a total of 830,000 tons of recyclable materials such as iron, steel, aluminum, copper or even gold could flow back into the production of new products. In addition to recycling, however, it is precisely the disposal of pollutants such as mercury, refrigerants or PCBs, which are difficult to degrade, that is crucial. The commitment of SENS eRecycling and partners means 150,000 billion environmental impact points (EIP) saved, which corresponds to an annual environmental footprint of 7.5 million Swiss people.<\/p>\n<p><strong>Recycle instead of leaving behind - awareness on social media<\/strong><\/p>\n<p>E-waste is the fastest growing waste stream in the world. By 2030, an incredible 74.7 million tons of e-waste are expected to be generated, which is roughly equivalent to 7390 Eiffel Towers. This shows how important it is to recycle professionally and thus to recover and reuse valuable materials. The numbers are clear and impressive. In 2019 alone, the value of raw materials in e-waste was equivalent to around 52 billion Swiss francs.<\/p>\n<p>With regard to E-Waste Day, social media activities are also planned - including a spot by Lucerne filmmaker Till Gm\u00fcr and exciting contributions by blogger, storyteller and photographer Andrea Monica Hug. In this way, SENS eRecycling wants to create greater awareness via social media and call for the proper disposal of e-waste and mobilize the population. \"To draw attention to the importance of eRecycling, all channels should be used,\" says Andrea Monica Hug.<\/p>\n<p><a href=\"\/\/www.sens.ch\">www.sens.ch<\/a><\/p>","protected":false},"excerpt":{"rendered":"<p>Anl\u00e4sslich des 3. International E-Waste Days am 14. Oktober 2020 startet SENS eRecycling mehrere Aktivit\u00e4ten.\u00a0 Um den Komfort beim Entsorgen f\u00fcr die Bev\u00f6lkerung zu steigern, spannt SENS eRecycling mit der Post zusammen. So werden f\u00fcr das Pilotprojekt vom 14. Oktober bis 31. Dezember 2020 in den St\u00e4dten Z\u00fcrich und Bern, Haushalte mit Electro Recycling Bags [&hellip;]<\/p>\n","protected":false},"author":5,"featured_media":3423,"comment_status":"closed","ping_status":"closed","sticky":false,"template":"","format":"standard","meta":{"_acf_changed":false,"_yoast_wpseo_focuskw":"SENS","_yoast_wpseo_metadesc":"Am 14. Oktober findet zum 3. Mal der International E-Waste Day statt. Als eine von weltweit 40 Organisationen unterst\u00fctzt auch SENS eRecycling die Kampagne.","articlekey":"","footnotes":""},"categories":[580],"tags":[690,1008,1041,1437,424,438],"class_list":["post-3422","post","type-post","status-publish","format-standard","has-post-thumbnail","hentry","category-sustainability","tag-aktivitaeten","tag-e-waste-day","tag-elektroschrott","tag-international-e-waste-day","tag-schweiz","tag-social-media"],"acf":[],"yoast_head":"<!-- This site is optimized with the Yoast SEO plugin v27.5 - https:\/\/yoast.com\/product\/yoast-seo-wordpress\/ -->\n<title>Zum Internationalen E-Waste Day - Organisator<\/title>\n<meta name=\"description\" content=\"Am 14. Oktober findet zum 3. Mal der International E-Waste Day statt. Als eine von weltweit 40 Organisationen unterst\u00fctzt auch SENS eRecycling die Kampagne.\" \/>\n<meta name=\"robots\" content=\"index, follow, max-snippet:-1, max-image-preview:large, max-video-preview:-1\" \/>\n<link rel=\"canonical\" href=\"https:\/\/www.organisator.ch\/en\/sustainability\/2020-10-13\/to-international-e-waste-day\/\" \/>\n<meta property=\"og:locale\" content=\"en_US\" \/>\n<meta property=\"og:type\" content=\"article\" \/>\n<meta property=\"og:title\" content=\"Zum Internationalen E-Waste Day - Organisator\" \/>\n<meta property=\"og:description\" content=\"Am 14. Oktober findet zum 3. Mal der International E-Waste Day statt. Als eine von weltweit 40 Organisationen unterst\u00fctzt auch SENS eRecycling die Kampagne.\" \/>\n<meta property=\"og:url\" content=\"https:\/\/www.organisator.ch\/en\/sustainability\/2020-10-13\/to-international-e-waste-day\/\" \/>\n<meta property=\"og:site_name\" content=\"Organisator\" \/>\n<meta property=\"article:publisher\" content=\"https:\/\/www.facebook.com\/OrganisatorFachmagazin\" \/>\n<meta property=\"article:published_time\" content=\"2020-10-13T10:35:21+00:00\" \/>\n<meta property=\"article:modified_time\" content=\"2022-02-09T10:05:32+00:00\" \/>\n<meta property=\"og:image\" content=\"https:\/\/www.organisator.ch\/wp-content\/uploads\/2020\/10\/International-E-Waste-UP_Umwelt-Perspektiven.jpg\" \/>\n\t<meta property=\"og:image:width\" content=\"1735\" \/>\n\t<meta property=\"og:image:height\" content=\"1152\" \/>\n\t<meta property=\"og:image:type\" content=\"image\/jpeg\" \/>\n<meta name=\"author\" content=\"michael.merz\" \/>\n<meta name=\"twitter:card\" content=\"summary_large_image\" \/>\n<script type=\"application\/ld+json\" class=\"yoast-schema-graph\">{\"@context\":\"https:\\\/\\\/schema.org\",\"@graph\":[{\"@type\":\"Article\",\"@id\":\"https:\\\/\\\/www.organisator.ch\\\/sustainability\\\/2020-10-13\\\/zum-internationalen-e-waste-day\\\/#article\",\"isPartOf\":{\"@id\":\"https:\\\/\\\/www.organisator.ch\\\/sustainability\\\/2020-10-13\\\/zum-internationalen-e-waste-day\\\/\"},\"author\":{\"name\":\"michael.merz\",\"@id\":\"https:\\\/\\\/www.organisator.ch\\\/#\\\/schema\\\/person\\\/134708ca9321c57b0362cceb7948ffbd\"},\"headline\":\"Zum Internationalen E-Waste Day\",\"datePublished\":\"2020-10-13T10:35:21+00:00\",\"dateModified\":\"2022-02-09T10:05:32+00:00\",\"mainEntityOfPage\":{\"@id\":\"https:\\\/\\\/www.organisator.ch\\\/sustainability\\\/2020-10-13\\\/zum-internationalen-e-waste-day\\\/\"},\"wordCount\":438,\"publisher\":{\"@id\":\"https:\\\/\\\/www.organisator.ch\\\/#organization\"},\"image\":{\"@id\":\"https:\\\/\\\/www.organisator.ch\\\/sustainability\\\/2020-10-13\\\/zum-internationalen-e-waste-day\\\/#primaryimage\"},\"thumbnailUrl\":\"https:\\\/\\\/www.organisator.ch\\\/wp-content\\\/uploads\\\/2020\\\/10\\\/International-E-Waste-UP_Umwelt-Perspektiven.jpg\",\"keywords\":[\"Aktivit\u00e4ten\",\"E-Waste Day\",\"Elektroschrott\",\"International E-Waste Day\",\"Schweiz\",\"Social Media\"],\"articleSection\":[\"SUSTAINABILITY\"],\"inLanguage\":\"en-US\"},{\"@type\":\"WebPage\",\"@id\":\"https:\\\/\\\/www.organisator.ch\\\/sustainability\\\/2020-10-13\\\/zum-internationalen-e-waste-day\\\/\",\"url\":\"https:\\\/\\\/www.organisator.ch\\\/sustainability\\\/2020-10-13\\\/zum-internationalen-e-waste-day\\\/\",\"name\":\"Zum Internationalen E-Waste Day - Organisator\",\"isPartOf\":{\"@id\":\"https:\\\/\\\/www.organisator.ch\\\/#website\"},\"primaryImageOfPage\":{\"@id\":\"https:\\\/\\\/www.organisator.ch\\\/sustainability\\\/2020-10-13\\\/zum-internationalen-e-waste-day\\\/#primaryimage\"},\"image\":{\"@id\":\"https:\\\/\\\/www.organisator.ch\\\/sustainability\\\/2020-10-13\\\/zum-internationalen-e-waste-day\\\/#primaryimage\"},\"thumbnailUrl\":\"https:\\\/\\\/www.organisator.ch\\\/wp-content\\\/uploads\\\/2020\\\/10\\\/International-E-Waste-UP_Umwelt-Perspektiven.jpg\",\"datePublished\":\"2020-10-13T10:35:21+00:00\",\"dateModified\":\"2022-02-09T10:05:32+00:00\",\"description\":\"Am 14. Oktober findet zum 3. Mal der International E-Waste Day statt. Als eine von weltweit 40 Organisationen unterst\u00fctzt auch SENS eRecycling die Kampagne.\",\"breadcrumb\":{\"@id\":\"https:\\\/\\\/www.organisator.ch\\\/sustainability\\\/2020-10-13\\\/zum-internationalen-e-waste-day\\\/#breadcrumb\"},\"inLanguage\":\"en-US\",\"potentialAction\":[{\"@type\":\"ReadAction\",\"target\":[\"https:\\\/\\\/www.organisator.ch\\\/sustainability\\\/2020-10-13\\\/zum-internationalen-e-waste-day\\\/\"]}]},{\"@type\":\"ImageObject\",\"inLanguage\":\"en-US\",\"@id\":\"https:\\\/\\\/www.organisator.ch\\\/sustainability\\\/2020-10-13\\\/zum-internationalen-e-waste-day\\\/#primaryimage\",\"url\":\"https:\\\/\\\/www.organisator.ch\\\/wp-content\\\/uploads\\\/2020\\\/10\\\/International-E-Waste-UP_Umwelt-Perspektiven.jpg\",\"contentUrl\":\"https:\\\/\\\/www.organisator.ch\\\/wp-content\\\/uploads\\\/2020\\\/10\\\/International-E-Waste-UP_Umwelt-Perspektiven.jpg\",\"width\":1735,\"height\":1152},{\"@type\":\"BreadcrumbList\",\"@id\":\"https:\\\/\\\/www.organisator.ch\\\/sustainability\\\/2020-10-13\\\/zum-internationalen-e-waste-day\\\/#breadcrumb\",\"itemListElement\":[{\"@type\":\"ListItem\",\"position\":1,\"name\":\"Home\",\"item\":\"https:\\\/\\\/www.organisator.ch\\\/\"},{\"@type\":\"ListItem\",\"position\":2,\"name\":\"Zum Internationalen E-Waste Day\"}]},{\"@type\":\"WebSite\",\"@id\":\"https:\\\/\\\/www.organisator.ch\\\/#website\",\"url\":\"https:\\\/\\\/www.organisator.ch\\\/\",\"name\":\"Organisator\",\"description\":\"Kompetent. Praxisnah. Der ORGANISATOR bereitet in 10 Ausgaben pro Jahr die wesentlichen Themen f\u00fcr F\u00fchrungskr\u00e4fte von KMU auf.\",\"publisher\":{\"@id\":\"https:\\\/\\\/www.organisator.ch\\\/#organization\"},\"potentialAction\":[{\"@type\":\"SearchAction\",\"target\":{\"@type\":\"EntryPoint\",\"urlTemplate\":\"https:\\\/\\\/www.organisator.ch\\\/?s={search_term_string}\"},\"query-input\":{\"@type\":\"PropertyValueSpecification\",\"valueRequired\":true,\"valueName\":\"search_term_string\"}}],\"inLanguage\":\"en-US\"},{\"@type\":\"Organization\",\"@id\":\"https:\\\/\\\/www.organisator.ch\\\/#organization\",\"name\":\"Organisator\",\"url\":\"https:\\\/\\\/www.organisator.ch\\\/\",\"logo\":{\"@type\":\"ImageObject\",\"inLanguage\":\"en-US\",\"@id\":\"https:\\\/\\\/www.organisator.ch\\\/#\\\/schema\\\/logo\\\/image\\\/\",\"url\":\"https:\\\/\\\/www.organisator.ch\\\/wp-content\\\/uploads\\\/2022\\\/01\\\/Logo_Organisator_Website.png\",\"contentUrl\":\"https:\\\/\\\/www.organisator.ch\\\/wp-content\\\/uploads\\\/2022\\\/01\\\/Logo_Organisator_Website.png\",\"width\":800,\"height\":77,\"caption\":\"Organisator\"},\"image\":{\"@id\":\"https:\\\/\\\/www.organisator.ch\\\/#\\\/schema\\\/logo\\\/image\\\/\"},\"sameAs\":[\"https:\\\/\\\/www.facebook.com\\\/OrganisatorFachmagazin\",\"https:\\\/\\\/www.linkedin.com\\\/showcase\\\/organisator-das-magazin-fr-kmu\",\"https:\\\/\\\/www.xing.com\\\/news\\\/pages\\\/organisator-ch-695\",\"https:\\\/\\\/www.youtube.com\\\/channel\\\/UCGP2Sq0iWaZwT3BdIAQFYpw\"]},{\"@type\":\"Person\",\"@id\":\"https:\\\/\\\/www.organisator.ch\\\/#\\\/schema\\\/person\\\/134708ca9321c57b0362cceb7948ffbd\",\"name\":\"michael.merz\",\"image\":{\"@type\":\"ImageObject\",\"inLanguage\":\"en-US\",\"@id\":\"https:\\\/\\\/secure.gravatar.com\\\/avatar\\\/?s=96&d=mm&r=g\",\"url\":\"https:\\\/\\\/secure.gravatar.com\\\/avatar\\\/?s=96&d=mm&r=g\",\"contentUrl\":\"https:\\\/\\\/secure.gravatar.com\\\/avatar\\\/?s=96&d=mm&r=g\",\"caption\":\"michael.merz\"},\"url\":\"https:\\\/\\\/www.organisator.ch\\\/en\\\/author\\\/michael-merz\\\/\"}]}<\/script>\n<!-- \/ Yoast SEO plugin. -->","yoast_head_json":{"title":"To the International E-Waste Day - organizer","description":"On October 14, the International E-Waste Day will take place for the 3rd time. As one of 40 organizations worldwide, SENS eRecycling also supports the campaign.","robots":{"index":"index","follow":"follow","max-snippet":"max-snippet:-1","max-image-preview":"max-image-preview:large","max-video-preview":"max-video-preview:-1"},"canonical":"https:\/\/www.organisator.ch\/en\/sustainability\/2020-10-13\/to-international-e-waste-day\/","og_locale":"en_US","og_type":"article","og_title":"Zum Internationalen E-Waste Day - Organisator","og_description":"Am 14. Oktober findet zum 3. Mal der International E-Waste Day statt. Als eine von weltweit 40 Organisationen unterst\u00fctzt auch SENS eRecycling die Kampagne.","og_url":"https:\/\/www.organisator.ch\/en\/sustainability\/2020-10-13\/to-international-e-waste-day\/","og_site_name":"Organisator","article_publisher":"https:\/\/www.facebook.com\/OrganisatorFachmagazin","article_published_time":"2020-10-13T10:35:21+00:00","article_modified_time":"2022-02-09T10:05:32+00:00","og_image":[{"width":1735,"height":1152,"url":"https:\/\/www.organisator.ch\/wp-content\/uploads\/2020\/10\/International-E-Waste-UP_Umwelt-Perspektiven.jpg","type":"image\/jpeg"}],"author":"michael.merz","twitter_card":"summary_large_image","schema":{"@context":"https:\/\/schema.org","@graph":[{"@type":"Article","@id":"https:\/\/www.organisator.ch\/sustainability\/2020-10-13\/zum-internationalen-e-waste-day\/#article","isPartOf":{"@id":"https:\/\/www.organisator.ch\/sustainability\/2020-10-13\/zum-internationalen-e-waste-day\/"},"author":{"name":"michael.merz","@id":"https:\/\/www.organisator.ch\/#\/schema\/person\/134708ca9321c57b0362cceb7948ffbd"},"headline":"Zum Internationalen E-Waste Day","datePublished":"2020-10-13T10:35:21+00:00","dateModified":"2022-02-09T10:05:32+00:00","mainEntityOfPage":{"@id":"https:\/\/www.organisator.ch\/sustainability\/2020-10-13\/zum-internationalen-e-waste-day\/"},"wordCount":438,"publisher":{"@id":"https:\/\/www.organisator.ch\/#organization"},"image":{"@id":"https:\/\/www.organisator.ch\/sustainability\/2020-10-13\/zum-internationalen-e-waste-day\/#primaryimage"},"thumbnailUrl":"https:\/\/www.organisator.ch\/wp-content\/uploads\/2020\/10\/International-E-Waste-UP_Umwelt-Perspektiven.jpg","keywords":["Aktivit\u00e4ten","E-Waste Day","Elektroschrott","International E-Waste Day","Schweiz","Social Media"],"articleSection":["SUSTAINABILITY"],"inLanguage":"en-US"},{"@type":"WebPage","@id":"https:\/\/www.organisator.ch\/sustainability\/2020-10-13\/zum-internationalen-e-waste-day\/","url":"https:\/\/www.organisator.ch\/sustainability\/2020-10-13\/zum-internationalen-e-waste-day\/","name":"To the International E-Waste Day - organizer","isPartOf":{"@id":"https:\/\/www.organisator.ch\/#website"},"primaryImageOfPage":{"@id":"https:\/\/www.organisator.ch\/sustainability\/2020-10-13\/zum-internationalen-e-waste-day\/#primaryimage"},"image":{"@id":"https:\/\/www.organisator.ch\/sustainability\/2020-10-13\/zum-internationalen-e-waste-day\/#primaryimage"},"thumbnailUrl":"https:\/\/www.organisator.ch\/wp-content\/uploads\/2020\/10\/International-E-Waste-UP_Umwelt-Perspektiven.jpg","datePublished":"2020-10-13T10:35:21+00:00","dateModified":"2022-02-09T10:05:32+00:00","description":"On October 14, the International E-Waste Day will take place for the 3rd time. As one of 40 organizations worldwide, SENS eRecycling also supports the campaign.","breadcrumb":{"@id":"https:\/\/www.organisator.ch\/sustainability\/2020-10-13\/zum-internationalen-e-waste-day\/#breadcrumb"},"inLanguage":"en-US","potentialAction":[{"@type":"ReadAction","target":["https:\/\/www.organisator.ch\/sustainability\/2020-10-13\/zum-internationalen-e-waste-day\/"]}]},{"@type":"ImageObject","inLanguage":"en-US","@id":"https:\/\/www.organisator.ch\/sustainability\/2020-10-13\/zum-internationalen-e-waste-day\/#primaryimage","url":"https:\/\/www.organisator.ch\/wp-content\/uploads\/2020\/10\/International-E-Waste-UP_Umwelt-Perspektiven.jpg","contentUrl":"https:\/\/www.organisator.ch\/wp-content\/uploads\/2020\/10\/International-E-Waste-UP_Umwelt-Perspektiven.jpg","width":1735,"height":1152},{"@type":"BreadcrumbList","@id":"https:\/\/www.organisator.ch\/sustainability\/2020-10-13\/zum-internationalen-e-waste-day\/#breadcrumb","itemListElement":[{"@type":"ListItem","position":1,"name":"Home","item":"https:\/\/www.organisator.ch\/"},{"@type":"ListItem","position":2,"name":"Zum Internationalen E-Waste Day"}]},{"@type":"WebSite","@id":"https:\/\/www.organisator.ch\/#website","url":"https:\/\/www.organisator.ch\/","name":"Organizer","description":"Competent. Practical. In 10 issues per year, ORGANISATOR presents the essential topics for managers of SMEs.","publisher":{"@id":"https:\/\/www.organisator.ch\/#organization"},"potentialAction":[{"@type":"SearchAction","target":{"@type":"EntryPoint","urlTemplate":"https:\/\/www.organisator.ch\/?s={search_term_string}"},"query-input":{"@type":"PropertyValueSpecification","valueRequired":true,"valueName":"search_term_string"}}],"inLanguage":"en-US"},{"@type":"Organization","@id":"https:\/\/www.organisator.ch\/#organization","name":"Organizer","url":"https:\/\/www.organisator.ch\/","logo":{"@type":"ImageObject","inLanguage":"en-US","@id":"https:\/\/www.organisator.ch\/#\/schema\/logo\/image\/","url":"https:\/\/www.organisator.ch\/wp-content\/uploads\/2022\/01\/Logo_Organisator_Website.png","contentUrl":"https:\/\/www.organisator.ch\/wp-content\/uploads\/2022\/01\/Logo_Organisator_Website.png","width":800,"height":77,"caption":"Organisator"},"image":{"@id":"https:\/\/www.organisator.ch\/#\/schema\/logo\/image\/"},"sameAs":["https:\/\/www.facebook.com\/OrganisatorFachmagazin","https:\/\/www.linkedin.com\/showcase\/organisator-das-magazin-fr-kmu","https:\/\/www.xing.com\/news\/pages\/organisator-ch-695","https:\/\/www.youtube.com\/channel\/UCGP2Sq0iWaZwT3BdIAQFYpw"]},{"@type":"Person","@id":"https:\/\/www.organisator.ch\/#\/schema\/person\/134708ca9321c57b0362cceb7948ffbd","name":"michael.merz","image":{"@type":"ImageObject","inLanguage":"en-US","@id":"https:\/\/secure.gravatar.com\/avatar\/?s=96&d=mm&r=g","url":"https:\/\/secure.gravatar.com\/avatar\/?s=96&d=mm&r=g","contentUrl":"https:\/\/secure.gravatar.com\/avatar\/?s=96&d=mm&r=g","caption":"michael.merz"},"url":"https:\/\/www.organisator.ch\/en\/author\/michael-merz\/"}]}},"_links":{"self":[{"href":"https:\/\/www.organisator.ch\/en\/wp-json\/wp\/v2\/posts\/3422","targetHints":{"allow":["GET"]}}],"collection":[{"href":"https:\/\/www.organisator.ch\/en\/wp-json\/wp\/v2\/posts"}],"about":[{"href":"https:\/\/www.organisator.ch\/en\/wp-json\/wp\/v2\/types\/post"}],"author":[{"embeddable":true,"href":"https:\/\/www.organisator.ch\/en\/wp-json\/wp\/v2\/users\/5"}],"replies":[{"embeddable":true,"href":"https:\/\/www.organisator.ch\/en\/wp-json\/wp\/v2\/comments?post=3422"}],"version-history":[{"count":1,"href":"https:\/\/www.organisator.ch\/en\/wp-json\/wp\/v2\/posts\/3422\/revisions"}],"predecessor-version":[{"id":10384,"href":"https:\/\/www.organisator.ch\/en\/wp-json\/wp\/v2\/posts\/3422\/revisions\/10384"}],"wp:featuredmedia":[{"embeddable":true,"href":"https:\/\/www.organisator.ch\/en\/wp-json\/wp\/v2\/media\/3423"}],"wp:attachment":[{"href":"https:\/\/www.organisator.ch\/en\/wp-json\/wp\/v2\/media?parent=3422"}],"wp:term":[{"taxonomy":"category","embeddable":true,"href":"https:\/\/www.organisator.ch\/en\/wp-json\/wp\/v2\/categories?post=3422"},{"taxonomy":"post_tag","embeddable":true,"href":"https:\/\/www.organisator.ch\/en\/wp-json\/wp\/v2\/tags?post=3422"}],"curies":[{"name":"wp","href":"https:\/\/api.w.org\/{rel}","templated":true}]}}