{"id":34499,"date":"2024-12-08T19:40:59","date_gmt":"2024-12-08T18:40:59","guid":{"rendered":"https:\/\/www.markt-kom.com\/?p=227801"},"modified":"2024-12-09T07:48:10","modified_gmt":"2024-12-09T06:48:10","slug":"werberin-des-jahres-2025-die-community-entscheidet-mit","status":"publish","type":"post","link":"https:\/\/www.organisator.ch\/en\/marketing\/2024-12-08\/werberin-des-jahres-2025-die-community-entscheidet-mit\/","title":{"rendered":"\"Advertiser:in of the year\" 2025: The community has a say"},"content":{"rendered":"<p><a href=\"https:\/\/www.markt-kom.com\/wp-content\/uploads\/2024\/12\/WDJ-2025-VOTING-1.jpg\"><img class=\"aligncenter size-full wp-image-227803\" src=\"https:\/\/www.markt-kom.com\/wp-content\/uploads\/2024\/12\/WDJ-2025-VOTING-1.jpg\" sizes=\"(max-width: 1200px) 100vw, 1200px\" srcset=\"https:\/\/www.markt-kom.com\/wp-content\/uploads\/2024\/12\/WDJ-2025-VOTING-1.jpg 1200w, https:\/\/www.markt-kom.com\/wp-content\/uploads\/2024\/12\/WDJ-2025-VOTING-1-600x338.jpg 600w, https:\/\/www.markt-kom.com\/wp-content\/uploads\/2024\/12\/WDJ-2025-VOTING-1-1024x576.jpg 1024w, https:\/\/www.markt-kom.com\/wp-content\/uploads\/2024\/12\/WDJ-2025-VOTING-1-768x432.jpg 768w, https:\/\/www.markt-kom.com\/wp-content\/uploads\/2024\/12\/WDJ-2025-VOTING-1-18x10.jpg 18w, https:\/\/www.markt-kom.com\/wp-content\/uploads\/2024\/12\/WDJ-2025-VOTING-1-311x175.jpg 311w, https:\/\/www.markt-kom.com\/wp-content\/uploads\/2024\/12\/WDJ-2025-VOTING-1-622x350.jpg 622w, https:\/\/www.markt-kom.com\/wp-content\/uploads\/2024\/12\/WDJ-2025-VOTING-1-1000x563.jpg 1000w\" alt=\"\" width=\"1200\" height=\"675\" \/><\/a><\/p>\r\n<p>Soon it will once again be \"Who will be 'Advertiser:in of the Year' 2025?\". We have been selecting personalities from the Swiss advertising and communication scene for over 45 years. Since 2023, it is not only the high-caliber jury that decides who will be nominated, but also the opinion of the community.<\/p>\r\n<p>We are looking for people who are active in the industry as service providers in the broadest sense. They should have distinguished themselves through outstanding achievements and represent the local industry as opinion leaders and ambassadors. It is irrelevant whether this person works in an agency or freelance and whether they work in a creative, strategic or advisory capacity.<\/p>\r\n<p>The nomination takes place\u00a0<a href=\"https:\/\/www.markt-kom.com\/de\/newsletter\/\" rel=\"noopener\">via the free newsletter from\u00a0<em>m&amp;k advertisingweek.ch\u00a0<\/em><\/a>will take place. One person can be nominated per subscriber. Please provide the full name and explain in one or two sentences why this person should be given a chance to become \"Advertiser:in of the Year\" 2025. The nomination window opens on Monday, December 9, 2024 and closes on Friday evening, December 13, 2024.<\/p>\r\n<p>After the nomination phase, the <em>m&amp;k <\/em>editors review the entries. The ten most frequently mentioned nominees are presented to the jury, consisting of the last ten \"Advertisers of the Year\". Each jury member can also nominate an additional person.<\/p>\r\n<p>From the final list of nominees, the jury will select a top 3, which will be announced in spring 2024. As in previous years, voting will again take place via the newsletter of <em>m&amp;k advertisingweek.ch\u00a0<\/em>will take place. Further information on the voting will be communicated in due course.<\/p>\r\n<p>You can only take part in the nomination and the official voting in spring if you are a newsletter subscriber. If you have not yet done so: Sign up\u00a0<a href=\"https:\/\/www.markt-kom.com\/de\/newsletter\/\" rel=\"noopener\">today for our newsletter<\/a> to receive relevant news from the industry daily and free of charge as well as the chance to vote! Your details will of course be treated confidentially. They are only used to prevent multiple nominations. All personal data will be deleted immediately after voting.<\/p>\r\n<p>We look forward to your input and wish you a happy Advent season.<\/p>\r\n<p><em>Your m&amp;k Werbewoche editors<\/em><\/p>","protected":false},"excerpt":{"rendered":"<p>Who should be \"Advertiser:in of the Year\" 2025? The m&amp;k community also has a say in who is nominated. You can nominate your favorite candidate until Friday, December 13.<\/p>","protected":false},"author":8,"featured_media":0,"comment_status":"closed","ping_status":"closed","sticky":false,"template":"","format":"standard","meta":{"_acf_changed":false,"_yoast_wpseo_focuskw":"Werber:in des Jahres 2025","_yoast_wpseo_metadesc":"Nominieren Sie jetzt Ihre Favoriten f\u00fcr den Titel \"Werber:in des Jahres 2025\". Teilnahme nur f\u00fcr Newsletter-Abonnenten.","articlekey":"","footnotes":""},"categories":[29],"tags":[66,4922],"class_list":["post-34499","post","type-post","status-publish","format-standard","hentry","category-marketing","tag-awards","tag-werberin-des-jahres"],"acf":[],"yoast_head":"<!-- This site is optimized with the Yoast SEO plugin v27.5 - https:\/\/yoast.com\/product\/yoast-seo-wordpress\/ -->\n<title>\u00abWerber:in des Jahres\u00bb 2025: Die Community entscheidet mit - Organisator<\/title>\n<meta name=\"description\" content=\"Nominieren Sie jetzt Ihre Favoriten f\u00fcr den Titel &quot;Werber:in des Jahres 2025&quot;. Teilnahme nur f\u00fcr Newsletter-Abonnenten.\" \/>\n<meta name=\"robots\" content=\"index, follow, max-snippet:-1, max-image-preview:large, max-video-preview:-1\" \/>\n<link rel=\"canonical\" href=\"https:\/\/www.organisator.ch\/en\/marketing\/2024-12-08\/werberin-des-jahres-2025-die-community-entscheidet-mit\/\" \/>\n<meta property=\"og:locale\" content=\"en_US\" \/>\n<meta property=\"og:type\" content=\"article\" \/>\n<meta property=\"og:title\" content=\"\u00abWerber:in des Jahres\u00bb 2025: Die Community entscheidet mit - Organisator\" \/>\n<meta property=\"og:description\" content=\"Nominieren Sie jetzt Ihre Favoriten f\u00fcr den Titel &quot;Werber:in des Jahres 2025&quot;. Teilnahme nur f\u00fcr Newsletter-Abonnenten.\" \/>\n<meta property=\"og:url\" content=\"https:\/\/www.organisator.ch\/en\/marketing\/2024-12-08\/werberin-des-jahres-2025-die-community-entscheidet-mit\/\" \/>\n<meta property=\"og:site_name\" content=\"Organisator\" \/>\n<meta property=\"article:publisher\" content=\"https:\/\/www.facebook.com\/OrganisatorFachmagazin\" \/>\n<meta property=\"article:published_time\" content=\"2024-12-08T18:40:59+00:00\" \/>\n<meta property=\"article:modified_time\" content=\"2024-12-09T06:48:10+00:00\" \/>\n<meta name=\"author\" content=\"galledia\" \/>\n<meta name=\"twitter:card\" content=\"summary_large_image\" \/>\n<meta name=\"twitter:creator\" content=\"@admin\" \/>\n<script type=\"application\/ld+json\" class=\"yoast-schema-graph\">{\"@context\":\"https:\\\/\\\/schema.org\",\"@graph\":[{\"@type\":\"Article\",\"@id\":\"https:\\\/\\\/www.organisator.ch\\\/marketing\\\/2024-12-08\\\/werberin-des-jahres-2025-die-community-entscheidet-mit\\\/#article\",\"isPartOf\":{\"@id\":\"https:\\\/\\\/www.organisator.ch\\\/marketing\\\/2024-12-08\\\/werberin-des-jahres-2025-die-community-entscheidet-mit\\\/\"},\"author\":{\"name\":\"galledia\",\"@id\":\"https:\\\/\\\/www.organisator.ch\\\/#\\\/schema\\\/person\\\/4e51799071cd2dd1232ac003643ef5f0\"},\"headline\":\"\u00abWerber:in des Jahres\u00bb 2025: Die Community entscheidet mit\",\"datePublished\":\"2024-12-08T18:40:59+00:00\",\"dateModified\":\"2024-12-09T06:48:10+00:00\",\"mainEntityOfPage\":{\"@id\":\"https:\\\/\\\/www.organisator.ch\\\/marketing\\\/2024-12-08\\\/werberin-des-jahres-2025-die-community-entscheidet-mit\\\/\"},\"wordCount\":377,\"publisher\":{\"@id\":\"https:\\\/\\\/www.organisator.ch\\\/#organization\"},\"image\":{\"@id\":\"https:\\\/\\\/www.organisator.ch\\\/marketing\\\/2024-12-08\\\/werberin-des-jahres-2025-die-community-entscheidet-mit\\\/#primaryimage\"},\"thumbnailUrl\":\"https:\\\/\\\/www.markt-kom.com\\\/wp-content\\\/uploads\\\/2024\\\/12\\\/WDJ-2025-VOTING-1.jpg\",\"keywords\":[\"Awards\",\"Werber:in des Jahres\"],\"articleSection\":[\"MARKETING\"],\"inLanguage\":\"en-US\"},{\"@type\":\"WebPage\",\"@id\":\"https:\\\/\\\/www.organisator.ch\\\/marketing\\\/2024-12-08\\\/werberin-des-jahres-2025-die-community-entscheidet-mit\\\/\",\"url\":\"https:\\\/\\\/www.organisator.ch\\\/marketing\\\/2024-12-08\\\/werberin-des-jahres-2025-die-community-entscheidet-mit\\\/\",\"name\":\"\u00abWerber:in des Jahres\u00bb 2025: Die Community entscheidet mit - Organisator\",\"isPartOf\":{\"@id\":\"https:\\\/\\\/www.organisator.ch\\\/#website\"},\"primaryImageOfPage\":{\"@id\":\"https:\\\/\\\/www.organisator.ch\\\/marketing\\\/2024-12-08\\\/werberin-des-jahres-2025-die-community-entscheidet-mit\\\/#primaryimage\"},\"image\":{\"@id\":\"https:\\\/\\\/www.organisator.ch\\\/marketing\\\/2024-12-08\\\/werberin-des-jahres-2025-die-community-entscheidet-mit\\\/#primaryimage\"},\"thumbnailUrl\":\"https:\\\/\\\/www.markt-kom.com\\\/wp-content\\\/uploads\\\/2024\\\/12\\\/WDJ-2025-VOTING-1.jpg\",\"datePublished\":\"2024-12-08T18:40:59+00:00\",\"dateModified\":\"2024-12-09T06:48:10+00:00\",\"description\":\"Nominieren Sie jetzt Ihre Favoriten f\u00fcr den Titel \\\"Werber:in des Jahres 2025\\\". Teilnahme nur f\u00fcr Newsletter-Abonnenten.\",\"breadcrumb\":{\"@id\":\"https:\\\/\\\/www.organisator.ch\\\/marketing\\\/2024-12-08\\\/werberin-des-jahres-2025-die-community-entscheidet-mit\\\/#breadcrumb\"},\"inLanguage\":\"en-US\",\"potentialAction\":[{\"@type\":\"ReadAction\",\"target\":[\"https:\\\/\\\/www.organisator.ch\\\/marketing\\\/2024-12-08\\\/werberin-des-jahres-2025-die-community-entscheidet-mit\\\/\"]}]},{\"@type\":\"ImageObject\",\"inLanguage\":\"en-US\",\"@id\":\"https:\\\/\\\/www.organisator.ch\\\/marketing\\\/2024-12-08\\\/werberin-des-jahres-2025-die-community-entscheidet-mit\\\/#primaryimage\",\"url\":\"https:\\\/\\\/www.markt-kom.com\\\/wp-content\\\/uploads\\\/2024\\\/12\\\/WDJ-2025-VOTING-1.jpg\",\"contentUrl\":\"https:\\\/\\\/www.markt-kom.com\\\/wp-content\\\/uploads\\\/2024\\\/12\\\/WDJ-2025-VOTING-1.jpg\"},{\"@type\":\"BreadcrumbList\",\"@id\":\"https:\\\/\\\/www.organisator.ch\\\/marketing\\\/2024-12-08\\\/werberin-des-jahres-2025-die-community-entscheidet-mit\\\/#breadcrumb\",\"itemListElement\":[{\"@type\":\"ListItem\",\"position\":1,\"name\":\"Home\",\"item\":\"https:\\\/\\\/www.organisator.ch\\\/\"},{\"@type\":\"ListItem\",\"position\":2,\"name\":\"\u00abWerber:in des Jahres\u00bb 2025: Die Community entscheidet mit\"}]},{\"@type\":\"WebSite\",\"@id\":\"https:\\\/\\\/www.organisator.ch\\\/#website\",\"url\":\"https:\\\/\\\/www.organisator.ch\\\/\",\"name\":\"Organisator\",\"description\":\"Kompetent. Praxisnah. Der ORGANISATOR bereitet in 10 Ausgaben pro Jahr die wesentlichen Themen f\u00fcr F\u00fchrungskr\u00e4fte von KMU auf.\",\"publisher\":{\"@id\":\"https:\\\/\\\/www.organisator.ch\\\/#organization\"},\"potentialAction\":[{\"@type\":\"SearchAction\",\"target\":{\"@type\":\"EntryPoint\",\"urlTemplate\":\"https:\\\/\\\/www.organisator.ch\\\/?s={search_term_string}\"},\"query-input\":{\"@type\":\"PropertyValueSpecification\",\"valueRequired\":true,\"valueName\":\"search_term_string\"}}],\"inLanguage\":\"en-US\"},{\"@type\":\"Organization\",\"@id\":\"https:\\\/\\\/www.organisator.ch\\\/#organization\",\"name\":\"Organisator\",\"url\":\"https:\\\/\\\/www.organisator.ch\\\/\",\"logo\":{\"@type\":\"ImageObject\",\"inLanguage\":\"en-US\",\"@id\":\"https:\\\/\\\/www.organisator.ch\\\/#\\\/schema\\\/logo\\\/image\\\/\",\"url\":\"https:\\\/\\\/www.organisator.ch\\\/wp-content\\\/uploads\\\/2022\\\/01\\\/Logo_Organisator_Website.png\",\"contentUrl\":\"https:\\\/\\\/www.organisator.ch\\\/wp-content\\\/uploads\\\/2022\\\/01\\\/Logo_Organisator_Website.png\",\"width\":800,\"height\":77,\"caption\":\"Organisator\"},\"image\":{\"@id\":\"https:\\\/\\\/www.organisator.ch\\\/#\\\/schema\\\/logo\\\/image\\\/\"},\"sameAs\":[\"https:\\\/\\\/www.facebook.com\\\/OrganisatorFachmagazin\",\"https:\\\/\\\/www.linkedin.com\\\/showcase\\\/organisator-das-magazin-fr-kmu\",\"https:\\\/\\\/www.xing.com\\\/news\\\/pages\\\/organisator-ch-695\",\"https:\\\/\\\/www.youtube.com\\\/channel\\\/UCGP2Sq0iWaZwT3BdIAQFYpw\"]},{\"@type\":\"Person\",\"@id\":\"https:\\\/\\\/www.organisator.ch\\\/#\\\/schema\\\/person\\\/4e51799071cd2dd1232ac003643ef5f0\",\"name\":\"galledia\",\"image\":{\"@type\":\"ImageObject\",\"inLanguage\":\"en-US\",\"@id\":\"https:\\\/\\\/secure.gravatar.com\\\/avatar\\\/78a7f90c01fc2bfc875782a0d4922b37cde2cf184ce347b91316d23cd7f69a36?s=96&d=mm&r=g\",\"url\":\"https:\\\/\\\/secure.gravatar.com\\\/avatar\\\/78a7f90c01fc2bfc875782a0d4922b37cde2cf184ce347b91316d23cd7f69a36?s=96&d=mm&r=g\",\"contentUrl\":\"https:\\\/\\\/secure.gravatar.com\\\/avatar\\\/78a7f90c01fc2bfc875782a0d4922b37cde2cf184ce347b91316d23cd7f69a36?s=96&d=mm&r=g\",\"caption\":\"galledia\"},\"sameAs\":[\"https:\\\/\\\/x.com\\\/admin\"],\"url\":\"https:\\\/\\\/www.organisator.ch\\\/en\\\/author\\\/galledia\\\/\"}]}<\/script>\n<!-- \/ Yoast SEO plugin. -->","yoast_head_json":{"title":"\"Advertiser:in of the Year\" 2025: The community helps decide - Organizer","description":"Nominate your favorites now for the title \"Advertiser:in of the Year 2025\". Participation only for newsletter subscribers.","robots":{"index":"index","follow":"follow","max-snippet":"max-snippet:-1","max-image-preview":"max-image-preview:large","max-video-preview":"max-video-preview:-1"},"canonical":"https:\/\/www.organisator.ch\/en\/marketing\/2024-12-08\/werberin-des-jahres-2025-die-community-entscheidet-mit\/","og_locale":"en_US","og_type":"article","og_title":"\u00abWerber:in des Jahres\u00bb 2025: Die Community entscheidet mit - Organisator","og_description":"Nominieren Sie jetzt Ihre Favoriten f\u00fcr den Titel \"Werber:in des Jahres 2025\". Teilnahme nur f\u00fcr Newsletter-Abonnenten.","og_url":"https:\/\/www.organisator.ch\/en\/marketing\/2024-12-08\/werberin-des-jahres-2025-die-community-entscheidet-mit\/","og_site_name":"Organisator","article_publisher":"https:\/\/www.facebook.com\/OrganisatorFachmagazin","article_published_time":"2024-12-08T18:40:59+00:00","article_modified_time":"2024-12-09T06:48:10+00:00","author":"galledia","twitter_card":"summary_large_image","twitter_creator":"@admin","schema":{"@context":"https:\/\/schema.org","@graph":[{"@type":"Article","@id":"https:\/\/www.organisator.ch\/marketing\/2024-12-08\/werberin-des-jahres-2025-die-community-entscheidet-mit\/#article","isPartOf":{"@id":"https:\/\/www.organisator.ch\/marketing\/2024-12-08\/werberin-des-jahres-2025-die-community-entscheidet-mit\/"},"author":{"name":"galledia","@id":"https:\/\/www.organisator.ch\/#\/schema\/person\/4e51799071cd2dd1232ac003643ef5f0"},"headline":"\u00abWerber:in des Jahres\u00bb 2025: Die Community entscheidet mit","datePublished":"2024-12-08T18:40:59+00:00","dateModified":"2024-12-09T06:48:10+00:00","mainEntityOfPage":{"@id":"https:\/\/www.organisator.ch\/marketing\/2024-12-08\/werberin-des-jahres-2025-die-community-entscheidet-mit\/"},"wordCount":377,"publisher":{"@id":"https:\/\/www.organisator.ch\/#organization"},"image":{"@id":"https:\/\/www.organisator.ch\/marketing\/2024-12-08\/werberin-des-jahres-2025-die-community-entscheidet-mit\/#primaryimage"},"thumbnailUrl":"https:\/\/www.markt-kom.com\/wp-content\/uploads\/2024\/12\/WDJ-2025-VOTING-1.jpg","keywords":["Awards","Werber:in des Jahres"],"articleSection":["MARKETING"],"inLanguage":"en-US"},{"@type":"WebPage","@id":"https:\/\/www.organisator.ch\/marketing\/2024-12-08\/werberin-des-jahres-2025-die-community-entscheidet-mit\/","url":"https:\/\/www.organisator.ch\/marketing\/2024-12-08\/werberin-des-jahres-2025-die-community-entscheidet-mit\/","name":"\"Advertiser:in of the Year\" 2025: The community helps decide - Organizer","isPartOf":{"@id":"https:\/\/www.organisator.ch\/#website"},"primaryImageOfPage":{"@id":"https:\/\/www.organisator.ch\/marketing\/2024-12-08\/werberin-des-jahres-2025-die-community-entscheidet-mit\/#primaryimage"},"image":{"@id":"https:\/\/www.organisator.ch\/marketing\/2024-12-08\/werberin-des-jahres-2025-die-community-entscheidet-mit\/#primaryimage"},"thumbnailUrl":"https:\/\/www.markt-kom.com\/wp-content\/uploads\/2024\/12\/WDJ-2025-VOTING-1.jpg","datePublished":"2024-12-08T18:40:59+00:00","dateModified":"2024-12-09T06:48:10+00:00","description":"Nominate your favorites now for the title \"Advertiser:in of the Year 2025\". Participation only for newsletter subscribers.","breadcrumb":{"@id":"https:\/\/www.organisator.ch\/marketing\/2024-12-08\/werberin-des-jahres-2025-die-community-entscheidet-mit\/#breadcrumb"},"inLanguage":"en-US","potentialAction":[{"@type":"ReadAction","target":["https:\/\/www.organisator.ch\/marketing\/2024-12-08\/werberin-des-jahres-2025-die-community-entscheidet-mit\/"]}]},{"@type":"ImageObject","inLanguage":"en-US","@id":"https:\/\/www.organisator.ch\/marketing\/2024-12-08\/werberin-des-jahres-2025-die-community-entscheidet-mit\/#primaryimage","url":"https:\/\/www.markt-kom.com\/wp-content\/uploads\/2024\/12\/WDJ-2025-VOTING-1.jpg","contentUrl":"https:\/\/www.markt-kom.com\/wp-content\/uploads\/2024\/12\/WDJ-2025-VOTING-1.jpg"},{"@type":"BreadcrumbList","@id":"https:\/\/www.organisator.ch\/marketing\/2024-12-08\/werberin-des-jahres-2025-die-community-entscheidet-mit\/#breadcrumb","itemListElement":[{"@type":"ListItem","position":1,"name":"Home","item":"https:\/\/www.organisator.ch\/"},{"@type":"ListItem","position":2,"name":"\u00abWerber:in des Jahres\u00bb 2025: Die Community entscheidet mit"}]},{"@type":"WebSite","@id":"https:\/\/www.organisator.ch\/#website","url":"https:\/\/www.organisator.ch\/","name":"Organizer","description":"Competent. Practical. In 10 issues per year, ORGANISATOR presents the essential topics for managers of SMEs.","publisher":{"@id":"https:\/\/www.organisator.ch\/#organization"},"potentialAction":[{"@type":"SearchAction","target":{"@type":"EntryPoint","urlTemplate":"https:\/\/www.organisator.ch\/?s={search_term_string}"},"query-input":{"@type":"PropertyValueSpecification","valueRequired":true,"valueName":"search_term_string"}}],"inLanguage":"en-US"},{"@type":"Organization","@id":"https:\/\/www.organisator.ch\/#organization","name":"Organizer","url":"https:\/\/www.organisator.ch\/","logo":{"@type":"ImageObject","inLanguage":"en-US","@id":"https:\/\/www.organisator.ch\/#\/schema\/logo\/image\/","url":"https:\/\/www.organisator.ch\/wp-content\/uploads\/2022\/01\/Logo_Organisator_Website.png","contentUrl":"https:\/\/www.organisator.ch\/wp-content\/uploads\/2022\/01\/Logo_Organisator_Website.png","width":800,"height":77,"caption":"Organisator"},"image":{"@id":"https:\/\/www.organisator.ch\/#\/schema\/logo\/image\/"},"sameAs":["https:\/\/www.facebook.com\/OrganisatorFachmagazin","https:\/\/www.linkedin.com\/showcase\/organisator-das-magazin-fr-kmu","https:\/\/www.xing.com\/news\/pages\/organisator-ch-695","https:\/\/www.youtube.com\/channel\/UCGP2Sq0iWaZwT3BdIAQFYpw"]},{"@type":"Person","@id":"https:\/\/www.organisator.ch\/#\/schema\/person\/4e51799071cd2dd1232ac003643ef5f0","name":"galledia","image":{"@type":"ImageObject","inLanguage":"en-US","@id":"https:\/\/secure.gravatar.com\/avatar\/78a7f90c01fc2bfc875782a0d4922b37cde2cf184ce347b91316d23cd7f69a36?s=96&d=mm&r=g","url":"https:\/\/secure.gravatar.com\/avatar\/78a7f90c01fc2bfc875782a0d4922b37cde2cf184ce347b91316d23cd7f69a36?s=96&d=mm&r=g","contentUrl":"https:\/\/secure.gravatar.com\/avatar\/78a7f90c01fc2bfc875782a0d4922b37cde2cf184ce347b91316d23cd7f69a36?s=96&d=mm&r=g","caption":"galledia"},"sameAs":["https:\/\/x.com\/admin"],"url":"https:\/\/www.organisator.ch\/en\/author\/galledia\/"}]}},"_links":{"self":[{"href":"https:\/\/www.organisator.ch\/en\/wp-json\/wp\/v2\/posts\/34499","targetHints":{"allow":["GET"]}}],"collection":[{"href":"https:\/\/www.organisator.ch\/en\/wp-json\/wp\/v2\/posts"}],"about":[{"href":"https:\/\/www.organisator.ch\/en\/wp-json\/wp\/v2\/types\/post"}],"author":[{"embeddable":true,"href":"https:\/\/www.organisator.ch\/en\/wp-json\/wp\/v2\/users\/8"}],"replies":[{"embeddable":true,"href":"https:\/\/www.organisator.ch\/en\/wp-json\/wp\/v2\/comments?post=34499"}],"version-history":[{"count":5,"href":"https:\/\/www.organisator.ch\/en\/wp-json\/wp\/v2\/posts\/34499\/revisions"}],"predecessor-version":[{"id":42615,"href":"https:\/\/www.organisator.ch\/en\/wp-json\/wp\/v2\/posts\/34499\/revisions\/42615"}],"wp:attachment":[{"href":"https:\/\/www.organisator.ch\/en\/wp-json\/wp\/v2\/media?parent=34499"}],"wp:term":[{"taxonomy":"category","embeddable":true,"href":"https:\/\/www.organisator.ch\/en\/wp-json\/wp\/v2\/categories?post=34499"},{"taxonomy":"post_tag","embeddable":true,"href":"https:\/\/www.organisator.ch\/en\/wp-json\/wp\/v2\/tags?post=34499"}],"curies":[{"name":"wp","href":"https:\/\/api.w.org\/{rel}","templated":true}]}}