{"id":34556,"date":"2024-12-09T13:28:44","date_gmt":"2024-12-09T12:28:44","guid":{"rendered":"https:\/\/www.markt-kom.com\/?p=227947"},"modified":"2024-12-09T15:54:31","modified_gmt":"2024-12-09T14:54:31","slug":"havas-social-gewinnt-buenting-gruppe-neuer-schwung-fuer-die-digitale-markenfuehrung","status":"publish","type":"post","link":"https:\/\/www.organisator.ch\/en\/marketing\/2024-12-09\/havas-social-gewinnt-buenting-gruppe-neuer-schwung-fuer-die-digitale-markenfuehrung\/","title":{"rendered":"Havas Social wins B\u00fcnting Group: New momentum for digital brand management"},"content":{"rendered":"<p><a href=\"https:\/\/www.markt-kom.com\/wp-content\/uploads\/2024\/12\/Logo_Havas_Social_Secondary.png\"><img class=\"alignnone size-full wp-image-227951\" src=\"https:\/\/www.markt-kom.com\/wp-content\/uploads\/2024\/12\/Logo_Havas_Social_Secondary.png\" sizes=\"(max-width: 5582px) 100vw, 5582px\" srcset=\"https:\/\/www.markt-kom.com\/wp-content\/uploads\/2024\/12\/Logo_Havas_Social_Secondary.png 1300w, https:\/\/www.markt-kom.com\/wp-content\/uploads\/2024\/12\/Logo_Havas_Social_Secondary-600x341.png 600w, https:\/\/www.markt-kom.com\/wp-content\/uploads\/2024\/12\/Logo_Havas_Social_Secondary-1024x582.png 1024w, https:\/\/www.markt-kom.com\/wp-content\/uploads\/2024\/12\/Logo_Havas_Social_Secondary-768x437.png 768w, https:\/\/www.markt-kom.com\/wp-content\/uploads\/2024\/12\/Logo_Havas_Social_Secondary-1536x874.png 1536w, https:\/\/www.markt-kom.com\/wp-content\/uploads\/2024\/12\/Logo_Havas_Social_Secondary-2048x1165.png 2048w, https:\/\/www.markt-kom.com\/wp-content\/uploads\/2024\/12\/Logo_Havas_Social_Secondary-18x10.png 18w, https:\/\/www.markt-kom.com\/wp-content\/uploads\/2024\/12\/Logo_Havas_Social_Secondary-308x175.png 308w, https:\/\/www.markt-kom.com\/wp-content\/uploads\/2024\/12\/Logo_Havas_Social_Secondary-615x350.png 615w, https:\/\/www.markt-kom.com\/wp-content\/uploads\/2024\/12\/Logo_Havas_Social_Secondary-1000x569.png 1000w\" alt=\"\" width=\"5582\" height=\"3175\" \/><\/a><\/p>\r\n<p>The B\u00fcnting Group, an established player in the food retail sector, has chosen Havas Social as its new agency partner. The agency won the pitch against two competitors and will take over digital brand management from January 2025. From social media activations to community management and content creation, Havas Social will be responsible for all relevant areas.<\/p>\r\n<p>Birgit Schr\u00f6der, Head of Corporate Development, Marketing and Sustainability at the B\u00fcnting Group, praised the tailor-made strategy: \"Havas Social impressed us with a customized concept that precisely captures our challenges in food retail and translates them into innovative solutions.\" She particularly emphasized the understanding of the Combi and Famila Nordwest brands, which provides a basis for fresh impetus and an improved customer approach.<\/p>\r\n<h3><strong>A connection with tradition<\/strong><\/h3>\r\n<p>The collaboration between Havas Social and B\u00fcnting has a long history. Even before the new unit was founded, HRZN, which has been merged into Havas Social, had been looking after the B\u00fcnting Group for eight years. The return is therefore not only a business success, but also an emotional decision. \"B\u00fcnting was one of our first customers, and the return is a real affair of the heart for me,\" explains Stephan Lachmann, Managing Director of Havas Social.<\/p>\r\n<h3><strong>Havas Social: social-first with substance<\/strong><\/h3>\r\n<p>As a one-stop store for holistic social media solutions, Havas Social offers comprehensive expertise - from consulting and strategy to content creation and community management. The agency places particular emphasis on \"social first\" and uses its own content studios to create eye-catching campaigns that connect brands with their audience in the long term. With many years of experience in the FMCG, food &amp; beverage and other key industries, Havas Social is the ideal partner for companies like B\u00fcnting.<\/p>\r\n<h3><strong>A statement for shared visions<\/strong><\/h3>\r\n<p>The renewed collaboration marks a significant milestone. \"Together, we have set standards in the past,\" Lachmann continues. The partnership is a strong statement of trust and shared visions that will redefine food retail digitally.<\/p>\r\n<p><a href=\"https:\/\/www.markt-kom.com\/wp-content\/uploads\/2024\/12\/Stephan-Lachmann-scaled.jpg\"><img class=\"alignnone size-full wp-image-227949\" src=\"https:\/\/www.markt-kom.com\/wp-content\/uploads\/2024\/12\/Stephan-Lachmann-scaled.jpg\" sizes=\"(max-width: 1050px) 100vw, 1050px\" srcset=\"https:\/\/www.markt-kom.com\/wp-content\/uploads\/2024\/12\/Stephan-Lachmann-scaled.jpg 750w, https:\/\/www.markt-kom.com\/wp-content\/uploads\/2024\/12\/Stephan-Lachmann-450x600.jpg 450w, https:\/\/www.markt-kom.com\/wp-content\/uploads\/2024\/12\/Stephan-Lachmann-768x1024.jpg 768w, https:\/\/www.markt-kom.com\/wp-content\/uploads\/2024\/12\/Stephan-Lachmann-1152x1536.jpg 1152w, https:\/\/www.markt-kom.com\/wp-content\/uploads\/2024\/12\/Stephan-Lachmann-1536x2048.jpg 1536w, https:\/\/www.markt-kom.com\/wp-content\/uploads\/2024\/12\/Stephan-Lachmann-9x12.jpg 9w, https:\/\/www.markt-kom.com\/wp-content\/uploads\/2024\/12\/Stephan-Lachmann-131x175.jpg 131w, https:\/\/www.markt-kom.com\/wp-content\/uploads\/2024\/12\/Stephan-Lachmann-262x350.jpg 262w, https:\/\/www.markt-kom.com\/wp-content\/uploads\/2024\/12\/Stephan-Lachmann-600x800.jpg 600w\" alt=\"\" width=\"1050\" height=\"1400\" \/><\/a><\/p>","protected":false},"excerpt":{"rendered":"<p>Following a successful pitch, Havas Social will take over the digital brand management of the B\u00fcnting Group from January 2025. With innovative concepts and a deep understanding of the industry, the aim is to further optimize the approach to Combi and famila Nordwest customers.<\/p>","protected":false},"author":8,"featured_media":0,"comment_status":"closed","ping_status":"closed","sticky":false,"template":"","format":"standard","meta":{"_acf_changed":false,"_yoast_wpseo_focuskw":"Havas Social B\u00fcnting-Gruppe","_yoast_wpseo_metadesc":"Havas Social \u00fcbernimmt ab Januar 2025 die digitale Markenf\u00fchrung der B\u00fcnting-Gruppe mit innovativen Konzepten und Branchenverst\u00e4ndnis.","articlekey":"","footnotes":""},"categories":[29],"tags":[4345,4930],"class_list":["post-34556","post","type-post","status-publish","format-standard","hentry","category-marketing","tag-business","tag-havas-social"],"acf":[],"yoast_head":"<!-- This site is optimized with the Yoast SEO plugin v27.5 - https:\/\/yoast.com\/product\/yoast-seo-wordpress\/ -->\n<title>Havas Social gewinnt B\u00fcnting-Gruppe: Neuer Schwung f\u00fcr die digitale Markenf\u00fchrung - Organisator<\/title>\n<meta name=\"description\" content=\"Havas Social \u00fcbernimmt ab Januar 2025 die digitale Markenf\u00fchrung der B\u00fcnting-Gruppe mit innovativen Konzepten und Branchenverst\u00e4ndnis.\" \/>\n<meta name=\"robots\" content=\"index, follow, max-snippet:-1, max-image-preview:large, max-video-preview:-1\" \/>\n<link rel=\"canonical\" href=\"https:\/\/www.organisator.ch\/en\/marketing\/2024-12-09\/havas-social-gewinnt-buenting-gruppe-neuer-schwung-fuer-die-digitale-markenfuehrung\/\" \/>\n<meta property=\"og:locale\" content=\"en_US\" \/>\n<meta property=\"og:type\" content=\"article\" \/>\n<meta property=\"og:title\" content=\"Havas Social gewinnt B\u00fcnting-Gruppe: Neuer Schwung f\u00fcr die digitale Markenf\u00fchrung - Organisator\" \/>\n<meta property=\"og:description\" content=\"Havas Social \u00fcbernimmt ab Januar 2025 die digitale Markenf\u00fchrung der B\u00fcnting-Gruppe mit innovativen Konzepten und Branchenverst\u00e4ndnis.\" \/>\n<meta property=\"og:url\" content=\"https:\/\/www.organisator.ch\/en\/marketing\/2024-12-09\/havas-social-gewinnt-buenting-gruppe-neuer-schwung-fuer-die-digitale-markenfuehrung\/\" \/>\n<meta property=\"og:site_name\" content=\"Organisator\" \/>\n<meta property=\"article:publisher\" content=\"https:\/\/www.facebook.com\/OrganisatorFachmagazin\" \/>\n<meta property=\"article:published_time\" content=\"2024-12-09T12:28:44+00:00\" \/>\n<meta property=\"article:modified_time\" content=\"2024-12-09T14:54:31+00:00\" \/>\n<meta name=\"author\" content=\"galledia\" \/>\n<meta name=\"twitter:card\" content=\"summary_large_image\" \/>\n<meta name=\"twitter:creator\" content=\"@admin\" \/>\n<script type=\"application\/ld+json\" class=\"yoast-schema-graph\">{\"@context\":\"https:\\\/\\\/schema.org\",\"@graph\":[{\"@type\":\"Article\",\"@id\":\"https:\\\/\\\/www.organisator.ch\\\/marketing\\\/2024-12-09\\\/havas-social-gewinnt-buenting-gruppe-neuer-schwung-fuer-die-digitale-markenfuehrung\\\/#article\",\"isPartOf\":{\"@id\":\"https:\\\/\\\/www.organisator.ch\\\/marketing\\\/2024-12-09\\\/havas-social-gewinnt-buenting-gruppe-neuer-schwung-fuer-die-digitale-markenfuehrung\\\/\"},\"author\":{\"name\":\"galledia\",\"@id\":\"https:\\\/\\\/www.organisator.ch\\\/#\\\/schema\\\/person\\\/4e51799071cd2dd1232ac003643ef5f0\"},\"headline\":\"Havas Social gewinnt B\u00fcnting-Gruppe: Neuer Schwung f\u00fcr die digitale Markenf\u00fchrung\",\"datePublished\":\"2024-12-09T12:28:44+00:00\",\"dateModified\":\"2024-12-09T14:54:31+00:00\",\"mainEntityOfPage\":{\"@id\":\"https:\\\/\\\/www.organisator.ch\\\/marketing\\\/2024-12-09\\\/havas-social-gewinnt-buenting-gruppe-neuer-schwung-fuer-die-digitale-markenfuehrung\\\/\"},\"wordCount\":333,\"publisher\":{\"@id\":\"https:\\\/\\\/www.organisator.ch\\\/#organization\"},\"image\":{\"@id\":\"https:\\\/\\\/www.organisator.ch\\\/marketing\\\/2024-12-09\\\/havas-social-gewinnt-buenting-gruppe-neuer-schwung-fuer-die-digitale-markenfuehrung\\\/#primaryimage\"},\"thumbnailUrl\":\"https:\\\/\\\/www.markt-kom.com\\\/wp-content\\\/uploads\\\/2024\\\/12\\\/Logo_Havas_Social_Secondary.png\",\"keywords\":[\"Business\",\"Havas Social\"],\"articleSection\":[\"MARKETING\"],\"inLanguage\":\"en-US\"},{\"@type\":\"WebPage\",\"@id\":\"https:\\\/\\\/www.organisator.ch\\\/marketing\\\/2024-12-09\\\/havas-social-gewinnt-buenting-gruppe-neuer-schwung-fuer-die-digitale-markenfuehrung\\\/\",\"url\":\"https:\\\/\\\/www.organisator.ch\\\/marketing\\\/2024-12-09\\\/havas-social-gewinnt-buenting-gruppe-neuer-schwung-fuer-die-digitale-markenfuehrung\\\/\",\"name\":\"Havas Social gewinnt B\u00fcnting-Gruppe: Neuer Schwung f\u00fcr die digitale Markenf\u00fchrung - Organisator\",\"isPartOf\":{\"@id\":\"https:\\\/\\\/www.organisator.ch\\\/#website\"},\"primaryImageOfPage\":{\"@id\":\"https:\\\/\\\/www.organisator.ch\\\/marketing\\\/2024-12-09\\\/havas-social-gewinnt-buenting-gruppe-neuer-schwung-fuer-die-digitale-markenfuehrung\\\/#primaryimage\"},\"image\":{\"@id\":\"https:\\\/\\\/www.organisator.ch\\\/marketing\\\/2024-12-09\\\/havas-social-gewinnt-buenting-gruppe-neuer-schwung-fuer-die-digitale-markenfuehrung\\\/#primaryimage\"},\"thumbnailUrl\":\"https:\\\/\\\/www.markt-kom.com\\\/wp-content\\\/uploads\\\/2024\\\/12\\\/Logo_Havas_Social_Secondary.png\",\"datePublished\":\"2024-12-09T12:28:44+00:00\",\"dateModified\":\"2024-12-09T14:54:31+00:00\",\"description\":\"Havas Social \u00fcbernimmt ab Januar 2025 die digitale Markenf\u00fchrung der B\u00fcnting-Gruppe mit innovativen Konzepten und Branchenverst\u00e4ndnis.\",\"breadcrumb\":{\"@id\":\"https:\\\/\\\/www.organisator.ch\\\/marketing\\\/2024-12-09\\\/havas-social-gewinnt-buenting-gruppe-neuer-schwung-fuer-die-digitale-markenfuehrung\\\/#breadcrumb\"},\"inLanguage\":\"en-US\",\"potentialAction\":[{\"@type\":\"ReadAction\",\"target\":[\"https:\\\/\\\/www.organisator.ch\\\/marketing\\\/2024-12-09\\\/havas-social-gewinnt-buenting-gruppe-neuer-schwung-fuer-die-digitale-markenfuehrung\\\/\"]}]},{\"@type\":\"ImageObject\",\"inLanguage\":\"en-US\",\"@id\":\"https:\\\/\\\/www.organisator.ch\\\/marketing\\\/2024-12-09\\\/havas-social-gewinnt-buenting-gruppe-neuer-schwung-fuer-die-digitale-markenfuehrung\\\/#primaryimage\",\"url\":\"https:\\\/\\\/www.markt-kom.com\\\/wp-content\\\/uploads\\\/2024\\\/12\\\/Logo_Havas_Social_Secondary.png\",\"contentUrl\":\"https:\\\/\\\/www.markt-kom.com\\\/wp-content\\\/uploads\\\/2024\\\/12\\\/Logo_Havas_Social_Secondary.png\"},{\"@type\":\"BreadcrumbList\",\"@id\":\"https:\\\/\\\/www.organisator.ch\\\/marketing\\\/2024-12-09\\\/havas-social-gewinnt-buenting-gruppe-neuer-schwung-fuer-die-digitale-markenfuehrung\\\/#breadcrumb\",\"itemListElement\":[{\"@type\":\"ListItem\",\"position\":1,\"name\":\"Home\",\"item\":\"https:\\\/\\\/www.organisator.ch\\\/\"},{\"@type\":\"ListItem\",\"position\":2,\"name\":\"Havas Social gewinnt B\u00fcnting-Gruppe: Neuer Schwung f\u00fcr die digitale Markenf\u00fchrung\"}]},{\"@type\":\"WebSite\",\"@id\":\"https:\\\/\\\/www.organisator.ch\\\/#website\",\"url\":\"https:\\\/\\\/www.organisator.ch\\\/\",\"name\":\"Organisator\",\"description\":\"Kompetent. Praxisnah. Der ORGANISATOR bereitet in 10 Ausgaben pro Jahr die wesentlichen Themen f\u00fcr F\u00fchrungskr\u00e4fte von KMU auf.\",\"publisher\":{\"@id\":\"https:\\\/\\\/www.organisator.ch\\\/#organization\"},\"potentialAction\":[{\"@type\":\"SearchAction\",\"target\":{\"@type\":\"EntryPoint\",\"urlTemplate\":\"https:\\\/\\\/www.organisator.ch\\\/?s={search_term_string}\"},\"query-input\":{\"@type\":\"PropertyValueSpecification\",\"valueRequired\":true,\"valueName\":\"search_term_string\"}}],\"inLanguage\":\"en-US\"},{\"@type\":\"Organization\",\"@id\":\"https:\\\/\\\/www.organisator.ch\\\/#organization\",\"name\":\"Organisator\",\"url\":\"https:\\\/\\\/www.organisator.ch\\\/\",\"logo\":{\"@type\":\"ImageObject\",\"inLanguage\":\"en-US\",\"@id\":\"https:\\\/\\\/www.organisator.ch\\\/#\\\/schema\\\/logo\\\/image\\\/\",\"url\":\"https:\\\/\\\/www.organisator.ch\\\/wp-content\\\/uploads\\\/2022\\\/01\\\/Logo_Organisator_Website.png\",\"contentUrl\":\"https:\\\/\\\/www.organisator.ch\\\/wp-content\\\/uploads\\\/2022\\\/01\\\/Logo_Organisator_Website.png\",\"width\":800,\"height\":77,\"caption\":\"Organisator\"},\"image\":{\"@id\":\"https:\\\/\\\/www.organisator.ch\\\/#\\\/schema\\\/logo\\\/image\\\/\"},\"sameAs\":[\"https:\\\/\\\/www.facebook.com\\\/OrganisatorFachmagazin\",\"https:\\\/\\\/www.linkedin.com\\\/showcase\\\/organisator-das-magazin-fr-kmu\",\"https:\\\/\\\/www.xing.com\\\/news\\\/pages\\\/organisator-ch-695\",\"https:\\\/\\\/www.youtube.com\\\/channel\\\/UCGP2Sq0iWaZwT3BdIAQFYpw\"]},{\"@type\":\"Person\",\"@id\":\"https:\\\/\\\/www.organisator.ch\\\/#\\\/schema\\\/person\\\/4e51799071cd2dd1232ac003643ef5f0\",\"name\":\"galledia\",\"image\":{\"@type\":\"ImageObject\",\"inLanguage\":\"en-US\",\"@id\":\"https:\\\/\\\/secure.gravatar.com\\\/avatar\\\/78a7f90c01fc2bfc875782a0d4922b37cde2cf184ce347b91316d23cd7f69a36?s=96&d=mm&r=g\",\"url\":\"https:\\\/\\\/secure.gravatar.com\\\/avatar\\\/78a7f90c01fc2bfc875782a0d4922b37cde2cf184ce347b91316d23cd7f69a36?s=96&d=mm&r=g\",\"contentUrl\":\"https:\\\/\\\/secure.gravatar.com\\\/avatar\\\/78a7f90c01fc2bfc875782a0d4922b37cde2cf184ce347b91316d23cd7f69a36?s=96&d=mm&r=g\",\"caption\":\"galledia\"},\"sameAs\":[\"https:\\\/\\\/x.com\\\/admin\"],\"url\":\"https:\\\/\\\/www.organisator.ch\\\/en\\\/author\\\/galledia\\\/\"}]}<\/script>\n<!-- \/ Yoast SEO plugin. -->","yoast_head_json":{"title":"Havas Social wins B\u00fcnting Group: New momentum for digital brand management - Organizer","description":"From January 2025, Havas Social will take over the digital brand management of the B\u00fcnting Group with innovative concepts and industry expertise.","robots":{"index":"index","follow":"follow","max-snippet":"max-snippet:-1","max-image-preview":"max-image-preview:large","max-video-preview":"max-video-preview:-1"},"canonical":"https:\/\/www.organisator.ch\/en\/marketing\/2024-12-09\/havas-social-gewinnt-buenting-gruppe-neuer-schwung-fuer-die-digitale-markenfuehrung\/","og_locale":"en_US","og_type":"article","og_title":"Havas Social gewinnt B\u00fcnting-Gruppe: Neuer Schwung f\u00fcr die digitale Markenf\u00fchrung - Organisator","og_description":"Havas Social \u00fcbernimmt ab Januar 2025 die digitale Markenf\u00fchrung der B\u00fcnting-Gruppe mit innovativen Konzepten und Branchenverst\u00e4ndnis.","og_url":"https:\/\/www.organisator.ch\/en\/marketing\/2024-12-09\/havas-social-gewinnt-buenting-gruppe-neuer-schwung-fuer-die-digitale-markenfuehrung\/","og_site_name":"Organisator","article_publisher":"https:\/\/www.facebook.com\/OrganisatorFachmagazin","article_published_time":"2024-12-09T12:28:44+00:00","article_modified_time":"2024-12-09T14:54:31+00:00","author":"galledia","twitter_card":"summary_large_image","twitter_creator":"@admin","schema":{"@context":"https:\/\/schema.org","@graph":[{"@type":"Article","@id":"https:\/\/www.organisator.ch\/marketing\/2024-12-09\/havas-social-gewinnt-buenting-gruppe-neuer-schwung-fuer-die-digitale-markenfuehrung\/#article","isPartOf":{"@id":"https:\/\/www.organisator.ch\/marketing\/2024-12-09\/havas-social-gewinnt-buenting-gruppe-neuer-schwung-fuer-die-digitale-markenfuehrung\/"},"author":{"name":"galledia","@id":"https:\/\/www.organisator.ch\/#\/schema\/person\/4e51799071cd2dd1232ac003643ef5f0"},"headline":"Havas Social gewinnt B\u00fcnting-Gruppe: Neuer Schwung f\u00fcr die digitale Markenf\u00fchrung","datePublished":"2024-12-09T12:28:44+00:00","dateModified":"2024-12-09T14:54:31+00:00","mainEntityOfPage":{"@id":"https:\/\/www.organisator.ch\/marketing\/2024-12-09\/havas-social-gewinnt-buenting-gruppe-neuer-schwung-fuer-die-digitale-markenfuehrung\/"},"wordCount":333,"publisher":{"@id":"https:\/\/www.organisator.ch\/#organization"},"image":{"@id":"https:\/\/www.organisator.ch\/marketing\/2024-12-09\/havas-social-gewinnt-buenting-gruppe-neuer-schwung-fuer-die-digitale-markenfuehrung\/#primaryimage"},"thumbnailUrl":"https:\/\/www.markt-kom.com\/wp-content\/uploads\/2024\/12\/Logo_Havas_Social_Secondary.png","keywords":["Business","Havas Social"],"articleSection":["MARKETING"],"inLanguage":"en-US"},{"@type":"WebPage","@id":"https:\/\/www.organisator.ch\/marketing\/2024-12-09\/havas-social-gewinnt-buenting-gruppe-neuer-schwung-fuer-die-digitale-markenfuehrung\/","url":"https:\/\/www.organisator.ch\/marketing\/2024-12-09\/havas-social-gewinnt-buenting-gruppe-neuer-schwung-fuer-die-digitale-markenfuehrung\/","name":"Havas Social wins B\u00fcnting Group: New momentum for digital brand management - Organizer","isPartOf":{"@id":"https:\/\/www.organisator.ch\/#website"},"primaryImageOfPage":{"@id":"https:\/\/www.organisator.ch\/marketing\/2024-12-09\/havas-social-gewinnt-buenting-gruppe-neuer-schwung-fuer-die-digitale-markenfuehrung\/#primaryimage"},"image":{"@id":"https:\/\/www.organisator.ch\/marketing\/2024-12-09\/havas-social-gewinnt-buenting-gruppe-neuer-schwung-fuer-die-digitale-markenfuehrung\/#primaryimage"},"thumbnailUrl":"https:\/\/www.markt-kom.com\/wp-content\/uploads\/2024\/12\/Logo_Havas_Social_Secondary.png","datePublished":"2024-12-09T12:28:44+00:00","dateModified":"2024-12-09T14:54:31+00:00","description":"From January 2025, Havas Social will take over the digital brand management of the B\u00fcnting Group with innovative concepts and industry expertise.","breadcrumb":{"@id":"https:\/\/www.organisator.ch\/marketing\/2024-12-09\/havas-social-gewinnt-buenting-gruppe-neuer-schwung-fuer-die-digitale-markenfuehrung\/#breadcrumb"},"inLanguage":"en-US","potentialAction":[{"@type":"ReadAction","target":["https:\/\/www.organisator.ch\/marketing\/2024-12-09\/havas-social-gewinnt-buenting-gruppe-neuer-schwung-fuer-die-digitale-markenfuehrung\/"]}]},{"@type":"ImageObject","inLanguage":"en-US","@id":"https:\/\/www.organisator.ch\/marketing\/2024-12-09\/havas-social-gewinnt-buenting-gruppe-neuer-schwung-fuer-die-digitale-markenfuehrung\/#primaryimage","url":"https:\/\/www.markt-kom.com\/wp-content\/uploads\/2024\/12\/Logo_Havas_Social_Secondary.png","contentUrl":"https:\/\/www.markt-kom.com\/wp-content\/uploads\/2024\/12\/Logo_Havas_Social_Secondary.png"},{"@type":"BreadcrumbList","@id":"https:\/\/www.organisator.ch\/marketing\/2024-12-09\/havas-social-gewinnt-buenting-gruppe-neuer-schwung-fuer-die-digitale-markenfuehrung\/#breadcrumb","itemListElement":[{"@type":"ListItem","position":1,"name":"Home","item":"https:\/\/www.organisator.ch\/"},{"@type":"ListItem","position":2,"name":"Havas Social gewinnt B\u00fcnting-Gruppe: Neuer Schwung f\u00fcr die digitale Markenf\u00fchrung"}]},{"@type":"WebSite","@id":"https:\/\/www.organisator.ch\/#website","url":"https:\/\/www.organisator.ch\/","name":"Organizer","description":"Competent. Practical. In 10 issues per year, ORGANISATOR presents the essential topics for managers of SMEs.","publisher":{"@id":"https:\/\/www.organisator.ch\/#organization"},"potentialAction":[{"@type":"SearchAction","target":{"@type":"EntryPoint","urlTemplate":"https:\/\/www.organisator.ch\/?s={search_term_string}"},"query-input":{"@type":"PropertyValueSpecification","valueRequired":true,"valueName":"search_term_string"}}],"inLanguage":"en-US"},{"@type":"Organization","@id":"https:\/\/www.organisator.ch\/#organization","name":"Organizer","url":"https:\/\/www.organisator.ch\/","logo":{"@type":"ImageObject","inLanguage":"en-US","@id":"https:\/\/www.organisator.ch\/#\/schema\/logo\/image\/","url":"https:\/\/www.organisator.ch\/wp-content\/uploads\/2022\/01\/Logo_Organisator_Website.png","contentUrl":"https:\/\/www.organisator.ch\/wp-content\/uploads\/2022\/01\/Logo_Organisator_Website.png","width":800,"height":77,"caption":"Organisator"},"image":{"@id":"https:\/\/www.organisator.ch\/#\/schema\/logo\/image\/"},"sameAs":["https:\/\/www.facebook.com\/OrganisatorFachmagazin","https:\/\/www.linkedin.com\/showcase\/organisator-das-magazin-fr-kmu","https:\/\/www.xing.com\/news\/pages\/organisator-ch-695","https:\/\/www.youtube.com\/channel\/UCGP2Sq0iWaZwT3BdIAQFYpw"]},{"@type":"Person","@id":"https:\/\/www.organisator.ch\/#\/schema\/person\/4e51799071cd2dd1232ac003643ef5f0","name":"galledia","image":{"@type":"ImageObject","inLanguage":"en-US","@id":"https:\/\/secure.gravatar.com\/avatar\/78a7f90c01fc2bfc875782a0d4922b37cde2cf184ce347b91316d23cd7f69a36?s=96&d=mm&r=g","url":"https:\/\/secure.gravatar.com\/avatar\/78a7f90c01fc2bfc875782a0d4922b37cde2cf184ce347b91316d23cd7f69a36?s=96&d=mm&r=g","contentUrl":"https:\/\/secure.gravatar.com\/avatar\/78a7f90c01fc2bfc875782a0d4922b37cde2cf184ce347b91316d23cd7f69a36?s=96&d=mm&r=g","caption":"galledia"},"sameAs":["https:\/\/x.com\/admin"],"url":"https:\/\/www.organisator.ch\/en\/author\/galledia\/"}]}},"_links":{"self":[{"href":"https:\/\/www.organisator.ch\/en\/wp-json\/wp\/v2\/posts\/34556","targetHints":{"allow":["GET"]}}],"collection":[{"href":"https:\/\/www.organisator.ch\/en\/wp-json\/wp\/v2\/posts"}],"about":[{"href":"https:\/\/www.organisator.ch\/en\/wp-json\/wp\/v2\/types\/post"}],"author":[{"embeddable":true,"href":"https:\/\/www.organisator.ch\/en\/wp-json\/wp\/v2\/users\/8"}],"replies":[{"embeddable":true,"href":"https:\/\/www.organisator.ch\/en\/wp-json\/wp\/v2\/comments?post=34556"}],"version-history":[{"count":4,"href":"https:\/\/www.organisator.ch\/en\/wp-json\/wp\/v2\/posts\/34556\/revisions"}],"predecessor-version":[{"id":34583,"href":"https:\/\/www.organisator.ch\/en\/wp-json\/wp\/v2\/posts\/34556\/revisions\/34583"}],"wp:attachment":[{"href":"https:\/\/www.organisator.ch\/en\/wp-json\/wp\/v2\/media?parent=34556"}],"wp:term":[{"taxonomy":"category","embeddable":true,"href":"https:\/\/www.organisator.ch\/en\/wp-json\/wp\/v2\/categories?post=34556"},{"taxonomy":"post_tag","embeddable":true,"href":"https:\/\/www.organisator.ch\/en\/wp-json\/wp\/v2\/tags?post=34556"}],"curies":[{"name":"wp","href":"https:\/\/api.w.org\/{rel}","templated":true}]}}