{"id":3458,"date":"2018-04-17T10:11:38","date_gmt":"2018-04-17T08:11:38","guid":{"rendered":"https:\/\/www.organisator.ch\/?p=3458"},"modified":"2018-04-17T10:11:38","modified_gmt":"2018-04-17T08:11:38","slug":"geschaeftsreisende-wieder-auf-luxuskurs","status":"publish","type":"post","link":"https:\/\/www.organisator.ch\/en\/allgemein\/2018-04-17\/geschaeftsreisende-wieder-auf-luxuskurs\/","title":{"rendered":"Business travelers back on a luxury course"},"content":{"rendered":"<figure id=\"attachment_3459\" aria-describedby=\"caption-attachment-3459\" style=\"width: 680px\" class=\"wp-caption alignnone\"><img loading=\"lazy\" decoding=\"async\" class=\"size-medium wp-image-3459\" src=\"https:\/\/www.organisator.ch\/wp-content\/uploads\/2018\/04\/Geschaeftsreisende_Airplus_org-organisator.jpg\" alt=\"\" width=\"680\" height=\"420\" srcset=\"https:\/\/www.organisator.ch\/wp-content\/uploads\/2018\/04\/Geschaeftsreisende_Airplus_org-organisator.jpg 692w, https:\/\/www.organisator.ch\/wp-content\/uploads\/2018\/04\/Geschaeftsreisende_Airplus_org-organisator-680x420.jpg 680w, https:\/\/www.organisator.ch\/wp-content\/uploads\/2018\/04\/Geschaeftsreisende_Airplus_org-organisator-16x10.jpg 16w, https:\/\/www.organisator.ch\/wp-content\/uploads\/2018\/04\/Geschaeftsreisende_Airplus_org-organisator-284x175.jpg 284w, https:\/\/www.organisator.ch\/wp-content\/uploads\/2018\/04\/Geschaeftsreisende_Airplus_org-organisator-567x350.jpg 567w, https:\/\/www.organisator.ch\/wp-content\/uploads\/2018\/04\/Geschaeftsreisende_Airplus_org-organisator-300x185.jpg 300w\" sizes=\"auto, (max-width: 680px) 100vw, 680px\" \/><figcaption id=\"caption-attachment-3459\" class=\"wp-caption-text\">While nearly one in ten (9.9 %) business travelers flew on a low-cost airline in 2016, the proportion dropped to 9.1 % last year, the AirPlus study says. (Image: Flughafen Z\u00fcrich AG)<\/figcaption><\/figure>\n<p style=\"text-align: justify;\"><span style=\"font-size: 10.0pt; font-family: 'Arial','sans-serif';\">Swiss business travelers may be consuming more again, in any case their bookings are picking up again. The bottom line is that flight spending by traveling Swiss managers increased slightly again in 2017 for the first time in five years. This is the result of an annual representative market study by AirPlus, a company for payment solutions in corporate travel management. <\/span><\/p>\n<p><span style=\"font-size: 10.0pt; font-family: 'Arial','sans-serif';\">Airplus explains the considerable price increase for first-class tickets with the increased number of exclusive suites available on aircraft. \"Many renowned airlines have invested heavily in this segment and are practically competing for the best-paying customers,\" says Andy Stehrenberger, Managing Director of AirPlus Switzerland.<\/span><\/p>\n<p style=\"text-align: justify;\"><span style=\"font-size: 10.0pt; font-family: 'Arial','sans-serif';\"><strong>First Class - on the rails as well<\/strong> <\/span><\/p>\n<p style=\"text-align: justify;\"><span style=\"font-size: 10.0pt; font-family: 'Arial','sans-serif';\">Although rail travel has increased in popularity among Swiss business travelers in parallel with flights - 2.3 % more rail tickets were billed via AirPlus last year than in 2016 - spending per train ticket fell from an average of 149 to 141 francs. Average spending on rental cars (236 Swiss francs) and overnight hotel stays (446 Swiss francs) also declined, but only modestly at - 0.8 % and - 0.4 %, respectively.<\/span><\/p>\n<p style=\"text-align: justify;\"><strong><span style=\"font-size: 10.0pt; font-family: 'Arial','sans-serif';\">Germany, London and New York are top<\/span><\/strong><span style=\"font-size: 10.0pt; font-family: 'Arial','sans-serif';\"><br \/>\n<\/span><\/p>\n<p style=\"text-align: justify;\"><span style=\"font-size: 10.0pt; font-family: 'Arial','sans-serif';\">In the ranking of the most popular European destinations for Swiss business travelers compiled by AirPlus in the same study, Germany took first place in 2017, followed by the United Kingdom, France, Spain and Austria. The city ranking has remained unchanged for years: London ahead of D\u00fcsseldorf, Vienna and Berlin. In the intercontinental segment, the USA, China, Russia, India and the United Arab Emirates are the most frequently visited countries for business purposes, in that order. In the city ranking, New York and Shanghai come out on top. Dubai is now in third place, ahead of Singapore. <\/span><\/p>\n<p style=\"text-align: justify;\"><span style=\"font-size: 10.0pt; font-family: 'Arial','sans-serif';\"><em>Most trips (41.4 %) last two to three days and 31.7 % of business trips their four to seven days. Every twentieth business trip (4.8 %) spans a period of 15 days or more.<\/em> <\/span><\/p>\n<p><a href=\"http:\/\/www.airplus.com\">www.airplus.com<\/a><\/p>\n<p><em><strong><span style=\"font-family: 'Arial', 'sans-serif';\">Business women fly more modestly<\/span><\/strong><b><span style=\"font-family: 'Arial', 'sans-serif';\"><br \/>\n<\/span><\/b><span style=\"font-size: 10pt; font-family: 'Arial', 'sans-serif';\">Although the proportion of female business travelers in Switzerland is steadily increasing and reached 20.5 % in 2017, women remain more modest in the skies. Around 85 % of them fly economy class, compared with 82 % for men. Of the significantly fewer business women traveling, a smaller proportion, 14.9 %, also opt for a ticket in Business Class (men: 17.4 %) First Class (0.1 % ggr. 0.2 %) clearly underrepresented. The data was collected by AirPlus, a company for payment solutions in corporate travel management. <\/span><\/em><em><span style=\"font-size: 10pt; font-family: 'Arial', 'sans-serif';\">For Andy Stehrenberger, Managing Director of AirPlus Switzerland, the underrepresentation of women in the higher booking classes is primarily related to the fact that the carpet floors in the companies are still heavily male-dominated. A gender equalization, meanwhile, has taken place with regard to destinations. \"While women tended to fly more European short-haul routes in recent years, they have now caught up with their male counterparts on longer intercontinental flights as well,\" says Stehrenberger.<\/span><\/em><\/p>\n<p style=\"text-align: justify;\"><em><strong><span style=\"font-family: 'Arial', 'sans-serif';\">Swiss business travelers avoid Facebook and Co.<\/span><\/strong><span style=\"font-size: 10pt; font-family: 'Arial', 'sans-serif';\"><br \/>\nSwiss business travelers are less fixated on their smartphones than their foreign colleagues. This is the conclusion of a recent study by AirPlus, which was conducted among around 3,000 business travelers and travel managers in 24 countries. The company for payment solutions in travel management analyzes the business travel market in an annual study and this year, for the first time, also examined the use of social media on business trips. While more than 80 % of business travelers from India and China regularly to frequently post pictures and messages on their Facebook and other accounts, 55 % of their Swiss colleagues leave it alone altogether. Only the British business travelers (57 %) frown upon social media channels even more intensively.<\/span><\/em><\/p>\n<p style=\"text-align: justify;\"><span style=\"font-size: 10.0pt; font-family: 'Arial','sans-serif';\"><em>The interactive restraint of Swiss managers is absolutely welcomed by their employers. \"After all, the sometimes rampant use of social media on business trips is keeping an army of lawyers and security officers busy in companies around the world,\" says Andy Stehrenberger, Managing Director of AirPlus Switzerland. The main concern is the risks associated with this topic, such as burglary, robbery, kidnapping and industrial espionage. (Source: AirPlus)\u00a0<\/em> <\/span><\/p>","protected":false},"excerpt":{"rendered":"<p>Schweizer Gesch\u00e4ftsreisende konsumiere vielleicht wieder mehr, jedenfalls nehmen ihre Buchungen wieder Fahrt auf.\u00a0Unter dem Strich sind die Flugausgaben der reisenden Schweizer Manager im 2017 erstmals seit f\u00fcnf Jahren wieder leicht angewachsen. Dies hat eine j\u00e4hrliche erhobene repr\u00e4sentative Marktstudie von AirPlus, einem Unternehmen f\u00fcr Bezahll\u00f6sungen im Travel Management von Firmen, ergeben. Den erheblichen Preisanstieg bei den [&hellip;]<\/p>\n","protected":false},"author":5,"featured_media":3459,"comment_status":"open","ping_status":"open","sticky":false,"template":"","format":"standard","meta":{"_acf_changed":false,"_yoast_wpseo_focuskw":"Gesch\u00e4ftsreisende","_yoast_wpseo_metadesc":"Schweizer Gesch\u00e4ftsreisende bl\u00e4tterten f\u00fcr einen Flug in der First Class im Jahr 2017 durchschnittlich 6797 Franken hin, was einer satten Steigerung um 40 % gegen\u00fcber dem Vorjahr (4849 Franken) entspricht.","articlekey":"","footnotes":""},"categories":[1],"tags":[106,107,237],"class_list":["post-3458","post","type-post","status-publish","format-standard","has-post-thumbnail","hentry","category-allgemein","tag-business-reisen","tag-business-travel","tag-geschaeftsfrauen"],"acf":[],"yoast_head":"<!-- This site is optimized with the Yoast SEO plugin v27.5 - https:\/\/yoast.com\/product\/yoast-seo-wordpress\/ -->\n<title>Gesch\u00e4ftsreisende wieder auf Luxuskurs - Organisator<\/title>\n<meta name=\"description\" content=\"Schweizer Gesch\u00e4ftsreisende bl\u00e4tterten f\u00fcr einen Flug in der First Class im Jahr 2017 durchschnittlich 6797 Franken hin, was einer satten Steigerung um 40 % gegen\u00fcber dem Vorjahr (4849 Franken) entspricht.\" \/>\n<meta name=\"robots\" content=\"index, follow, max-snippet:-1, max-image-preview:large, max-video-preview:-1\" \/>\n<link rel=\"canonical\" href=\"https:\/\/www.organisator.ch\/en\/general\/2018-04-17\/geschaeftsreisende-wieder-auf-luxuskurs\/\" \/>\n<meta property=\"og:locale\" content=\"en_US\" \/>\n<meta property=\"og:type\" content=\"article\" \/>\n<meta property=\"og:title\" content=\"Gesch\u00e4ftsreisende wieder auf Luxuskurs - Organisator\" \/>\n<meta property=\"og:description\" content=\"Schweizer Gesch\u00e4ftsreisende bl\u00e4tterten f\u00fcr einen Flug in der First Class im Jahr 2017 durchschnittlich 6797 Franken hin, was einer satten Steigerung um 40 % gegen\u00fcber dem Vorjahr (4849 Franken) entspricht.\" \/>\n<meta property=\"og:url\" content=\"https:\/\/www.organisator.ch\/en\/general\/2018-04-17\/geschaeftsreisende-wieder-auf-luxuskurs\/\" \/>\n<meta property=\"og:site_name\" content=\"Organisator\" \/>\n<meta property=\"article:publisher\" content=\"https:\/\/www.facebook.com\/OrganisatorFachmagazin\" \/>\n<meta property=\"article:published_time\" content=\"2018-04-17T08:11:38+00:00\" \/>\n<meta property=\"og:image\" content=\"https:\/\/www.organisator.ch\/wp-content\/uploads\/2018\/04\/Geschaeftsreisende_Airplus_org-organisator.jpg\" \/>\n\t<meta property=\"og:image:width\" content=\"692\" \/>\n\t<meta property=\"og:image:height\" content=\"427\" \/>\n\t<meta property=\"og:image:type\" content=\"image\/jpeg\" \/>\n<meta name=\"author\" content=\"michael.merz\" \/>\n<meta name=\"twitter:card\" content=\"summary_large_image\" \/>\n<script type=\"application\/ld+json\" class=\"yoast-schema-graph\">{\"@context\":\"https:\\\/\\\/schema.org\",\"@graph\":[{\"@type\":\"Article\",\"@id\":\"https:\\\/\\\/www.organisator.ch\\\/de\\\/allgemein\\\/2018-04-17\\\/geschaeftsreisende-wieder-auf-luxuskurs\\\/#article\",\"isPartOf\":{\"@id\":\"https:\\\/\\\/www.organisator.ch\\\/de\\\/allgemein\\\/2018-04-17\\\/geschaeftsreisende-wieder-auf-luxuskurs\\\/\"},\"author\":{\"name\":\"michael.merz\",\"@id\":\"https:\\\/\\\/www.organisator.ch\\\/#\\\/schema\\\/person\\\/134708ca9321c57b0362cceb7948ffbd\"},\"headline\":\"Gesch\u00e4ftsreisende wieder auf Luxuskurs\",\"datePublished\":\"2018-04-17T08:11:38+00:00\",\"mainEntityOfPage\":{\"@id\":\"https:\\\/\\\/www.organisator.ch\\\/de\\\/allgemein\\\/2018-04-17\\\/geschaeftsreisende-wieder-auf-luxuskurs\\\/\"},\"wordCount\":704,\"commentCount\":0,\"publisher\":{\"@id\":\"https:\\\/\\\/www.organisator.ch\\\/#organization\"},\"image\":{\"@id\":\"https:\\\/\\\/www.organisator.ch\\\/de\\\/allgemein\\\/2018-04-17\\\/geschaeftsreisende-wieder-auf-luxuskurs\\\/#primaryimage\"},\"thumbnailUrl\":\"https:\\\/\\\/www.organisator.ch\\\/wp-content\\\/uploads\\\/2018\\\/04\\\/Geschaeftsreisende_Airplus_org-organisator.jpg\",\"keywords\":[\"Business Reisen\",\"Business Travel\",\"Gesch\u00e4ftsfrauen\"],\"articleSection\":[\"Allgemein\"],\"inLanguage\":\"en-US\"},{\"@type\":\"WebPage\",\"@id\":\"https:\\\/\\\/www.organisator.ch\\\/de\\\/allgemein\\\/2018-04-17\\\/geschaeftsreisende-wieder-auf-luxuskurs\\\/\",\"url\":\"https:\\\/\\\/www.organisator.ch\\\/de\\\/allgemein\\\/2018-04-17\\\/geschaeftsreisende-wieder-auf-luxuskurs\\\/\",\"name\":\"Gesch\u00e4ftsreisende wieder auf Luxuskurs - Organisator\",\"isPartOf\":{\"@id\":\"https:\\\/\\\/www.organisator.ch\\\/#website\"},\"primaryImageOfPage\":{\"@id\":\"https:\\\/\\\/www.organisator.ch\\\/de\\\/allgemein\\\/2018-04-17\\\/geschaeftsreisende-wieder-auf-luxuskurs\\\/#primaryimage\"},\"image\":{\"@id\":\"https:\\\/\\\/www.organisator.ch\\\/de\\\/allgemein\\\/2018-04-17\\\/geschaeftsreisende-wieder-auf-luxuskurs\\\/#primaryimage\"},\"thumbnailUrl\":\"https:\\\/\\\/www.organisator.ch\\\/wp-content\\\/uploads\\\/2018\\\/04\\\/Geschaeftsreisende_Airplus_org-organisator.jpg\",\"datePublished\":\"2018-04-17T08:11:38+00:00\",\"description\":\"Schweizer Gesch\u00e4ftsreisende bl\u00e4tterten f\u00fcr einen Flug in der First Class im Jahr 2017 durchschnittlich 6797 Franken hin, was einer satten Steigerung um 40 % gegen\u00fcber dem Vorjahr (4849 Franken) entspricht.\",\"breadcrumb\":{\"@id\":\"https:\\\/\\\/www.organisator.ch\\\/de\\\/allgemein\\\/2018-04-17\\\/geschaeftsreisende-wieder-auf-luxuskurs\\\/#breadcrumb\"},\"inLanguage\":\"en-US\",\"potentialAction\":[{\"@type\":\"ReadAction\",\"target\":[\"https:\\\/\\\/www.organisator.ch\\\/de\\\/allgemein\\\/2018-04-17\\\/geschaeftsreisende-wieder-auf-luxuskurs\\\/\"]}]},{\"@type\":\"ImageObject\",\"inLanguage\":\"en-US\",\"@id\":\"https:\\\/\\\/www.organisator.ch\\\/de\\\/allgemein\\\/2018-04-17\\\/geschaeftsreisende-wieder-auf-luxuskurs\\\/#primaryimage\",\"url\":\"https:\\\/\\\/www.organisator.ch\\\/wp-content\\\/uploads\\\/2018\\\/04\\\/Geschaeftsreisende_Airplus_org-organisator.jpg\",\"contentUrl\":\"https:\\\/\\\/www.organisator.ch\\\/wp-content\\\/uploads\\\/2018\\\/04\\\/Geschaeftsreisende_Airplus_org-organisator.jpg\",\"width\":692,\"height\":427,\"caption\":\"Flog 2016 noch fast jeder Zehnte (9,9 %) Dienstreisende mit einer Billigfluggesellschaft, sank der Anteil im letzten Jahr auf 9,1 %, heisst es in der AirPlus-Studie. (Bild: Flughafen Z\u00fcrich AG)\"},{\"@type\":\"BreadcrumbList\",\"@id\":\"https:\\\/\\\/www.organisator.ch\\\/de\\\/allgemein\\\/2018-04-17\\\/geschaeftsreisende-wieder-auf-luxuskurs\\\/#breadcrumb\",\"itemListElement\":[{\"@type\":\"ListItem\",\"position\":1,\"name\":\"Home\",\"item\":\"https:\\\/\\\/www.organisator.ch\\\/\"},{\"@type\":\"ListItem\",\"position\":2,\"name\":\"Gesch\u00e4ftsreisende wieder auf Luxuskurs\"}]},{\"@type\":\"WebSite\",\"@id\":\"https:\\\/\\\/www.organisator.ch\\\/#website\",\"url\":\"https:\\\/\\\/www.organisator.ch\\\/\",\"name\":\"Organisator\",\"description\":\"Kompetent. Praxisnah. Der ORGANISATOR bereitet in 10 Ausgaben pro Jahr die wesentlichen Themen f\u00fcr F\u00fchrungskr\u00e4fte von KMU auf.\",\"publisher\":{\"@id\":\"https:\\\/\\\/www.organisator.ch\\\/#organization\"},\"potentialAction\":[{\"@type\":\"SearchAction\",\"target\":{\"@type\":\"EntryPoint\",\"urlTemplate\":\"https:\\\/\\\/www.organisator.ch\\\/?s={search_term_string}\"},\"query-input\":{\"@type\":\"PropertyValueSpecification\",\"valueRequired\":true,\"valueName\":\"search_term_string\"}}],\"inLanguage\":\"en-US\"},{\"@type\":\"Organization\",\"@id\":\"https:\\\/\\\/www.organisator.ch\\\/#organization\",\"name\":\"Organisator\",\"url\":\"https:\\\/\\\/www.organisator.ch\\\/\",\"logo\":{\"@type\":\"ImageObject\",\"inLanguage\":\"en-US\",\"@id\":\"https:\\\/\\\/www.organisator.ch\\\/#\\\/schema\\\/logo\\\/image\\\/\",\"url\":\"https:\\\/\\\/www.organisator.ch\\\/wp-content\\\/uploads\\\/2022\\\/01\\\/Logo_Organisator_Website.png\",\"contentUrl\":\"https:\\\/\\\/www.organisator.ch\\\/wp-content\\\/uploads\\\/2022\\\/01\\\/Logo_Organisator_Website.png\",\"width\":800,\"height\":77,\"caption\":\"Organisator\"},\"image\":{\"@id\":\"https:\\\/\\\/www.organisator.ch\\\/#\\\/schema\\\/logo\\\/image\\\/\"},\"sameAs\":[\"https:\\\/\\\/www.facebook.com\\\/OrganisatorFachmagazin\",\"https:\\\/\\\/www.linkedin.com\\\/showcase\\\/organisator-das-magazin-fr-kmu\",\"https:\\\/\\\/www.xing.com\\\/news\\\/pages\\\/organisator-ch-695\",\"https:\\\/\\\/www.youtube.com\\\/channel\\\/UCGP2Sq0iWaZwT3BdIAQFYpw\"]},{\"@type\":\"Person\",\"@id\":\"https:\\\/\\\/www.organisator.ch\\\/#\\\/schema\\\/person\\\/134708ca9321c57b0362cceb7948ffbd\",\"name\":\"michael.merz\",\"image\":{\"@type\":\"ImageObject\",\"inLanguage\":\"en-US\",\"@id\":\"https:\\\/\\\/secure.gravatar.com\\\/avatar\\\/?s=96&d=mm&r=g\",\"url\":\"https:\\\/\\\/secure.gravatar.com\\\/avatar\\\/?s=96&d=mm&r=g\",\"contentUrl\":\"https:\\\/\\\/secure.gravatar.com\\\/avatar\\\/?s=96&d=mm&r=g\",\"caption\":\"michael.merz\"},\"url\":\"https:\\\/\\\/www.organisator.ch\\\/en\\\/author\\\/michael-merz\\\/\"}]}<\/script>\n<!-- \/ Yoast SEO plugin. -->","yoast_head_json":{"title":"Business travelers back on luxury course - Organizer","description":"Swiss business travelers forked out an average of CHF 6797 for a First Class flight in 2017, a whopping 40 % increase on the previous year (CHF 4849).","robots":{"index":"index","follow":"follow","max-snippet":"max-snippet:-1","max-image-preview":"max-image-preview:large","max-video-preview":"max-video-preview:-1"},"canonical":"https:\/\/www.organisator.ch\/en\/general\/2018-04-17\/geschaeftsreisende-wieder-auf-luxuskurs\/","og_locale":"en_US","og_type":"article","og_title":"Gesch\u00e4ftsreisende wieder auf Luxuskurs - Organisator","og_description":"Schweizer Gesch\u00e4ftsreisende bl\u00e4tterten f\u00fcr einen Flug in der First Class im Jahr 2017 durchschnittlich 6797 Franken hin, was einer satten Steigerung um 40 % gegen\u00fcber dem Vorjahr (4849 Franken) entspricht.","og_url":"https:\/\/www.organisator.ch\/en\/general\/2018-04-17\/geschaeftsreisende-wieder-auf-luxuskurs\/","og_site_name":"Organisator","article_publisher":"https:\/\/www.facebook.com\/OrganisatorFachmagazin","article_published_time":"2018-04-17T08:11:38+00:00","og_image":[{"width":692,"height":427,"url":"https:\/\/www.organisator.ch\/wp-content\/uploads\/2018\/04\/Geschaeftsreisende_Airplus_org-organisator.jpg","type":"image\/jpeg"}],"author":"michael.merz","twitter_card":"summary_large_image","schema":{"@context":"https:\/\/schema.org","@graph":[{"@type":"Article","@id":"https:\/\/www.organisator.ch\/de\/allgemein\/2018-04-17\/geschaeftsreisende-wieder-auf-luxuskurs\/#article","isPartOf":{"@id":"https:\/\/www.organisator.ch\/de\/allgemein\/2018-04-17\/geschaeftsreisende-wieder-auf-luxuskurs\/"},"author":{"name":"michael.merz","@id":"https:\/\/www.organisator.ch\/#\/schema\/person\/134708ca9321c57b0362cceb7948ffbd"},"headline":"Gesch\u00e4ftsreisende wieder auf Luxuskurs","datePublished":"2018-04-17T08:11:38+00:00","mainEntityOfPage":{"@id":"https:\/\/www.organisator.ch\/de\/allgemein\/2018-04-17\/geschaeftsreisende-wieder-auf-luxuskurs\/"},"wordCount":704,"commentCount":0,"publisher":{"@id":"https:\/\/www.organisator.ch\/#organization"},"image":{"@id":"https:\/\/www.organisator.ch\/de\/allgemein\/2018-04-17\/geschaeftsreisende-wieder-auf-luxuskurs\/#primaryimage"},"thumbnailUrl":"https:\/\/www.organisator.ch\/wp-content\/uploads\/2018\/04\/Geschaeftsreisende_Airplus_org-organisator.jpg","keywords":["Business Reisen","Business Travel","Gesch\u00e4ftsfrauen"],"articleSection":["Allgemein"],"inLanguage":"en-US"},{"@type":"WebPage","@id":"https:\/\/www.organisator.ch\/de\/allgemein\/2018-04-17\/geschaeftsreisende-wieder-auf-luxuskurs\/","url":"https:\/\/www.organisator.ch\/de\/allgemein\/2018-04-17\/geschaeftsreisende-wieder-auf-luxuskurs\/","name":"Business travelers back on luxury course - Organizer","isPartOf":{"@id":"https:\/\/www.organisator.ch\/#website"},"primaryImageOfPage":{"@id":"https:\/\/www.organisator.ch\/de\/allgemein\/2018-04-17\/geschaeftsreisende-wieder-auf-luxuskurs\/#primaryimage"},"image":{"@id":"https:\/\/www.organisator.ch\/de\/allgemein\/2018-04-17\/geschaeftsreisende-wieder-auf-luxuskurs\/#primaryimage"},"thumbnailUrl":"https:\/\/www.organisator.ch\/wp-content\/uploads\/2018\/04\/Geschaeftsreisende_Airplus_org-organisator.jpg","datePublished":"2018-04-17T08:11:38+00:00","description":"Swiss business travelers forked out an average of CHF 6797 for a First Class flight in 2017, a whopping 40 % increase on the previous year (CHF 4849).","breadcrumb":{"@id":"https:\/\/www.organisator.ch\/de\/allgemein\/2018-04-17\/geschaeftsreisende-wieder-auf-luxuskurs\/#breadcrumb"},"inLanguage":"en-US","potentialAction":[{"@type":"ReadAction","target":["https:\/\/www.organisator.ch\/de\/allgemein\/2018-04-17\/geschaeftsreisende-wieder-auf-luxuskurs\/"]}]},{"@type":"ImageObject","inLanguage":"en-US","@id":"https:\/\/www.organisator.ch\/de\/allgemein\/2018-04-17\/geschaeftsreisende-wieder-auf-luxuskurs\/#primaryimage","url":"https:\/\/www.organisator.ch\/wp-content\/uploads\/2018\/04\/Geschaeftsreisende_Airplus_org-organisator.jpg","contentUrl":"https:\/\/www.organisator.ch\/wp-content\/uploads\/2018\/04\/Geschaeftsreisende_Airplus_org-organisator.jpg","width":692,"height":427,"caption":"Flog 2016 noch fast jeder Zehnte (9,9 %) Dienstreisende mit einer Billigfluggesellschaft, sank der Anteil im letzten Jahr auf 9,1 %, heisst es in der AirPlus-Studie. (Bild: Flughafen Z\u00fcrich AG)"},{"@type":"BreadcrumbList","@id":"https:\/\/www.organisator.ch\/de\/allgemein\/2018-04-17\/geschaeftsreisende-wieder-auf-luxuskurs\/#breadcrumb","itemListElement":[{"@type":"ListItem","position":1,"name":"Home","item":"https:\/\/www.organisator.ch\/"},{"@type":"ListItem","position":2,"name":"Gesch\u00e4ftsreisende wieder auf Luxuskurs"}]},{"@type":"WebSite","@id":"https:\/\/www.organisator.ch\/#website","url":"https:\/\/www.organisator.ch\/","name":"Organizer","description":"Competent. Practical. In 10 issues per year, ORGANISATOR presents the essential topics for managers of SMEs.","publisher":{"@id":"https:\/\/www.organisator.ch\/#organization"},"potentialAction":[{"@type":"SearchAction","target":{"@type":"EntryPoint","urlTemplate":"https:\/\/www.organisator.ch\/?s={search_term_string}"},"query-input":{"@type":"PropertyValueSpecification","valueRequired":true,"valueName":"search_term_string"}}],"inLanguage":"en-US"},{"@type":"Organization","@id":"https:\/\/www.organisator.ch\/#organization","name":"Organizer","url":"https:\/\/www.organisator.ch\/","logo":{"@type":"ImageObject","inLanguage":"en-US","@id":"https:\/\/www.organisator.ch\/#\/schema\/logo\/image\/","url":"https:\/\/www.organisator.ch\/wp-content\/uploads\/2022\/01\/Logo_Organisator_Website.png","contentUrl":"https:\/\/www.organisator.ch\/wp-content\/uploads\/2022\/01\/Logo_Organisator_Website.png","width":800,"height":77,"caption":"Organisator"},"image":{"@id":"https:\/\/www.organisator.ch\/#\/schema\/logo\/image\/"},"sameAs":["https:\/\/www.facebook.com\/OrganisatorFachmagazin","https:\/\/www.linkedin.com\/showcase\/organisator-das-magazin-fr-kmu","https:\/\/www.xing.com\/news\/pages\/organisator-ch-695","https:\/\/www.youtube.com\/channel\/UCGP2Sq0iWaZwT3BdIAQFYpw"]},{"@type":"Person","@id":"https:\/\/www.organisator.ch\/#\/schema\/person\/134708ca9321c57b0362cceb7948ffbd","name":"michael.merz","image":{"@type":"ImageObject","inLanguage":"en-US","@id":"https:\/\/secure.gravatar.com\/avatar\/?s=96&d=mm&r=g","url":"https:\/\/secure.gravatar.com\/avatar\/?s=96&d=mm&r=g","contentUrl":"https:\/\/secure.gravatar.com\/avatar\/?s=96&d=mm&r=g","caption":"michael.merz"},"url":"https:\/\/www.organisator.ch\/en\/author\/michael-merz\/"}]}},"_links":{"self":[{"href":"https:\/\/www.organisator.ch\/en\/wp-json\/wp\/v2\/posts\/3458","targetHints":{"allow":["GET"]}}],"collection":[{"href":"https:\/\/www.organisator.ch\/en\/wp-json\/wp\/v2\/posts"}],"about":[{"href":"https:\/\/www.organisator.ch\/en\/wp-json\/wp\/v2\/types\/post"}],"author":[{"embeddable":true,"href":"https:\/\/www.organisator.ch\/en\/wp-json\/wp\/v2\/users\/5"}],"replies":[{"embeddable":true,"href":"https:\/\/www.organisator.ch\/en\/wp-json\/wp\/v2\/comments?post=3458"}],"version-history":[{"count":0,"href":"https:\/\/www.organisator.ch\/en\/wp-json\/wp\/v2\/posts\/3458\/revisions"}],"wp:featuredmedia":[{"embeddable":true,"href":"https:\/\/www.organisator.ch\/en\/wp-json\/wp\/v2\/media\/3459"}],"wp:attachment":[{"href":"https:\/\/www.organisator.ch\/en\/wp-json\/wp\/v2\/media?parent=3458"}],"wp:term":[{"taxonomy":"category","embeddable":true,"href":"https:\/\/www.organisator.ch\/en\/wp-json\/wp\/v2\/categories?post=3458"},{"taxonomy":"post_tag","embeddable":true,"href":"https:\/\/www.organisator.ch\/en\/wp-json\/wp\/v2\/tags?post=3458"}],"curies":[{"name":"wp","href":"https:\/\/api.w.org\/{rel}","templated":true}]}}