{"id":3460,"date":"2020-11-03T17:51:25","date_gmt":"2020-11-03T16:51:25","guid":{"rendered":"https:\/\/www.umweltperspektiven.ch\/?p=3460"},"modified":"2022-02-09T11:06:12","modified_gmt":"2022-02-09T10:06:12","slug":"romande-energie-spannt-mit-hochschule-zusammen","status":"publish","type":"post","link":"https:\/\/www.organisator.ch\/en\/sustainability\/2020-11-03\/romande-energie-spannt-mit-hochschule-zusammen\/","title":{"rendered":"Romande Energie teams up with university"},"content":{"rendered":"<figure id=\"attachment_3461\" aria-describedby=\"caption-attachment-3461\" style=\"width: 680px\" class=\"wp-caption alignnone\"><img loading=\"lazy\" decoding=\"async\" class=\"wp-image-3461 size-medium\" src=\"\/\/www.umweltperspektiven.ch\/wp-content\/uploads\/2020\/11\/energie-et-techniques-environnementales-xs.jpg\" alt=\"\" width=\"680\" height=\"453\" srcset=\"https:\/\/www.organisator.ch\/wp-content\/uploads\/2020\/11\/energie-et-techniques-environnementales-xs.jpg 767w, https:\/\/www.organisator.ch\/wp-content\/uploads\/2020\/11\/energie-et-techniques-environnementales-xs-680x453.jpg 680w, https:\/\/www.organisator.ch\/wp-content\/uploads\/2020\/11\/energie-et-techniques-environnementales-xs-18x12.jpg 18w, https:\/\/www.organisator.ch\/wp-content\/uploads\/2020\/11\/energie-et-techniques-environnementales-xs-263x175.jpg 263w, https:\/\/www.organisator.ch\/wp-content\/uploads\/2020\/11\/energie-et-techniques-environnementales-xs-525x350.jpg 525w, https:\/\/www.organisator.ch\/wp-content\/uploads\/2020\/11\/energie-et-techniques-environnementales-xs-300x200.jpg 300w\" sizes=\"auto, (max-width: 680px) 100vw, 680px\" \/><figcaption id=\"caption-attachment-3461\" class=\"wp-caption-text\">A \"Smart Cities\" project by HEIG is about promoting the interoperability of energy networks in cities in Vaud. (Image: HEIG)<\/figcaption><\/figure>\n<p class=\"bodytext\">Romande Energie and HEIG, the engineering and business school in Vaud, have signed a framework agreement on their future collaboration. In it, they underline their will to jointly produce innovations for the energy transition, they write in a statement. The agreement covers topics such as energy storage, future distribution grids, renewable energies, mobility and hydrogen.<\/p>\n<p class=\"bodytext\">Collaboration could take various forms, such as research contracts, projects with the support of\u00a0<a href=\"\/\/www.innosuisse.ch\/\" target=\"_blank\" rel=\"noopener\">Innosuisse<\/a>\u00a0or European institutions as well as participation in education and training programs.<\/p>\n<p><strong>For planners and energy suppliers\u00a0<\/strong><\/p>\n<p>The Vaud energy provider and the university of applied sciences are already working together on various projects. For example, they have set up the ReIne laboratory at HEIG, which allows an experimental approach to smart grids. They are also collaborating in the European project\u00a0<a href=\"\/\/iese.heig-vd.ch\/projets\/integrcity\" target=\"_blank\" rel=\"noopener\">IntegrCiTy<\/a>\u00a0which deals with the interoperability of energy networks in cities.<\/p>\n<p>One promising innovation project is as follows:<\/p>\n<p>1.) Develop an integrated decision support environment for planners and utilities to improve the efficiency and resilience of the energy supply infrastructure;<\/p>\n<p>2.) Implementation of the decision support platform and integrated tools in selected cities for local utilities and city governments.<\/p>\n<p>Today, urban energy networks - natural gas, electricity and heating\/cooling - are almost always planned and built separately. This closed approach prevents utilities and urban planners from identifying opportunities for synergies between networks and optimally planning investments in heavy infrastructure.<\/p>\n<p>The objective of this ERA-NET project \"Smart Cities\" is to promote the interoperability of energy networks in existing and future urban infrastructure by developing a decision support tool to be applied, tested and validated in three cities in Switzerland and Sweden - Vevey, Geneva and Stockholm.<\/p>\n<p>The IntegrCiTy project is funded within the ERA-NET ENSCC and by the industrial partners.<\/p>\n<p><a href=\"\/\/heig-vd.ch\/\">heig-vd.ch\/<\/a><\/p>\n<p>&nbsp;<\/p>\n<p>&nbsp;<\/p>","protected":false},"excerpt":{"rendered":"<p>Romande Energie und die Waadtl\u00e4nder Ingenieur- und Wirtschaftshochschule\u00a0HEIG\u00a0regeln ihre k\u00fcnftige Zusammenarbeit in einer Rahmenvereinbarung. Darin unterstreichen sie ihren Willen, gemeinsam Innovationen f\u00fcr die Energiewende hervorzubringen, schreiben sie in einer\u00a0Mitteilung. Dabei gehe es um Themen wie die Energiespeicherung, k\u00fcnftige Verteilnetze, erneuerbare Energien, Mobilit\u00e4t und Wasserstoff. Die Zusammenarbeit k\u00f6nne verschiedene Formen annehmen, etwa in Gestalt von Forschungsauftr\u00e4gen, [&hellip;]<\/p>\n","protected":false},"author":5,"featured_media":3461,"comment_status":"closed","ping_status":"closed","sticky":false,"template":"","format":"standard","meta":{"_acf_changed":false,"_yoast_wpseo_focuskw":"Romande Energie","_yoast_wpseo_metadesc":"Romande Energie und die Ingenieurhochschule HEIG machen gemeinsame Sache. Daf\u00fcr st\u00e4rken sie ihre bereits bestehenden Projekte.","articlekey":"","footnotes":""},"categories":[580],"tags":[1084,1120,1445,354,424,2128,2470],"class_list":["post-3460","post","type-post","status-publish","format-standard","has-post-thumbnail","hentry","category-sustainability","tag-energiespeicherung","tag-erneuerbare-energien","tag-iot","tag-mobilitaet","tag-schweiz","tag-smart-city","tag-verteilnetze"],"acf":[],"yoast_head":"<!-- This site is optimized with the Yoast SEO plugin v27.5 - https:\/\/yoast.com\/product\/yoast-seo-wordpress\/ -->\n<title>Romande Energie spannt mit Hochschule zusammen - Organisator<\/title>\n<meta name=\"description\" content=\"Romande Energie und die Ingenieurhochschule HEIG machen gemeinsame Sache. Daf\u00fcr st\u00e4rken sie ihre bereits bestehenden Projekte.\" \/>\n<meta name=\"robots\" content=\"index, follow, max-snippet:-1, max-image-preview:large, max-video-preview:-1\" \/>\n<link rel=\"canonical\" href=\"https:\/\/www.organisator.ch\/en\/sustainability\/2020-11-03\/romande-energie-spannt-mit-hochschule-zusammen\/\" \/>\n<meta property=\"og:locale\" content=\"en_US\" \/>\n<meta property=\"og:type\" content=\"article\" \/>\n<meta property=\"og:title\" content=\"Romande Energie spannt mit Hochschule zusammen - Organisator\" \/>\n<meta property=\"og:description\" content=\"Romande Energie und die Ingenieurhochschule HEIG machen gemeinsame Sache. Daf\u00fcr st\u00e4rken sie ihre bereits bestehenden Projekte.\" \/>\n<meta property=\"og:url\" content=\"https:\/\/www.organisator.ch\/en\/sustainability\/2020-11-03\/romande-energie-spannt-mit-hochschule-zusammen\/\" \/>\n<meta property=\"og:site_name\" content=\"Organisator\" \/>\n<meta property=\"article:publisher\" content=\"https:\/\/www.facebook.com\/OrganisatorFachmagazin\" \/>\n<meta property=\"article:published_time\" content=\"2020-11-03T16:51:25+00:00\" \/>\n<meta property=\"article:modified_time\" content=\"2022-02-09T10:06:12+00:00\" \/>\n<meta property=\"og:image\" content=\"https:\/\/www.organisator.ch\/wp-content\/uploads\/2020\/11\/energie-et-techniques-environnementales-xs.jpg\" \/>\n\t<meta property=\"og:image:width\" content=\"767\" \/>\n\t<meta property=\"og:image:height\" content=\"511\" \/>\n\t<meta property=\"og:image:type\" content=\"image\/jpeg\" \/>\n<meta name=\"author\" content=\"michael.merz\" \/>\n<meta name=\"twitter:card\" content=\"summary_large_image\" \/>\n<script type=\"application\/ld+json\" class=\"yoast-schema-graph\">{\"@context\":\"https:\\\/\\\/schema.org\",\"@graph\":[{\"@type\":\"Article\",\"@id\":\"https:\\\/\\\/www.organisator.ch\\\/sustainability\\\/2020-11-03\\\/romande-energie-spannt-mit-hochschule-zusammen\\\/#article\",\"isPartOf\":{\"@id\":\"https:\\\/\\\/www.organisator.ch\\\/sustainability\\\/2020-11-03\\\/romande-energie-spannt-mit-hochschule-zusammen\\\/\"},\"author\":{\"name\":\"michael.merz\",\"@id\":\"https:\\\/\\\/www.organisator.ch\\\/#\\\/schema\\\/person\\\/134708ca9321c57b0362cceb7948ffbd\"},\"headline\":\"Romande Energie spannt mit Hochschule zusammen\",\"datePublished\":\"2020-11-03T16:51:25+00:00\",\"dateModified\":\"2022-02-09T10:06:12+00:00\",\"mainEntityOfPage\":{\"@id\":\"https:\\\/\\\/www.organisator.ch\\\/sustainability\\\/2020-11-03\\\/romande-energie-spannt-mit-hochschule-zusammen\\\/\"},\"wordCount\":343,\"publisher\":{\"@id\":\"https:\\\/\\\/www.organisator.ch\\\/#organization\"},\"image\":{\"@id\":\"https:\\\/\\\/www.organisator.ch\\\/sustainability\\\/2020-11-03\\\/romande-energie-spannt-mit-hochschule-zusammen\\\/#primaryimage\"},\"thumbnailUrl\":\"https:\\\/\\\/www.organisator.ch\\\/wp-content\\\/uploads\\\/2020\\\/11\\\/energie-et-techniques-environnementales-xs.jpg\",\"keywords\":[\"Energiespeicherung\",\"erneuerbare Energien\",\"IoT\",\"Mobilit\u00e4t\",\"Schweiz\",\"Smart City\",\"Verteilnetze\"],\"articleSection\":[\"SUSTAINABILITY\"],\"inLanguage\":\"en-US\"},{\"@type\":\"WebPage\",\"@id\":\"https:\\\/\\\/www.organisator.ch\\\/sustainability\\\/2020-11-03\\\/romande-energie-spannt-mit-hochschule-zusammen\\\/\",\"url\":\"https:\\\/\\\/www.organisator.ch\\\/sustainability\\\/2020-11-03\\\/romande-energie-spannt-mit-hochschule-zusammen\\\/\",\"name\":\"Romande Energie spannt mit Hochschule zusammen - Organisator\",\"isPartOf\":{\"@id\":\"https:\\\/\\\/www.organisator.ch\\\/#website\"},\"primaryImageOfPage\":{\"@id\":\"https:\\\/\\\/www.organisator.ch\\\/sustainability\\\/2020-11-03\\\/romande-energie-spannt-mit-hochschule-zusammen\\\/#primaryimage\"},\"image\":{\"@id\":\"https:\\\/\\\/www.organisator.ch\\\/sustainability\\\/2020-11-03\\\/romande-energie-spannt-mit-hochschule-zusammen\\\/#primaryimage\"},\"thumbnailUrl\":\"https:\\\/\\\/www.organisator.ch\\\/wp-content\\\/uploads\\\/2020\\\/11\\\/energie-et-techniques-environnementales-xs.jpg\",\"datePublished\":\"2020-11-03T16:51:25+00:00\",\"dateModified\":\"2022-02-09T10:06:12+00:00\",\"description\":\"Romande Energie und die Ingenieurhochschule HEIG machen gemeinsame Sache. Daf\u00fcr st\u00e4rken sie ihre bereits bestehenden Projekte.\",\"breadcrumb\":{\"@id\":\"https:\\\/\\\/www.organisator.ch\\\/sustainability\\\/2020-11-03\\\/romande-energie-spannt-mit-hochschule-zusammen\\\/#breadcrumb\"},\"inLanguage\":\"en-US\",\"potentialAction\":[{\"@type\":\"ReadAction\",\"target\":[\"https:\\\/\\\/www.organisator.ch\\\/sustainability\\\/2020-11-03\\\/romande-energie-spannt-mit-hochschule-zusammen\\\/\"]}]},{\"@type\":\"ImageObject\",\"inLanguage\":\"en-US\",\"@id\":\"https:\\\/\\\/www.organisator.ch\\\/sustainability\\\/2020-11-03\\\/romande-energie-spannt-mit-hochschule-zusammen\\\/#primaryimage\",\"url\":\"https:\\\/\\\/www.organisator.ch\\\/wp-content\\\/uploads\\\/2020\\\/11\\\/energie-et-techniques-environnementales-xs.jpg\",\"contentUrl\":\"https:\\\/\\\/www.organisator.ch\\\/wp-content\\\/uploads\\\/2020\\\/11\\\/energie-et-techniques-environnementales-xs.jpg\",\"width\":767,\"height\":511},{\"@type\":\"BreadcrumbList\",\"@id\":\"https:\\\/\\\/www.organisator.ch\\\/sustainability\\\/2020-11-03\\\/romande-energie-spannt-mit-hochschule-zusammen\\\/#breadcrumb\",\"itemListElement\":[{\"@type\":\"ListItem\",\"position\":1,\"name\":\"Home\",\"item\":\"https:\\\/\\\/www.organisator.ch\\\/\"},{\"@type\":\"ListItem\",\"position\":2,\"name\":\"Romande Energie spannt mit Hochschule zusammen\"}]},{\"@type\":\"WebSite\",\"@id\":\"https:\\\/\\\/www.organisator.ch\\\/#website\",\"url\":\"https:\\\/\\\/www.organisator.ch\\\/\",\"name\":\"Organisator\",\"description\":\"Kompetent. Praxisnah. Der ORGANISATOR bereitet in 10 Ausgaben pro Jahr die wesentlichen Themen f\u00fcr F\u00fchrungskr\u00e4fte von KMU auf.\",\"publisher\":{\"@id\":\"https:\\\/\\\/www.organisator.ch\\\/#organization\"},\"potentialAction\":[{\"@type\":\"SearchAction\",\"target\":{\"@type\":\"EntryPoint\",\"urlTemplate\":\"https:\\\/\\\/www.organisator.ch\\\/?s={search_term_string}\"},\"query-input\":{\"@type\":\"PropertyValueSpecification\",\"valueRequired\":true,\"valueName\":\"search_term_string\"}}],\"inLanguage\":\"en-US\"},{\"@type\":\"Organization\",\"@id\":\"https:\\\/\\\/www.organisator.ch\\\/#organization\",\"name\":\"Organisator\",\"url\":\"https:\\\/\\\/www.organisator.ch\\\/\",\"logo\":{\"@type\":\"ImageObject\",\"inLanguage\":\"en-US\",\"@id\":\"https:\\\/\\\/www.organisator.ch\\\/#\\\/schema\\\/logo\\\/image\\\/\",\"url\":\"https:\\\/\\\/www.organisator.ch\\\/wp-content\\\/uploads\\\/2022\\\/01\\\/Logo_Organisator_Website.png\",\"contentUrl\":\"https:\\\/\\\/www.organisator.ch\\\/wp-content\\\/uploads\\\/2022\\\/01\\\/Logo_Organisator_Website.png\",\"width\":800,\"height\":77,\"caption\":\"Organisator\"},\"image\":{\"@id\":\"https:\\\/\\\/www.organisator.ch\\\/#\\\/schema\\\/logo\\\/image\\\/\"},\"sameAs\":[\"https:\\\/\\\/www.facebook.com\\\/OrganisatorFachmagazin\",\"https:\\\/\\\/www.linkedin.com\\\/showcase\\\/organisator-das-magazin-fr-kmu\",\"https:\\\/\\\/www.xing.com\\\/news\\\/pages\\\/organisator-ch-695\",\"https:\\\/\\\/www.youtube.com\\\/channel\\\/UCGP2Sq0iWaZwT3BdIAQFYpw\"]},{\"@type\":\"Person\",\"@id\":\"https:\\\/\\\/www.organisator.ch\\\/#\\\/schema\\\/person\\\/134708ca9321c57b0362cceb7948ffbd\",\"name\":\"michael.merz\",\"image\":{\"@type\":\"ImageObject\",\"inLanguage\":\"en-US\",\"@id\":\"https:\\\/\\\/secure.gravatar.com\\\/avatar\\\/?s=96&d=mm&r=g\",\"url\":\"https:\\\/\\\/secure.gravatar.com\\\/avatar\\\/?s=96&d=mm&r=g\",\"contentUrl\":\"https:\\\/\\\/secure.gravatar.com\\\/avatar\\\/?s=96&d=mm&r=g\",\"caption\":\"michael.merz\"},\"url\":\"https:\\\/\\\/www.organisator.ch\\\/en\\\/author\\\/michael-merz\\\/\"}]}<\/script>\n<!-- \/ Yoast SEO plugin. -->","yoast_head_json":{"title":"Romande Energie teams up with university - organizer","description":"Romande Energie and the HEIG College of Engineering are joining forces. To do so, they are strengthening their existing projects.","robots":{"index":"index","follow":"follow","max-snippet":"max-snippet:-1","max-image-preview":"max-image-preview:large","max-video-preview":"max-video-preview:-1"},"canonical":"https:\/\/www.organisator.ch\/en\/sustainability\/2020-11-03\/romande-energie-spannt-mit-hochschule-zusammen\/","og_locale":"en_US","og_type":"article","og_title":"Romande Energie spannt mit Hochschule zusammen - Organisator","og_description":"Romande Energie und die Ingenieurhochschule HEIG machen gemeinsame Sache. Daf\u00fcr st\u00e4rken sie ihre bereits bestehenden Projekte.","og_url":"https:\/\/www.organisator.ch\/en\/sustainability\/2020-11-03\/romande-energie-spannt-mit-hochschule-zusammen\/","og_site_name":"Organisator","article_publisher":"https:\/\/www.facebook.com\/OrganisatorFachmagazin","article_published_time":"2020-11-03T16:51:25+00:00","article_modified_time":"2022-02-09T10:06:12+00:00","og_image":[{"width":767,"height":511,"url":"https:\/\/www.organisator.ch\/wp-content\/uploads\/2020\/11\/energie-et-techniques-environnementales-xs.jpg","type":"image\/jpeg"}],"author":"michael.merz","twitter_card":"summary_large_image","schema":{"@context":"https:\/\/schema.org","@graph":[{"@type":"Article","@id":"https:\/\/www.organisator.ch\/sustainability\/2020-11-03\/romande-energie-spannt-mit-hochschule-zusammen\/#article","isPartOf":{"@id":"https:\/\/www.organisator.ch\/sustainability\/2020-11-03\/romande-energie-spannt-mit-hochschule-zusammen\/"},"author":{"name":"michael.merz","@id":"https:\/\/www.organisator.ch\/#\/schema\/person\/134708ca9321c57b0362cceb7948ffbd"},"headline":"Romande Energie spannt mit Hochschule zusammen","datePublished":"2020-11-03T16:51:25+00:00","dateModified":"2022-02-09T10:06:12+00:00","mainEntityOfPage":{"@id":"https:\/\/www.organisator.ch\/sustainability\/2020-11-03\/romande-energie-spannt-mit-hochschule-zusammen\/"},"wordCount":343,"publisher":{"@id":"https:\/\/www.organisator.ch\/#organization"},"image":{"@id":"https:\/\/www.organisator.ch\/sustainability\/2020-11-03\/romande-energie-spannt-mit-hochschule-zusammen\/#primaryimage"},"thumbnailUrl":"https:\/\/www.organisator.ch\/wp-content\/uploads\/2020\/11\/energie-et-techniques-environnementales-xs.jpg","keywords":["Energiespeicherung","erneuerbare Energien","IoT","Mobilit\u00e4t","Schweiz","Smart City","Verteilnetze"],"articleSection":["SUSTAINABILITY"],"inLanguage":"en-US"},{"@type":"WebPage","@id":"https:\/\/www.organisator.ch\/sustainability\/2020-11-03\/romande-energie-spannt-mit-hochschule-zusammen\/","url":"https:\/\/www.organisator.ch\/sustainability\/2020-11-03\/romande-energie-spannt-mit-hochschule-zusammen\/","name":"Romande Energie teams up with university - organizer","isPartOf":{"@id":"https:\/\/www.organisator.ch\/#website"},"primaryImageOfPage":{"@id":"https:\/\/www.organisator.ch\/sustainability\/2020-11-03\/romande-energie-spannt-mit-hochschule-zusammen\/#primaryimage"},"image":{"@id":"https:\/\/www.organisator.ch\/sustainability\/2020-11-03\/romande-energie-spannt-mit-hochschule-zusammen\/#primaryimage"},"thumbnailUrl":"https:\/\/www.organisator.ch\/wp-content\/uploads\/2020\/11\/energie-et-techniques-environnementales-xs.jpg","datePublished":"2020-11-03T16:51:25+00:00","dateModified":"2022-02-09T10:06:12+00:00","description":"Romande Energie and the HEIG College of Engineering are joining forces. To do so, they are strengthening their existing projects.","breadcrumb":{"@id":"https:\/\/www.organisator.ch\/sustainability\/2020-11-03\/romande-energie-spannt-mit-hochschule-zusammen\/#breadcrumb"},"inLanguage":"en-US","potentialAction":[{"@type":"ReadAction","target":["https:\/\/www.organisator.ch\/sustainability\/2020-11-03\/romande-energie-spannt-mit-hochschule-zusammen\/"]}]},{"@type":"ImageObject","inLanguage":"en-US","@id":"https:\/\/www.organisator.ch\/sustainability\/2020-11-03\/romande-energie-spannt-mit-hochschule-zusammen\/#primaryimage","url":"https:\/\/www.organisator.ch\/wp-content\/uploads\/2020\/11\/energie-et-techniques-environnementales-xs.jpg","contentUrl":"https:\/\/www.organisator.ch\/wp-content\/uploads\/2020\/11\/energie-et-techniques-environnementales-xs.jpg","width":767,"height":511},{"@type":"BreadcrumbList","@id":"https:\/\/www.organisator.ch\/sustainability\/2020-11-03\/romande-energie-spannt-mit-hochschule-zusammen\/#breadcrumb","itemListElement":[{"@type":"ListItem","position":1,"name":"Home","item":"https:\/\/www.organisator.ch\/"},{"@type":"ListItem","position":2,"name":"Romande Energie spannt mit Hochschule zusammen"}]},{"@type":"WebSite","@id":"https:\/\/www.organisator.ch\/#website","url":"https:\/\/www.organisator.ch\/","name":"Organizer","description":"Competent. Practical. In 10 issues per year, ORGANISATOR presents the essential topics for managers of SMEs.","publisher":{"@id":"https:\/\/www.organisator.ch\/#organization"},"potentialAction":[{"@type":"SearchAction","target":{"@type":"EntryPoint","urlTemplate":"https:\/\/www.organisator.ch\/?s={search_term_string}"},"query-input":{"@type":"PropertyValueSpecification","valueRequired":true,"valueName":"search_term_string"}}],"inLanguage":"en-US"},{"@type":"Organization","@id":"https:\/\/www.organisator.ch\/#organization","name":"Organizer","url":"https:\/\/www.organisator.ch\/","logo":{"@type":"ImageObject","inLanguage":"en-US","@id":"https:\/\/www.organisator.ch\/#\/schema\/logo\/image\/","url":"https:\/\/www.organisator.ch\/wp-content\/uploads\/2022\/01\/Logo_Organisator_Website.png","contentUrl":"https:\/\/www.organisator.ch\/wp-content\/uploads\/2022\/01\/Logo_Organisator_Website.png","width":800,"height":77,"caption":"Organisator"},"image":{"@id":"https:\/\/www.organisator.ch\/#\/schema\/logo\/image\/"},"sameAs":["https:\/\/www.facebook.com\/OrganisatorFachmagazin","https:\/\/www.linkedin.com\/showcase\/organisator-das-magazin-fr-kmu","https:\/\/www.xing.com\/news\/pages\/organisator-ch-695","https:\/\/www.youtube.com\/channel\/UCGP2Sq0iWaZwT3BdIAQFYpw"]},{"@type":"Person","@id":"https:\/\/www.organisator.ch\/#\/schema\/person\/134708ca9321c57b0362cceb7948ffbd","name":"michael.merz","image":{"@type":"ImageObject","inLanguage":"en-US","@id":"https:\/\/secure.gravatar.com\/avatar\/?s=96&d=mm&r=g","url":"https:\/\/secure.gravatar.com\/avatar\/?s=96&d=mm&r=g","contentUrl":"https:\/\/secure.gravatar.com\/avatar\/?s=96&d=mm&r=g","caption":"michael.merz"},"url":"https:\/\/www.organisator.ch\/en\/author\/michael-merz\/"}]}},"_links":{"self":[{"href":"https:\/\/www.organisator.ch\/en\/wp-json\/wp\/v2\/posts\/3460","targetHints":{"allow":["GET"]}}],"collection":[{"href":"https:\/\/www.organisator.ch\/en\/wp-json\/wp\/v2\/posts"}],"about":[{"href":"https:\/\/www.organisator.ch\/en\/wp-json\/wp\/v2\/types\/post"}],"author":[{"embeddable":true,"href":"https:\/\/www.organisator.ch\/en\/wp-json\/wp\/v2\/users\/5"}],"replies":[{"embeddable":true,"href":"https:\/\/www.organisator.ch\/en\/wp-json\/wp\/v2\/comments?post=3460"}],"version-history":[{"count":1,"href":"https:\/\/www.organisator.ch\/en\/wp-json\/wp\/v2\/posts\/3460\/revisions"}],"predecessor-version":[{"id":10514,"href":"https:\/\/www.organisator.ch\/en\/wp-json\/wp\/v2\/posts\/3460\/revisions\/10514"}],"wp:featuredmedia":[{"embeddable":true,"href":"https:\/\/www.organisator.ch\/en\/wp-json\/wp\/v2\/media\/3461"}],"wp:attachment":[{"href":"https:\/\/www.organisator.ch\/en\/wp-json\/wp\/v2\/media?parent=3460"}],"wp:term":[{"taxonomy":"category","embeddable":true,"href":"https:\/\/www.organisator.ch\/en\/wp-json\/wp\/v2\/categories?post=3460"},{"taxonomy":"post_tag","embeddable":true,"href":"https:\/\/www.organisator.ch\/en\/wp-json\/wp\/v2\/tags?post=3460"}],"curies":[{"name":"wp","href":"https:\/\/api.w.org\/{rel}","templated":true}]}}