{"id":34620,"date":"2024-12-10T10:48:56","date_gmt":"2024-12-10T09:48:56","guid":{"rendered":"https:\/\/www.markt-kom.com\/?p=228015"},"modified":"2024-12-11T07:23:55","modified_gmt":"2024-12-11T06:23:55","slug":"tx-group-streicht-den-job-der-kommunikationschefin","status":"publish","type":"post","link":"https:\/\/www.organisator.ch\/en\/marketing\/2024-12-10\/tx-group-streicht-den-job-der-kommunikationschefin\/","title":{"rendered":"TX Group cuts the job of Head of Communications"},"content":{"rendered":"<figure id=\"attachment_126881\" class=\"wp-caption aligncenter\" style=\"width: 1200px;\" aria-describedby=\"caption-attachment-126881\"><a href=\"https:\/\/www.markt-kom.com\/wp-content\/uploads\/2021\/02\/2021-01\/Noetzli_Ursula.jpg\"><img class=\"wp-image-126881 size-full\" src=\"https:\/\/www.markt-kom.com\/wp-content\/uploads\/2021\/02\/2021-01\/Noetzli_Ursula.jpg\" alt=\"TX Group\" width=\"1200\" height=\"918\" \/><\/a>\r\n<figcaption id=\"caption-attachment-126881\" class=\"wp-caption-text\">(archive picture)<\/figcaption>\r\n<\/figure>\r\n<p>N\u00f6tzli is leaving the TX Group at her own request to pursue a new professional challenge, according to a press release issued on Tuesday. As Chief Communications &amp; Sustainability Officer, she has been responsible for corporate communications, investor relations, public affairs and sustainability since the beginning of 2021 <em><a href=\"https:\/\/www.markt-kom.com\/de\/work-life\/jobchange\/ursula-notzli-ist-neue-leiterin-kommunikation-bei-der-tx-group\/\">(Markt-kom.com reported)<\/a><\/em>.<\/p>\r\n<p>With the departure of N\u00f6tzli, the TX Group's communications will now be reorganized. From January 2025, responsibility will be decentralized to the CEOs of the individual Group companies. This will allow for more flexible and efficient communication, according to the statement.<\/p>\r\n<p>N\u00f6tzli will remain in charge of investor relations, financial communications and communications for the publisher and Chairman of the Board of Directors until the end of April 2025. <em>(SDA)<\/em><\/p>","protected":false},"excerpt":{"rendered":"<p>TX Head of Communications Ursula N\u00f6tzli is leaving the Swiss media group. Following her departure, the position on the Group Executive Board will not be replaced.<\/p>","protected":false},"author":8,"featured_media":0,"comment_status":"closed","ping_status":"closed","sticky":false,"template":"","format":"standard","meta":{"_acf_changed":false,"_yoast_wpseo_focuskw":"Ursula N\u00f6tzli verl\u00e4sst TX Group","_yoast_wpseo_metadesc":"Ursula N\u00f6tzli verl\u00e4sst die TX Group. Ab 2025 wird die Konzernkommunikation dezentral organisiert, um flexibler und effizienter zu agieren.","articlekey":"","footnotes":""},"categories":[29],"tags":[2853,4343,2830],"class_list":["post-34620","post","type-post","status-publish","format-standard","hentry","category-marketing","tag-jobchange","tag-markom","tag-tx-group"],"acf":[],"yoast_head":"<!-- This site is optimized with the Yoast SEO plugin v27.5 - https:\/\/yoast.com\/product\/yoast-seo-wordpress\/ -->\n<title>TX Group streicht den Job der Kommunikationschefin - Organisator<\/title>\n<meta name=\"description\" content=\"Ursula N\u00f6tzli verl\u00e4sst die TX Group. Ab 2025 wird die Konzernkommunikation dezentral organisiert, um flexibler und effizienter zu agieren.\" \/>\n<meta name=\"robots\" content=\"index, follow, max-snippet:-1, max-image-preview:large, max-video-preview:-1\" \/>\n<link rel=\"canonical\" href=\"https:\/\/www.organisator.ch\/en\/marketing\/2024-12-10\/tx-group-streicht-den-job-der-kommunikationschefin\/\" \/>\n<meta property=\"og:locale\" content=\"en_US\" \/>\n<meta property=\"og:type\" content=\"article\" \/>\n<meta property=\"og:title\" content=\"TX Group streicht den Job der Kommunikationschefin - Organisator\" \/>\n<meta property=\"og:description\" content=\"Ursula N\u00f6tzli verl\u00e4sst die TX Group. Ab 2025 wird die Konzernkommunikation dezentral organisiert, um flexibler und effizienter zu agieren.\" \/>\n<meta property=\"og:url\" content=\"https:\/\/www.organisator.ch\/en\/marketing\/2024-12-10\/tx-group-streicht-den-job-der-kommunikationschefin\/\" \/>\n<meta property=\"og:site_name\" content=\"Organisator\" \/>\n<meta property=\"article:publisher\" content=\"https:\/\/www.facebook.com\/OrganisatorFachmagazin\" \/>\n<meta property=\"article:published_time\" content=\"2024-12-10T09:48:56+00:00\" \/>\n<meta property=\"article:modified_time\" content=\"2024-12-11T06:23:55+00:00\" \/>\n<meta name=\"author\" content=\"galledia\" \/>\n<meta name=\"twitter:card\" content=\"summary_large_image\" \/>\n<meta name=\"twitter:creator\" content=\"@admin\" \/>\n<script type=\"application\/ld+json\" class=\"yoast-schema-graph\">{\"@context\":\"https:\\\/\\\/schema.org\",\"@graph\":[{\"@type\":\"Article\",\"@id\":\"https:\\\/\\\/www.organisator.ch\\\/marketing\\\/2024-12-10\\\/tx-group-streicht-den-job-der-kommunikationschefin\\\/#article\",\"isPartOf\":{\"@id\":\"https:\\\/\\\/www.organisator.ch\\\/marketing\\\/2024-12-10\\\/tx-group-streicht-den-job-der-kommunikationschefin\\\/\"},\"author\":{\"name\":\"galledia\",\"@id\":\"https:\\\/\\\/www.organisator.ch\\\/#\\\/schema\\\/person\\\/4e51799071cd2dd1232ac003643ef5f0\"},\"headline\":\"TX Group streicht den Job der Kommunikationschefin\",\"datePublished\":\"2024-12-10T09:48:56+00:00\",\"dateModified\":\"2024-12-11T06:23:55+00:00\",\"mainEntityOfPage\":{\"@id\":\"https:\\\/\\\/www.organisator.ch\\\/marketing\\\/2024-12-10\\\/tx-group-streicht-den-job-der-kommunikationschefin\\\/\"},\"wordCount\":117,\"publisher\":{\"@id\":\"https:\\\/\\\/www.organisator.ch\\\/#organization\"},\"image\":{\"@id\":\"https:\\\/\\\/www.organisator.ch\\\/marketing\\\/2024-12-10\\\/tx-group-streicht-den-job-der-kommunikationschefin\\\/#primaryimage\"},\"thumbnailUrl\":\"https:\\\/\\\/www.markt-kom.com\\\/wp-content\\\/uploads\\\/2021\\\/02\\\/2021-01\\\/Noetzli_Ursula.jpg\",\"keywords\":[\"Jobchange\",\"MarKom\",\"TX Group\"],\"articleSection\":[\"MARKETING\"],\"inLanguage\":\"en-US\"},{\"@type\":\"WebPage\",\"@id\":\"https:\\\/\\\/www.organisator.ch\\\/marketing\\\/2024-12-10\\\/tx-group-streicht-den-job-der-kommunikationschefin\\\/\",\"url\":\"https:\\\/\\\/www.organisator.ch\\\/marketing\\\/2024-12-10\\\/tx-group-streicht-den-job-der-kommunikationschefin\\\/\",\"name\":\"TX Group streicht den Job der Kommunikationschefin - Organisator\",\"isPartOf\":{\"@id\":\"https:\\\/\\\/www.organisator.ch\\\/#website\"},\"primaryImageOfPage\":{\"@id\":\"https:\\\/\\\/www.organisator.ch\\\/marketing\\\/2024-12-10\\\/tx-group-streicht-den-job-der-kommunikationschefin\\\/#primaryimage\"},\"image\":{\"@id\":\"https:\\\/\\\/www.organisator.ch\\\/marketing\\\/2024-12-10\\\/tx-group-streicht-den-job-der-kommunikationschefin\\\/#primaryimage\"},\"thumbnailUrl\":\"https:\\\/\\\/www.markt-kom.com\\\/wp-content\\\/uploads\\\/2021\\\/02\\\/2021-01\\\/Noetzli_Ursula.jpg\",\"datePublished\":\"2024-12-10T09:48:56+00:00\",\"dateModified\":\"2024-12-11T06:23:55+00:00\",\"description\":\"Ursula N\u00f6tzli verl\u00e4sst die TX Group. Ab 2025 wird die Konzernkommunikation dezentral organisiert, um flexibler und effizienter zu agieren.\",\"breadcrumb\":{\"@id\":\"https:\\\/\\\/www.organisator.ch\\\/marketing\\\/2024-12-10\\\/tx-group-streicht-den-job-der-kommunikationschefin\\\/#breadcrumb\"},\"inLanguage\":\"en-US\",\"potentialAction\":[{\"@type\":\"ReadAction\",\"target\":[\"https:\\\/\\\/www.organisator.ch\\\/marketing\\\/2024-12-10\\\/tx-group-streicht-den-job-der-kommunikationschefin\\\/\"]}]},{\"@type\":\"ImageObject\",\"inLanguage\":\"en-US\",\"@id\":\"https:\\\/\\\/www.organisator.ch\\\/marketing\\\/2024-12-10\\\/tx-group-streicht-den-job-der-kommunikationschefin\\\/#primaryimage\",\"url\":\"https:\\\/\\\/www.markt-kom.com\\\/wp-content\\\/uploads\\\/2021\\\/02\\\/2021-01\\\/Noetzli_Ursula.jpg\",\"contentUrl\":\"https:\\\/\\\/www.markt-kom.com\\\/wp-content\\\/uploads\\\/2021\\\/02\\\/2021-01\\\/Noetzli_Ursula.jpg\"},{\"@type\":\"BreadcrumbList\",\"@id\":\"https:\\\/\\\/www.organisator.ch\\\/marketing\\\/2024-12-10\\\/tx-group-streicht-den-job-der-kommunikationschefin\\\/#breadcrumb\",\"itemListElement\":[{\"@type\":\"ListItem\",\"position\":1,\"name\":\"Home\",\"item\":\"https:\\\/\\\/www.organisator.ch\\\/\"},{\"@type\":\"ListItem\",\"position\":2,\"name\":\"TX Group streicht den Job der Kommunikationschefin\"}]},{\"@type\":\"WebSite\",\"@id\":\"https:\\\/\\\/www.organisator.ch\\\/#website\",\"url\":\"https:\\\/\\\/www.organisator.ch\\\/\",\"name\":\"Organisator\",\"description\":\"Kompetent. Praxisnah. Der ORGANISATOR bereitet in 10 Ausgaben pro Jahr die wesentlichen Themen f\u00fcr F\u00fchrungskr\u00e4fte von KMU auf.\",\"publisher\":{\"@id\":\"https:\\\/\\\/www.organisator.ch\\\/#organization\"},\"potentialAction\":[{\"@type\":\"SearchAction\",\"target\":{\"@type\":\"EntryPoint\",\"urlTemplate\":\"https:\\\/\\\/www.organisator.ch\\\/?s={search_term_string}\"},\"query-input\":{\"@type\":\"PropertyValueSpecification\",\"valueRequired\":true,\"valueName\":\"search_term_string\"}}],\"inLanguage\":\"en-US\"},{\"@type\":\"Organization\",\"@id\":\"https:\\\/\\\/www.organisator.ch\\\/#organization\",\"name\":\"Organisator\",\"url\":\"https:\\\/\\\/www.organisator.ch\\\/\",\"logo\":{\"@type\":\"ImageObject\",\"inLanguage\":\"en-US\",\"@id\":\"https:\\\/\\\/www.organisator.ch\\\/#\\\/schema\\\/logo\\\/image\\\/\",\"url\":\"https:\\\/\\\/www.organisator.ch\\\/wp-content\\\/uploads\\\/2022\\\/01\\\/Logo_Organisator_Website.png\",\"contentUrl\":\"https:\\\/\\\/www.organisator.ch\\\/wp-content\\\/uploads\\\/2022\\\/01\\\/Logo_Organisator_Website.png\",\"width\":800,\"height\":77,\"caption\":\"Organisator\"},\"image\":{\"@id\":\"https:\\\/\\\/www.organisator.ch\\\/#\\\/schema\\\/logo\\\/image\\\/\"},\"sameAs\":[\"https:\\\/\\\/www.facebook.com\\\/OrganisatorFachmagazin\",\"https:\\\/\\\/www.linkedin.com\\\/showcase\\\/organisator-das-magazin-fr-kmu\",\"https:\\\/\\\/www.xing.com\\\/news\\\/pages\\\/organisator-ch-695\",\"https:\\\/\\\/www.youtube.com\\\/channel\\\/UCGP2Sq0iWaZwT3BdIAQFYpw\"]},{\"@type\":\"Person\",\"@id\":\"https:\\\/\\\/www.organisator.ch\\\/#\\\/schema\\\/person\\\/4e51799071cd2dd1232ac003643ef5f0\",\"name\":\"galledia\",\"image\":{\"@type\":\"ImageObject\",\"inLanguage\":\"en-US\",\"@id\":\"https:\\\/\\\/secure.gravatar.com\\\/avatar\\\/78a7f90c01fc2bfc875782a0d4922b37cde2cf184ce347b91316d23cd7f69a36?s=96&d=mm&r=g\",\"url\":\"https:\\\/\\\/secure.gravatar.com\\\/avatar\\\/78a7f90c01fc2bfc875782a0d4922b37cde2cf184ce347b91316d23cd7f69a36?s=96&d=mm&r=g\",\"contentUrl\":\"https:\\\/\\\/secure.gravatar.com\\\/avatar\\\/78a7f90c01fc2bfc875782a0d4922b37cde2cf184ce347b91316d23cd7f69a36?s=96&d=mm&r=g\",\"caption\":\"galledia\"},\"sameAs\":[\"https:\\\/\\\/x.com\\\/admin\"],\"url\":\"https:\\\/\\\/www.organisator.ch\\\/en\\\/author\\\/galledia\\\/\"}]}<\/script>\n<!-- \/ Yoast SEO plugin. -->","yoast_head_json":{"title":"TX Group eliminates the job of Head of Communications - Organizer","description":"Ursula N\u00f6tzli is leaving the TX Group. From 2025, Group Communications will be organized decentrally in order to operate more flexibly and efficiently.","robots":{"index":"index","follow":"follow","max-snippet":"max-snippet:-1","max-image-preview":"max-image-preview:large","max-video-preview":"max-video-preview:-1"},"canonical":"https:\/\/www.organisator.ch\/en\/marketing\/2024-12-10\/tx-group-streicht-den-job-der-kommunikationschefin\/","og_locale":"en_US","og_type":"article","og_title":"TX Group streicht den Job der Kommunikationschefin - Organisator","og_description":"Ursula N\u00f6tzli verl\u00e4sst die TX Group. Ab 2025 wird die Konzernkommunikation dezentral organisiert, um flexibler und effizienter zu agieren.","og_url":"https:\/\/www.organisator.ch\/en\/marketing\/2024-12-10\/tx-group-streicht-den-job-der-kommunikationschefin\/","og_site_name":"Organisator","article_publisher":"https:\/\/www.facebook.com\/OrganisatorFachmagazin","article_published_time":"2024-12-10T09:48:56+00:00","article_modified_time":"2024-12-11T06:23:55+00:00","author":"galledia","twitter_card":"summary_large_image","twitter_creator":"@admin","schema":{"@context":"https:\/\/schema.org","@graph":[{"@type":"Article","@id":"https:\/\/www.organisator.ch\/marketing\/2024-12-10\/tx-group-streicht-den-job-der-kommunikationschefin\/#article","isPartOf":{"@id":"https:\/\/www.organisator.ch\/marketing\/2024-12-10\/tx-group-streicht-den-job-der-kommunikationschefin\/"},"author":{"name":"galledia","@id":"https:\/\/www.organisator.ch\/#\/schema\/person\/4e51799071cd2dd1232ac003643ef5f0"},"headline":"TX Group streicht den Job der Kommunikationschefin","datePublished":"2024-12-10T09:48:56+00:00","dateModified":"2024-12-11T06:23:55+00:00","mainEntityOfPage":{"@id":"https:\/\/www.organisator.ch\/marketing\/2024-12-10\/tx-group-streicht-den-job-der-kommunikationschefin\/"},"wordCount":117,"publisher":{"@id":"https:\/\/www.organisator.ch\/#organization"},"image":{"@id":"https:\/\/www.organisator.ch\/marketing\/2024-12-10\/tx-group-streicht-den-job-der-kommunikationschefin\/#primaryimage"},"thumbnailUrl":"https:\/\/www.markt-kom.com\/wp-content\/uploads\/2021\/02\/2021-01\/Noetzli_Ursula.jpg","keywords":["Jobchange","MarKom","TX Group"],"articleSection":["MARKETING"],"inLanguage":"en-US"},{"@type":"WebPage","@id":"https:\/\/www.organisator.ch\/marketing\/2024-12-10\/tx-group-streicht-den-job-der-kommunikationschefin\/","url":"https:\/\/www.organisator.ch\/marketing\/2024-12-10\/tx-group-streicht-den-job-der-kommunikationschefin\/","name":"TX Group eliminates the job of Head of Communications - Organizer","isPartOf":{"@id":"https:\/\/www.organisator.ch\/#website"},"primaryImageOfPage":{"@id":"https:\/\/www.organisator.ch\/marketing\/2024-12-10\/tx-group-streicht-den-job-der-kommunikationschefin\/#primaryimage"},"image":{"@id":"https:\/\/www.organisator.ch\/marketing\/2024-12-10\/tx-group-streicht-den-job-der-kommunikationschefin\/#primaryimage"},"thumbnailUrl":"https:\/\/www.markt-kom.com\/wp-content\/uploads\/2021\/02\/2021-01\/Noetzli_Ursula.jpg","datePublished":"2024-12-10T09:48:56+00:00","dateModified":"2024-12-11T06:23:55+00:00","description":"Ursula N\u00f6tzli is leaving the TX Group. From 2025, Group Communications will be organized decentrally in order to operate more flexibly and efficiently.","breadcrumb":{"@id":"https:\/\/www.organisator.ch\/marketing\/2024-12-10\/tx-group-streicht-den-job-der-kommunikationschefin\/#breadcrumb"},"inLanguage":"en-US","potentialAction":[{"@type":"ReadAction","target":["https:\/\/www.organisator.ch\/marketing\/2024-12-10\/tx-group-streicht-den-job-der-kommunikationschefin\/"]}]},{"@type":"ImageObject","inLanguage":"en-US","@id":"https:\/\/www.organisator.ch\/marketing\/2024-12-10\/tx-group-streicht-den-job-der-kommunikationschefin\/#primaryimage","url":"https:\/\/www.markt-kom.com\/wp-content\/uploads\/2021\/02\/2021-01\/Noetzli_Ursula.jpg","contentUrl":"https:\/\/www.markt-kom.com\/wp-content\/uploads\/2021\/02\/2021-01\/Noetzli_Ursula.jpg"},{"@type":"BreadcrumbList","@id":"https:\/\/www.organisator.ch\/marketing\/2024-12-10\/tx-group-streicht-den-job-der-kommunikationschefin\/#breadcrumb","itemListElement":[{"@type":"ListItem","position":1,"name":"Home","item":"https:\/\/www.organisator.ch\/"},{"@type":"ListItem","position":2,"name":"TX Group streicht den Job der Kommunikationschefin"}]},{"@type":"WebSite","@id":"https:\/\/www.organisator.ch\/#website","url":"https:\/\/www.organisator.ch\/","name":"Organizer","description":"Competent. Practical. In 10 issues per year, ORGANISATOR presents the essential topics for managers of SMEs.","publisher":{"@id":"https:\/\/www.organisator.ch\/#organization"},"potentialAction":[{"@type":"SearchAction","target":{"@type":"EntryPoint","urlTemplate":"https:\/\/www.organisator.ch\/?s={search_term_string}"},"query-input":{"@type":"PropertyValueSpecification","valueRequired":true,"valueName":"search_term_string"}}],"inLanguage":"en-US"},{"@type":"Organization","@id":"https:\/\/www.organisator.ch\/#organization","name":"Organizer","url":"https:\/\/www.organisator.ch\/","logo":{"@type":"ImageObject","inLanguage":"en-US","@id":"https:\/\/www.organisator.ch\/#\/schema\/logo\/image\/","url":"https:\/\/www.organisator.ch\/wp-content\/uploads\/2022\/01\/Logo_Organisator_Website.png","contentUrl":"https:\/\/www.organisator.ch\/wp-content\/uploads\/2022\/01\/Logo_Organisator_Website.png","width":800,"height":77,"caption":"Organisator"},"image":{"@id":"https:\/\/www.organisator.ch\/#\/schema\/logo\/image\/"},"sameAs":["https:\/\/www.facebook.com\/OrganisatorFachmagazin","https:\/\/www.linkedin.com\/showcase\/organisator-das-magazin-fr-kmu","https:\/\/www.xing.com\/news\/pages\/organisator-ch-695","https:\/\/www.youtube.com\/channel\/UCGP2Sq0iWaZwT3BdIAQFYpw"]},{"@type":"Person","@id":"https:\/\/www.organisator.ch\/#\/schema\/person\/4e51799071cd2dd1232ac003643ef5f0","name":"galledia","image":{"@type":"ImageObject","inLanguage":"en-US","@id":"https:\/\/secure.gravatar.com\/avatar\/78a7f90c01fc2bfc875782a0d4922b37cde2cf184ce347b91316d23cd7f69a36?s=96&d=mm&r=g","url":"https:\/\/secure.gravatar.com\/avatar\/78a7f90c01fc2bfc875782a0d4922b37cde2cf184ce347b91316d23cd7f69a36?s=96&d=mm&r=g","contentUrl":"https:\/\/secure.gravatar.com\/avatar\/78a7f90c01fc2bfc875782a0d4922b37cde2cf184ce347b91316d23cd7f69a36?s=96&d=mm&r=g","caption":"galledia"},"sameAs":["https:\/\/x.com\/admin"],"url":"https:\/\/www.organisator.ch\/en\/author\/galledia\/"}]}},"_links":{"self":[{"href":"https:\/\/www.organisator.ch\/en\/wp-json\/wp\/v2\/posts\/34620","targetHints":{"allow":["GET"]}}],"collection":[{"href":"https:\/\/www.organisator.ch\/en\/wp-json\/wp\/v2\/posts"}],"about":[{"href":"https:\/\/www.organisator.ch\/en\/wp-json\/wp\/v2\/types\/post"}],"author":[{"embeddable":true,"href":"https:\/\/www.organisator.ch\/en\/wp-json\/wp\/v2\/users\/8"}],"replies":[{"embeddable":true,"href":"https:\/\/www.organisator.ch\/en\/wp-json\/wp\/v2\/comments?post=34620"}],"version-history":[{"count":5,"href":"https:\/\/www.organisator.ch\/en\/wp-json\/wp\/v2\/posts\/34620\/revisions"}],"predecessor-version":[{"id":34643,"href":"https:\/\/www.organisator.ch\/en\/wp-json\/wp\/v2\/posts\/34620\/revisions\/34643"}],"wp:attachment":[{"href":"https:\/\/www.organisator.ch\/en\/wp-json\/wp\/v2\/media?parent=34620"}],"wp:term":[{"taxonomy":"category","embeddable":true,"href":"https:\/\/www.organisator.ch\/en\/wp-json\/wp\/v2\/categories?post=34620"},{"taxonomy":"post_tag","embeddable":true,"href":"https:\/\/www.organisator.ch\/en\/wp-json\/wp\/v2\/tags?post=34620"}],"curies":[{"name":"wp","href":"https:\/\/api.w.org\/{rel}","templated":true}]}}