{"id":34635,"date":"2024-12-11T01:10:47","date_gmt":"2024-12-11T00:10:47","guid":{"rendered":"https:\/\/www.markt-kom.com\/?p=228020"},"modified":"2024-12-11T07:19:32","modified_gmt":"2024-12-11T06:19:32","slug":"kingfluencers-trennt-sich-von-seinem-ceo","status":"publish","type":"post","link":"https:\/\/www.organisator.ch\/en\/marketing\/2024-12-11\/kingfluencers-trennt-sich-von-seinem-ceo\/","title":{"rendered":"Kingfluencers parts ways with its CEO"},"content":{"rendered":"<figure id=\"attachment_228024\" class=\"wp-caption aligncenter\" style=\"width: 1175px;\" aria-describedby=\"caption-attachment-228024\"><a href=\"https:\/\/www.markt-kom.com\/wp-content\/uploads\/2024\/12\/yoeri-callebaut-kingfluencers.jpg\"><img class=\"size-full wp-image-228024\" src=\"https:\/\/www.markt-kom.com\/wp-content\/uploads\/2024\/12\/yoeri-callebaut-kingfluencers.jpg\" sizes=\"(max-width: 1175px) 100vw, 1175px\" srcset=\"https:\/\/www.markt-kom.com\/wp-content\/uploads\/2024\/12\/yoeri-callebaut-kingfluencers.jpg 1175w, https:\/\/www.markt-kom.com\/wp-content\/uploads\/2024\/12\/yoeri-callebaut-kingfluencers-600x450.jpg 600w, https:\/\/www.markt-kom.com\/wp-content\/uploads\/2024\/12\/yoeri-callebaut-kingfluencers-1024x769.jpg 1024w, https:\/\/www.markt-kom.com\/wp-content\/uploads\/2024\/12\/yoeri-callebaut-kingfluencers-768x576.jpg 768w, https:\/\/www.markt-kom.com\/wp-content\/uploads\/2024\/12\/yoeri-callebaut-kingfluencers-16x12.jpg 16w, https:\/\/www.markt-kom.com\/wp-content\/uploads\/2024\/12\/yoeri-callebaut-kingfluencers-233x175.jpg 233w, https:\/\/www.markt-kom.com\/wp-content\/uploads\/2024\/12\/yoeri-callebaut-kingfluencers-466x350.jpg 466w, https:\/\/www.markt-kom.com\/wp-content\/uploads\/2024\/12\/yoeri-callebaut-kingfluencers-1000x751.jpg 1000w\" alt=\"\" width=\"1175\" height=\"882\" \/><\/a>\r\n<figcaption id=\"caption-attachment-228024\" class=\"wp-caption-text\">Departed Kingfluencers CEO Yoeri Callebaut, here at the Swiss Influence Marketing Forum, which the agency held for the first time in Zurich in October 2024. (Pictures: zVg.)<\/figcaption>\r\n<\/figure>\r\n<p>Yoeri Callebaut is no longer Managing Director of Kingfluencers. According to information from <em>m&amp;k<\/em> the previous CEO and the Board of Directors of Kingfluencers had different views on how the Zurich agency should be successfully led into the future, both strategically and operationally. This is confirmed by the Chairman of the Board of Directors of Kingfluencers, Roman Gertsch: \"As the attempts of both sides to convince the other party of the respective approach were not successful, we have jointly come to the conclusion that further cooperation is no longer sensible under these conditions.\"<\/p>\r\n<p>Although Gertsch speaks of \"differing opinions\", there was no dispute between Callebaut and the Board of Directors. \"After several years of good cooperation, we were able to find an amicable and professional separation solution together,\" says the 43-year-old co-founder of Kingfluencers.<br \/>\r\nYoeri is therefore still available to the management team and the Board with advice and support during the transition phase. \"Yoeri wishes King\ufb02uencers continued success, even if the planned path now deviates in part from his ideas,\" Gertsch continues.<\/p>\r\n<figure id=\"attachment_228021\" class=\"wp-caption aligncenter\" style=\"width: 562px;\" aria-describedby=\"caption-attachment-228021\"><a href=\"https:\/\/www.markt-kom.com\/wp-content\/uploads\/2024\/12\/Gertsch-VRP-Kingfluencers.jpg\"><img class=\"size-full wp-image-228021\" src=\"https:\/\/www.markt-kom.com\/wp-content\/uploads\/2024\/12\/Gertsch-VRP-Kingfluencers.jpg\" sizes=\"(max-width: 562px) 100vw, 562px\" srcset=\"https:\/\/www.markt-kom.com\/wp-content\/uploads\/2024\/12\/Gertsch-VRP-Kingfluencers.jpg 562w, https:\/\/www.markt-kom.com\/wp-content\/uploads\/2024\/12\/Gertsch-VRP-Kingfluencers-16x12.jpg 16w, https:\/\/www.markt-kom.com\/wp-content\/uploads\/2024\/12\/Gertsch-VRP-Kingfluencers-234x175.jpg 234w, https:\/\/www.markt-kom.com\/wp-content\/uploads\/2024\/12\/Gertsch-VRP-Kingfluencers-467x350.jpg 467w\" alt=\"\" width=\"562\" height=\"421\" \/><\/a>\r\n<figcaption id=\"caption-attachment-228021\" class=\"wp-caption-text\">Roman Gertsch is co-founder and Chairman of the Board of Directors at Kingfluencers.<\/figcaption>\r\n<\/figure>\r\n<h3><strong>CEO wanted to diversify the agency more<\/strong><\/h3>\r\n<p>Yoeri Callebaut confirms that he has already left his position as Managing Director. He will continue to support Kingfluencers as an advisor until mid-February to ensure a smooth transition. When asked about the exact reasons for his departure, the 41-year-old mentions a broader vision that he would have liked to tackle as CEO. His ambition was to open up new and innovative business areas in order to be less dependent on traditional influencer marketing. He also wanted to focus more on the DACH region.<\/p>\r\n<p>\"I realized that my visions were perhaps too big and too far-reaching at that moment,\" the Belgian told <em>m&amp;k<\/em>. He therefore came to the conclusion that the company and he were at different points. \"I therefore decided to look for a new environment. In which I can fully exploit my need to be innovative and turn big, crazy visions into reality.\"<\/p>\r\n<p>Yoeri Callebaut worked in various countries before becoming CEO in Zurich. He spent a year and a half in Montreal, Canada, where he built up the Canadian business for the Belgian business &amp; IT consulting agency Onetowin. In Sao Paulo, he was responsible for the joint venture between the Belgian market research institute iVOX and its large Brazilian counterpart Ibope Intelig\u00eancia. The new company Ibope Conecta, which Callebaut managed, was sold a few years later to the globally active Kantar Group.<\/p>\r\n<h3><strong>290 percent increase in sales<\/strong><\/h3>\r\n<p>The three co-founders of Kingfluencers, Fabian Pl\u00fcss, Roman Gertsch and Christian Reiter, have worked with Yoeri Callebaut's now departed CEO in a variety of roles over the past few years, both as members of the Board of Directors and as members of Yoeri Callebaut's management team. \"Yoeri's commitment to the company impressed the entire Board of Directors and us founders and was always greatly appreciated,\" says Gertsch. The collaboration with Callebaut was also always professional and in the best interests of the company.<\/p>\r\n<p>According to the Zurich native, Kingfluencers has developed into a strategically and creatively oriented agency under Yoeri Callebaut. \"Yoeri has strongly driven various innovations and the growth of Kingfluencers,\" Roman Gertsch continues. Overall, the agency's turnover has increased by 290 percent over the past four years.<\/p>\r\n<figure id=\"attachment_228022\" class=\"wp-caption aligncenter\" style=\"width: 563px;\" aria-describedby=\"caption-attachment-228022\"><a href=\"https:\/\/www.markt-kom.com\/wp-content\/uploads\/2024\/12\/kingfluencers-team.jpg\"><img class=\"size-full wp-image-228022\" src=\"https:\/\/www.markt-kom.com\/wp-content\/uploads\/2024\/12\/kingfluencers-team.jpg\" sizes=\"(max-width: 563px) 100vw, 563px\" srcset=\"https:\/\/www.markt-kom.com\/wp-content\/uploads\/2024\/12\/kingfluencers-team.jpg 563w, https:\/\/www.markt-kom.com\/wp-content\/uploads\/2024\/12\/kingfluencers-team-16x12.jpg 16w, https:\/\/www.markt-kom.com\/wp-content\/uploads\/2024\/12\/kingfluencers-team-233x175.jpg 233w, https:\/\/www.markt-kom.com\/wp-content\/uploads\/2024\/12\/kingfluencers-team-467x350.jpg 467w\" alt=\"\" width=\"563\" height=\"422\" \/><\/a>\r\n<figcaption id=\"caption-attachment-228022\" class=\"wp-caption-text\">According to Yoeri Callebaut, the Kingfluencers team has grown from 12 to almost 40 people today.<\/figcaption>\r\n<\/figure>\r\n<p>We still want to know from the Chairman of the Board of Directors in which direction Kingfluencers will develop in the future and who will replace Callebaut in the CEO chair. \"On the one hand, Kingfluencers is focusing on further successful organic growth in its core competence as the leading in\ufb02uencer marketing agency in Switzerland.\" Based on its current market position, the Board would like to selectively expand complementary services and offerings. Strategic partnerships are also possible in the future. \"We are convinced that our current and future clients will continue to value the high level of expertise and quality of King\ufb02uencers' services,\" continues Roman Gertsch.<\/p>\r\n<h3><strong>Chris Bitzer takes over on an interim basis<\/strong><\/h3>\r\n<p>Chris Bitzer, board member and long-time co-investor, will take over the leadership of King\ufb02uencers on an interim basis in close collaboration with the existing management team. Part of this mandate is also to look for a new CEO, who will then take over the business again. Bitzer is not available for a longer-term management role. \"We will take the necessary time to ensure a competent and sustainable appointment and then inform you again,\" says the Chairman of the Board of Directors of Kingfluencers.<\/p>\r\n<figure id=\"attachment_228023\" class=\"wp-caption aligncenter\" style=\"width: 517px;\" aria-describedby=\"caption-attachment-228023\"><a href=\"https:\/\/www.markt-kom.com\/wp-content\/uploads\/2024\/12\/bitzer_chris-KF-VR.jpg\"><img class=\"size-full wp-image-228023\" src=\"https:\/\/www.markt-kom.com\/wp-content\/uploads\/2024\/12\/bitzer_chris-KF-VR.jpg\" sizes=\"(max-width: 517px) 100vw, 517px\" srcset=\"https:\/\/www.markt-kom.com\/wp-content\/uploads\/2024\/12\/bitzer_chris-KF-VR.jpg 517w, https:\/\/www.markt-kom.com\/wp-content\/uploads\/2024\/12\/bitzer_chris-KF-VR-16x12.jpg 16w, https:\/\/www.markt-kom.com\/wp-content\/uploads\/2024\/12\/bitzer_chris-KF-VR-233x175.jpg 233w, https:\/\/www.markt-kom.com\/wp-content\/uploads\/2024\/12\/bitzer_chris-KF-VR-466x350.jpg 466w\" alt=\"\" width=\"517\" height=\"388\" \/><\/a>\r\n<figcaption id=\"caption-attachment-228023\" class=\"wp-caption-text\">Board member Chris Bitzer is now interim CEO at Kingfluencers.<\/figcaption>\r\n<\/figure>\r\n<p>He cannot yet say where Yoeri Callebaut will be moving to. The current CEO will now take some time for himself. \"I'm going to tackle a few personal projects.\" He has already started talking to representatives from marketing agencies and other industries.<\/p>\r\n<p>He already misses working with his very loyal and committed team over the years. All the employees reacted sadly and in some cases with dismay to his departure. \"I would like to thank everyone for the extremely valuable lessons and wonderful moments that I was able to experience with them,\" says Callebaut, bidding farewell to his team.<\/p>","protected":false},"excerpt":{"rendered":"<p>The influencer marketing agency Kingfluencers and its previous CEO Yoeri Callebaut are parting ways after four and a half years. The conditions for further collaboration were apparently no longer given for both sides.<\/p>","protected":false},"author":8,"featured_media":0,"comment_status":"closed","ping_status":"closed","sticky":false,"template":"","format":"standard","meta":{"_acf_changed":false,"_yoast_wpseo_focuskw":"Kingfluencers","_yoast_wpseo_metadesc":"Yoeri Callebaut ist nicht mehr CEO von Kingfluencers. Nach 4,5 Jahren trennen sich die Wege. Interimistisch \u00fcbernimmt Chris Bitzer.","articlekey":"","footnotes":""},"categories":[29],"tags":[4345,2853,4103],"class_list":["post-34635","post","type-post","status-publish","format-standard","hentry","category-marketing","tag-business","tag-jobchange","tag-kingfluencers"],"acf":[],"yoast_head":"<!-- This site is optimized with the Yoast SEO plugin v27.5 - https:\/\/yoast.com\/product\/yoast-seo-wordpress\/ -->\n<title>Kingfluencers trennt sich von seinem CEO - Organisator<\/title>\n<meta name=\"description\" content=\"Yoeri Callebaut ist nicht mehr CEO von Kingfluencers. Nach 4,5 Jahren trennen sich die Wege. Interimistisch \u00fcbernimmt Chris Bitzer.\" \/>\n<meta name=\"robots\" content=\"index, follow, max-snippet:-1, max-image-preview:large, max-video-preview:-1\" \/>\n<link rel=\"canonical\" href=\"https:\/\/www.organisator.ch\/en\/marketing\/2024-12-11\/kingfluencers-trennt-sich-von-seinem-ceo\/\" \/>\n<meta property=\"og:locale\" content=\"en_US\" \/>\n<meta property=\"og:type\" content=\"article\" \/>\n<meta property=\"og:title\" content=\"Kingfluencers trennt sich von seinem CEO - Organisator\" \/>\n<meta property=\"og:description\" content=\"Yoeri Callebaut ist nicht mehr CEO von Kingfluencers. Nach 4,5 Jahren trennen sich die Wege. Interimistisch \u00fcbernimmt Chris Bitzer.\" \/>\n<meta property=\"og:url\" content=\"https:\/\/www.organisator.ch\/en\/marketing\/2024-12-11\/kingfluencers-trennt-sich-von-seinem-ceo\/\" \/>\n<meta property=\"og:site_name\" content=\"Organisator\" \/>\n<meta property=\"article:publisher\" content=\"https:\/\/www.facebook.com\/OrganisatorFachmagazin\" \/>\n<meta property=\"article:published_time\" content=\"2024-12-11T00:10:47+00:00\" \/>\n<meta property=\"article:modified_time\" content=\"2024-12-11T06:19:32+00:00\" \/>\n<meta name=\"author\" content=\"galledia\" \/>\n<meta name=\"twitter:card\" content=\"summary_large_image\" \/>\n<meta name=\"twitter:creator\" content=\"@admin\" \/>\n<script type=\"application\/ld+json\" class=\"yoast-schema-graph\">{\"@context\":\"https:\\\/\\\/schema.org\",\"@graph\":[{\"@type\":\"Article\",\"@id\":\"https:\\\/\\\/www.organisator.ch\\\/marketing\\\/2024-12-11\\\/kingfluencers-trennt-sich-von-seinem-ceo\\\/#article\",\"isPartOf\":{\"@id\":\"https:\\\/\\\/www.organisator.ch\\\/marketing\\\/2024-12-11\\\/kingfluencers-trennt-sich-von-seinem-ceo\\\/\"},\"author\":{\"name\":\"galledia\",\"@id\":\"https:\\\/\\\/www.organisator.ch\\\/#\\\/schema\\\/person\\\/4e51799071cd2dd1232ac003643ef5f0\"},\"headline\":\"Kingfluencers trennt sich von seinem CEO\",\"datePublished\":\"2024-12-11T00:10:47+00:00\",\"dateModified\":\"2024-12-11T06:19:32+00:00\",\"mainEntityOfPage\":{\"@id\":\"https:\\\/\\\/www.organisator.ch\\\/marketing\\\/2024-12-11\\\/kingfluencers-trennt-sich-von-seinem-ceo\\\/\"},\"wordCount\":909,\"publisher\":{\"@id\":\"https:\\\/\\\/www.organisator.ch\\\/#organization\"},\"image\":{\"@id\":\"https:\\\/\\\/www.organisator.ch\\\/marketing\\\/2024-12-11\\\/kingfluencers-trennt-sich-von-seinem-ceo\\\/#primaryimage\"},\"thumbnailUrl\":\"https:\\\/\\\/www.markt-kom.com\\\/wp-content\\\/uploads\\\/2024\\\/12\\\/yoeri-callebaut-kingfluencers.jpg\",\"keywords\":[\"Business\",\"Jobchange\",\"Kingfluencers\"],\"articleSection\":[\"MARKETING\"],\"inLanguage\":\"en-US\"},{\"@type\":\"WebPage\",\"@id\":\"https:\\\/\\\/www.organisator.ch\\\/marketing\\\/2024-12-11\\\/kingfluencers-trennt-sich-von-seinem-ceo\\\/\",\"url\":\"https:\\\/\\\/www.organisator.ch\\\/marketing\\\/2024-12-11\\\/kingfluencers-trennt-sich-von-seinem-ceo\\\/\",\"name\":\"Kingfluencers trennt sich von seinem CEO - Organisator\",\"isPartOf\":{\"@id\":\"https:\\\/\\\/www.organisator.ch\\\/#website\"},\"primaryImageOfPage\":{\"@id\":\"https:\\\/\\\/www.organisator.ch\\\/marketing\\\/2024-12-11\\\/kingfluencers-trennt-sich-von-seinem-ceo\\\/#primaryimage\"},\"image\":{\"@id\":\"https:\\\/\\\/www.organisator.ch\\\/marketing\\\/2024-12-11\\\/kingfluencers-trennt-sich-von-seinem-ceo\\\/#primaryimage\"},\"thumbnailUrl\":\"https:\\\/\\\/www.markt-kom.com\\\/wp-content\\\/uploads\\\/2024\\\/12\\\/yoeri-callebaut-kingfluencers.jpg\",\"datePublished\":\"2024-12-11T00:10:47+00:00\",\"dateModified\":\"2024-12-11T06:19:32+00:00\",\"description\":\"Yoeri Callebaut ist nicht mehr CEO von Kingfluencers. Nach 4,5 Jahren trennen sich die Wege. Interimistisch \u00fcbernimmt Chris Bitzer.\",\"breadcrumb\":{\"@id\":\"https:\\\/\\\/www.organisator.ch\\\/marketing\\\/2024-12-11\\\/kingfluencers-trennt-sich-von-seinem-ceo\\\/#breadcrumb\"},\"inLanguage\":\"en-US\",\"potentialAction\":[{\"@type\":\"ReadAction\",\"target\":[\"https:\\\/\\\/www.organisator.ch\\\/marketing\\\/2024-12-11\\\/kingfluencers-trennt-sich-von-seinem-ceo\\\/\"]}]},{\"@type\":\"ImageObject\",\"inLanguage\":\"en-US\",\"@id\":\"https:\\\/\\\/www.organisator.ch\\\/marketing\\\/2024-12-11\\\/kingfluencers-trennt-sich-von-seinem-ceo\\\/#primaryimage\",\"url\":\"https:\\\/\\\/www.markt-kom.com\\\/wp-content\\\/uploads\\\/2024\\\/12\\\/yoeri-callebaut-kingfluencers.jpg\",\"contentUrl\":\"https:\\\/\\\/www.markt-kom.com\\\/wp-content\\\/uploads\\\/2024\\\/12\\\/yoeri-callebaut-kingfluencers.jpg\"},{\"@type\":\"BreadcrumbList\",\"@id\":\"https:\\\/\\\/www.organisator.ch\\\/marketing\\\/2024-12-11\\\/kingfluencers-trennt-sich-von-seinem-ceo\\\/#breadcrumb\",\"itemListElement\":[{\"@type\":\"ListItem\",\"position\":1,\"name\":\"Home\",\"item\":\"https:\\\/\\\/www.organisator.ch\\\/\"},{\"@type\":\"ListItem\",\"position\":2,\"name\":\"Kingfluencers trennt sich von seinem CEO\"}]},{\"@type\":\"WebSite\",\"@id\":\"https:\\\/\\\/www.organisator.ch\\\/#website\",\"url\":\"https:\\\/\\\/www.organisator.ch\\\/\",\"name\":\"Organisator\",\"description\":\"Kompetent. Praxisnah. Der ORGANISATOR bereitet in 10 Ausgaben pro Jahr die wesentlichen Themen f\u00fcr F\u00fchrungskr\u00e4fte von KMU auf.\",\"publisher\":{\"@id\":\"https:\\\/\\\/www.organisator.ch\\\/#organization\"},\"potentialAction\":[{\"@type\":\"SearchAction\",\"target\":{\"@type\":\"EntryPoint\",\"urlTemplate\":\"https:\\\/\\\/www.organisator.ch\\\/?s={search_term_string}\"},\"query-input\":{\"@type\":\"PropertyValueSpecification\",\"valueRequired\":true,\"valueName\":\"search_term_string\"}}],\"inLanguage\":\"en-US\"},{\"@type\":\"Organization\",\"@id\":\"https:\\\/\\\/www.organisator.ch\\\/#organization\",\"name\":\"Organisator\",\"url\":\"https:\\\/\\\/www.organisator.ch\\\/\",\"logo\":{\"@type\":\"ImageObject\",\"inLanguage\":\"en-US\",\"@id\":\"https:\\\/\\\/www.organisator.ch\\\/#\\\/schema\\\/logo\\\/image\\\/\",\"url\":\"https:\\\/\\\/www.organisator.ch\\\/wp-content\\\/uploads\\\/2022\\\/01\\\/Logo_Organisator_Website.png\",\"contentUrl\":\"https:\\\/\\\/www.organisator.ch\\\/wp-content\\\/uploads\\\/2022\\\/01\\\/Logo_Organisator_Website.png\",\"width\":800,\"height\":77,\"caption\":\"Organisator\"},\"image\":{\"@id\":\"https:\\\/\\\/www.organisator.ch\\\/#\\\/schema\\\/logo\\\/image\\\/\"},\"sameAs\":[\"https:\\\/\\\/www.facebook.com\\\/OrganisatorFachmagazin\",\"https:\\\/\\\/www.linkedin.com\\\/showcase\\\/organisator-das-magazin-fr-kmu\",\"https:\\\/\\\/www.xing.com\\\/news\\\/pages\\\/organisator-ch-695\",\"https:\\\/\\\/www.youtube.com\\\/channel\\\/UCGP2Sq0iWaZwT3BdIAQFYpw\"]},{\"@type\":\"Person\",\"@id\":\"https:\\\/\\\/www.organisator.ch\\\/#\\\/schema\\\/person\\\/4e51799071cd2dd1232ac003643ef5f0\",\"name\":\"galledia\",\"image\":{\"@type\":\"ImageObject\",\"inLanguage\":\"en-US\",\"@id\":\"https:\\\/\\\/secure.gravatar.com\\\/avatar\\\/78a7f90c01fc2bfc875782a0d4922b37cde2cf184ce347b91316d23cd7f69a36?s=96&d=mm&r=g\",\"url\":\"https:\\\/\\\/secure.gravatar.com\\\/avatar\\\/78a7f90c01fc2bfc875782a0d4922b37cde2cf184ce347b91316d23cd7f69a36?s=96&d=mm&r=g\",\"contentUrl\":\"https:\\\/\\\/secure.gravatar.com\\\/avatar\\\/78a7f90c01fc2bfc875782a0d4922b37cde2cf184ce347b91316d23cd7f69a36?s=96&d=mm&r=g\",\"caption\":\"galledia\"},\"sameAs\":[\"https:\\\/\\\/x.com\\\/admin\"],\"url\":\"https:\\\/\\\/www.organisator.ch\\\/en\\\/author\\\/galledia\\\/\"}]}<\/script>\n<!-- \/ Yoast SEO plugin. -->","yoast_head_json":{"title":"Kingfluencers parts ways with its CEO - Organizer","description":"Yoeri Callebaut is no longer CEO of Kingfluencers. After 4.5 years, they are parting ways. Chris Bitzer is taking over on an interim basis.","robots":{"index":"index","follow":"follow","max-snippet":"max-snippet:-1","max-image-preview":"max-image-preview:large","max-video-preview":"max-video-preview:-1"},"canonical":"https:\/\/www.organisator.ch\/en\/marketing\/2024-12-11\/kingfluencers-trennt-sich-von-seinem-ceo\/","og_locale":"en_US","og_type":"article","og_title":"Kingfluencers trennt sich von seinem CEO - Organisator","og_description":"Yoeri Callebaut ist nicht mehr CEO von Kingfluencers. Nach 4,5 Jahren trennen sich die Wege. Interimistisch \u00fcbernimmt Chris Bitzer.","og_url":"https:\/\/www.organisator.ch\/en\/marketing\/2024-12-11\/kingfluencers-trennt-sich-von-seinem-ceo\/","og_site_name":"Organisator","article_publisher":"https:\/\/www.facebook.com\/OrganisatorFachmagazin","article_published_time":"2024-12-11T00:10:47+00:00","article_modified_time":"2024-12-11T06:19:32+00:00","author":"galledia","twitter_card":"summary_large_image","twitter_creator":"@admin","schema":{"@context":"https:\/\/schema.org","@graph":[{"@type":"Article","@id":"https:\/\/www.organisator.ch\/marketing\/2024-12-11\/kingfluencers-trennt-sich-von-seinem-ceo\/#article","isPartOf":{"@id":"https:\/\/www.organisator.ch\/marketing\/2024-12-11\/kingfluencers-trennt-sich-von-seinem-ceo\/"},"author":{"name":"galledia","@id":"https:\/\/www.organisator.ch\/#\/schema\/person\/4e51799071cd2dd1232ac003643ef5f0"},"headline":"Kingfluencers trennt sich von seinem CEO","datePublished":"2024-12-11T00:10:47+00:00","dateModified":"2024-12-11T06:19:32+00:00","mainEntityOfPage":{"@id":"https:\/\/www.organisator.ch\/marketing\/2024-12-11\/kingfluencers-trennt-sich-von-seinem-ceo\/"},"wordCount":909,"publisher":{"@id":"https:\/\/www.organisator.ch\/#organization"},"image":{"@id":"https:\/\/www.organisator.ch\/marketing\/2024-12-11\/kingfluencers-trennt-sich-von-seinem-ceo\/#primaryimage"},"thumbnailUrl":"https:\/\/www.markt-kom.com\/wp-content\/uploads\/2024\/12\/yoeri-callebaut-kingfluencers.jpg","keywords":["Business","Jobchange","Kingfluencers"],"articleSection":["MARKETING"],"inLanguage":"en-US"},{"@type":"WebPage","@id":"https:\/\/www.organisator.ch\/marketing\/2024-12-11\/kingfluencers-trennt-sich-von-seinem-ceo\/","url":"https:\/\/www.organisator.ch\/marketing\/2024-12-11\/kingfluencers-trennt-sich-von-seinem-ceo\/","name":"Kingfluencers parts ways with its CEO - Organizer","isPartOf":{"@id":"https:\/\/www.organisator.ch\/#website"},"primaryImageOfPage":{"@id":"https:\/\/www.organisator.ch\/marketing\/2024-12-11\/kingfluencers-trennt-sich-von-seinem-ceo\/#primaryimage"},"image":{"@id":"https:\/\/www.organisator.ch\/marketing\/2024-12-11\/kingfluencers-trennt-sich-von-seinem-ceo\/#primaryimage"},"thumbnailUrl":"https:\/\/www.markt-kom.com\/wp-content\/uploads\/2024\/12\/yoeri-callebaut-kingfluencers.jpg","datePublished":"2024-12-11T00:10:47+00:00","dateModified":"2024-12-11T06:19:32+00:00","description":"Yoeri Callebaut is no longer CEO of Kingfluencers. After 4.5 years, they are parting ways. Chris Bitzer is taking over on an interim basis.","breadcrumb":{"@id":"https:\/\/www.organisator.ch\/marketing\/2024-12-11\/kingfluencers-trennt-sich-von-seinem-ceo\/#breadcrumb"},"inLanguage":"en-US","potentialAction":[{"@type":"ReadAction","target":["https:\/\/www.organisator.ch\/marketing\/2024-12-11\/kingfluencers-trennt-sich-von-seinem-ceo\/"]}]},{"@type":"ImageObject","inLanguage":"en-US","@id":"https:\/\/www.organisator.ch\/marketing\/2024-12-11\/kingfluencers-trennt-sich-von-seinem-ceo\/#primaryimage","url":"https:\/\/www.markt-kom.com\/wp-content\/uploads\/2024\/12\/yoeri-callebaut-kingfluencers.jpg","contentUrl":"https:\/\/www.markt-kom.com\/wp-content\/uploads\/2024\/12\/yoeri-callebaut-kingfluencers.jpg"},{"@type":"BreadcrumbList","@id":"https:\/\/www.organisator.ch\/marketing\/2024-12-11\/kingfluencers-trennt-sich-von-seinem-ceo\/#breadcrumb","itemListElement":[{"@type":"ListItem","position":1,"name":"Home","item":"https:\/\/www.organisator.ch\/"},{"@type":"ListItem","position":2,"name":"Kingfluencers trennt sich von seinem CEO"}]},{"@type":"WebSite","@id":"https:\/\/www.organisator.ch\/#website","url":"https:\/\/www.organisator.ch\/","name":"Organizer","description":"Competent. Practical. In 10 issues per year, ORGANISATOR presents the essential topics for managers of SMEs.","publisher":{"@id":"https:\/\/www.organisator.ch\/#organization"},"potentialAction":[{"@type":"SearchAction","target":{"@type":"EntryPoint","urlTemplate":"https:\/\/www.organisator.ch\/?s={search_term_string}"},"query-input":{"@type":"PropertyValueSpecification","valueRequired":true,"valueName":"search_term_string"}}],"inLanguage":"en-US"},{"@type":"Organization","@id":"https:\/\/www.organisator.ch\/#organization","name":"Organizer","url":"https:\/\/www.organisator.ch\/","logo":{"@type":"ImageObject","inLanguage":"en-US","@id":"https:\/\/www.organisator.ch\/#\/schema\/logo\/image\/","url":"https:\/\/www.organisator.ch\/wp-content\/uploads\/2022\/01\/Logo_Organisator_Website.png","contentUrl":"https:\/\/www.organisator.ch\/wp-content\/uploads\/2022\/01\/Logo_Organisator_Website.png","width":800,"height":77,"caption":"Organisator"},"image":{"@id":"https:\/\/www.organisator.ch\/#\/schema\/logo\/image\/"},"sameAs":["https:\/\/www.facebook.com\/OrganisatorFachmagazin","https:\/\/www.linkedin.com\/showcase\/organisator-das-magazin-fr-kmu","https:\/\/www.xing.com\/news\/pages\/organisator-ch-695","https:\/\/www.youtube.com\/channel\/UCGP2Sq0iWaZwT3BdIAQFYpw"]},{"@type":"Person","@id":"https:\/\/www.organisator.ch\/#\/schema\/person\/4e51799071cd2dd1232ac003643ef5f0","name":"galledia","image":{"@type":"ImageObject","inLanguage":"en-US","@id":"https:\/\/secure.gravatar.com\/avatar\/78a7f90c01fc2bfc875782a0d4922b37cde2cf184ce347b91316d23cd7f69a36?s=96&d=mm&r=g","url":"https:\/\/secure.gravatar.com\/avatar\/78a7f90c01fc2bfc875782a0d4922b37cde2cf184ce347b91316d23cd7f69a36?s=96&d=mm&r=g","contentUrl":"https:\/\/secure.gravatar.com\/avatar\/78a7f90c01fc2bfc875782a0d4922b37cde2cf184ce347b91316d23cd7f69a36?s=96&d=mm&r=g","caption":"galledia"},"sameAs":["https:\/\/x.com\/admin"],"url":"https:\/\/www.organisator.ch\/en\/author\/galledia\/"}]}},"_links":{"self":[{"href":"https:\/\/www.organisator.ch\/en\/wp-json\/wp\/v2\/posts\/34635","targetHints":{"allow":["GET"]}}],"collection":[{"href":"https:\/\/www.organisator.ch\/en\/wp-json\/wp\/v2\/posts"}],"about":[{"href":"https:\/\/www.organisator.ch\/en\/wp-json\/wp\/v2\/types\/post"}],"author":[{"embeddable":true,"href":"https:\/\/www.organisator.ch\/en\/wp-json\/wp\/v2\/users\/8"}],"replies":[{"embeddable":true,"href":"https:\/\/www.organisator.ch\/en\/wp-json\/wp\/v2\/comments?post=34635"}],"version-history":[{"count":4,"href":"https:\/\/www.organisator.ch\/en\/wp-json\/wp\/v2\/posts\/34635\/revisions"}],"predecessor-version":[{"id":34638,"href":"https:\/\/www.organisator.ch\/en\/wp-json\/wp\/v2\/posts\/34635\/revisions\/34638"}],"wp:attachment":[{"href":"https:\/\/www.organisator.ch\/en\/wp-json\/wp\/v2\/media?parent=34635"}],"wp:term":[{"taxonomy":"category","embeddable":true,"href":"https:\/\/www.organisator.ch\/en\/wp-json\/wp\/v2\/categories?post=34635"},{"taxonomy":"post_tag","embeddable":true,"href":"https:\/\/www.organisator.ch\/en\/wp-json\/wp\/v2\/tags?post=34635"}],"curies":[{"name":"wp","href":"https:\/\/api.w.org\/{rel}","templated":true}]}}