{"id":34911,"date":"2025-01-03T06:45:15","date_gmt":"2025-01-03T05:45:15","guid":{"rendered":"https:\/\/www.m-q.ch\/?p=20777"},"modified":"2025-01-03T06:56:07","modified_gmt":"2025-01-03T05:56:07","slug":"cybertrends-2025-kriminelle-nebelkerzen-und-demokratisierte-cyberattacken","status":"publish","type":"post","link":"https:\/\/www.organisator.ch\/en\/operational-excellence\/2025-01-03\/cybertrends-2025-kriminelle-nebelkerzen-und-demokratisierte-cyberattacken\/","title":{"rendered":"Cybertrends 2025: Criminal smokescreens and democratized cyberattacks"},"content":{"rendered":"<figure id=\"attachment_20778\" class=\"wp-caption alignnone\" style=\"width: 680px;\" aria-describedby=\"caption-attachment-20778\"><img class=\"size-full wp-image-20778\" src=\"https:\/\/www.m-q.ch\/wp-content\/uploads\/2024\/12\/Cybertrends_Bild1_ps.jpg\" sizes=\"(max-width: 680px) 100vw, 680px\" srcset=\"https:\/\/www.m-q.ch\/wp-content\/uploads\/2024\/12\/Cybertrends_Bild1_ps.jpg 680w, https:\/\/www.m-q.ch\/wp-content\/uploads\/2024\/12\/Cybertrends_Bild1_ps-18x12.jpg 18w, https:\/\/www.m-q.ch\/wp-content\/uploads\/2024\/12\/Cybertrends_Bild1_ps-375x250.jpg 375w, https:\/\/www.m-q.ch\/wp-content\/uploads\/2024\/12\/Cybertrends_Bild1_ps-524x350.jpg 524w\" alt=\"\" width=\"680\" height=\"454\" \/>\r\n<figcaption id=\"caption-attachment-20778\" class=\"wp-caption-text\">Looking back to 2024 and forward to 2025: Cloud attacks, generative AI and supply chain attacks are shaping cyber security. (Image: www.depositphotos.com)<\/figcaption>\r\n<\/figure>\r\n<p>So what can we expect in terms of cyber security in 2025?<\/p>\r\n<h3><strong>1. attackers are increasingly focusing on the cloud<\/strong><\/h3>\r\n<p>As more organizations protect their devices with Endpoint Detection and Response (EDR) and multi-factor authentication (MFA) becomes more prevalent, ransomware attackers are increasingly targeting cloud resources that don't normally have MFA. The \"prize\" for criminals is no longer passwords, but authentication tokens and browser cookies<\/p>\r\n<h3><strong>2. generative AI ensures the \"democratization\" of cybercriminal activities<\/strong><\/h3>\r\n<p>Tools and techniques used by professional cybercriminals are used as training data by many GenKI platforms. This means that certain cybercriminal activities have been \"democratized\" and low-skilled, opportunistic attackers can now create a phishing lure or ransomware code, for example, without much effort. Due to the lack of professionalism, these attacks have a low success rate, but their mass contributes to tying up the resources of the defenders and thus clearing the way for the professional attackers.<\/p>\r\n<h3><strong>3. cyber criminals are increasingly setting off smoke and mirrors <\/strong><\/h3>\r\n<p>Cybercriminals are increasingly using diversionary tactics to disguise their main activities and cause disruption and confusion to defenses. Smaller attack operations tie up response resources and lead to a reduction in the overall effectiveness of defenses. This leads to an imbalance between the good guys and the bad guys, even with well-positioned cyber security.<\/p>\r\n<h3><strong>4. attacks on the supply chain have a greater impact<\/strong><\/h3>\r\n<p>Attacks on the software supply chain, the consequences of which extend far beyond the business of individual companies, are an increasingly important element in the attack strategies of cyber criminals. They want to build up as much pressure as possible in order to lend even more weight to their ransom demands and increase the sums extorted.<\/p>\r\n<h3><strong>5. complex cyberattacks use LLM multi-agent systems<\/strong><\/h3>\r\n<p>Cybercriminals are also benefiting from the current development in the use of LLMs, which consists of chaining models together to create more complex tasks. For example, instead of just using ChatGPT to write a line of code, cybercriminals can now combine multiple LLMs to create more extensive projects such as AI-generated websites, videos or deepfakes.<\/p>\r\n<h3><strong>6. cyber criminals strive for more ROI<\/strong><\/h3>\r\n<p>Exploitation after the successful infiltration of a company is no longer a single-track process. Attackers are increasingly using a \"double-dip\" approach. When they steal cryptocurrencies, for example, they also steal cookies or ID documents to use for other crimes.<\/p>\r\n<p><em>Source: <a href=\"https:\/\/www.sophos.com\/de-de\">news.sophos.com<\/a><\/em><\/p>\n<p class=\"syndicated-attribution\">This article originally appeared on m-q.ch - <a href=\"https:\/\/www.m-q.ch\/de\/cybertrends-2025-kriminelle-nebelkerzen-und-demokratisierte-cyberattacken\/\" target=\"_blank\">https:\/\/www.m-q.ch\/de\/cybertrends-2025-kriminelle-nebelkerzen-und-demokratisierte-cyberattacken\/<\/a><\/p>","protected":false},"excerpt":{"rendered":"<p>In cyber security, the last few years have shown that you have to expect everything. However, as no one can see into the future, it is worth looking back at 2024 to assess developments, anticipate possible scenarios for the future, adapt and look forward to a new year with confidence. Security is well positioned, but vigilance is and remains the top priority. After all, criminals are increasingly opportunistic when it comes to their prey, clients and supporters.<\/p>","protected":false},"author":80,"featured_media":0,"comment_status":"closed","ping_status":"closed","sticky":false,"template":"","format":"standard","meta":{"_acf_changed":false,"_yoast_wpseo_focuskw":"Cybersicherheit 2025","_yoast_wpseo_metadesc":"R\u00fcckblick auf 2024 und Ausblick auf 2025: Cloud-Angriffe, generative KI und Lieferketten-Angriffe pr\u00e4gen die Cybersicherheit.","articlekey":"","footnotes":""},"categories":[582],"tags":[922,4705,3762,4186,418,440],"class_list":["post-34911","post","type-post","status-publish","format-standard","hentry","category-operational-excellence","tag-cloud","tag-cyberattacke","tag-cyberkriminalitaet","tag-generative-ki","tag-risikomanagement","tag-software"],"acf":[],"yoast_head":"<!-- This site is optimized with the Yoast SEO plugin v27.4 - https:\/\/yoast.com\/product\/yoast-seo-wordpress\/ -->\n<title>Cybertrends 2025: Kriminelle Nebelkerzen und demokratisierte Cyberattacken - Organisator<\/title>\n<meta name=\"description\" content=\"R\u00fcckblick auf 2024 und Ausblick auf 2025: Cloud-Angriffe, generative KI und Lieferketten-Angriffe pr\u00e4gen die Cybersicherheit.\" \/>\n<meta name=\"robots\" content=\"index, follow, max-snippet:-1, max-image-preview:large, max-video-preview:-1\" \/>\n<link rel=\"canonical\" href=\"https:\/\/www.organisator.ch\/en\/operational-excellence\/2025-01-03\/cybertrends-2025-kriminelle-nebelkerzen-und-demokratisierte-cyberattacken\/\" \/>\n<meta property=\"og:locale\" content=\"en_US\" \/>\n<meta property=\"og:type\" content=\"article\" \/>\n<meta property=\"og:title\" content=\"Cybertrends 2025: Kriminelle Nebelkerzen und demokratisierte Cyberattacken - Organisator\" \/>\n<meta property=\"og:description\" content=\"R\u00fcckblick auf 2024 und Ausblick auf 2025: Cloud-Angriffe, generative KI und Lieferketten-Angriffe pr\u00e4gen die Cybersicherheit.\" \/>\n<meta property=\"og:url\" content=\"https:\/\/www.organisator.ch\/en\/operational-excellence\/2025-01-03\/cybertrends-2025-kriminelle-nebelkerzen-und-demokratisierte-cyberattacken\/\" \/>\n<meta property=\"og:site_name\" content=\"Organisator\" \/>\n<meta property=\"article:publisher\" content=\"https:\/\/www.facebook.com\/OrganisatorFachmagazin\" \/>\n<meta property=\"article:published_time\" content=\"2025-01-03T05:45:15+00:00\" \/>\n<meta property=\"article:modified_time\" content=\"2025-01-03T05:56:07+00:00\" \/>\n<meta name=\"author\" content=\"Dzana Muminovic\" \/>\n<meta name=\"twitter:card\" content=\"summary_large_image\" \/>\n<script type=\"application\/ld+json\" class=\"yoast-schema-graph\">{\"@context\":\"https:\\\/\\\/schema.org\",\"@graph\":[{\"@type\":\"Article\",\"@id\":\"https:\\\/\\\/www.organisator.ch\\\/operational-excellence\\\/2025-01-03\\\/cybertrends-2025-kriminelle-nebelkerzen-und-demokratisierte-cyberattacken\\\/#article\",\"isPartOf\":{\"@id\":\"https:\\\/\\\/www.organisator.ch\\\/operational-excellence\\\/2025-01-03\\\/cybertrends-2025-kriminelle-nebelkerzen-und-demokratisierte-cyberattacken\\\/\"},\"author\":{\"name\":\"Dzana Muminovic\",\"@id\":\"https:\\\/\\\/www.organisator.ch\\\/#\\\/schema\\\/person\\\/afccda3a71c06d4be2ed9100dd163db7\"},\"headline\":\"Cybertrends 2025: Kriminelle Nebelkerzen und demokratisierte Cyberattacken\",\"datePublished\":\"2025-01-03T05:45:15+00:00\",\"dateModified\":\"2025-01-03T05:56:07+00:00\",\"mainEntityOfPage\":{\"@id\":\"https:\\\/\\\/www.organisator.ch\\\/operational-excellence\\\/2025-01-03\\\/cybertrends-2025-kriminelle-nebelkerzen-und-demokratisierte-cyberattacken\\\/\"},\"wordCount\":408,\"publisher\":{\"@id\":\"https:\\\/\\\/www.organisator.ch\\\/#organization\"},\"image\":{\"@id\":\"https:\\\/\\\/www.organisator.ch\\\/operational-excellence\\\/2025-01-03\\\/cybertrends-2025-kriminelle-nebelkerzen-und-demokratisierte-cyberattacken\\\/#primaryimage\"},\"thumbnailUrl\":\"https:\\\/\\\/www.m-q.ch\\\/wp-content\\\/uploads\\\/2024\\\/12\\\/Cybertrends_Bild1_ps.jpg\",\"keywords\":[\"Cloud\",\"Cyberattacke\",\"Cyberkriminalit\u00e4t\",\"Generative KI\",\"Risikomanagement\",\"Software\"],\"articleSection\":[\"OPERATIONAL EXCELLENCE\"],\"inLanguage\":\"en-US\"},{\"@type\":\"WebPage\",\"@id\":\"https:\\\/\\\/www.organisator.ch\\\/operational-excellence\\\/2025-01-03\\\/cybertrends-2025-kriminelle-nebelkerzen-und-demokratisierte-cyberattacken\\\/\",\"url\":\"https:\\\/\\\/www.organisator.ch\\\/operational-excellence\\\/2025-01-03\\\/cybertrends-2025-kriminelle-nebelkerzen-und-demokratisierte-cyberattacken\\\/\",\"name\":\"Cybertrends 2025: Kriminelle Nebelkerzen und demokratisierte Cyberattacken - Organisator\",\"isPartOf\":{\"@id\":\"https:\\\/\\\/www.organisator.ch\\\/#website\"},\"primaryImageOfPage\":{\"@id\":\"https:\\\/\\\/www.organisator.ch\\\/operational-excellence\\\/2025-01-03\\\/cybertrends-2025-kriminelle-nebelkerzen-und-demokratisierte-cyberattacken\\\/#primaryimage\"},\"image\":{\"@id\":\"https:\\\/\\\/www.organisator.ch\\\/operational-excellence\\\/2025-01-03\\\/cybertrends-2025-kriminelle-nebelkerzen-und-demokratisierte-cyberattacken\\\/#primaryimage\"},\"thumbnailUrl\":\"https:\\\/\\\/www.m-q.ch\\\/wp-content\\\/uploads\\\/2024\\\/12\\\/Cybertrends_Bild1_ps.jpg\",\"datePublished\":\"2025-01-03T05:45:15+00:00\",\"dateModified\":\"2025-01-03T05:56:07+00:00\",\"description\":\"R\u00fcckblick auf 2024 und Ausblick auf 2025: Cloud-Angriffe, generative KI und Lieferketten-Angriffe pr\u00e4gen die Cybersicherheit.\",\"breadcrumb\":{\"@id\":\"https:\\\/\\\/www.organisator.ch\\\/operational-excellence\\\/2025-01-03\\\/cybertrends-2025-kriminelle-nebelkerzen-und-demokratisierte-cyberattacken\\\/#breadcrumb\"},\"inLanguage\":\"en-US\",\"potentialAction\":[{\"@type\":\"ReadAction\",\"target\":[\"https:\\\/\\\/www.organisator.ch\\\/operational-excellence\\\/2025-01-03\\\/cybertrends-2025-kriminelle-nebelkerzen-und-demokratisierte-cyberattacken\\\/\"]}]},{\"@type\":\"ImageObject\",\"inLanguage\":\"en-US\",\"@id\":\"https:\\\/\\\/www.organisator.ch\\\/operational-excellence\\\/2025-01-03\\\/cybertrends-2025-kriminelle-nebelkerzen-und-demokratisierte-cyberattacken\\\/#primaryimage\",\"url\":\"https:\\\/\\\/www.m-q.ch\\\/wp-content\\\/uploads\\\/2024\\\/12\\\/Cybertrends_Bild1_ps.jpg\",\"contentUrl\":\"https:\\\/\\\/www.m-q.ch\\\/wp-content\\\/uploads\\\/2024\\\/12\\\/Cybertrends_Bild1_ps.jpg\"},{\"@type\":\"BreadcrumbList\",\"@id\":\"https:\\\/\\\/www.organisator.ch\\\/operational-excellence\\\/2025-01-03\\\/cybertrends-2025-kriminelle-nebelkerzen-und-demokratisierte-cyberattacken\\\/#breadcrumb\",\"itemListElement\":[{\"@type\":\"ListItem\",\"position\":1,\"name\":\"Home\",\"item\":\"https:\\\/\\\/www.organisator.ch\\\/\"},{\"@type\":\"ListItem\",\"position\":2,\"name\":\"Cybertrends 2025: Kriminelle Nebelkerzen und demokratisierte Cyberattacken\"}]},{\"@type\":\"WebSite\",\"@id\":\"https:\\\/\\\/www.organisator.ch\\\/#website\",\"url\":\"https:\\\/\\\/www.organisator.ch\\\/\",\"name\":\"Organisator\",\"description\":\"Kompetent. Praxisnah. Der ORGANISATOR bereitet in 10 Ausgaben pro Jahr die wesentlichen Themen f\u00fcr F\u00fchrungskr\u00e4fte von KMU auf.\",\"publisher\":{\"@id\":\"https:\\\/\\\/www.organisator.ch\\\/#organization\"},\"potentialAction\":[{\"@type\":\"SearchAction\",\"target\":{\"@type\":\"EntryPoint\",\"urlTemplate\":\"https:\\\/\\\/www.organisator.ch\\\/?s={search_term_string}\"},\"query-input\":{\"@type\":\"PropertyValueSpecification\",\"valueRequired\":true,\"valueName\":\"search_term_string\"}}],\"inLanguage\":\"en-US\"},{\"@type\":\"Organization\",\"@id\":\"https:\\\/\\\/www.organisator.ch\\\/#organization\",\"name\":\"Organisator\",\"url\":\"https:\\\/\\\/www.organisator.ch\\\/\",\"logo\":{\"@type\":\"ImageObject\",\"inLanguage\":\"en-US\",\"@id\":\"https:\\\/\\\/www.organisator.ch\\\/#\\\/schema\\\/logo\\\/image\\\/\",\"url\":\"https:\\\/\\\/www.organisator.ch\\\/wp-content\\\/uploads\\\/2022\\\/01\\\/Logo_Organisator_Website.png\",\"contentUrl\":\"https:\\\/\\\/www.organisator.ch\\\/wp-content\\\/uploads\\\/2022\\\/01\\\/Logo_Organisator_Website.png\",\"width\":800,\"height\":77,\"caption\":\"Organisator\"},\"image\":{\"@id\":\"https:\\\/\\\/www.organisator.ch\\\/#\\\/schema\\\/logo\\\/image\\\/\"},\"sameAs\":[\"https:\\\/\\\/www.facebook.com\\\/OrganisatorFachmagazin\",\"https:\\\/\\\/www.linkedin.com\\\/showcase\\\/organisator-das-magazin-fr-kmu\",\"https:\\\/\\\/www.xing.com\\\/news\\\/pages\\\/organisator-ch-695\",\"https:\\\/\\\/www.youtube.com\\\/channel\\\/UCGP2Sq0iWaZwT3BdIAQFYpw\"]},{\"@type\":\"Person\",\"@id\":\"https:\\\/\\\/www.organisator.ch\\\/#\\\/schema\\\/person\\\/afccda3a71c06d4be2ed9100dd163db7\",\"name\":\"Dzana Muminovic\",\"image\":{\"@type\":\"ImageObject\",\"inLanguage\":\"en-US\",\"@id\":\"https:\\\/\\\/secure.gravatar.com\\\/avatar\\\/909c5c71aff4b38e88686f2ab2f1ba152571f394f41ed8bae431ea56ced93050?s=96&d=mm&r=g\",\"url\":\"https:\\\/\\\/secure.gravatar.com\\\/avatar\\\/909c5c71aff4b38e88686f2ab2f1ba152571f394f41ed8bae431ea56ced93050?s=96&d=mm&r=g\",\"contentUrl\":\"https:\\\/\\\/secure.gravatar.com\\\/avatar\\\/909c5c71aff4b38e88686f2ab2f1ba152571f394f41ed8bae431ea56ced93050?s=96&d=mm&r=g\",\"caption\":\"Dzana Muminovic\"},\"url\":\"https:\\\/\\\/www.organisator.ch\\\/en\\\/author\\\/dzana-muminovic\\\/\"}]}<\/script>\n<!-- \/ Yoast SEO plugin. -->","yoast_head_json":{"title":"Cybertrends 2025: Criminal smokescreens and democratized cyberattacks - Organizer","description":"Looking back to 2024 and forward to 2025: Cloud attacks, generative AI and supply chain attacks are shaping cyber security.","robots":{"index":"index","follow":"follow","max-snippet":"max-snippet:-1","max-image-preview":"max-image-preview:large","max-video-preview":"max-video-preview:-1"},"canonical":"https:\/\/www.organisator.ch\/en\/operational-excellence\/2025-01-03\/cybertrends-2025-kriminelle-nebelkerzen-und-demokratisierte-cyberattacken\/","og_locale":"en_US","og_type":"article","og_title":"Cybertrends 2025: Kriminelle Nebelkerzen und demokratisierte Cyberattacken - Organisator","og_description":"R\u00fcckblick auf 2024 und Ausblick auf 2025: Cloud-Angriffe, generative KI und Lieferketten-Angriffe pr\u00e4gen die Cybersicherheit.","og_url":"https:\/\/www.organisator.ch\/en\/operational-excellence\/2025-01-03\/cybertrends-2025-kriminelle-nebelkerzen-und-demokratisierte-cyberattacken\/","og_site_name":"Organisator","article_publisher":"https:\/\/www.facebook.com\/OrganisatorFachmagazin","article_published_time":"2025-01-03T05:45:15+00:00","article_modified_time":"2025-01-03T05:56:07+00:00","author":"Dzana Muminovic","twitter_card":"summary_large_image","schema":{"@context":"https:\/\/schema.org","@graph":[{"@type":"Article","@id":"https:\/\/www.organisator.ch\/operational-excellence\/2025-01-03\/cybertrends-2025-kriminelle-nebelkerzen-und-demokratisierte-cyberattacken\/#article","isPartOf":{"@id":"https:\/\/www.organisator.ch\/operational-excellence\/2025-01-03\/cybertrends-2025-kriminelle-nebelkerzen-und-demokratisierte-cyberattacken\/"},"author":{"name":"Dzana Muminovic","@id":"https:\/\/www.organisator.ch\/#\/schema\/person\/afccda3a71c06d4be2ed9100dd163db7"},"headline":"Cybertrends 2025: Kriminelle Nebelkerzen und demokratisierte Cyberattacken","datePublished":"2025-01-03T05:45:15+00:00","dateModified":"2025-01-03T05:56:07+00:00","mainEntityOfPage":{"@id":"https:\/\/www.organisator.ch\/operational-excellence\/2025-01-03\/cybertrends-2025-kriminelle-nebelkerzen-und-demokratisierte-cyberattacken\/"},"wordCount":408,"publisher":{"@id":"https:\/\/www.organisator.ch\/#organization"},"image":{"@id":"https:\/\/www.organisator.ch\/operational-excellence\/2025-01-03\/cybertrends-2025-kriminelle-nebelkerzen-und-demokratisierte-cyberattacken\/#primaryimage"},"thumbnailUrl":"https:\/\/www.m-q.ch\/wp-content\/uploads\/2024\/12\/Cybertrends_Bild1_ps.jpg","keywords":["Cloud","Cyberattacke","Cyberkriminalit\u00e4t","Generative KI","Risikomanagement","Software"],"articleSection":["OPERATIONAL EXCELLENCE"],"inLanguage":"en-US"},{"@type":"WebPage","@id":"https:\/\/www.organisator.ch\/operational-excellence\/2025-01-03\/cybertrends-2025-kriminelle-nebelkerzen-und-demokratisierte-cyberattacken\/","url":"https:\/\/www.organisator.ch\/operational-excellence\/2025-01-03\/cybertrends-2025-kriminelle-nebelkerzen-und-demokratisierte-cyberattacken\/","name":"Cybertrends 2025: Criminal smokescreens and democratized cyberattacks - Organizer","isPartOf":{"@id":"https:\/\/www.organisator.ch\/#website"},"primaryImageOfPage":{"@id":"https:\/\/www.organisator.ch\/operational-excellence\/2025-01-03\/cybertrends-2025-kriminelle-nebelkerzen-und-demokratisierte-cyberattacken\/#primaryimage"},"image":{"@id":"https:\/\/www.organisator.ch\/operational-excellence\/2025-01-03\/cybertrends-2025-kriminelle-nebelkerzen-und-demokratisierte-cyberattacken\/#primaryimage"},"thumbnailUrl":"https:\/\/www.m-q.ch\/wp-content\/uploads\/2024\/12\/Cybertrends_Bild1_ps.jpg","datePublished":"2025-01-03T05:45:15+00:00","dateModified":"2025-01-03T05:56:07+00:00","description":"Looking back to 2024 and forward to 2025: Cloud attacks, generative AI and supply chain attacks are shaping cyber security.","breadcrumb":{"@id":"https:\/\/www.organisator.ch\/operational-excellence\/2025-01-03\/cybertrends-2025-kriminelle-nebelkerzen-und-demokratisierte-cyberattacken\/#breadcrumb"},"inLanguage":"en-US","potentialAction":[{"@type":"ReadAction","target":["https:\/\/www.organisator.ch\/operational-excellence\/2025-01-03\/cybertrends-2025-kriminelle-nebelkerzen-und-demokratisierte-cyberattacken\/"]}]},{"@type":"ImageObject","inLanguage":"en-US","@id":"https:\/\/www.organisator.ch\/operational-excellence\/2025-01-03\/cybertrends-2025-kriminelle-nebelkerzen-und-demokratisierte-cyberattacken\/#primaryimage","url":"https:\/\/www.m-q.ch\/wp-content\/uploads\/2024\/12\/Cybertrends_Bild1_ps.jpg","contentUrl":"https:\/\/www.m-q.ch\/wp-content\/uploads\/2024\/12\/Cybertrends_Bild1_ps.jpg"},{"@type":"BreadcrumbList","@id":"https:\/\/www.organisator.ch\/operational-excellence\/2025-01-03\/cybertrends-2025-kriminelle-nebelkerzen-und-demokratisierte-cyberattacken\/#breadcrumb","itemListElement":[{"@type":"ListItem","position":1,"name":"Home","item":"https:\/\/www.organisator.ch\/"},{"@type":"ListItem","position":2,"name":"Cybertrends 2025: Kriminelle Nebelkerzen und demokratisierte Cyberattacken"}]},{"@type":"WebSite","@id":"https:\/\/www.organisator.ch\/#website","url":"https:\/\/www.organisator.ch\/","name":"Organizer","description":"Competent. Practical. In 10 issues per year, ORGANISATOR presents the essential topics for managers of SMEs.","publisher":{"@id":"https:\/\/www.organisator.ch\/#organization"},"potentialAction":[{"@type":"SearchAction","target":{"@type":"EntryPoint","urlTemplate":"https:\/\/www.organisator.ch\/?s={search_term_string}"},"query-input":{"@type":"PropertyValueSpecification","valueRequired":true,"valueName":"search_term_string"}}],"inLanguage":"en-US"},{"@type":"Organization","@id":"https:\/\/www.organisator.ch\/#organization","name":"Organizer","url":"https:\/\/www.organisator.ch\/","logo":{"@type":"ImageObject","inLanguage":"en-US","@id":"https:\/\/www.organisator.ch\/#\/schema\/logo\/image\/","url":"https:\/\/www.organisator.ch\/wp-content\/uploads\/2022\/01\/Logo_Organisator_Website.png","contentUrl":"https:\/\/www.organisator.ch\/wp-content\/uploads\/2022\/01\/Logo_Organisator_Website.png","width":800,"height":77,"caption":"Organisator"},"image":{"@id":"https:\/\/www.organisator.ch\/#\/schema\/logo\/image\/"},"sameAs":["https:\/\/www.facebook.com\/OrganisatorFachmagazin","https:\/\/www.linkedin.com\/showcase\/organisator-das-magazin-fr-kmu","https:\/\/www.xing.com\/news\/pages\/organisator-ch-695","https:\/\/www.youtube.com\/channel\/UCGP2Sq0iWaZwT3BdIAQFYpw"]},{"@type":"Person","@id":"https:\/\/www.organisator.ch\/#\/schema\/person\/afccda3a71c06d4be2ed9100dd163db7","name":"Dzana Muminovic","image":{"@type":"ImageObject","inLanguage":"en-US","@id":"https:\/\/secure.gravatar.com\/avatar\/909c5c71aff4b38e88686f2ab2f1ba152571f394f41ed8bae431ea56ced93050?s=96&d=mm&r=g","url":"https:\/\/secure.gravatar.com\/avatar\/909c5c71aff4b38e88686f2ab2f1ba152571f394f41ed8bae431ea56ced93050?s=96&d=mm&r=g","contentUrl":"https:\/\/secure.gravatar.com\/avatar\/909c5c71aff4b38e88686f2ab2f1ba152571f394f41ed8bae431ea56ced93050?s=96&d=mm&r=g","caption":"Dzana Muminovic"},"url":"https:\/\/www.organisator.ch\/en\/author\/dzana-muminovic\/"}]}},"_links":{"self":[{"href":"https:\/\/www.organisator.ch\/en\/wp-json\/wp\/v2\/posts\/34911","targetHints":{"allow":["GET"]}}],"collection":[{"href":"https:\/\/www.organisator.ch\/en\/wp-json\/wp\/v2\/posts"}],"about":[{"href":"https:\/\/www.organisator.ch\/en\/wp-json\/wp\/v2\/types\/post"}],"author":[{"embeddable":true,"href":"https:\/\/www.organisator.ch\/en\/wp-json\/wp\/v2\/users\/80"}],"replies":[{"embeddable":true,"href":"https:\/\/www.organisator.ch\/en\/wp-json\/wp\/v2\/comments?post=34911"}],"version-history":[{"count":5,"href":"https:\/\/www.organisator.ch\/en\/wp-json\/wp\/v2\/posts\/34911\/revisions"}],"predecessor-version":[{"id":34917,"href":"https:\/\/www.organisator.ch\/en\/wp-json\/wp\/v2\/posts\/34911\/revisions\/34917"}],"wp:attachment":[{"href":"https:\/\/www.organisator.ch\/en\/wp-json\/wp\/v2\/media?parent=34911"}],"wp:term":[{"taxonomy":"category","embeddable":true,"href":"https:\/\/www.organisator.ch\/en\/wp-json\/wp\/v2\/categories?post=34911"},{"taxonomy":"post_tag","embeddable":true,"href":"https:\/\/www.organisator.ch\/en\/wp-json\/wp\/v2\/tags?post=34911"}],"curies":[{"name":"wp","href":"https:\/\/api.w.org\/{rel}","templated":true}]}}