{"id":35053,"date":"2025-01-08T09:05:11","date_gmt":"2025-01-08T08:05:11","guid":{"rendered":"https:\/\/www.m-q.ch\/?p=20940"},"modified":"2025-01-08T09:08:43","modified_gmt":"2025-01-08T08:08:43","slug":"product-lifecycle-management-wird-zum-lernenden-system","status":"publish","type":"post","link":"https:\/\/www.organisator.ch\/en\/operational-excellence\/2025-01-08\/product-lifecycle-management-wird-zum-lernenden-system\/","title":{"rendered":"Product lifecycle management becomes a learning system"},"content":{"rendered":"<figure id=\"attachment_20941\" class=\"wp-caption alignnone\" style=\"width: 680px;\" aria-describedby=\"caption-attachment-20941\"><img class=\"size-full wp-image-20941\" src=\"https:\/\/www.m-q.ch\/wp-content\/uploads\/2025\/01\/Aras-Software_Bild1_ps.jpg\" sizes=\"(max-width: 680px) 100vw, 680px\" srcset=\"https:\/\/www.m-q.ch\/wp-content\/uploads\/2025\/01\/Aras-Software_Bild1_ps.jpg 680w, https:\/\/www.m-q.ch\/wp-content\/uploads\/2025\/01\/Aras-Software_Bild1_ps-18x10.jpg 18w, https:\/\/www.m-q.ch\/wp-content\/uploads\/2025\/01\/Aras-Software_Bild1_ps-375x211.jpg 375w, https:\/\/www.m-q.ch\/wp-content\/uploads\/2025\/01\/Aras-Software_Bild1_ps-621x350.jpg 621w\" alt=\"\" width=\"680\" height=\"383\" \/>\r\n<figcaption id=\"caption-attachment-20941\" class=\"wp-caption-text\">AI is changing product lifecycle management: the digital thread is becoming the heart of modern product development and manufacturing. (Image: www.aras.com)<\/figcaption>\r\n<\/figure>\r\n<p>\"PLM and AI form a symbiotic partnership in which both technologies reinforce each other. PLM provides the data and links it together. It is therefore essentially the basis for the use of AI. This is then able to evaluate and interpret the data,\" says Jens Rollenm\u00fcller, Regional Vice President at Aras. According to the digitalization expert, the potential of AI in the industrial environment can only be fully exploited by networking the most diverse areas along the product life cycle.<\/p>\r\n<p>As a constantly updated digital image of the physical product, the 'digital thread' provides the necessary information for analysis and forms the basis for decisions. This development influences the entire production process - from manufacturing and design through to recycling. Rollenm\u00fcller: \"With the help of innovative AI technologies, this creates a new generation of adaptive, self-learning and proactive PLM systems that enable companies to act more flexibly and efficiently.\"<\/p>\r\n<h3><strong>The digital twin becomes an active advisor<\/strong><\/h3>\r\n<p>The continuous input of data is important for a learning PLM system. This includes analyzing production data, checking supplier status, evaluating customer feedback and even comments on social media platforms can provide important information. The results flow into development or production processes as well as into precise sales forecasts. From the sum of the analyzed data, the software makes intelligent optimization suggestions and helps to place new products on the market in a targeted manner.<\/p>\r\n<p>The digital twin accompanies the real product throughout its entire life cycle. It continuously collects data from both production and use by the customer and forwards the information to the underlying PLM or AI for analysis. The insights gained are automatically incorporated into new product generations. The result: faster development, lower costs, higher quality and better adaptation to customer requirements.<\/p>\r\n<p>\"With the Digital Thread, AI can track customer needs in real time and adapt product development accordingly. This makes hyper-personalization possible. Products adapt to individual needs almost in real time,\" says digitalization expert Rollenm\u00fcller.<\/p>\r\n<h3><strong>The AI knows what makes the company tick<\/strong><\/h3>\r\n<p>One example of the wide range of applications for AI-supported application systems is their use at marine specialist thyssenkrupp Marine Systems (TKMS). There, internal processes are analyzed with software support with the aim of creating a digital image of the entire company. Dr. Kira Giesecke, Head of Value Chain Strategy at TKMS: \"The possibilities we now have with Aras Innovator allow us to network information. Among other things, this enables us to teach AI what makes our company tick.\"<\/p>\r\n<p><em>Source: <a href=\"http:\/\/www.aras.com\/\">www.aras.com<\/a><\/em><\/p>\n<p class=\"syndicated-attribution\">This article originally appeared on m-q.ch - <a href=\"https:\/\/www.m-q.ch\/de\/product-lifecycle-management-wird-zum-lernenden-system\/\" target=\"_blank\">https:\/\/www.m-q.ch\/de\/product-lifecycle-management-wird-zum-lernenden-system\/<\/a><\/p>","protected":false},"excerpt":{"rendered":"<p>The integration of artificial intelligence (AI) into product lifecycle management (PLM) marks a turning point: while PLM systems were previously primarily used for structured data linking and management, AI gives them proactive and collaborative capabilities. The \"digital thread\" - the digital thread that runs through all processes - is thus becoming the heart of modern product development and manufacturing.<\/p>","protected":false},"author":80,"featured_media":0,"comment_status":"closed","ping_status":"closed","sticky":false,"template":"","format":"standard","meta":{"_acf_changed":false,"_yoast_wpseo_focuskw":"Product Lifecycle Management","_yoast_wpseo_metadesc":"KI ver\u00e4ndert das Product Lifecycle Management: Der Digital Thread wird zum Herzst\u00fcck moderner Produktentwicklung und Fertigung.","articlekey":"","footnotes":""},"categories":[582],"tags":[103,4989,319,3952,394,492],"class_list":["post-35053","post","type-post","status-publish","format-standard","hentry","category-operational-excellence","tag-business-excellence","tag-digital-thread","tag-kuenstliche-intelligenz","tag-product-lifecycle-management","tag-produktentwicklung","tag-unternehmen"],"acf":[],"yoast_head":"<!-- This site is optimized with the Yoast SEO plugin v27.5 - https:\/\/yoast.com\/product\/yoast-seo-wordpress\/ -->\n<title>Product Lifecycle Management wird zum lernenden System - Organisator<\/title>\n<meta name=\"description\" content=\"KI ver\u00e4ndert das Product Lifecycle Management: Der Digital Thread wird zum Herzst\u00fcck moderner Produktentwicklung und Fertigung.\" \/>\n<meta name=\"robots\" content=\"index, follow, max-snippet:-1, max-image-preview:large, max-video-preview:-1\" \/>\n<link rel=\"canonical\" href=\"https:\/\/www.organisator.ch\/en\/operational-excellence\/2025-01-08\/product-lifecycle-management-wird-zum-lernenden-system\/\" \/>\n<meta property=\"og:locale\" content=\"en_US\" \/>\n<meta property=\"og:type\" content=\"article\" \/>\n<meta property=\"og:title\" content=\"Product Lifecycle Management wird zum lernenden System - Organisator\" \/>\n<meta property=\"og:description\" content=\"KI ver\u00e4ndert das Product Lifecycle Management: Der Digital Thread wird zum Herzst\u00fcck moderner Produktentwicklung und Fertigung.\" \/>\n<meta property=\"og:url\" content=\"https:\/\/www.organisator.ch\/en\/operational-excellence\/2025-01-08\/product-lifecycle-management-wird-zum-lernenden-system\/\" \/>\n<meta property=\"og:site_name\" content=\"Organisator\" \/>\n<meta property=\"article:publisher\" content=\"https:\/\/www.facebook.com\/OrganisatorFachmagazin\" \/>\n<meta property=\"article:published_time\" content=\"2025-01-08T08:05:11+00:00\" \/>\n<meta property=\"article:modified_time\" content=\"2025-01-08T08:08:43+00:00\" \/>\n<meta name=\"author\" content=\"Dzana Muminovic\" \/>\n<meta name=\"twitter:card\" content=\"summary_large_image\" \/>\n<script type=\"application\/ld+json\" class=\"yoast-schema-graph\">{\"@context\":\"https:\\\/\\\/schema.org\",\"@graph\":[{\"@type\":\"Article\",\"@id\":\"https:\\\/\\\/www.organisator.ch\\\/operational-excellence\\\/2025-01-08\\\/product-lifecycle-management-wird-zum-lernenden-system\\\/#article\",\"isPartOf\":{\"@id\":\"https:\\\/\\\/www.organisator.ch\\\/operational-excellence\\\/2025-01-08\\\/product-lifecycle-management-wird-zum-lernenden-system\\\/\"},\"author\":{\"name\":\"Dzana Muminovic\",\"@id\":\"https:\\\/\\\/www.organisator.ch\\\/#\\\/schema\\\/person\\\/afccda3a71c06d4be2ed9100dd163db7\"},\"headline\":\"Product Lifecycle Management wird zum lernenden System\",\"datePublished\":\"2025-01-08T08:05:11+00:00\",\"dateModified\":\"2025-01-08T08:08:43+00:00\",\"mainEntityOfPage\":{\"@id\":\"https:\\\/\\\/www.organisator.ch\\\/operational-excellence\\\/2025-01-08\\\/product-lifecycle-management-wird-zum-lernenden-system\\\/\"},\"wordCount\":450,\"publisher\":{\"@id\":\"https:\\\/\\\/www.organisator.ch\\\/#organization\"},\"image\":{\"@id\":\"https:\\\/\\\/www.organisator.ch\\\/operational-excellence\\\/2025-01-08\\\/product-lifecycle-management-wird-zum-lernenden-system\\\/#primaryimage\"},\"thumbnailUrl\":\"https:\\\/\\\/www.m-q.ch\\\/wp-content\\\/uploads\\\/2025\\\/01\\\/Aras-Software_Bild1_ps.jpg\",\"keywords\":[\"Business Excellence\",\"Digital Thread\",\"K\u00fcnstliche Intelligenz\",\"Product Lifecycle Management\",\"Produktentwicklung\",\"Unternehmen\"],\"articleSection\":[\"OPERATIONAL EXCELLENCE\"],\"inLanguage\":\"en-US\"},{\"@type\":\"WebPage\",\"@id\":\"https:\\\/\\\/www.organisator.ch\\\/operational-excellence\\\/2025-01-08\\\/product-lifecycle-management-wird-zum-lernenden-system\\\/\",\"url\":\"https:\\\/\\\/www.organisator.ch\\\/operational-excellence\\\/2025-01-08\\\/product-lifecycle-management-wird-zum-lernenden-system\\\/\",\"name\":\"Product Lifecycle Management wird zum lernenden System - Organisator\",\"isPartOf\":{\"@id\":\"https:\\\/\\\/www.organisator.ch\\\/#website\"},\"primaryImageOfPage\":{\"@id\":\"https:\\\/\\\/www.organisator.ch\\\/operational-excellence\\\/2025-01-08\\\/product-lifecycle-management-wird-zum-lernenden-system\\\/#primaryimage\"},\"image\":{\"@id\":\"https:\\\/\\\/www.organisator.ch\\\/operational-excellence\\\/2025-01-08\\\/product-lifecycle-management-wird-zum-lernenden-system\\\/#primaryimage\"},\"thumbnailUrl\":\"https:\\\/\\\/www.m-q.ch\\\/wp-content\\\/uploads\\\/2025\\\/01\\\/Aras-Software_Bild1_ps.jpg\",\"datePublished\":\"2025-01-08T08:05:11+00:00\",\"dateModified\":\"2025-01-08T08:08:43+00:00\",\"description\":\"KI ver\u00e4ndert das Product Lifecycle Management: Der Digital Thread wird zum Herzst\u00fcck moderner Produktentwicklung und Fertigung.\",\"breadcrumb\":{\"@id\":\"https:\\\/\\\/www.organisator.ch\\\/operational-excellence\\\/2025-01-08\\\/product-lifecycle-management-wird-zum-lernenden-system\\\/#breadcrumb\"},\"inLanguage\":\"en-US\",\"potentialAction\":[{\"@type\":\"ReadAction\",\"target\":[\"https:\\\/\\\/www.organisator.ch\\\/operational-excellence\\\/2025-01-08\\\/product-lifecycle-management-wird-zum-lernenden-system\\\/\"]}]},{\"@type\":\"ImageObject\",\"inLanguage\":\"en-US\",\"@id\":\"https:\\\/\\\/www.organisator.ch\\\/operational-excellence\\\/2025-01-08\\\/product-lifecycle-management-wird-zum-lernenden-system\\\/#primaryimage\",\"url\":\"https:\\\/\\\/www.m-q.ch\\\/wp-content\\\/uploads\\\/2025\\\/01\\\/Aras-Software_Bild1_ps.jpg\",\"contentUrl\":\"https:\\\/\\\/www.m-q.ch\\\/wp-content\\\/uploads\\\/2025\\\/01\\\/Aras-Software_Bild1_ps.jpg\"},{\"@type\":\"BreadcrumbList\",\"@id\":\"https:\\\/\\\/www.organisator.ch\\\/operational-excellence\\\/2025-01-08\\\/product-lifecycle-management-wird-zum-lernenden-system\\\/#breadcrumb\",\"itemListElement\":[{\"@type\":\"ListItem\",\"position\":1,\"name\":\"Home\",\"item\":\"https:\\\/\\\/www.organisator.ch\\\/\"},{\"@type\":\"ListItem\",\"position\":2,\"name\":\"Product Lifecycle Management wird zum lernenden System\"}]},{\"@type\":\"WebSite\",\"@id\":\"https:\\\/\\\/www.organisator.ch\\\/#website\",\"url\":\"https:\\\/\\\/www.organisator.ch\\\/\",\"name\":\"Organisator\",\"description\":\"Kompetent. Praxisnah. Der ORGANISATOR bereitet in 10 Ausgaben pro Jahr die wesentlichen Themen f\u00fcr F\u00fchrungskr\u00e4fte von KMU auf.\",\"publisher\":{\"@id\":\"https:\\\/\\\/www.organisator.ch\\\/#organization\"},\"potentialAction\":[{\"@type\":\"SearchAction\",\"target\":{\"@type\":\"EntryPoint\",\"urlTemplate\":\"https:\\\/\\\/www.organisator.ch\\\/?s={search_term_string}\"},\"query-input\":{\"@type\":\"PropertyValueSpecification\",\"valueRequired\":true,\"valueName\":\"search_term_string\"}}],\"inLanguage\":\"en-US\"},{\"@type\":\"Organization\",\"@id\":\"https:\\\/\\\/www.organisator.ch\\\/#organization\",\"name\":\"Organisator\",\"url\":\"https:\\\/\\\/www.organisator.ch\\\/\",\"logo\":{\"@type\":\"ImageObject\",\"inLanguage\":\"en-US\",\"@id\":\"https:\\\/\\\/www.organisator.ch\\\/#\\\/schema\\\/logo\\\/image\\\/\",\"url\":\"https:\\\/\\\/www.organisator.ch\\\/wp-content\\\/uploads\\\/2022\\\/01\\\/Logo_Organisator_Website.png\",\"contentUrl\":\"https:\\\/\\\/www.organisator.ch\\\/wp-content\\\/uploads\\\/2022\\\/01\\\/Logo_Organisator_Website.png\",\"width\":800,\"height\":77,\"caption\":\"Organisator\"},\"image\":{\"@id\":\"https:\\\/\\\/www.organisator.ch\\\/#\\\/schema\\\/logo\\\/image\\\/\"},\"sameAs\":[\"https:\\\/\\\/www.facebook.com\\\/OrganisatorFachmagazin\",\"https:\\\/\\\/www.linkedin.com\\\/showcase\\\/organisator-das-magazin-fr-kmu\",\"https:\\\/\\\/www.xing.com\\\/news\\\/pages\\\/organisator-ch-695\",\"https:\\\/\\\/www.youtube.com\\\/channel\\\/UCGP2Sq0iWaZwT3BdIAQFYpw\"]},{\"@type\":\"Person\",\"@id\":\"https:\\\/\\\/www.organisator.ch\\\/#\\\/schema\\\/person\\\/afccda3a71c06d4be2ed9100dd163db7\",\"name\":\"Dzana Muminovic\",\"image\":{\"@type\":\"ImageObject\",\"inLanguage\":\"en-US\",\"@id\":\"https:\\\/\\\/secure.gravatar.com\\\/avatar\\\/909c5c71aff4b38e88686f2ab2f1ba152571f394f41ed8bae431ea56ced93050?s=96&d=mm&r=g\",\"url\":\"https:\\\/\\\/secure.gravatar.com\\\/avatar\\\/909c5c71aff4b38e88686f2ab2f1ba152571f394f41ed8bae431ea56ced93050?s=96&d=mm&r=g\",\"contentUrl\":\"https:\\\/\\\/secure.gravatar.com\\\/avatar\\\/909c5c71aff4b38e88686f2ab2f1ba152571f394f41ed8bae431ea56ced93050?s=96&d=mm&r=g\",\"caption\":\"Dzana Muminovic\"},\"url\":\"https:\\\/\\\/www.organisator.ch\\\/en\\\/author\\\/dzana-muminovic\\\/\"}]}<\/script>\n<!-- \/ Yoast SEO plugin. -->","yoast_head_json":{"title":"Product Lifecycle Management becomes a learning system - Organizer","description":"AI is changing product lifecycle management: the digital thread is becoming the centerpiece of modern product development and manufacturing.","robots":{"index":"index","follow":"follow","max-snippet":"max-snippet:-1","max-image-preview":"max-image-preview:large","max-video-preview":"max-video-preview:-1"},"canonical":"https:\/\/www.organisator.ch\/en\/operational-excellence\/2025-01-08\/product-lifecycle-management-wird-zum-lernenden-system\/","og_locale":"en_US","og_type":"article","og_title":"Product Lifecycle Management wird zum lernenden System - Organisator","og_description":"KI ver\u00e4ndert das Product Lifecycle Management: Der Digital Thread wird zum Herzst\u00fcck moderner Produktentwicklung und Fertigung.","og_url":"https:\/\/www.organisator.ch\/en\/operational-excellence\/2025-01-08\/product-lifecycle-management-wird-zum-lernenden-system\/","og_site_name":"Organisator","article_publisher":"https:\/\/www.facebook.com\/OrganisatorFachmagazin","article_published_time":"2025-01-08T08:05:11+00:00","article_modified_time":"2025-01-08T08:08:43+00:00","author":"Dzana Muminovic","twitter_card":"summary_large_image","schema":{"@context":"https:\/\/schema.org","@graph":[{"@type":"Article","@id":"https:\/\/www.organisator.ch\/operational-excellence\/2025-01-08\/product-lifecycle-management-wird-zum-lernenden-system\/#article","isPartOf":{"@id":"https:\/\/www.organisator.ch\/operational-excellence\/2025-01-08\/product-lifecycle-management-wird-zum-lernenden-system\/"},"author":{"name":"Dzana Muminovic","@id":"https:\/\/www.organisator.ch\/#\/schema\/person\/afccda3a71c06d4be2ed9100dd163db7"},"headline":"Product Lifecycle Management wird zum lernenden System","datePublished":"2025-01-08T08:05:11+00:00","dateModified":"2025-01-08T08:08:43+00:00","mainEntityOfPage":{"@id":"https:\/\/www.organisator.ch\/operational-excellence\/2025-01-08\/product-lifecycle-management-wird-zum-lernenden-system\/"},"wordCount":450,"publisher":{"@id":"https:\/\/www.organisator.ch\/#organization"},"image":{"@id":"https:\/\/www.organisator.ch\/operational-excellence\/2025-01-08\/product-lifecycle-management-wird-zum-lernenden-system\/#primaryimage"},"thumbnailUrl":"https:\/\/www.m-q.ch\/wp-content\/uploads\/2025\/01\/Aras-Software_Bild1_ps.jpg","keywords":["Business Excellence","Digital Thread","K\u00fcnstliche Intelligenz","Product Lifecycle Management","Produktentwicklung","Unternehmen"],"articleSection":["OPERATIONAL EXCELLENCE"],"inLanguage":"en-US"},{"@type":"WebPage","@id":"https:\/\/www.organisator.ch\/operational-excellence\/2025-01-08\/product-lifecycle-management-wird-zum-lernenden-system\/","url":"https:\/\/www.organisator.ch\/operational-excellence\/2025-01-08\/product-lifecycle-management-wird-zum-lernenden-system\/","name":"Product Lifecycle Management becomes a learning system - Organizer","isPartOf":{"@id":"https:\/\/www.organisator.ch\/#website"},"primaryImageOfPage":{"@id":"https:\/\/www.organisator.ch\/operational-excellence\/2025-01-08\/product-lifecycle-management-wird-zum-lernenden-system\/#primaryimage"},"image":{"@id":"https:\/\/www.organisator.ch\/operational-excellence\/2025-01-08\/product-lifecycle-management-wird-zum-lernenden-system\/#primaryimage"},"thumbnailUrl":"https:\/\/www.m-q.ch\/wp-content\/uploads\/2025\/01\/Aras-Software_Bild1_ps.jpg","datePublished":"2025-01-08T08:05:11+00:00","dateModified":"2025-01-08T08:08:43+00:00","description":"AI is changing product lifecycle management: the digital thread is becoming the centerpiece of modern product development and manufacturing.","breadcrumb":{"@id":"https:\/\/www.organisator.ch\/operational-excellence\/2025-01-08\/product-lifecycle-management-wird-zum-lernenden-system\/#breadcrumb"},"inLanguage":"en-US","potentialAction":[{"@type":"ReadAction","target":["https:\/\/www.organisator.ch\/operational-excellence\/2025-01-08\/product-lifecycle-management-wird-zum-lernenden-system\/"]}]},{"@type":"ImageObject","inLanguage":"en-US","@id":"https:\/\/www.organisator.ch\/operational-excellence\/2025-01-08\/product-lifecycle-management-wird-zum-lernenden-system\/#primaryimage","url":"https:\/\/www.m-q.ch\/wp-content\/uploads\/2025\/01\/Aras-Software_Bild1_ps.jpg","contentUrl":"https:\/\/www.m-q.ch\/wp-content\/uploads\/2025\/01\/Aras-Software_Bild1_ps.jpg"},{"@type":"BreadcrumbList","@id":"https:\/\/www.organisator.ch\/operational-excellence\/2025-01-08\/product-lifecycle-management-wird-zum-lernenden-system\/#breadcrumb","itemListElement":[{"@type":"ListItem","position":1,"name":"Home","item":"https:\/\/www.organisator.ch\/"},{"@type":"ListItem","position":2,"name":"Product Lifecycle Management wird zum lernenden System"}]},{"@type":"WebSite","@id":"https:\/\/www.organisator.ch\/#website","url":"https:\/\/www.organisator.ch\/","name":"Organizer","description":"Competent. Practical. In 10 issues per year, ORGANISATOR presents the essential topics for managers of SMEs.","publisher":{"@id":"https:\/\/www.organisator.ch\/#organization"},"potentialAction":[{"@type":"SearchAction","target":{"@type":"EntryPoint","urlTemplate":"https:\/\/www.organisator.ch\/?s={search_term_string}"},"query-input":{"@type":"PropertyValueSpecification","valueRequired":true,"valueName":"search_term_string"}}],"inLanguage":"en-US"},{"@type":"Organization","@id":"https:\/\/www.organisator.ch\/#organization","name":"Organizer","url":"https:\/\/www.organisator.ch\/","logo":{"@type":"ImageObject","inLanguage":"en-US","@id":"https:\/\/www.organisator.ch\/#\/schema\/logo\/image\/","url":"https:\/\/www.organisator.ch\/wp-content\/uploads\/2022\/01\/Logo_Organisator_Website.png","contentUrl":"https:\/\/www.organisator.ch\/wp-content\/uploads\/2022\/01\/Logo_Organisator_Website.png","width":800,"height":77,"caption":"Organisator"},"image":{"@id":"https:\/\/www.organisator.ch\/#\/schema\/logo\/image\/"},"sameAs":["https:\/\/www.facebook.com\/OrganisatorFachmagazin","https:\/\/www.linkedin.com\/showcase\/organisator-das-magazin-fr-kmu","https:\/\/www.xing.com\/news\/pages\/organisator-ch-695","https:\/\/www.youtube.com\/channel\/UCGP2Sq0iWaZwT3BdIAQFYpw"]},{"@type":"Person","@id":"https:\/\/www.organisator.ch\/#\/schema\/person\/afccda3a71c06d4be2ed9100dd163db7","name":"Dzana Muminovic","image":{"@type":"ImageObject","inLanguage":"en-US","@id":"https:\/\/secure.gravatar.com\/avatar\/909c5c71aff4b38e88686f2ab2f1ba152571f394f41ed8bae431ea56ced93050?s=96&d=mm&r=g","url":"https:\/\/secure.gravatar.com\/avatar\/909c5c71aff4b38e88686f2ab2f1ba152571f394f41ed8bae431ea56ced93050?s=96&d=mm&r=g","contentUrl":"https:\/\/secure.gravatar.com\/avatar\/909c5c71aff4b38e88686f2ab2f1ba152571f394f41ed8bae431ea56ced93050?s=96&d=mm&r=g","caption":"Dzana Muminovic"},"url":"https:\/\/www.organisator.ch\/en\/author\/dzana-muminovic\/"}]}},"_links":{"self":[{"href":"https:\/\/www.organisator.ch\/en\/wp-json\/wp\/v2\/posts\/35053","targetHints":{"allow":["GET"]}}],"collection":[{"href":"https:\/\/www.organisator.ch\/en\/wp-json\/wp\/v2\/posts"}],"about":[{"href":"https:\/\/www.organisator.ch\/en\/wp-json\/wp\/v2\/types\/post"}],"author":[{"embeddable":true,"href":"https:\/\/www.organisator.ch\/en\/wp-json\/wp\/v2\/users\/80"}],"replies":[{"embeddable":true,"href":"https:\/\/www.organisator.ch\/en\/wp-json\/wp\/v2\/comments?post=35053"}],"version-history":[{"count":5,"href":"https:\/\/www.organisator.ch\/en\/wp-json\/wp\/v2\/posts\/35053\/revisions"}],"predecessor-version":[{"id":35060,"href":"https:\/\/www.organisator.ch\/en\/wp-json\/wp\/v2\/posts\/35053\/revisions\/35060"}],"wp:attachment":[{"href":"https:\/\/www.organisator.ch\/en\/wp-json\/wp\/v2\/media?parent=35053"}],"wp:term":[{"taxonomy":"category","embeddable":true,"href":"https:\/\/www.organisator.ch\/en\/wp-json\/wp\/v2\/categories?post=35053"},{"taxonomy":"post_tag","embeddable":true,"href":"https:\/\/www.organisator.ch\/en\/wp-json\/wp\/v2\/tags?post=35053"}],"curies":[{"name":"wp","href":"https:\/\/api.w.org\/{rel}","templated":true}]}}