{"id":35087,"date":"2025-01-10T07:12:30","date_gmt":"2025-01-10T06:12:30","guid":{"rendered":"https:\/\/www.organisator.ch\/?p=35087"},"modified":"2025-02-21T08:25:55","modified_gmt":"2025-02-21T07:25:55","slug":"bundesamt-fuer-energie-verleiht-den-schweizer-energiepreis-watt-dor-2025","status":"publish","type":"post","link":"https:\/\/www.organisator.ch\/en\/sustainability\/2025-01-10\/bundesamt-fuer-energie-verleiht-den-schweizer-energiepreis-watt-dor-2025\/","title":{"rendered":"Swiss Federal Office of Energy awards the Watt d'Or 2025 Swiss Energy Prize"},"content":{"rendered":"<figure id=\"attachment_35128\" aria-describedby=\"caption-attachment-35128\" style=\"width: 680px\" class=\"wp-caption alignnone\"><img loading=\"lazy\" decoding=\"async\" class=\"wp-image-35128 size-full\" src=\"https:\/\/www.organisator.ch\/wp-content\/uploads\/2025\/01\/Watt-dOr_Bild1_ps.jpg\" alt=\"\" width=\"680\" height=\"454\" srcset=\"https:\/\/www.organisator.ch\/wp-content\/uploads\/2025\/01\/Watt-dOr_Bild1_ps.jpg 680w, https:\/\/www.organisator.ch\/wp-content\/uploads\/2025\/01\/Watt-dOr_Bild1_ps-18x12.jpg 18w, https:\/\/www.organisator.ch\/wp-content\/uploads\/2025\/01\/Watt-dOr_Bild1_ps-375x250.jpg 375w, https:\/\/www.organisator.ch\/wp-content\/uploads\/2025\/01\/Watt-dOr_Bild1_ps-524x350.jpg 524w\" sizes=\"auto, (max-width: 680px) 100vw, 680px\" \/><figcaption id=\"caption-attachment-35128\" class=\"wp-caption-text\">The Swiss Energy Award Watt d'Or 2025 went to pioneering companies and universities. (Image: SFOE2025)<\/figcaption><\/figure>\n<p>The golden winners of the year 2025 are Matica AG from Kaltenbach (TG) together with Lucerne University of Applied Sciences and Arts HSLU (Energy Technologies category), Ewb together with Lubera AG from Buchs\/SG (Renewable Energies category), Galliker Transport AG from Altishofen (LU) (Energy-efficient Mobility category), and IWB from Basel (Buildings and Space category). The jury's special prize was also awarded to Genossenschaft Elektra, Jegenstorf (BE) together with Groupe E (FR), Azienda Elettrica di Massagno AEM (TI) and EKZ with ETH Zurich (ZH).<\/p>\n<p>The Watt d'Or trophy - a snow globe - was presented to the winners by the prominent jury chaired by National Councillor Susanne Vincenz-Stauffacher at the Kursaal Congress Center in Bern. Hundreds of representatives of the Swiss energy scene from politics, business and research were present.<\/p>\n<h3><strong>Watt d'Or - the seal of quality for energy excellence<\/strong><\/h3>\n<p>Innovative Swiss companies and universities are successfully and courageously putting the future of energy into practice. In their honor, the Swiss Federal Office of Energy has created the Watt d'Or, the seal of quality for energy excellence. The Watt d'Or was awarded for the first time in 2007. Its aim is to publicize exceptional achievements in the energy sector. They are intended to motivate business, politics and the general public to discover the advantages of innovative energy technologies for themselves.<\/p>\n<p>The Watt d'Or is not endowed, so no prize money is paid out. 40 applications were submitted for the Watt d'Or 2025 by mid-July 2024 and evaluated by a team of experts. In the end, 18 entries were nominated for the final round. From these, the jury, chaired by jury president Susanne Vincenz-Stauffacher, selected the winning projects in the four Watt d'Or categories. This year, the jury also awarded a special prize.<\/p>\n<h3><strong>Winner of the Watt d'Or 2025<\/strong><\/h3>\n<h3><strong>Energy technologies category<\/strong><\/h3>\n<p><strong>SeasON: Today's energy - tomorrow's warmth.<\/strong> A unique energy innovation has been in operation in Frauenfeld (TG) since fall 2024: the SeasON sorption storage heat pump, developed by Lucerne University of Applied Sciences and Arts HSLU and Matica AG from Kaltenbach (TG). SeasON's catchy claim \"today's energy - tomorrow's warmth\" describes what it is all about. Surplus renewable energy is stored in summer for the winter using a thermochemical process. Caustic soda is used for this purpose. In summer, this is concentrated with renewable electricity or heat by extracting water from it.<\/p>\n<p>Caustic soda and water can thus be stored at room temperature until winter without any losses. If the caustic solution is then diluted again by evaporating and absorbing water, heat is generated which the sorption storage heat pump can use to heat the building with almost no additional electrical energy. The first pilot plant in Frauenfeld shows how well this works. Two further, larger pilot plants in Switzerland and Germany will follow in the coming months.<\/p>\n<figure id=\"attachment_35089\" aria-describedby=\"caption-attachment-35089\" style=\"width: 680px\" class=\"wp-caption alignnone\"><img loading=\"lazy\" decoding=\"async\" class=\"wp-image-35089 size-full\" src=\"https:\/\/www.organisator.ch\/wp-content\/uploads\/2025\/01\/Watt-dOr_Bild2_ps.jpg\" alt=\"\" width=\"680\" height=\"429\" srcset=\"https:\/\/www.organisator.ch\/wp-content\/uploads\/2025\/01\/Watt-dOr_Bild2_ps.jpg 680w, https:\/\/www.organisator.ch\/wp-content\/uploads\/2025\/01\/Watt-dOr_Bild2_ps-18x12.jpg 18w, https:\/\/www.organisator.ch\/wp-content\/uploads\/2025\/01\/Watt-dOr_Bild2_ps-375x237.jpg 375w, https:\/\/www.organisator.ch\/wp-content\/uploads\/2025\/01\/Watt-dOr_Bild2_ps-555x350.jpg 555w\" sizes=\"auto, (max-width: 680px) 100vw, 680px\" \/><figcaption id=\"caption-attachment-35089\" class=\"wp-caption-text\">From left: Benjamin Fumey, lecturer at Lucerne University of Applied Sciences and Arts - Engineering &amp; Architecture HSLU and Marc L\u00fcthi, Managing Director of Matica AG. (Image: BFE2025)<\/figcaption><\/figure>\n<h3><strong>Renewable energies category<\/strong><\/h3>\n<p><strong>Agri-PV in Buchs:<\/strong> The sun brings a double harvest. Plants need sunlight to grow. And photovoltaic modules are needed to produce electricity. Thanks to the Agri photovoltaic system on the roofs of Lubera AG's new greenhouses in Buchs (SG), sunlight can be used for both purposes at the same time. The system, which was built by the municipal energy supply company Ewb, covers 10,700 square meters and generates around 750,000 kWh of solar power annually for the Ewb grid. The more than 6,600 photovoltaic modules with an installed capacity of 812 kWp were developed by the company Insolight from Renens (VD) and the B\u00fcnder company Reech from Landquart. They are optimally integrated into the roof and translucent, so that 20% of sunlight can be used for electricity production and 80% for the plants in the greenhouse. A double \"harvest\" is therefore guaranteed.<\/p>\n<h3><strong>Energy-efficient mobility category<\/strong><\/h3>\n<p><strong>Electropower tunnel: Charging infrastructure for sustainable transport logistics.<\/strong> \"We think in generations\". This is not just a slogan at Galliker Transport AG, but has been a recipe for success for over a hundred years. The family business, now in its third generation, knows that long-term visions and sustainable goals are needed so that the next generation can successfully carry on a strong brand. In its mission statement \"Green Logistics by Galliker\", the family is therefore committed to sustainable business practices and treating people, the environment and nature with respect.<\/p>\n<p>It has set itself the goal of becoming CO2-neutral by 2050. This vision is being consistently implemented. Around 10% of the vehicle fleet is already on the road with alternative drive systems. Now it is time to upgrade the charging infrastructure. This has been achieved with the innovative, underground electric power tunnel at the headquarters in Altishofen (LU). 28 electric trucks can charge there with up to 200 kW of power. Such tunnels are soon to be built at other Galliker locations. Galliker Transport AG realized this project together with Fent AG from Seon (AG), Thomas L\u00fcem Partner AG from Baar (ZG) and CKW AG from Lucerne.<\/p>\n<figure id=\"attachment_35090\" aria-describedby=\"caption-attachment-35090\" style=\"width: 680px\" class=\"wp-caption alignnone\"><img loading=\"lazy\" decoding=\"async\" class=\"wp-image-35090 size-full\" src=\"https:\/\/www.organisator.ch\/wp-content\/uploads\/2025\/01\/Watt-dOr_Bild3_ps.jpg\" alt=\"\" width=\"680\" height=\"380\" srcset=\"https:\/\/www.organisator.ch\/wp-content\/uploads\/2025\/01\/Watt-dOr_Bild3_ps.jpg 680w, https:\/\/www.organisator.ch\/wp-content\/uploads\/2025\/01\/Watt-dOr_Bild3_ps-18x10.jpg 18w, https:\/\/www.organisator.ch\/wp-content\/uploads\/2025\/01\/Watt-dOr_Bild3_ps-375x210.jpg 375w, https:\/\/www.organisator.ch\/wp-content\/uploads\/2025\/01\/Watt-dOr_Bild3_ps-626x350.jpg 626w\" sizes=\"auto, (max-width: 680px) 100vw, 680px\" \/><figcaption id=\"caption-attachment-35090\" class=\"wp-caption-text\">From left: Peter Galliker, CEO Galliker Transport AG, Thomas M\u00fcller, Head of Infrastructure Services Galliker Transport AG. (Image: SFOE2025)<\/figcaption><\/figure>\n<h3><strong>Category building and space<\/strong><\/h3>\n<p><strong>Nanocomposite: cleverly sharing heat with neighbors.<\/strong> Electricity from the PV system on the roof can now be shared with neighbors in a group for self-consumption. The same principle also makes sense for heating: many heating systems in residential buildings are oversized and are therefore not used to capacity. Sharing the heat from your own heating system with your neighbors saves on maintenance and heating costs. The energy company IWB (Industrielle Werke Basel) has demonstrated how well this works in a Basel district.<\/p>\n<p>Since autumn 2023, three terraced single-family homes have been connected with a geothermal probe heat pump and two gas heating systems to form a nano-network - a mini heat network. In the first winter, they were heated to over 90% with renewable heat from the heat pump and at 15% lower costs than before. The nano-network can be a solution for around 300,000 buildings in Switzerland that are adjacent to at least one other building and need a solution. Technically, the nanocomposite is easy to implement. The Basel idea therefore has the potential to gain a foothold throughout Switzerland.<\/p>\n<h3><strong>Special prize of the jury<\/strong><\/h3>\n<p><strong>Grid tariffs contribute to an efficient and secure electricity grid.<\/strong> In Switzerland, more and more electricity is being produced decentrally and fed into the electricity distribution grid, for example from photovoltaic systems on buildings. And there are more and more consumers drawing electricity from the distribution grid, such as electric vehicles and heat pumps. This is putting more and more strain on the distribution grid. To ensure that consumers continue to be supplied with electricity efficiently and reliably in the future and that the electricity generated can be transported away, it is not only necessary to expand the distribution grids, as dynamic grid tariffs can also make a significant contribution. Their potential can be tapped thanks to \"smart meters\", which are now widely available. The industry is actively addressing grid tariffs with various approaches. Four projects were awarded the Watt d'Or 2025 in the \"Special Jury Prize\" category: Genossenschaft Elektra, Jegenstorf (BE), Groupe E (FR), AEM (TI) and EKZ together with ETH Zurich (ZH).<\/p>\n<p><em>Source: <\/em><a href=\"https:\/\/www.admin.ch\/gov\/de\/start\/dokumentation\/medienmitteilungen.msg-id-103758.html#:~:text=Bundesamt%20f%C3%BCr%20Energie%20verleiht%20den%20Schweizer%20Energiepreis%20Watt%20d'Or%202025,-Bundesamt%20f%C3%BCr%20Energie&amp;text=Bern%2C%2009.01.2025%20%2D%20Heute,Schweizer%20Energiepreis%20Watt%20d'Or.\"><em>Federal Office of Energy<\/em><\/a><\/p>","protected":false},"excerpt":{"rendered":"<p>Innovative solutions for the future of energy: on Thursday evening, the Swiss Federal Office of Energy presented the Watt d'Or Swiss Energy Award for the 18th time at the Kursaal in Bern. The prestigious seal of quality recognizes pioneering projects that are intended to inspire business, politics and society.<\/p>","protected":false},"author":80,"featured_media":35128,"comment_status":"closed","ping_status":"closed","sticky":false,"template":"","format":"standard","meta":{"_acf_changed":false,"_yoast_wpseo_focuskw":"Watt d'Or","_yoast_wpseo_metadesc":"Innovative Energieprojekte pr\u00e4miert: Der Schweizer Energiepreis Watt d'Or 2025 ging an wegweisende Unternehmen und Hochschulen.","articlekey":"","footnotes":""},"categories":[580],"tags":[884,584,274,1787,424,2537],"class_list":["post-35087","post","type-post","status-publish","format-standard","has-post-thumbnail","hentry","category-sustainability","tag-bundesamt-fuer-energie","tag-energie","tag-innovation","tag-nachhaltigkeit","tag-schweiz","tag-watt-dor"],"acf":[],"yoast_head":"<!-- This site is optimized with the Yoast SEO plugin v27.4 - https:\/\/yoast.com\/product\/yoast-seo-wordpress\/ -->\n<title>Bundesamt f\u00fcr Energie verleiht den Schweizer Energiepreis Watt d&#039;Or 2025 - Organisator<\/title>\n<meta name=\"description\" content=\"Innovative Energieprojekte pr\u00e4miert: Der Schweizer Energiepreis Watt d&#039;Or 2025 ging an wegweisende Unternehmen und Hochschulen.\" \/>\n<meta name=\"robots\" content=\"index, follow, max-snippet:-1, max-image-preview:large, max-video-preview:-1\" \/>\n<link rel=\"canonical\" href=\"https:\/\/www.organisator.ch\/en\/sustainability\/2025-01-10\/bundesamt-fuer-energie-verleiht-den-schweizer-energiepreis-watt-dor-2025\/\" \/>\n<meta property=\"og:locale\" content=\"en_US\" \/>\n<meta property=\"og:type\" content=\"article\" \/>\n<meta property=\"og:title\" content=\"Bundesamt f\u00fcr Energie verleiht Schweizer Energiepreis Watt d&#039;Or 2025\" \/>\n<meta property=\"og:description\" content=\"Innovative Energieprojekte pr\u00e4miert: Der Schweizer Energiepreis Watt d&#039;Or 2025 ging an wegweisende Unternehmen und Hochschulen.\" \/>\n<meta property=\"og:url\" content=\"https:\/\/www.organisator.ch\/en\/sustainability\/2025-01-10\/bundesamt-fuer-energie-verleiht-den-schweizer-energiepreis-watt-dor-2025\/\" \/>\n<meta property=\"og:site_name\" content=\"Organisator\" \/>\n<meta property=\"article:publisher\" content=\"https:\/\/www.facebook.com\/OrganisatorFachmagazin\" \/>\n<meta property=\"article:published_time\" content=\"2025-01-10T06:12:30+00:00\" \/>\n<meta property=\"article:modified_time\" content=\"2025-02-21T07:25:55+00:00\" \/>\n<meta property=\"og:image\" content=\"https:\/\/www.organisator.ch\/wp-content\/uploads\/2025\/01\/Watt-dOr_Bild1_ps.jpg\" \/>\n\t<meta property=\"og:image:width\" content=\"680\" \/>\n\t<meta property=\"og:image:height\" content=\"454\" \/>\n\t<meta property=\"og:image:type\" content=\"image\/jpeg\" \/>\n<meta name=\"author\" content=\"Dzana Muminovic\" \/>\n<meta name=\"twitter:card\" content=\"summary_large_image\" \/>\n<meta name=\"twitter:title\" content=\"Bundesamt f\u00fcr Energie verleiht Schweizer Energiepreis Watt d&#039;Or 2025\" \/>\n<meta name=\"twitter:description\" content=\"Innovative #Energieprojekte pr\u00e4miert: Der #Schweizer #Energiepreis #Watt d&#039;Or 2025 ging an wegweisende #Unternehmen und #Hochschulen.\" \/>\n<meta name=\"twitter:image\" content=\"https:\/\/www.organisator.ch\/wp-content\/uploads\/2025\/01\/Watt-dOr_Bild1_ps.jpg\" \/>\n<script type=\"application\/ld+json\" class=\"yoast-schema-graph\">{\"@context\":\"https:\\\/\\\/schema.org\",\"@graph\":[{\"@type\":\"Article\",\"@id\":\"https:\\\/\\\/www.organisator.ch\\\/sustainability\\\/2025-01-10\\\/bundesamt-fuer-energie-verleiht-den-schweizer-energiepreis-watt-dor-2025\\\/#article\",\"isPartOf\":{\"@id\":\"https:\\\/\\\/www.organisator.ch\\\/sustainability\\\/2025-01-10\\\/bundesamt-fuer-energie-verleiht-den-schweizer-energiepreis-watt-dor-2025\\\/\"},\"author\":{\"name\":\"Dzana Muminovic\",\"@id\":\"https:\\\/\\\/www.organisator.ch\\\/#\\\/schema\\\/person\\\/afccda3a71c06d4be2ed9100dd163db7\"},\"headline\":\"Bundesamt f\u00fcr Energie verleiht den Schweizer Energiepreis Watt d&#8217;Or 2025\",\"datePublished\":\"2025-01-10T06:12:30+00:00\",\"dateModified\":\"2025-02-21T07:25:55+00:00\",\"mainEntityOfPage\":{\"@id\":\"https:\\\/\\\/www.organisator.ch\\\/sustainability\\\/2025-01-10\\\/bundesamt-fuer-energie-verleiht-den-schweizer-energiepreis-watt-dor-2025\\\/\"},\"wordCount\":1211,\"publisher\":{\"@id\":\"https:\\\/\\\/www.organisator.ch\\\/#organization\"},\"image\":{\"@id\":\"https:\\\/\\\/www.organisator.ch\\\/sustainability\\\/2025-01-10\\\/bundesamt-fuer-energie-verleiht-den-schweizer-energiepreis-watt-dor-2025\\\/#primaryimage\"},\"thumbnailUrl\":\"https:\\\/\\\/www.organisator.ch\\\/wp-content\\\/uploads\\\/2025\\\/01\\\/Watt-dOr_Bild1_ps.jpg\",\"keywords\":[\"Bundesamt f\u00fcr Energie\",\"ENERGIE\",\"Innovation\",\"Nachhaltigkeit\",\"Schweiz\",\"Watt d'Or\"],\"articleSection\":[\"SUSTAINABILITY\"],\"inLanguage\":\"en-US\"},{\"@type\":\"WebPage\",\"@id\":\"https:\\\/\\\/www.organisator.ch\\\/sustainability\\\/2025-01-10\\\/bundesamt-fuer-energie-verleiht-den-schweizer-energiepreis-watt-dor-2025\\\/\",\"url\":\"https:\\\/\\\/www.organisator.ch\\\/sustainability\\\/2025-01-10\\\/bundesamt-fuer-energie-verleiht-den-schweizer-energiepreis-watt-dor-2025\\\/\",\"name\":\"Bundesamt f\u00fcr Energie verleiht den Schweizer Energiepreis Watt d'Or 2025 - Organisator\",\"isPartOf\":{\"@id\":\"https:\\\/\\\/www.organisator.ch\\\/#website\"},\"primaryImageOfPage\":{\"@id\":\"https:\\\/\\\/www.organisator.ch\\\/sustainability\\\/2025-01-10\\\/bundesamt-fuer-energie-verleiht-den-schweizer-energiepreis-watt-dor-2025\\\/#primaryimage\"},\"image\":{\"@id\":\"https:\\\/\\\/www.organisator.ch\\\/sustainability\\\/2025-01-10\\\/bundesamt-fuer-energie-verleiht-den-schweizer-energiepreis-watt-dor-2025\\\/#primaryimage\"},\"thumbnailUrl\":\"https:\\\/\\\/www.organisator.ch\\\/wp-content\\\/uploads\\\/2025\\\/01\\\/Watt-dOr_Bild1_ps.jpg\",\"datePublished\":\"2025-01-10T06:12:30+00:00\",\"dateModified\":\"2025-02-21T07:25:55+00:00\",\"description\":\"Innovative Energieprojekte pr\u00e4miert: Der Schweizer Energiepreis Watt d'Or 2025 ging an wegweisende Unternehmen und Hochschulen.\",\"breadcrumb\":{\"@id\":\"https:\\\/\\\/www.organisator.ch\\\/sustainability\\\/2025-01-10\\\/bundesamt-fuer-energie-verleiht-den-schweizer-energiepreis-watt-dor-2025\\\/#breadcrumb\"},\"inLanguage\":\"en-US\",\"potentialAction\":[{\"@type\":\"ReadAction\",\"target\":[\"https:\\\/\\\/www.organisator.ch\\\/sustainability\\\/2025-01-10\\\/bundesamt-fuer-energie-verleiht-den-schweizer-energiepreis-watt-dor-2025\\\/\"]}]},{\"@type\":\"ImageObject\",\"inLanguage\":\"en-US\",\"@id\":\"https:\\\/\\\/www.organisator.ch\\\/sustainability\\\/2025-01-10\\\/bundesamt-fuer-energie-verleiht-den-schweizer-energiepreis-watt-dor-2025\\\/#primaryimage\",\"url\":\"https:\\\/\\\/www.organisator.ch\\\/wp-content\\\/uploads\\\/2025\\\/01\\\/Watt-dOr_Bild1_ps.jpg\",\"contentUrl\":\"https:\\\/\\\/www.organisator.ch\\\/wp-content\\\/uploads\\\/2025\\\/01\\\/Watt-dOr_Bild1_ps.jpg\",\"width\":680,\"height\":454,\"caption\":\"Der Schweizer Energiepreis Watt d'Or 2025 ging an wegweisende Unternehmen und Hochschulen. (Bild: BFE2025)\"},{\"@type\":\"BreadcrumbList\",\"@id\":\"https:\\\/\\\/www.organisator.ch\\\/sustainability\\\/2025-01-10\\\/bundesamt-fuer-energie-verleiht-den-schweizer-energiepreis-watt-dor-2025\\\/#breadcrumb\",\"itemListElement\":[{\"@type\":\"ListItem\",\"position\":1,\"name\":\"Home\",\"item\":\"https:\\\/\\\/www.organisator.ch\\\/\"},{\"@type\":\"ListItem\",\"position\":2,\"name\":\"Bundesamt f\u00fcr Energie verleiht den Schweizer Energiepreis Watt d&#8217;Or 2025\"}]},{\"@type\":\"WebSite\",\"@id\":\"https:\\\/\\\/www.organisator.ch\\\/#website\",\"url\":\"https:\\\/\\\/www.organisator.ch\\\/\",\"name\":\"Organisator\",\"description\":\"Kompetent. Praxisnah. Der ORGANISATOR bereitet in 10 Ausgaben pro Jahr die wesentlichen Themen f\u00fcr F\u00fchrungskr\u00e4fte von KMU auf.\",\"publisher\":{\"@id\":\"https:\\\/\\\/www.organisator.ch\\\/#organization\"},\"potentialAction\":[{\"@type\":\"SearchAction\",\"target\":{\"@type\":\"EntryPoint\",\"urlTemplate\":\"https:\\\/\\\/www.organisator.ch\\\/?s={search_term_string}\"},\"query-input\":{\"@type\":\"PropertyValueSpecification\",\"valueRequired\":true,\"valueName\":\"search_term_string\"}}],\"inLanguage\":\"en-US\"},{\"@type\":\"Organization\",\"@id\":\"https:\\\/\\\/www.organisator.ch\\\/#organization\",\"name\":\"Organisator\",\"url\":\"https:\\\/\\\/www.organisator.ch\\\/\",\"logo\":{\"@type\":\"ImageObject\",\"inLanguage\":\"en-US\",\"@id\":\"https:\\\/\\\/www.organisator.ch\\\/#\\\/schema\\\/logo\\\/image\\\/\",\"url\":\"https:\\\/\\\/www.organisator.ch\\\/wp-content\\\/uploads\\\/2022\\\/01\\\/Logo_Organisator_Website.png\",\"contentUrl\":\"https:\\\/\\\/www.organisator.ch\\\/wp-content\\\/uploads\\\/2022\\\/01\\\/Logo_Organisator_Website.png\",\"width\":800,\"height\":77,\"caption\":\"Organisator\"},\"image\":{\"@id\":\"https:\\\/\\\/www.organisator.ch\\\/#\\\/schema\\\/logo\\\/image\\\/\"},\"sameAs\":[\"https:\\\/\\\/www.facebook.com\\\/OrganisatorFachmagazin\",\"https:\\\/\\\/www.linkedin.com\\\/showcase\\\/organisator-das-magazin-fr-kmu\",\"https:\\\/\\\/www.xing.com\\\/news\\\/pages\\\/organisator-ch-695\",\"https:\\\/\\\/www.youtube.com\\\/channel\\\/UCGP2Sq0iWaZwT3BdIAQFYpw\"]},{\"@type\":\"Person\",\"@id\":\"https:\\\/\\\/www.organisator.ch\\\/#\\\/schema\\\/person\\\/afccda3a71c06d4be2ed9100dd163db7\",\"name\":\"Dzana Muminovic\",\"image\":{\"@type\":\"ImageObject\",\"inLanguage\":\"en-US\",\"@id\":\"https:\\\/\\\/secure.gravatar.com\\\/avatar\\\/909c5c71aff4b38e88686f2ab2f1ba152571f394f41ed8bae431ea56ced93050?s=96&d=mm&r=g\",\"url\":\"https:\\\/\\\/secure.gravatar.com\\\/avatar\\\/909c5c71aff4b38e88686f2ab2f1ba152571f394f41ed8bae431ea56ced93050?s=96&d=mm&r=g\",\"contentUrl\":\"https:\\\/\\\/secure.gravatar.com\\\/avatar\\\/909c5c71aff4b38e88686f2ab2f1ba152571f394f41ed8bae431ea56ced93050?s=96&d=mm&r=g\",\"caption\":\"Dzana Muminovic\"},\"url\":\"https:\\\/\\\/www.organisator.ch\\\/en\\\/author\\\/dzana-muminovic\\\/\"}]}<\/script>\n<!-- \/ Yoast SEO plugin. -->","yoast_head_json":{"title":"Swiss Federal Office of Energy awards the Watt d'Or 2025 Swiss Energy Prize - Organizer","description":"Innovative energy projects honored: The Swiss Energy Award Watt d'Or 2025 went to pioneering companies and universities.","robots":{"index":"index","follow":"follow","max-snippet":"max-snippet:-1","max-image-preview":"max-image-preview:large","max-video-preview":"max-video-preview:-1"},"canonical":"https:\/\/www.organisator.ch\/en\/sustainability\/2025-01-10\/bundesamt-fuer-energie-verleiht-den-schweizer-energiepreis-watt-dor-2025\/","og_locale":"en_US","og_type":"article","og_title":"Bundesamt f\u00fcr Energie verleiht Schweizer Energiepreis Watt d'Or 2025","og_description":"Innovative Energieprojekte pr\u00e4miert: Der Schweizer Energiepreis Watt d'Or 2025 ging an wegweisende Unternehmen und Hochschulen.","og_url":"https:\/\/www.organisator.ch\/en\/sustainability\/2025-01-10\/bundesamt-fuer-energie-verleiht-den-schweizer-energiepreis-watt-dor-2025\/","og_site_name":"Organisator","article_publisher":"https:\/\/www.facebook.com\/OrganisatorFachmagazin","article_published_time":"2025-01-10T06:12:30+00:00","article_modified_time":"2025-02-21T07:25:55+00:00","og_image":[{"width":680,"height":454,"url":"https:\/\/www.organisator.ch\/wp-content\/uploads\/2025\/01\/Watt-dOr_Bild1_ps.jpg","type":"image\/jpeg"}],"author":"Dzana Muminovic","twitter_card":"summary_large_image","twitter_title":"Bundesamt f\u00fcr Energie verleiht Schweizer Energiepreis Watt d'Or 2025","twitter_description":"Innovative #Energieprojekte pr\u00e4miert: Der #Schweizer #Energiepreis #Watt d'Or 2025 ging an wegweisende #Unternehmen und #Hochschulen.","twitter_image":"https:\/\/www.organisator.ch\/wp-content\/uploads\/2025\/01\/Watt-dOr_Bild1_ps.jpg","schema":{"@context":"https:\/\/schema.org","@graph":[{"@type":"Article","@id":"https:\/\/www.organisator.ch\/sustainability\/2025-01-10\/bundesamt-fuer-energie-verleiht-den-schweizer-energiepreis-watt-dor-2025\/#article","isPartOf":{"@id":"https:\/\/www.organisator.ch\/sustainability\/2025-01-10\/bundesamt-fuer-energie-verleiht-den-schweizer-energiepreis-watt-dor-2025\/"},"author":{"name":"Dzana Muminovic","@id":"https:\/\/www.organisator.ch\/#\/schema\/person\/afccda3a71c06d4be2ed9100dd163db7"},"headline":"Bundesamt f\u00fcr Energie verleiht den Schweizer Energiepreis Watt d&#8217;Or 2025","datePublished":"2025-01-10T06:12:30+00:00","dateModified":"2025-02-21T07:25:55+00:00","mainEntityOfPage":{"@id":"https:\/\/www.organisator.ch\/sustainability\/2025-01-10\/bundesamt-fuer-energie-verleiht-den-schweizer-energiepreis-watt-dor-2025\/"},"wordCount":1211,"publisher":{"@id":"https:\/\/www.organisator.ch\/#organization"},"image":{"@id":"https:\/\/www.organisator.ch\/sustainability\/2025-01-10\/bundesamt-fuer-energie-verleiht-den-schweizer-energiepreis-watt-dor-2025\/#primaryimage"},"thumbnailUrl":"https:\/\/www.organisator.ch\/wp-content\/uploads\/2025\/01\/Watt-dOr_Bild1_ps.jpg","keywords":["Bundesamt f\u00fcr Energie","ENERGIE","Innovation","Nachhaltigkeit","Schweiz","Watt d'Or"],"articleSection":["SUSTAINABILITY"],"inLanguage":"en-US"},{"@type":"WebPage","@id":"https:\/\/www.organisator.ch\/sustainability\/2025-01-10\/bundesamt-fuer-energie-verleiht-den-schweizer-energiepreis-watt-dor-2025\/","url":"https:\/\/www.organisator.ch\/sustainability\/2025-01-10\/bundesamt-fuer-energie-verleiht-den-schweizer-energiepreis-watt-dor-2025\/","name":"Swiss Federal Office of Energy awards the Watt d'Or 2025 Swiss Energy Prize - Organizer","isPartOf":{"@id":"https:\/\/www.organisator.ch\/#website"},"primaryImageOfPage":{"@id":"https:\/\/www.organisator.ch\/sustainability\/2025-01-10\/bundesamt-fuer-energie-verleiht-den-schweizer-energiepreis-watt-dor-2025\/#primaryimage"},"image":{"@id":"https:\/\/www.organisator.ch\/sustainability\/2025-01-10\/bundesamt-fuer-energie-verleiht-den-schweizer-energiepreis-watt-dor-2025\/#primaryimage"},"thumbnailUrl":"https:\/\/www.organisator.ch\/wp-content\/uploads\/2025\/01\/Watt-dOr_Bild1_ps.jpg","datePublished":"2025-01-10T06:12:30+00:00","dateModified":"2025-02-21T07:25:55+00:00","description":"Innovative energy projects honored: The Swiss Energy Award Watt d'Or 2025 went to pioneering companies and universities.","breadcrumb":{"@id":"https:\/\/www.organisator.ch\/sustainability\/2025-01-10\/bundesamt-fuer-energie-verleiht-den-schweizer-energiepreis-watt-dor-2025\/#breadcrumb"},"inLanguage":"en-US","potentialAction":[{"@type":"ReadAction","target":["https:\/\/www.organisator.ch\/sustainability\/2025-01-10\/bundesamt-fuer-energie-verleiht-den-schweizer-energiepreis-watt-dor-2025\/"]}]},{"@type":"ImageObject","inLanguage":"en-US","@id":"https:\/\/www.organisator.ch\/sustainability\/2025-01-10\/bundesamt-fuer-energie-verleiht-den-schweizer-energiepreis-watt-dor-2025\/#primaryimage","url":"https:\/\/www.organisator.ch\/wp-content\/uploads\/2025\/01\/Watt-dOr_Bild1_ps.jpg","contentUrl":"https:\/\/www.organisator.ch\/wp-content\/uploads\/2025\/01\/Watt-dOr_Bild1_ps.jpg","width":680,"height":454,"caption":"Der Schweizer Energiepreis Watt d'Or 2025 ging an wegweisende Unternehmen und Hochschulen. (Bild: BFE2025)"},{"@type":"BreadcrumbList","@id":"https:\/\/www.organisator.ch\/sustainability\/2025-01-10\/bundesamt-fuer-energie-verleiht-den-schweizer-energiepreis-watt-dor-2025\/#breadcrumb","itemListElement":[{"@type":"ListItem","position":1,"name":"Home","item":"https:\/\/www.organisator.ch\/"},{"@type":"ListItem","position":2,"name":"Bundesamt f\u00fcr Energie verleiht den Schweizer Energiepreis Watt d&#8217;Or 2025"}]},{"@type":"WebSite","@id":"https:\/\/www.organisator.ch\/#website","url":"https:\/\/www.organisator.ch\/","name":"Organizer","description":"Competent. Practical. In 10 issues per year, ORGANISATOR presents the essential topics for managers of SMEs.","publisher":{"@id":"https:\/\/www.organisator.ch\/#organization"},"potentialAction":[{"@type":"SearchAction","target":{"@type":"EntryPoint","urlTemplate":"https:\/\/www.organisator.ch\/?s={search_term_string}"},"query-input":{"@type":"PropertyValueSpecification","valueRequired":true,"valueName":"search_term_string"}}],"inLanguage":"en-US"},{"@type":"Organization","@id":"https:\/\/www.organisator.ch\/#organization","name":"Organizer","url":"https:\/\/www.organisator.ch\/","logo":{"@type":"ImageObject","inLanguage":"en-US","@id":"https:\/\/www.organisator.ch\/#\/schema\/logo\/image\/","url":"https:\/\/www.organisator.ch\/wp-content\/uploads\/2022\/01\/Logo_Organisator_Website.png","contentUrl":"https:\/\/www.organisator.ch\/wp-content\/uploads\/2022\/01\/Logo_Organisator_Website.png","width":800,"height":77,"caption":"Organisator"},"image":{"@id":"https:\/\/www.organisator.ch\/#\/schema\/logo\/image\/"},"sameAs":["https:\/\/www.facebook.com\/OrganisatorFachmagazin","https:\/\/www.linkedin.com\/showcase\/organisator-das-magazin-fr-kmu","https:\/\/www.xing.com\/news\/pages\/organisator-ch-695","https:\/\/www.youtube.com\/channel\/UCGP2Sq0iWaZwT3BdIAQFYpw"]},{"@type":"Person","@id":"https:\/\/www.organisator.ch\/#\/schema\/person\/afccda3a71c06d4be2ed9100dd163db7","name":"Dzana Muminovic","image":{"@type":"ImageObject","inLanguage":"en-US","@id":"https:\/\/secure.gravatar.com\/avatar\/909c5c71aff4b38e88686f2ab2f1ba152571f394f41ed8bae431ea56ced93050?s=96&d=mm&r=g","url":"https:\/\/secure.gravatar.com\/avatar\/909c5c71aff4b38e88686f2ab2f1ba152571f394f41ed8bae431ea56ced93050?s=96&d=mm&r=g","contentUrl":"https:\/\/secure.gravatar.com\/avatar\/909c5c71aff4b38e88686f2ab2f1ba152571f394f41ed8bae431ea56ced93050?s=96&d=mm&r=g","caption":"Dzana Muminovic"},"url":"https:\/\/www.organisator.ch\/en\/author\/dzana-muminovic\/"}]}},"_links":{"self":[{"href":"https:\/\/www.organisator.ch\/en\/wp-json\/wp\/v2\/posts\/35087","targetHints":{"allow":["GET"]}}],"collection":[{"href":"https:\/\/www.organisator.ch\/en\/wp-json\/wp\/v2\/posts"}],"about":[{"href":"https:\/\/www.organisator.ch\/en\/wp-json\/wp\/v2\/types\/post"}],"author":[{"embeddable":true,"href":"https:\/\/www.organisator.ch\/en\/wp-json\/wp\/v2\/users\/80"}],"replies":[{"embeddable":true,"href":"https:\/\/www.organisator.ch\/en\/wp-json\/wp\/v2\/comments?post=35087"}],"version-history":[{"count":7,"href":"https:\/\/www.organisator.ch\/en\/wp-json\/wp\/v2\/posts\/35087\/revisions"}],"predecessor-version":[{"id":36242,"href":"https:\/\/www.organisator.ch\/en\/wp-json\/wp\/v2\/posts\/35087\/revisions\/36242"}],"wp:featuredmedia":[{"embeddable":true,"href":"https:\/\/www.organisator.ch\/en\/wp-json\/wp\/v2\/media\/35128"}],"wp:attachment":[{"href":"https:\/\/www.organisator.ch\/en\/wp-json\/wp\/v2\/media?parent=35087"}],"wp:term":[{"taxonomy":"category","embeddable":true,"href":"https:\/\/www.organisator.ch\/en\/wp-json\/wp\/v2\/categories?post=35087"},{"taxonomy":"post_tag","embeddable":true,"href":"https:\/\/www.organisator.ch\/en\/wp-json\/wp\/v2\/tags?post=35087"}],"curies":[{"name":"wp","href":"https:\/\/api.w.org\/{rel}","templated":true}]}}