{"id":35107,"date":"2025-01-09T14:44:25","date_gmt":"2025-01-09T13:44:25","guid":{"rendered":"https:\/\/www.markt-kom.com\/?p=228725"},"modified":"2025-01-09T14:57:00","modified_gmt":"2025-01-09T13:57:00","slug":"yougov-ernennt-matthias-gross-zum-dach-ceo","status":"publish","type":"post","link":"https:\/\/www.organisator.ch\/en\/marketing\/2025-01-09\/yougov-ernennt-matthias-gross-zum-dach-ceo\/","title":{"rendered":"YouGov appoints Matthias Gross as DACH CEO"},"content":{"rendered":"<p><img class=\"aligncenter size-full wp-image-228726\" src=\"https:\/\/www.markt-kom.com\/wp-content\/uploads\/2025\/01\/matthias-gross-dach-ceo-yougpv.jpg\" sizes=\"(max-width: 654px) 100vw, 654px\" srcset=\"https:\/\/www.markt-kom.com\/wp-content\/uploads\/2025\/01\/matthias-gross-dach-ceo-yougpv.jpg 654w, https:\/\/www.markt-kom.com\/wp-content\/uploads\/2025\/01\/matthias-gross-dach-ceo-yougpv-600x450.jpg 600w, https:\/\/www.markt-kom.com\/wp-content\/uploads\/2025\/01\/matthias-gross-dach-ceo-yougpv-16x12.jpg 16w, https:\/\/www.markt-kom.com\/wp-content\/uploads\/2025\/01\/matthias-gross-dach-ceo-yougpv-234x175.jpg 234w, https:\/\/www.markt-kom.com\/wp-content\/uploads\/2025\/01\/matthias-gross-dach-ceo-yougpv-467x350.jpg 467w\" alt=\"\" width=\"654\" height=\"490\" \/><\/p>\r\n<p>Matthias Gross has gained extensive experience in the research industry over the course of his 30-year career. He joined YouGov in January 2024 as part of the acquisition of Consumer Panel Services GfK (CPS GfK) in the role of Executive Vice President of Sales. In his ten years at CPS GfK, Gross identified entrepreneurial opportunities, leveraged partnerships and led high performing and sales teams with continued success.<br \/>\r\nA proven leader in the insights industry, Matthias Gross worked at Nielsen, Tchibo and Melitta before joining CPS GfK in 2014.<\/p>\r\n<p>His appointment follows an extensive search that included both internal and external candidates in Germany and Switzerland. Matthias Gross joins Will Ullstein (UK CEO) and Julien Chevignon (Europe CEO) to complete the Senior Commercial Leadership team in Europe, reporting to YouGov CCO Tom Fisher.<\/p>\r\n<p>In November 2024, ten months after the takeover, CPS GfK was renamed worldwide and now operates under the name YouGov in line with the parent company. According to YouGov, the acquisition of the Consumer Panel Services business has significantly expanded its presence in the DACH region. Almost 70 percent of the Group's current sales in the region come from the former CPS GfK. The majority of employees in the region are based in Germany.<\/p>","protected":false},"excerpt":{"rendered":"<p>The international YouGov Group has appointed Matthias Gross as Chief Executive Officer for the DACH region. He will coordinate and drive forward YouGov's business strategy and lead the company's business and research teams in the DACH region.<\/p>","protected":false},"author":8,"featured_media":0,"comment_status":"closed","ping_status":"closed","sticky":false,"template":"","format":"standard","meta":{"_acf_changed":false,"_yoast_wpseo_focuskw":"Matthias Gross","_yoast_wpseo_metadesc":"Matthias Gross wurde zum neuen CEO von YouGov f\u00fcr die DACH-Region ernannt. Er \u00fcbernimmt die Leitung der Gesch\u00e4fts- und Forschungsteams.","articlekey":"","footnotes":""},"categories":[29],"tags":[4345,2853,3319],"class_list":["post-35107","post","type-post","status-publish","format-standard","hentry","category-marketing","tag-business","tag-jobchange","tag-yougov"],"acf":[],"yoast_head":"<!-- This site is optimized with the Yoast SEO plugin v27.5 - https:\/\/yoast.com\/product\/yoast-seo-wordpress\/ -->\n<title>YouGov ernennt Matthias Gross zum DACH-CEO - Organisator<\/title>\n<meta name=\"description\" content=\"Matthias Gross wurde zum neuen CEO von YouGov f\u00fcr die DACH-Region ernannt. Er \u00fcbernimmt die Leitung der Gesch\u00e4fts- und Forschungsteams.\" \/>\n<meta name=\"robots\" content=\"index, follow, max-snippet:-1, max-image-preview:large, max-video-preview:-1\" \/>\n<link rel=\"canonical\" href=\"https:\/\/www.organisator.ch\/en\/marketing\/2025-01-09\/yougov-ernennt-matthias-gross-zum-dach-ceo\/\" \/>\n<meta property=\"og:locale\" content=\"en_US\" \/>\n<meta property=\"og:type\" content=\"article\" \/>\n<meta property=\"og:title\" content=\"YouGov ernennt Matthias Gross zum DACH-CEO - Organisator\" \/>\n<meta property=\"og:description\" content=\"Matthias Gross wurde zum neuen CEO von YouGov f\u00fcr die DACH-Region ernannt. Er \u00fcbernimmt die Leitung der Gesch\u00e4fts- und Forschungsteams.\" \/>\n<meta property=\"og:url\" content=\"https:\/\/www.organisator.ch\/en\/marketing\/2025-01-09\/yougov-ernennt-matthias-gross-zum-dach-ceo\/\" \/>\n<meta property=\"og:site_name\" content=\"Organisator\" \/>\n<meta property=\"article:publisher\" content=\"https:\/\/www.facebook.com\/OrganisatorFachmagazin\" \/>\n<meta property=\"article:published_time\" content=\"2025-01-09T13:44:25+00:00\" \/>\n<meta property=\"article:modified_time\" content=\"2025-01-09T13:57:00+00:00\" \/>\n<meta name=\"author\" content=\"galledia\" \/>\n<meta name=\"twitter:card\" content=\"summary_large_image\" \/>\n<meta name=\"twitter:creator\" content=\"@admin\" \/>\n<script type=\"application\/ld+json\" class=\"yoast-schema-graph\">{\"@context\":\"https:\\\/\\\/schema.org\",\"@graph\":[{\"@type\":\"Article\",\"@id\":\"https:\\\/\\\/www.organisator.ch\\\/marketing\\\/2025-01-09\\\/yougov-ernennt-matthias-gross-zum-dach-ceo\\\/#article\",\"isPartOf\":{\"@id\":\"https:\\\/\\\/www.organisator.ch\\\/marketing\\\/2025-01-09\\\/yougov-ernennt-matthias-gross-zum-dach-ceo\\\/\"},\"author\":{\"name\":\"galledia\",\"@id\":\"https:\\\/\\\/www.organisator.ch\\\/#\\\/schema\\\/person\\\/4e51799071cd2dd1232ac003643ef5f0\"},\"headline\":\"YouGov ernennt Matthias Gross zum DACH-CEO\",\"datePublished\":\"2025-01-09T13:44:25+00:00\",\"dateModified\":\"2025-01-09T13:57:00+00:00\",\"mainEntityOfPage\":{\"@id\":\"https:\\\/\\\/www.organisator.ch\\\/marketing\\\/2025-01-09\\\/yougov-ernennt-matthias-gross-zum-dach-ceo\\\/\"},\"wordCount\":216,\"publisher\":{\"@id\":\"https:\\\/\\\/www.organisator.ch\\\/#organization\"},\"image\":{\"@id\":\"https:\\\/\\\/www.organisator.ch\\\/marketing\\\/2025-01-09\\\/yougov-ernennt-matthias-gross-zum-dach-ceo\\\/#primaryimage\"},\"thumbnailUrl\":\"https:\\\/\\\/www.markt-kom.com\\\/wp-content\\\/uploads\\\/2025\\\/01\\\/matthias-gross-dach-ceo-yougpv.jpg\",\"keywords\":[\"Business\",\"Jobchange\",\"Yougov\"],\"articleSection\":[\"MARKETING\"],\"inLanguage\":\"en-US\"},{\"@type\":\"WebPage\",\"@id\":\"https:\\\/\\\/www.organisator.ch\\\/marketing\\\/2025-01-09\\\/yougov-ernennt-matthias-gross-zum-dach-ceo\\\/\",\"url\":\"https:\\\/\\\/www.organisator.ch\\\/marketing\\\/2025-01-09\\\/yougov-ernennt-matthias-gross-zum-dach-ceo\\\/\",\"name\":\"YouGov ernennt Matthias Gross zum DACH-CEO - Organisator\",\"isPartOf\":{\"@id\":\"https:\\\/\\\/www.organisator.ch\\\/#website\"},\"primaryImageOfPage\":{\"@id\":\"https:\\\/\\\/www.organisator.ch\\\/marketing\\\/2025-01-09\\\/yougov-ernennt-matthias-gross-zum-dach-ceo\\\/#primaryimage\"},\"image\":{\"@id\":\"https:\\\/\\\/www.organisator.ch\\\/marketing\\\/2025-01-09\\\/yougov-ernennt-matthias-gross-zum-dach-ceo\\\/#primaryimage\"},\"thumbnailUrl\":\"https:\\\/\\\/www.markt-kom.com\\\/wp-content\\\/uploads\\\/2025\\\/01\\\/matthias-gross-dach-ceo-yougpv.jpg\",\"datePublished\":\"2025-01-09T13:44:25+00:00\",\"dateModified\":\"2025-01-09T13:57:00+00:00\",\"description\":\"Matthias Gross wurde zum neuen CEO von YouGov f\u00fcr die DACH-Region ernannt. Er \u00fcbernimmt die Leitung der Gesch\u00e4fts- und Forschungsteams.\",\"breadcrumb\":{\"@id\":\"https:\\\/\\\/www.organisator.ch\\\/marketing\\\/2025-01-09\\\/yougov-ernennt-matthias-gross-zum-dach-ceo\\\/#breadcrumb\"},\"inLanguage\":\"en-US\",\"potentialAction\":[{\"@type\":\"ReadAction\",\"target\":[\"https:\\\/\\\/www.organisator.ch\\\/marketing\\\/2025-01-09\\\/yougov-ernennt-matthias-gross-zum-dach-ceo\\\/\"]}]},{\"@type\":\"ImageObject\",\"inLanguage\":\"en-US\",\"@id\":\"https:\\\/\\\/www.organisator.ch\\\/marketing\\\/2025-01-09\\\/yougov-ernennt-matthias-gross-zum-dach-ceo\\\/#primaryimage\",\"url\":\"https:\\\/\\\/www.markt-kom.com\\\/wp-content\\\/uploads\\\/2025\\\/01\\\/matthias-gross-dach-ceo-yougpv.jpg\",\"contentUrl\":\"https:\\\/\\\/www.markt-kom.com\\\/wp-content\\\/uploads\\\/2025\\\/01\\\/matthias-gross-dach-ceo-yougpv.jpg\"},{\"@type\":\"BreadcrumbList\",\"@id\":\"https:\\\/\\\/www.organisator.ch\\\/marketing\\\/2025-01-09\\\/yougov-ernennt-matthias-gross-zum-dach-ceo\\\/#breadcrumb\",\"itemListElement\":[{\"@type\":\"ListItem\",\"position\":1,\"name\":\"Home\",\"item\":\"https:\\\/\\\/www.organisator.ch\\\/\"},{\"@type\":\"ListItem\",\"position\":2,\"name\":\"YouGov ernennt Matthias Gross zum DACH-CEO\"}]},{\"@type\":\"WebSite\",\"@id\":\"https:\\\/\\\/www.organisator.ch\\\/#website\",\"url\":\"https:\\\/\\\/www.organisator.ch\\\/\",\"name\":\"Organisator\",\"description\":\"Kompetent. Praxisnah. Der ORGANISATOR bereitet in 10 Ausgaben pro Jahr die wesentlichen Themen f\u00fcr F\u00fchrungskr\u00e4fte von KMU auf.\",\"publisher\":{\"@id\":\"https:\\\/\\\/www.organisator.ch\\\/#organization\"},\"potentialAction\":[{\"@type\":\"SearchAction\",\"target\":{\"@type\":\"EntryPoint\",\"urlTemplate\":\"https:\\\/\\\/www.organisator.ch\\\/?s={search_term_string}\"},\"query-input\":{\"@type\":\"PropertyValueSpecification\",\"valueRequired\":true,\"valueName\":\"search_term_string\"}}],\"inLanguage\":\"en-US\"},{\"@type\":\"Organization\",\"@id\":\"https:\\\/\\\/www.organisator.ch\\\/#organization\",\"name\":\"Organisator\",\"url\":\"https:\\\/\\\/www.organisator.ch\\\/\",\"logo\":{\"@type\":\"ImageObject\",\"inLanguage\":\"en-US\",\"@id\":\"https:\\\/\\\/www.organisator.ch\\\/#\\\/schema\\\/logo\\\/image\\\/\",\"url\":\"https:\\\/\\\/www.organisator.ch\\\/wp-content\\\/uploads\\\/2022\\\/01\\\/Logo_Organisator_Website.png\",\"contentUrl\":\"https:\\\/\\\/www.organisator.ch\\\/wp-content\\\/uploads\\\/2022\\\/01\\\/Logo_Organisator_Website.png\",\"width\":800,\"height\":77,\"caption\":\"Organisator\"},\"image\":{\"@id\":\"https:\\\/\\\/www.organisator.ch\\\/#\\\/schema\\\/logo\\\/image\\\/\"},\"sameAs\":[\"https:\\\/\\\/www.facebook.com\\\/OrganisatorFachmagazin\",\"https:\\\/\\\/www.linkedin.com\\\/showcase\\\/organisator-das-magazin-fr-kmu\",\"https:\\\/\\\/www.xing.com\\\/news\\\/pages\\\/organisator-ch-695\",\"https:\\\/\\\/www.youtube.com\\\/channel\\\/UCGP2Sq0iWaZwT3BdIAQFYpw\"]},{\"@type\":\"Person\",\"@id\":\"https:\\\/\\\/www.organisator.ch\\\/#\\\/schema\\\/person\\\/4e51799071cd2dd1232ac003643ef5f0\",\"name\":\"galledia\",\"image\":{\"@type\":\"ImageObject\",\"inLanguage\":\"en-US\",\"@id\":\"https:\\\/\\\/secure.gravatar.com\\\/avatar\\\/78a7f90c01fc2bfc875782a0d4922b37cde2cf184ce347b91316d23cd7f69a36?s=96&d=mm&r=g\",\"url\":\"https:\\\/\\\/secure.gravatar.com\\\/avatar\\\/78a7f90c01fc2bfc875782a0d4922b37cde2cf184ce347b91316d23cd7f69a36?s=96&d=mm&r=g\",\"contentUrl\":\"https:\\\/\\\/secure.gravatar.com\\\/avatar\\\/78a7f90c01fc2bfc875782a0d4922b37cde2cf184ce347b91316d23cd7f69a36?s=96&d=mm&r=g\",\"caption\":\"galledia\"},\"sameAs\":[\"https:\\\/\\\/x.com\\\/admin\"],\"url\":\"https:\\\/\\\/www.organisator.ch\\\/en\\\/author\\\/galledia\\\/\"}]}<\/script>\n<!-- \/ Yoast SEO plugin. -->","yoast_head_json":{"title":"YouGov appoints Matthias Gross as DACH CEO - Organizer","description":"Matthias Gross has been appointed as the new CEO of YouGov for the DACH region. He will take over the management of the business and research teams.","robots":{"index":"index","follow":"follow","max-snippet":"max-snippet:-1","max-image-preview":"max-image-preview:large","max-video-preview":"max-video-preview:-1"},"canonical":"https:\/\/www.organisator.ch\/en\/marketing\/2025-01-09\/yougov-ernennt-matthias-gross-zum-dach-ceo\/","og_locale":"en_US","og_type":"article","og_title":"YouGov ernennt Matthias Gross zum DACH-CEO - Organisator","og_description":"Matthias Gross wurde zum neuen CEO von YouGov f\u00fcr die DACH-Region ernannt. Er \u00fcbernimmt die Leitung der Gesch\u00e4fts- und Forschungsteams.","og_url":"https:\/\/www.organisator.ch\/en\/marketing\/2025-01-09\/yougov-ernennt-matthias-gross-zum-dach-ceo\/","og_site_name":"Organisator","article_publisher":"https:\/\/www.facebook.com\/OrganisatorFachmagazin","article_published_time":"2025-01-09T13:44:25+00:00","article_modified_time":"2025-01-09T13:57:00+00:00","author":"galledia","twitter_card":"summary_large_image","twitter_creator":"@admin","schema":{"@context":"https:\/\/schema.org","@graph":[{"@type":"Article","@id":"https:\/\/www.organisator.ch\/marketing\/2025-01-09\/yougov-ernennt-matthias-gross-zum-dach-ceo\/#article","isPartOf":{"@id":"https:\/\/www.organisator.ch\/marketing\/2025-01-09\/yougov-ernennt-matthias-gross-zum-dach-ceo\/"},"author":{"name":"galledia","@id":"https:\/\/www.organisator.ch\/#\/schema\/person\/4e51799071cd2dd1232ac003643ef5f0"},"headline":"YouGov ernennt Matthias Gross zum DACH-CEO","datePublished":"2025-01-09T13:44:25+00:00","dateModified":"2025-01-09T13:57:00+00:00","mainEntityOfPage":{"@id":"https:\/\/www.organisator.ch\/marketing\/2025-01-09\/yougov-ernennt-matthias-gross-zum-dach-ceo\/"},"wordCount":216,"publisher":{"@id":"https:\/\/www.organisator.ch\/#organization"},"image":{"@id":"https:\/\/www.organisator.ch\/marketing\/2025-01-09\/yougov-ernennt-matthias-gross-zum-dach-ceo\/#primaryimage"},"thumbnailUrl":"https:\/\/www.markt-kom.com\/wp-content\/uploads\/2025\/01\/matthias-gross-dach-ceo-yougpv.jpg","keywords":["Business","Jobchange","Yougov"],"articleSection":["MARKETING"],"inLanguage":"en-US"},{"@type":"WebPage","@id":"https:\/\/www.organisator.ch\/marketing\/2025-01-09\/yougov-ernennt-matthias-gross-zum-dach-ceo\/","url":"https:\/\/www.organisator.ch\/marketing\/2025-01-09\/yougov-ernennt-matthias-gross-zum-dach-ceo\/","name":"YouGov appoints Matthias Gross as DACH CEO - Organizer","isPartOf":{"@id":"https:\/\/www.organisator.ch\/#website"},"primaryImageOfPage":{"@id":"https:\/\/www.organisator.ch\/marketing\/2025-01-09\/yougov-ernennt-matthias-gross-zum-dach-ceo\/#primaryimage"},"image":{"@id":"https:\/\/www.organisator.ch\/marketing\/2025-01-09\/yougov-ernennt-matthias-gross-zum-dach-ceo\/#primaryimage"},"thumbnailUrl":"https:\/\/www.markt-kom.com\/wp-content\/uploads\/2025\/01\/matthias-gross-dach-ceo-yougpv.jpg","datePublished":"2025-01-09T13:44:25+00:00","dateModified":"2025-01-09T13:57:00+00:00","description":"Matthias Gross has been appointed as the new CEO of YouGov for the DACH region. He will take over the management of the business and research teams.","breadcrumb":{"@id":"https:\/\/www.organisator.ch\/marketing\/2025-01-09\/yougov-ernennt-matthias-gross-zum-dach-ceo\/#breadcrumb"},"inLanguage":"en-US","potentialAction":[{"@type":"ReadAction","target":["https:\/\/www.organisator.ch\/marketing\/2025-01-09\/yougov-ernennt-matthias-gross-zum-dach-ceo\/"]}]},{"@type":"ImageObject","inLanguage":"en-US","@id":"https:\/\/www.organisator.ch\/marketing\/2025-01-09\/yougov-ernennt-matthias-gross-zum-dach-ceo\/#primaryimage","url":"https:\/\/www.markt-kom.com\/wp-content\/uploads\/2025\/01\/matthias-gross-dach-ceo-yougpv.jpg","contentUrl":"https:\/\/www.markt-kom.com\/wp-content\/uploads\/2025\/01\/matthias-gross-dach-ceo-yougpv.jpg"},{"@type":"BreadcrumbList","@id":"https:\/\/www.organisator.ch\/marketing\/2025-01-09\/yougov-ernennt-matthias-gross-zum-dach-ceo\/#breadcrumb","itemListElement":[{"@type":"ListItem","position":1,"name":"Home","item":"https:\/\/www.organisator.ch\/"},{"@type":"ListItem","position":2,"name":"YouGov ernennt Matthias Gross zum DACH-CEO"}]},{"@type":"WebSite","@id":"https:\/\/www.organisator.ch\/#website","url":"https:\/\/www.organisator.ch\/","name":"Organizer","description":"Competent. Practical. In 10 issues per year, ORGANISATOR presents the essential topics for managers of SMEs.","publisher":{"@id":"https:\/\/www.organisator.ch\/#organization"},"potentialAction":[{"@type":"SearchAction","target":{"@type":"EntryPoint","urlTemplate":"https:\/\/www.organisator.ch\/?s={search_term_string}"},"query-input":{"@type":"PropertyValueSpecification","valueRequired":true,"valueName":"search_term_string"}}],"inLanguage":"en-US"},{"@type":"Organization","@id":"https:\/\/www.organisator.ch\/#organization","name":"Organizer","url":"https:\/\/www.organisator.ch\/","logo":{"@type":"ImageObject","inLanguage":"en-US","@id":"https:\/\/www.organisator.ch\/#\/schema\/logo\/image\/","url":"https:\/\/www.organisator.ch\/wp-content\/uploads\/2022\/01\/Logo_Organisator_Website.png","contentUrl":"https:\/\/www.organisator.ch\/wp-content\/uploads\/2022\/01\/Logo_Organisator_Website.png","width":800,"height":77,"caption":"Organisator"},"image":{"@id":"https:\/\/www.organisator.ch\/#\/schema\/logo\/image\/"},"sameAs":["https:\/\/www.facebook.com\/OrganisatorFachmagazin","https:\/\/www.linkedin.com\/showcase\/organisator-das-magazin-fr-kmu","https:\/\/www.xing.com\/news\/pages\/organisator-ch-695","https:\/\/www.youtube.com\/channel\/UCGP2Sq0iWaZwT3BdIAQFYpw"]},{"@type":"Person","@id":"https:\/\/www.organisator.ch\/#\/schema\/person\/4e51799071cd2dd1232ac003643ef5f0","name":"galledia","image":{"@type":"ImageObject","inLanguage":"en-US","@id":"https:\/\/secure.gravatar.com\/avatar\/78a7f90c01fc2bfc875782a0d4922b37cde2cf184ce347b91316d23cd7f69a36?s=96&d=mm&r=g","url":"https:\/\/secure.gravatar.com\/avatar\/78a7f90c01fc2bfc875782a0d4922b37cde2cf184ce347b91316d23cd7f69a36?s=96&d=mm&r=g","contentUrl":"https:\/\/secure.gravatar.com\/avatar\/78a7f90c01fc2bfc875782a0d4922b37cde2cf184ce347b91316d23cd7f69a36?s=96&d=mm&r=g","caption":"galledia"},"sameAs":["https:\/\/x.com\/admin"],"url":"https:\/\/www.organisator.ch\/en\/author\/galledia\/"}]}},"_links":{"self":[{"href":"https:\/\/www.organisator.ch\/en\/wp-json\/wp\/v2\/posts\/35107","targetHints":{"allow":["GET"]}}],"collection":[{"href":"https:\/\/www.organisator.ch\/en\/wp-json\/wp\/v2\/posts"}],"about":[{"href":"https:\/\/www.organisator.ch\/en\/wp-json\/wp\/v2\/types\/post"}],"author":[{"embeddable":true,"href":"https:\/\/www.organisator.ch\/en\/wp-json\/wp\/v2\/users\/8"}],"replies":[{"embeddable":true,"href":"https:\/\/www.organisator.ch\/en\/wp-json\/wp\/v2\/comments?post=35107"}],"version-history":[{"count":5,"href":"https:\/\/www.organisator.ch\/en\/wp-json\/wp\/v2\/posts\/35107\/revisions"}],"predecessor-version":[{"id":35115,"href":"https:\/\/www.organisator.ch\/en\/wp-json\/wp\/v2\/posts\/35107\/revisions\/35115"}],"wp:attachment":[{"href":"https:\/\/www.organisator.ch\/en\/wp-json\/wp\/v2\/media?parent=35107"}],"wp:term":[{"taxonomy":"category","embeddable":true,"href":"https:\/\/www.organisator.ch\/en\/wp-json\/wp\/v2\/categories?post=35107"},{"taxonomy":"post_tag","embeddable":true,"href":"https:\/\/www.organisator.ch\/en\/wp-json\/wp\/v2\/tags?post=35107"}],"curies":[{"name":"wp","href":"https:\/\/api.w.org\/{rel}","templated":true}]}}