{"id":3517,"date":"2018-04-30T08:12:44","date_gmt":"2018-04-30T06:12:44","guid":{"rendered":"https:\/\/www.organisator.ch\/?p=3517"},"modified":"2018-04-30T08:12:44","modified_gmt":"2018-04-30T06:12:44","slug":"white-paper-zum-thema-hiring-on-demand","status":"publish","type":"post","link":"https:\/\/www.organisator.ch\/en\/human-resources\/hrm\/2018-04-30\/white-paper-zum-thema-hiring-on-demand\/","title":{"rendered":"White paper on the topic of hiring on demand"},"content":{"rendered":"<figure id=\"attachment_3518\" aria-describedby=\"caption-attachment-3518\" style=\"width: 640px\" class=\"wp-caption alignnone\"><img loading=\"lazy\" decoding=\"async\" class=\"size-full wp-image-3518\" src=\"https:\/\/www.organisator.ch\/wp-content\/uploads\/2018\/04\/White-Paper-zum-Thema-Hiring-on-demand_Organisator.jpg\" alt=\"\" width=\"640\" height=\"425\" srcset=\"https:\/\/www.organisator.ch\/wp-content\/uploads\/2018\/04\/White-Paper-zum-Thema-Hiring-on-demand_Organisator.jpg 640w, https:\/\/www.organisator.ch\/wp-content\/uploads\/2018\/04\/White-Paper-zum-Thema-Hiring-on-demand_Organisator-16x12.jpg 16w, https:\/\/www.organisator.ch\/wp-content\/uploads\/2018\/04\/White-Paper-zum-Thema-Hiring-on-demand_Organisator-264x175.jpg 264w, https:\/\/www.organisator.ch\/wp-content\/uploads\/2018\/04\/White-Paper-zum-Thema-Hiring-on-demand_Organisator-527x350.jpg 527w, https:\/\/www.organisator.ch\/wp-content\/uploads\/2018\/04\/White-Paper-zum-Thema-Hiring-on-demand_Organisator-300x199.jpg 300w\" sizes=\"auto, (max-width: 640px) 100vw, 640px\" \/><figcaption id=\"caption-attachment-3518\" class=\"wp-caption-text\">Hiring employees on a temporary basis is becoming more and more common. A white paper clarifies questions around the topic of \"hiring on demand\". (Photo: Stockfotos-MG \/ Fotolia.com)<\/figcaption><\/figure>\n<p>The number of flexible employment relationships is increasing every year. In 2016, just under 318,000 people worked in temporary employment relationships - four times more than in 1993. With digitalization, traditional permanent employment is becoming less important, while temporary and fixed-term work is becoming increasingly popular.<\/p>\n<h2>Hiring on demand more and more widespread<\/h2>\n<p>\"Digitalization is changing the working relationship between employers and employees. Professionals make their skills available for a certain period of time and thus benefit from more flexibility and independence. Employers, on the other hand, increase their cost efficiency and remain agile through the uncomplicated and selective use of specific services,\" says Jacqueline Scheuner, CEO of Careerplus, explaining the advantages of hiring on demand.<\/p>\n<p>Not only has the number of flexible workers increased in recent years, but their skill levels are also rising. Hourly wages, for example, have risen by 50 percent in the last five years. To find out which factors are influencing this development and how the increase in flexible work can be explained, read a new white paper from Careerplus.<\/p>\n<h2><strong>Tips from the industry<\/strong><\/h2>\n<p>If companies want to hire or contract professionals for temporary assignments, they have to deal with a number of questions. Is there an employment relationship when a person is deployed, or is he or she being used as a freelancer? Which contracts come into play? Who pays the social security contributions? The white paper provides companies with tips and information on the legal aspects they need to consider when hiring on demand and the advantages of using a staffing agency. Myra Fischer-Rosinger, Director of swissstaffing, the association of Swiss personnel service providers, explains in an interview how temporary employment will develop in the future.<\/p>\n<p>The white paper \"Hiring on demand: The future of work is temporary\" is available as a <a href=\"https:\/\/www.careerplus.ch\/fuer-arbeitgeber\/gehaltsstudien-und-white-paper\/hiring-demand-die-zukunft-der-arbeit-ist-befristet\">Download<\/a> available free of charge.<\/p>","protected":false},"excerpt":{"rendered":"<p>Die Zahl flexibler Arbeitsverh\u00e4ltnisse steigt j\u00e4hrlich. 2016 haben knapp 318\u00a0000 Menschen in tempor\u00e4r vermittelten Arbeitsverh\u00e4ltnissen gearbeitet \u2013 viermal mehr als noch 1993. Mit der Digitalisierung verliert die klassische Festanstellung zunehmend an Bedeutung, die tempor\u00e4re und befristete Arbeit hingegen wird immer beliebter. Hiring on demand immer weiter verbreitet \u00abDie Digitalisierung ver\u00e4ndert das Arbeitsverh\u00e4ltnis zwischen Arbeitgebern und [&hellip;]<\/p>\n","protected":false},"author":4,"featured_media":3518,"comment_status":"open","ping_status":"open","sticky":false,"template":"","format":"standard","meta":{"_acf_changed":false,"_yoast_wpseo_focuskw":"Hiring on demand","_yoast_wpseo_metadesc":"Flexible Arbeit gilt als einer der Megatrends der Zukunft. Statt auf festangestelltes Personal setzen Unternehmen immer h\u00e4ufiger auf tempor\u00e4r, befristet oder punktuell eingesetzte Fachkr\u00e4fte. Wo liegen die Vorteile von Hiring on demand?","articlekey":"","footnotes":""},"categories":[26],"tags":[51,254,335,411],"class_list":["post-3517","post","type-post","status-publish","format-standard","has-post-thumbnail","hentry","category-hrm","tag-arbeitsplatzgestaltung","tag-hrm","tag-management-und-unternehmensfuehrung","tag-rekrutierung"],"acf":[],"yoast_head":"<!-- This site is optimized with the Yoast SEO plugin v27.5 - https:\/\/yoast.com\/product\/yoast-seo-wordpress\/ -->\n<title>White Paper zum Thema Hiring on demand - Organisator<\/title>\n<meta name=\"description\" content=\"Flexible Arbeit gilt als einer der Megatrends der Zukunft. Statt auf festangestelltes Personal setzen Unternehmen immer h\u00e4ufiger auf tempor\u00e4r, befristet oder punktuell eingesetzte Fachkr\u00e4fte. Wo liegen die Vorteile von Hiring on demand?\" \/>\n<meta name=\"robots\" content=\"index, follow, max-snippet:-1, max-image-preview:large, max-video-preview:-1\" \/>\n<link rel=\"canonical\" href=\"https:\/\/www.organisator.ch\/en\/human-resources\/hrm\/2018-04-30\/white-paper-zum-thema-hiring-on-demand\/\" \/>\n<meta property=\"og:locale\" content=\"en_US\" \/>\n<meta property=\"og:type\" content=\"article\" \/>\n<meta property=\"og:title\" content=\"White Paper zum Thema Hiring on demand\" \/>\n<meta property=\"og:description\" content=\"Flexible Arbeit gilt als einer der #Megatrends der Zukunft. Statt auf festangestelltes Personal setzen Unternehmen immer h\u00e4ufiger auf #tempor\u00e4r, #befristet oder #punktuell eingesetzte Fachkr\u00e4fte. Wo liegen die Vorteile von #Hiring on demand?\" \/>\n<meta property=\"og:url\" content=\"https:\/\/www.organisator.ch\/en\/human-resources\/hrm\/2018-04-30\/white-paper-zum-thema-hiring-on-demand\/\" \/>\n<meta property=\"og:site_name\" content=\"Organisator\" \/>\n<meta property=\"article:publisher\" content=\"https:\/\/www.facebook.com\/OrganisatorFachmagazin\" \/>\n<meta property=\"article:published_time\" content=\"2018-04-30T06:12:44+00:00\" \/>\n<meta property=\"og:image\" content=\"https:\/\/www.organisator.ch\/wp-content\/uploads\/2018\/04\/White-Paper-zum-Thema-Hiring-on-demand_Organisator.jpg\" \/>\n\t<meta property=\"og:image:width\" content=\"640\" \/>\n\t<meta property=\"og:image:height\" content=\"425\" \/>\n\t<meta property=\"og:image:type\" content=\"image\/jpeg\" \/>\n<meta name=\"author\" content=\"thomas.berner\" \/>\n<meta name=\"twitter:card\" content=\"summary_large_image\" \/>\n<meta name=\"twitter:title\" content=\"White Paper zum Thema #Hiring on demand\" \/>\n<meta name=\"twitter:description\" content=\"Flexible Arbeit gilt als einer der #Megatrends der Zukunft. Statt auf festangestelltes Personal setzen Unternehmen immer h\u00e4ufiger auf #tempor\u00e4r, #befristet oder #punktuell eingesetzte Fachkr\u00e4fte. Wo liegen die Vorteile von #Hiring on demand?\" \/>\n<meta name=\"twitter:image\" content=\"https:\/\/www.organisator.ch\/wp-content\/uploads\/2018\/04\/White-Paper-zum-Thema-Hiring-on-demand_Organisator.jpg\" \/>\n<script type=\"application\/ld+json\" class=\"yoast-schema-graph\">{\"@context\":\"https:\\\/\\\/schema.org\",\"@graph\":[{\"@type\":\"Article\",\"@id\":\"https:\\\/\\\/www.organisator.ch\\\/human-resources\\\/hrm\\\/2018-04-30\\\/white-paper-zum-thema-hiring-on-demand\\\/#article\",\"isPartOf\":{\"@id\":\"https:\\\/\\\/www.organisator.ch\\\/human-resources\\\/hrm\\\/2018-04-30\\\/white-paper-zum-thema-hiring-on-demand\\\/\"},\"author\":{\"name\":\"thomas.berner\",\"@id\":\"https:\\\/\\\/www.organisator.ch\\\/#\\\/schema\\\/person\\\/6f650f90b2842cd4c0cc334b4e36f67e\"},\"headline\":\"White Paper zum Thema Hiring on demand\",\"datePublished\":\"2018-04-30T06:12:44+00:00\",\"mainEntityOfPage\":{\"@id\":\"https:\\\/\\\/www.organisator.ch\\\/human-resources\\\/hrm\\\/2018-04-30\\\/white-paper-zum-thema-hiring-on-demand\\\/\"},\"wordCount\":327,\"commentCount\":0,\"publisher\":{\"@id\":\"https:\\\/\\\/www.organisator.ch\\\/#organization\"},\"image\":{\"@id\":\"https:\\\/\\\/www.organisator.ch\\\/human-resources\\\/hrm\\\/2018-04-30\\\/white-paper-zum-thema-hiring-on-demand\\\/#primaryimage\"},\"thumbnailUrl\":\"https:\\\/\\\/www.organisator.ch\\\/wp-content\\\/uploads\\\/2018\\\/04\\\/White-Paper-zum-Thema-Hiring-on-demand_Organisator.jpg\",\"keywords\":[\"Arbeitsplatzgestaltung\",\"HRM\",\"Management und Unternehmensf\u00fchrung\",\"Rekrutierung\"],\"articleSection\":[\"HRM\"],\"inLanguage\":\"en-US\"},{\"@type\":\"WebPage\",\"@id\":\"https:\\\/\\\/www.organisator.ch\\\/human-resources\\\/hrm\\\/2018-04-30\\\/white-paper-zum-thema-hiring-on-demand\\\/\",\"url\":\"https:\\\/\\\/www.organisator.ch\\\/human-resources\\\/hrm\\\/2018-04-30\\\/white-paper-zum-thema-hiring-on-demand\\\/\",\"name\":\"White Paper zum Thema Hiring on demand - Organisator\",\"isPartOf\":{\"@id\":\"https:\\\/\\\/www.organisator.ch\\\/#website\"},\"primaryImageOfPage\":{\"@id\":\"https:\\\/\\\/www.organisator.ch\\\/human-resources\\\/hrm\\\/2018-04-30\\\/white-paper-zum-thema-hiring-on-demand\\\/#primaryimage\"},\"image\":{\"@id\":\"https:\\\/\\\/www.organisator.ch\\\/human-resources\\\/hrm\\\/2018-04-30\\\/white-paper-zum-thema-hiring-on-demand\\\/#primaryimage\"},\"thumbnailUrl\":\"https:\\\/\\\/www.organisator.ch\\\/wp-content\\\/uploads\\\/2018\\\/04\\\/White-Paper-zum-Thema-Hiring-on-demand_Organisator.jpg\",\"datePublished\":\"2018-04-30T06:12:44+00:00\",\"description\":\"Flexible Arbeit gilt als einer der Megatrends der Zukunft. Statt auf festangestelltes Personal setzen Unternehmen immer h\u00e4ufiger auf tempor\u00e4r, befristet oder punktuell eingesetzte Fachkr\u00e4fte. Wo liegen die Vorteile von Hiring on demand?\",\"breadcrumb\":{\"@id\":\"https:\\\/\\\/www.organisator.ch\\\/human-resources\\\/hrm\\\/2018-04-30\\\/white-paper-zum-thema-hiring-on-demand\\\/#breadcrumb\"},\"inLanguage\":\"en-US\",\"potentialAction\":[{\"@type\":\"ReadAction\",\"target\":[\"https:\\\/\\\/www.organisator.ch\\\/human-resources\\\/hrm\\\/2018-04-30\\\/white-paper-zum-thema-hiring-on-demand\\\/\"]}]},{\"@type\":\"ImageObject\",\"inLanguage\":\"en-US\",\"@id\":\"https:\\\/\\\/www.organisator.ch\\\/human-resources\\\/hrm\\\/2018-04-30\\\/white-paper-zum-thema-hiring-on-demand\\\/#primaryimage\",\"url\":\"https:\\\/\\\/www.organisator.ch\\\/wp-content\\\/uploads\\\/2018\\\/04\\\/White-Paper-zum-Thema-Hiring-on-demand_Organisator.jpg\",\"contentUrl\":\"https:\\\/\\\/www.organisator.ch\\\/wp-content\\\/uploads\\\/2018\\\/04\\\/White-Paper-zum-Thema-Hiring-on-demand_Organisator.jpg\",\"width\":640,\"height\":425,\"caption\":\"Mitarbeitende befristet einzustellen ist immer mehr verbreitet. Ein White Paper kl\u00e4rt Fragen rund um das Thema \\\"Hiring on demand\\\". (Foto: Stockfotos-MG \\\/ Fotolia.com)\"},{\"@type\":\"BreadcrumbList\",\"@id\":\"https:\\\/\\\/www.organisator.ch\\\/human-resources\\\/hrm\\\/2018-04-30\\\/white-paper-zum-thema-hiring-on-demand\\\/#breadcrumb\",\"itemListElement\":[{\"@type\":\"ListItem\",\"position\":1,\"name\":\"Home\",\"item\":\"https:\\\/\\\/www.organisator.ch\\\/\"},{\"@type\":\"ListItem\",\"position\":2,\"name\":\"White Paper zum Thema Hiring on demand\"}]},{\"@type\":\"WebSite\",\"@id\":\"https:\\\/\\\/www.organisator.ch\\\/#website\",\"url\":\"https:\\\/\\\/www.organisator.ch\\\/\",\"name\":\"Organisator\",\"description\":\"Kompetent. Praxisnah. Der ORGANISATOR bereitet in 10 Ausgaben pro Jahr die wesentlichen Themen f\u00fcr F\u00fchrungskr\u00e4fte von KMU auf.\",\"publisher\":{\"@id\":\"https:\\\/\\\/www.organisator.ch\\\/#organization\"},\"potentialAction\":[{\"@type\":\"SearchAction\",\"target\":{\"@type\":\"EntryPoint\",\"urlTemplate\":\"https:\\\/\\\/www.organisator.ch\\\/?s={search_term_string}\"},\"query-input\":{\"@type\":\"PropertyValueSpecification\",\"valueRequired\":true,\"valueName\":\"search_term_string\"}}],\"inLanguage\":\"en-US\"},{\"@type\":\"Organization\",\"@id\":\"https:\\\/\\\/www.organisator.ch\\\/#organization\",\"name\":\"Organisator\",\"url\":\"https:\\\/\\\/www.organisator.ch\\\/\",\"logo\":{\"@type\":\"ImageObject\",\"inLanguage\":\"en-US\",\"@id\":\"https:\\\/\\\/www.organisator.ch\\\/#\\\/schema\\\/logo\\\/image\\\/\",\"url\":\"https:\\\/\\\/www.organisator.ch\\\/wp-content\\\/uploads\\\/2022\\\/01\\\/Logo_Organisator_Website.png\",\"contentUrl\":\"https:\\\/\\\/www.organisator.ch\\\/wp-content\\\/uploads\\\/2022\\\/01\\\/Logo_Organisator_Website.png\",\"width\":800,\"height\":77,\"caption\":\"Organisator\"},\"image\":{\"@id\":\"https:\\\/\\\/www.organisator.ch\\\/#\\\/schema\\\/logo\\\/image\\\/\"},\"sameAs\":[\"https:\\\/\\\/www.facebook.com\\\/OrganisatorFachmagazin\",\"https:\\\/\\\/www.linkedin.com\\\/showcase\\\/organisator-das-magazin-fr-kmu\",\"https:\\\/\\\/www.xing.com\\\/news\\\/pages\\\/organisator-ch-695\",\"https:\\\/\\\/www.youtube.com\\\/channel\\\/UCGP2Sq0iWaZwT3BdIAQFYpw\"]},{\"@type\":\"Person\",\"@id\":\"https:\\\/\\\/www.organisator.ch\\\/#\\\/schema\\\/person\\\/6f650f90b2842cd4c0cc334b4e36f67e\",\"name\":\"thomas.berner\",\"image\":{\"@type\":\"ImageObject\",\"inLanguage\":\"en-US\",\"@id\":\"https:\\\/\\\/secure.gravatar.com\\\/avatar\\\/ac5001d2a36cb6c6cd3e50789007ffca834b477b74a2144564522e944eabff61?s=96&d=mm&r=g\",\"url\":\"https:\\\/\\\/secure.gravatar.com\\\/avatar\\\/ac5001d2a36cb6c6cd3e50789007ffca834b477b74a2144564522e944eabff61?s=96&d=mm&r=g\",\"contentUrl\":\"https:\\\/\\\/secure.gravatar.com\\\/avatar\\\/ac5001d2a36cb6c6cd3e50789007ffca834b477b74a2144564522e944eabff61?s=96&d=mm&r=g\",\"caption\":\"thomas.berner\"},\"url\":\"https:\\\/\\\/www.organisator.ch\\\/en\\\/author\\\/thomas-berner\\\/\"}]}<\/script>\n<!-- \/ Yoast SEO plugin. -->","yoast_head_json":{"title":"White Paper on Hiring on demand - Organizer","description":"Flexible work is considered one of the megatrends of the future. Instead of permanent staff, companies are increasingly relying on temporary, fixed-term or selectively deployed specialists. What are the advantages of hiring on demand?","robots":{"index":"index","follow":"follow","max-snippet":"max-snippet:-1","max-image-preview":"max-image-preview:large","max-video-preview":"max-video-preview:-1"},"canonical":"https:\/\/www.organisator.ch\/en\/human-resources\/hrm\/2018-04-30\/white-paper-zum-thema-hiring-on-demand\/","og_locale":"en_US","og_type":"article","og_title":"White Paper zum Thema Hiring on demand","og_description":"Flexible Arbeit gilt als einer der #Megatrends der Zukunft. Statt auf festangestelltes Personal setzen Unternehmen immer h\u00e4ufiger auf #tempor\u00e4r, #befristet oder #punktuell eingesetzte Fachkr\u00e4fte. Wo liegen die Vorteile von #Hiring on demand?","og_url":"https:\/\/www.organisator.ch\/en\/human-resources\/hrm\/2018-04-30\/white-paper-zum-thema-hiring-on-demand\/","og_site_name":"Organisator","article_publisher":"https:\/\/www.facebook.com\/OrganisatorFachmagazin","article_published_time":"2018-04-30T06:12:44+00:00","og_image":[{"width":640,"height":425,"url":"https:\/\/www.organisator.ch\/wp-content\/uploads\/2018\/04\/White-Paper-zum-Thema-Hiring-on-demand_Organisator.jpg","type":"image\/jpeg"}],"author":"thomas.berner","twitter_card":"summary_large_image","twitter_title":"White Paper zum Thema #Hiring on demand","twitter_description":"Flexible Arbeit gilt als einer der #Megatrends der Zukunft. Statt auf festangestelltes Personal setzen Unternehmen immer h\u00e4ufiger auf #tempor\u00e4r, #befristet oder #punktuell eingesetzte Fachkr\u00e4fte. Wo liegen die Vorteile von #Hiring on demand?","twitter_image":"https:\/\/www.organisator.ch\/wp-content\/uploads\/2018\/04\/White-Paper-zum-Thema-Hiring-on-demand_Organisator.jpg","schema":{"@context":"https:\/\/schema.org","@graph":[{"@type":"Article","@id":"https:\/\/www.organisator.ch\/human-resources\/hrm\/2018-04-30\/white-paper-zum-thema-hiring-on-demand\/#article","isPartOf":{"@id":"https:\/\/www.organisator.ch\/human-resources\/hrm\/2018-04-30\/white-paper-zum-thema-hiring-on-demand\/"},"author":{"name":"thomas.berner","@id":"https:\/\/www.organisator.ch\/#\/schema\/person\/6f650f90b2842cd4c0cc334b4e36f67e"},"headline":"White Paper zum Thema Hiring on demand","datePublished":"2018-04-30T06:12:44+00:00","mainEntityOfPage":{"@id":"https:\/\/www.organisator.ch\/human-resources\/hrm\/2018-04-30\/white-paper-zum-thema-hiring-on-demand\/"},"wordCount":327,"commentCount":0,"publisher":{"@id":"https:\/\/www.organisator.ch\/#organization"},"image":{"@id":"https:\/\/www.organisator.ch\/human-resources\/hrm\/2018-04-30\/white-paper-zum-thema-hiring-on-demand\/#primaryimage"},"thumbnailUrl":"https:\/\/www.organisator.ch\/wp-content\/uploads\/2018\/04\/White-Paper-zum-Thema-Hiring-on-demand_Organisator.jpg","keywords":["Arbeitsplatzgestaltung","HRM","Management und Unternehmensf\u00fchrung","Rekrutierung"],"articleSection":["HRM"],"inLanguage":"en-US"},{"@type":"WebPage","@id":"https:\/\/www.organisator.ch\/human-resources\/hrm\/2018-04-30\/white-paper-zum-thema-hiring-on-demand\/","url":"https:\/\/www.organisator.ch\/human-resources\/hrm\/2018-04-30\/white-paper-zum-thema-hiring-on-demand\/","name":"White Paper on Hiring on demand - Organizer","isPartOf":{"@id":"https:\/\/www.organisator.ch\/#website"},"primaryImageOfPage":{"@id":"https:\/\/www.organisator.ch\/human-resources\/hrm\/2018-04-30\/white-paper-zum-thema-hiring-on-demand\/#primaryimage"},"image":{"@id":"https:\/\/www.organisator.ch\/human-resources\/hrm\/2018-04-30\/white-paper-zum-thema-hiring-on-demand\/#primaryimage"},"thumbnailUrl":"https:\/\/www.organisator.ch\/wp-content\/uploads\/2018\/04\/White-Paper-zum-Thema-Hiring-on-demand_Organisator.jpg","datePublished":"2018-04-30T06:12:44+00:00","description":"Flexible work is considered one of the megatrends of the future. Instead of permanent staff, companies are increasingly relying on temporary, fixed-term or selectively deployed specialists. What are the advantages of hiring on demand?","breadcrumb":{"@id":"https:\/\/www.organisator.ch\/human-resources\/hrm\/2018-04-30\/white-paper-zum-thema-hiring-on-demand\/#breadcrumb"},"inLanguage":"en-US","potentialAction":[{"@type":"ReadAction","target":["https:\/\/www.organisator.ch\/human-resources\/hrm\/2018-04-30\/white-paper-zum-thema-hiring-on-demand\/"]}]},{"@type":"ImageObject","inLanguage":"en-US","@id":"https:\/\/www.organisator.ch\/human-resources\/hrm\/2018-04-30\/white-paper-zum-thema-hiring-on-demand\/#primaryimage","url":"https:\/\/www.organisator.ch\/wp-content\/uploads\/2018\/04\/White-Paper-zum-Thema-Hiring-on-demand_Organisator.jpg","contentUrl":"https:\/\/www.organisator.ch\/wp-content\/uploads\/2018\/04\/White-Paper-zum-Thema-Hiring-on-demand_Organisator.jpg","width":640,"height":425,"caption":"Mitarbeitende befristet einzustellen ist immer mehr verbreitet. Ein White Paper kl\u00e4rt Fragen rund um das Thema \"Hiring on demand\". (Foto: Stockfotos-MG \/ Fotolia.com)"},{"@type":"BreadcrumbList","@id":"https:\/\/www.organisator.ch\/human-resources\/hrm\/2018-04-30\/white-paper-zum-thema-hiring-on-demand\/#breadcrumb","itemListElement":[{"@type":"ListItem","position":1,"name":"Home","item":"https:\/\/www.organisator.ch\/"},{"@type":"ListItem","position":2,"name":"White Paper zum Thema Hiring on demand"}]},{"@type":"WebSite","@id":"https:\/\/www.organisator.ch\/#website","url":"https:\/\/www.organisator.ch\/","name":"Organizer","description":"Competent. Practical. In 10 issues per year, ORGANISATOR presents the essential topics for managers of SMEs.","publisher":{"@id":"https:\/\/www.organisator.ch\/#organization"},"potentialAction":[{"@type":"SearchAction","target":{"@type":"EntryPoint","urlTemplate":"https:\/\/www.organisator.ch\/?s={search_term_string}"},"query-input":{"@type":"PropertyValueSpecification","valueRequired":true,"valueName":"search_term_string"}}],"inLanguage":"en-US"},{"@type":"Organization","@id":"https:\/\/www.organisator.ch\/#organization","name":"Organizer","url":"https:\/\/www.organisator.ch\/","logo":{"@type":"ImageObject","inLanguage":"en-US","@id":"https:\/\/www.organisator.ch\/#\/schema\/logo\/image\/","url":"https:\/\/www.organisator.ch\/wp-content\/uploads\/2022\/01\/Logo_Organisator_Website.png","contentUrl":"https:\/\/www.organisator.ch\/wp-content\/uploads\/2022\/01\/Logo_Organisator_Website.png","width":800,"height":77,"caption":"Organisator"},"image":{"@id":"https:\/\/www.organisator.ch\/#\/schema\/logo\/image\/"},"sameAs":["https:\/\/www.facebook.com\/OrganisatorFachmagazin","https:\/\/www.linkedin.com\/showcase\/organisator-das-magazin-fr-kmu","https:\/\/www.xing.com\/news\/pages\/organisator-ch-695","https:\/\/www.youtube.com\/channel\/UCGP2Sq0iWaZwT3BdIAQFYpw"]},{"@type":"Person","@id":"https:\/\/www.organisator.ch\/#\/schema\/person\/6f650f90b2842cd4c0cc334b4e36f67e","name":"thomas.berner","image":{"@type":"ImageObject","inLanguage":"en-US","@id":"https:\/\/secure.gravatar.com\/avatar\/ac5001d2a36cb6c6cd3e50789007ffca834b477b74a2144564522e944eabff61?s=96&d=mm&r=g","url":"https:\/\/secure.gravatar.com\/avatar\/ac5001d2a36cb6c6cd3e50789007ffca834b477b74a2144564522e944eabff61?s=96&d=mm&r=g","contentUrl":"https:\/\/secure.gravatar.com\/avatar\/ac5001d2a36cb6c6cd3e50789007ffca834b477b74a2144564522e944eabff61?s=96&d=mm&r=g","caption":"thomas.berner"},"url":"https:\/\/www.organisator.ch\/en\/author\/thomas-berner\/"}]}},"_links":{"self":[{"href":"https:\/\/www.organisator.ch\/en\/wp-json\/wp\/v2\/posts\/3517","targetHints":{"allow":["GET"]}}],"collection":[{"href":"https:\/\/www.organisator.ch\/en\/wp-json\/wp\/v2\/posts"}],"about":[{"href":"https:\/\/www.organisator.ch\/en\/wp-json\/wp\/v2\/types\/post"}],"author":[{"embeddable":true,"href":"https:\/\/www.organisator.ch\/en\/wp-json\/wp\/v2\/users\/4"}],"replies":[{"embeddable":true,"href":"https:\/\/www.organisator.ch\/en\/wp-json\/wp\/v2\/comments?post=3517"}],"version-history":[{"count":0,"href":"https:\/\/www.organisator.ch\/en\/wp-json\/wp\/v2\/posts\/3517\/revisions"}],"wp:featuredmedia":[{"embeddable":true,"href":"https:\/\/www.organisator.ch\/en\/wp-json\/wp\/v2\/media\/3518"}],"wp:attachment":[{"href":"https:\/\/www.organisator.ch\/en\/wp-json\/wp\/v2\/media?parent=3517"}],"wp:term":[{"taxonomy":"category","embeddable":true,"href":"https:\/\/www.organisator.ch\/en\/wp-json\/wp\/v2\/categories?post=3517"},{"taxonomy":"post_tag","embeddable":true,"href":"https:\/\/www.organisator.ch\/en\/wp-json\/wp\/v2\/tags?post=3517"}],"curies":[{"name":"wp","href":"https:\/\/api.w.org\/{rel}","templated":true}]}}