{"id":35218,"date":"2025-01-14T09:00:16","date_gmt":"2025-01-14T08:00:16","guid":{"rendered":"https:\/\/www.m-q.ch\/?p=20957"},"modified":"2025-01-14T09:52:18","modified_gmt":"2025-01-14T08:52:18","slug":"forvis-mazars-ernennt-neue-partner-in-der-schweiz","status":"publish","type":"post","link":"https:\/\/www.organisator.ch\/en\/operational-excellence\/2025-01-14\/forvis-mazars-ernennt-neue-partner-in-der-schweiz\/","title":{"rendered":"Forvis Mazars appoints new partners in Switzerland"},"content":{"rendered":"<figure id=\"attachment_20958\" class=\"wp-caption alignnone\" style=\"width: 578px;\" aria-describedby=\"caption-attachment-20958\"><img class=\"wp-image-20958 size-full\" src=\"https:\/\/www.m-q.ch\/wp-content\/uploads\/2025\/01\/Forviz-Mazars_Bild1_ps-e1736778377518.jpg\" sizes=\"(max-width: 578px) 100vw, 578px\" srcset=\"https:\/\/www.m-q.ch\/wp-content\/uploads\/2025\/01\/Forviz-Mazars_Bild1_ps-e1736778377518.jpg 578w, https:\/\/www.m-q.ch\/wp-content\/uploads\/2025\/01\/Forviz-Mazars_Bild1_ps-e1736778377518-18x10.jpg 18w, https:\/\/www.m-q.ch\/wp-content\/uploads\/2025\/01\/Forviz-Mazars_Bild1_ps-e1736778377518-375x199.jpg 375w\" alt=\"\" width=\"578\" height=\"307\" \/>\r\n<figcaption id=\"caption-attachment-20958\" class=\"wp-caption-text\">Forvis Mazars appoints Ivan Lamorte and Yoann Bois as partners. Both experts have extensive experience in risk management and auditing. (Image: Forvis Mazars)<\/figcaption>\r\n<\/figure>\r\n<h3><strong>Proven expert in risk management<\/strong><\/h3>\r\n<p>Ivan Lamorte is a proven expert in risk management and has been Head of Governance, Risk and Compliance (GRC) for Financial Services since 2021. Lamorte holds a Master's degree from the University of Zurich and has more than 15 years of experience in strategic consulting and auditing for banks and insurance companies. His areas of expertise include integrated security, risk management and transformation, the establishment of governance, risk, control and compliance frameworks as well as the design and implementation of target operating models.<\/p>\r\n<p>Together with his team, Lamorte works closely with local and international financial institutions to deliver customized solutions. He is passionate about leading high-performing teams, developing innovative approaches and successfully implementing large transformation projects.<\/p>\r\n<h3><strong>Licensed auditing expert<\/strong><\/h3>\r\n<p>Yoann Bois joined Forvis Mazars in Paris in 2009 after completing his master's degree in engineering. He later moved to Forvis Mazars in Geneva in 2017. As a licensed audit professional, Bois brings over 15 years of professional experience in auditing. He has extensive experience in auditing and advising international and medium-sized groups, in particular listed companies from the industrial and services sectors. As the person responsible for Swiss audit training and the PCAOB practice in Switzerland, Bois has been instrumental in the development of the Forvis Mazars team and the audit practice in French-speaking Switzerland.<\/p>\r\n<p><em>Source: <a href=\"http:\/\/www.forvismazars.com\/ch\">www.forvismazars.com\/ch<\/a><\/em><\/p>\n<p class=\"syndicated-attribution\">This article originally appeared on m-q.ch - <a href=\"https:\/\/www.m-q.ch\/de\/forvis-mazars-ernennt-neue-partner-in-der-schweiz\/\" target=\"_blank\">https:\/\/www.m-q.ch\/de\/forvis-mazars-ernennt-neue-partner-in-der-schweiz\/<\/a><\/p>","protected":false},"excerpt":{"rendered":"<p>Forvis Mazars, a leading international firm specializing in audit, tax and advisory, has appointed Ivan Lamorte and Yoann Bois as partners.<\/p>","protected":false},"author":80,"featured_media":0,"comment_status":"closed","ping_status":"closed","sticky":false,"template":"","format":"standard","meta":{"_acf_changed":false,"_yoast_wpseo_focuskw":"Forvis Mazars","_yoast_wpseo_metadesc":"Forvis Mazars ernennt Ivan Lamorte und Yoann Bois zu Partnern. Expertise in Risikomanagement und Wirtschaftspr\u00fcfung st\u00e4rken das Team.","articlekey":"","footnotes":""},"categories":[582],"tags":[2667,1887,418,424,492,532],"class_list":["post-35218","post","type-post","status-publish","format-standard","hentry","category-operational-excellence","tag-audit","tag-partner","tag-risikomanagement","tag-schweiz","tag-unternehmen","tag-wirtschaftspruefung"],"acf":[],"yoast_head":"<!-- This site is optimized with the Yoast SEO plugin v27.5 - https:\/\/yoast.com\/product\/yoast-seo-wordpress\/ -->\n<title>Forvis Mazars ernennt neue Partner in der Schweiz - Organisator<\/title>\n<meta name=\"description\" content=\"Forvis Mazars ernennt Ivan Lamorte und Yoann Bois zu Partnern. Expertise in Risikomanagement und Wirtschaftspr\u00fcfung st\u00e4rken das Team.\" \/>\n<meta name=\"robots\" content=\"index, follow, max-snippet:-1, max-image-preview:large, max-video-preview:-1\" \/>\n<link rel=\"canonical\" href=\"https:\/\/www.organisator.ch\/en\/operational-excellence\/2025-01-14\/forvis-mazars-ernennt-neue-partner-in-der-schweiz\/\" \/>\n<meta property=\"og:locale\" content=\"en_US\" \/>\n<meta property=\"og:type\" content=\"article\" \/>\n<meta property=\"og:title\" content=\"Forvis Mazars ernennt neue Partner in der Schweiz - Organisator\" \/>\n<meta property=\"og:description\" content=\"Forvis Mazars ernennt Ivan Lamorte und Yoann Bois zu Partnern. Expertise in Risikomanagement und Wirtschaftspr\u00fcfung st\u00e4rken das Team.\" \/>\n<meta property=\"og:url\" content=\"https:\/\/www.organisator.ch\/en\/operational-excellence\/2025-01-14\/forvis-mazars-ernennt-neue-partner-in-der-schweiz\/\" \/>\n<meta property=\"og:site_name\" content=\"Organisator\" \/>\n<meta property=\"article:publisher\" content=\"https:\/\/www.facebook.com\/OrganisatorFachmagazin\" \/>\n<meta property=\"article:published_time\" content=\"2025-01-14T08:00:16+00:00\" \/>\n<meta property=\"article:modified_time\" content=\"2025-01-14T08:52:18+00:00\" \/>\n<meta name=\"author\" content=\"Dzana Muminovic\" \/>\n<meta name=\"twitter:card\" content=\"summary_large_image\" \/>\n<script type=\"application\/ld+json\" class=\"yoast-schema-graph\">{\"@context\":\"https:\\\/\\\/schema.org\",\"@graph\":[{\"@type\":\"Article\",\"@id\":\"https:\\\/\\\/www.organisator.ch\\\/operational-excellence\\\/2025-01-14\\\/forvis-mazars-ernennt-neue-partner-in-der-schweiz\\\/#article\",\"isPartOf\":{\"@id\":\"https:\\\/\\\/www.organisator.ch\\\/operational-excellence\\\/2025-01-14\\\/forvis-mazars-ernennt-neue-partner-in-der-schweiz\\\/\"},\"author\":{\"name\":\"Dzana Muminovic\",\"@id\":\"https:\\\/\\\/www.organisator.ch\\\/#\\\/schema\\\/person\\\/afccda3a71c06d4be2ed9100dd163db7\"},\"headline\":\"Forvis Mazars ernennt neue Partner in der Schweiz\",\"datePublished\":\"2025-01-14T08:00:16+00:00\",\"dateModified\":\"2025-01-14T08:52:18+00:00\",\"mainEntityOfPage\":{\"@id\":\"https:\\\/\\\/www.organisator.ch\\\/operational-excellence\\\/2025-01-14\\\/forvis-mazars-ernennt-neue-partner-in-der-schweiz\\\/\"},\"wordCount\":251,\"publisher\":{\"@id\":\"https:\\\/\\\/www.organisator.ch\\\/#organization\"},\"image\":{\"@id\":\"https:\\\/\\\/www.organisator.ch\\\/operational-excellence\\\/2025-01-14\\\/forvis-mazars-ernennt-neue-partner-in-der-schweiz\\\/#primaryimage\"},\"thumbnailUrl\":\"https:\\\/\\\/www.m-q.ch\\\/wp-content\\\/uploads\\\/2025\\\/01\\\/Forviz-Mazars_Bild1_ps-e1736778377518.jpg\",\"keywords\":[\"Audit\",\"Partner\",\"Risikomanagement\",\"Schweiz\",\"Unternehmen\",\"Wirtschaftspr\u00fcfung\"],\"articleSection\":[\"OPERATIONAL EXCELLENCE\"],\"inLanguage\":\"en-US\"},{\"@type\":\"WebPage\",\"@id\":\"https:\\\/\\\/www.organisator.ch\\\/operational-excellence\\\/2025-01-14\\\/forvis-mazars-ernennt-neue-partner-in-der-schweiz\\\/\",\"url\":\"https:\\\/\\\/www.organisator.ch\\\/operational-excellence\\\/2025-01-14\\\/forvis-mazars-ernennt-neue-partner-in-der-schweiz\\\/\",\"name\":\"Forvis Mazars ernennt neue Partner in der Schweiz - Organisator\",\"isPartOf\":{\"@id\":\"https:\\\/\\\/www.organisator.ch\\\/#website\"},\"primaryImageOfPage\":{\"@id\":\"https:\\\/\\\/www.organisator.ch\\\/operational-excellence\\\/2025-01-14\\\/forvis-mazars-ernennt-neue-partner-in-der-schweiz\\\/#primaryimage\"},\"image\":{\"@id\":\"https:\\\/\\\/www.organisator.ch\\\/operational-excellence\\\/2025-01-14\\\/forvis-mazars-ernennt-neue-partner-in-der-schweiz\\\/#primaryimage\"},\"thumbnailUrl\":\"https:\\\/\\\/www.m-q.ch\\\/wp-content\\\/uploads\\\/2025\\\/01\\\/Forviz-Mazars_Bild1_ps-e1736778377518.jpg\",\"datePublished\":\"2025-01-14T08:00:16+00:00\",\"dateModified\":\"2025-01-14T08:52:18+00:00\",\"description\":\"Forvis Mazars ernennt Ivan Lamorte und Yoann Bois zu Partnern. Expertise in Risikomanagement und Wirtschaftspr\u00fcfung st\u00e4rken das Team.\",\"breadcrumb\":{\"@id\":\"https:\\\/\\\/www.organisator.ch\\\/operational-excellence\\\/2025-01-14\\\/forvis-mazars-ernennt-neue-partner-in-der-schweiz\\\/#breadcrumb\"},\"inLanguage\":\"en-US\",\"potentialAction\":[{\"@type\":\"ReadAction\",\"target\":[\"https:\\\/\\\/www.organisator.ch\\\/operational-excellence\\\/2025-01-14\\\/forvis-mazars-ernennt-neue-partner-in-der-schweiz\\\/\"]}]},{\"@type\":\"ImageObject\",\"inLanguage\":\"en-US\",\"@id\":\"https:\\\/\\\/www.organisator.ch\\\/operational-excellence\\\/2025-01-14\\\/forvis-mazars-ernennt-neue-partner-in-der-schweiz\\\/#primaryimage\",\"url\":\"https:\\\/\\\/www.m-q.ch\\\/wp-content\\\/uploads\\\/2025\\\/01\\\/Forviz-Mazars_Bild1_ps-e1736778377518.jpg\",\"contentUrl\":\"https:\\\/\\\/www.m-q.ch\\\/wp-content\\\/uploads\\\/2025\\\/01\\\/Forviz-Mazars_Bild1_ps-e1736778377518.jpg\"},{\"@type\":\"BreadcrumbList\",\"@id\":\"https:\\\/\\\/www.organisator.ch\\\/operational-excellence\\\/2025-01-14\\\/forvis-mazars-ernennt-neue-partner-in-der-schweiz\\\/#breadcrumb\",\"itemListElement\":[{\"@type\":\"ListItem\",\"position\":1,\"name\":\"Home\",\"item\":\"https:\\\/\\\/www.organisator.ch\\\/\"},{\"@type\":\"ListItem\",\"position\":2,\"name\":\"Forvis Mazars ernennt neue Partner in der Schweiz\"}]},{\"@type\":\"WebSite\",\"@id\":\"https:\\\/\\\/www.organisator.ch\\\/#website\",\"url\":\"https:\\\/\\\/www.organisator.ch\\\/\",\"name\":\"Organisator\",\"description\":\"Kompetent. Praxisnah. Der ORGANISATOR bereitet in 10 Ausgaben pro Jahr die wesentlichen Themen f\u00fcr F\u00fchrungskr\u00e4fte von KMU auf.\",\"publisher\":{\"@id\":\"https:\\\/\\\/www.organisator.ch\\\/#organization\"},\"potentialAction\":[{\"@type\":\"SearchAction\",\"target\":{\"@type\":\"EntryPoint\",\"urlTemplate\":\"https:\\\/\\\/www.organisator.ch\\\/?s={search_term_string}\"},\"query-input\":{\"@type\":\"PropertyValueSpecification\",\"valueRequired\":true,\"valueName\":\"search_term_string\"}}],\"inLanguage\":\"en-US\"},{\"@type\":\"Organization\",\"@id\":\"https:\\\/\\\/www.organisator.ch\\\/#organization\",\"name\":\"Organisator\",\"url\":\"https:\\\/\\\/www.organisator.ch\\\/\",\"logo\":{\"@type\":\"ImageObject\",\"inLanguage\":\"en-US\",\"@id\":\"https:\\\/\\\/www.organisator.ch\\\/#\\\/schema\\\/logo\\\/image\\\/\",\"url\":\"https:\\\/\\\/www.organisator.ch\\\/wp-content\\\/uploads\\\/2022\\\/01\\\/Logo_Organisator_Website.png\",\"contentUrl\":\"https:\\\/\\\/www.organisator.ch\\\/wp-content\\\/uploads\\\/2022\\\/01\\\/Logo_Organisator_Website.png\",\"width\":800,\"height\":77,\"caption\":\"Organisator\"},\"image\":{\"@id\":\"https:\\\/\\\/www.organisator.ch\\\/#\\\/schema\\\/logo\\\/image\\\/\"},\"sameAs\":[\"https:\\\/\\\/www.facebook.com\\\/OrganisatorFachmagazin\",\"https:\\\/\\\/www.linkedin.com\\\/showcase\\\/organisator-das-magazin-fr-kmu\",\"https:\\\/\\\/www.xing.com\\\/news\\\/pages\\\/organisator-ch-695\",\"https:\\\/\\\/www.youtube.com\\\/channel\\\/UCGP2Sq0iWaZwT3BdIAQFYpw\"]},{\"@type\":\"Person\",\"@id\":\"https:\\\/\\\/www.organisator.ch\\\/#\\\/schema\\\/person\\\/afccda3a71c06d4be2ed9100dd163db7\",\"name\":\"Dzana Muminovic\",\"image\":{\"@type\":\"ImageObject\",\"inLanguage\":\"en-US\",\"@id\":\"https:\\\/\\\/secure.gravatar.com\\\/avatar\\\/909c5c71aff4b38e88686f2ab2f1ba152571f394f41ed8bae431ea56ced93050?s=96&d=mm&r=g\",\"url\":\"https:\\\/\\\/secure.gravatar.com\\\/avatar\\\/909c5c71aff4b38e88686f2ab2f1ba152571f394f41ed8bae431ea56ced93050?s=96&d=mm&r=g\",\"contentUrl\":\"https:\\\/\\\/secure.gravatar.com\\\/avatar\\\/909c5c71aff4b38e88686f2ab2f1ba152571f394f41ed8bae431ea56ced93050?s=96&d=mm&r=g\",\"caption\":\"Dzana Muminovic\"},\"url\":\"https:\\\/\\\/www.organisator.ch\\\/en\\\/author\\\/dzana-muminovic\\\/\"}]}<\/script>\n<!-- \/ Yoast SEO plugin. -->","yoast_head_json":{"title":"Forvis Mazars appoints new partners in Switzerland - Organizer","description":"Forvis Mazars appoints Ivan Lamorte and Yoann Bois as partners. Expertise in risk management and auditing strengthen the team.","robots":{"index":"index","follow":"follow","max-snippet":"max-snippet:-1","max-image-preview":"max-image-preview:large","max-video-preview":"max-video-preview:-1"},"canonical":"https:\/\/www.organisator.ch\/en\/operational-excellence\/2025-01-14\/forvis-mazars-ernennt-neue-partner-in-der-schweiz\/","og_locale":"en_US","og_type":"article","og_title":"Forvis Mazars ernennt neue Partner in der Schweiz - Organisator","og_description":"Forvis Mazars ernennt Ivan Lamorte und Yoann Bois zu Partnern. Expertise in Risikomanagement und Wirtschaftspr\u00fcfung st\u00e4rken das Team.","og_url":"https:\/\/www.organisator.ch\/en\/operational-excellence\/2025-01-14\/forvis-mazars-ernennt-neue-partner-in-der-schweiz\/","og_site_name":"Organisator","article_publisher":"https:\/\/www.facebook.com\/OrganisatorFachmagazin","article_published_time":"2025-01-14T08:00:16+00:00","article_modified_time":"2025-01-14T08:52:18+00:00","author":"Dzana Muminovic","twitter_card":"summary_large_image","schema":{"@context":"https:\/\/schema.org","@graph":[{"@type":"Article","@id":"https:\/\/www.organisator.ch\/operational-excellence\/2025-01-14\/forvis-mazars-ernennt-neue-partner-in-der-schweiz\/#article","isPartOf":{"@id":"https:\/\/www.organisator.ch\/operational-excellence\/2025-01-14\/forvis-mazars-ernennt-neue-partner-in-der-schweiz\/"},"author":{"name":"Dzana Muminovic","@id":"https:\/\/www.organisator.ch\/#\/schema\/person\/afccda3a71c06d4be2ed9100dd163db7"},"headline":"Forvis Mazars ernennt neue Partner in der Schweiz","datePublished":"2025-01-14T08:00:16+00:00","dateModified":"2025-01-14T08:52:18+00:00","mainEntityOfPage":{"@id":"https:\/\/www.organisator.ch\/operational-excellence\/2025-01-14\/forvis-mazars-ernennt-neue-partner-in-der-schweiz\/"},"wordCount":251,"publisher":{"@id":"https:\/\/www.organisator.ch\/#organization"},"image":{"@id":"https:\/\/www.organisator.ch\/operational-excellence\/2025-01-14\/forvis-mazars-ernennt-neue-partner-in-der-schweiz\/#primaryimage"},"thumbnailUrl":"https:\/\/www.m-q.ch\/wp-content\/uploads\/2025\/01\/Forviz-Mazars_Bild1_ps-e1736778377518.jpg","keywords":["Audit","Partner","Risikomanagement","Schweiz","Unternehmen","Wirtschaftspr\u00fcfung"],"articleSection":["OPERATIONAL EXCELLENCE"],"inLanguage":"en-US"},{"@type":"WebPage","@id":"https:\/\/www.organisator.ch\/operational-excellence\/2025-01-14\/forvis-mazars-ernennt-neue-partner-in-der-schweiz\/","url":"https:\/\/www.organisator.ch\/operational-excellence\/2025-01-14\/forvis-mazars-ernennt-neue-partner-in-der-schweiz\/","name":"Forvis Mazars appoints new partners in Switzerland - Organizer","isPartOf":{"@id":"https:\/\/www.organisator.ch\/#website"},"primaryImageOfPage":{"@id":"https:\/\/www.organisator.ch\/operational-excellence\/2025-01-14\/forvis-mazars-ernennt-neue-partner-in-der-schweiz\/#primaryimage"},"image":{"@id":"https:\/\/www.organisator.ch\/operational-excellence\/2025-01-14\/forvis-mazars-ernennt-neue-partner-in-der-schweiz\/#primaryimage"},"thumbnailUrl":"https:\/\/www.m-q.ch\/wp-content\/uploads\/2025\/01\/Forviz-Mazars_Bild1_ps-e1736778377518.jpg","datePublished":"2025-01-14T08:00:16+00:00","dateModified":"2025-01-14T08:52:18+00:00","description":"Forvis Mazars appoints Ivan Lamorte and Yoann Bois as partners. Expertise in risk management and auditing strengthen the team.","breadcrumb":{"@id":"https:\/\/www.organisator.ch\/operational-excellence\/2025-01-14\/forvis-mazars-ernennt-neue-partner-in-der-schweiz\/#breadcrumb"},"inLanguage":"en-US","potentialAction":[{"@type":"ReadAction","target":["https:\/\/www.organisator.ch\/operational-excellence\/2025-01-14\/forvis-mazars-ernennt-neue-partner-in-der-schweiz\/"]}]},{"@type":"ImageObject","inLanguage":"en-US","@id":"https:\/\/www.organisator.ch\/operational-excellence\/2025-01-14\/forvis-mazars-ernennt-neue-partner-in-der-schweiz\/#primaryimage","url":"https:\/\/www.m-q.ch\/wp-content\/uploads\/2025\/01\/Forviz-Mazars_Bild1_ps-e1736778377518.jpg","contentUrl":"https:\/\/www.m-q.ch\/wp-content\/uploads\/2025\/01\/Forviz-Mazars_Bild1_ps-e1736778377518.jpg"},{"@type":"BreadcrumbList","@id":"https:\/\/www.organisator.ch\/operational-excellence\/2025-01-14\/forvis-mazars-ernennt-neue-partner-in-der-schweiz\/#breadcrumb","itemListElement":[{"@type":"ListItem","position":1,"name":"Home","item":"https:\/\/www.organisator.ch\/"},{"@type":"ListItem","position":2,"name":"Forvis Mazars ernennt neue Partner in der Schweiz"}]},{"@type":"WebSite","@id":"https:\/\/www.organisator.ch\/#website","url":"https:\/\/www.organisator.ch\/","name":"Organizer","description":"Competent. Practical. In 10 issues per year, ORGANISATOR presents the essential topics for managers of SMEs.","publisher":{"@id":"https:\/\/www.organisator.ch\/#organization"},"potentialAction":[{"@type":"SearchAction","target":{"@type":"EntryPoint","urlTemplate":"https:\/\/www.organisator.ch\/?s={search_term_string}"},"query-input":{"@type":"PropertyValueSpecification","valueRequired":true,"valueName":"search_term_string"}}],"inLanguage":"en-US"},{"@type":"Organization","@id":"https:\/\/www.organisator.ch\/#organization","name":"Organizer","url":"https:\/\/www.organisator.ch\/","logo":{"@type":"ImageObject","inLanguage":"en-US","@id":"https:\/\/www.organisator.ch\/#\/schema\/logo\/image\/","url":"https:\/\/www.organisator.ch\/wp-content\/uploads\/2022\/01\/Logo_Organisator_Website.png","contentUrl":"https:\/\/www.organisator.ch\/wp-content\/uploads\/2022\/01\/Logo_Organisator_Website.png","width":800,"height":77,"caption":"Organisator"},"image":{"@id":"https:\/\/www.organisator.ch\/#\/schema\/logo\/image\/"},"sameAs":["https:\/\/www.facebook.com\/OrganisatorFachmagazin","https:\/\/www.linkedin.com\/showcase\/organisator-das-magazin-fr-kmu","https:\/\/www.xing.com\/news\/pages\/organisator-ch-695","https:\/\/www.youtube.com\/channel\/UCGP2Sq0iWaZwT3BdIAQFYpw"]},{"@type":"Person","@id":"https:\/\/www.organisator.ch\/#\/schema\/person\/afccda3a71c06d4be2ed9100dd163db7","name":"Dzana Muminovic","image":{"@type":"ImageObject","inLanguage":"en-US","@id":"https:\/\/secure.gravatar.com\/avatar\/909c5c71aff4b38e88686f2ab2f1ba152571f394f41ed8bae431ea56ced93050?s=96&d=mm&r=g","url":"https:\/\/secure.gravatar.com\/avatar\/909c5c71aff4b38e88686f2ab2f1ba152571f394f41ed8bae431ea56ced93050?s=96&d=mm&r=g","contentUrl":"https:\/\/secure.gravatar.com\/avatar\/909c5c71aff4b38e88686f2ab2f1ba152571f394f41ed8bae431ea56ced93050?s=96&d=mm&r=g","caption":"Dzana Muminovic"},"url":"https:\/\/www.organisator.ch\/en\/author\/dzana-muminovic\/"}]}},"_links":{"self":[{"href":"https:\/\/www.organisator.ch\/en\/wp-json\/wp\/v2\/posts\/35218","targetHints":{"allow":["GET"]}}],"collection":[{"href":"https:\/\/www.organisator.ch\/en\/wp-json\/wp\/v2\/posts"}],"about":[{"href":"https:\/\/www.organisator.ch\/en\/wp-json\/wp\/v2\/types\/post"}],"author":[{"embeddable":true,"href":"https:\/\/www.organisator.ch\/en\/wp-json\/wp\/v2\/users\/80"}],"replies":[{"embeddable":true,"href":"https:\/\/www.organisator.ch\/en\/wp-json\/wp\/v2\/comments?post=35218"}],"version-history":[{"count":5,"href":"https:\/\/www.organisator.ch\/en\/wp-json\/wp\/v2\/posts\/35218\/revisions"}],"predecessor-version":[{"id":35226,"href":"https:\/\/www.organisator.ch\/en\/wp-json\/wp\/v2\/posts\/35218\/revisions\/35226"}],"wp:attachment":[{"href":"https:\/\/www.organisator.ch\/en\/wp-json\/wp\/v2\/media?parent=35218"}],"wp:term":[{"taxonomy":"category","embeddable":true,"href":"https:\/\/www.organisator.ch\/en\/wp-json\/wp\/v2\/categories?post=35218"},{"taxonomy":"post_tag","embeddable":true,"href":"https:\/\/www.organisator.ch\/en\/wp-json\/wp\/v2\/tags?post=35218"}],"curies":[{"name":"wp","href":"https:\/\/api.w.org\/{rel}","templated":true}]}}