{"id":35257,"date":"2025-01-15T12:55:50","date_gmt":"2025-01-15T11:55:50","guid":{"rendered":"https:\/\/www.markt-kom.com\/?p=228979"},"modified":"2025-01-15T13:05:32","modified_gmt":"2025-01-15T12:05:32","slug":"larissa-moergeli-wird-partnerin-bei-nova-impact","status":"publish","type":"post","link":"https:\/\/www.organisator.ch\/en\/marketing\/2025-01-15\/larissa-moergeli-wird-partnerin-bei-nova-impact\/","title":{"rendered":"Larissa M\u00f6rgeli becomes a partner at Nova Impact"},"content":{"rendered":"<figure id=\"attachment_228980\" class=\"wp-caption aligncenter\" style=\"width: 1200px;\" aria-describedby=\"caption-attachment-228980\"><a href=\"https:\/\/www.markt-kom.com\/wp-content\/uploads\/2025\/01\/Larissa_Sandra.jpg\"><img class=\"size-full wp-image-228980\" src=\"https:\/\/www.markt-kom.com\/wp-content\/uploads\/2025\/01\/Larissa_Sandra.jpg\" sizes=\"(max-width: 1200px) 100vw, 1200px\" srcset=\"https:\/\/www.markt-kom.com\/wp-content\/uploads\/2025\/01\/Larissa_Sandra.jpg 1200w, https:\/\/www.markt-kom.com\/wp-content\/uploads\/2025\/01\/Larissa_Sandra-600x346.jpg 600w, https:\/\/www.markt-kom.com\/wp-content\/uploads\/2025\/01\/Larissa_Sandra-1024x590.jpg 1024w, https:\/\/www.markt-kom.com\/wp-content\/uploads\/2025\/01\/Larissa_Sandra-768x442.jpg 768w, https:\/\/www.markt-kom.com\/wp-content\/uploads\/2025\/01\/Larissa_Sandra-18x10.jpg 18w, https:\/\/www.markt-kom.com\/wp-content\/uploads\/2025\/01\/Larissa_Sandra-304x175.jpg 304w, https:\/\/www.markt-kom.com\/wp-content\/uploads\/2025\/01\/Larissa_Sandra-608x350.jpg 608w, https:\/\/www.markt-kom.com\/wp-content\/uploads\/2025\/01\/Larissa_Sandra-1000x576.jpg 1000w\" alt=\"\" width=\"1200\" height=\"691\" \/><\/a>\r\n<figcaption id=\"caption-attachment-228980\" class=\"wp-caption-text\">Larissa M\u00f6rgeli (left) and Sandra Fehr from Nova Impact. (Image: zVg.)<\/figcaption>\r\n<\/figure>\r\n<p><span style=\"font-size: 11.0pt; font-family: 'Arial',sans-serif;\">Larissa M\u00f6rgeli joined Nova Impact as its first employee in January 2020, shortly after it was founded. With a great deal of \"expertise and her tireless commitment\", she has made a significant contribution to the development and success of the agency over the past five years, according to a Nova Impact press release. M\u00f6rgeli has extensive professional experience and in-depth specialist knowledge with a focus on digital marketing.<\/span><\/p>\r\n<p><span style=\"font-size: 11.0pt; font-family: 'Arial',sans-serif;\">The appointment of M\u00f6rgeli as a partner is a logical step in the agency's development, the statement continues. \"Larissa has played a central role in our company from the very beginning and has contributed significantly to the growth and success of the agency with her strategic foresight and entrepreneurial thinking,\" explains founder Sandra Fehr.<\/span><\/p>","protected":false},"excerpt":{"rendered":"<p>The media and consulting agency Nova Impact celebrates its fifth anniversary in 2025. Its first employee, Larissa M\u00f6rgeli, was given a stake in the agency and made a partner.<\/p>","protected":false},"author":8,"featured_media":0,"comment_status":"closed","ping_status":"closed","sticky":false,"template":"","format":"standard","meta":{"_acf_changed":false,"_yoast_wpseo_focuskw":"Nova Impact Partnerin","_yoast_wpseo_metadesc":"Nova Impact ernennt Larissa M\u00f6rgeli zur Partnerin. Die Digital-Marketing-Expertin war seit 2020 massgeblich am Aufbau der Agentur beteiligt.","articlekey":"","footnotes":""},"categories":[29],"tags":[4345,2853,5009],"class_list":["post-35257","post","type-post","status-publish","format-standard","hentry","category-marketing","tag-business","tag-jobchange","tag-nova-impact"],"acf":[],"yoast_head":"<!-- This site is optimized with the Yoast SEO plugin v27.4 - https:\/\/yoast.com\/product\/yoast-seo-wordpress\/ -->\n<title>Larissa M\u00f6rgeli wird Partnerin bei Nova Impact - Organisator<\/title>\n<meta name=\"description\" content=\"Nova Impact ernennt Larissa M\u00f6rgeli zur Partnerin. Die Digital-Marketing-Expertin war seit 2020 massgeblich am Aufbau der Agentur beteiligt.\" \/>\n<meta name=\"robots\" content=\"index, follow, max-snippet:-1, max-image-preview:large, max-video-preview:-1\" \/>\n<link rel=\"canonical\" href=\"https:\/\/www.organisator.ch\/en\/marketing\/2025-01-15\/larissa-moergeli-wird-partnerin-bei-nova-impact\/\" \/>\n<meta property=\"og:locale\" content=\"en_US\" \/>\n<meta property=\"og:type\" content=\"article\" \/>\n<meta property=\"og:title\" content=\"Larissa M\u00f6rgeli wird Partnerin bei Nova Impact - Organisator\" \/>\n<meta property=\"og:description\" content=\"Nova Impact ernennt Larissa M\u00f6rgeli zur Partnerin. Die Digital-Marketing-Expertin war seit 2020 massgeblich am Aufbau der Agentur beteiligt.\" \/>\n<meta property=\"og:url\" content=\"https:\/\/www.organisator.ch\/en\/marketing\/2025-01-15\/larissa-moergeli-wird-partnerin-bei-nova-impact\/\" \/>\n<meta property=\"og:site_name\" content=\"Organisator\" \/>\n<meta property=\"article:publisher\" content=\"https:\/\/www.facebook.com\/OrganisatorFachmagazin\" \/>\n<meta property=\"article:published_time\" content=\"2025-01-15T11:55:50+00:00\" \/>\n<meta property=\"article:modified_time\" content=\"2025-01-15T12:05:32+00:00\" \/>\n<meta name=\"author\" content=\"galledia\" \/>\n<meta name=\"twitter:card\" content=\"summary_large_image\" \/>\n<meta name=\"twitter:creator\" content=\"@admin\" \/>\n<script type=\"application\/ld+json\" class=\"yoast-schema-graph\">{\"@context\":\"https:\\\/\\\/schema.org\",\"@graph\":[{\"@type\":\"Article\",\"@id\":\"https:\\\/\\\/www.organisator.ch\\\/marketing\\\/2025-01-15\\\/larissa-moergeli-wird-partnerin-bei-nova-impact\\\/#article\",\"isPartOf\":{\"@id\":\"https:\\\/\\\/www.organisator.ch\\\/marketing\\\/2025-01-15\\\/larissa-moergeli-wird-partnerin-bei-nova-impact\\\/\"},\"author\":{\"name\":\"galledia\",\"@id\":\"https:\\\/\\\/www.organisator.ch\\\/#\\\/schema\\\/person\\\/4e51799071cd2dd1232ac003643ef5f0\"},\"headline\":\"Larissa M\u00f6rgeli wird Partnerin bei Nova Impact\",\"datePublished\":\"2025-01-15T11:55:50+00:00\",\"dateModified\":\"2025-01-15T12:05:32+00:00\",\"mainEntityOfPage\":{\"@id\":\"https:\\\/\\\/www.organisator.ch\\\/marketing\\\/2025-01-15\\\/larissa-moergeli-wird-partnerin-bei-nova-impact\\\/\"},\"wordCount\":138,\"publisher\":{\"@id\":\"https:\\\/\\\/www.organisator.ch\\\/#organization\"},\"image\":{\"@id\":\"https:\\\/\\\/www.organisator.ch\\\/marketing\\\/2025-01-15\\\/larissa-moergeli-wird-partnerin-bei-nova-impact\\\/#primaryimage\"},\"thumbnailUrl\":\"https:\\\/\\\/www.markt-kom.com\\\/wp-content\\\/uploads\\\/2025\\\/01\\\/Larissa_Sandra.jpg\",\"keywords\":[\"Business\",\"Jobchange\",\"Nova Impact\"],\"articleSection\":[\"MARKETING\"],\"inLanguage\":\"en-US\"},{\"@type\":\"WebPage\",\"@id\":\"https:\\\/\\\/www.organisator.ch\\\/marketing\\\/2025-01-15\\\/larissa-moergeli-wird-partnerin-bei-nova-impact\\\/\",\"url\":\"https:\\\/\\\/www.organisator.ch\\\/marketing\\\/2025-01-15\\\/larissa-moergeli-wird-partnerin-bei-nova-impact\\\/\",\"name\":\"Larissa M\u00f6rgeli wird Partnerin bei Nova Impact - Organisator\",\"isPartOf\":{\"@id\":\"https:\\\/\\\/www.organisator.ch\\\/#website\"},\"primaryImageOfPage\":{\"@id\":\"https:\\\/\\\/www.organisator.ch\\\/marketing\\\/2025-01-15\\\/larissa-moergeli-wird-partnerin-bei-nova-impact\\\/#primaryimage\"},\"image\":{\"@id\":\"https:\\\/\\\/www.organisator.ch\\\/marketing\\\/2025-01-15\\\/larissa-moergeli-wird-partnerin-bei-nova-impact\\\/#primaryimage\"},\"thumbnailUrl\":\"https:\\\/\\\/www.markt-kom.com\\\/wp-content\\\/uploads\\\/2025\\\/01\\\/Larissa_Sandra.jpg\",\"datePublished\":\"2025-01-15T11:55:50+00:00\",\"dateModified\":\"2025-01-15T12:05:32+00:00\",\"description\":\"Nova Impact ernennt Larissa M\u00f6rgeli zur Partnerin. Die Digital-Marketing-Expertin war seit 2020 massgeblich am Aufbau der Agentur beteiligt.\",\"breadcrumb\":{\"@id\":\"https:\\\/\\\/www.organisator.ch\\\/marketing\\\/2025-01-15\\\/larissa-moergeli-wird-partnerin-bei-nova-impact\\\/#breadcrumb\"},\"inLanguage\":\"en-US\",\"potentialAction\":[{\"@type\":\"ReadAction\",\"target\":[\"https:\\\/\\\/www.organisator.ch\\\/marketing\\\/2025-01-15\\\/larissa-moergeli-wird-partnerin-bei-nova-impact\\\/\"]}]},{\"@type\":\"ImageObject\",\"inLanguage\":\"en-US\",\"@id\":\"https:\\\/\\\/www.organisator.ch\\\/marketing\\\/2025-01-15\\\/larissa-moergeli-wird-partnerin-bei-nova-impact\\\/#primaryimage\",\"url\":\"https:\\\/\\\/www.markt-kom.com\\\/wp-content\\\/uploads\\\/2025\\\/01\\\/Larissa_Sandra.jpg\",\"contentUrl\":\"https:\\\/\\\/www.markt-kom.com\\\/wp-content\\\/uploads\\\/2025\\\/01\\\/Larissa_Sandra.jpg\"},{\"@type\":\"BreadcrumbList\",\"@id\":\"https:\\\/\\\/www.organisator.ch\\\/marketing\\\/2025-01-15\\\/larissa-moergeli-wird-partnerin-bei-nova-impact\\\/#breadcrumb\",\"itemListElement\":[{\"@type\":\"ListItem\",\"position\":1,\"name\":\"Home\",\"item\":\"https:\\\/\\\/www.organisator.ch\\\/\"},{\"@type\":\"ListItem\",\"position\":2,\"name\":\"Larissa M\u00f6rgeli wird Partnerin bei Nova Impact\"}]},{\"@type\":\"WebSite\",\"@id\":\"https:\\\/\\\/www.organisator.ch\\\/#website\",\"url\":\"https:\\\/\\\/www.organisator.ch\\\/\",\"name\":\"Organisator\",\"description\":\"Kompetent. Praxisnah. Der ORGANISATOR bereitet in 10 Ausgaben pro Jahr die wesentlichen Themen f\u00fcr F\u00fchrungskr\u00e4fte von KMU auf.\",\"publisher\":{\"@id\":\"https:\\\/\\\/www.organisator.ch\\\/#organization\"},\"potentialAction\":[{\"@type\":\"SearchAction\",\"target\":{\"@type\":\"EntryPoint\",\"urlTemplate\":\"https:\\\/\\\/www.organisator.ch\\\/?s={search_term_string}\"},\"query-input\":{\"@type\":\"PropertyValueSpecification\",\"valueRequired\":true,\"valueName\":\"search_term_string\"}}],\"inLanguage\":\"en-US\"},{\"@type\":\"Organization\",\"@id\":\"https:\\\/\\\/www.organisator.ch\\\/#organization\",\"name\":\"Organisator\",\"url\":\"https:\\\/\\\/www.organisator.ch\\\/\",\"logo\":{\"@type\":\"ImageObject\",\"inLanguage\":\"en-US\",\"@id\":\"https:\\\/\\\/www.organisator.ch\\\/#\\\/schema\\\/logo\\\/image\\\/\",\"url\":\"https:\\\/\\\/www.organisator.ch\\\/wp-content\\\/uploads\\\/2022\\\/01\\\/Logo_Organisator_Website.png\",\"contentUrl\":\"https:\\\/\\\/www.organisator.ch\\\/wp-content\\\/uploads\\\/2022\\\/01\\\/Logo_Organisator_Website.png\",\"width\":800,\"height\":77,\"caption\":\"Organisator\"},\"image\":{\"@id\":\"https:\\\/\\\/www.organisator.ch\\\/#\\\/schema\\\/logo\\\/image\\\/\"},\"sameAs\":[\"https:\\\/\\\/www.facebook.com\\\/OrganisatorFachmagazin\",\"https:\\\/\\\/www.linkedin.com\\\/showcase\\\/organisator-das-magazin-fr-kmu\",\"https:\\\/\\\/www.xing.com\\\/news\\\/pages\\\/organisator-ch-695\",\"https:\\\/\\\/www.youtube.com\\\/channel\\\/UCGP2Sq0iWaZwT3BdIAQFYpw\"]},{\"@type\":\"Person\",\"@id\":\"https:\\\/\\\/www.organisator.ch\\\/#\\\/schema\\\/person\\\/4e51799071cd2dd1232ac003643ef5f0\",\"name\":\"galledia\",\"image\":{\"@type\":\"ImageObject\",\"inLanguage\":\"en-US\",\"@id\":\"https:\\\/\\\/secure.gravatar.com\\\/avatar\\\/78a7f90c01fc2bfc875782a0d4922b37cde2cf184ce347b91316d23cd7f69a36?s=96&d=mm&r=g\",\"url\":\"https:\\\/\\\/secure.gravatar.com\\\/avatar\\\/78a7f90c01fc2bfc875782a0d4922b37cde2cf184ce347b91316d23cd7f69a36?s=96&d=mm&r=g\",\"contentUrl\":\"https:\\\/\\\/secure.gravatar.com\\\/avatar\\\/78a7f90c01fc2bfc875782a0d4922b37cde2cf184ce347b91316d23cd7f69a36?s=96&d=mm&r=g\",\"caption\":\"galledia\"},\"sameAs\":[\"https:\\\/\\\/x.com\\\/admin\"],\"url\":\"https:\\\/\\\/www.organisator.ch\\\/en\\\/author\\\/galledia\\\/\"}]}<\/script>\n<!-- \/ Yoast SEO plugin. -->","yoast_head_json":{"title":"Larissa M\u00f6rgeli becomes a partner at Nova Impact - Organizer","description":"Nova Impact appoints Larissa M\u00f6rgeli as Partner. The digital marketing expert has played a key role in building up the agency since 2020.","robots":{"index":"index","follow":"follow","max-snippet":"max-snippet:-1","max-image-preview":"max-image-preview:large","max-video-preview":"max-video-preview:-1"},"canonical":"https:\/\/www.organisator.ch\/en\/marketing\/2025-01-15\/larissa-moergeli-wird-partnerin-bei-nova-impact\/","og_locale":"en_US","og_type":"article","og_title":"Larissa M\u00f6rgeli wird Partnerin bei Nova Impact - Organisator","og_description":"Nova Impact ernennt Larissa M\u00f6rgeli zur Partnerin. Die Digital-Marketing-Expertin war seit 2020 massgeblich am Aufbau der Agentur beteiligt.","og_url":"https:\/\/www.organisator.ch\/en\/marketing\/2025-01-15\/larissa-moergeli-wird-partnerin-bei-nova-impact\/","og_site_name":"Organisator","article_publisher":"https:\/\/www.facebook.com\/OrganisatorFachmagazin","article_published_time":"2025-01-15T11:55:50+00:00","article_modified_time":"2025-01-15T12:05:32+00:00","author":"galledia","twitter_card":"summary_large_image","twitter_creator":"@admin","schema":{"@context":"https:\/\/schema.org","@graph":[{"@type":"Article","@id":"https:\/\/www.organisator.ch\/marketing\/2025-01-15\/larissa-moergeli-wird-partnerin-bei-nova-impact\/#article","isPartOf":{"@id":"https:\/\/www.organisator.ch\/marketing\/2025-01-15\/larissa-moergeli-wird-partnerin-bei-nova-impact\/"},"author":{"name":"galledia","@id":"https:\/\/www.organisator.ch\/#\/schema\/person\/4e51799071cd2dd1232ac003643ef5f0"},"headline":"Larissa M\u00f6rgeli wird Partnerin bei Nova Impact","datePublished":"2025-01-15T11:55:50+00:00","dateModified":"2025-01-15T12:05:32+00:00","mainEntityOfPage":{"@id":"https:\/\/www.organisator.ch\/marketing\/2025-01-15\/larissa-moergeli-wird-partnerin-bei-nova-impact\/"},"wordCount":138,"publisher":{"@id":"https:\/\/www.organisator.ch\/#organization"},"image":{"@id":"https:\/\/www.organisator.ch\/marketing\/2025-01-15\/larissa-moergeli-wird-partnerin-bei-nova-impact\/#primaryimage"},"thumbnailUrl":"https:\/\/www.markt-kom.com\/wp-content\/uploads\/2025\/01\/Larissa_Sandra.jpg","keywords":["Business","Jobchange","Nova Impact"],"articleSection":["MARKETING"],"inLanguage":"en-US"},{"@type":"WebPage","@id":"https:\/\/www.organisator.ch\/marketing\/2025-01-15\/larissa-moergeli-wird-partnerin-bei-nova-impact\/","url":"https:\/\/www.organisator.ch\/marketing\/2025-01-15\/larissa-moergeli-wird-partnerin-bei-nova-impact\/","name":"Larissa M\u00f6rgeli becomes a partner at Nova Impact - Organizer","isPartOf":{"@id":"https:\/\/www.organisator.ch\/#website"},"primaryImageOfPage":{"@id":"https:\/\/www.organisator.ch\/marketing\/2025-01-15\/larissa-moergeli-wird-partnerin-bei-nova-impact\/#primaryimage"},"image":{"@id":"https:\/\/www.organisator.ch\/marketing\/2025-01-15\/larissa-moergeli-wird-partnerin-bei-nova-impact\/#primaryimage"},"thumbnailUrl":"https:\/\/www.markt-kom.com\/wp-content\/uploads\/2025\/01\/Larissa_Sandra.jpg","datePublished":"2025-01-15T11:55:50+00:00","dateModified":"2025-01-15T12:05:32+00:00","description":"Nova Impact appoints Larissa M\u00f6rgeli as Partner. The digital marketing expert has played a key role in building up the agency since 2020.","breadcrumb":{"@id":"https:\/\/www.organisator.ch\/marketing\/2025-01-15\/larissa-moergeli-wird-partnerin-bei-nova-impact\/#breadcrumb"},"inLanguage":"en-US","potentialAction":[{"@type":"ReadAction","target":["https:\/\/www.organisator.ch\/marketing\/2025-01-15\/larissa-moergeli-wird-partnerin-bei-nova-impact\/"]}]},{"@type":"ImageObject","inLanguage":"en-US","@id":"https:\/\/www.organisator.ch\/marketing\/2025-01-15\/larissa-moergeli-wird-partnerin-bei-nova-impact\/#primaryimage","url":"https:\/\/www.markt-kom.com\/wp-content\/uploads\/2025\/01\/Larissa_Sandra.jpg","contentUrl":"https:\/\/www.markt-kom.com\/wp-content\/uploads\/2025\/01\/Larissa_Sandra.jpg"},{"@type":"BreadcrumbList","@id":"https:\/\/www.organisator.ch\/marketing\/2025-01-15\/larissa-moergeli-wird-partnerin-bei-nova-impact\/#breadcrumb","itemListElement":[{"@type":"ListItem","position":1,"name":"Home","item":"https:\/\/www.organisator.ch\/"},{"@type":"ListItem","position":2,"name":"Larissa M\u00f6rgeli wird Partnerin bei Nova Impact"}]},{"@type":"WebSite","@id":"https:\/\/www.organisator.ch\/#website","url":"https:\/\/www.organisator.ch\/","name":"Organizer","description":"Competent. Practical. In 10 issues per year, ORGANISATOR presents the essential topics for managers of SMEs.","publisher":{"@id":"https:\/\/www.organisator.ch\/#organization"},"potentialAction":[{"@type":"SearchAction","target":{"@type":"EntryPoint","urlTemplate":"https:\/\/www.organisator.ch\/?s={search_term_string}"},"query-input":{"@type":"PropertyValueSpecification","valueRequired":true,"valueName":"search_term_string"}}],"inLanguage":"en-US"},{"@type":"Organization","@id":"https:\/\/www.organisator.ch\/#organization","name":"Organizer","url":"https:\/\/www.organisator.ch\/","logo":{"@type":"ImageObject","inLanguage":"en-US","@id":"https:\/\/www.organisator.ch\/#\/schema\/logo\/image\/","url":"https:\/\/www.organisator.ch\/wp-content\/uploads\/2022\/01\/Logo_Organisator_Website.png","contentUrl":"https:\/\/www.organisator.ch\/wp-content\/uploads\/2022\/01\/Logo_Organisator_Website.png","width":800,"height":77,"caption":"Organisator"},"image":{"@id":"https:\/\/www.organisator.ch\/#\/schema\/logo\/image\/"},"sameAs":["https:\/\/www.facebook.com\/OrganisatorFachmagazin","https:\/\/www.linkedin.com\/showcase\/organisator-das-magazin-fr-kmu","https:\/\/www.xing.com\/news\/pages\/organisator-ch-695","https:\/\/www.youtube.com\/channel\/UCGP2Sq0iWaZwT3BdIAQFYpw"]},{"@type":"Person","@id":"https:\/\/www.organisator.ch\/#\/schema\/person\/4e51799071cd2dd1232ac003643ef5f0","name":"galledia","image":{"@type":"ImageObject","inLanguage":"en-US","@id":"https:\/\/secure.gravatar.com\/avatar\/78a7f90c01fc2bfc875782a0d4922b37cde2cf184ce347b91316d23cd7f69a36?s=96&d=mm&r=g","url":"https:\/\/secure.gravatar.com\/avatar\/78a7f90c01fc2bfc875782a0d4922b37cde2cf184ce347b91316d23cd7f69a36?s=96&d=mm&r=g","contentUrl":"https:\/\/secure.gravatar.com\/avatar\/78a7f90c01fc2bfc875782a0d4922b37cde2cf184ce347b91316d23cd7f69a36?s=96&d=mm&r=g","caption":"galledia"},"sameAs":["https:\/\/x.com\/admin"],"url":"https:\/\/www.organisator.ch\/en\/author\/galledia\/"}]}},"_links":{"self":[{"href":"https:\/\/www.organisator.ch\/en\/wp-json\/wp\/v2\/posts\/35257","targetHints":{"allow":["GET"]}}],"collection":[{"href":"https:\/\/www.organisator.ch\/en\/wp-json\/wp\/v2\/posts"}],"about":[{"href":"https:\/\/www.organisator.ch\/en\/wp-json\/wp\/v2\/types\/post"}],"author":[{"embeddable":true,"href":"https:\/\/www.organisator.ch\/en\/wp-json\/wp\/v2\/users\/8"}],"replies":[{"embeddable":true,"href":"https:\/\/www.organisator.ch\/en\/wp-json\/wp\/v2\/comments?post=35257"}],"version-history":[{"count":4,"href":"https:\/\/www.organisator.ch\/en\/wp-json\/wp\/v2\/posts\/35257\/revisions"}],"predecessor-version":[{"id":35261,"href":"https:\/\/www.organisator.ch\/en\/wp-json\/wp\/v2\/posts\/35257\/revisions\/35261"}],"wp:attachment":[{"href":"https:\/\/www.organisator.ch\/en\/wp-json\/wp\/v2\/media?parent=35257"}],"wp:term":[{"taxonomy":"category","embeddable":true,"href":"https:\/\/www.organisator.ch\/en\/wp-json\/wp\/v2\/categories?post=35257"},{"taxonomy":"post_tag","embeddable":true,"href":"https:\/\/www.organisator.ch\/en\/wp-json\/wp\/v2\/tags?post=35257"}],"curies":[{"name":"wp","href":"https:\/\/api.w.org\/{rel}","templated":true}]}}