{"id":35309,"date":"2025-01-17T07:15:08","date_gmt":"2025-01-17T06:15:08","guid":{"rendered":"https:\/\/www.organisator.ch\/?p=35309"},"modified":"2025-01-16T15:29:08","modified_gmt":"2025-01-16T14:29:08","slug":"experte-warnt-vor-manager-mangel-eine-aussterbende-spezies","status":"publish","type":"post","link":"https:\/\/www.organisator.ch\/en\/human-resources\/2025-01-17\/experte-warnt-vor-manager-mangel-eine-aussterbende-spezies\/","title":{"rendered":"Expert warns of manager shortage: a dying breed?"},"content":{"rendered":"<figure id=\"attachment_35311\" aria-describedby=\"caption-attachment-35311\" style=\"width: 680px\" class=\"wp-caption alignnone\"><img loading=\"lazy\" decoding=\"async\" class=\"size-full wp-image-35311\" src=\"https:\/\/www.organisator.ch\/wp-content\/uploads\/2025\/01\/Butterflymanager_Bild1_ps.jpg\" alt=\"\" width=\"680\" height=\"454\" srcset=\"https:\/\/www.organisator.ch\/wp-content\/uploads\/2025\/01\/Butterflymanager_Bild1_ps.jpg 680w, https:\/\/www.organisator.ch\/wp-content\/uploads\/2025\/01\/Butterflymanager_Bild1_ps-18x12.jpg 18w, https:\/\/www.organisator.ch\/wp-content\/uploads\/2025\/01\/Butterflymanager_Bild1_ps-375x250.jpg 375w, https:\/\/www.organisator.ch\/wp-content\/uploads\/2025\/01\/Butterflymanager_Bild1_ps-524x350.jpg 524w\" sizes=\"auto, (max-width: 680px) 100vw, 680px\" \/><figcaption id=\"caption-attachment-35311\" class=\"wp-caption-text\">Interim management as a solution to the skills shortage: Dr. Harald Sch\u00f6nfeld explains how Butterflymanager supports companies. (Image: www.depositphotos.com)<\/figcaption><\/figure>\n<p>Dr. Harald Sch\u00f6nfeld, Managing Director of the personnel consultancy Butterflymanager, which specializes in the placement of interim managers, explains: \"The low birth rate is leading to a smaller pool of young people who are eligible for management positions. The so-called 'war for talent' will therefore inevitably intensify. Companies will have to get used to the fact that they will no longer be able to permanently fill every management position with a qualified manager.\" The management expert knows from experience that important management positions are already often filled for months with interim managers to bridge vacancies, especially in medium-sized companies.<\/p>\n<p>In addition, the next generation of managers has a more self-confident understanding of their profession, says Dr. Harald Sch\u00f6nfeld. He explains: \"The traditional career drivers of power and money are becoming less and less appealing to young people. The new generation is striving for much more self-realization and meaningfulness in their professional lives. They naturally demand a better work-life balance than the previous management cadre.\"<\/p>\n<h3><strong>Interim managers as a way out of the management crisis<\/strong><\/h3>\n<p>Butterflymanager has already prepared itself for an increasing demand for interim managers as a way out of the \"manager crisis\", says Dr. Harald Sch\u00f6nfeld. He is also Managing Director of the interim manager community United Interim. According to him, the demand for interim managers has been increasing for over a year.<\/p>\n<p>Dr. Harald Sch\u00f6nfeld looks to the future: \"Interim management is still considered a niche market with around 15,000 specialist managers in German-speaking countries, but it will become increasingly widespread in the future.\" He bases his forecast not only on the shortage of managers but also on changes on the corporate side. In numerous discussions with board members, managing directors and supervisory board members, he has noticed that a rethink is taking place at the top of companies. It is becoming increasingly clear that sprawling management hierarchies often lead to internal trench warfare, bureaucracy, navel-gazing, operational blindness and inertia, which are detrimental to the company. Interim managers are brought into the company for specific tasks. They offer valuable management resources that go far beyond bridging vacancies and act independently of internal structures.\"<\/p>\n<p>The management expert cites the introduction of artificial intelligence in companies as a current example. \"Middle managers are often far too afraid of losing their own jobs to make a serious effort to introduce AI on a large scale,\" says Dr. Harald Sch\u00f6nfeld, who has worked on several projects. \"The aim of reducing bureaucracy, not only in public administration but also in companies, is often linked to the large-scale introduction of AI in order to streamline management hierarchies.\" Dr. Harald Sch\u00f6nfeld is convinced that, although the managers who have been made redundant are generally no longer able to find a suitable permanent position or are no longer even looking for one, they can \"in many cases have a very good effect\" as interim managers detached from a company-specific corset. He has often found that many managers can only really apply their creativity, assertiveness and experience to a task when they are no longer confined to the hierarchy of a rigid organization.<\/p>\n<h3>How Butterflymanager supports companies<\/h3>\n<p>Butterflymanager is a recruitment consultancy specializing in the placement of interim managers for more than 20 years. Interim managers are temporary executives who bridge vacancies or take on special tasks. The butterflymanager method developed by Managing Director Dr. Harald Sch\u00f6nfeld is a 5-step system for systematically finding the right interim manager in the shortest possible time and deploying them successfully in the company. The five steps include: 1. clarification of the assignment, 2. search for candidates, 3. decision support, 4. contractual partnership and 5. project support. In view of the shortage of qualified specialists and managers, interim managers have a key role to play in the success of a company. Dr. Harald Sch\u00f6nfeld is also the founder and managing director of United Interim, the leading online community for interim managers in German-speaking countries. He is also the publisher of the specialist book series \"Learning from Interim Managers\", which is published by the UN think tank Diplomatic Council. As a certified supervisory and advisory board member, Dr. Harald Sch\u00f6nfeld personally takes on corresponding mandates.<\/p>\n<p><em>Source: <a href=\"http:\/\/www.butterflymanager.com\">www.butterflymanager.com<\/a><\/em><\/p>","protected":false},"excerpt":{"rendered":"<p>\"The shortage of skilled workers does not stop at the management level,\" says management expert Dr. Harald Sch\u00f6nfeld. He predicts that good managers will soon be as hard to find as tradesmen or nursing staff. He cites the demographic factor and a new understanding of work-life balance as the main reasons for this development, which does not stop at the upper echelons of management.<\/p>","protected":false},"author":80,"featured_media":35311,"comment_status":"closed","ping_status":"closed","sticky":false,"template":"","format":"standard","meta":{"_acf_changed":false,"_yoast_wpseo_focuskw":"Interim Management","_yoast_wpseo_metadesc":"Interim Management als L\u00f6sung f\u00fcr den Fachkr\u00e4ftemangel: Dr. Harald Sch\u00f6nfeld erkl\u00e4rt, wie Butterflymanager Unternehmen unterst\u00fctzt.","articlekey":"","footnotes":""},"categories":[579],"tags":[194,5017,277,492,538],"class_list":["post-35309","post","type-post","status-publish","format-standard","has-post-thumbnail","hentry","category-human-resources","tag-fachkraeftemangel","tag-fuehrungskraft","tag-interimmanagement","tag-unternehmen","tag-work-life-balance"],"acf":[],"yoast_head":"<!-- This site is optimized with the Yoast SEO plugin v27.5 - https:\/\/yoast.com\/product\/yoast-seo-wordpress\/ -->\n<title>Experte warnt vor Manager-Mangel: Eine aussterbende Spezies? - Organisator<\/title>\n<meta name=\"description\" content=\"Interim Management als L\u00f6sung f\u00fcr den Fachkr\u00e4ftemangel: Dr. Harald Sch\u00f6nfeld erkl\u00e4rt, wie Butterflymanager Unternehmen unterst\u00fctzt.\" \/>\n<meta name=\"robots\" content=\"index, follow, max-snippet:-1, max-image-preview:large, max-video-preview:-1\" \/>\n<link rel=\"canonical\" href=\"https:\/\/www.organisator.ch\/en\/human-resources\/2025-01-17\/experte-warnt-vor-manager-mangel-eine-aussterbende-spezies\/\" \/>\n<meta property=\"og:locale\" content=\"en_US\" \/>\n<meta property=\"og:type\" content=\"article\" \/>\n<meta property=\"og:title\" content=\"Experte warnt vor Manager-Mangel: Eine aussterbende Spezies?\" \/>\n<meta property=\"og:description\" content=\"Interim Management als L\u00f6sung f\u00fcr den Fachkr\u00e4ftemangel: Dr. Harald Sch\u00f6nfeld erkl\u00e4rt, wie Butterflymanager Unternehmen unterst\u00fctzt.\" \/>\n<meta property=\"og:url\" content=\"https:\/\/www.organisator.ch\/en\/human-resources\/2025-01-17\/experte-warnt-vor-manager-mangel-eine-aussterbende-spezies\/\" \/>\n<meta property=\"og:site_name\" content=\"Organisator\" \/>\n<meta property=\"article:publisher\" content=\"https:\/\/www.facebook.com\/OrganisatorFachmagazin\" \/>\n<meta property=\"article:published_time\" content=\"2025-01-17T06:15:08+00:00\" \/>\n<meta property=\"og:image\" content=\"https:\/\/www.organisator.ch\/wp-content\/uploads\/2025\/01\/Butterflymanager_Bild1_ps.jpg\" \/>\n\t<meta property=\"og:image:width\" content=\"680\" \/>\n\t<meta property=\"og:image:height\" content=\"454\" \/>\n\t<meta property=\"og:image:type\" content=\"image\/jpeg\" \/>\n<meta name=\"author\" content=\"Dzana Muminovic\" \/>\n<meta name=\"twitter:card\" content=\"summary_large_image\" \/>\n<meta name=\"twitter:title\" content=\"Experte warnt vor Manager-Mangel: Eine aussterbende Spezies?\" \/>\n<meta name=\"twitter:description\" content=\"#Interim #Management als #L\u00f6sung f\u00fcr den #Fachkr\u00e4ftemangel: Dr. Harald Sch\u00f6nfeld erkl\u00e4rt, wie #Butterflymanager #Unternehmen unterst\u00fctzt.\" \/>\n<meta name=\"twitter:image\" content=\"https:\/\/www.organisator.ch\/wp-content\/uploads\/2025\/01\/Butterflymanager_Bild1_ps.jpg\" \/>\n<script type=\"application\/ld+json\" class=\"yoast-schema-graph\">{\"@context\":\"https:\\\/\\\/schema.org\",\"@graph\":[{\"@type\":\"Article\",\"@id\":\"https:\\\/\\\/www.organisator.ch\\\/human-resources\\\/2025-01-17\\\/experte-warnt-vor-manager-mangel-eine-aussterbende-spezies\\\/#article\",\"isPartOf\":{\"@id\":\"https:\\\/\\\/www.organisator.ch\\\/human-resources\\\/2025-01-17\\\/experte-warnt-vor-manager-mangel-eine-aussterbende-spezies\\\/\"},\"author\":{\"name\":\"Dzana Muminovic\",\"@id\":\"https:\\\/\\\/www.organisator.ch\\\/#\\\/schema\\\/person\\\/afccda3a71c06d4be2ed9100dd163db7\"},\"headline\":\"Experte warnt vor Manager-Mangel: Eine aussterbende Spezies?\",\"datePublished\":\"2025-01-17T06:15:08+00:00\",\"mainEntityOfPage\":{\"@id\":\"https:\\\/\\\/www.organisator.ch\\\/human-resources\\\/2025-01-17\\\/experte-warnt-vor-manager-mangel-eine-aussterbende-spezies\\\/\"},\"wordCount\":727,\"publisher\":{\"@id\":\"https:\\\/\\\/www.organisator.ch\\\/#organization\"},\"image\":{\"@id\":\"https:\\\/\\\/www.organisator.ch\\\/human-resources\\\/2025-01-17\\\/experte-warnt-vor-manager-mangel-eine-aussterbende-spezies\\\/#primaryimage\"},\"thumbnailUrl\":\"https:\\\/\\\/www.organisator.ch\\\/wp-content\\\/uploads\\\/2025\\\/01\\\/Butterflymanager_Bild1_ps.jpg\",\"keywords\":[\"Fachkr\u00e4ftemangel\",\"F\u00fchrungskraft\",\"Interimmanagement\",\"Unternehmen\",\"Work-Life-Balance\"],\"articleSection\":[\"HUMAN RESOURCES\"],\"inLanguage\":\"en-US\"},{\"@type\":\"WebPage\",\"@id\":\"https:\\\/\\\/www.organisator.ch\\\/human-resources\\\/2025-01-17\\\/experte-warnt-vor-manager-mangel-eine-aussterbende-spezies\\\/\",\"url\":\"https:\\\/\\\/www.organisator.ch\\\/human-resources\\\/2025-01-17\\\/experte-warnt-vor-manager-mangel-eine-aussterbende-spezies\\\/\",\"name\":\"Experte warnt vor Manager-Mangel: Eine aussterbende Spezies? - Organisator\",\"isPartOf\":{\"@id\":\"https:\\\/\\\/www.organisator.ch\\\/#website\"},\"primaryImageOfPage\":{\"@id\":\"https:\\\/\\\/www.organisator.ch\\\/human-resources\\\/2025-01-17\\\/experte-warnt-vor-manager-mangel-eine-aussterbende-spezies\\\/#primaryimage\"},\"image\":{\"@id\":\"https:\\\/\\\/www.organisator.ch\\\/human-resources\\\/2025-01-17\\\/experte-warnt-vor-manager-mangel-eine-aussterbende-spezies\\\/#primaryimage\"},\"thumbnailUrl\":\"https:\\\/\\\/www.organisator.ch\\\/wp-content\\\/uploads\\\/2025\\\/01\\\/Butterflymanager_Bild1_ps.jpg\",\"datePublished\":\"2025-01-17T06:15:08+00:00\",\"description\":\"Interim Management als L\u00f6sung f\u00fcr den Fachkr\u00e4ftemangel: Dr. Harald Sch\u00f6nfeld erkl\u00e4rt, wie Butterflymanager Unternehmen unterst\u00fctzt.\",\"breadcrumb\":{\"@id\":\"https:\\\/\\\/www.organisator.ch\\\/human-resources\\\/2025-01-17\\\/experte-warnt-vor-manager-mangel-eine-aussterbende-spezies\\\/#breadcrumb\"},\"inLanguage\":\"en-US\",\"potentialAction\":[{\"@type\":\"ReadAction\",\"target\":[\"https:\\\/\\\/www.organisator.ch\\\/human-resources\\\/2025-01-17\\\/experte-warnt-vor-manager-mangel-eine-aussterbende-spezies\\\/\"]}]},{\"@type\":\"ImageObject\",\"inLanguage\":\"en-US\",\"@id\":\"https:\\\/\\\/www.organisator.ch\\\/human-resources\\\/2025-01-17\\\/experte-warnt-vor-manager-mangel-eine-aussterbende-spezies\\\/#primaryimage\",\"url\":\"https:\\\/\\\/www.organisator.ch\\\/wp-content\\\/uploads\\\/2025\\\/01\\\/Butterflymanager_Bild1_ps.jpg\",\"contentUrl\":\"https:\\\/\\\/www.organisator.ch\\\/wp-content\\\/uploads\\\/2025\\\/01\\\/Butterflymanager_Bild1_ps.jpg\",\"width\":680,\"height\":454,\"caption\":\"Interim Management als L\u00f6sung f\u00fcr den Fachkr\u00e4ftemangel: Dr. Harald Sch\u00f6nfeld erkl\u00e4rt, wie Butterflymanager Unternehmen unterst\u00fctzt. (Bild: www.depositphotos.com)\"},{\"@type\":\"BreadcrumbList\",\"@id\":\"https:\\\/\\\/www.organisator.ch\\\/human-resources\\\/2025-01-17\\\/experte-warnt-vor-manager-mangel-eine-aussterbende-spezies\\\/#breadcrumb\",\"itemListElement\":[{\"@type\":\"ListItem\",\"position\":1,\"name\":\"Home\",\"item\":\"https:\\\/\\\/www.organisator.ch\\\/\"},{\"@type\":\"ListItem\",\"position\":2,\"name\":\"Experte warnt vor Manager-Mangel: Eine aussterbende Spezies?\"}]},{\"@type\":\"WebSite\",\"@id\":\"https:\\\/\\\/www.organisator.ch\\\/#website\",\"url\":\"https:\\\/\\\/www.organisator.ch\\\/\",\"name\":\"Organisator\",\"description\":\"Kompetent. Praxisnah. Der ORGANISATOR bereitet in 10 Ausgaben pro Jahr die wesentlichen Themen f\u00fcr F\u00fchrungskr\u00e4fte von KMU auf.\",\"publisher\":{\"@id\":\"https:\\\/\\\/www.organisator.ch\\\/#organization\"},\"potentialAction\":[{\"@type\":\"SearchAction\",\"target\":{\"@type\":\"EntryPoint\",\"urlTemplate\":\"https:\\\/\\\/www.organisator.ch\\\/?s={search_term_string}\"},\"query-input\":{\"@type\":\"PropertyValueSpecification\",\"valueRequired\":true,\"valueName\":\"search_term_string\"}}],\"inLanguage\":\"en-US\"},{\"@type\":\"Organization\",\"@id\":\"https:\\\/\\\/www.organisator.ch\\\/#organization\",\"name\":\"Organisator\",\"url\":\"https:\\\/\\\/www.organisator.ch\\\/\",\"logo\":{\"@type\":\"ImageObject\",\"inLanguage\":\"en-US\",\"@id\":\"https:\\\/\\\/www.organisator.ch\\\/#\\\/schema\\\/logo\\\/image\\\/\",\"url\":\"https:\\\/\\\/www.organisator.ch\\\/wp-content\\\/uploads\\\/2022\\\/01\\\/Logo_Organisator_Website.png\",\"contentUrl\":\"https:\\\/\\\/www.organisator.ch\\\/wp-content\\\/uploads\\\/2022\\\/01\\\/Logo_Organisator_Website.png\",\"width\":800,\"height\":77,\"caption\":\"Organisator\"},\"image\":{\"@id\":\"https:\\\/\\\/www.organisator.ch\\\/#\\\/schema\\\/logo\\\/image\\\/\"},\"sameAs\":[\"https:\\\/\\\/www.facebook.com\\\/OrganisatorFachmagazin\",\"https:\\\/\\\/www.linkedin.com\\\/showcase\\\/organisator-das-magazin-fr-kmu\",\"https:\\\/\\\/www.xing.com\\\/news\\\/pages\\\/organisator-ch-695\",\"https:\\\/\\\/www.youtube.com\\\/channel\\\/UCGP2Sq0iWaZwT3BdIAQFYpw\"]},{\"@type\":\"Person\",\"@id\":\"https:\\\/\\\/www.organisator.ch\\\/#\\\/schema\\\/person\\\/afccda3a71c06d4be2ed9100dd163db7\",\"name\":\"Dzana Muminovic\",\"image\":{\"@type\":\"ImageObject\",\"inLanguage\":\"en-US\",\"@id\":\"https:\\\/\\\/secure.gravatar.com\\\/avatar\\\/909c5c71aff4b38e88686f2ab2f1ba152571f394f41ed8bae431ea56ced93050?s=96&d=mm&r=g\",\"url\":\"https:\\\/\\\/secure.gravatar.com\\\/avatar\\\/909c5c71aff4b38e88686f2ab2f1ba152571f394f41ed8bae431ea56ced93050?s=96&d=mm&r=g\",\"contentUrl\":\"https:\\\/\\\/secure.gravatar.com\\\/avatar\\\/909c5c71aff4b38e88686f2ab2f1ba152571f394f41ed8bae431ea56ced93050?s=96&d=mm&r=g\",\"caption\":\"Dzana Muminovic\"},\"url\":\"https:\\\/\\\/www.organisator.ch\\\/en\\\/author\\\/dzana-muminovic\\\/\"}]}<\/script>\n<!-- \/ Yoast SEO plugin. -->","yoast_head_json":{"title":"Expert warns of manager shortage: a dying breed? - Organizer","description":"Interim management as a solution to the skills shortage: Dr. Harald Sch\u00f6nfeld explains how Butterflymanager supports companies.","robots":{"index":"index","follow":"follow","max-snippet":"max-snippet:-1","max-image-preview":"max-image-preview:large","max-video-preview":"max-video-preview:-1"},"canonical":"https:\/\/www.organisator.ch\/en\/human-resources\/2025-01-17\/experte-warnt-vor-manager-mangel-eine-aussterbende-spezies\/","og_locale":"en_US","og_type":"article","og_title":"Experte warnt vor Manager-Mangel: Eine aussterbende Spezies?","og_description":"Interim Management als L\u00f6sung f\u00fcr den Fachkr\u00e4ftemangel: Dr. Harald Sch\u00f6nfeld erkl\u00e4rt, wie Butterflymanager Unternehmen unterst\u00fctzt.","og_url":"https:\/\/www.organisator.ch\/en\/human-resources\/2025-01-17\/experte-warnt-vor-manager-mangel-eine-aussterbende-spezies\/","og_site_name":"Organisator","article_publisher":"https:\/\/www.facebook.com\/OrganisatorFachmagazin","article_published_time":"2025-01-17T06:15:08+00:00","og_image":[{"width":680,"height":454,"url":"https:\/\/www.organisator.ch\/wp-content\/uploads\/2025\/01\/Butterflymanager_Bild1_ps.jpg","type":"image\/jpeg"}],"author":"Dzana Muminovic","twitter_card":"summary_large_image","twitter_title":"Experte warnt vor Manager-Mangel: Eine aussterbende Spezies?","twitter_description":"#Interim #Management als #L\u00f6sung f\u00fcr den #Fachkr\u00e4ftemangel: Dr. Harald Sch\u00f6nfeld erkl\u00e4rt, wie #Butterflymanager #Unternehmen unterst\u00fctzt.","twitter_image":"https:\/\/www.organisator.ch\/wp-content\/uploads\/2025\/01\/Butterflymanager_Bild1_ps.jpg","schema":{"@context":"https:\/\/schema.org","@graph":[{"@type":"Article","@id":"https:\/\/www.organisator.ch\/human-resources\/2025-01-17\/experte-warnt-vor-manager-mangel-eine-aussterbende-spezies\/#article","isPartOf":{"@id":"https:\/\/www.organisator.ch\/human-resources\/2025-01-17\/experte-warnt-vor-manager-mangel-eine-aussterbende-spezies\/"},"author":{"name":"Dzana Muminovic","@id":"https:\/\/www.organisator.ch\/#\/schema\/person\/afccda3a71c06d4be2ed9100dd163db7"},"headline":"Experte warnt vor Manager-Mangel: Eine aussterbende Spezies?","datePublished":"2025-01-17T06:15:08+00:00","mainEntityOfPage":{"@id":"https:\/\/www.organisator.ch\/human-resources\/2025-01-17\/experte-warnt-vor-manager-mangel-eine-aussterbende-spezies\/"},"wordCount":727,"publisher":{"@id":"https:\/\/www.organisator.ch\/#organization"},"image":{"@id":"https:\/\/www.organisator.ch\/human-resources\/2025-01-17\/experte-warnt-vor-manager-mangel-eine-aussterbende-spezies\/#primaryimage"},"thumbnailUrl":"https:\/\/www.organisator.ch\/wp-content\/uploads\/2025\/01\/Butterflymanager_Bild1_ps.jpg","keywords":["Fachkr\u00e4ftemangel","F\u00fchrungskraft","Interimmanagement","Unternehmen","Work-Life-Balance"],"articleSection":["HUMAN RESOURCES"],"inLanguage":"en-US"},{"@type":"WebPage","@id":"https:\/\/www.organisator.ch\/human-resources\/2025-01-17\/experte-warnt-vor-manager-mangel-eine-aussterbende-spezies\/","url":"https:\/\/www.organisator.ch\/human-resources\/2025-01-17\/experte-warnt-vor-manager-mangel-eine-aussterbende-spezies\/","name":"Expert warns of manager shortage: a dying breed? - Organizer","isPartOf":{"@id":"https:\/\/www.organisator.ch\/#website"},"primaryImageOfPage":{"@id":"https:\/\/www.organisator.ch\/human-resources\/2025-01-17\/experte-warnt-vor-manager-mangel-eine-aussterbende-spezies\/#primaryimage"},"image":{"@id":"https:\/\/www.organisator.ch\/human-resources\/2025-01-17\/experte-warnt-vor-manager-mangel-eine-aussterbende-spezies\/#primaryimage"},"thumbnailUrl":"https:\/\/www.organisator.ch\/wp-content\/uploads\/2025\/01\/Butterflymanager_Bild1_ps.jpg","datePublished":"2025-01-17T06:15:08+00:00","description":"Interim management as a solution to the skills shortage: Dr. Harald Sch\u00f6nfeld explains how Butterflymanager supports companies.","breadcrumb":{"@id":"https:\/\/www.organisator.ch\/human-resources\/2025-01-17\/experte-warnt-vor-manager-mangel-eine-aussterbende-spezies\/#breadcrumb"},"inLanguage":"en-US","potentialAction":[{"@type":"ReadAction","target":["https:\/\/www.organisator.ch\/human-resources\/2025-01-17\/experte-warnt-vor-manager-mangel-eine-aussterbende-spezies\/"]}]},{"@type":"ImageObject","inLanguage":"en-US","@id":"https:\/\/www.organisator.ch\/human-resources\/2025-01-17\/experte-warnt-vor-manager-mangel-eine-aussterbende-spezies\/#primaryimage","url":"https:\/\/www.organisator.ch\/wp-content\/uploads\/2025\/01\/Butterflymanager_Bild1_ps.jpg","contentUrl":"https:\/\/www.organisator.ch\/wp-content\/uploads\/2025\/01\/Butterflymanager_Bild1_ps.jpg","width":680,"height":454,"caption":"Interim Management als L\u00f6sung f\u00fcr den Fachkr\u00e4ftemangel: Dr. Harald Sch\u00f6nfeld erkl\u00e4rt, wie Butterflymanager Unternehmen unterst\u00fctzt. (Bild: www.depositphotos.com)"},{"@type":"BreadcrumbList","@id":"https:\/\/www.organisator.ch\/human-resources\/2025-01-17\/experte-warnt-vor-manager-mangel-eine-aussterbende-spezies\/#breadcrumb","itemListElement":[{"@type":"ListItem","position":1,"name":"Home","item":"https:\/\/www.organisator.ch\/"},{"@type":"ListItem","position":2,"name":"Experte warnt vor Manager-Mangel: Eine aussterbende Spezies?"}]},{"@type":"WebSite","@id":"https:\/\/www.organisator.ch\/#website","url":"https:\/\/www.organisator.ch\/","name":"Organizer","description":"Competent. Practical. In 10 issues per year, ORGANISATOR presents the essential topics for managers of SMEs.","publisher":{"@id":"https:\/\/www.organisator.ch\/#organization"},"potentialAction":[{"@type":"SearchAction","target":{"@type":"EntryPoint","urlTemplate":"https:\/\/www.organisator.ch\/?s={search_term_string}"},"query-input":{"@type":"PropertyValueSpecification","valueRequired":true,"valueName":"search_term_string"}}],"inLanguage":"en-US"},{"@type":"Organization","@id":"https:\/\/www.organisator.ch\/#organization","name":"Organizer","url":"https:\/\/www.organisator.ch\/","logo":{"@type":"ImageObject","inLanguage":"en-US","@id":"https:\/\/www.organisator.ch\/#\/schema\/logo\/image\/","url":"https:\/\/www.organisator.ch\/wp-content\/uploads\/2022\/01\/Logo_Organisator_Website.png","contentUrl":"https:\/\/www.organisator.ch\/wp-content\/uploads\/2022\/01\/Logo_Organisator_Website.png","width":800,"height":77,"caption":"Organisator"},"image":{"@id":"https:\/\/www.organisator.ch\/#\/schema\/logo\/image\/"},"sameAs":["https:\/\/www.facebook.com\/OrganisatorFachmagazin","https:\/\/www.linkedin.com\/showcase\/organisator-das-magazin-fr-kmu","https:\/\/www.xing.com\/news\/pages\/organisator-ch-695","https:\/\/www.youtube.com\/channel\/UCGP2Sq0iWaZwT3BdIAQFYpw"]},{"@type":"Person","@id":"https:\/\/www.organisator.ch\/#\/schema\/person\/afccda3a71c06d4be2ed9100dd163db7","name":"Dzana Muminovic","image":{"@type":"ImageObject","inLanguage":"en-US","@id":"https:\/\/secure.gravatar.com\/avatar\/909c5c71aff4b38e88686f2ab2f1ba152571f394f41ed8bae431ea56ced93050?s=96&d=mm&r=g","url":"https:\/\/secure.gravatar.com\/avatar\/909c5c71aff4b38e88686f2ab2f1ba152571f394f41ed8bae431ea56ced93050?s=96&d=mm&r=g","contentUrl":"https:\/\/secure.gravatar.com\/avatar\/909c5c71aff4b38e88686f2ab2f1ba152571f394f41ed8bae431ea56ced93050?s=96&d=mm&r=g","caption":"Dzana Muminovic"},"url":"https:\/\/www.organisator.ch\/en\/author\/dzana-muminovic\/"}]}},"_links":{"self":[{"href":"https:\/\/www.organisator.ch\/en\/wp-json\/wp\/v2\/posts\/35309","targetHints":{"allow":["GET"]}}],"collection":[{"href":"https:\/\/www.organisator.ch\/en\/wp-json\/wp\/v2\/posts"}],"about":[{"href":"https:\/\/www.organisator.ch\/en\/wp-json\/wp\/v2\/types\/post"}],"author":[{"embeddable":true,"href":"https:\/\/www.organisator.ch\/en\/wp-json\/wp\/v2\/users\/80"}],"replies":[{"embeddable":true,"href":"https:\/\/www.organisator.ch\/en\/wp-json\/wp\/v2\/comments?post=35309"}],"version-history":[{"count":4,"href":"https:\/\/www.organisator.ch\/en\/wp-json\/wp\/v2\/posts\/35309\/revisions"}],"predecessor-version":[{"id":35355,"href":"https:\/\/www.organisator.ch\/en\/wp-json\/wp\/v2\/posts\/35309\/revisions\/35355"}],"wp:featuredmedia":[{"embeddable":true,"href":"https:\/\/www.organisator.ch\/en\/wp-json\/wp\/v2\/media\/35311"}],"wp:attachment":[{"href":"https:\/\/www.organisator.ch\/en\/wp-json\/wp\/v2\/media?parent=35309"}],"wp:term":[{"taxonomy":"category","embeddable":true,"href":"https:\/\/www.organisator.ch\/en\/wp-json\/wp\/v2\/categories?post=35309"},{"taxonomy":"post_tag","embeddable":true,"href":"https:\/\/www.organisator.ch\/en\/wp-json\/wp\/v2\/tags?post=35309"}],"curies":[{"name":"wp","href":"https:\/\/api.w.org\/{rel}","templated":true}]}}