{"id":3531,"date":"2018-05-02T08:07:31","date_gmt":"2018-05-02T06:07:31","guid":{"rendered":"https:\/\/www.organisator.ch\/?p=3531"},"modified":"2018-05-02T08:07:31","modified_gmt":"2018-05-02T06:07:31","slug":"abschaltwelle-der-swisscom-laesst-internettelefonie-wachsen","status":"publish","type":"post","link":"https:\/\/www.organisator.ch\/en\/management\/it\/2018-05-02\/abschaltwelle-der-swisscom-laesst-internettelefonie-wachsen\/","title":{"rendered":"Wave of Swisscom shutdowns causes Internet telephony to grow"},"content":{"rendered":"<figure id=\"attachment_3532\" aria-describedby=\"caption-attachment-3532\" style=\"width: 479px\" class=\"wp-caption alignnone\"><img loading=\"lazy\" decoding=\"async\" class=\"size-full wp-image-3532\" src=\"https:\/\/www.organisator.ch\/wp-content\/uploads\/2018\/05\/Abschaltwelle-der-Swisscom-laesst-Internettelefonie-wachsen_Organisator.jpg\" alt=\"\" width=\"479\" height=\"640\" srcset=\"https:\/\/www.organisator.ch\/wp-content\/uploads\/2018\/05\/Abschaltwelle-der-Swisscom-laesst-Internettelefonie-wachsen_Organisator.jpg 479w, https:\/\/www.organisator.ch\/wp-content\/uploads\/2018\/05\/Abschaltwelle-der-Swisscom-laesst-Internettelefonie-wachsen_Organisator-9x12.jpg 9w, https:\/\/www.organisator.ch\/wp-content\/uploads\/2018\/05\/Abschaltwelle-der-Swisscom-laesst-Internettelefonie-wachsen_Organisator-131x175.jpg 131w, https:\/\/www.organisator.ch\/wp-content\/uploads\/2018\/05\/Abschaltwelle-der-Swisscom-laesst-Internettelefonie-wachsen_Organisator-262x350.jpg 262w, https:\/\/www.organisator.ch\/wp-content\/uploads\/2018\/05\/Abschaltwelle-der-Swisscom-laesst-Internettelefonie-wachsen_Organisator-300x401.jpg 300w\" sizes=\"auto, (max-width: 479px) 100vw, 479px\" \/><figcaption id=\"caption-attachment-3532\" class=\"wp-caption-text\">Matthias Oswald, CEO of iWay, expects continued strong growth in Internet telephony. (Image: zVg)<\/figcaption><\/figure>\n<p>Zurich-based iWay AG is one of Switzerland's leading Internet Service Providers (ISP) for private individuals and small and medium-sized enterprises. Founded in 1995, the company offers customized solutions in the areas of Internet access, VoIP telephony, e-mail, hosting and data centers. For the past year, iWay has been a wholly owned subsidiary of St.Gallisch-Appenzellische Kraftwerke SAK. Recently, the company provided information about its current economic figures and about new services.<\/p>\n<h2>Internet telephony as a growth area<\/h2>\n<p>Megatrends such as mobility and cloud computing mean that the need for reliable business communication is also growing among smaller companies, iWay announced at a media conference in mid-April. \"The acceptance of unified communication and modern forms of collaboration has already become noticeably stronger and will continue to increase, especially in the area of smaller companies,\" says CEO Matthias Oswald. iWay will therefore also increasingly benefit from the combination of telephony, meeting solutions, messaging and mobile availability management at K-companies. In addition, Oswald expects strong growth in Internet telephony VoIP well beyond the current year as a result of the switch to \"All IP\" at Swisscom. \"Internet telephony will remain an above-average growth area for us in the medium term. On the one hand, because the wave of cancellations at Swisscom is far from over. On the other hand, because many companies are not even concerned about the topic at the moment,\" says Oswald. Experience shows, however, that after the \"forced\" switch to Voice Over IP, many companies only become aware over time that there are attractive alternatives in Internet telephony. Specifically for SMEs, iWay offers what it claims is a unique product: a VoIP gateway that is connected downstream from an existing telephone exchange. This means that a company does not have to replace its existing switchboard at great expense, but still becomes VoIP-capable.<\/p>\n<h2>Unique service for IT companies<\/h2>\n<p>iWay also expects strong growth from \"Virtual ISP,\" an innovative service for IT companies that is unique in Switzerland. As a Virtual ISP, any IT company can set up and manage automated fiber and DSL orders for its customers on a special partner portal on all city networks and the Swisscom network. iWay wholesale partners are thus in a position to act as ISPs for their customers under their own name, without having to set up complex network connections and conclude expensive contracts with Swisscom or other city networks. iWay can take over the entire business process with Virtual ISP on request, from configuring the customer routers to shipping them and invoicing them on behalf of the partner. \"With Virtual ISP, any IT company can now become an Internet provider without having to worry about network-related matters,\" says Oswald. Finally, by the middle of the year, all IP telephony products will also be made available for Virtual ISP.<\/p>\n<p><em>Information: <a href=\"http:\/\/www.iway.ch\">www.iway.ch<\/a><\/em><\/p>\n<p>&nbsp;<\/p>\n<p>&nbsp;<\/p>","protected":false},"excerpt":{"rendered":"<p>iWay AG mit Sitz in Z\u00fcrich geh\u00f6rt zu den f\u00fchrenden Schweizer Internet Service Providern (ISP) f\u00fcr Privatpersonen sowie kleinere und mittlere Unternehmen. Das 1995 gegr\u00fcndete Unternehmen bietet massgeschneiderte L\u00f6sungen in den Bereichen Internet Access, VoIP-Telefonie, E-Mail, Hosting und Datacenter.\u00a0Seit einem Jahr ist iWay eine 100-prozentige Tochter der St.Gallisch-Appenzellischen Kraftwerke SAK. K\u00fcrzlich orientierte das Unternehmen \u00fcber [&hellip;]<\/p>\n","protected":false},"author":4,"featured_media":3532,"comment_status":"open","ping_status":"open","sticky":false,"template":"","format":"standard","meta":{"_acf_changed":false,"_yoast_wpseo_focuskw":"Internettelefonie","_yoast_wpseo_metadesc":"Der Internet Service Provider (ISP) iWay konnte im Gesch\u00e4ftsjahr 2017 seinen Umsatz von 15,9 um 34 Prozent auf 21,3 Millionen Franken steigern. F\u00fcr das laufende Jahr rechnet iWay-Gesch\u00e4ftsf\u00fchrer Matthias Oswald wieder mit einem ausgezeichneten Jahr.","articlekey":"","footnotes":""},"categories":[27],"tags":[123,286,393,492],"class_list":["post-3531","post","type-post","status-publish","format-standard","has-post-thumbnail","hentry","category-it","tag-cloud-computing","tag-it","tag-produkte","tag-unternehmen"],"acf":[],"yoast_head":"<!-- This site is optimized with the Yoast SEO plugin v27.5 - https:\/\/yoast.com\/product\/yoast-seo-wordpress\/ -->\n<title>Abschaltwelle der Swisscom l\u00e4sst Internettelefonie wachsen - Organisator<\/title>\n<meta name=\"description\" content=\"Der Internet Service Provider (ISP) iWay konnte im Gesch\u00e4ftsjahr 2017 seinen Umsatz von 15,9 um 34 Prozent auf 21,3 Millionen Franken steigern. F\u00fcr das laufende Jahr rechnet iWay-Gesch\u00e4ftsf\u00fchrer Matthias Oswald wieder mit einem ausgezeichneten Jahr.\" \/>\n<meta name=\"robots\" content=\"index, follow, max-snippet:-1, max-image-preview:large, max-video-preview:-1\" \/>\n<link rel=\"canonical\" href=\"https:\/\/www.organisator.ch\/en\/management\/it\/2018-05-02\/abschaltwelle-der-swisscom-laesst-internettelefonie-wachsen\/\" \/>\n<meta property=\"og:locale\" content=\"en_US\" \/>\n<meta property=\"og:type\" content=\"article\" \/>\n<meta property=\"og:title\" content=\"Abschaltwelle der Swisscom l\u00e4sst Internettelefonie wachsen\" \/>\n<meta property=\"og:description\" content=\"Der Internet Service Provider (ISP) #iWay konnte im Gesch\u00e4ftsjahr 2017 seinen Umsatz von 15,9 um 34 Prozent auf 21,3 Millionen Franken steigern. F\u00fcr das laufende Jahr rechnet iWay-Gesch\u00e4ftsf\u00fchrer Matthias Oswald wieder mit einem ausgezeichneten Jahr.\" \/>\n<meta property=\"og:url\" content=\"https:\/\/www.organisator.ch\/en\/management\/it\/2018-05-02\/abschaltwelle-der-swisscom-laesst-internettelefonie-wachsen\/\" \/>\n<meta property=\"og:site_name\" content=\"Organisator\" \/>\n<meta property=\"article:publisher\" content=\"https:\/\/www.facebook.com\/OrganisatorFachmagazin\" \/>\n<meta property=\"article:published_time\" content=\"2018-05-02T06:07:31+00:00\" \/>\n<meta property=\"og:image\" content=\"https:\/\/www.organisator.ch\/wp-content\/uploads\/2018\/05\/Abschaltwelle-der-Swisscom-laesst-Internettelefonie-wachsen_Organisator.jpg\" \/>\n\t<meta property=\"og:image:width\" content=\"479\" \/>\n\t<meta property=\"og:image:height\" content=\"640\" \/>\n\t<meta property=\"og:image:type\" content=\"image\/jpeg\" \/>\n<meta name=\"author\" content=\"thomas.berner\" \/>\n<meta name=\"twitter:card\" content=\"summary_large_image\" \/>\n<meta name=\"twitter:title\" content=\"Abschaltwelle der Swisscom l\u00e4sst #Internettelefonie wachsen\" \/>\n<meta name=\"twitter:description\" content=\"Der Internet Service Provider (ISP) #iWay konnte im Gesch\u00e4ftsjahr 2017 seinen Umsatz von 15,9 um 34 Prozent auf 21,3 Millionen Franken steigern. F\u00fcr das laufende Jahr rechnet iWay-Gesch\u00e4ftsf\u00fchrer Matthias Oswald wieder mit einem ausgezeichneten Jahr.\" \/>\n<meta name=\"twitter:image\" content=\"https:\/\/www.organisator.ch\/wp-content\/uploads\/2018\/05\/Abschaltwelle-der-Swisscom-l\u00e4sst-Internettelefonie-wachsen_Organisator.jpg\" \/>\n<script type=\"application\/ld+json\" class=\"yoast-schema-graph\">{\"@context\":\"https:\\\/\\\/schema.org\",\"@graph\":[{\"@type\":\"Article\",\"@id\":\"https:\\\/\\\/www.organisator.ch\\\/management\\\/it\\\/2018-05-02\\\/abschaltwelle-der-swisscom-laesst-internettelefonie-wachsen\\\/#article\",\"isPartOf\":{\"@id\":\"https:\\\/\\\/www.organisator.ch\\\/management\\\/it\\\/2018-05-02\\\/abschaltwelle-der-swisscom-laesst-internettelefonie-wachsen\\\/\"},\"author\":{\"name\":\"thomas.berner\",\"@id\":\"https:\\\/\\\/www.organisator.ch\\\/#\\\/schema\\\/person\\\/6f650f90b2842cd4c0cc334b4e36f67e\"},\"headline\":\"Abschaltwelle der Swisscom l\u00e4sst Internettelefonie wachsen\",\"datePublished\":\"2018-05-02T06:07:31+00:00\",\"mainEntityOfPage\":{\"@id\":\"https:\\\/\\\/www.organisator.ch\\\/management\\\/it\\\/2018-05-02\\\/abschaltwelle-der-swisscom-laesst-internettelefonie-wachsen\\\/\"},\"wordCount\":481,\"commentCount\":0,\"publisher\":{\"@id\":\"https:\\\/\\\/www.organisator.ch\\\/#organization\"},\"image\":{\"@id\":\"https:\\\/\\\/www.organisator.ch\\\/management\\\/it\\\/2018-05-02\\\/abschaltwelle-der-swisscom-laesst-internettelefonie-wachsen\\\/#primaryimage\"},\"thumbnailUrl\":\"https:\\\/\\\/www.organisator.ch\\\/wp-content\\\/uploads\\\/2018\\\/05\\\/Abschaltwelle-der-Swisscom-laesst-Internettelefonie-wachsen_Organisator.jpg\",\"keywords\":[\"Cloud Computing\",\"IT\",\"Produkte\",\"Unternehmen\"],\"articleSection\":[\"IT\"],\"inLanguage\":\"en-US\"},{\"@type\":\"WebPage\",\"@id\":\"https:\\\/\\\/www.organisator.ch\\\/management\\\/it\\\/2018-05-02\\\/abschaltwelle-der-swisscom-laesst-internettelefonie-wachsen\\\/\",\"url\":\"https:\\\/\\\/www.organisator.ch\\\/management\\\/it\\\/2018-05-02\\\/abschaltwelle-der-swisscom-laesst-internettelefonie-wachsen\\\/\",\"name\":\"Abschaltwelle der Swisscom l\u00e4sst Internettelefonie wachsen - Organisator\",\"isPartOf\":{\"@id\":\"https:\\\/\\\/www.organisator.ch\\\/#website\"},\"primaryImageOfPage\":{\"@id\":\"https:\\\/\\\/www.organisator.ch\\\/management\\\/it\\\/2018-05-02\\\/abschaltwelle-der-swisscom-laesst-internettelefonie-wachsen\\\/#primaryimage\"},\"image\":{\"@id\":\"https:\\\/\\\/www.organisator.ch\\\/management\\\/it\\\/2018-05-02\\\/abschaltwelle-der-swisscom-laesst-internettelefonie-wachsen\\\/#primaryimage\"},\"thumbnailUrl\":\"https:\\\/\\\/www.organisator.ch\\\/wp-content\\\/uploads\\\/2018\\\/05\\\/Abschaltwelle-der-Swisscom-laesst-Internettelefonie-wachsen_Organisator.jpg\",\"datePublished\":\"2018-05-02T06:07:31+00:00\",\"description\":\"Der Internet Service Provider (ISP) iWay konnte im Gesch\u00e4ftsjahr 2017 seinen Umsatz von 15,9 um 34 Prozent auf 21,3 Millionen Franken steigern. F\u00fcr das laufende Jahr rechnet iWay-Gesch\u00e4ftsf\u00fchrer Matthias Oswald wieder mit einem ausgezeichneten Jahr.\",\"breadcrumb\":{\"@id\":\"https:\\\/\\\/www.organisator.ch\\\/management\\\/it\\\/2018-05-02\\\/abschaltwelle-der-swisscom-laesst-internettelefonie-wachsen\\\/#breadcrumb\"},\"inLanguage\":\"en-US\",\"potentialAction\":[{\"@type\":\"ReadAction\",\"target\":[\"https:\\\/\\\/www.organisator.ch\\\/management\\\/it\\\/2018-05-02\\\/abschaltwelle-der-swisscom-laesst-internettelefonie-wachsen\\\/\"]}]},{\"@type\":\"ImageObject\",\"inLanguage\":\"en-US\",\"@id\":\"https:\\\/\\\/www.organisator.ch\\\/management\\\/it\\\/2018-05-02\\\/abschaltwelle-der-swisscom-laesst-internettelefonie-wachsen\\\/#primaryimage\",\"url\":\"https:\\\/\\\/www.organisator.ch\\\/wp-content\\\/uploads\\\/2018\\\/05\\\/Abschaltwelle-der-Swisscom-laesst-Internettelefonie-wachsen_Organisator.jpg\",\"contentUrl\":\"https:\\\/\\\/www.organisator.ch\\\/wp-content\\\/uploads\\\/2018\\\/05\\\/Abschaltwelle-der-Swisscom-laesst-Internettelefonie-wachsen_Organisator.jpg\",\"width\":479,\"height\":640,\"caption\":\"Matthias Oswald, Gesch\u00e4ftsf\u00fchrer von iWay rechnet mit weiterhin starkem Wachstum bei der Internettelefonie. (Bild: zVg)\"},{\"@type\":\"BreadcrumbList\",\"@id\":\"https:\\\/\\\/www.organisator.ch\\\/management\\\/it\\\/2018-05-02\\\/abschaltwelle-der-swisscom-laesst-internettelefonie-wachsen\\\/#breadcrumb\",\"itemListElement\":[{\"@type\":\"ListItem\",\"position\":1,\"name\":\"Home\",\"item\":\"https:\\\/\\\/www.organisator.ch\\\/\"},{\"@type\":\"ListItem\",\"position\":2,\"name\":\"Abschaltwelle der Swisscom l\u00e4sst Internettelefonie wachsen\"}]},{\"@type\":\"WebSite\",\"@id\":\"https:\\\/\\\/www.organisator.ch\\\/#website\",\"url\":\"https:\\\/\\\/www.organisator.ch\\\/\",\"name\":\"Organisator\",\"description\":\"Kompetent. Praxisnah. Der ORGANISATOR bereitet in 10 Ausgaben pro Jahr die wesentlichen Themen f\u00fcr F\u00fchrungskr\u00e4fte von KMU auf.\",\"publisher\":{\"@id\":\"https:\\\/\\\/www.organisator.ch\\\/#organization\"},\"potentialAction\":[{\"@type\":\"SearchAction\",\"target\":{\"@type\":\"EntryPoint\",\"urlTemplate\":\"https:\\\/\\\/www.organisator.ch\\\/?s={search_term_string}\"},\"query-input\":{\"@type\":\"PropertyValueSpecification\",\"valueRequired\":true,\"valueName\":\"search_term_string\"}}],\"inLanguage\":\"en-US\"},{\"@type\":\"Organization\",\"@id\":\"https:\\\/\\\/www.organisator.ch\\\/#organization\",\"name\":\"Organisator\",\"url\":\"https:\\\/\\\/www.organisator.ch\\\/\",\"logo\":{\"@type\":\"ImageObject\",\"inLanguage\":\"en-US\",\"@id\":\"https:\\\/\\\/www.organisator.ch\\\/#\\\/schema\\\/logo\\\/image\\\/\",\"url\":\"https:\\\/\\\/www.organisator.ch\\\/wp-content\\\/uploads\\\/2022\\\/01\\\/Logo_Organisator_Website.png\",\"contentUrl\":\"https:\\\/\\\/www.organisator.ch\\\/wp-content\\\/uploads\\\/2022\\\/01\\\/Logo_Organisator_Website.png\",\"width\":800,\"height\":77,\"caption\":\"Organisator\"},\"image\":{\"@id\":\"https:\\\/\\\/www.organisator.ch\\\/#\\\/schema\\\/logo\\\/image\\\/\"},\"sameAs\":[\"https:\\\/\\\/www.facebook.com\\\/OrganisatorFachmagazin\",\"https:\\\/\\\/www.linkedin.com\\\/showcase\\\/organisator-das-magazin-fr-kmu\",\"https:\\\/\\\/www.xing.com\\\/news\\\/pages\\\/organisator-ch-695\",\"https:\\\/\\\/www.youtube.com\\\/channel\\\/UCGP2Sq0iWaZwT3BdIAQFYpw\"]},{\"@type\":\"Person\",\"@id\":\"https:\\\/\\\/www.organisator.ch\\\/#\\\/schema\\\/person\\\/6f650f90b2842cd4c0cc334b4e36f67e\",\"name\":\"thomas.berner\",\"image\":{\"@type\":\"ImageObject\",\"inLanguage\":\"en-US\",\"@id\":\"https:\\\/\\\/secure.gravatar.com\\\/avatar\\\/ac5001d2a36cb6c6cd3e50789007ffca834b477b74a2144564522e944eabff61?s=96&d=mm&r=g\",\"url\":\"https:\\\/\\\/secure.gravatar.com\\\/avatar\\\/ac5001d2a36cb6c6cd3e50789007ffca834b477b74a2144564522e944eabff61?s=96&d=mm&r=g\",\"contentUrl\":\"https:\\\/\\\/secure.gravatar.com\\\/avatar\\\/ac5001d2a36cb6c6cd3e50789007ffca834b477b74a2144564522e944eabff61?s=96&d=mm&r=g\",\"caption\":\"thomas.berner\"},\"url\":\"https:\\\/\\\/www.organisator.ch\\\/en\\\/author\\\/thomas-berner\\\/\"}]}<\/script>\n<!-- \/ Yoast SEO plugin. -->","yoast_head_json":{"title":"Swisscom shutdown wave lets Internet telephony grow - organizer","description":"Internet service provider (ISP) iWay increased its revenue by 34 percent in the 2017 financial year, from 15.9 to 21.3 million Swiss francs. For the current year, iWay Managing Director Matthias Oswald expects another excellent year.","robots":{"index":"index","follow":"follow","max-snippet":"max-snippet:-1","max-image-preview":"max-image-preview:large","max-video-preview":"max-video-preview:-1"},"canonical":"https:\/\/www.organisator.ch\/en\/management\/it\/2018-05-02\/abschaltwelle-der-swisscom-laesst-internettelefonie-wachsen\/","og_locale":"en_US","og_type":"article","og_title":"Abschaltwelle der Swisscom l\u00e4sst Internettelefonie wachsen","og_description":"Der Internet Service Provider (ISP) #iWay konnte im Gesch\u00e4ftsjahr 2017 seinen Umsatz von 15,9 um 34 Prozent auf 21,3 Millionen Franken steigern. F\u00fcr das laufende Jahr rechnet iWay-Gesch\u00e4ftsf\u00fchrer Matthias Oswald wieder mit einem ausgezeichneten Jahr.","og_url":"https:\/\/www.organisator.ch\/en\/management\/it\/2018-05-02\/abschaltwelle-der-swisscom-laesst-internettelefonie-wachsen\/","og_site_name":"Organisator","article_publisher":"https:\/\/www.facebook.com\/OrganisatorFachmagazin","article_published_time":"2018-05-02T06:07:31+00:00","og_image":[{"width":479,"height":640,"url":"https:\/\/www.organisator.ch\/wp-content\/uploads\/2018\/05\/Abschaltwelle-der-Swisscom-laesst-Internettelefonie-wachsen_Organisator.jpg","type":"image\/jpeg"}],"author":"thomas.berner","twitter_card":"summary_large_image","twitter_title":"Abschaltwelle der Swisscom l\u00e4sst #Internettelefonie wachsen","twitter_description":"Der Internet Service Provider (ISP) #iWay konnte im Gesch\u00e4ftsjahr 2017 seinen Umsatz von 15,9 um 34 Prozent auf 21,3 Millionen Franken steigern. F\u00fcr das laufende Jahr rechnet iWay-Gesch\u00e4ftsf\u00fchrer Matthias Oswald wieder mit einem ausgezeichneten Jahr.","twitter_image":"https:\/\/www.organisator.ch\/wp-content\/uploads\/2018\/05\/Abschaltwelle-der-Swisscom-l\u00e4sst-Internettelefonie-wachsen_Organisator.jpg","schema":{"@context":"https:\/\/schema.org","@graph":[{"@type":"Article","@id":"https:\/\/www.organisator.ch\/management\/it\/2018-05-02\/abschaltwelle-der-swisscom-laesst-internettelefonie-wachsen\/#article","isPartOf":{"@id":"https:\/\/www.organisator.ch\/management\/it\/2018-05-02\/abschaltwelle-der-swisscom-laesst-internettelefonie-wachsen\/"},"author":{"name":"thomas.berner","@id":"https:\/\/www.organisator.ch\/#\/schema\/person\/6f650f90b2842cd4c0cc334b4e36f67e"},"headline":"Abschaltwelle der Swisscom l\u00e4sst Internettelefonie wachsen","datePublished":"2018-05-02T06:07:31+00:00","mainEntityOfPage":{"@id":"https:\/\/www.organisator.ch\/management\/it\/2018-05-02\/abschaltwelle-der-swisscom-laesst-internettelefonie-wachsen\/"},"wordCount":481,"commentCount":0,"publisher":{"@id":"https:\/\/www.organisator.ch\/#organization"},"image":{"@id":"https:\/\/www.organisator.ch\/management\/it\/2018-05-02\/abschaltwelle-der-swisscom-laesst-internettelefonie-wachsen\/#primaryimage"},"thumbnailUrl":"https:\/\/www.organisator.ch\/wp-content\/uploads\/2018\/05\/Abschaltwelle-der-Swisscom-laesst-Internettelefonie-wachsen_Organisator.jpg","keywords":["Cloud Computing","IT","Produkte","Unternehmen"],"articleSection":["IT"],"inLanguage":"en-US"},{"@type":"WebPage","@id":"https:\/\/www.organisator.ch\/management\/it\/2018-05-02\/abschaltwelle-der-swisscom-laesst-internettelefonie-wachsen\/","url":"https:\/\/www.organisator.ch\/management\/it\/2018-05-02\/abschaltwelle-der-swisscom-laesst-internettelefonie-wachsen\/","name":"Swisscom shutdown wave lets Internet telephony grow - organizer","isPartOf":{"@id":"https:\/\/www.organisator.ch\/#website"},"primaryImageOfPage":{"@id":"https:\/\/www.organisator.ch\/management\/it\/2018-05-02\/abschaltwelle-der-swisscom-laesst-internettelefonie-wachsen\/#primaryimage"},"image":{"@id":"https:\/\/www.organisator.ch\/management\/it\/2018-05-02\/abschaltwelle-der-swisscom-laesst-internettelefonie-wachsen\/#primaryimage"},"thumbnailUrl":"https:\/\/www.organisator.ch\/wp-content\/uploads\/2018\/05\/Abschaltwelle-der-Swisscom-laesst-Internettelefonie-wachsen_Organisator.jpg","datePublished":"2018-05-02T06:07:31+00:00","description":"Internet service provider (ISP) iWay increased its revenue by 34 percent in the 2017 financial year, from 15.9 to 21.3 million Swiss francs. For the current year, iWay Managing Director Matthias Oswald expects another excellent year.","breadcrumb":{"@id":"https:\/\/www.organisator.ch\/management\/it\/2018-05-02\/abschaltwelle-der-swisscom-laesst-internettelefonie-wachsen\/#breadcrumb"},"inLanguage":"en-US","potentialAction":[{"@type":"ReadAction","target":["https:\/\/www.organisator.ch\/management\/it\/2018-05-02\/abschaltwelle-der-swisscom-laesst-internettelefonie-wachsen\/"]}]},{"@type":"ImageObject","inLanguage":"en-US","@id":"https:\/\/www.organisator.ch\/management\/it\/2018-05-02\/abschaltwelle-der-swisscom-laesst-internettelefonie-wachsen\/#primaryimage","url":"https:\/\/www.organisator.ch\/wp-content\/uploads\/2018\/05\/Abschaltwelle-der-Swisscom-laesst-Internettelefonie-wachsen_Organisator.jpg","contentUrl":"https:\/\/www.organisator.ch\/wp-content\/uploads\/2018\/05\/Abschaltwelle-der-Swisscom-laesst-Internettelefonie-wachsen_Organisator.jpg","width":479,"height":640,"caption":"Matthias Oswald, Gesch\u00e4ftsf\u00fchrer von iWay rechnet mit weiterhin starkem Wachstum bei der Internettelefonie. (Bild: zVg)"},{"@type":"BreadcrumbList","@id":"https:\/\/www.organisator.ch\/management\/it\/2018-05-02\/abschaltwelle-der-swisscom-laesst-internettelefonie-wachsen\/#breadcrumb","itemListElement":[{"@type":"ListItem","position":1,"name":"Home","item":"https:\/\/www.organisator.ch\/"},{"@type":"ListItem","position":2,"name":"Abschaltwelle der Swisscom l\u00e4sst Internettelefonie wachsen"}]},{"@type":"WebSite","@id":"https:\/\/www.organisator.ch\/#website","url":"https:\/\/www.organisator.ch\/","name":"Organizer","description":"Competent. Practical. In 10 issues per year, ORGANISATOR presents the essential topics for managers of SMEs.","publisher":{"@id":"https:\/\/www.organisator.ch\/#organization"},"potentialAction":[{"@type":"SearchAction","target":{"@type":"EntryPoint","urlTemplate":"https:\/\/www.organisator.ch\/?s={search_term_string}"},"query-input":{"@type":"PropertyValueSpecification","valueRequired":true,"valueName":"search_term_string"}}],"inLanguage":"en-US"},{"@type":"Organization","@id":"https:\/\/www.organisator.ch\/#organization","name":"Organizer","url":"https:\/\/www.organisator.ch\/","logo":{"@type":"ImageObject","inLanguage":"en-US","@id":"https:\/\/www.organisator.ch\/#\/schema\/logo\/image\/","url":"https:\/\/www.organisator.ch\/wp-content\/uploads\/2022\/01\/Logo_Organisator_Website.png","contentUrl":"https:\/\/www.organisator.ch\/wp-content\/uploads\/2022\/01\/Logo_Organisator_Website.png","width":800,"height":77,"caption":"Organisator"},"image":{"@id":"https:\/\/www.organisator.ch\/#\/schema\/logo\/image\/"},"sameAs":["https:\/\/www.facebook.com\/OrganisatorFachmagazin","https:\/\/www.linkedin.com\/showcase\/organisator-das-magazin-fr-kmu","https:\/\/www.xing.com\/news\/pages\/organisator-ch-695","https:\/\/www.youtube.com\/channel\/UCGP2Sq0iWaZwT3BdIAQFYpw"]},{"@type":"Person","@id":"https:\/\/www.organisator.ch\/#\/schema\/person\/6f650f90b2842cd4c0cc334b4e36f67e","name":"thomas.berner","image":{"@type":"ImageObject","inLanguage":"en-US","@id":"https:\/\/secure.gravatar.com\/avatar\/ac5001d2a36cb6c6cd3e50789007ffca834b477b74a2144564522e944eabff61?s=96&d=mm&r=g","url":"https:\/\/secure.gravatar.com\/avatar\/ac5001d2a36cb6c6cd3e50789007ffca834b477b74a2144564522e944eabff61?s=96&d=mm&r=g","contentUrl":"https:\/\/secure.gravatar.com\/avatar\/ac5001d2a36cb6c6cd3e50789007ffca834b477b74a2144564522e944eabff61?s=96&d=mm&r=g","caption":"thomas.berner"},"url":"https:\/\/www.organisator.ch\/en\/author\/thomas-berner\/"}]}},"_links":{"self":[{"href":"https:\/\/www.organisator.ch\/en\/wp-json\/wp\/v2\/posts\/3531","targetHints":{"allow":["GET"]}}],"collection":[{"href":"https:\/\/www.organisator.ch\/en\/wp-json\/wp\/v2\/posts"}],"about":[{"href":"https:\/\/www.organisator.ch\/en\/wp-json\/wp\/v2\/types\/post"}],"author":[{"embeddable":true,"href":"https:\/\/www.organisator.ch\/en\/wp-json\/wp\/v2\/users\/4"}],"replies":[{"embeddable":true,"href":"https:\/\/www.organisator.ch\/en\/wp-json\/wp\/v2\/comments?post=3531"}],"version-history":[{"count":0,"href":"https:\/\/www.organisator.ch\/en\/wp-json\/wp\/v2\/posts\/3531\/revisions"}],"wp:featuredmedia":[{"embeddable":true,"href":"https:\/\/www.organisator.ch\/en\/wp-json\/wp\/v2\/media\/3532"}],"wp:attachment":[{"href":"https:\/\/www.organisator.ch\/en\/wp-json\/wp\/v2\/media?parent=3531"}],"wp:term":[{"taxonomy":"category","embeddable":true,"href":"https:\/\/www.organisator.ch\/en\/wp-json\/wp\/v2\/categories?post=3531"},{"taxonomy":"post_tag","embeddable":true,"href":"https:\/\/www.organisator.ch\/en\/wp-json\/wp\/v2\/tags?post=3531"}],"curies":[{"name":"wp","href":"https:\/\/api.w.org\/{rel}","templated":true}]}}