{"id":35340,"date":"2025-01-17T10:00:26","date_gmt":"2025-01-17T09:00:26","guid":{"rendered":"https:\/\/www.m-q.ch\/?p=20970"},"modified":"2025-01-17T10:40:10","modified_gmt":"2025-01-17T09:40:10","slug":"infosec-healthcare-conference-2025","status":"publish","type":"post","link":"https:\/\/www.organisator.ch\/en\/operational-excellence\/2025-01-17\/infosec-healthcare-conference-2025\/","title":{"rendered":"Infosec Healthcare Conference 2025"},"content":{"rendered":"<figure id=\"attachment_20971\" class=\"wp-caption alignnone\" style=\"width: 680px;\" aria-describedby=\"caption-attachment-20971\"><img class=\"size-full wp-image-20971\" src=\"https:\/\/www.m-q.ch\/wp-content\/uploads\/2025\/01\/Infosec_Symbolbild_ps.jpg\" sizes=\"(max-width: 680px) 100vw, 680px\" srcset=\"https:\/\/www.m-q.ch\/wp-content\/uploads\/2025\/01\/Infosec_Symbolbild_ps.jpg 680w, https:\/\/www.m-q.ch\/wp-content\/uploads\/2025\/01\/Infosec_Symbolbild_ps-18x10.jpg 18w, https:\/\/www.m-q.ch\/wp-content\/uploads\/2025\/01\/Infosec_Symbolbild_ps-375x215.jpg 375w, https:\/\/www.m-q.ch\/wp-content\/uploads\/2025\/01\/Infosec_Symbolbild_ps-612x350.jpg 612w\" alt=\"\" width=\"680\" height=\"389\" \/>\r\n<figcaption id=\"caption-attachment-20971\" class=\"wp-caption-text\">The Infosec Healthcare Conference shows how healthcare institutions can detect cyberattacks early and protect themselves better. (Image: AI-generated \/ DALL-E)<\/figcaption>\r\n<\/figure>\r\n<p>Cyberattacks on the healthcare sector are on the rise - and the consequences can be serious. IT systems are regularly tested for vulnerabilities, and time and time again, many institutions underestimate the risk or don't react until it's too late. A proactive security strategy is crucial to protect your organization's sensitive data and patient safety.<\/p>\r\n<p>The Infosec Healthcare Conference offers a platform for valuable exchange and practical insights:<\/p>\r\n<ul>\r\n\t<li>How can cyber attacks be detected and defended against at an early stage?<\/li>\r\n\t<li>Which strategies are particularly successful in the healthcare sector?<\/li>\r\n\t<li>How do you implement preventive measures efficiently?<\/li>\r\n<\/ul>\r\n<p>The <a href=\"https:\/\/www.infosec-health.ch\/current-program.html\">Conference program<\/a> is constantly being expanded and offers practical content especially for ICT and security experts, network administrators, medical IT specialists and specialists with management tasks.<\/p>\r\n<p><em>More information and registration at <a href=\"https:\/\/www.infosec-health.ch\/\">www.infosec-health.ch<\/a><\/em><\/p>\n<p class=\"syndicated-attribution\">This article originally appeared on m-q.ch - <a href=\"https:\/\/www.m-q.ch\/de\/infosec-healthcare-conference-2025\/\" target=\"_blank\">https:\/\/www.m-q.ch\/de\/infosec-healthcare-conference-2025\/<\/a><\/p>","protected":false},"excerpt":{"rendered":"<p>The eleventh Infosec Healthcare Conference will take place on Tuesday, May 20, 2025. In addition to two keynote speeches and a personal selection of eight break-out presentations, there will be many opportunities to exchange knowledge with other professionals on the topic of information security in the healthcare sector.<\/p>","protected":false},"author":80,"featured_media":0,"comment_status":"closed","ping_status":"closed","sticky":false,"template":"","format":"standard","meta":{"_acf_changed":false,"_yoast_wpseo_focuskw":"Infosec Healthcare","_yoast_wpseo_metadesc":"Die Infosec Healthcare Conference zeigt, wie Institutionen im Gesundheitswesen Cyberangriffe fr\u00fchzeitig erkennen und besser sch\u00fctzen k\u00f6nnen.","articlekey":"","footnotes":""},"categories":[582],"tags":[3119,608,2732,269,4543,286,418],"class_list":["post-35340","post","type-post","status-publish","format-standard","hentry","category-operational-excellence","tag-cyberangriffe","tag-cybersicherheit","tag-gesundheitswesen","tag-informationssicherheit","tag-infosec","tag-it","tag-risikomanagement"],"acf":[],"yoast_head":"<!-- This site is optimized with the Yoast SEO plugin v27.4 - https:\/\/yoast.com\/product\/yoast-seo-wordpress\/ -->\n<title>Infosec Healthcare Conference 2025 - Organisator<\/title>\n<meta name=\"description\" content=\"Die Infosec Healthcare Conference zeigt, wie Institutionen im Gesundheitswesen Cyberangriffe fr\u00fchzeitig erkennen und besser sch\u00fctzen k\u00f6nnen.\" \/>\n<meta name=\"robots\" content=\"index, follow, max-snippet:-1, max-image-preview:large, max-video-preview:-1\" \/>\n<link rel=\"canonical\" href=\"https:\/\/www.organisator.ch\/en\/operational-excellence\/2025-01-17\/infosec-healthcare-conference-2025\/\" \/>\n<meta property=\"og:locale\" content=\"en_US\" \/>\n<meta property=\"og:type\" content=\"article\" \/>\n<meta property=\"og:title\" content=\"Infosec Healthcare Conference 2025 - Organisator\" \/>\n<meta property=\"og:description\" content=\"Die Infosec Healthcare Conference zeigt, wie Institutionen im Gesundheitswesen Cyberangriffe fr\u00fchzeitig erkennen und besser sch\u00fctzen k\u00f6nnen.\" \/>\n<meta property=\"og:url\" content=\"https:\/\/www.organisator.ch\/en\/operational-excellence\/2025-01-17\/infosec-healthcare-conference-2025\/\" \/>\n<meta property=\"og:site_name\" content=\"Organisator\" \/>\n<meta property=\"article:publisher\" content=\"https:\/\/www.facebook.com\/OrganisatorFachmagazin\" \/>\n<meta property=\"article:published_time\" content=\"2025-01-17T09:00:26+00:00\" \/>\n<meta property=\"article:modified_time\" content=\"2025-01-17T09:40:10+00:00\" \/>\n<meta name=\"author\" content=\"Dzana Muminovic\" \/>\n<meta name=\"twitter:card\" content=\"summary_large_image\" \/>\n<script type=\"application\/ld+json\" class=\"yoast-schema-graph\">{\"@context\":\"https:\\\/\\\/schema.org\",\"@graph\":[{\"@type\":\"Article\",\"@id\":\"https:\\\/\\\/www.organisator.ch\\\/operational-excellence\\\/2025-01-17\\\/infosec-healthcare-conference-2025\\\/#article\",\"isPartOf\":{\"@id\":\"https:\\\/\\\/www.organisator.ch\\\/operational-excellence\\\/2025-01-17\\\/infosec-healthcare-conference-2025\\\/\"},\"author\":{\"name\":\"Dzana Muminovic\",\"@id\":\"https:\\\/\\\/www.organisator.ch\\\/#\\\/schema\\\/person\\\/afccda3a71c06d4be2ed9100dd163db7\"},\"headline\":\"Infosec Healthcare Conference 2025\",\"datePublished\":\"2025-01-17T09:00:26+00:00\",\"dateModified\":\"2025-01-17T09:40:10+00:00\",\"mainEntityOfPage\":{\"@id\":\"https:\\\/\\\/www.organisator.ch\\\/operational-excellence\\\/2025-01-17\\\/infosec-healthcare-conference-2025\\\/\"},\"wordCount\":153,\"publisher\":{\"@id\":\"https:\\\/\\\/www.organisator.ch\\\/#organization\"},\"image\":{\"@id\":\"https:\\\/\\\/www.organisator.ch\\\/operational-excellence\\\/2025-01-17\\\/infosec-healthcare-conference-2025\\\/#primaryimage\"},\"thumbnailUrl\":\"https:\\\/\\\/www.m-q.ch\\\/wp-content\\\/uploads\\\/2025\\\/01\\\/Infosec_Symbolbild_ps.jpg\",\"keywords\":[\"Cyberangriffe\",\"Cybersicherheit\",\"Gesundheitswesen\",\"Informationssicherheit\",\"Infosec\",\"IT\",\"Risikomanagement\"],\"articleSection\":[\"OPERATIONAL EXCELLENCE\"],\"inLanguage\":\"en-US\"},{\"@type\":\"WebPage\",\"@id\":\"https:\\\/\\\/www.organisator.ch\\\/operational-excellence\\\/2025-01-17\\\/infosec-healthcare-conference-2025\\\/\",\"url\":\"https:\\\/\\\/www.organisator.ch\\\/operational-excellence\\\/2025-01-17\\\/infosec-healthcare-conference-2025\\\/\",\"name\":\"Infosec Healthcare Conference 2025 - Organisator\",\"isPartOf\":{\"@id\":\"https:\\\/\\\/www.organisator.ch\\\/#website\"},\"primaryImageOfPage\":{\"@id\":\"https:\\\/\\\/www.organisator.ch\\\/operational-excellence\\\/2025-01-17\\\/infosec-healthcare-conference-2025\\\/#primaryimage\"},\"image\":{\"@id\":\"https:\\\/\\\/www.organisator.ch\\\/operational-excellence\\\/2025-01-17\\\/infosec-healthcare-conference-2025\\\/#primaryimage\"},\"thumbnailUrl\":\"https:\\\/\\\/www.m-q.ch\\\/wp-content\\\/uploads\\\/2025\\\/01\\\/Infosec_Symbolbild_ps.jpg\",\"datePublished\":\"2025-01-17T09:00:26+00:00\",\"dateModified\":\"2025-01-17T09:40:10+00:00\",\"description\":\"Die Infosec Healthcare Conference zeigt, wie Institutionen im Gesundheitswesen Cyberangriffe fr\u00fchzeitig erkennen und besser sch\u00fctzen k\u00f6nnen.\",\"breadcrumb\":{\"@id\":\"https:\\\/\\\/www.organisator.ch\\\/operational-excellence\\\/2025-01-17\\\/infosec-healthcare-conference-2025\\\/#breadcrumb\"},\"inLanguage\":\"en-US\",\"potentialAction\":[{\"@type\":\"ReadAction\",\"target\":[\"https:\\\/\\\/www.organisator.ch\\\/operational-excellence\\\/2025-01-17\\\/infosec-healthcare-conference-2025\\\/\"]}]},{\"@type\":\"ImageObject\",\"inLanguage\":\"en-US\",\"@id\":\"https:\\\/\\\/www.organisator.ch\\\/operational-excellence\\\/2025-01-17\\\/infosec-healthcare-conference-2025\\\/#primaryimage\",\"url\":\"https:\\\/\\\/www.m-q.ch\\\/wp-content\\\/uploads\\\/2025\\\/01\\\/Infosec_Symbolbild_ps.jpg\",\"contentUrl\":\"https:\\\/\\\/www.m-q.ch\\\/wp-content\\\/uploads\\\/2025\\\/01\\\/Infosec_Symbolbild_ps.jpg\"},{\"@type\":\"BreadcrumbList\",\"@id\":\"https:\\\/\\\/www.organisator.ch\\\/operational-excellence\\\/2025-01-17\\\/infosec-healthcare-conference-2025\\\/#breadcrumb\",\"itemListElement\":[{\"@type\":\"ListItem\",\"position\":1,\"name\":\"Home\",\"item\":\"https:\\\/\\\/www.organisator.ch\\\/\"},{\"@type\":\"ListItem\",\"position\":2,\"name\":\"Infosec Healthcare Conference 2025\"}]},{\"@type\":\"WebSite\",\"@id\":\"https:\\\/\\\/www.organisator.ch\\\/#website\",\"url\":\"https:\\\/\\\/www.organisator.ch\\\/\",\"name\":\"Organisator\",\"description\":\"Kompetent. Praxisnah. Der ORGANISATOR bereitet in 10 Ausgaben pro Jahr die wesentlichen Themen f\u00fcr F\u00fchrungskr\u00e4fte von KMU auf.\",\"publisher\":{\"@id\":\"https:\\\/\\\/www.organisator.ch\\\/#organization\"},\"potentialAction\":[{\"@type\":\"SearchAction\",\"target\":{\"@type\":\"EntryPoint\",\"urlTemplate\":\"https:\\\/\\\/www.organisator.ch\\\/?s={search_term_string}\"},\"query-input\":{\"@type\":\"PropertyValueSpecification\",\"valueRequired\":true,\"valueName\":\"search_term_string\"}}],\"inLanguage\":\"en-US\"},{\"@type\":\"Organization\",\"@id\":\"https:\\\/\\\/www.organisator.ch\\\/#organization\",\"name\":\"Organisator\",\"url\":\"https:\\\/\\\/www.organisator.ch\\\/\",\"logo\":{\"@type\":\"ImageObject\",\"inLanguage\":\"en-US\",\"@id\":\"https:\\\/\\\/www.organisator.ch\\\/#\\\/schema\\\/logo\\\/image\\\/\",\"url\":\"https:\\\/\\\/www.organisator.ch\\\/wp-content\\\/uploads\\\/2022\\\/01\\\/Logo_Organisator_Website.png\",\"contentUrl\":\"https:\\\/\\\/www.organisator.ch\\\/wp-content\\\/uploads\\\/2022\\\/01\\\/Logo_Organisator_Website.png\",\"width\":800,\"height\":77,\"caption\":\"Organisator\"},\"image\":{\"@id\":\"https:\\\/\\\/www.organisator.ch\\\/#\\\/schema\\\/logo\\\/image\\\/\"},\"sameAs\":[\"https:\\\/\\\/www.facebook.com\\\/OrganisatorFachmagazin\",\"https:\\\/\\\/www.linkedin.com\\\/showcase\\\/organisator-das-magazin-fr-kmu\",\"https:\\\/\\\/www.xing.com\\\/news\\\/pages\\\/organisator-ch-695\",\"https:\\\/\\\/www.youtube.com\\\/channel\\\/UCGP2Sq0iWaZwT3BdIAQFYpw\"]},{\"@type\":\"Person\",\"@id\":\"https:\\\/\\\/www.organisator.ch\\\/#\\\/schema\\\/person\\\/afccda3a71c06d4be2ed9100dd163db7\",\"name\":\"Dzana Muminovic\",\"image\":{\"@type\":\"ImageObject\",\"inLanguage\":\"en-US\",\"@id\":\"https:\\\/\\\/secure.gravatar.com\\\/avatar\\\/909c5c71aff4b38e88686f2ab2f1ba152571f394f41ed8bae431ea56ced93050?s=96&d=mm&r=g\",\"url\":\"https:\\\/\\\/secure.gravatar.com\\\/avatar\\\/909c5c71aff4b38e88686f2ab2f1ba152571f394f41ed8bae431ea56ced93050?s=96&d=mm&r=g\",\"contentUrl\":\"https:\\\/\\\/secure.gravatar.com\\\/avatar\\\/909c5c71aff4b38e88686f2ab2f1ba152571f394f41ed8bae431ea56ced93050?s=96&d=mm&r=g\",\"caption\":\"Dzana Muminovic\"},\"url\":\"https:\\\/\\\/www.organisator.ch\\\/en\\\/author\\\/dzana-muminovic\\\/\"}]}<\/script>\n<!-- \/ Yoast SEO plugin. -->","yoast_head_json":{"title":"Infosec Healthcare Conference 2025 - Organizer","description":"The Infosec Healthcare Conference shows how healthcare institutions can recognize cyber attacks at an early stage and protect themselves better.","robots":{"index":"index","follow":"follow","max-snippet":"max-snippet:-1","max-image-preview":"max-image-preview:large","max-video-preview":"max-video-preview:-1"},"canonical":"https:\/\/www.organisator.ch\/en\/operational-excellence\/2025-01-17\/infosec-healthcare-conference-2025\/","og_locale":"en_US","og_type":"article","og_title":"Infosec Healthcare Conference 2025 - Organisator","og_description":"Die Infosec Healthcare Conference zeigt, wie Institutionen im Gesundheitswesen Cyberangriffe fr\u00fchzeitig erkennen und besser sch\u00fctzen k\u00f6nnen.","og_url":"https:\/\/www.organisator.ch\/en\/operational-excellence\/2025-01-17\/infosec-healthcare-conference-2025\/","og_site_name":"Organisator","article_publisher":"https:\/\/www.facebook.com\/OrganisatorFachmagazin","article_published_time":"2025-01-17T09:00:26+00:00","article_modified_time":"2025-01-17T09:40:10+00:00","author":"Dzana Muminovic","twitter_card":"summary_large_image","schema":{"@context":"https:\/\/schema.org","@graph":[{"@type":"Article","@id":"https:\/\/www.organisator.ch\/operational-excellence\/2025-01-17\/infosec-healthcare-conference-2025\/#article","isPartOf":{"@id":"https:\/\/www.organisator.ch\/operational-excellence\/2025-01-17\/infosec-healthcare-conference-2025\/"},"author":{"name":"Dzana Muminovic","@id":"https:\/\/www.organisator.ch\/#\/schema\/person\/afccda3a71c06d4be2ed9100dd163db7"},"headline":"Infosec Healthcare Conference 2025","datePublished":"2025-01-17T09:00:26+00:00","dateModified":"2025-01-17T09:40:10+00:00","mainEntityOfPage":{"@id":"https:\/\/www.organisator.ch\/operational-excellence\/2025-01-17\/infosec-healthcare-conference-2025\/"},"wordCount":153,"publisher":{"@id":"https:\/\/www.organisator.ch\/#organization"},"image":{"@id":"https:\/\/www.organisator.ch\/operational-excellence\/2025-01-17\/infosec-healthcare-conference-2025\/#primaryimage"},"thumbnailUrl":"https:\/\/www.m-q.ch\/wp-content\/uploads\/2025\/01\/Infosec_Symbolbild_ps.jpg","keywords":["Cyberangriffe","Cybersicherheit","Gesundheitswesen","Informationssicherheit","Infosec","IT","Risikomanagement"],"articleSection":["OPERATIONAL EXCELLENCE"],"inLanguage":"en-US"},{"@type":"WebPage","@id":"https:\/\/www.organisator.ch\/operational-excellence\/2025-01-17\/infosec-healthcare-conference-2025\/","url":"https:\/\/www.organisator.ch\/operational-excellence\/2025-01-17\/infosec-healthcare-conference-2025\/","name":"Infosec Healthcare Conference 2025 - Organizer","isPartOf":{"@id":"https:\/\/www.organisator.ch\/#website"},"primaryImageOfPage":{"@id":"https:\/\/www.organisator.ch\/operational-excellence\/2025-01-17\/infosec-healthcare-conference-2025\/#primaryimage"},"image":{"@id":"https:\/\/www.organisator.ch\/operational-excellence\/2025-01-17\/infosec-healthcare-conference-2025\/#primaryimage"},"thumbnailUrl":"https:\/\/www.m-q.ch\/wp-content\/uploads\/2025\/01\/Infosec_Symbolbild_ps.jpg","datePublished":"2025-01-17T09:00:26+00:00","dateModified":"2025-01-17T09:40:10+00:00","description":"The Infosec Healthcare Conference shows how healthcare institutions can recognize cyber attacks at an early stage and protect themselves better.","breadcrumb":{"@id":"https:\/\/www.organisator.ch\/operational-excellence\/2025-01-17\/infosec-healthcare-conference-2025\/#breadcrumb"},"inLanguage":"en-US","potentialAction":[{"@type":"ReadAction","target":["https:\/\/www.organisator.ch\/operational-excellence\/2025-01-17\/infosec-healthcare-conference-2025\/"]}]},{"@type":"ImageObject","inLanguage":"en-US","@id":"https:\/\/www.organisator.ch\/operational-excellence\/2025-01-17\/infosec-healthcare-conference-2025\/#primaryimage","url":"https:\/\/www.m-q.ch\/wp-content\/uploads\/2025\/01\/Infosec_Symbolbild_ps.jpg","contentUrl":"https:\/\/www.m-q.ch\/wp-content\/uploads\/2025\/01\/Infosec_Symbolbild_ps.jpg"},{"@type":"BreadcrumbList","@id":"https:\/\/www.organisator.ch\/operational-excellence\/2025-01-17\/infosec-healthcare-conference-2025\/#breadcrumb","itemListElement":[{"@type":"ListItem","position":1,"name":"Home","item":"https:\/\/www.organisator.ch\/"},{"@type":"ListItem","position":2,"name":"Infosec Healthcare Conference 2025"}]},{"@type":"WebSite","@id":"https:\/\/www.organisator.ch\/#website","url":"https:\/\/www.organisator.ch\/","name":"Organizer","description":"Competent. Practical. In 10 issues per year, ORGANISATOR presents the essential topics for managers of SMEs.","publisher":{"@id":"https:\/\/www.organisator.ch\/#organization"},"potentialAction":[{"@type":"SearchAction","target":{"@type":"EntryPoint","urlTemplate":"https:\/\/www.organisator.ch\/?s={search_term_string}"},"query-input":{"@type":"PropertyValueSpecification","valueRequired":true,"valueName":"search_term_string"}}],"inLanguage":"en-US"},{"@type":"Organization","@id":"https:\/\/www.organisator.ch\/#organization","name":"Organizer","url":"https:\/\/www.organisator.ch\/","logo":{"@type":"ImageObject","inLanguage":"en-US","@id":"https:\/\/www.organisator.ch\/#\/schema\/logo\/image\/","url":"https:\/\/www.organisator.ch\/wp-content\/uploads\/2022\/01\/Logo_Organisator_Website.png","contentUrl":"https:\/\/www.organisator.ch\/wp-content\/uploads\/2022\/01\/Logo_Organisator_Website.png","width":800,"height":77,"caption":"Organisator"},"image":{"@id":"https:\/\/www.organisator.ch\/#\/schema\/logo\/image\/"},"sameAs":["https:\/\/www.facebook.com\/OrganisatorFachmagazin","https:\/\/www.linkedin.com\/showcase\/organisator-das-magazin-fr-kmu","https:\/\/www.xing.com\/news\/pages\/organisator-ch-695","https:\/\/www.youtube.com\/channel\/UCGP2Sq0iWaZwT3BdIAQFYpw"]},{"@type":"Person","@id":"https:\/\/www.organisator.ch\/#\/schema\/person\/afccda3a71c06d4be2ed9100dd163db7","name":"Dzana Muminovic","image":{"@type":"ImageObject","inLanguage":"en-US","@id":"https:\/\/secure.gravatar.com\/avatar\/909c5c71aff4b38e88686f2ab2f1ba152571f394f41ed8bae431ea56ced93050?s=96&d=mm&r=g","url":"https:\/\/secure.gravatar.com\/avatar\/909c5c71aff4b38e88686f2ab2f1ba152571f394f41ed8bae431ea56ced93050?s=96&d=mm&r=g","contentUrl":"https:\/\/secure.gravatar.com\/avatar\/909c5c71aff4b38e88686f2ab2f1ba152571f394f41ed8bae431ea56ced93050?s=96&d=mm&r=g","caption":"Dzana Muminovic"},"url":"https:\/\/www.organisator.ch\/en\/author\/dzana-muminovic\/"}]}},"_links":{"self":[{"href":"https:\/\/www.organisator.ch\/en\/wp-json\/wp\/v2\/posts\/35340","targetHints":{"allow":["GET"]}}],"collection":[{"href":"https:\/\/www.organisator.ch\/en\/wp-json\/wp\/v2\/posts"}],"about":[{"href":"https:\/\/www.organisator.ch\/en\/wp-json\/wp\/v2\/types\/post"}],"author":[{"embeddable":true,"href":"https:\/\/www.organisator.ch\/en\/wp-json\/wp\/v2\/users\/80"}],"replies":[{"embeddable":true,"href":"https:\/\/www.organisator.ch\/en\/wp-json\/wp\/v2\/comments?post=35340"}],"version-history":[{"count":5,"href":"https:\/\/www.organisator.ch\/en\/wp-json\/wp\/v2\/posts\/35340\/revisions"}],"predecessor-version":[{"id":35348,"href":"https:\/\/www.organisator.ch\/en\/wp-json\/wp\/v2\/posts\/35340\/revisions\/35348"}],"wp:attachment":[{"href":"https:\/\/www.organisator.ch\/en\/wp-json\/wp\/v2\/media?parent=35340"}],"wp:term":[{"taxonomy":"category","embeddable":true,"href":"https:\/\/www.organisator.ch\/en\/wp-json\/wp\/v2\/categories?post=35340"},{"taxonomy":"post_tag","embeddable":true,"href":"https:\/\/www.organisator.ch\/en\/wp-json\/wp\/v2\/tags?post=35340"}],"curies":[{"name":"wp","href":"https:\/\/api.w.org\/{rel}","templated":true}]}}