{"id":3554,"date":"2020-12-03T15:02:39","date_gmt":"2020-12-03T14:02:39","guid":{"rendered":"https:\/\/www.umweltperspektiven.ch\/?p=3554"},"modified":"2020-12-03T15:02:39","modified_gmt":"2020-12-03T14:02:39","slug":"mit-einer-laermstrategie-die-lebensqualitaet-verbessern","status":"publish","type":"post","link":"https:\/\/www.organisator.ch\/en\/allgemein\/2020-12-03\/mit-einer-laermstrategie-die-lebensqualitaet-verbessern\/","title":{"rendered":"Improving the quality of life with a noise strategy"},"content":{"rendered":"<figure id=\"attachment_3555\" aria-describedby=\"caption-attachment-3555\" style=\"width: 680px\" class=\"wp-caption aligncenter\"><img loading=\"lazy\" decoding=\"async\" class=\"size-medium wp-image-3555\" src=\"\/\/www.umweltperspektiven.ch\/wp-content\/uploads\/2020\/12\/Depositphotos_64915445_s-2019.jpg\" alt=\"\" width=\"680\" height=\"451\" \/><figcaption id=\"caption-attachment-3555\" class=\"wp-caption-text\">\u00a9 depositphotos, pxhidalgo<\/figcaption><\/figure>\n<p>In the next 20 years, the population of the city of Zurich will grow from more than 435,000 today to over half a million. Today's building boom will therefore continue to increase, and with it the risk of additional noise pollution. One thing is clear: noise impairs the quality of life and the environment. According to data, about one third of Zurich's population already lives and works in buildings that are exposed to excessive road traffic noise. There are also other sources of noise. In addition to construction sites and commercial activities, there are also events. In particular, the trend toward a 24-hour society runs counter to the quiet factor.<\/p>\n<p><strong>Noise protection in the growing city <\/strong><\/p>\n<p>In order to maintain a high quality of life and also to preserve the health of the people living here, the city of Zurich focuses in its noise abatement strategy on three areas with great potential for impact: road traffic noise, noise prevention in planning and building, and everyday noise. The strategy defines goals and guiding principles, specifies the fields of action and addresses the most important actors. \"Good noise protection is a key factor for the quality of life in our city,\" says City Councilor Andreas Hauri, head of the Health and Environment Department. \"The noise protection strategy aims to balance the interests of a vibrant city with the quiet needs of the population.\" The new strategy identifies existing conflicting goals and proposes solutions.<\/p>\n<p><strong>Pursue binding reduction path and exploit synergies <\/strong><\/p>\n<p>In the city, there is both a need for action and potential for noise abatement in road traffic. In addition to the goal of the Urban Traffic 2025 project, which seeks to increase the share of public transport, pedestrian and bicycle traffic in the total traffic volume, further measures are intended to provide relief at the source. The impact analysis shows that the combination of speed reduction, new pavements, quiet tires and electric mobility can bring about a clear reduction in the number of people exposed to excessive noise, according to the city. The noise abatement strategy aims to exploit this potential via a reduction path that has yet to be defined.<\/p>\n<p>Noise protection should also be increasingly incorporated into all planning levels, from settlement and land use planning to construction projects. This is because inward settlement development must not lead to a deterioration in the noise situation for residents. The city's strategy also sets guidelines for this area - noise prevention in planning and building. Everyday noise includes, as mentioned, immissions from the nightlife scene or events. It is important to the city that the increasingly mixed uses do not lead to more noise complaints, it emphasizes.<\/p>\n<p>Conflicts of interest are to be countered with the proven measures developed in the strategic focus on nightlife and with new approaches in order to reconcile the need for a lively city with that for tranquility.<\/p>\n<p><a href=\"\/\/www.stadt-zuerich.ch\/laermschutzstrategie\"><em>Click here for the noise protection strategy and further information<\/em>.<\/a><\/p>","protected":false},"excerpt":{"rendered":"<p>In den n\u00e4chsten 20 Jahren wird die Bev\u00f6lkerungszahl in der Stadt Z\u00fcrich von heute mehr als 435&#8217;000 auf \u00fcber eine halbe Million anwachsen. Der heutige Bauboom wird also weiter zunehmen und damit steigt auch das Risiko zus\u00e4tzlicher L\u00e4rmbelastung. Klar ist: L\u00e4rm beeintr\u00e4chtigt die Lebens- und Umweltqualit\u00e4t. Gem\u00e4ss Angaben leben und arbeiten bereits heute etwa ein [&hellip;]<\/p>\n","protected":false},"author":6,"featured_media":9741,"comment_status":"closed","ping_status":"closed","sticky":false,"template":"","format":"standard","meta":{"_acf_changed":false,"_yoast_wpseo_focuskw":"L\u00e4rmschutzstrategie","_yoast_wpseo_metadesc":"Damit die hohe Lebensqualit\u00e4t erhalten bleibt, braucht es einen wirkungsvollen L\u00e4rmschutz. Die Stadt Z\u00fcrich arbeitet deshalb mit einer L\u00e4rmschutzstrategie.","articlekey":"","footnotes":""},"categories":[1],"tags":[1038,1598,1621],"class_list":["post-3554","post","type-post","status-publish","format-standard","has-post-thumbnail","hentry","category-allgemein","tag-elektromobilitaet","tag-laermschutzstrategie","tag-leise-reifen"],"acf":[],"yoast_head":"<!-- This site is optimized with the Yoast SEO plugin v27.4 - https:\/\/yoast.com\/product\/yoast-seo-wordpress\/ -->\n<title>Mit einer L\u00e4rmstrategie die Lebensqualit\u00e4t verbessern - Organisator<\/title>\n<meta name=\"description\" content=\"Damit die hohe Lebensqualit\u00e4t erhalten bleibt, braucht es einen wirkungsvollen L\u00e4rmschutz. Die Stadt Z\u00fcrich arbeitet deshalb mit einer L\u00e4rmschutzstrategie.\" \/>\n<meta name=\"robots\" content=\"index, follow, max-snippet:-1, max-image-preview:large, max-video-preview:-1\" \/>\n<link rel=\"canonical\" href=\"https:\/\/www.organisator.ch\/en\/general\/2020-12-03\/mit-einer-laermstrategie-die-lebensqualitaet-verbessern\/\" \/>\n<meta property=\"og:locale\" content=\"en_US\" \/>\n<meta property=\"og:type\" content=\"article\" \/>\n<meta property=\"og:title\" content=\"Mit einer L\u00e4rmstrategie die Lebensqualit\u00e4t verbessern - Organisator\" \/>\n<meta property=\"og:description\" content=\"Damit die hohe Lebensqualit\u00e4t erhalten bleibt, braucht es einen wirkungsvollen L\u00e4rmschutz. Die Stadt Z\u00fcrich arbeitet deshalb mit einer L\u00e4rmschutzstrategie.\" \/>\n<meta property=\"og:url\" content=\"https:\/\/www.organisator.ch\/en\/general\/2020-12-03\/mit-einer-laermstrategie-die-lebensqualitaet-verbessern\/\" \/>\n<meta property=\"og:site_name\" content=\"Organisator\" \/>\n<meta property=\"article:publisher\" content=\"https:\/\/www.facebook.com\/OrganisatorFachmagazin\" \/>\n<meta property=\"article:published_time\" content=\"2020-12-03T14:02:39+00:00\" \/>\n<meta property=\"og:image\" content=\"https:\/\/www.organisator.ch\/wp-content\/uploads\/2020\/12\/Depositphotos_64915445_s-2019.jpg\" \/>\n\t<meta property=\"og:image:width\" content=\"999\" \/>\n\t<meta property=\"og:image:height\" content=\"662\" \/>\n\t<meta property=\"og:image:type\" content=\"image\/jpeg\" \/>\n<meta name=\"author\" content=\"roger.straessle\" \/>\n<meta name=\"twitter:card\" content=\"summary_large_image\" \/>\n<script type=\"application\/ld+json\" class=\"yoast-schema-graph\">{\"@context\":\"https:\\\/\\\/schema.org\",\"@graph\":[{\"@type\":\"Article\",\"@id\":\"https:\\\/\\\/www.organisator.ch\\\/fr\\\/general\\\/2020-12-03\\\/mit-einer-laermstrategie-die-lebensqualitaet-verbessern\\\/#article\",\"isPartOf\":{\"@id\":\"https:\\\/\\\/www.organisator.ch\\\/fr\\\/general\\\/2020-12-03\\\/mit-einer-laermstrategie-die-lebensqualitaet-verbessern\\\/\"},\"author\":{\"name\":\"roger.straessle\",\"@id\":\"https:\\\/\\\/www.organisator.ch\\\/#\\\/schema\\\/person\\\/a800b8c54e208b160517a7dcc323161d\"},\"headline\":\"Mit einer L\u00e4rmstrategie die Lebensqualit\u00e4t verbessern\",\"datePublished\":\"2020-12-03T14:02:39+00:00\",\"mainEntityOfPage\":{\"@id\":\"https:\\\/\\\/www.organisator.ch\\\/fr\\\/general\\\/2020-12-03\\\/mit-einer-laermstrategie-die-lebensqualitaet-verbessern\\\/\"},\"wordCount\":479,\"publisher\":{\"@id\":\"https:\\\/\\\/www.organisator.ch\\\/#organization\"},\"image\":{\"@id\":\"https:\\\/\\\/www.organisator.ch\\\/fr\\\/general\\\/2020-12-03\\\/mit-einer-laermstrategie-die-lebensqualitaet-verbessern\\\/#primaryimage\"},\"thumbnailUrl\":\"https:\\\/\\\/www.organisator.ch\\\/wp-content\\\/uploads\\\/2020\\\/12\\\/Depositphotos_64915445_s-2019.jpg\",\"keywords\":[\"Elektromobilit\u00e4t\",\"L\u00e4rmschutzstrategie\",\"leise Reifen\"],\"articleSection\":[\"Allgemein\"],\"inLanguage\":\"en-US\"},{\"@type\":\"WebPage\",\"@id\":\"https:\\\/\\\/www.organisator.ch\\\/fr\\\/general\\\/2020-12-03\\\/mit-einer-laermstrategie-die-lebensqualitaet-verbessern\\\/\",\"url\":\"https:\\\/\\\/www.organisator.ch\\\/fr\\\/general\\\/2020-12-03\\\/mit-einer-laermstrategie-die-lebensqualitaet-verbessern\\\/\",\"name\":\"Mit einer L\u00e4rmstrategie die Lebensqualit\u00e4t verbessern - Organisator\",\"isPartOf\":{\"@id\":\"https:\\\/\\\/www.organisator.ch\\\/#website\"},\"primaryImageOfPage\":{\"@id\":\"https:\\\/\\\/www.organisator.ch\\\/fr\\\/general\\\/2020-12-03\\\/mit-einer-laermstrategie-die-lebensqualitaet-verbessern\\\/#primaryimage\"},\"image\":{\"@id\":\"https:\\\/\\\/www.organisator.ch\\\/fr\\\/general\\\/2020-12-03\\\/mit-einer-laermstrategie-die-lebensqualitaet-verbessern\\\/#primaryimage\"},\"thumbnailUrl\":\"https:\\\/\\\/www.organisator.ch\\\/wp-content\\\/uploads\\\/2020\\\/12\\\/Depositphotos_64915445_s-2019.jpg\",\"datePublished\":\"2020-12-03T14:02:39+00:00\",\"description\":\"Damit die hohe Lebensqualit\u00e4t erhalten bleibt, braucht es einen wirkungsvollen L\u00e4rmschutz. Die Stadt Z\u00fcrich arbeitet deshalb mit einer L\u00e4rmschutzstrategie.\",\"breadcrumb\":{\"@id\":\"https:\\\/\\\/www.organisator.ch\\\/fr\\\/general\\\/2020-12-03\\\/mit-einer-laermstrategie-die-lebensqualitaet-verbessern\\\/#breadcrumb\"},\"inLanguage\":\"en-US\",\"potentialAction\":[{\"@type\":\"ReadAction\",\"target\":[\"https:\\\/\\\/www.organisator.ch\\\/fr\\\/general\\\/2020-12-03\\\/mit-einer-laermstrategie-die-lebensqualitaet-verbessern\\\/\"]}]},{\"@type\":\"ImageObject\",\"inLanguage\":\"en-US\",\"@id\":\"https:\\\/\\\/www.organisator.ch\\\/fr\\\/general\\\/2020-12-03\\\/mit-einer-laermstrategie-die-lebensqualitaet-verbessern\\\/#primaryimage\",\"url\":\"https:\\\/\\\/www.organisator.ch\\\/wp-content\\\/uploads\\\/2020\\\/12\\\/Depositphotos_64915445_s-2019.jpg\",\"contentUrl\":\"https:\\\/\\\/www.organisator.ch\\\/wp-content\\\/uploads\\\/2020\\\/12\\\/Depositphotos_64915445_s-2019.jpg\",\"width\":999,\"height\":662,\"caption\":\"\u00a9 depositphotos, pxhidalgo\"},{\"@type\":\"BreadcrumbList\",\"@id\":\"https:\\\/\\\/www.organisator.ch\\\/fr\\\/general\\\/2020-12-03\\\/mit-einer-laermstrategie-die-lebensqualitaet-verbessern\\\/#breadcrumb\",\"itemListElement\":[{\"@type\":\"ListItem\",\"position\":1,\"name\":\"Home\",\"item\":\"https:\\\/\\\/www.organisator.ch\\\/\"},{\"@type\":\"ListItem\",\"position\":2,\"name\":\"Mit einer L\u00e4rmstrategie die Lebensqualit\u00e4t verbessern\"}]},{\"@type\":\"WebSite\",\"@id\":\"https:\\\/\\\/www.organisator.ch\\\/#website\",\"url\":\"https:\\\/\\\/www.organisator.ch\\\/\",\"name\":\"Organisator\",\"description\":\"Kompetent. Praxisnah. Der ORGANISATOR bereitet in 10 Ausgaben pro Jahr die wesentlichen Themen f\u00fcr F\u00fchrungskr\u00e4fte von KMU auf.\",\"publisher\":{\"@id\":\"https:\\\/\\\/www.organisator.ch\\\/#organization\"},\"potentialAction\":[{\"@type\":\"SearchAction\",\"target\":{\"@type\":\"EntryPoint\",\"urlTemplate\":\"https:\\\/\\\/www.organisator.ch\\\/?s={search_term_string}\"},\"query-input\":{\"@type\":\"PropertyValueSpecification\",\"valueRequired\":true,\"valueName\":\"search_term_string\"}}],\"inLanguage\":\"en-US\"},{\"@type\":\"Organization\",\"@id\":\"https:\\\/\\\/www.organisator.ch\\\/#organization\",\"name\":\"Organisator\",\"url\":\"https:\\\/\\\/www.organisator.ch\\\/\",\"logo\":{\"@type\":\"ImageObject\",\"inLanguage\":\"en-US\",\"@id\":\"https:\\\/\\\/www.organisator.ch\\\/#\\\/schema\\\/logo\\\/image\\\/\",\"url\":\"https:\\\/\\\/www.organisator.ch\\\/wp-content\\\/uploads\\\/2022\\\/01\\\/Logo_Organisator_Website.png\",\"contentUrl\":\"https:\\\/\\\/www.organisator.ch\\\/wp-content\\\/uploads\\\/2022\\\/01\\\/Logo_Organisator_Website.png\",\"width\":800,\"height\":77,\"caption\":\"Organisator\"},\"image\":{\"@id\":\"https:\\\/\\\/www.organisator.ch\\\/#\\\/schema\\\/logo\\\/image\\\/\"},\"sameAs\":[\"https:\\\/\\\/www.facebook.com\\\/OrganisatorFachmagazin\",\"https:\\\/\\\/www.linkedin.com\\\/showcase\\\/organisator-das-magazin-fr-kmu\",\"https:\\\/\\\/www.xing.com\\\/news\\\/pages\\\/organisator-ch-695\",\"https:\\\/\\\/www.youtube.com\\\/channel\\\/UCGP2Sq0iWaZwT3BdIAQFYpw\"]},{\"@type\":\"Person\",\"@id\":\"https:\\\/\\\/www.organisator.ch\\\/#\\\/schema\\\/person\\\/a800b8c54e208b160517a7dcc323161d\",\"name\":\"roger.straessle\",\"image\":{\"@type\":\"ImageObject\",\"inLanguage\":\"en-US\",\"@id\":\"https:\\\/\\\/secure.gravatar.com\\\/avatar\\\/?s=96&d=mm&r=g\",\"url\":\"https:\\\/\\\/secure.gravatar.com\\\/avatar\\\/?s=96&d=mm&r=g\",\"contentUrl\":\"https:\\\/\\\/secure.gravatar.com\\\/avatar\\\/?s=96&d=mm&r=g\",\"caption\":\"roger.straessle\"},\"url\":\"https:\\\/\\\/www.organisator.ch\\\/en\\\/author\\\/roger-straessle\\\/\"}]}<\/script>\n<!-- \/ Yoast SEO plugin. -->","yoast_head_json":{"title":"Improving the quality of life with a noise strategy - Organizer","description":"To maintain the high quality of life, effective noise protection is needed. The city of Zurich is therefore working with a noise protection strategy.","robots":{"index":"index","follow":"follow","max-snippet":"max-snippet:-1","max-image-preview":"max-image-preview:large","max-video-preview":"max-video-preview:-1"},"canonical":"https:\/\/www.organisator.ch\/en\/general\/2020-12-03\/mit-einer-laermstrategie-die-lebensqualitaet-verbessern\/","og_locale":"en_US","og_type":"article","og_title":"Mit einer L\u00e4rmstrategie die Lebensqualit\u00e4t verbessern - Organisator","og_description":"Damit die hohe Lebensqualit\u00e4t erhalten bleibt, braucht es einen wirkungsvollen L\u00e4rmschutz. Die Stadt Z\u00fcrich arbeitet deshalb mit einer L\u00e4rmschutzstrategie.","og_url":"https:\/\/www.organisator.ch\/en\/general\/2020-12-03\/mit-einer-laermstrategie-die-lebensqualitaet-verbessern\/","og_site_name":"Organisator","article_publisher":"https:\/\/www.facebook.com\/OrganisatorFachmagazin","article_published_time":"2020-12-03T14:02:39+00:00","og_image":[{"width":999,"height":662,"url":"https:\/\/www.organisator.ch\/wp-content\/uploads\/2020\/12\/Depositphotos_64915445_s-2019.jpg","type":"image\/jpeg"}],"author":"roger.straessle","twitter_card":"summary_large_image","schema":{"@context":"https:\/\/schema.org","@graph":[{"@type":"Article","@id":"https:\/\/www.organisator.ch\/fr\/general\/2020-12-03\/mit-einer-laermstrategie-die-lebensqualitaet-verbessern\/#article","isPartOf":{"@id":"https:\/\/www.organisator.ch\/fr\/general\/2020-12-03\/mit-einer-laermstrategie-die-lebensqualitaet-verbessern\/"},"author":{"name":"roger.straessle","@id":"https:\/\/www.organisator.ch\/#\/schema\/person\/a800b8c54e208b160517a7dcc323161d"},"headline":"Mit einer L\u00e4rmstrategie die Lebensqualit\u00e4t verbessern","datePublished":"2020-12-03T14:02:39+00:00","mainEntityOfPage":{"@id":"https:\/\/www.organisator.ch\/fr\/general\/2020-12-03\/mit-einer-laermstrategie-die-lebensqualitaet-verbessern\/"},"wordCount":479,"publisher":{"@id":"https:\/\/www.organisator.ch\/#organization"},"image":{"@id":"https:\/\/www.organisator.ch\/fr\/general\/2020-12-03\/mit-einer-laermstrategie-die-lebensqualitaet-verbessern\/#primaryimage"},"thumbnailUrl":"https:\/\/www.organisator.ch\/wp-content\/uploads\/2020\/12\/Depositphotos_64915445_s-2019.jpg","keywords":["Elektromobilit\u00e4t","L\u00e4rmschutzstrategie","leise Reifen"],"articleSection":["Allgemein"],"inLanguage":"en-US"},{"@type":"WebPage","@id":"https:\/\/www.organisator.ch\/fr\/general\/2020-12-03\/mit-einer-laermstrategie-die-lebensqualitaet-verbessern\/","url":"https:\/\/www.organisator.ch\/fr\/general\/2020-12-03\/mit-einer-laermstrategie-die-lebensqualitaet-verbessern\/","name":"Improving the quality of life with a noise strategy - Organizer","isPartOf":{"@id":"https:\/\/www.organisator.ch\/#website"},"primaryImageOfPage":{"@id":"https:\/\/www.organisator.ch\/fr\/general\/2020-12-03\/mit-einer-laermstrategie-die-lebensqualitaet-verbessern\/#primaryimage"},"image":{"@id":"https:\/\/www.organisator.ch\/fr\/general\/2020-12-03\/mit-einer-laermstrategie-die-lebensqualitaet-verbessern\/#primaryimage"},"thumbnailUrl":"https:\/\/www.organisator.ch\/wp-content\/uploads\/2020\/12\/Depositphotos_64915445_s-2019.jpg","datePublished":"2020-12-03T14:02:39+00:00","description":"To maintain the high quality of life, effective noise protection is needed. The city of Zurich is therefore working with a noise protection strategy.","breadcrumb":{"@id":"https:\/\/www.organisator.ch\/fr\/general\/2020-12-03\/mit-einer-laermstrategie-die-lebensqualitaet-verbessern\/#breadcrumb"},"inLanguage":"en-US","potentialAction":[{"@type":"ReadAction","target":["https:\/\/www.organisator.ch\/fr\/general\/2020-12-03\/mit-einer-laermstrategie-die-lebensqualitaet-verbessern\/"]}]},{"@type":"ImageObject","inLanguage":"en-US","@id":"https:\/\/www.organisator.ch\/fr\/general\/2020-12-03\/mit-einer-laermstrategie-die-lebensqualitaet-verbessern\/#primaryimage","url":"https:\/\/www.organisator.ch\/wp-content\/uploads\/2020\/12\/Depositphotos_64915445_s-2019.jpg","contentUrl":"https:\/\/www.organisator.ch\/wp-content\/uploads\/2020\/12\/Depositphotos_64915445_s-2019.jpg","width":999,"height":662,"caption":"\u00a9 depositphotos, pxhidalgo"},{"@type":"BreadcrumbList","@id":"https:\/\/www.organisator.ch\/fr\/general\/2020-12-03\/mit-einer-laermstrategie-die-lebensqualitaet-verbessern\/#breadcrumb","itemListElement":[{"@type":"ListItem","position":1,"name":"Home","item":"https:\/\/www.organisator.ch\/"},{"@type":"ListItem","position":2,"name":"Mit einer L\u00e4rmstrategie die Lebensqualit\u00e4t verbessern"}]},{"@type":"WebSite","@id":"https:\/\/www.organisator.ch\/#website","url":"https:\/\/www.organisator.ch\/","name":"Organizer","description":"Competent. Practical. In 10 issues per year, ORGANISATOR presents the essential topics for managers of SMEs.","publisher":{"@id":"https:\/\/www.organisator.ch\/#organization"},"potentialAction":[{"@type":"SearchAction","target":{"@type":"EntryPoint","urlTemplate":"https:\/\/www.organisator.ch\/?s={search_term_string}"},"query-input":{"@type":"PropertyValueSpecification","valueRequired":true,"valueName":"search_term_string"}}],"inLanguage":"en-US"},{"@type":"Organization","@id":"https:\/\/www.organisator.ch\/#organization","name":"Organizer","url":"https:\/\/www.organisator.ch\/","logo":{"@type":"ImageObject","inLanguage":"en-US","@id":"https:\/\/www.organisator.ch\/#\/schema\/logo\/image\/","url":"https:\/\/www.organisator.ch\/wp-content\/uploads\/2022\/01\/Logo_Organisator_Website.png","contentUrl":"https:\/\/www.organisator.ch\/wp-content\/uploads\/2022\/01\/Logo_Organisator_Website.png","width":800,"height":77,"caption":"Organisator"},"image":{"@id":"https:\/\/www.organisator.ch\/#\/schema\/logo\/image\/"},"sameAs":["https:\/\/www.facebook.com\/OrganisatorFachmagazin","https:\/\/www.linkedin.com\/showcase\/organisator-das-magazin-fr-kmu","https:\/\/www.xing.com\/news\/pages\/organisator-ch-695","https:\/\/www.youtube.com\/channel\/UCGP2Sq0iWaZwT3BdIAQFYpw"]},{"@type":"Person","@id":"https:\/\/www.organisator.ch\/#\/schema\/person\/a800b8c54e208b160517a7dcc323161d","name":"roger.straessle","image":{"@type":"ImageObject","inLanguage":"en-US","@id":"https:\/\/secure.gravatar.com\/avatar\/?s=96&d=mm&r=g","url":"https:\/\/secure.gravatar.com\/avatar\/?s=96&d=mm&r=g","contentUrl":"https:\/\/secure.gravatar.com\/avatar\/?s=96&d=mm&r=g","caption":"roger.straessle"},"url":"https:\/\/www.organisator.ch\/en\/author\/roger-straessle\/"}]}},"_links":{"self":[{"href":"https:\/\/www.organisator.ch\/en\/wp-json\/wp\/v2\/posts\/3554","targetHints":{"allow":["GET"]}}],"collection":[{"href":"https:\/\/www.organisator.ch\/en\/wp-json\/wp\/v2\/posts"}],"about":[{"href":"https:\/\/www.organisator.ch\/en\/wp-json\/wp\/v2\/types\/post"}],"author":[{"embeddable":true,"href":"https:\/\/www.organisator.ch\/en\/wp-json\/wp\/v2\/users\/6"}],"replies":[{"embeddable":true,"href":"https:\/\/www.organisator.ch\/en\/wp-json\/wp\/v2\/comments?post=3554"}],"version-history":[{"count":0,"href":"https:\/\/www.organisator.ch\/en\/wp-json\/wp\/v2\/posts\/3554\/revisions"}],"wp:featuredmedia":[{"embeddable":true,"href":"https:\/\/www.organisator.ch\/en\/wp-json\/wp\/v2\/media\/9741"}],"wp:attachment":[{"href":"https:\/\/www.organisator.ch\/en\/wp-json\/wp\/v2\/media?parent=3554"}],"wp:term":[{"taxonomy":"category","embeddable":true,"href":"https:\/\/www.organisator.ch\/en\/wp-json\/wp\/v2\/categories?post=3554"},{"taxonomy":"post_tag","embeddable":true,"href":"https:\/\/www.organisator.ch\/en\/wp-json\/wp\/v2\/tags?post=3554"}],"curies":[{"name":"wp","href":"https:\/\/api.w.org\/{rel}","templated":true}]}}