{"id":35541,"date":"2025-01-27T07:59:16","date_gmt":"2025-01-27T06:59:16","guid":{"rendered":"https:\/\/www.markt-kom.com\/?p=229467"},"modified":"2025-01-27T07:31:15","modified_gmt":"2025-01-27T06:31:15","slug":"primcom-kommuniziert-neu-fuer-procap-reisen-sport","status":"publish","type":"post","link":"https:\/\/www.organisator.ch\/en\/marketing\/2025-01-27\/primcom-kommuniziert-neu-fuer-procap-reisen-sport\/","title":{"rendered":"Primcom now communicates for Procap Travel &amp; Sport"},"content":{"rendered":"<figure id=\"attachment_229468\" class=\"wp-caption aligncenter\" style=\"width: 1200px;\" aria-describedby=\"caption-attachment-229468\"><a href=\"https:\/\/www.markt-kom.com\/wp-content\/uploads\/2025\/01\/ProCap-PrimCom-Mallorca_Party-und-Strand-fuer-Junge_kl.jpg\"><img class=\"size-full wp-image-229468\" src=\"https:\/\/www.markt-kom.com\/wp-content\/uploads\/2025\/01\/ProCap-PrimCom-Mallorca_Party-und-Strand-fuer-Junge_kl.jpg\" sizes=\"(max-width: 1200px) 100vw, 1200px\" srcset=\"https:\/\/www.markt-kom.com\/wp-content\/uploads\/2025\/01\/ProCap-PrimCom-Mallorca_Party-und-Strand-fuer-Junge_kl.jpg 1200w, https:\/\/www.markt-kom.com\/wp-content\/uploads\/2025\/01\/ProCap-PrimCom-Mallorca_Party-und-Strand-fuer-Junge_kl-600x450.jpg 600w, https:\/\/www.markt-kom.com\/wp-content\/uploads\/2025\/01\/ProCap-PrimCom-Mallorca_Party-und-Strand-fuer-Junge_kl-1024x768.jpg 1024w, https:\/\/www.markt-kom.com\/wp-content\/uploads\/2025\/01\/ProCap-PrimCom-Mallorca_Party-und-Strand-fuer-Junge_kl-768x576.jpg 768w, https:\/\/www.markt-kom.com\/wp-content\/uploads\/2025\/01\/ProCap-PrimCom-Mallorca_Party-und-Strand-fuer-Junge_kl-16x12.jpg 16w, https:\/\/www.markt-kom.com\/wp-content\/uploads\/2025\/01\/ProCap-PrimCom-Mallorca_Party-und-Strand-fuer-Junge_kl-233x175.jpg 233w, https:\/\/www.markt-kom.com\/wp-content\/uploads\/2025\/01\/ProCap-PrimCom-Mallorca_Party-und-Strand-fuer-Junge_kl-467x350.jpg 467w, https:\/\/www.markt-kom.com\/wp-content\/uploads\/2025\/01\/ProCap-PrimCom-Mallorca_Party-und-Strand-fuer-Junge_kl-1000x750.jpg 1000w\" alt=\"\" width=\"1200\" height=\"900\" \/><\/a>\r\n<figcaption id=\"caption-attachment-229468\" class=\"wp-caption-text\">A trip to Mallorca organized by Procap. The offer: party and beach for young people. (Image: zVg.)<\/figcaption>\r\n<\/figure>\r\n<p>Procap is the largest membership association of and for people with disabilities in Switzerland with around 24,000 members in around 40 regional sections and 30 sports groups. Procap Travel specifically supports people with disabilities in making their vacation dreams come true.<\/p>\r\n<p>The Procap Travel &amp; Sport vacation catalog includes trips for people with disabilities as well as older people with limited mobility. \"We check all our offers to see whether they are suitable for people with disabilities,\" explains Helena Bigler, Head of Travel and Sport at Procap. We also offer supervised group trips where people with different disabilities can travel together - in Switzerland and all over the world. Procap's mission also includes training courses for barrier-free travel - for example at tourism schools.<\/p>\r\n<p>\"Procap Travel is always looking for motivated people who would like to get involved as vacation companions or for sports camps and, of course, donors. We therefore very much hope that we can achieve greater public awareness of this important topic through greater media presence,\" says Deputy Managing Director of Primcom Sabine Biedermann, who is managing the mandate as a PR consultant. \"As Procap Reisen will be celebrating its 30th anniversary in 2025 and Procap Sport will even be 65 years old, the timing is just right.\"<\/p>","protected":false},"excerpt":{"rendered":"<p>The Primcom agency is expanding its portfolio and is now supporting Procap Travel &amp; Sport with its media work. The Swiss organization specializes in barrier-free travel and is committed to education and raising awareness of the needs of people with disabilities.<\/p>","protected":false},"author":8,"featured_media":0,"comment_status":"closed","ping_status":"closed","sticky":false,"template":"","format":"standard","meta":{"_acf_changed":false,"_yoast_wpseo_focuskw":"barrierefreies Reisen","_yoast_wpseo_metadesc":"Primcom unterst\u00fctzt Procap Reisen & Sport bei der Medienarbeit. Die Organisation setzt sich f\u00fcr barrierefreies Reisen und Inklusion ein.","articlekey":"","footnotes":""},"categories":[29],"tags":[2991,2855,3012,5000,5043],"class_list":["post-35541","post","type-post","status-publish","format-standard","hentry","category-marketing","tag-barrierefreiheit","tag-etats","tag-hotels-reisen","tag-primcom","tag-procap-reisen-sport"],"acf":[],"yoast_head":"<!-- This site is optimized with the Yoast SEO plugin v27.4 - https:\/\/yoast.com\/product\/yoast-seo-wordpress\/ -->\n<title>Primcom kommuniziert neu f\u00fcr Procap Reisen &amp; Sport - Organisator<\/title>\n<meta name=\"description\" content=\"Primcom unterst\u00fctzt Procap Reisen &amp; Sport bei der Medienarbeit. Die Organisation setzt sich f\u00fcr barrierefreies Reisen und Inklusion ein.\" \/>\n<meta name=\"robots\" content=\"index, follow, max-snippet:-1, max-image-preview:large, max-video-preview:-1\" \/>\n<link rel=\"canonical\" href=\"https:\/\/www.organisator.ch\/en\/marketing\/2025-01-27\/primcom-kommuniziert-neu-fuer-procap-reisen-sport\/\" \/>\n<meta property=\"og:locale\" content=\"en_US\" \/>\n<meta property=\"og:type\" content=\"article\" \/>\n<meta property=\"og:title\" content=\"Primcom kommuniziert neu f\u00fcr Procap Reisen &amp; Sport - Organisator\" \/>\n<meta property=\"og:description\" content=\"Primcom unterst\u00fctzt Procap Reisen &amp; Sport bei der Medienarbeit. Die Organisation setzt sich f\u00fcr barrierefreies Reisen und Inklusion ein.\" \/>\n<meta property=\"og:url\" content=\"https:\/\/www.organisator.ch\/en\/marketing\/2025-01-27\/primcom-kommuniziert-neu-fuer-procap-reisen-sport\/\" \/>\n<meta property=\"og:site_name\" content=\"Organisator\" \/>\n<meta property=\"article:publisher\" content=\"https:\/\/www.facebook.com\/OrganisatorFachmagazin\" \/>\n<meta property=\"article:published_time\" content=\"2025-01-27T06:59:16+00:00\" \/>\n<meta name=\"author\" content=\"galledia\" \/>\n<meta name=\"twitter:card\" content=\"summary_large_image\" \/>\n<meta name=\"twitter:creator\" content=\"@admin\" \/>\n<script type=\"application\/ld+json\" class=\"yoast-schema-graph\">{\"@context\":\"https:\\\/\\\/schema.org\",\"@graph\":[{\"@type\":\"Article\",\"@id\":\"https:\\\/\\\/www.organisator.ch\\\/marketing\\\/2025-01-27\\\/primcom-kommuniziert-neu-fuer-procap-reisen-sport\\\/#article\",\"isPartOf\":{\"@id\":\"https:\\\/\\\/www.organisator.ch\\\/marketing\\\/2025-01-27\\\/primcom-kommuniziert-neu-fuer-procap-reisen-sport\\\/\"},\"author\":{\"name\":\"galledia\",\"@id\":\"https:\\\/\\\/www.organisator.ch\\\/#\\\/schema\\\/person\\\/4e51799071cd2dd1232ac003643ef5f0\"},\"headline\":\"Primcom kommuniziert neu f\u00fcr Procap Reisen &amp; Sport\",\"datePublished\":\"2025-01-27T06:59:16+00:00\",\"mainEntityOfPage\":{\"@id\":\"https:\\\/\\\/www.organisator.ch\\\/marketing\\\/2025-01-27\\\/primcom-kommuniziert-neu-fuer-procap-reisen-sport\\\/\"},\"wordCount\":238,\"publisher\":{\"@id\":\"https:\\\/\\\/www.organisator.ch\\\/#organization\"},\"image\":{\"@id\":\"https:\\\/\\\/www.organisator.ch\\\/marketing\\\/2025-01-27\\\/primcom-kommuniziert-neu-fuer-procap-reisen-sport\\\/#primaryimage\"},\"thumbnailUrl\":\"https:\\\/\\\/www.markt-kom.com\\\/wp-content\\\/uploads\\\/2025\\\/01\\\/ProCap-PrimCom-Mallorca_Party-und-Strand-fuer-Junge_kl.jpg\",\"keywords\":[\"Barrierefreiheit\",\"Etats\",\"Hotels &amp; Reisen\",\"Primcom\",\"Procap Reisen &amp; Sport\"],\"articleSection\":[\"MARKETING\"],\"inLanguage\":\"en-US\"},{\"@type\":\"WebPage\",\"@id\":\"https:\\\/\\\/www.organisator.ch\\\/marketing\\\/2025-01-27\\\/primcom-kommuniziert-neu-fuer-procap-reisen-sport\\\/\",\"url\":\"https:\\\/\\\/www.organisator.ch\\\/marketing\\\/2025-01-27\\\/primcom-kommuniziert-neu-fuer-procap-reisen-sport\\\/\",\"name\":\"Primcom kommuniziert neu f\u00fcr Procap Reisen &amp; Sport - Organisator\",\"isPartOf\":{\"@id\":\"https:\\\/\\\/www.organisator.ch\\\/#website\"},\"primaryImageOfPage\":{\"@id\":\"https:\\\/\\\/www.organisator.ch\\\/marketing\\\/2025-01-27\\\/primcom-kommuniziert-neu-fuer-procap-reisen-sport\\\/#primaryimage\"},\"image\":{\"@id\":\"https:\\\/\\\/www.organisator.ch\\\/marketing\\\/2025-01-27\\\/primcom-kommuniziert-neu-fuer-procap-reisen-sport\\\/#primaryimage\"},\"thumbnailUrl\":\"https:\\\/\\\/www.markt-kom.com\\\/wp-content\\\/uploads\\\/2025\\\/01\\\/ProCap-PrimCom-Mallorca_Party-und-Strand-fuer-Junge_kl.jpg\",\"datePublished\":\"2025-01-27T06:59:16+00:00\",\"description\":\"Primcom unterst\u00fctzt Procap Reisen & Sport bei der Medienarbeit. Die Organisation setzt sich f\u00fcr barrierefreies Reisen und Inklusion ein.\",\"breadcrumb\":{\"@id\":\"https:\\\/\\\/www.organisator.ch\\\/marketing\\\/2025-01-27\\\/primcom-kommuniziert-neu-fuer-procap-reisen-sport\\\/#breadcrumb\"},\"inLanguage\":\"en-US\",\"potentialAction\":[{\"@type\":\"ReadAction\",\"target\":[\"https:\\\/\\\/www.organisator.ch\\\/marketing\\\/2025-01-27\\\/primcom-kommuniziert-neu-fuer-procap-reisen-sport\\\/\"]}]},{\"@type\":\"ImageObject\",\"inLanguage\":\"en-US\",\"@id\":\"https:\\\/\\\/www.organisator.ch\\\/marketing\\\/2025-01-27\\\/primcom-kommuniziert-neu-fuer-procap-reisen-sport\\\/#primaryimage\",\"url\":\"https:\\\/\\\/www.markt-kom.com\\\/wp-content\\\/uploads\\\/2025\\\/01\\\/ProCap-PrimCom-Mallorca_Party-und-Strand-fuer-Junge_kl.jpg\",\"contentUrl\":\"https:\\\/\\\/www.markt-kom.com\\\/wp-content\\\/uploads\\\/2025\\\/01\\\/ProCap-PrimCom-Mallorca_Party-und-Strand-fuer-Junge_kl.jpg\"},{\"@type\":\"BreadcrumbList\",\"@id\":\"https:\\\/\\\/www.organisator.ch\\\/marketing\\\/2025-01-27\\\/primcom-kommuniziert-neu-fuer-procap-reisen-sport\\\/#breadcrumb\",\"itemListElement\":[{\"@type\":\"ListItem\",\"position\":1,\"name\":\"Home\",\"item\":\"https:\\\/\\\/www.organisator.ch\\\/\"},{\"@type\":\"ListItem\",\"position\":2,\"name\":\"Primcom kommuniziert neu f\u00fcr Procap Reisen &amp; Sport\"}]},{\"@type\":\"WebSite\",\"@id\":\"https:\\\/\\\/www.organisator.ch\\\/#website\",\"url\":\"https:\\\/\\\/www.organisator.ch\\\/\",\"name\":\"Organisator\",\"description\":\"Kompetent. Praxisnah. Der ORGANISATOR bereitet in 10 Ausgaben pro Jahr die wesentlichen Themen f\u00fcr F\u00fchrungskr\u00e4fte von KMU auf.\",\"publisher\":{\"@id\":\"https:\\\/\\\/www.organisator.ch\\\/#organization\"},\"potentialAction\":[{\"@type\":\"SearchAction\",\"target\":{\"@type\":\"EntryPoint\",\"urlTemplate\":\"https:\\\/\\\/www.organisator.ch\\\/?s={search_term_string}\"},\"query-input\":{\"@type\":\"PropertyValueSpecification\",\"valueRequired\":true,\"valueName\":\"search_term_string\"}}],\"inLanguage\":\"en-US\"},{\"@type\":\"Organization\",\"@id\":\"https:\\\/\\\/www.organisator.ch\\\/#organization\",\"name\":\"Organisator\",\"url\":\"https:\\\/\\\/www.organisator.ch\\\/\",\"logo\":{\"@type\":\"ImageObject\",\"inLanguage\":\"en-US\",\"@id\":\"https:\\\/\\\/www.organisator.ch\\\/#\\\/schema\\\/logo\\\/image\\\/\",\"url\":\"https:\\\/\\\/www.organisator.ch\\\/wp-content\\\/uploads\\\/2022\\\/01\\\/Logo_Organisator_Website.png\",\"contentUrl\":\"https:\\\/\\\/www.organisator.ch\\\/wp-content\\\/uploads\\\/2022\\\/01\\\/Logo_Organisator_Website.png\",\"width\":800,\"height\":77,\"caption\":\"Organisator\"},\"image\":{\"@id\":\"https:\\\/\\\/www.organisator.ch\\\/#\\\/schema\\\/logo\\\/image\\\/\"},\"sameAs\":[\"https:\\\/\\\/www.facebook.com\\\/OrganisatorFachmagazin\",\"https:\\\/\\\/www.linkedin.com\\\/showcase\\\/organisator-das-magazin-fr-kmu\",\"https:\\\/\\\/www.xing.com\\\/news\\\/pages\\\/organisator-ch-695\",\"https:\\\/\\\/www.youtube.com\\\/channel\\\/UCGP2Sq0iWaZwT3BdIAQFYpw\"]},{\"@type\":\"Person\",\"@id\":\"https:\\\/\\\/www.organisator.ch\\\/#\\\/schema\\\/person\\\/4e51799071cd2dd1232ac003643ef5f0\",\"name\":\"galledia\",\"image\":{\"@type\":\"ImageObject\",\"inLanguage\":\"en-US\",\"@id\":\"https:\\\/\\\/secure.gravatar.com\\\/avatar\\\/78a7f90c01fc2bfc875782a0d4922b37cde2cf184ce347b91316d23cd7f69a36?s=96&d=mm&r=g\",\"url\":\"https:\\\/\\\/secure.gravatar.com\\\/avatar\\\/78a7f90c01fc2bfc875782a0d4922b37cde2cf184ce347b91316d23cd7f69a36?s=96&d=mm&r=g\",\"contentUrl\":\"https:\\\/\\\/secure.gravatar.com\\\/avatar\\\/78a7f90c01fc2bfc875782a0d4922b37cde2cf184ce347b91316d23cd7f69a36?s=96&d=mm&r=g\",\"caption\":\"galledia\"},\"sameAs\":[\"https:\\\/\\\/x.com\\\/admin\"],\"url\":\"https:\\\/\\\/www.organisator.ch\\\/en\\\/author\\\/galledia\\\/\"}]}<\/script>\n<!-- \/ Yoast SEO plugin. -->","yoast_head_json":{"title":"Primcom now communicates for Procap Travel &amp; Sport - Organizer","description":"Primcom supports Procap Travel &amp; Sport in its media work. The organization is committed to barrier-free travel and inclusion.","robots":{"index":"index","follow":"follow","max-snippet":"max-snippet:-1","max-image-preview":"max-image-preview:large","max-video-preview":"max-video-preview:-1"},"canonical":"https:\/\/www.organisator.ch\/en\/marketing\/2025-01-27\/primcom-kommuniziert-neu-fuer-procap-reisen-sport\/","og_locale":"en_US","og_type":"article","og_title":"Primcom kommuniziert neu f\u00fcr Procap Reisen &amp; Sport - Organisator","og_description":"Primcom unterst\u00fctzt Procap Reisen & Sport bei der Medienarbeit. Die Organisation setzt sich f\u00fcr barrierefreies Reisen und Inklusion ein.","og_url":"https:\/\/www.organisator.ch\/en\/marketing\/2025-01-27\/primcom-kommuniziert-neu-fuer-procap-reisen-sport\/","og_site_name":"Organisator","article_publisher":"https:\/\/www.facebook.com\/OrganisatorFachmagazin","article_published_time":"2025-01-27T06:59:16+00:00","author":"galledia","twitter_card":"summary_large_image","twitter_creator":"@admin","schema":{"@context":"https:\/\/schema.org","@graph":[{"@type":"Article","@id":"https:\/\/www.organisator.ch\/marketing\/2025-01-27\/primcom-kommuniziert-neu-fuer-procap-reisen-sport\/#article","isPartOf":{"@id":"https:\/\/www.organisator.ch\/marketing\/2025-01-27\/primcom-kommuniziert-neu-fuer-procap-reisen-sport\/"},"author":{"name":"galledia","@id":"https:\/\/www.organisator.ch\/#\/schema\/person\/4e51799071cd2dd1232ac003643ef5f0"},"headline":"Primcom kommuniziert neu f\u00fcr Procap Reisen &amp; Sport","datePublished":"2025-01-27T06:59:16+00:00","mainEntityOfPage":{"@id":"https:\/\/www.organisator.ch\/marketing\/2025-01-27\/primcom-kommuniziert-neu-fuer-procap-reisen-sport\/"},"wordCount":238,"publisher":{"@id":"https:\/\/www.organisator.ch\/#organization"},"image":{"@id":"https:\/\/www.organisator.ch\/marketing\/2025-01-27\/primcom-kommuniziert-neu-fuer-procap-reisen-sport\/#primaryimage"},"thumbnailUrl":"https:\/\/www.markt-kom.com\/wp-content\/uploads\/2025\/01\/ProCap-PrimCom-Mallorca_Party-und-Strand-fuer-Junge_kl.jpg","keywords":["Barrierefreiheit","Etats","Hotels &amp; Reisen","Primcom","Procap Reisen &amp; Sport"],"articleSection":["MARKETING"],"inLanguage":"en-US"},{"@type":"WebPage","@id":"https:\/\/www.organisator.ch\/marketing\/2025-01-27\/primcom-kommuniziert-neu-fuer-procap-reisen-sport\/","url":"https:\/\/www.organisator.ch\/marketing\/2025-01-27\/primcom-kommuniziert-neu-fuer-procap-reisen-sport\/","name":"Primcom now communicates for Procap Travel &amp; Sport - Organizer","isPartOf":{"@id":"https:\/\/www.organisator.ch\/#website"},"primaryImageOfPage":{"@id":"https:\/\/www.organisator.ch\/marketing\/2025-01-27\/primcom-kommuniziert-neu-fuer-procap-reisen-sport\/#primaryimage"},"image":{"@id":"https:\/\/www.organisator.ch\/marketing\/2025-01-27\/primcom-kommuniziert-neu-fuer-procap-reisen-sport\/#primaryimage"},"thumbnailUrl":"https:\/\/www.markt-kom.com\/wp-content\/uploads\/2025\/01\/ProCap-PrimCom-Mallorca_Party-und-Strand-fuer-Junge_kl.jpg","datePublished":"2025-01-27T06:59:16+00:00","description":"Primcom supports Procap Travel &amp; Sport in its media work. The organization is committed to barrier-free travel and inclusion.","breadcrumb":{"@id":"https:\/\/www.organisator.ch\/marketing\/2025-01-27\/primcom-kommuniziert-neu-fuer-procap-reisen-sport\/#breadcrumb"},"inLanguage":"en-US","potentialAction":[{"@type":"ReadAction","target":["https:\/\/www.organisator.ch\/marketing\/2025-01-27\/primcom-kommuniziert-neu-fuer-procap-reisen-sport\/"]}]},{"@type":"ImageObject","inLanguage":"en-US","@id":"https:\/\/www.organisator.ch\/marketing\/2025-01-27\/primcom-kommuniziert-neu-fuer-procap-reisen-sport\/#primaryimage","url":"https:\/\/www.markt-kom.com\/wp-content\/uploads\/2025\/01\/ProCap-PrimCom-Mallorca_Party-und-Strand-fuer-Junge_kl.jpg","contentUrl":"https:\/\/www.markt-kom.com\/wp-content\/uploads\/2025\/01\/ProCap-PrimCom-Mallorca_Party-und-Strand-fuer-Junge_kl.jpg"},{"@type":"BreadcrumbList","@id":"https:\/\/www.organisator.ch\/marketing\/2025-01-27\/primcom-kommuniziert-neu-fuer-procap-reisen-sport\/#breadcrumb","itemListElement":[{"@type":"ListItem","position":1,"name":"Home","item":"https:\/\/www.organisator.ch\/"},{"@type":"ListItem","position":2,"name":"Primcom kommuniziert neu f\u00fcr Procap Reisen &amp; Sport"}]},{"@type":"WebSite","@id":"https:\/\/www.organisator.ch\/#website","url":"https:\/\/www.organisator.ch\/","name":"Organizer","description":"Competent. Practical. In 10 issues per year, ORGANISATOR presents the essential topics for managers of SMEs.","publisher":{"@id":"https:\/\/www.organisator.ch\/#organization"},"potentialAction":[{"@type":"SearchAction","target":{"@type":"EntryPoint","urlTemplate":"https:\/\/www.organisator.ch\/?s={search_term_string}"},"query-input":{"@type":"PropertyValueSpecification","valueRequired":true,"valueName":"search_term_string"}}],"inLanguage":"en-US"},{"@type":"Organization","@id":"https:\/\/www.organisator.ch\/#organization","name":"Organizer","url":"https:\/\/www.organisator.ch\/","logo":{"@type":"ImageObject","inLanguage":"en-US","@id":"https:\/\/www.organisator.ch\/#\/schema\/logo\/image\/","url":"https:\/\/www.organisator.ch\/wp-content\/uploads\/2022\/01\/Logo_Organisator_Website.png","contentUrl":"https:\/\/www.organisator.ch\/wp-content\/uploads\/2022\/01\/Logo_Organisator_Website.png","width":800,"height":77,"caption":"Organisator"},"image":{"@id":"https:\/\/www.organisator.ch\/#\/schema\/logo\/image\/"},"sameAs":["https:\/\/www.facebook.com\/OrganisatorFachmagazin","https:\/\/www.linkedin.com\/showcase\/organisator-das-magazin-fr-kmu","https:\/\/www.xing.com\/news\/pages\/organisator-ch-695","https:\/\/www.youtube.com\/channel\/UCGP2Sq0iWaZwT3BdIAQFYpw"]},{"@type":"Person","@id":"https:\/\/www.organisator.ch\/#\/schema\/person\/4e51799071cd2dd1232ac003643ef5f0","name":"galledia","image":{"@type":"ImageObject","inLanguage":"en-US","@id":"https:\/\/secure.gravatar.com\/avatar\/78a7f90c01fc2bfc875782a0d4922b37cde2cf184ce347b91316d23cd7f69a36?s=96&d=mm&r=g","url":"https:\/\/secure.gravatar.com\/avatar\/78a7f90c01fc2bfc875782a0d4922b37cde2cf184ce347b91316d23cd7f69a36?s=96&d=mm&r=g","contentUrl":"https:\/\/secure.gravatar.com\/avatar\/78a7f90c01fc2bfc875782a0d4922b37cde2cf184ce347b91316d23cd7f69a36?s=96&d=mm&r=g","caption":"galledia"},"sameAs":["https:\/\/x.com\/admin"],"url":"https:\/\/www.organisator.ch\/en\/author\/galledia\/"}]}},"_links":{"self":[{"href":"https:\/\/www.organisator.ch\/en\/wp-json\/wp\/v2\/posts\/35541","targetHints":{"allow":["GET"]}}],"collection":[{"href":"https:\/\/www.organisator.ch\/en\/wp-json\/wp\/v2\/posts"}],"about":[{"href":"https:\/\/www.organisator.ch\/en\/wp-json\/wp\/v2\/types\/post"}],"author":[{"embeddable":true,"href":"https:\/\/www.organisator.ch\/en\/wp-json\/wp\/v2\/users\/8"}],"replies":[{"embeddable":true,"href":"https:\/\/www.organisator.ch\/en\/wp-json\/wp\/v2\/comments?post=35541"}],"version-history":[{"count":5,"href":"https:\/\/www.organisator.ch\/en\/wp-json\/wp\/v2\/posts\/35541\/revisions"}],"predecessor-version":[{"id":35584,"href":"https:\/\/www.organisator.ch\/en\/wp-json\/wp\/v2\/posts\/35541\/revisions\/35584"}],"wp:attachment":[{"href":"https:\/\/www.organisator.ch\/en\/wp-json\/wp\/v2\/media?parent=35541"}],"wp:term":[{"taxonomy":"category","embeddable":true,"href":"https:\/\/www.organisator.ch\/en\/wp-json\/wp\/v2\/categories?post=35541"},{"taxonomy":"post_tag","embeddable":true,"href":"https:\/\/www.organisator.ch\/en\/wp-json\/wp\/v2\/tags?post=35541"}],"curies":[{"name":"wp","href":"https:\/\/api.w.org\/{rel}","templated":true}]}}