{"id":35566,"date":"2025-01-27T13:13:08","date_gmt":"2025-01-27T12:13:08","guid":{"rendered":"https:\/\/www.organisator.ch\/?p=35566"},"modified":"2025-01-27T13:13:08","modified_gmt":"2025-01-27T12:13:08","slug":"fuenf-finalisten-fuer-den-prix-svc-zentralschweiz-2025-nominiert","status":"publish","type":"post","link":"https:\/\/www.organisator.ch\/en\/management\/2025-01-27\/fuenf-finalisten-fuer-den-prix-svc-zentralschweiz-2025-nominiert\/","title":{"rendered":"Five finalists nominated for the Prix SVC Central Switzerland 2025"},"content":{"rendered":"<figure id=\"attachment_35568\" aria-describedby=\"caption-attachment-35568\" style=\"width: 680px\" class=\"wp-caption alignnone\"><img loading=\"lazy\" decoding=\"async\" class=\"wp-image-35568 size-full\" src=\"https:\/\/www.organisator.ch\/wp-content\/uploads\/2025\/01\/Prix-SVC_Bild1_ps.jpg\" alt=\"\" width=\"680\" height=\"537\" srcset=\"https:\/\/www.organisator.ch\/wp-content\/uploads\/2025\/01\/Prix-SVC_Bild1_ps.jpg 680w, https:\/\/www.organisator.ch\/wp-content\/uploads\/2025\/01\/Prix-SVC_Bild1_ps-15x12.jpg 15w, https:\/\/www.organisator.ch\/wp-content\/uploads\/2025\/01\/Prix-SVC_Bild1_ps-375x296.jpg 375w, https:\/\/www.organisator.ch\/wp-content\/uploads\/2025\/01\/Prix-SVC_Bild1_ps-443x350.jpg 443w\" sizes=\"auto, (max-width: 680px) 100vw, 680px\" \/><figcaption id=\"caption-attachment-35568\" class=\"wp-caption-text\">In 2023, the Prix SVC Zentralschweiz went to Marianne and Pirmin Jung. (Image: Thomas Berner)<\/figcaption><\/figure>\n<p>The sponsor and initiator of the Prix SVC awards is the SVC. An independent association for the promotion and support of SMEs in Switzerland, which was founded in 2001. With the Prix SVC Zentralschweiz, it honors exemplary companies that impress with their innovative products and services, their corporate culture, the quality of their employees and management and their sustainable track record.<\/p>\n<p>It is not possible for SMEs themselves to apply for a nomination for the Prix SVC. The selection of companies and the nominations for the Prix SVC are made exclusively by an independent jury of experts with strong regional roots.<\/p>\n<p>The award ceremony will take place on Thursday, 22 May 2025, at the KKL Culture and Convention Center in Lucerne. Around 1,100 guests from the worlds of business, science, politics and culture are expected to attend. The Prix SVC Central Switzerland was first awarded in 2006 and 2025 marks an anniversary - the tenth time that a successful SME from the region has received the Prix SVC winner's prize.<\/p>\n<h3><strong>The 2025 finalists: five success stories from Central Switzerland<\/strong><\/h3>\n<h3><strong>Axon Active Group, Lucerne <\/strong><\/h3>\n<p>The <a href=\"https:\/\/www.axonactive.group\/\">Axon Active Group<\/a> develops solutions and products that open the doors to successful digital transformation for customers worldwide. The company's headquarters are located high above Lucerne on the Wilhelmsh\u00f6he. A kind of \"Silicon Valley of Central Switzerland\" is being created in the historic Schl\u00f6ssli Sch\u00f6negg. With interdisciplinary teams, Axon Active supports companies and organizations in various industries - from mobility providers to financial service providers and energy suppliers - in transforming and optimizing their business processes with innovative and scalable digital solutions. The company is characterized by agility, sustainability and customer proximity.<\/p>\n<h3><strong>Impact Acoustic AG, Lucerne <\/strong><\/h3>\n<p>The <a href=\"https:\/\/impactacoustic.com\/en\">Impact Acoustic AG is<\/a> specializes in innovative acoustic solutions and interior design. Since its foundation in 2019, the Lucerne-based company has been developing recyclable products that improve room acoustics in offices, restaurants, hotels and public buildings. Impact Acoustic combines sustainability, design and high functionality to create optimal acoustic environments. By developing environmentally friendly, reusable materials and creative design elements, the company ensures effective sound absorption and sound quality that promotes well-being and productivity.\u00a0<\/p>\n<h3><strong>Obrist interior AG, Inwil<\/strong><\/h3>\n<p>The <a href=\"https:\/\/www.obrist-interior.ch\/home\">Obrist interior AG<\/a> from Inwil develops and realizes high-quality store and interior fittings worldwide. The company attaches great importance to design, quality and functionality and implements exclusive projects that are precisely tailored to the wishes and needs of its customers. From concept to implementation and furniture production, Obrist interior combines traditional craftsmanship with modern technologies and services to create aesthetic, functional and sustainable room concepts - and has been doing so with great success for 130 years.<\/p>\n<h3><strong>Schiltrac Fahrzeugbau GmbH, Buochs<\/strong><\/h3>\n<p>The <a href=\"https:\/\/www.schiltrac.ch\/\">Schiltrac Fahrzeugbau GmbH<\/a> has specialized in the development and construction of special transporters for various industries. With many years of experience, Schiltrac offers customized solutions for a wide range of applications, from agriculture and municipal vehicles to fire engines. Thanks to innovative technology, the transporters from the Nidwalden-based company can also be used in areas where conventional vehicles have to capitulate. Schiltrac is known for its high manufacturing quality and flexibility, which enables it to respond to individual customer requirements and produce efficient, durable and powerful vehicles that meet the highest demands.<\/p>\n<h3><strong>Stadler Form AG, Zug <\/strong><\/h3>\n<p>The <a href=\"https:\/\/www.stadlerform.com\/de-ch\">Stadler Form AG<\/a> based in Zug, is a leading company in the field of household appliances for optimizing the indoor climate. Since its foundation in 1998, Stadler Form has been developing and producing innovative products that impress with their timeless design and high-quality technology. The company is known for its humidifiers, aroma diffusers and dehumidifiers, which are both aesthetically pleasing and energy efficient. With a clear focus on sustainability and user-friendliness, Stadler Form offers solutions that improve the indoor climate and increase the comfort of its customers. The focus is always on quality and innovation.<\/p>\n<p><em>Source: <a href=\"http:\/\/www.svc.swiss\">www.svc.swiss<\/a><\/em><\/p>","protected":false},"excerpt":{"rendered":"<p>The SVC (Swiss Venture Club) SME network will be awarding the Prix SVC Central Switzerland for the tenth time on May 22, 2025. Five successful companies from the region have been nominated for the final by the SVC expert jury and can hope to win the prestigious prize: The Axon Active Group from Lucerne, Impact Acoustic AG also from Lucerne, Obrist interior AG from Inwil, Schiltrac Fahrzeugbau GmbH from Buochs and Stadler Form AG from Zug.<\/p>","protected":false},"author":80,"featured_media":35568,"comment_status":"closed","ping_status":"closed","sticky":false,"template":"","format":"standard","meta":{"_acf_changed":false,"_yoast_wpseo_focuskw":"Prix SVC Zentralschweiz","_yoast_wpseo_metadesc":"Am 22. Mai 2025 wird der Prix SVC Zentralschweiz zum 10. Mal verliehen. F\u00fcnf innovative Unternehmen hoffen auf den renommierten Preis.","articlekey":"","footnotes":""},"categories":[28],"tags":[66,390,492,2856],"class_list":["post-35566","post","type-post","status-publish","format-standard","has-post-thumbnail","hentry","category-management","tag-awards","tag-prix-svc","tag-unternehmen","tag-zentralschweiz"],"acf":[],"yoast_head":"<!-- This site is optimized with the Yoast SEO plugin v27.5 - https:\/\/yoast.com\/product\/yoast-seo-wordpress\/ -->\n<title>F\u00fcnf Finalisten f\u00fcr den Prix SVC Zentralschweiz 2025 nominiert - Organisator<\/title>\n<meta name=\"description\" content=\"Am 22. Mai 2025 wird der Prix SVC Zentralschweiz zum 10. Mal verliehen. F\u00fcnf innovative Unternehmen hoffen auf den renommierten Preis.\" \/>\n<meta name=\"robots\" content=\"index, follow, max-snippet:-1, max-image-preview:large, max-video-preview:-1\" \/>\n<link rel=\"canonical\" href=\"https:\/\/www.organisator.ch\/en\/management\/2025-01-27\/fuenf-finalisten-fuer-den-prix-svc-zentralschweiz-2025-nominiert\/\" \/>\n<meta property=\"og:locale\" content=\"en_US\" \/>\n<meta property=\"og:type\" content=\"article\" \/>\n<meta property=\"og:title\" content=\"F\u00fcnf Finalisten f\u00fcr den Prix SVC Zentralschweiz 2025 nominiert\" \/>\n<meta property=\"og:description\" content=\"Am 22. Mai 2025 wird der Prix SVC Zentralschweiz zum 10. Mal verliehen. F\u00fcnf innovative Unternehmen hoffen auf den renommierten Preis.\" \/>\n<meta property=\"og:url\" content=\"https:\/\/www.organisator.ch\/en\/management\/2025-01-27\/fuenf-finalisten-fuer-den-prix-svc-zentralschweiz-2025-nominiert\/\" \/>\n<meta property=\"og:site_name\" content=\"Organisator\" \/>\n<meta property=\"article:publisher\" content=\"https:\/\/www.facebook.com\/OrganisatorFachmagazin\" \/>\n<meta property=\"article:published_time\" content=\"2025-01-27T12:13:08+00:00\" \/>\n<meta property=\"og:image\" content=\"https:\/\/www.organisator.ch\/wp-content\/uploads\/2025\/01\/Prix-SVC_Bild1_ps.jpg\" \/>\n\t<meta property=\"og:image:width\" content=\"680\" \/>\n\t<meta property=\"og:image:height\" content=\"537\" \/>\n\t<meta property=\"og:image:type\" content=\"image\/jpeg\" \/>\n<meta name=\"author\" content=\"Dzana Muminovic\" \/>\n<meta name=\"twitter:card\" content=\"summary_large_image\" \/>\n<meta name=\"twitter:title\" content=\"F\u00fcnf Finalisten f\u00fcr den Prix SVC Zentralschweiz 2025 nominiert\" \/>\n<meta name=\"twitter:description\" content=\"Am 22. Mai 2025 wird der #Prix #SVC #Zentralschweiz zum 10. Mal verliehen. F\u00fcnf innovative #Unternehmen hoffen auf den renommierten #Preis.\" \/>\n<meta name=\"twitter:image\" content=\"https:\/\/www.organisator.ch\/wp-content\/uploads\/2025\/01\/Prix-SVC_Bild1_ps.jpg\" \/>\n<script type=\"application\/ld+json\" class=\"yoast-schema-graph\">{\"@context\":\"https:\\\/\\\/schema.org\",\"@graph\":[{\"@type\":\"Article\",\"@id\":\"https:\\\/\\\/www.organisator.ch\\\/management\\\/2025-01-27\\\/fuenf-finalisten-fuer-den-prix-svc-zentralschweiz-2025-nominiert\\\/#article\",\"isPartOf\":{\"@id\":\"https:\\\/\\\/www.organisator.ch\\\/management\\\/2025-01-27\\\/fuenf-finalisten-fuer-den-prix-svc-zentralschweiz-2025-nominiert\\\/\"},\"author\":{\"name\":\"Dzana Muminovic\",\"@id\":\"https:\\\/\\\/www.organisator.ch\\\/#\\\/schema\\\/person\\\/afccda3a71c06d4be2ed9100dd163db7\"},\"headline\":\"F\u00fcnf Finalisten f\u00fcr den Prix SVC Zentralschweiz 2025 nominiert\",\"datePublished\":\"2025-01-27T12:13:08+00:00\",\"mainEntityOfPage\":{\"@id\":\"https:\\\/\\\/www.organisator.ch\\\/management\\\/2025-01-27\\\/fuenf-finalisten-fuer-den-prix-svc-zentralschweiz-2025-nominiert\\\/\"},\"wordCount\":668,\"publisher\":{\"@id\":\"https:\\\/\\\/www.organisator.ch\\\/#organization\"},\"image\":{\"@id\":\"https:\\\/\\\/www.organisator.ch\\\/management\\\/2025-01-27\\\/fuenf-finalisten-fuer-den-prix-svc-zentralschweiz-2025-nominiert\\\/#primaryimage\"},\"thumbnailUrl\":\"https:\\\/\\\/www.organisator.ch\\\/wp-content\\\/uploads\\\/2025\\\/01\\\/Prix-SVC_Bild1_ps.jpg\",\"keywords\":[\"Awards\",\"Prix SVC\",\"Unternehmen\",\"Zentralschweiz\"],\"articleSection\":[\"MANAGEMENT\"],\"inLanguage\":\"en-US\"},{\"@type\":\"WebPage\",\"@id\":\"https:\\\/\\\/www.organisator.ch\\\/management\\\/2025-01-27\\\/fuenf-finalisten-fuer-den-prix-svc-zentralschweiz-2025-nominiert\\\/\",\"url\":\"https:\\\/\\\/www.organisator.ch\\\/management\\\/2025-01-27\\\/fuenf-finalisten-fuer-den-prix-svc-zentralschweiz-2025-nominiert\\\/\",\"name\":\"F\u00fcnf Finalisten f\u00fcr den Prix SVC Zentralschweiz 2025 nominiert - Organisator\",\"isPartOf\":{\"@id\":\"https:\\\/\\\/www.organisator.ch\\\/#website\"},\"primaryImageOfPage\":{\"@id\":\"https:\\\/\\\/www.organisator.ch\\\/management\\\/2025-01-27\\\/fuenf-finalisten-fuer-den-prix-svc-zentralschweiz-2025-nominiert\\\/#primaryimage\"},\"image\":{\"@id\":\"https:\\\/\\\/www.organisator.ch\\\/management\\\/2025-01-27\\\/fuenf-finalisten-fuer-den-prix-svc-zentralschweiz-2025-nominiert\\\/#primaryimage\"},\"thumbnailUrl\":\"https:\\\/\\\/www.organisator.ch\\\/wp-content\\\/uploads\\\/2025\\\/01\\\/Prix-SVC_Bild1_ps.jpg\",\"datePublished\":\"2025-01-27T12:13:08+00:00\",\"description\":\"Am 22. Mai 2025 wird der Prix SVC Zentralschweiz zum 10. Mal verliehen. F\u00fcnf innovative Unternehmen hoffen auf den renommierten Preis.\",\"breadcrumb\":{\"@id\":\"https:\\\/\\\/www.organisator.ch\\\/management\\\/2025-01-27\\\/fuenf-finalisten-fuer-den-prix-svc-zentralschweiz-2025-nominiert\\\/#breadcrumb\"},\"inLanguage\":\"en-US\",\"potentialAction\":[{\"@type\":\"ReadAction\",\"target\":[\"https:\\\/\\\/www.organisator.ch\\\/management\\\/2025-01-27\\\/fuenf-finalisten-fuer-den-prix-svc-zentralschweiz-2025-nominiert\\\/\"]}]},{\"@type\":\"ImageObject\",\"inLanguage\":\"en-US\",\"@id\":\"https:\\\/\\\/www.organisator.ch\\\/management\\\/2025-01-27\\\/fuenf-finalisten-fuer-den-prix-svc-zentralschweiz-2025-nominiert\\\/#primaryimage\",\"url\":\"https:\\\/\\\/www.organisator.ch\\\/wp-content\\\/uploads\\\/2025\\\/01\\\/Prix-SVC_Bild1_ps.jpg\",\"contentUrl\":\"https:\\\/\\\/www.organisator.ch\\\/wp-content\\\/uploads\\\/2025\\\/01\\\/Prix-SVC_Bild1_ps.jpg\",\"width\":680,\"height\":537,\"caption\":\"2023 ging der Prix SVC Zentralschweiz an Marianne und Pirmin Jung. (Bild: Thomas Berner)\"},{\"@type\":\"BreadcrumbList\",\"@id\":\"https:\\\/\\\/www.organisator.ch\\\/management\\\/2025-01-27\\\/fuenf-finalisten-fuer-den-prix-svc-zentralschweiz-2025-nominiert\\\/#breadcrumb\",\"itemListElement\":[{\"@type\":\"ListItem\",\"position\":1,\"name\":\"Home\",\"item\":\"https:\\\/\\\/www.organisator.ch\\\/\"},{\"@type\":\"ListItem\",\"position\":2,\"name\":\"F\u00fcnf Finalisten f\u00fcr den Prix SVC Zentralschweiz 2025 nominiert\"}]},{\"@type\":\"WebSite\",\"@id\":\"https:\\\/\\\/www.organisator.ch\\\/#website\",\"url\":\"https:\\\/\\\/www.organisator.ch\\\/\",\"name\":\"Organisator\",\"description\":\"Kompetent. Praxisnah. Der ORGANISATOR bereitet in 10 Ausgaben pro Jahr die wesentlichen Themen f\u00fcr F\u00fchrungskr\u00e4fte von KMU auf.\",\"publisher\":{\"@id\":\"https:\\\/\\\/www.organisator.ch\\\/#organization\"},\"potentialAction\":[{\"@type\":\"SearchAction\",\"target\":{\"@type\":\"EntryPoint\",\"urlTemplate\":\"https:\\\/\\\/www.organisator.ch\\\/?s={search_term_string}\"},\"query-input\":{\"@type\":\"PropertyValueSpecification\",\"valueRequired\":true,\"valueName\":\"search_term_string\"}}],\"inLanguage\":\"en-US\"},{\"@type\":\"Organization\",\"@id\":\"https:\\\/\\\/www.organisator.ch\\\/#organization\",\"name\":\"Organisator\",\"url\":\"https:\\\/\\\/www.organisator.ch\\\/\",\"logo\":{\"@type\":\"ImageObject\",\"inLanguage\":\"en-US\",\"@id\":\"https:\\\/\\\/www.organisator.ch\\\/#\\\/schema\\\/logo\\\/image\\\/\",\"url\":\"https:\\\/\\\/www.organisator.ch\\\/wp-content\\\/uploads\\\/2022\\\/01\\\/Logo_Organisator_Website.png\",\"contentUrl\":\"https:\\\/\\\/www.organisator.ch\\\/wp-content\\\/uploads\\\/2022\\\/01\\\/Logo_Organisator_Website.png\",\"width\":800,\"height\":77,\"caption\":\"Organisator\"},\"image\":{\"@id\":\"https:\\\/\\\/www.organisator.ch\\\/#\\\/schema\\\/logo\\\/image\\\/\"},\"sameAs\":[\"https:\\\/\\\/www.facebook.com\\\/OrganisatorFachmagazin\",\"https:\\\/\\\/www.linkedin.com\\\/showcase\\\/organisator-das-magazin-fr-kmu\",\"https:\\\/\\\/www.xing.com\\\/news\\\/pages\\\/organisator-ch-695\",\"https:\\\/\\\/www.youtube.com\\\/channel\\\/UCGP2Sq0iWaZwT3BdIAQFYpw\"]},{\"@type\":\"Person\",\"@id\":\"https:\\\/\\\/www.organisator.ch\\\/#\\\/schema\\\/person\\\/afccda3a71c06d4be2ed9100dd163db7\",\"name\":\"Dzana Muminovic\",\"image\":{\"@type\":\"ImageObject\",\"inLanguage\":\"en-US\",\"@id\":\"https:\\\/\\\/secure.gravatar.com\\\/avatar\\\/909c5c71aff4b38e88686f2ab2f1ba152571f394f41ed8bae431ea56ced93050?s=96&d=mm&r=g\",\"url\":\"https:\\\/\\\/secure.gravatar.com\\\/avatar\\\/909c5c71aff4b38e88686f2ab2f1ba152571f394f41ed8bae431ea56ced93050?s=96&d=mm&r=g\",\"contentUrl\":\"https:\\\/\\\/secure.gravatar.com\\\/avatar\\\/909c5c71aff4b38e88686f2ab2f1ba152571f394f41ed8bae431ea56ced93050?s=96&d=mm&r=g\",\"caption\":\"Dzana Muminovic\"},\"url\":\"https:\\\/\\\/www.organisator.ch\\\/en\\\/author\\\/dzana-muminovic\\\/\"}]}<\/script>\n<!-- \/ Yoast SEO plugin. -->","yoast_head_json":{"title":"Five finalists nominated for the Prix SVC Central Switzerland 2025 - Organizer","description":"The Prix SVC Central Switzerland will be awarded for the 10th time on May 22, 2025. Five innovative companies are hoping to win the prestigious prize.","robots":{"index":"index","follow":"follow","max-snippet":"max-snippet:-1","max-image-preview":"max-image-preview:large","max-video-preview":"max-video-preview:-1"},"canonical":"https:\/\/www.organisator.ch\/en\/management\/2025-01-27\/fuenf-finalisten-fuer-den-prix-svc-zentralschweiz-2025-nominiert\/","og_locale":"en_US","og_type":"article","og_title":"F\u00fcnf Finalisten f\u00fcr den Prix SVC Zentralschweiz 2025 nominiert","og_description":"Am 22. Mai 2025 wird der Prix SVC Zentralschweiz zum 10. Mal verliehen. F\u00fcnf innovative Unternehmen hoffen auf den renommierten Preis.","og_url":"https:\/\/www.organisator.ch\/en\/management\/2025-01-27\/fuenf-finalisten-fuer-den-prix-svc-zentralschweiz-2025-nominiert\/","og_site_name":"Organisator","article_publisher":"https:\/\/www.facebook.com\/OrganisatorFachmagazin","article_published_time":"2025-01-27T12:13:08+00:00","og_image":[{"width":680,"height":537,"url":"https:\/\/www.organisator.ch\/wp-content\/uploads\/2025\/01\/Prix-SVC_Bild1_ps.jpg","type":"image\/jpeg"}],"author":"Dzana Muminovic","twitter_card":"summary_large_image","twitter_title":"F\u00fcnf Finalisten f\u00fcr den Prix SVC Zentralschweiz 2025 nominiert","twitter_description":"Am 22. Mai 2025 wird der #Prix #SVC #Zentralschweiz zum 10. Mal verliehen. F\u00fcnf innovative #Unternehmen hoffen auf den renommierten #Preis.","twitter_image":"https:\/\/www.organisator.ch\/wp-content\/uploads\/2025\/01\/Prix-SVC_Bild1_ps.jpg","schema":{"@context":"https:\/\/schema.org","@graph":[{"@type":"Article","@id":"https:\/\/www.organisator.ch\/management\/2025-01-27\/fuenf-finalisten-fuer-den-prix-svc-zentralschweiz-2025-nominiert\/#article","isPartOf":{"@id":"https:\/\/www.organisator.ch\/management\/2025-01-27\/fuenf-finalisten-fuer-den-prix-svc-zentralschweiz-2025-nominiert\/"},"author":{"name":"Dzana Muminovic","@id":"https:\/\/www.organisator.ch\/#\/schema\/person\/afccda3a71c06d4be2ed9100dd163db7"},"headline":"F\u00fcnf Finalisten f\u00fcr den Prix SVC Zentralschweiz 2025 nominiert","datePublished":"2025-01-27T12:13:08+00:00","mainEntityOfPage":{"@id":"https:\/\/www.organisator.ch\/management\/2025-01-27\/fuenf-finalisten-fuer-den-prix-svc-zentralschweiz-2025-nominiert\/"},"wordCount":668,"publisher":{"@id":"https:\/\/www.organisator.ch\/#organization"},"image":{"@id":"https:\/\/www.organisator.ch\/management\/2025-01-27\/fuenf-finalisten-fuer-den-prix-svc-zentralschweiz-2025-nominiert\/#primaryimage"},"thumbnailUrl":"https:\/\/www.organisator.ch\/wp-content\/uploads\/2025\/01\/Prix-SVC_Bild1_ps.jpg","keywords":["Awards","Prix SVC","Unternehmen","Zentralschweiz"],"articleSection":["MANAGEMENT"],"inLanguage":"en-US"},{"@type":"WebPage","@id":"https:\/\/www.organisator.ch\/management\/2025-01-27\/fuenf-finalisten-fuer-den-prix-svc-zentralschweiz-2025-nominiert\/","url":"https:\/\/www.organisator.ch\/management\/2025-01-27\/fuenf-finalisten-fuer-den-prix-svc-zentralschweiz-2025-nominiert\/","name":"Five finalists nominated for the Prix SVC Central Switzerland 2025 - Organizer","isPartOf":{"@id":"https:\/\/www.organisator.ch\/#website"},"primaryImageOfPage":{"@id":"https:\/\/www.organisator.ch\/management\/2025-01-27\/fuenf-finalisten-fuer-den-prix-svc-zentralschweiz-2025-nominiert\/#primaryimage"},"image":{"@id":"https:\/\/www.organisator.ch\/management\/2025-01-27\/fuenf-finalisten-fuer-den-prix-svc-zentralschweiz-2025-nominiert\/#primaryimage"},"thumbnailUrl":"https:\/\/www.organisator.ch\/wp-content\/uploads\/2025\/01\/Prix-SVC_Bild1_ps.jpg","datePublished":"2025-01-27T12:13:08+00:00","description":"The Prix SVC Central Switzerland will be awarded for the 10th time on May 22, 2025. Five innovative companies are hoping to win the prestigious prize.","breadcrumb":{"@id":"https:\/\/www.organisator.ch\/management\/2025-01-27\/fuenf-finalisten-fuer-den-prix-svc-zentralschweiz-2025-nominiert\/#breadcrumb"},"inLanguage":"en-US","potentialAction":[{"@type":"ReadAction","target":["https:\/\/www.organisator.ch\/management\/2025-01-27\/fuenf-finalisten-fuer-den-prix-svc-zentralschweiz-2025-nominiert\/"]}]},{"@type":"ImageObject","inLanguage":"en-US","@id":"https:\/\/www.organisator.ch\/management\/2025-01-27\/fuenf-finalisten-fuer-den-prix-svc-zentralschweiz-2025-nominiert\/#primaryimage","url":"https:\/\/www.organisator.ch\/wp-content\/uploads\/2025\/01\/Prix-SVC_Bild1_ps.jpg","contentUrl":"https:\/\/www.organisator.ch\/wp-content\/uploads\/2025\/01\/Prix-SVC_Bild1_ps.jpg","width":680,"height":537,"caption":"2023 ging der Prix SVC Zentralschweiz an Marianne und Pirmin Jung. (Bild: Thomas Berner)"},{"@type":"BreadcrumbList","@id":"https:\/\/www.organisator.ch\/management\/2025-01-27\/fuenf-finalisten-fuer-den-prix-svc-zentralschweiz-2025-nominiert\/#breadcrumb","itemListElement":[{"@type":"ListItem","position":1,"name":"Home","item":"https:\/\/www.organisator.ch\/"},{"@type":"ListItem","position":2,"name":"F\u00fcnf Finalisten f\u00fcr den Prix SVC Zentralschweiz 2025 nominiert"}]},{"@type":"WebSite","@id":"https:\/\/www.organisator.ch\/#website","url":"https:\/\/www.organisator.ch\/","name":"Organizer","description":"Competent. Practical. In 10 issues per year, ORGANISATOR presents the essential topics for managers of SMEs.","publisher":{"@id":"https:\/\/www.organisator.ch\/#organization"},"potentialAction":[{"@type":"SearchAction","target":{"@type":"EntryPoint","urlTemplate":"https:\/\/www.organisator.ch\/?s={search_term_string}"},"query-input":{"@type":"PropertyValueSpecification","valueRequired":true,"valueName":"search_term_string"}}],"inLanguage":"en-US"},{"@type":"Organization","@id":"https:\/\/www.organisator.ch\/#organization","name":"Organizer","url":"https:\/\/www.organisator.ch\/","logo":{"@type":"ImageObject","inLanguage":"en-US","@id":"https:\/\/www.organisator.ch\/#\/schema\/logo\/image\/","url":"https:\/\/www.organisator.ch\/wp-content\/uploads\/2022\/01\/Logo_Organisator_Website.png","contentUrl":"https:\/\/www.organisator.ch\/wp-content\/uploads\/2022\/01\/Logo_Organisator_Website.png","width":800,"height":77,"caption":"Organisator"},"image":{"@id":"https:\/\/www.organisator.ch\/#\/schema\/logo\/image\/"},"sameAs":["https:\/\/www.facebook.com\/OrganisatorFachmagazin","https:\/\/www.linkedin.com\/showcase\/organisator-das-magazin-fr-kmu","https:\/\/www.xing.com\/news\/pages\/organisator-ch-695","https:\/\/www.youtube.com\/channel\/UCGP2Sq0iWaZwT3BdIAQFYpw"]},{"@type":"Person","@id":"https:\/\/www.organisator.ch\/#\/schema\/person\/afccda3a71c06d4be2ed9100dd163db7","name":"Dzana Muminovic","image":{"@type":"ImageObject","inLanguage":"en-US","@id":"https:\/\/secure.gravatar.com\/avatar\/909c5c71aff4b38e88686f2ab2f1ba152571f394f41ed8bae431ea56ced93050?s=96&d=mm&r=g","url":"https:\/\/secure.gravatar.com\/avatar\/909c5c71aff4b38e88686f2ab2f1ba152571f394f41ed8bae431ea56ced93050?s=96&d=mm&r=g","contentUrl":"https:\/\/secure.gravatar.com\/avatar\/909c5c71aff4b38e88686f2ab2f1ba152571f394f41ed8bae431ea56ced93050?s=96&d=mm&r=g","caption":"Dzana Muminovic"},"url":"https:\/\/www.organisator.ch\/en\/author\/dzana-muminovic\/"}]}},"_links":{"self":[{"href":"https:\/\/www.organisator.ch\/en\/wp-json\/wp\/v2\/posts\/35566","targetHints":{"allow":["GET"]}}],"collection":[{"href":"https:\/\/www.organisator.ch\/en\/wp-json\/wp\/v2\/posts"}],"about":[{"href":"https:\/\/www.organisator.ch\/en\/wp-json\/wp\/v2\/types\/post"}],"author":[{"embeddable":true,"href":"https:\/\/www.organisator.ch\/en\/wp-json\/wp\/v2\/users\/80"}],"replies":[{"embeddable":true,"href":"https:\/\/www.organisator.ch\/en\/wp-json\/wp\/v2\/comments?post=35566"}],"version-history":[{"count":3,"href":"https:\/\/www.organisator.ch\/en\/wp-json\/wp\/v2\/posts\/35566\/revisions"}],"predecessor-version":[{"id":35582,"href":"https:\/\/www.organisator.ch\/en\/wp-json\/wp\/v2\/posts\/35566\/revisions\/35582"}],"wp:featuredmedia":[{"embeddable":true,"href":"https:\/\/www.organisator.ch\/en\/wp-json\/wp\/v2\/media\/35568"}],"wp:attachment":[{"href":"https:\/\/www.organisator.ch\/en\/wp-json\/wp\/v2\/media?parent=35566"}],"wp:term":[{"taxonomy":"category","embeddable":true,"href":"https:\/\/www.organisator.ch\/en\/wp-json\/wp\/v2\/categories?post=35566"},{"taxonomy":"post_tag","embeddable":true,"href":"https:\/\/www.organisator.ch\/en\/wp-json\/wp\/v2\/tags?post=35566"}],"curies":[{"name":"wp","href":"https:\/\/api.w.org\/{rel}","templated":true}]}}