{"id":35591,"date":"2025-01-28T11:00:27","date_gmt":"2025-01-28T10:00:27","guid":{"rendered":"https:\/\/www.organisator.ch\/?p=35591"},"modified":"2025-01-28T10:19:14","modified_gmt":"2025-01-28T09:19:14","slug":"weiterbildungsorganisationen-erwarten-viel-von-ki-benoetigen-aber-noch-kompetenzen","status":"publish","type":"post","link":"https:\/\/www.organisator.ch\/en\/weiterbildung\/2025-01-28\/weiterbildungsorganisationen-erwarten-viel-von-ki-benoetigen-aber-noch-kompetenzen\/","title":{"rendered":"Training organizations expect a lot from AI, but still need skills"},"content":{"rendered":"<figure id=\"attachment_35595\" aria-describedby=\"caption-attachment-35595\" style=\"width: 680px\" class=\"wp-caption alignnone\"><img loading=\"lazy\" decoding=\"async\" class=\"size-full wp-image-35595\" src=\"https:\/\/www.organisator.ch\/wp-content\/uploads\/2025\/01\/SVEB_Bild1_ps.jpg\" alt=\"\" width=\"680\" height=\"389\" srcset=\"https:\/\/www.organisator.ch\/wp-content\/uploads\/2025\/01\/SVEB_Bild1_ps.jpg 680w, https:\/\/www.organisator.ch\/wp-content\/uploads\/2025\/01\/SVEB_Bild1_ps-18x10.jpg 18w, https:\/\/www.organisator.ch\/wp-content\/uploads\/2025\/01\/SVEB_Bild1_ps-375x215.jpg 375w, https:\/\/www.organisator.ch\/wp-content\/uploads\/2025\/01\/SVEB_Bild1_ps-612x350.jpg 612w\" sizes=\"auto, (max-width: 680px) 100vw, 680px\" \/><figcaption id=\"caption-attachment-35595\" class=\"wp-caption-text\">The SVEB survey shows: AI is used in continuing education for marketing, communication and learning settings, but skills are lacking. (Image: AI-generated \/ DALL-E)<\/figcaption><\/figure>\n<p>The use of artificial intelligence (AI) has also become increasingly important in continuing education. In the Focus Weiterbildung research study, the SVEB shows how providers are currently using AI. The results are based on the provider survey conducted in spring 2024, in which 423 organizations from all three language regions took part.<\/p>\n<p>The provider survey shows that the use of AI in Swiss continuing education organizations varies. 32 percent of continuing education organizations are already using AI, while 13 percent are planning to use it. Around a quarter rule out using it in the near future.<\/p>\n<p>AI is most frequently used in areas such as marketing and communication as well as in teaching and learning settings. Language processing tools such as ChatGPT, DeepL or Gemini are used particularly often, although these tools are mostly used for the creation of learning materials.<\/p>\n<h3><strong>Great expectations for individualization<\/strong><\/h3>\n<p>The results of the survey make it clear that the majority of providers have a positive attitude towards AI. Around two thirds assume that AI will have a positive effect on the quality of continuing education courses. In particular, many hope to benefit the individualization of teaching and learning settings.<\/p>\n<p>At the same time, 60 percent of organizations see significant ethical risks, particularly with regard to data protection and the potential substitution of teachers by AI.<\/p>\n<h3><strong>Competencies are a problem<\/strong><\/h3>\n<p>An important factor for the successful use of AI is the competence of training staff. In spring 2024, only 39% of organizations stated that their employees had sufficient skills. At the same time, staff show great openness: 80% of organizations are willing to integrate AI into their work.<\/p>\n<p>In order to cope with the changing skills requirements, 44% of organizations have already offered further training for their staff. The content ranges from basic introductions to AI to specific applications in teaching and learning settings.<\/p>\n<h3><strong>To the provider survey<\/strong><\/h3>\n<p>The results presented are based on a survey conducted by the SVEB among providers of vocational and general\/cultural continuing education as well as providers in the area of basic skills. The data was collected by means of an online survey in all language regions in German, French and Italian between April 30 and May 28, 2024. The net sample of the study comprises 423 providers.<\/p>\n<p>46% of the organizations surveyed are small, 47% are medium-sized and 8% are large providers. Continuing education is the main purpose of 62% of the organizations and a secondary purpose for 38%. 41 percent are active in German-speaking Switzerland, 31 percent in French-speaking Switzerland, 5 percent in Italian-speaking Switzerland and 23 percent are supra-regional providers.<\/p>\n<p><em><a href=\"https:\/\/alice.ch\/de\/forschung\/forschungsaktivitaeten-des-sveb\/focus-weiterbildung\/?utm_source=Medienverteiler+Deutsch&amp;utm_campaign=acfc02f4da-EMAIL_CAMPAIGN_2018_10_23_01_06_COPY_01&amp;utm_medium=email&amp;utm_term=0_6faf4fa3f3-acfc02f4da-163261857\">More information<\/a><\/em><\/p>","protected":false},"excerpt":{"rendered":"<p>According to the SVEB provider survey, further education institutions use artificial intelligence primarily in areas such as marketing and communication as well as in teaching and learning settings. However, only 39 percent of them state that their employees have sufficient AI skills.<\/p>","protected":false},"author":80,"featured_media":35595,"comment_status":"closed","ping_status":"closed","sticky":false,"template":"","format":"standard","meta":{"_acf_changed":false,"_yoast_wpseo_focuskw":"Weiterbildung","_yoast_wpseo_metadesc":"Die SVEB-Umfrage zeigt: KI wird in der Weiterbildung f\u00fcr Marketing, Kommunikation und Lernsettings genutzt, doch Kompetenzen fehlen.","articlekey":"","footnotes":""},"categories":[30],"tags":[5046,308,319,339,2787,4382],"class_list":["post-35591","post","type-post","status-publish","format-standard","has-post-thumbnail","hentry","category-weiterbildung","tag-ki-kompetenzen","tag-kommunikation","tag-kuenstliche-intelligenz","tag-marketing","tag-sveb","tag-weiterbildungsangebot"],"acf":[],"yoast_head":"<!-- This site is optimized with the Yoast SEO plugin v27.5 - https:\/\/yoast.com\/product\/yoast-seo-wordpress\/ -->\n<title>Weiterbildungsorganisationen erwarten viel von KI, ben\u00f6tigen aber noch Kompetenzen - Organisator<\/title>\n<meta name=\"description\" content=\"Die SVEB-Umfrage zeigt: KI wird in der Weiterbildung f\u00fcr Marketing, Kommunikation und Lernsettings genutzt, doch Kompetenzen fehlen.\" \/>\n<meta name=\"robots\" content=\"index, follow, max-snippet:-1, max-image-preview:large, max-video-preview:-1\" \/>\n<link rel=\"canonical\" href=\"https:\/\/www.organisator.ch\/en\/further-education\/2025-01-28\/weiterbildungsorganisationen-erwarten-viel-von-ki-benoetigen-aber-noch-kompetenzen\/\" \/>\n<meta property=\"og:locale\" content=\"en_US\" \/>\n<meta property=\"og:type\" content=\"article\" \/>\n<meta property=\"og:title\" content=\"Weiterbildungsorganisationen setzen auf KI, doch Kompetenzen fehlen\" \/>\n<meta property=\"og:description\" content=\"Die SVEB-Umfrage zeigt: KI wird in der Weiterbildung f\u00fcr Marketing, Kommunikation und Lernsettings genutzt, doch Kompetenzen fehlen.\" \/>\n<meta property=\"og:url\" content=\"https:\/\/www.organisator.ch\/en\/further-education\/2025-01-28\/weiterbildungsorganisationen-erwarten-viel-von-ki-benoetigen-aber-noch-kompetenzen\/\" \/>\n<meta property=\"og:site_name\" content=\"Organisator\" \/>\n<meta property=\"article:publisher\" content=\"https:\/\/www.facebook.com\/OrganisatorFachmagazin\" \/>\n<meta property=\"article:published_time\" content=\"2025-01-28T10:00:27+00:00\" \/>\n<meta property=\"og:image\" content=\"https:\/\/www.organisator.ch\/wp-content\/uploads\/2025\/01\/SVEB_Bild1_ps.jpg\" \/>\n\t<meta property=\"og:image:width\" content=\"680\" \/>\n\t<meta property=\"og:image:height\" content=\"389\" \/>\n\t<meta property=\"og:image:type\" content=\"image\/jpeg\" \/>\n<meta name=\"author\" content=\"Dzana Muminovic\" \/>\n<meta name=\"twitter:card\" content=\"summary_large_image\" \/>\n<meta name=\"twitter:title\" content=\"Weiterbildungsorganisationen setzen auf KI, doch Kompetenzen fehlen\" \/>\n<meta name=\"twitter:description\" content=\"Die #SVEB-Umfrage zeigt: #KI wird in der #Weiterbildung f\u00fcr #Marketing, #Kommunikation und #Lernsettings genutzt, doch #Kompetenzen fehlen.\" \/>\n<meta name=\"twitter:image\" content=\"https:\/\/www.organisator.ch\/wp-content\/uploads\/2025\/01\/SVEB_Bild1_ps.jpg\" \/>\n<script type=\"application\/ld+json\" class=\"yoast-schema-graph\">{\"@context\":\"https:\\\/\\\/schema.org\",\"@graph\":[{\"@type\":\"Article\",\"@id\":\"https:\\\/\\\/www.organisator.ch\\\/weiterbildung\\\/2025-01-28\\\/weiterbildungsorganisationen-erwarten-viel-von-ki-benoetigen-aber-noch-kompetenzen\\\/#article\",\"isPartOf\":{\"@id\":\"https:\\\/\\\/www.organisator.ch\\\/weiterbildung\\\/2025-01-28\\\/weiterbildungsorganisationen-erwarten-viel-von-ki-benoetigen-aber-noch-kompetenzen\\\/\"},\"author\":{\"name\":\"Dzana Muminovic\",\"@id\":\"https:\\\/\\\/www.organisator.ch\\\/#\\\/schema\\\/person\\\/afccda3a71c06d4be2ed9100dd163db7\"},\"headline\":\"Weiterbildungsorganisationen erwarten viel von KI, ben\u00f6tigen aber noch Kompetenzen\",\"datePublished\":\"2025-01-28T10:00:27+00:00\",\"mainEntityOfPage\":{\"@id\":\"https:\\\/\\\/www.organisator.ch\\\/weiterbildung\\\/2025-01-28\\\/weiterbildungsorganisationen-erwarten-viel-von-ki-benoetigen-aber-noch-kompetenzen\\\/\"},\"wordCount\":436,\"publisher\":{\"@id\":\"https:\\\/\\\/www.organisator.ch\\\/#organization\"},\"image\":{\"@id\":\"https:\\\/\\\/www.organisator.ch\\\/weiterbildung\\\/2025-01-28\\\/weiterbildungsorganisationen-erwarten-viel-von-ki-benoetigen-aber-noch-kompetenzen\\\/#primaryimage\"},\"thumbnailUrl\":\"https:\\\/\\\/www.organisator.ch\\\/wp-content\\\/uploads\\\/2025\\\/01\\\/SVEB_Bild1_ps.jpg\",\"keywords\":[\"KI-Kompetenzen\",\"Kommunikation\",\"K\u00fcnstliche Intelligenz\",\"Marketing\",\"SVEB\",\"Weiterbildungsangebot\"],\"articleSection\":[\"WEITERBILDUNG\"],\"inLanguage\":\"en-US\"},{\"@type\":\"WebPage\",\"@id\":\"https:\\\/\\\/www.organisator.ch\\\/weiterbildung\\\/2025-01-28\\\/weiterbildungsorganisationen-erwarten-viel-von-ki-benoetigen-aber-noch-kompetenzen\\\/\",\"url\":\"https:\\\/\\\/www.organisator.ch\\\/weiterbildung\\\/2025-01-28\\\/weiterbildungsorganisationen-erwarten-viel-von-ki-benoetigen-aber-noch-kompetenzen\\\/\",\"name\":\"Weiterbildungsorganisationen erwarten viel von KI, ben\u00f6tigen aber noch Kompetenzen - Organisator\",\"isPartOf\":{\"@id\":\"https:\\\/\\\/www.organisator.ch\\\/#website\"},\"primaryImageOfPage\":{\"@id\":\"https:\\\/\\\/www.organisator.ch\\\/weiterbildung\\\/2025-01-28\\\/weiterbildungsorganisationen-erwarten-viel-von-ki-benoetigen-aber-noch-kompetenzen\\\/#primaryimage\"},\"image\":{\"@id\":\"https:\\\/\\\/www.organisator.ch\\\/weiterbildung\\\/2025-01-28\\\/weiterbildungsorganisationen-erwarten-viel-von-ki-benoetigen-aber-noch-kompetenzen\\\/#primaryimage\"},\"thumbnailUrl\":\"https:\\\/\\\/www.organisator.ch\\\/wp-content\\\/uploads\\\/2025\\\/01\\\/SVEB_Bild1_ps.jpg\",\"datePublished\":\"2025-01-28T10:00:27+00:00\",\"description\":\"Die SVEB-Umfrage zeigt: KI wird in der Weiterbildung f\u00fcr Marketing, Kommunikation und Lernsettings genutzt, doch Kompetenzen fehlen.\",\"breadcrumb\":{\"@id\":\"https:\\\/\\\/www.organisator.ch\\\/weiterbildung\\\/2025-01-28\\\/weiterbildungsorganisationen-erwarten-viel-von-ki-benoetigen-aber-noch-kompetenzen\\\/#breadcrumb\"},\"inLanguage\":\"en-US\",\"potentialAction\":[{\"@type\":\"ReadAction\",\"target\":[\"https:\\\/\\\/www.organisator.ch\\\/weiterbildung\\\/2025-01-28\\\/weiterbildungsorganisationen-erwarten-viel-von-ki-benoetigen-aber-noch-kompetenzen\\\/\"]}]},{\"@type\":\"ImageObject\",\"inLanguage\":\"en-US\",\"@id\":\"https:\\\/\\\/www.organisator.ch\\\/weiterbildung\\\/2025-01-28\\\/weiterbildungsorganisationen-erwarten-viel-von-ki-benoetigen-aber-noch-kompetenzen\\\/#primaryimage\",\"url\":\"https:\\\/\\\/www.organisator.ch\\\/wp-content\\\/uploads\\\/2025\\\/01\\\/SVEB_Bild1_ps.jpg\",\"contentUrl\":\"https:\\\/\\\/www.organisator.ch\\\/wp-content\\\/uploads\\\/2025\\\/01\\\/SVEB_Bild1_ps.jpg\",\"width\":680,\"height\":389,\"caption\":\"Die SVEB-Umfrage zeigt: KI wird in der Weiterbildung f\u00fcr Marketing, Kommunikation und Lernsettings genutzt, doch Kompetenzen fehlen. (Bild: KI-generiert \\\/ DALL-E)\"},{\"@type\":\"BreadcrumbList\",\"@id\":\"https:\\\/\\\/www.organisator.ch\\\/weiterbildung\\\/2025-01-28\\\/weiterbildungsorganisationen-erwarten-viel-von-ki-benoetigen-aber-noch-kompetenzen\\\/#breadcrumb\",\"itemListElement\":[{\"@type\":\"ListItem\",\"position\":1,\"name\":\"Home\",\"item\":\"https:\\\/\\\/www.organisator.ch\\\/\"},{\"@type\":\"ListItem\",\"position\":2,\"name\":\"Weiterbildungsorganisationen erwarten viel von KI, ben\u00f6tigen aber noch Kompetenzen\"}]},{\"@type\":\"WebSite\",\"@id\":\"https:\\\/\\\/www.organisator.ch\\\/#website\",\"url\":\"https:\\\/\\\/www.organisator.ch\\\/\",\"name\":\"Organisator\",\"description\":\"Kompetent. Praxisnah. Der ORGANISATOR bereitet in 10 Ausgaben pro Jahr die wesentlichen Themen f\u00fcr F\u00fchrungskr\u00e4fte von KMU auf.\",\"publisher\":{\"@id\":\"https:\\\/\\\/www.organisator.ch\\\/#organization\"},\"potentialAction\":[{\"@type\":\"SearchAction\",\"target\":{\"@type\":\"EntryPoint\",\"urlTemplate\":\"https:\\\/\\\/www.organisator.ch\\\/?s={search_term_string}\"},\"query-input\":{\"@type\":\"PropertyValueSpecification\",\"valueRequired\":true,\"valueName\":\"search_term_string\"}}],\"inLanguage\":\"en-US\"},{\"@type\":\"Organization\",\"@id\":\"https:\\\/\\\/www.organisator.ch\\\/#organization\",\"name\":\"Organisator\",\"url\":\"https:\\\/\\\/www.organisator.ch\\\/\",\"logo\":{\"@type\":\"ImageObject\",\"inLanguage\":\"en-US\",\"@id\":\"https:\\\/\\\/www.organisator.ch\\\/#\\\/schema\\\/logo\\\/image\\\/\",\"url\":\"https:\\\/\\\/www.organisator.ch\\\/wp-content\\\/uploads\\\/2022\\\/01\\\/Logo_Organisator_Website.png\",\"contentUrl\":\"https:\\\/\\\/www.organisator.ch\\\/wp-content\\\/uploads\\\/2022\\\/01\\\/Logo_Organisator_Website.png\",\"width\":800,\"height\":77,\"caption\":\"Organisator\"},\"image\":{\"@id\":\"https:\\\/\\\/www.organisator.ch\\\/#\\\/schema\\\/logo\\\/image\\\/\"},\"sameAs\":[\"https:\\\/\\\/www.facebook.com\\\/OrganisatorFachmagazin\",\"https:\\\/\\\/www.linkedin.com\\\/showcase\\\/organisator-das-magazin-fr-kmu\",\"https:\\\/\\\/www.xing.com\\\/news\\\/pages\\\/organisator-ch-695\",\"https:\\\/\\\/www.youtube.com\\\/channel\\\/UCGP2Sq0iWaZwT3BdIAQFYpw\"]},{\"@type\":\"Person\",\"@id\":\"https:\\\/\\\/www.organisator.ch\\\/#\\\/schema\\\/person\\\/afccda3a71c06d4be2ed9100dd163db7\",\"name\":\"Dzana Muminovic\",\"image\":{\"@type\":\"ImageObject\",\"inLanguage\":\"en-US\",\"@id\":\"https:\\\/\\\/secure.gravatar.com\\\/avatar\\\/909c5c71aff4b38e88686f2ab2f1ba152571f394f41ed8bae431ea56ced93050?s=96&d=mm&r=g\",\"url\":\"https:\\\/\\\/secure.gravatar.com\\\/avatar\\\/909c5c71aff4b38e88686f2ab2f1ba152571f394f41ed8bae431ea56ced93050?s=96&d=mm&r=g\",\"contentUrl\":\"https:\\\/\\\/secure.gravatar.com\\\/avatar\\\/909c5c71aff4b38e88686f2ab2f1ba152571f394f41ed8bae431ea56ced93050?s=96&d=mm&r=g\",\"caption\":\"Dzana Muminovic\"},\"url\":\"https:\\\/\\\/www.organisator.ch\\\/en\\\/author\\\/dzana-muminovic\\\/\"}]}<\/script>\n<!-- \/ Yoast SEO plugin. -->","yoast_head_json":{"title":"Training organizations expect a lot from AI, but still need skills - Organizer","description":"The SVEB survey shows: AI is used in continuing education for marketing, communication and learning settings, but skills are lacking.","robots":{"index":"index","follow":"follow","max-snippet":"max-snippet:-1","max-image-preview":"max-image-preview:large","max-video-preview":"max-video-preview:-1"},"canonical":"https:\/\/www.organisator.ch\/en\/further-education\/2025-01-28\/weiterbildungsorganisationen-erwarten-viel-von-ki-benoetigen-aber-noch-kompetenzen\/","og_locale":"en_US","og_type":"article","og_title":"Weiterbildungsorganisationen setzen auf KI, doch Kompetenzen fehlen","og_description":"Die SVEB-Umfrage zeigt: KI wird in der Weiterbildung f\u00fcr Marketing, Kommunikation und Lernsettings genutzt, doch Kompetenzen fehlen.","og_url":"https:\/\/www.organisator.ch\/en\/further-education\/2025-01-28\/weiterbildungsorganisationen-erwarten-viel-von-ki-benoetigen-aber-noch-kompetenzen\/","og_site_name":"Organisator","article_publisher":"https:\/\/www.facebook.com\/OrganisatorFachmagazin","article_published_time":"2025-01-28T10:00:27+00:00","og_image":[{"width":680,"height":389,"url":"https:\/\/www.organisator.ch\/wp-content\/uploads\/2025\/01\/SVEB_Bild1_ps.jpg","type":"image\/jpeg"}],"author":"Dzana Muminovic","twitter_card":"summary_large_image","twitter_title":"Weiterbildungsorganisationen setzen auf KI, doch Kompetenzen fehlen","twitter_description":"Die #SVEB-Umfrage zeigt: #KI wird in der #Weiterbildung f\u00fcr #Marketing, #Kommunikation und #Lernsettings genutzt, doch #Kompetenzen fehlen.","twitter_image":"https:\/\/www.organisator.ch\/wp-content\/uploads\/2025\/01\/SVEB_Bild1_ps.jpg","schema":{"@context":"https:\/\/schema.org","@graph":[{"@type":"Article","@id":"https:\/\/www.organisator.ch\/weiterbildung\/2025-01-28\/weiterbildungsorganisationen-erwarten-viel-von-ki-benoetigen-aber-noch-kompetenzen\/#article","isPartOf":{"@id":"https:\/\/www.organisator.ch\/weiterbildung\/2025-01-28\/weiterbildungsorganisationen-erwarten-viel-von-ki-benoetigen-aber-noch-kompetenzen\/"},"author":{"name":"Dzana Muminovic","@id":"https:\/\/www.organisator.ch\/#\/schema\/person\/afccda3a71c06d4be2ed9100dd163db7"},"headline":"Weiterbildungsorganisationen erwarten viel von KI, ben\u00f6tigen aber noch Kompetenzen","datePublished":"2025-01-28T10:00:27+00:00","mainEntityOfPage":{"@id":"https:\/\/www.organisator.ch\/weiterbildung\/2025-01-28\/weiterbildungsorganisationen-erwarten-viel-von-ki-benoetigen-aber-noch-kompetenzen\/"},"wordCount":436,"publisher":{"@id":"https:\/\/www.organisator.ch\/#organization"},"image":{"@id":"https:\/\/www.organisator.ch\/weiterbildung\/2025-01-28\/weiterbildungsorganisationen-erwarten-viel-von-ki-benoetigen-aber-noch-kompetenzen\/#primaryimage"},"thumbnailUrl":"https:\/\/www.organisator.ch\/wp-content\/uploads\/2025\/01\/SVEB_Bild1_ps.jpg","keywords":["KI-Kompetenzen","Kommunikation","K\u00fcnstliche Intelligenz","Marketing","SVEB","Weiterbildungsangebot"],"articleSection":["WEITERBILDUNG"],"inLanguage":"en-US"},{"@type":"WebPage","@id":"https:\/\/www.organisator.ch\/weiterbildung\/2025-01-28\/weiterbildungsorganisationen-erwarten-viel-von-ki-benoetigen-aber-noch-kompetenzen\/","url":"https:\/\/www.organisator.ch\/weiterbildung\/2025-01-28\/weiterbildungsorganisationen-erwarten-viel-von-ki-benoetigen-aber-noch-kompetenzen\/","name":"Training organizations expect a lot from AI, but still need skills - Organizer","isPartOf":{"@id":"https:\/\/www.organisator.ch\/#website"},"primaryImageOfPage":{"@id":"https:\/\/www.organisator.ch\/weiterbildung\/2025-01-28\/weiterbildungsorganisationen-erwarten-viel-von-ki-benoetigen-aber-noch-kompetenzen\/#primaryimage"},"image":{"@id":"https:\/\/www.organisator.ch\/weiterbildung\/2025-01-28\/weiterbildungsorganisationen-erwarten-viel-von-ki-benoetigen-aber-noch-kompetenzen\/#primaryimage"},"thumbnailUrl":"https:\/\/www.organisator.ch\/wp-content\/uploads\/2025\/01\/SVEB_Bild1_ps.jpg","datePublished":"2025-01-28T10:00:27+00:00","description":"The SVEB survey shows: AI is used in continuing education for marketing, communication and learning settings, but skills are lacking.","breadcrumb":{"@id":"https:\/\/www.organisator.ch\/weiterbildung\/2025-01-28\/weiterbildungsorganisationen-erwarten-viel-von-ki-benoetigen-aber-noch-kompetenzen\/#breadcrumb"},"inLanguage":"en-US","potentialAction":[{"@type":"ReadAction","target":["https:\/\/www.organisator.ch\/weiterbildung\/2025-01-28\/weiterbildungsorganisationen-erwarten-viel-von-ki-benoetigen-aber-noch-kompetenzen\/"]}]},{"@type":"ImageObject","inLanguage":"en-US","@id":"https:\/\/www.organisator.ch\/weiterbildung\/2025-01-28\/weiterbildungsorganisationen-erwarten-viel-von-ki-benoetigen-aber-noch-kompetenzen\/#primaryimage","url":"https:\/\/www.organisator.ch\/wp-content\/uploads\/2025\/01\/SVEB_Bild1_ps.jpg","contentUrl":"https:\/\/www.organisator.ch\/wp-content\/uploads\/2025\/01\/SVEB_Bild1_ps.jpg","width":680,"height":389,"caption":"Die SVEB-Umfrage zeigt: KI wird in der Weiterbildung f\u00fcr Marketing, Kommunikation und Lernsettings genutzt, doch Kompetenzen fehlen. (Bild: KI-generiert \/ DALL-E)"},{"@type":"BreadcrumbList","@id":"https:\/\/www.organisator.ch\/weiterbildung\/2025-01-28\/weiterbildungsorganisationen-erwarten-viel-von-ki-benoetigen-aber-noch-kompetenzen\/#breadcrumb","itemListElement":[{"@type":"ListItem","position":1,"name":"Home","item":"https:\/\/www.organisator.ch\/"},{"@type":"ListItem","position":2,"name":"Weiterbildungsorganisationen erwarten viel von KI, ben\u00f6tigen aber noch Kompetenzen"}]},{"@type":"WebSite","@id":"https:\/\/www.organisator.ch\/#website","url":"https:\/\/www.organisator.ch\/","name":"Organizer","description":"Competent. Practical. In 10 issues per year, ORGANISATOR presents the essential topics for managers of SMEs.","publisher":{"@id":"https:\/\/www.organisator.ch\/#organization"},"potentialAction":[{"@type":"SearchAction","target":{"@type":"EntryPoint","urlTemplate":"https:\/\/www.organisator.ch\/?s={search_term_string}"},"query-input":{"@type":"PropertyValueSpecification","valueRequired":true,"valueName":"search_term_string"}}],"inLanguage":"en-US"},{"@type":"Organization","@id":"https:\/\/www.organisator.ch\/#organization","name":"Organizer","url":"https:\/\/www.organisator.ch\/","logo":{"@type":"ImageObject","inLanguage":"en-US","@id":"https:\/\/www.organisator.ch\/#\/schema\/logo\/image\/","url":"https:\/\/www.organisator.ch\/wp-content\/uploads\/2022\/01\/Logo_Organisator_Website.png","contentUrl":"https:\/\/www.organisator.ch\/wp-content\/uploads\/2022\/01\/Logo_Organisator_Website.png","width":800,"height":77,"caption":"Organisator"},"image":{"@id":"https:\/\/www.organisator.ch\/#\/schema\/logo\/image\/"},"sameAs":["https:\/\/www.facebook.com\/OrganisatorFachmagazin","https:\/\/www.linkedin.com\/showcase\/organisator-das-magazin-fr-kmu","https:\/\/www.xing.com\/news\/pages\/organisator-ch-695","https:\/\/www.youtube.com\/channel\/UCGP2Sq0iWaZwT3BdIAQFYpw"]},{"@type":"Person","@id":"https:\/\/www.organisator.ch\/#\/schema\/person\/afccda3a71c06d4be2ed9100dd163db7","name":"Dzana Muminovic","image":{"@type":"ImageObject","inLanguage":"en-US","@id":"https:\/\/secure.gravatar.com\/avatar\/909c5c71aff4b38e88686f2ab2f1ba152571f394f41ed8bae431ea56ced93050?s=96&d=mm&r=g","url":"https:\/\/secure.gravatar.com\/avatar\/909c5c71aff4b38e88686f2ab2f1ba152571f394f41ed8bae431ea56ced93050?s=96&d=mm&r=g","contentUrl":"https:\/\/secure.gravatar.com\/avatar\/909c5c71aff4b38e88686f2ab2f1ba152571f394f41ed8bae431ea56ced93050?s=96&d=mm&r=g","caption":"Dzana Muminovic"},"url":"https:\/\/www.organisator.ch\/en\/author\/dzana-muminovic\/"}]}},"_links":{"self":[{"href":"https:\/\/www.organisator.ch\/en\/wp-json\/wp\/v2\/posts\/35591","targetHints":{"allow":["GET"]}}],"collection":[{"href":"https:\/\/www.organisator.ch\/en\/wp-json\/wp\/v2\/posts"}],"about":[{"href":"https:\/\/www.organisator.ch\/en\/wp-json\/wp\/v2\/types\/post"}],"author":[{"embeddable":true,"href":"https:\/\/www.organisator.ch\/en\/wp-json\/wp\/v2\/users\/80"}],"replies":[{"embeddable":true,"href":"https:\/\/www.organisator.ch\/en\/wp-json\/wp\/v2\/comments?post=35591"}],"version-history":[{"count":5,"href":"https:\/\/www.organisator.ch\/en\/wp-json\/wp\/v2\/posts\/35591\/revisions"}],"predecessor-version":[{"id":35637,"href":"https:\/\/www.organisator.ch\/en\/wp-json\/wp\/v2\/posts\/35591\/revisions\/35637"}],"wp:featuredmedia":[{"embeddable":true,"href":"https:\/\/www.organisator.ch\/en\/wp-json\/wp\/v2\/media\/35595"}],"wp:attachment":[{"href":"https:\/\/www.organisator.ch\/en\/wp-json\/wp\/v2\/media?parent=35591"}],"wp:term":[{"taxonomy":"category","embeddable":true,"href":"https:\/\/www.organisator.ch\/en\/wp-json\/wp\/v2\/categories?post=35591"},{"taxonomy":"post_tag","embeddable":true,"href":"https:\/\/www.organisator.ch\/en\/wp-json\/wp\/v2\/tags?post=35591"}],"curies":[{"name":"wp","href":"https:\/\/api.w.org\/{rel}","templated":true}]}}