{"id":35617,"date":"2025-01-29T13:12:32","date_gmt":"2025-01-29T12:12:32","guid":{"rendered":"https:\/\/www.organisator.ch\/?p=35617"},"modified":"2025-01-29T10:54:50","modified_gmt":"2025-01-29T09:54:50","slug":"schweizer-firmen-weniger-optimistisch","status":"publish","type":"post","link":"https:\/\/www.organisator.ch\/en\/management\/2025-01-29\/schweizer-firmen-weniger-optimistisch\/","title":{"rendered":"Swiss companies less optimistic"},"content":{"rendered":"<figure id=\"attachment_35618\" aria-describedby=\"caption-attachment-35618\" style=\"width: 680px\" class=\"wp-caption alignnone\"><img loading=\"lazy\" decoding=\"async\" class=\"size-full wp-image-35618\" src=\"https:\/\/www.organisator.ch\/wp-content\/uploads\/2025\/01\/Dun-Bradstreet_Bild1_ps.jpg\" alt=\"\" width=\"680\" height=\"532\" srcset=\"https:\/\/www.organisator.ch\/wp-content\/uploads\/2025\/01\/Dun-Bradstreet_Bild1_ps.jpg 680w, https:\/\/www.organisator.ch\/wp-content\/uploads\/2025\/01\/Dun-Bradstreet_Bild1_ps-15x12.jpg 15w, https:\/\/www.organisator.ch\/wp-content\/uploads\/2025\/01\/Dun-Bradstreet_Bild1_ps-375x293.jpg 375w, https:\/\/www.organisator.ch\/wp-content\/uploads\/2025\/01\/Dun-Bradstreet_Bild1_ps-447x350.jpg 447w\" sizes=\"auto, (max-width: 680px) 100vw, 680px\" \/><figcaption id=\"caption-attachment-35618\" class=\"wp-caption-text\">Business expectations in Switzerland fall: The Global Business Optimism Index drops by 14 %. Companies are reluctant to invest. (Image: www.depositphotos.com)<\/figcaption><\/figure>\n<p>The Global Business Optimism Index has fallen in all 32 countries surveyed. Export orders have fallen in 26 of them. The USA and mainland China were particularly hard hit, with a drop of 10 percent. The main reasons for this are growing concerns about a weakening economy, rising geopolitical tensions and uncertainties in trade policy.<\/p>\n<p>Companies are more skeptical about supply chain stability and are holding back on investments. The political changes announced by the new US administration are reinforcing this reticence. However, the trend points to a correction of the previously heightened optimism rather than a deterioration in the outlook.<\/p>\n<h3><strong>Switzerland: Business expectations declining across the board<\/strong><\/h3>\n<ul>\n<li><strong>Business optimism:<\/strong> The decline in the Global Business Optimism Index in Switzerland has remained slightly above the global decline of 13%. Germany (-23%), Kenya (-25%), Egypt and Hungary (-23% each) saw the sharpest drop in the index value. The lowest losses were recorded in Poland (-1%), Sweden (-2%) and Australia (-3%).<\/li>\n<li><strong>Financial confidence:<\/strong> The Global Business Financial Confidence Index has fallen by 17% to 116 points. This means that Switzerland has one of the highest declines in Europe. Hungary (-27%), Germany (-24%) and the Czech Republic (-21%) recorded the greatest losses.<\/li>\n<li><strong>Willingness to invest:<\/strong> The Global Business Investment Confidence Index fell by 9% to 127 points. This is one point below the global average of 128 points. Across Europe, Poland (+4%) recorded the highest value at 134 points, while Germany (-17%) recorded the lowest value at 110 points.<\/li>\n<li><strong>Supply chain stability:<\/strong> The Global Supply Chain Continuity Index fell by 15 percent to 105 points. In Europe, Hungary (-30%), the Netherlands (-29%) and the Czech Republic (-26%) recorded the sharpest declines. The reasons for this are high freight costs, a lack of containers, geopolitical conflicts and delayed payments.<\/li>\n<li><strong>ESG focus:<\/strong> The Global Business ESG Index in Switzerland improved by 2 percent. Australia recorded the highest increase worldwide at 26%, followed by the Netherlands (24%) and Italy (19%). In contrast, Germany recorded the sharpest decline at -15%.<\/li>\n<\/ul>\n<h3><strong>Global outlook: Risks increase significantly<\/strong><\/h3>\n<p>Arun Singh, Global Chief Economist at Dun &amp; Bradstreet, explains: \"Companies around the world are making a cautious start to the first quarter of 2025. The high concentration of suppliers is a particular cause for concern - only 51% of companies are confident that they will be able to overcome this. In the previous quarter, the figure was 59%. At the same time, the cost of capital remains high despite falling central bank interest rates - a warning sign of rising credit default risks. The subdued sales and profitability expectations are further exacerbating the situation.\"<\/p>\n<p><em>Source: <a href=\"http:\/\/www.dnb.com\">www.dnb.com<\/a><\/em><\/p>","protected":false},"excerpt":{"rendered":"<p>The Global Business Optimism Index fell to 121 points in Switzerland in the first quarter of 2025 (-14%). The decline is therefore slightly higher than the global fall of 13% (from 131 to 114 points). These are the findings of the latest Global Business Optimism Insights Report by Dun &amp; Bradstreet. For the study, 10,000 companies from 32 countries and 17 sectors were asked about their business expectations.<\/p>","protected":false},"author":80,"featured_media":35618,"comment_status":"closed","ping_status":"closed","sticky":false,"template":"","format":"standard","meta":{"_acf_changed":false,"_yoast_wpseo_focuskw":"Business Optimism Index Schweiz","_yoast_wpseo_metadesc":"Der Business Optimism Index in der Schweiz f\u00e4llt um 14 %. Unternehmen sind bei Investitionen zur\u00fcckhaltend, Lieferketten bleiben unsicher.","articlekey":"","footnotes":""},"categories":[28],"tags":[5048,5049,412,424,492],"class_list":["post-35617","post","type-post","status-publish","format-standard","has-post-thumbnail","hentry","category-management","tag-geschaeftserwartungen","tag-global-business-optimism-inde","tag-report","tag-schweiz","tag-unternehmen"],"acf":[],"yoast_head":"<!-- This site is optimized with the Yoast SEO plugin v27.5 - https:\/\/yoast.com\/product\/yoast-seo-wordpress\/ -->\n<title>Schweizer Firmen weniger optimistisch - Organisator<\/title>\n<meta name=\"description\" content=\"Der Business Optimism Index in der Schweiz f\u00e4llt um 14 %. Unternehmen sind bei Investitionen zur\u00fcckhaltend, Lieferketten bleiben unsicher.\" \/>\n<meta name=\"robots\" content=\"index, follow, max-snippet:-1, max-image-preview:large, max-video-preview:-1\" \/>\n<link rel=\"canonical\" href=\"https:\/\/www.organisator.ch\/en\/management\/2025-01-29\/schweizer-firmen-weniger-optimistisch\/\" \/>\n<meta property=\"og:locale\" content=\"en_US\" \/>\n<meta property=\"og:type\" content=\"article\" \/>\n<meta property=\"og:title\" content=\"Optimismus in der Schweiz sinkt\" \/>\n<meta property=\"og:description\" content=\"Gesch\u00e4ftserwartungen in der Schweiz sinken: Der Global Business Optimism Index f\u00e4llt um 14 %. Unternehmen zeigen sich zur\u00fcckhaltend bei Investitionen.\" \/>\n<meta property=\"og:url\" content=\"https:\/\/www.organisator.ch\/en\/management\/2025-01-29\/schweizer-firmen-weniger-optimistisch\/\" \/>\n<meta property=\"og:site_name\" content=\"Organisator\" \/>\n<meta property=\"article:publisher\" content=\"https:\/\/www.facebook.com\/OrganisatorFachmagazin\" \/>\n<meta property=\"article:published_time\" content=\"2025-01-29T12:12:32+00:00\" \/>\n<meta property=\"og:image\" content=\"https:\/\/www.organisator.ch\/wp-content\/uploads\/2025\/01\/Dun-Bradstreet_Bild1_ps.jpg\" \/>\n\t<meta property=\"og:image:width\" content=\"680\" \/>\n\t<meta property=\"og:image:height\" content=\"532\" \/>\n\t<meta property=\"og:image:type\" content=\"image\/jpeg\" \/>\n<meta name=\"author\" content=\"Dzana Muminovic\" \/>\n<meta name=\"twitter:card\" content=\"summary_large_image\" \/>\n<meta name=\"twitter:title\" content=\"Optimismus in der Schweiz sinkt\" \/>\n<meta name=\"twitter:description\" content=\"#Gesch\u00e4ftserwartungen in der #Schweiz sinken: Der #Global #Business #Optimism #Index f\u00e4llt um 14 %. #Unternehmen zeigen sich zur\u00fcckhaltend bei #Investitionen.\" \/>\n<meta name=\"twitter:image\" content=\"https:\/\/www.organisator.ch\/wp-content\/uploads\/2025\/01\/Dun-Bradstreet_Bild1_ps.jpg\" \/>\n<script type=\"application\/ld+json\" class=\"yoast-schema-graph\">{\"@context\":\"https:\\\/\\\/schema.org\",\"@graph\":[{\"@type\":\"Article\",\"@id\":\"https:\\\/\\\/www.organisator.ch\\\/management\\\/2025-01-29\\\/schweizer-firmen-weniger-optimistisch\\\/#article\",\"isPartOf\":{\"@id\":\"https:\\\/\\\/www.organisator.ch\\\/management\\\/2025-01-29\\\/schweizer-firmen-weniger-optimistisch\\\/\"},\"author\":{\"name\":\"Dzana Muminovic\",\"@id\":\"https:\\\/\\\/www.organisator.ch\\\/#\\\/schema\\\/person\\\/afccda3a71c06d4be2ed9100dd163db7\"},\"headline\":\"Schweizer Firmen weniger optimistisch\",\"datePublished\":\"2025-01-29T12:12:32+00:00\",\"mainEntityOfPage\":{\"@id\":\"https:\\\/\\\/www.organisator.ch\\\/management\\\/2025-01-29\\\/schweizer-firmen-weniger-optimistisch\\\/\"},\"wordCount\":462,\"publisher\":{\"@id\":\"https:\\\/\\\/www.organisator.ch\\\/#organization\"},\"image\":{\"@id\":\"https:\\\/\\\/www.organisator.ch\\\/management\\\/2025-01-29\\\/schweizer-firmen-weniger-optimistisch\\\/#primaryimage\"},\"thumbnailUrl\":\"https:\\\/\\\/www.organisator.ch\\\/wp-content\\\/uploads\\\/2025\\\/01\\\/Dun-Bradstreet_Bild1_ps.jpg\",\"keywords\":[\"Gesch\u00e4ftserwartungen\",\"Global Business Optimism Inde\",\"Report\",\"Schweiz\",\"Unternehmen\"],\"articleSection\":[\"MANAGEMENT\"],\"inLanguage\":\"en-US\"},{\"@type\":\"WebPage\",\"@id\":\"https:\\\/\\\/www.organisator.ch\\\/management\\\/2025-01-29\\\/schweizer-firmen-weniger-optimistisch\\\/\",\"url\":\"https:\\\/\\\/www.organisator.ch\\\/management\\\/2025-01-29\\\/schweizer-firmen-weniger-optimistisch\\\/\",\"name\":\"Schweizer Firmen weniger optimistisch - Organisator\",\"isPartOf\":{\"@id\":\"https:\\\/\\\/www.organisator.ch\\\/#website\"},\"primaryImageOfPage\":{\"@id\":\"https:\\\/\\\/www.organisator.ch\\\/management\\\/2025-01-29\\\/schweizer-firmen-weniger-optimistisch\\\/#primaryimage\"},\"image\":{\"@id\":\"https:\\\/\\\/www.organisator.ch\\\/management\\\/2025-01-29\\\/schweizer-firmen-weniger-optimistisch\\\/#primaryimage\"},\"thumbnailUrl\":\"https:\\\/\\\/www.organisator.ch\\\/wp-content\\\/uploads\\\/2025\\\/01\\\/Dun-Bradstreet_Bild1_ps.jpg\",\"datePublished\":\"2025-01-29T12:12:32+00:00\",\"description\":\"Der Business Optimism Index in der Schweiz f\u00e4llt um 14 %. Unternehmen sind bei Investitionen zur\u00fcckhaltend, Lieferketten bleiben unsicher.\",\"breadcrumb\":{\"@id\":\"https:\\\/\\\/www.organisator.ch\\\/management\\\/2025-01-29\\\/schweizer-firmen-weniger-optimistisch\\\/#breadcrumb\"},\"inLanguage\":\"en-US\",\"potentialAction\":[{\"@type\":\"ReadAction\",\"target\":[\"https:\\\/\\\/www.organisator.ch\\\/management\\\/2025-01-29\\\/schweizer-firmen-weniger-optimistisch\\\/\"]}]},{\"@type\":\"ImageObject\",\"inLanguage\":\"en-US\",\"@id\":\"https:\\\/\\\/www.organisator.ch\\\/management\\\/2025-01-29\\\/schweizer-firmen-weniger-optimistisch\\\/#primaryimage\",\"url\":\"https:\\\/\\\/www.organisator.ch\\\/wp-content\\\/uploads\\\/2025\\\/01\\\/Dun-Bradstreet_Bild1_ps.jpg\",\"contentUrl\":\"https:\\\/\\\/www.organisator.ch\\\/wp-content\\\/uploads\\\/2025\\\/01\\\/Dun-Bradstreet_Bild1_ps.jpg\",\"width\":680,\"height\":532,\"caption\":\"Gesch\u00e4ftserwartungen in der Schweiz sinken: Der Global Business Optimism Index f\u00e4llt um 14 %. Unternehmen zeigen sich zur\u00fcckhaltend bei Investitionen. (Bild: www.depositphotos.com)\"},{\"@type\":\"BreadcrumbList\",\"@id\":\"https:\\\/\\\/www.organisator.ch\\\/management\\\/2025-01-29\\\/schweizer-firmen-weniger-optimistisch\\\/#breadcrumb\",\"itemListElement\":[{\"@type\":\"ListItem\",\"position\":1,\"name\":\"Home\",\"item\":\"https:\\\/\\\/www.organisator.ch\\\/\"},{\"@type\":\"ListItem\",\"position\":2,\"name\":\"Schweizer Firmen weniger optimistisch\"}]},{\"@type\":\"WebSite\",\"@id\":\"https:\\\/\\\/www.organisator.ch\\\/#website\",\"url\":\"https:\\\/\\\/www.organisator.ch\\\/\",\"name\":\"Organisator\",\"description\":\"Kompetent. Praxisnah. Der ORGANISATOR bereitet in 10 Ausgaben pro Jahr die wesentlichen Themen f\u00fcr F\u00fchrungskr\u00e4fte von KMU auf.\",\"publisher\":{\"@id\":\"https:\\\/\\\/www.organisator.ch\\\/#organization\"},\"potentialAction\":[{\"@type\":\"SearchAction\",\"target\":{\"@type\":\"EntryPoint\",\"urlTemplate\":\"https:\\\/\\\/www.organisator.ch\\\/?s={search_term_string}\"},\"query-input\":{\"@type\":\"PropertyValueSpecification\",\"valueRequired\":true,\"valueName\":\"search_term_string\"}}],\"inLanguage\":\"en-US\"},{\"@type\":\"Organization\",\"@id\":\"https:\\\/\\\/www.organisator.ch\\\/#organization\",\"name\":\"Organisator\",\"url\":\"https:\\\/\\\/www.organisator.ch\\\/\",\"logo\":{\"@type\":\"ImageObject\",\"inLanguage\":\"en-US\",\"@id\":\"https:\\\/\\\/www.organisator.ch\\\/#\\\/schema\\\/logo\\\/image\\\/\",\"url\":\"https:\\\/\\\/www.organisator.ch\\\/wp-content\\\/uploads\\\/2022\\\/01\\\/Logo_Organisator_Website.png\",\"contentUrl\":\"https:\\\/\\\/www.organisator.ch\\\/wp-content\\\/uploads\\\/2022\\\/01\\\/Logo_Organisator_Website.png\",\"width\":800,\"height\":77,\"caption\":\"Organisator\"},\"image\":{\"@id\":\"https:\\\/\\\/www.organisator.ch\\\/#\\\/schema\\\/logo\\\/image\\\/\"},\"sameAs\":[\"https:\\\/\\\/www.facebook.com\\\/OrganisatorFachmagazin\",\"https:\\\/\\\/www.linkedin.com\\\/showcase\\\/organisator-das-magazin-fr-kmu\",\"https:\\\/\\\/www.xing.com\\\/news\\\/pages\\\/organisator-ch-695\",\"https:\\\/\\\/www.youtube.com\\\/channel\\\/UCGP2Sq0iWaZwT3BdIAQFYpw\"]},{\"@type\":\"Person\",\"@id\":\"https:\\\/\\\/www.organisator.ch\\\/#\\\/schema\\\/person\\\/afccda3a71c06d4be2ed9100dd163db7\",\"name\":\"Dzana Muminovic\",\"image\":{\"@type\":\"ImageObject\",\"inLanguage\":\"en-US\",\"@id\":\"https:\\\/\\\/secure.gravatar.com\\\/avatar\\\/909c5c71aff4b38e88686f2ab2f1ba152571f394f41ed8bae431ea56ced93050?s=96&d=mm&r=g\",\"url\":\"https:\\\/\\\/secure.gravatar.com\\\/avatar\\\/909c5c71aff4b38e88686f2ab2f1ba152571f394f41ed8bae431ea56ced93050?s=96&d=mm&r=g\",\"contentUrl\":\"https:\\\/\\\/secure.gravatar.com\\\/avatar\\\/909c5c71aff4b38e88686f2ab2f1ba152571f394f41ed8bae431ea56ced93050?s=96&d=mm&r=g\",\"caption\":\"Dzana Muminovic\"},\"url\":\"https:\\\/\\\/www.organisator.ch\\\/en\\\/author\\\/dzana-muminovic\\\/\"}]}<\/script>\n<!-- \/ Yoast SEO plugin. -->","yoast_head_json":{"title":"Swiss companies less optimistic - organizer","description":"The Business Optimism Index in Switzerland falls by 14 %. Companies are reluctant to invest, supply chains remain uncertain.","robots":{"index":"index","follow":"follow","max-snippet":"max-snippet:-1","max-image-preview":"max-image-preview:large","max-video-preview":"max-video-preview:-1"},"canonical":"https:\/\/www.organisator.ch\/en\/management\/2025-01-29\/schweizer-firmen-weniger-optimistisch\/","og_locale":"en_US","og_type":"article","og_title":"Optimismus in der Schweiz sinkt","og_description":"Gesch\u00e4ftserwartungen in der Schweiz sinken: Der Global Business Optimism Index f\u00e4llt um 14 %. Unternehmen zeigen sich zur\u00fcckhaltend bei Investitionen.","og_url":"https:\/\/www.organisator.ch\/en\/management\/2025-01-29\/schweizer-firmen-weniger-optimistisch\/","og_site_name":"Organisator","article_publisher":"https:\/\/www.facebook.com\/OrganisatorFachmagazin","article_published_time":"2025-01-29T12:12:32+00:00","og_image":[{"width":680,"height":532,"url":"https:\/\/www.organisator.ch\/wp-content\/uploads\/2025\/01\/Dun-Bradstreet_Bild1_ps.jpg","type":"image\/jpeg"}],"author":"Dzana Muminovic","twitter_card":"summary_large_image","twitter_title":"Optimismus in der Schweiz sinkt","twitter_description":"#Gesch\u00e4ftserwartungen in der #Schweiz sinken: Der #Global #Business #Optimism #Index f\u00e4llt um 14 %. #Unternehmen zeigen sich zur\u00fcckhaltend bei #Investitionen.","twitter_image":"https:\/\/www.organisator.ch\/wp-content\/uploads\/2025\/01\/Dun-Bradstreet_Bild1_ps.jpg","schema":{"@context":"https:\/\/schema.org","@graph":[{"@type":"Article","@id":"https:\/\/www.organisator.ch\/management\/2025-01-29\/schweizer-firmen-weniger-optimistisch\/#article","isPartOf":{"@id":"https:\/\/www.organisator.ch\/management\/2025-01-29\/schweizer-firmen-weniger-optimistisch\/"},"author":{"name":"Dzana Muminovic","@id":"https:\/\/www.organisator.ch\/#\/schema\/person\/afccda3a71c06d4be2ed9100dd163db7"},"headline":"Schweizer Firmen weniger optimistisch","datePublished":"2025-01-29T12:12:32+00:00","mainEntityOfPage":{"@id":"https:\/\/www.organisator.ch\/management\/2025-01-29\/schweizer-firmen-weniger-optimistisch\/"},"wordCount":462,"publisher":{"@id":"https:\/\/www.organisator.ch\/#organization"},"image":{"@id":"https:\/\/www.organisator.ch\/management\/2025-01-29\/schweizer-firmen-weniger-optimistisch\/#primaryimage"},"thumbnailUrl":"https:\/\/www.organisator.ch\/wp-content\/uploads\/2025\/01\/Dun-Bradstreet_Bild1_ps.jpg","keywords":["Gesch\u00e4ftserwartungen","Global Business Optimism Inde","Report","Schweiz","Unternehmen"],"articleSection":["MANAGEMENT"],"inLanguage":"en-US"},{"@type":"WebPage","@id":"https:\/\/www.organisator.ch\/management\/2025-01-29\/schweizer-firmen-weniger-optimistisch\/","url":"https:\/\/www.organisator.ch\/management\/2025-01-29\/schweizer-firmen-weniger-optimistisch\/","name":"Swiss companies less optimistic - organizer","isPartOf":{"@id":"https:\/\/www.organisator.ch\/#website"},"primaryImageOfPage":{"@id":"https:\/\/www.organisator.ch\/management\/2025-01-29\/schweizer-firmen-weniger-optimistisch\/#primaryimage"},"image":{"@id":"https:\/\/www.organisator.ch\/management\/2025-01-29\/schweizer-firmen-weniger-optimistisch\/#primaryimage"},"thumbnailUrl":"https:\/\/www.organisator.ch\/wp-content\/uploads\/2025\/01\/Dun-Bradstreet_Bild1_ps.jpg","datePublished":"2025-01-29T12:12:32+00:00","description":"The Business Optimism Index in Switzerland falls by 14 %. Companies are reluctant to invest, supply chains remain uncertain.","breadcrumb":{"@id":"https:\/\/www.organisator.ch\/management\/2025-01-29\/schweizer-firmen-weniger-optimistisch\/#breadcrumb"},"inLanguage":"en-US","potentialAction":[{"@type":"ReadAction","target":["https:\/\/www.organisator.ch\/management\/2025-01-29\/schweizer-firmen-weniger-optimistisch\/"]}]},{"@type":"ImageObject","inLanguage":"en-US","@id":"https:\/\/www.organisator.ch\/management\/2025-01-29\/schweizer-firmen-weniger-optimistisch\/#primaryimage","url":"https:\/\/www.organisator.ch\/wp-content\/uploads\/2025\/01\/Dun-Bradstreet_Bild1_ps.jpg","contentUrl":"https:\/\/www.organisator.ch\/wp-content\/uploads\/2025\/01\/Dun-Bradstreet_Bild1_ps.jpg","width":680,"height":532,"caption":"Gesch\u00e4ftserwartungen in der Schweiz sinken: Der Global Business Optimism Index f\u00e4llt um 14 %. Unternehmen zeigen sich zur\u00fcckhaltend bei Investitionen. (Bild: www.depositphotos.com)"},{"@type":"BreadcrumbList","@id":"https:\/\/www.organisator.ch\/management\/2025-01-29\/schweizer-firmen-weniger-optimistisch\/#breadcrumb","itemListElement":[{"@type":"ListItem","position":1,"name":"Home","item":"https:\/\/www.organisator.ch\/"},{"@type":"ListItem","position":2,"name":"Schweizer Firmen weniger optimistisch"}]},{"@type":"WebSite","@id":"https:\/\/www.organisator.ch\/#website","url":"https:\/\/www.organisator.ch\/","name":"Organizer","description":"Competent. Practical. In 10 issues per year, ORGANISATOR presents the essential topics for managers of SMEs.","publisher":{"@id":"https:\/\/www.organisator.ch\/#organization"},"potentialAction":[{"@type":"SearchAction","target":{"@type":"EntryPoint","urlTemplate":"https:\/\/www.organisator.ch\/?s={search_term_string}"},"query-input":{"@type":"PropertyValueSpecification","valueRequired":true,"valueName":"search_term_string"}}],"inLanguage":"en-US"},{"@type":"Organization","@id":"https:\/\/www.organisator.ch\/#organization","name":"Organizer","url":"https:\/\/www.organisator.ch\/","logo":{"@type":"ImageObject","inLanguage":"en-US","@id":"https:\/\/www.organisator.ch\/#\/schema\/logo\/image\/","url":"https:\/\/www.organisator.ch\/wp-content\/uploads\/2022\/01\/Logo_Organisator_Website.png","contentUrl":"https:\/\/www.organisator.ch\/wp-content\/uploads\/2022\/01\/Logo_Organisator_Website.png","width":800,"height":77,"caption":"Organisator"},"image":{"@id":"https:\/\/www.organisator.ch\/#\/schema\/logo\/image\/"},"sameAs":["https:\/\/www.facebook.com\/OrganisatorFachmagazin","https:\/\/www.linkedin.com\/showcase\/organisator-das-magazin-fr-kmu","https:\/\/www.xing.com\/news\/pages\/organisator-ch-695","https:\/\/www.youtube.com\/channel\/UCGP2Sq0iWaZwT3BdIAQFYpw"]},{"@type":"Person","@id":"https:\/\/www.organisator.ch\/#\/schema\/person\/afccda3a71c06d4be2ed9100dd163db7","name":"Dzana Muminovic","image":{"@type":"ImageObject","inLanguage":"en-US","@id":"https:\/\/secure.gravatar.com\/avatar\/909c5c71aff4b38e88686f2ab2f1ba152571f394f41ed8bae431ea56ced93050?s=96&d=mm&r=g","url":"https:\/\/secure.gravatar.com\/avatar\/909c5c71aff4b38e88686f2ab2f1ba152571f394f41ed8bae431ea56ced93050?s=96&d=mm&r=g","contentUrl":"https:\/\/secure.gravatar.com\/avatar\/909c5c71aff4b38e88686f2ab2f1ba152571f394f41ed8bae431ea56ced93050?s=96&d=mm&r=g","caption":"Dzana Muminovic"},"url":"https:\/\/www.organisator.ch\/en\/author\/dzana-muminovic\/"}]}},"_links":{"self":[{"href":"https:\/\/www.organisator.ch\/en\/wp-json\/wp\/v2\/posts\/35617","targetHints":{"allow":["GET"]}}],"collection":[{"href":"https:\/\/www.organisator.ch\/en\/wp-json\/wp\/v2\/posts"}],"about":[{"href":"https:\/\/www.organisator.ch\/en\/wp-json\/wp\/v2\/types\/post"}],"author":[{"embeddable":true,"href":"https:\/\/www.organisator.ch\/en\/wp-json\/wp\/v2\/users\/80"}],"replies":[{"embeddable":true,"href":"https:\/\/www.organisator.ch\/en\/wp-json\/wp\/v2\/comments?post=35617"}],"version-history":[{"count":4,"href":"https:\/\/www.organisator.ch\/en\/wp-json\/wp\/v2\/posts\/35617\/revisions"}],"predecessor-version":[{"id":35685,"href":"https:\/\/www.organisator.ch\/en\/wp-json\/wp\/v2\/posts\/35617\/revisions\/35685"}],"wp:featuredmedia":[{"embeddable":true,"href":"https:\/\/www.organisator.ch\/en\/wp-json\/wp\/v2\/media\/35618"}],"wp:attachment":[{"href":"https:\/\/www.organisator.ch\/en\/wp-json\/wp\/v2\/media?parent=35617"}],"wp:term":[{"taxonomy":"category","embeddable":true,"href":"https:\/\/www.organisator.ch\/en\/wp-json\/wp\/v2\/categories?post=35617"},{"taxonomy":"post_tag","embeddable":true,"href":"https:\/\/www.organisator.ch\/en\/wp-json\/wp\/v2\/tags?post=35617"}],"curies":[{"name":"wp","href":"https:\/\/api.w.org\/{rel}","templated":true}]}}