{"id":35626,"date":"2025-01-29T15:00:44","date_gmt":"2025-01-29T14:00:44","guid":{"rendered":"https:\/\/www.markt-kom.com\/?p=229664"},"modified":"2025-01-29T14:46:45","modified_gmt":"2025-01-29T13:46:45","slug":"andrea-arcidiacono-tritt-als-bundesratssprecher-zurueck","status":"publish","type":"post","link":"https:\/\/www.organisator.ch\/en\/marketing\/2025-01-29\/andrea-arcidiacono-tritt-als-bundesratssprecher-zurueck\/","title":{"rendered":"Andrea Arcidiacono steps down as Federal Council spokesperson"},"content":{"rendered":"<figure id=\"attachment_229666\" class=\"wp-caption aligncenter\" style=\"width: 1064px;\" aria-describedby=\"caption-attachment-229666\"><a href=\"https:\/\/www.markt-kom.com\/wp-content\/uploads\/2025\/01\/Arcidiacono-SRF.jpg\"><img class=\"size-full wp-image-229666\" src=\"https:\/\/www.markt-kom.com\/wp-content\/uploads\/2025\/01\/Arcidiacono-SRF.jpg\" sizes=\"(max-width: 1064px) 100vw, 1064px\" srcset=\"https:\/\/www.markt-kom.com\/wp-content\/uploads\/2025\/01\/Arcidiacono-SRF.jpg 1064w, https:\/\/www.markt-kom.com\/wp-content\/uploads\/2025\/01\/Arcidiacono-SRF-600x450.jpg 600w, https:\/\/www.markt-kom.com\/wp-content\/uploads\/2025\/01\/Arcidiacono-SRF-1024x768.jpg 1024w, https:\/\/www.markt-kom.com\/wp-content\/uploads\/2025\/01\/Arcidiacono-SRF-768x576.jpg 768w, https:\/\/www.markt-kom.com\/wp-content\/uploads\/2025\/01\/Arcidiacono-SRF-16x12.jpg 16w, https:\/\/www.markt-kom.com\/wp-content\/uploads\/2025\/01\/Arcidiacono-SRF-233x175.jpg 233w, https:\/\/www.markt-kom.com\/wp-content\/uploads\/2025\/01\/Arcidiacono-SRF-467x350.jpg 467w, https:\/\/www.markt-kom.com\/wp-content\/uploads\/2025\/01\/Arcidiacono-SRF-1000x750.jpg 1000w\" alt=\"\" width=\"1064\" height=\"798\" \/><\/a>\r\n<figcaption id=\"caption-attachment-229666\" class=\"wp-caption-text\">(Screenshot: Srf.ch)<\/figcaption>\r\n<\/figure>\r\n<p>Arcidiacono took office on October 1, 2024. He is now leaving the Federal Chancellery at his own request. He is not commenting on the exact reasons, but refers to private reasons, according to a statement.<\/p>\r\n<p><strong>Transitional solution and succession process<\/strong><\/p>\r\n<p>The current Head of Communications at the Federal Chancellery, Ursula Eggenberger, will take over the role ad interim from April 1, 2025 and will not be available for a permanent appointment.<\/p>\r\n<p>The position will be officially advertised in February 2025. Chancellor Viktor Rossi is setting up a search committee to appoint a successor.<\/p>","protected":false},"excerpt":{"rendered":"<p>After just six months in office, Andrea Arcidiacono has announced his resignation as Vice-Chancellor and Federal Council Spokesperson at the end of March 2025. The Federal Chancellery confirms that Ursula Eggenberger will take over the role on an interim basis.<\/p>","protected":false},"author":8,"featured_media":0,"comment_status":"closed","ping_status":"closed","sticky":false,"template":"","format":"standard","meta":{"_acf_changed":false,"_yoast_wpseo_focuskw":"Andrea Arcidiacono","_yoast_wpseo_metadesc":"Nach sechs Monaten tritt Andrea Arcidiacono als Vizekanzler und Bundesratssprecher zur\u00fcck. Ursula Eggenberger \u00fcbernimmt interimistisch.","articlekey":"","footnotes":""},"categories":[29],"tags":[100,2853,4343],"class_list":["post-35626","post","type-post","status-publish","format-standard","hentry","category-marketing","tag-bundesrat","tag-jobchange","tag-markom"],"acf":[],"yoast_head":"<!-- This site is optimized with the Yoast SEO plugin v27.5 - https:\/\/yoast.com\/product\/yoast-seo-wordpress\/ -->\n<title>Andrea Arcidiacono tritt als Bundesratssprecher zur\u00fcck - Organisator<\/title>\n<meta name=\"description\" content=\"Nach sechs Monaten tritt Andrea Arcidiacono als Vizekanzler und Bundesratssprecher zur\u00fcck. Ursula Eggenberger \u00fcbernimmt interimistisch.\" \/>\n<meta name=\"robots\" content=\"index, follow, max-snippet:-1, max-image-preview:large, max-video-preview:-1\" \/>\n<link rel=\"canonical\" href=\"https:\/\/www.organisator.ch\/en\/marketing\/2025-01-29\/andrea-arcidiacono-tritt-als-bundesratssprecher-zurueck\/\" \/>\n<meta property=\"og:locale\" content=\"en_US\" \/>\n<meta property=\"og:type\" content=\"article\" \/>\n<meta property=\"og:title\" content=\"Andrea Arcidiacono tritt als Bundesratssprecher zur\u00fcck - Organisator\" \/>\n<meta property=\"og:description\" content=\"Nach sechs Monaten tritt Andrea Arcidiacono als Vizekanzler und Bundesratssprecher zur\u00fcck. Ursula Eggenberger \u00fcbernimmt interimistisch.\" \/>\n<meta property=\"og:url\" content=\"https:\/\/www.organisator.ch\/en\/marketing\/2025-01-29\/andrea-arcidiacono-tritt-als-bundesratssprecher-zurueck\/\" \/>\n<meta property=\"og:site_name\" content=\"Organisator\" \/>\n<meta property=\"article:publisher\" content=\"https:\/\/www.facebook.com\/OrganisatorFachmagazin\" \/>\n<meta property=\"article:published_time\" content=\"2025-01-29T14:00:44+00:00\" \/>\n<meta name=\"author\" content=\"galledia\" \/>\n<meta name=\"twitter:card\" content=\"summary_large_image\" \/>\n<meta name=\"twitter:creator\" content=\"@admin\" \/>\n<script type=\"application\/ld+json\" class=\"yoast-schema-graph\">{\"@context\":\"https:\\\/\\\/schema.org\",\"@graph\":[{\"@type\":\"Article\",\"@id\":\"https:\\\/\\\/www.organisator.ch\\\/marketing\\\/2025-01-29\\\/andrea-arcidiacono-tritt-als-bundesratssprecher-zurueck\\\/#article\",\"isPartOf\":{\"@id\":\"https:\\\/\\\/www.organisator.ch\\\/marketing\\\/2025-01-29\\\/andrea-arcidiacono-tritt-als-bundesratssprecher-zurueck\\\/\"},\"author\":{\"name\":\"galledia\",\"@id\":\"https:\\\/\\\/www.organisator.ch\\\/#\\\/schema\\\/person\\\/4e51799071cd2dd1232ac003643ef5f0\"},\"headline\":\"Andrea Arcidiacono tritt als Bundesratssprecher zur\u00fcck\",\"datePublished\":\"2025-01-29T14:00:44+00:00\",\"mainEntityOfPage\":{\"@id\":\"https:\\\/\\\/www.organisator.ch\\\/marketing\\\/2025-01-29\\\/andrea-arcidiacono-tritt-als-bundesratssprecher-zurueck\\\/\"},\"wordCount\":94,\"publisher\":{\"@id\":\"https:\\\/\\\/www.organisator.ch\\\/#organization\"},\"image\":{\"@id\":\"https:\\\/\\\/www.organisator.ch\\\/marketing\\\/2025-01-29\\\/andrea-arcidiacono-tritt-als-bundesratssprecher-zurueck\\\/#primaryimage\"},\"thumbnailUrl\":\"https:\\\/\\\/www.markt-kom.com\\\/wp-content\\\/uploads\\\/2025\\\/01\\\/Arcidiacono-SRF.jpg\",\"keywords\":[\"Bundesrat\",\"Jobchange\",\"MarKom\"],\"articleSection\":[\"MARKETING\"],\"inLanguage\":\"en-US\"},{\"@type\":\"WebPage\",\"@id\":\"https:\\\/\\\/www.organisator.ch\\\/marketing\\\/2025-01-29\\\/andrea-arcidiacono-tritt-als-bundesratssprecher-zurueck\\\/\",\"url\":\"https:\\\/\\\/www.organisator.ch\\\/marketing\\\/2025-01-29\\\/andrea-arcidiacono-tritt-als-bundesratssprecher-zurueck\\\/\",\"name\":\"Andrea Arcidiacono tritt als Bundesratssprecher zur\u00fcck - Organisator\",\"isPartOf\":{\"@id\":\"https:\\\/\\\/www.organisator.ch\\\/#website\"},\"primaryImageOfPage\":{\"@id\":\"https:\\\/\\\/www.organisator.ch\\\/marketing\\\/2025-01-29\\\/andrea-arcidiacono-tritt-als-bundesratssprecher-zurueck\\\/#primaryimage\"},\"image\":{\"@id\":\"https:\\\/\\\/www.organisator.ch\\\/marketing\\\/2025-01-29\\\/andrea-arcidiacono-tritt-als-bundesratssprecher-zurueck\\\/#primaryimage\"},\"thumbnailUrl\":\"https:\\\/\\\/www.markt-kom.com\\\/wp-content\\\/uploads\\\/2025\\\/01\\\/Arcidiacono-SRF.jpg\",\"datePublished\":\"2025-01-29T14:00:44+00:00\",\"description\":\"Nach sechs Monaten tritt Andrea Arcidiacono als Vizekanzler und Bundesratssprecher zur\u00fcck. Ursula Eggenberger \u00fcbernimmt interimistisch.\",\"breadcrumb\":{\"@id\":\"https:\\\/\\\/www.organisator.ch\\\/marketing\\\/2025-01-29\\\/andrea-arcidiacono-tritt-als-bundesratssprecher-zurueck\\\/#breadcrumb\"},\"inLanguage\":\"en-US\",\"potentialAction\":[{\"@type\":\"ReadAction\",\"target\":[\"https:\\\/\\\/www.organisator.ch\\\/marketing\\\/2025-01-29\\\/andrea-arcidiacono-tritt-als-bundesratssprecher-zurueck\\\/\"]}]},{\"@type\":\"ImageObject\",\"inLanguage\":\"en-US\",\"@id\":\"https:\\\/\\\/www.organisator.ch\\\/marketing\\\/2025-01-29\\\/andrea-arcidiacono-tritt-als-bundesratssprecher-zurueck\\\/#primaryimage\",\"url\":\"https:\\\/\\\/www.markt-kom.com\\\/wp-content\\\/uploads\\\/2025\\\/01\\\/Arcidiacono-SRF.jpg\",\"contentUrl\":\"https:\\\/\\\/www.markt-kom.com\\\/wp-content\\\/uploads\\\/2025\\\/01\\\/Arcidiacono-SRF.jpg\"},{\"@type\":\"BreadcrumbList\",\"@id\":\"https:\\\/\\\/www.organisator.ch\\\/marketing\\\/2025-01-29\\\/andrea-arcidiacono-tritt-als-bundesratssprecher-zurueck\\\/#breadcrumb\",\"itemListElement\":[{\"@type\":\"ListItem\",\"position\":1,\"name\":\"Home\",\"item\":\"https:\\\/\\\/www.organisator.ch\\\/\"},{\"@type\":\"ListItem\",\"position\":2,\"name\":\"Andrea Arcidiacono tritt als Bundesratssprecher zur\u00fcck\"}]},{\"@type\":\"WebSite\",\"@id\":\"https:\\\/\\\/www.organisator.ch\\\/#website\",\"url\":\"https:\\\/\\\/www.organisator.ch\\\/\",\"name\":\"Organisator\",\"description\":\"Kompetent. Praxisnah. Der ORGANISATOR bereitet in 10 Ausgaben pro Jahr die wesentlichen Themen f\u00fcr F\u00fchrungskr\u00e4fte von KMU auf.\",\"publisher\":{\"@id\":\"https:\\\/\\\/www.organisator.ch\\\/#organization\"},\"potentialAction\":[{\"@type\":\"SearchAction\",\"target\":{\"@type\":\"EntryPoint\",\"urlTemplate\":\"https:\\\/\\\/www.organisator.ch\\\/?s={search_term_string}\"},\"query-input\":{\"@type\":\"PropertyValueSpecification\",\"valueRequired\":true,\"valueName\":\"search_term_string\"}}],\"inLanguage\":\"en-US\"},{\"@type\":\"Organization\",\"@id\":\"https:\\\/\\\/www.organisator.ch\\\/#organization\",\"name\":\"Organisator\",\"url\":\"https:\\\/\\\/www.organisator.ch\\\/\",\"logo\":{\"@type\":\"ImageObject\",\"inLanguage\":\"en-US\",\"@id\":\"https:\\\/\\\/www.organisator.ch\\\/#\\\/schema\\\/logo\\\/image\\\/\",\"url\":\"https:\\\/\\\/www.organisator.ch\\\/wp-content\\\/uploads\\\/2022\\\/01\\\/Logo_Organisator_Website.png\",\"contentUrl\":\"https:\\\/\\\/www.organisator.ch\\\/wp-content\\\/uploads\\\/2022\\\/01\\\/Logo_Organisator_Website.png\",\"width\":800,\"height\":77,\"caption\":\"Organisator\"},\"image\":{\"@id\":\"https:\\\/\\\/www.organisator.ch\\\/#\\\/schema\\\/logo\\\/image\\\/\"},\"sameAs\":[\"https:\\\/\\\/www.facebook.com\\\/OrganisatorFachmagazin\",\"https:\\\/\\\/www.linkedin.com\\\/showcase\\\/organisator-das-magazin-fr-kmu\",\"https:\\\/\\\/www.xing.com\\\/news\\\/pages\\\/organisator-ch-695\",\"https:\\\/\\\/www.youtube.com\\\/channel\\\/UCGP2Sq0iWaZwT3BdIAQFYpw\"]},{\"@type\":\"Person\",\"@id\":\"https:\\\/\\\/www.organisator.ch\\\/#\\\/schema\\\/person\\\/4e51799071cd2dd1232ac003643ef5f0\",\"name\":\"galledia\",\"image\":{\"@type\":\"ImageObject\",\"inLanguage\":\"en-US\",\"@id\":\"https:\\\/\\\/secure.gravatar.com\\\/avatar\\\/78a7f90c01fc2bfc875782a0d4922b37cde2cf184ce347b91316d23cd7f69a36?s=96&d=mm&r=g\",\"url\":\"https:\\\/\\\/secure.gravatar.com\\\/avatar\\\/78a7f90c01fc2bfc875782a0d4922b37cde2cf184ce347b91316d23cd7f69a36?s=96&d=mm&r=g\",\"contentUrl\":\"https:\\\/\\\/secure.gravatar.com\\\/avatar\\\/78a7f90c01fc2bfc875782a0d4922b37cde2cf184ce347b91316d23cd7f69a36?s=96&d=mm&r=g\",\"caption\":\"galledia\"},\"sameAs\":[\"https:\\\/\\\/x.com\\\/admin\"],\"url\":\"https:\\\/\\\/www.organisator.ch\\\/en\\\/author\\\/galledia\\\/\"}]}<\/script>\n<!-- \/ Yoast SEO plugin. -->","yoast_head_json":{"title":"Andrea Arcidiacono steps down as Federal Council spokesperson - Organizer","description":"After six months, Andrea Arcidiacono steps down as Vice-Chancellor and Federal Council Spokesperson. Ursula Eggenberger takes over on an interim basis.","robots":{"index":"index","follow":"follow","max-snippet":"max-snippet:-1","max-image-preview":"max-image-preview:large","max-video-preview":"max-video-preview:-1"},"canonical":"https:\/\/www.organisator.ch\/en\/marketing\/2025-01-29\/andrea-arcidiacono-tritt-als-bundesratssprecher-zurueck\/","og_locale":"en_US","og_type":"article","og_title":"Andrea Arcidiacono tritt als Bundesratssprecher zur\u00fcck - Organisator","og_description":"Nach sechs Monaten tritt Andrea Arcidiacono als Vizekanzler und Bundesratssprecher zur\u00fcck. Ursula Eggenberger \u00fcbernimmt interimistisch.","og_url":"https:\/\/www.organisator.ch\/en\/marketing\/2025-01-29\/andrea-arcidiacono-tritt-als-bundesratssprecher-zurueck\/","og_site_name":"Organisator","article_publisher":"https:\/\/www.facebook.com\/OrganisatorFachmagazin","article_published_time":"2025-01-29T14:00:44+00:00","author":"galledia","twitter_card":"summary_large_image","twitter_creator":"@admin","schema":{"@context":"https:\/\/schema.org","@graph":[{"@type":"Article","@id":"https:\/\/www.organisator.ch\/marketing\/2025-01-29\/andrea-arcidiacono-tritt-als-bundesratssprecher-zurueck\/#article","isPartOf":{"@id":"https:\/\/www.organisator.ch\/marketing\/2025-01-29\/andrea-arcidiacono-tritt-als-bundesratssprecher-zurueck\/"},"author":{"name":"galledia","@id":"https:\/\/www.organisator.ch\/#\/schema\/person\/4e51799071cd2dd1232ac003643ef5f0"},"headline":"Andrea Arcidiacono tritt als Bundesratssprecher zur\u00fcck","datePublished":"2025-01-29T14:00:44+00:00","mainEntityOfPage":{"@id":"https:\/\/www.organisator.ch\/marketing\/2025-01-29\/andrea-arcidiacono-tritt-als-bundesratssprecher-zurueck\/"},"wordCount":94,"publisher":{"@id":"https:\/\/www.organisator.ch\/#organization"},"image":{"@id":"https:\/\/www.organisator.ch\/marketing\/2025-01-29\/andrea-arcidiacono-tritt-als-bundesratssprecher-zurueck\/#primaryimage"},"thumbnailUrl":"https:\/\/www.markt-kom.com\/wp-content\/uploads\/2025\/01\/Arcidiacono-SRF.jpg","keywords":["Bundesrat","Jobchange","MarKom"],"articleSection":["MARKETING"],"inLanguage":"en-US"},{"@type":"WebPage","@id":"https:\/\/www.organisator.ch\/marketing\/2025-01-29\/andrea-arcidiacono-tritt-als-bundesratssprecher-zurueck\/","url":"https:\/\/www.organisator.ch\/marketing\/2025-01-29\/andrea-arcidiacono-tritt-als-bundesratssprecher-zurueck\/","name":"Andrea Arcidiacono steps down as Federal Council spokesperson - Organizer","isPartOf":{"@id":"https:\/\/www.organisator.ch\/#website"},"primaryImageOfPage":{"@id":"https:\/\/www.organisator.ch\/marketing\/2025-01-29\/andrea-arcidiacono-tritt-als-bundesratssprecher-zurueck\/#primaryimage"},"image":{"@id":"https:\/\/www.organisator.ch\/marketing\/2025-01-29\/andrea-arcidiacono-tritt-als-bundesratssprecher-zurueck\/#primaryimage"},"thumbnailUrl":"https:\/\/www.markt-kom.com\/wp-content\/uploads\/2025\/01\/Arcidiacono-SRF.jpg","datePublished":"2025-01-29T14:00:44+00:00","description":"After six months, Andrea Arcidiacono steps down as Vice-Chancellor and Federal Council Spokesperson. Ursula Eggenberger takes over on an interim basis.","breadcrumb":{"@id":"https:\/\/www.organisator.ch\/marketing\/2025-01-29\/andrea-arcidiacono-tritt-als-bundesratssprecher-zurueck\/#breadcrumb"},"inLanguage":"en-US","potentialAction":[{"@type":"ReadAction","target":["https:\/\/www.organisator.ch\/marketing\/2025-01-29\/andrea-arcidiacono-tritt-als-bundesratssprecher-zurueck\/"]}]},{"@type":"ImageObject","inLanguage":"en-US","@id":"https:\/\/www.organisator.ch\/marketing\/2025-01-29\/andrea-arcidiacono-tritt-als-bundesratssprecher-zurueck\/#primaryimage","url":"https:\/\/www.markt-kom.com\/wp-content\/uploads\/2025\/01\/Arcidiacono-SRF.jpg","contentUrl":"https:\/\/www.markt-kom.com\/wp-content\/uploads\/2025\/01\/Arcidiacono-SRF.jpg"},{"@type":"BreadcrumbList","@id":"https:\/\/www.organisator.ch\/marketing\/2025-01-29\/andrea-arcidiacono-tritt-als-bundesratssprecher-zurueck\/#breadcrumb","itemListElement":[{"@type":"ListItem","position":1,"name":"Home","item":"https:\/\/www.organisator.ch\/"},{"@type":"ListItem","position":2,"name":"Andrea Arcidiacono tritt als Bundesratssprecher zur\u00fcck"}]},{"@type":"WebSite","@id":"https:\/\/www.organisator.ch\/#website","url":"https:\/\/www.organisator.ch\/","name":"Organizer","description":"Competent. Practical. In 10 issues per year, ORGANISATOR presents the essential topics for managers of SMEs.","publisher":{"@id":"https:\/\/www.organisator.ch\/#organization"},"potentialAction":[{"@type":"SearchAction","target":{"@type":"EntryPoint","urlTemplate":"https:\/\/www.organisator.ch\/?s={search_term_string}"},"query-input":{"@type":"PropertyValueSpecification","valueRequired":true,"valueName":"search_term_string"}}],"inLanguage":"en-US"},{"@type":"Organization","@id":"https:\/\/www.organisator.ch\/#organization","name":"Organizer","url":"https:\/\/www.organisator.ch\/","logo":{"@type":"ImageObject","inLanguage":"en-US","@id":"https:\/\/www.organisator.ch\/#\/schema\/logo\/image\/","url":"https:\/\/www.organisator.ch\/wp-content\/uploads\/2022\/01\/Logo_Organisator_Website.png","contentUrl":"https:\/\/www.organisator.ch\/wp-content\/uploads\/2022\/01\/Logo_Organisator_Website.png","width":800,"height":77,"caption":"Organisator"},"image":{"@id":"https:\/\/www.organisator.ch\/#\/schema\/logo\/image\/"},"sameAs":["https:\/\/www.facebook.com\/OrganisatorFachmagazin","https:\/\/www.linkedin.com\/showcase\/organisator-das-magazin-fr-kmu","https:\/\/www.xing.com\/news\/pages\/organisator-ch-695","https:\/\/www.youtube.com\/channel\/UCGP2Sq0iWaZwT3BdIAQFYpw"]},{"@type":"Person","@id":"https:\/\/www.organisator.ch\/#\/schema\/person\/4e51799071cd2dd1232ac003643ef5f0","name":"galledia","image":{"@type":"ImageObject","inLanguage":"en-US","@id":"https:\/\/secure.gravatar.com\/avatar\/78a7f90c01fc2bfc875782a0d4922b37cde2cf184ce347b91316d23cd7f69a36?s=96&d=mm&r=g","url":"https:\/\/secure.gravatar.com\/avatar\/78a7f90c01fc2bfc875782a0d4922b37cde2cf184ce347b91316d23cd7f69a36?s=96&d=mm&r=g","contentUrl":"https:\/\/secure.gravatar.com\/avatar\/78a7f90c01fc2bfc875782a0d4922b37cde2cf184ce347b91316d23cd7f69a36?s=96&d=mm&r=g","caption":"galledia"},"sameAs":["https:\/\/x.com\/admin"],"url":"https:\/\/www.organisator.ch\/en\/author\/galledia\/"}]}},"_links":{"self":[{"href":"https:\/\/www.organisator.ch\/en\/wp-json\/wp\/v2\/posts\/35626","targetHints":{"allow":["GET"]}}],"collection":[{"href":"https:\/\/www.organisator.ch\/en\/wp-json\/wp\/v2\/posts"}],"about":[{"href":"https:\/\/www.organisator.ch\/en\/wp-json\/wp\/v2\/types\/post"}],"author":[{"embeddable":true,"href":"https:\/\/www.organisator.ch\/en\/wp-json\/wp\/v2\/users\/8"}],"replies":[{"embeddable":true,"href":"https:\/\/www.organisator.ch\/en\/wp-json\/wp\/v2\/comments?post=35626"}],"version-history":[{"count":5,"href":"https:\/\/www.organisator.ch\/en\/wp-json\/wp\/v2\/posts\/35626\/revisions"}],"predecessor-version":[{"id":35632,"href":"https:\/\/www.organisator.ch\/en\/wp-json\/wp\/v2\/posts\/35626\/revisions\/35632"}],"wp:attachment":[{"href":"https:\/\/www.organisator.ch\/en\/wp-json\/wp\/v2\/media?parent=35626"}],"wp:term":[{"taxonomy":"category","embeddable":true,"href":"https:\/\/www.organisator.ch\/en\/wp-json\/wp\/v2\/categories?post=35626"},{"taxonomy":"post_tag","embeddable":true,"href":"https:\/\/www.organisator.ch\/en\/wp-json\/wp\/v2\/tags?post=35626"}],"curies":[{"name":"wp","href":"https:\/\/api.w.org\/{rel}","templated":true}]}}