{"id":35649,"date":"2025-01-30T10:02:18","date_gmt":"2025-01-30T09:02:18","guid":{"rendered":"https:\/\/www.m-q.ch\/?p=21002"},"modified":"2025-01-30T10:38:07","modified_gmt":"2025-01-30T09:38:07","slug":"swiss-cyber-security-days-2025-ki-kunst-fbi-desinformation-und-kinderschutz","status":"publish","type":"post","link":"https:\/\/www.organisator.ch\/en\/operational-excellence\/2025-01-30\/swiss-cyber-security-days-2025-ki-kunst-fbi-desinformation-und-kinderschutz\/","title":{"rendered":"Swiss Cyber Security Days 2025: AI art, FBI, disinformation and child protection"},"content":{"rendered":"<figure id=\"attachment_21003\" class=\"wp-caption alignnone\" style=\"width: 680px;\" aria-describedby=\"caption-attachment-21003\"><img class=\"size-full wp-image-21003\" src=\"https:\/\/www.m-q.ch\/wp-content\/uploads\/2025\/01\/SCSD_Bild1_ps.jpg\" sizes=\"(max-width: 680px) 100vw, 680px\" srcset=\"https:\/\/www.m-q.ch\/wp-content\/uploads\/2025\/01\/SCSD_Bild1_ps.jpg 680w, https:\/\/www.m-q.ch\/wp-content\/uploads\/2025\/01\/SCSD_Bild1_ps-18x10.jpg 18w, https:\/\/www.m-q.ch\/wp-content\/uploads\/2025\/01\/SCSD_Bild1_ps-375x218.jpg 375w, https:\/\/www.m-q.ch\/wp-content\/uploads\/2025\/01\/SCSD_Bild1_ps-601x350.jpg 601w\" alt=\"\" width=\"680\" height=\"396\" \/>\r\n<figcaption id=\"caption-attachment-21003\" class=\"wp-caption-text\">The Swiss Cyber Security Days 2025 offer insights into AI, protection against disinformation, cyber threats and interactive technology. (Image: www.depositphotos.com)<\/figcaption>\r\n<\/figure>\r\n<p>On February 18 and 19, 2025, the SCSD will take place on the Bernexpo site. On the two main stages, high-ranking national and international speakers will spend two days demonstrating how dominant technology is shaping the present and the future, and why a secure and sovereign cyberspace is of the utmost importance for Switzerland. The organizers are proud to complement the illustrious program with contributions from the Cyber Division of the FBI and two high-profile panels on the urgent topics of disinformation, radicalization and the protection of minors in the digital space.<\/p>\r\n<p>On the first day, the main stage will be hosted by former Mr. Kassensturz and newly elected National Councillor Ueli Schmezer. On the second day, SRF investigative journalist and terrorism expert Dani Glaus will host the main stage.<\/p>\r\n<h3><strong>Interactive AI art \"Made in Bern\"<\/strong><\/h3>\r\n<p>In line with the motto \"Eye of the Cyber - create tomorrow\", the organizers are focusing on the creative power of artificial intelligence and presenting it in an unconventional collaboration: technology and art are breaking new ground. Together with the Museum of Communication, the Gibb vocational school in Bern and the two Bernese motion art artists Kaspar Kilchenmann and Yan Hirschb\u00fchl, the organizers will be presenting interactive AI art \"Made in Bern\" during both days.<\/p>\r\n<p>\"The collaboration is an exciting opportunity to bring the strengths of the Museum of Communication to bear in a new environment,\" says Nico Gurtner. He is responsible for communications at the Museum of Communication. Creative Director of the Bern agency \"Efentwell\" Kaspar Kilchenmann and motion designer Yan Hirschb\u00fchl will inspire the audience with visual worlds specially produced for the SCSD. The technical infrastructure will be provided by the Gibb Bern vocational school.<\/p>\r\n<h3><strong>Leading exhibitors present groundbreaking solutions<\/strong><\/h3>\r\n<p>With Axpo, Aveniq, Sophos, Amazon Web Services and numerous other national and international exhibitors, SCSD 2025 promises groundbreaking insights and solutions from the world of cyber security. The innovative approaches presented range from security awareness and human risk management to topics such as zero trust architecture, artificial intelligence, quantum computing and advanced threat protection.<\/p>\r\n<p>Around 20 promising start-ups will be presenting their innovative cyber security solutions in the Start-up Zone. Gibb HF Informatik will also be presenting itself as a strong educational partner. Visitors can take part in an exciting capture-the-flag (CTF) competition at their stand and experience live how theory can be put into practice. An excellent opportunity for leaders and cyber security experts to establish valuable collaborations for the digital future.<\/p>\r\n<p>Networking on a new level - Hornetsecurity takes networking at the Swiss Cyber Security Days 2025 to a new level. On Tuesday evening, the networking party sponsored by Hornetsecurity awaits you, the perfect place to make valuable contacts.<\/p>\r\n<p>\"The renowned exhibitors and the prestigious program make SCSD 2025 a central meeting point for the industry and attract great interest,\" says Tom Winter, CEO of Bernexpo AG. \"The ticket sales to date prove this. With the Swiss Cyber Security Days 2025, we are building on last year's success\".<\/p>\r\n<p><em>Source: <a href=\"http:\/\/www.scsd.ch\/\">www.scsd.ch<\/a><\/em><\/p>\n<p class=\"syndicated-attribution\">This article originally appeared on m-q.ch - <a href=\"https:\/\/www.m-q.ch\/de\/swiss-cyber-security-days-2025-ki-kunst-fbi-desinformation-und-kinderschutz21002-2\/\" target=\"_blank\">https:\/\/www.m-q.ch\/de\/swiss-cyber-security-days-2025-ki-kunst-fbi-desinformation-und-kinderschutz21002-2\/<\/a><\/p>","protected":false},"excerpt":{"rendered":"<p>The Swiss Cyber Security Days (SCSD) will take place on February 18 and 19, 2025 under the motto \"Eye of the Cyber - create tomorrow\". The program will be complemented by an interactive AI exhibition and panels dedicated to the dangers of disinformation, terrorism and the protection of minors in the digital space. Another highlight is the presentation by the FBI's Cyber Division.<\/p>","protected":false},"author":80,"featured_media":0,"comment_status":"closed","ping_status":"closed","sticky":false,"template":"","format":"standard","meta":{"_acf_changed":false,"_yoast_wpseo_focuskw":"Swiss Cyber Security Days 2025","_yoast_wpseo_metadesc":"Die Swiss Cyber Security Days 2025 bieten Einblicke in KI, Schutz vor Desinformation, Cyber-Bedrohungen und interaktiver Technologie.","articlekey":"","footnotes":""},"categories":[582],"tags":[4983,5050,319,418,424,2804],"class_list":["post-35649","post","type-post","status-publish","format-standard","hentry","category-operational-excellence","tag-cyberbedrohunge","tag-desinformation","tag-kuenstliche-intelligenz","tag-risikomanagement","tag-schweiz","tag-swiss-cyber-security-days"],"acf":[],"yoast_head":"<!-- This site is optimized with the Yoast SEO plugin v27.5 - https:\/\/yoast.com\/product\/yoast-seo-wordpress\/ -->\n<title>Swiss Cyber Security Days 2025: KI-Kunst, FBI, Desinformation und Kinderschutz - Organisator<\/title>\n<meta name=\"description\" content=\"Die Swiss Cyber Security Days 2025 bieten Einblicke in KI, Schutz vor Desinformation, Cyber-Bedrohungen und interaktiver Technologie.\" \/>\n<meta name=\"robots\" content=\"index, follow, max-snippet:-1, max-image-preview:large, max-video-preview:-1\" \/>\n<link rel=\"canonical\" href=\"https:\/\/www.organisator.ch\/en\/operational-excellence\/2025-01-30\/swiss-cyber-security-days-2025-ki-kunst-fbi-desinformation-und-kinderschutz\/\" \/>\n<meta property=\"og:locale\" content=\"en_US\" \/>\n<meta property=\"og:type\" content=\"article\" \/>\n<meta property=\"og:title\" content=\"Swiss Cyber Security Days 2025: KI-Kunst, FBI, Desinformation und Kinderschutz - Organisator\" \/>\n<meta property=\"og:description\" content=\"Die Swiss Cyber Security Days 2025 bieten Einblicke in KI, Schutz vor Desinformation, Cyber-Bedrohungen und interaktiver Technologie.\" \/>\n<meta property=\"og:url\" content=\"https:\/\/www.organisator.ch\/en\/operational-excellence\/2025-01-30\/swiss-cyber-security-days-2025-ki-kunst-fbi-desinformation-und-kinderschutz\/\" \/>\n<meta property=\"og:site_name\" content=\"Organisator\" \/>\n<meta property=\"article:publisher\" content=\"https:\/\/www.facebook.com\/OrganisatorFachmagazin\" \/>\n<meta property=\"article:published_time\" content=\"2025-01-30T09:02:18+00:00\" \/>\n<meta property=\"article:modified_time\" content=\"2025-01-30T09:38:07+00:00\" \/>\n<meta name=\"author\" content=\"Dzana Muminovic\" \/>\n<meta name=\"twitter:card\" content=\"summary_large_image\" \/>\n<script type=\"application\/ld+json\" class=\"yoast-schema-graph\">{\"@context\":\"https:\\\/\\\/schema.org\",\"@graph\":[{\"@type\":\"Article\",\"@id\":\"https:\\\/\\\/www.organisator.ch\\\/operational-excellence\\\/2025-01-30\\\/swiss-cyber-security-days-2025-ki-kunst-fbi-desinformation-und-kinderschutz\\\/#article\",\"isPartOf\":{\"@id\":\"https:\\\/\\\/www.organisator.ch\\\/operational-excellence\\\/2025-01-30\\\/swiss-cyber-security-days-2025-ki-kunst-fbi-desinformation-und-kinderschutz\\\/\"},\"author\":{\"name\":\"Dzana Muminovic\",\"@id\":\"https:\\\/\\\/www.organisator.ch\\\/#\\\/schema\\\/person\\\/afccda3a71c06d4be2ed9100dd163db7\"},\"headline\":\"Swiss Cyber Security Days 2025: KI-Kunst, FBI, Desinformation und Kinderschutz\",\"datePublished\":\"2025-01-30T09:02:18+00:00\",\"dateModified\":\"2025-01-30T09:38:07+00:00\",\"mainEntityOfPage\":{\"@id\":\"https:\\\/\\\/www.organisator.ch\\\/operational-excellence\\\/2025-01-30\\\/swiss-cyber-security-days-2025-ki-kunst-fbi-desinformation-und-kinderschutz\\\/\"},\"wordCount\":529,\"publisher\":{\"@id\":\"https:\\\/\\\/www.organisator.ch\\\/#organization\"},\"image\":{\"@id\":\"https:\\\/\\\/www.organisator.ch\\\/operational-excellence\\\/2025-01-30\\\/swiss-cyber-security-days-2025-ki-kunst-fbi-desinformation-und-kinderschutz\\\/#primaryimage\"},\"thumbnailUrl\":\"https:\\\/\\\/www.m-q.ch\\\/wp-content\\\/uploads\\\/2025\\\/01\\\/SCSD_Bild1_ps.jpg\",\"keywords\":[\"Cyberbedrohunge\",\"Desinformation\",\"K\u00fcnstliche Intelligenz\",\"Risikomanagement\",\"Schweiz\",\"Swiss Cyber Security Days\"],\"articleSection\":[\"OPERATIONAL EXCELLENCE\"],\"inLanguage\":\"en-US\"},{\"@type\":\"WebPage\",\"@id\":\"https:\\\/\\\/www.organisator.ch\\\/operational-excellence\\\/2025-01-30\\\/swiss-cyber-security-days-2025-ki-kunst-fbi-desinformation-und-kinderschutz\\\/\",\"url\":\"https:\\\/\\\/www.organisator.ch\\\/operational-excellence\\\/2025-01-30\\\/swiss-cyber-security-days-2025-ki-kunst-fbi-desinformation-und-kinderschutz\\\/\",\"name\":\"Swiss Cyber Security Days 2025: KI-Kunst, FBI, Desinformation und Kinderschutz - Organisator\",\"isPartOf\":{\"@id\":\"https:\\\/\\\/www.organisator.ch\\\/#website\"},\"primaryImageOfPage\":{\"@id\":\"https:\\\/\\\/www.organisator.ch\\\/operational-excellence\\\/2025-01-30\\\/swiss-cyber-security-days-2025-ki-kunst-fbi-desinformation-und-kinderschutz\\\/#primaryimage\"},\"image\":{\"@id\":\"https:\\\/\\\/www.organisator.ch\\\/operational-excellence\\\/2025-01-30\\\/swiss-cyber-security-days-2025-ki-kunst-fbi-desinformation-und-kinderschutz\\\/#primaryimage\"},\"thumbnailUrl\":\"https:\\\/\\\/www.m-q.ch\\\/wp-content\\\/uploads\\\/2025\\\/01\\\/SCSD_Bild1_ps.jpg\",\"datePublished\":\"2025-01-30T09:02:18+00:00\",\"dateModified\":\"2025-01-30T09:38:07+00:00\",\"description\":\"Die Swiss Cyber Security Days 2025 bieten Einblicke in KI, Schutz vor Desinformation, Cyber-Bedrohungen und interaktiver Technologie.\",\"breadcrumb\":{\"@id\":\"https:\\\/\\\/www.organisator.ch\\\/operational-excellence\\\/2025-01-30\\\/swiss-cyber-security-days-2025-ki-kunst-fbi-desinformation-und-kinderschutz\\\/#breadcrumb\"},\"inLanguage\":\"en-US\",\"potentialAction\":[{\"@type\":\"ReadAction\",\"target\":[\"https:\\\/\\\/www.organisator.ch\\\/operational-excellence\\\/2025-01-30\\\/swiss-cyber-security-days-2025-ki-kunst-fbi-desinformation-und-kinderschutz\\\/\"]}]},{\"@type\":\"ImageObject\",\"inLanguage\":\"en-US\",\"@id\":\"https:\\\/\\\/www.organisator.ch\\\/operational-excellence\\\/2025-01-30\\\/swiss-cyber-security-days-2025-ki-kunst-fbi-desinformation-und-kinderschutz\\\/#primaryimage\",\"url\":\"https:\\\/\\\/www.m-q.ch\\\/wp-content\\\/uploads\\\/2025\\\/01\\\/SCSD_Bild1_ps.jpg\",\"contentUrl\":\"https:\\\/\\\/www.m-q.ch\\\/wp-content\\\/uploads\\\/2025\\\/01\\\/SCSD_Bild1_ps.jpg\"},{\"@type\":\"BreadcrumbList\",\"@id\":\"https:\\\/\\\/www.organisator.ch\\\/operational-excellence\\\/2025-01-30\\\/swiss-cyber-security-days-2025-ki-kunst-fbi-desinformation-und-kinderschutz\\\/#breadcrumb\",\"itemListElement\":[{\"@type\":\"ListItem\",\"position\":1,\"name\":\"Home\",\"item\":\"https:\\\/\\\/www.organisator.ch\\\/\"},{\"@type\":\"ListItem\",\"position\":2,\"name\":\"Swiss Cyber Security Days 2025: KI-Kunst, FBI, Desinformation und Kinderschutz\"}]},{\"@type\":\"WebSite\",\"@id\":\"https:\\\/\\\/www.organisator.ch\\\/#website\",\"url\":\"https:\\\/\\\/www.organisator.ch\\\/\",\"name\":\"Organisator\",\"description\":\"Kompetent. Praxisnah. Der ORGANISATOR bereitet in 10 Ausgaben pro Jahr die wesentlichen Themen f\u00fcr F\u00fchrungskr\u00e4fte von KMU auf.\",\"publisher\":{\"@id\":\"https:\\\/\\\/www.organisator.ch\\\/#organization\"},\"potentialAction\":[{\"@type\":\"SearchAction\",\"target\":{\"@type\":\"EntryPoint\",\"urlTemplate\":\"https:\\\/\\\/www.organisator.ch\\\/?s={search_term_string}\"},\"query-input\":{\"@type\":\"PropertyValueSpecification\",\"valueRequired\":true,\"valueName\":\"search_term_string\"}}],\"inLanguage\":\"en-US\"},{\"@type\":\"Organization\",\"@id\":\"https:\\\/\\\/www.organisator.ch\\\/#organization\",\"name\":\"Organisator\",\"url\":\"https:\\\/\\\/www.organisator.ch\\\/\",\"logo\":{\"@type\":\"ImageObject\",\"inLanguage\":\"en-US\",\"@id\":\"https:\\\/\\\/www.organisator.ch\\\/#\\\/schema\\\/logo\\\/image\\\/\",\"url\":\"https:\\\/\\\/www.organisator.ch\\\/wp-content\\\/uploads\\\/2022\\\/01\\\/Logo_Organisator_Website.png\",\"contentUrl\":\"https:\\\/\\\/www.organisator.ch\\\/wp-content\\\/uploads\\\/2022\\\/01\\\/Logo_Organisator_Website.png\",\"width\":800,\"height\":77,\"caption\":\"Organisator\"},\"image\":{\"@id\":\"https:\\\/\\\/www.organisator.ch\\\/#\\\/schema\\\/logo\\\/image\\\/\"},\"sameAs\":[\"https:\\\/\\\/www.facebook.com\\\/OrganisatorFachmagazin\",\"https:\\\/\\\/www.linkedin.com\\\/showcase\\\/organisator-das-magazin-fr-kmu\",\"https:\\\/\\\/www.xing.com\\\/news\\\/pages\\\/organisator-ch-695\",\"https:\\\/\\\/www.youtube.com\\\/channel\\\/UCGP2Sq0iWaZwT3BdIAQFYpw\"]},{\"@type\":\"Person\",\"@id\":\"https:\\\/\\\/www.organisator.ch\\\/#\\\/schema\\\/person\\\/afccda3a71c06d4be2ed9100dd163db7\",\"name\":\"Dzana Muminovic\",\"image\":{\"@type\":\"ImageObject\",\"inLanguage\":\"en-US\",\"@id\":\"https:\\\/\\\/secure.gravatar.com\\\/avatar\\\/909c5c71aff4b38e88686f2ab2f1ba152571f394f41ed8bae431ea56ced93050?s=96&d=mm&r=g\",\"url\":\"https:\\\/\\\/secure.gravatar.com\\\/avatar\\\/909c5c71aff4b38e88686f2ab2f1ba152571f394f41ed8bae431ea56ced93050?s=96&d=mm&r=g\",\"contentUrl\":\"https:\\\/\\\/secure.gravatar.com\\\/avatar\\\/909c5c71aff4b38e88686f2ab2f1ba152571f394f41ed8bae431ea56ced93050?s=96&d=mm&r=g\",\"caption\":\"Dzana Muminovic\"},\"url\":\"https:\\\/\\\/www.organisator.ch\\\/en\\\/author\\\/dzana-muminovic\\\/\"}]}<\/script>\n<!-- \/ Yoast SEO plugin. -->","yoast_head_json":{"title":"Swiss Cyber Security Days 2025: AI art, FBI, disinformation and child protection - Organizer","description":"The Swiss Cyber Security Days 2025 offer insights into AI, protection against disinformation, cyber threats and interactive technology.","robots":{"index":"index","follow":"follow","max-snippet":"max-snippet:-1","max-image-preview":"max-image-preview:large","max-video-preview":"max-video-preview:-1"},"canonical":"https:\/\/www.organisator.ch\/en\/operational-excellence\/2025-01-30\/swiss-cyber-security-days-2025-ki-kunst-fbi-desinformation-und-kinderschutz\/","og_locale":"en_US","og_type":"article","og_title":"Swiss Cyber Security Days 2025: KI-Kunst, FBI, Desinformation und Kinderschutz - Organisator","og_description":"Die Swiss Cyber Security Days 2025 bieten Einblicke in KI, Schutz vor Desinformation, Cyber-Bedrohungen und interaktiver Technologie.","og_url":"https:\/\/www.organisator.ch\/en\/operational-excellence\/2025-01-30\/swiss-cyber-security-days-2025-ki-kunst-fbi-desinformation-und-kinderschutz\/","og_site_name":"Organisator","article_publisher":"https:\/\/www.facebook.com\/OrganisatorFachmagazin","article_published_time":"2025-01-30T09:02:18+00:00","article_modified_time":"2025-01-30T09:38:07+00:00","author":"Dzana Muminovic","twitter_card":"summary_large_image","schema":{"@context":"https:\/\/schema.org","@graph":[{"@type":"Article","@id":"https:\/\/www.organisator.ch\/operational-excellence\/2025-01-30\/swiss-cyber-security-days-2025-ki-kunst-fbi-desinformation-und-kinderschutz\/#article","isPartOf":{"@id":"https:\/\/www.organisator.ch\/operational-excellence\/2025-01-30\/swiss-cyber-security-days-2025-ki-kunst-fbi-desinformation-und-kinderschutz\/"},"author":{"name":"Dzana Muminovic","@id":"https:\/\/www.organisator.ch\/#\/schema\/person\/afccda3a71c06d4be2ed9100dd163db7"},"headline":"Swiss Cyber Security Days 2025: KI-Kunst, FBI, Desinformation und Kinderschutz","datePublished":"2025-01-30T09:02:18+00:00","dateModified":"2025-01-30T09:38:07+00:00","mainEntityOfPage":{"@id":"https:\/\/www.organisator.ch\/operational-excellence\/2025-01-30\/swiss-cyber-security-days-2025-ki-kunst-fbi-desinformation-und-kinderschutz\/"},"wordCount":529,"publisher":{"@id":"https:\/\/www.organisator.ch\/#organization"},"image":{"@id":"https:\/\/www.organisator.ch\/operational-excellence\/2025-01-30\/swiss-cyber-security-days-2025-ki-kunst-fbi-desinformation-und-kinderschutz\/#primaryimage"},"thumbnailUrl":"https:\/\/www.m-q.ch\/wp-content\/uploads\/2025\/01\/SCSD_Bild1_ps.jpg","keywords":["Cyberbedrohunge","Desinformation","K\u00fcnstliche Intelligenz","Risikomanagement","Schweiz","Swiss Cyber Security Days"],"articleSection":["OPERATIONAL EXCELLENCE"],"inLanguage":"en-US"},{"@type":"WebPage","@id":"https:\/\/www.organisator.ch\/operational-excellence\/2025-01-30\/swiss-cyber-security-days-2025-ki-kunst-fbi-desinformation-und-kinderschutz\/","url":"https:\/\/www.organisator.ch\/operational-excellence\/2025-01-30\/swiss-cyber-security-days-2025-ki-kunst-fbi-desinformation-und-kinderschutz\/","name":"Swiss Cyber Security Days 2025: AI art, FBI, disinformation and child protection - Organizer","isPartOf":{"@id":"https:\/\/www.organisator.ch\/#website"},"primaryImageOfPage":{"@id":"https:\/\/www.organisator.ch\/operational-excellence\/2025-01-30\/swiss-cyber-security-days-2025-ki-kunst-fbi-desinformation-und-kinderschutz\/#primaryimage"},"image":{"@id":"https:\/\/www.organisator.ch\/operational-excellence\/2025-01-30\/swiss-cyber-security-days-2025-ki-kunst-fbi-desinformation-und-kinderschutz\/#primaryimage"},"thumbnailUrl":"https:\/\/www.m-q.ch\/wp-content\/uploads\/2025\/01\/SCSD_Bild1_ps.jpg","datePublished":"2025-01-30T09:02:18+00:00","dateModified":"2025-01-30T09:38:07+00:00","description":"The Swiss Cyber Security Days 2025 offer insights into AI, protection against disinformation, cyber threats and interactive technology.","breadcrumb":{"@id":"https:\/\/www.organisator.ch\/operational-excellence\/2025-01-30\/swiss-cyber-security-days-2025-ki-kunst-fbi-desinformation-und-kinderschutz\/#breadcrumb"},"inLanguage":"en-US","potentialAction":[{"@type":"ReadAction","target":["https:\/\/www.organisator.ch\/operational-excellence\/2025-01-30\/swiss-cyber-security-days-2025-ki-kunst-fbi-desinformation-und-kinderschutz\/"]}]},{"@type":"ImageObject","inLanguage":"en-US","@id":"https:\/\/www.organisator.ch\/operational-excellence\/2025-01-30\/swiss-cyber-security-days-2025-ki-kunst-fbi-desinformation-und-kinderschutz\/#primaryimage","url":"https:\/\/www.m-q.ch\/wp-content\/uploads\/2025\/01\/SCSD_Bild1_ps.jpg","contentUrl":"https:\/\/www.m-q.ch\/wp-content\/uploads\/2025\/01\/SCSD_Bild1_ps.jpg"},{"@type":"BreadcrumbList","@id":"https:\/\/www.organisator.ch\/operational-excellence\/2025-01-30\/swiss-cyber-security-days-2025-ki-kunst-fbi-desinformation-und-kinderschutz\/#breadcrumb","itemListElement":[{"@type":"ListItem","position":1,"name":"Home","item":"https:\/\/www.organisator.ch\/"},{"@type":"ListItem","position":2,"name":"Swiss Cyber Security Days 2025: KI-Kunst, FBI, Desinformation und Kinderschutz"}]},{"@type":"WebSite","@id":"https:\/\/www.organisator.ch\/#website","url":"https:\/\/www.organisator.ch\/","name":"Organizer","description":"Competent. Practical. In 10 issues per year, ORGANISATOR presents the essential topics for managers of SMEs.","publisher":{"@id":"https:\/\/www.organisator.ch\/#organization"},"potentialAction":[{"@type":"SearchAction","target":{"@type":"EntryPoint","urlTemplate":"https:\/\/www.organisator.ch\/?s={search_term_string}"},"query-input":{"@type":"PropertyValueSpecification","valueRequired":true,"valueName":"search_term_string"}}],"inLanguage":"en-US"},{"@type":"Organization","@id":"https:\/\/www.organisator.ch\/#organization","name":"Organizer","url":"https:\/\/www.organisator.ch\/","logo":{"@type":"ImageObject","inLanguage":"en-US","@id":"https:\/\/www.organisator.ch\/#\/schema\/logo\/image\/","url":"https:\/\/www.organisator.ch\/wp-content\/uploads\/2022\/01\/Logo_Organisator_Website.png","contentUrl":"https:\/\/www.organisator.ch\/wp-content\/uploads\/2022\/01\/Logo_Organisator_Website.png","width":800,"height":77,"caption":"Organisator"},"image":{"@id":"https:\/\/www.organisator.ch\/#\/schema\/logo\/image\/"},"sameAs":["https:\/\/www.facebook.com\/OrganisatorFachmagazin","https:\/\/www.linkedin.com\/showcase\/organisator-das-magazin-fr-kmu","https:\/\/www.xing.com\/news\/pages\/organisator-ch-695","https:\/\/www.youtube.com\/channel\/UCGP2Sq0iWaZwT3BdIAQFYpw"]},{"@type":"Person","@id":"https:\/\/www.organisator.ch\/#\/schema\/person\/afccda3a71c06d4be2ed9100dd163db7","name":"Dzana Muminovic","image":{"@type":"ImageObject","inLanguage":"en-US","@id":"https:\/\/secure.gravatar.com\/avatar\/909c5c71aff4b38e88686f2ab2f1ba152571f394f41ed8bae431ea56ced93050?s=96&d=mm&r=g","url":"https:\/\/secure.gravatar.com\/avatar\/909c5c71aff4b38e88686f2ab2f1ba152571f394f41ed8bae431ea56ced93050?s=96&d=mm&r=g","contentUrl":"https:\/\/secure.gravatar.com\/avatar\/909c5c71aff4b38e88686f2ab2f1ba152571f394f41ed8bae431ea56ced93050?s=96&d=mm&r=g","caption":"Dzana Muminovic"},"url":"https:\/\/www.organisator.ch\/en\/author\/dzana-muminovic\/"}]}},"_links":{"self":[{"href":"https:\/\/www.organisator.ch\/en\/wp-json\/wp\/v2\/posts\/35649","targetHints":{"allow":["GET"]}}],"collection":[{"href":"https:\/\/www.organisator.ch\/en\/wp-json\/wp\/v2\/posts"}],"about":[{"href":"https:\/\/www.organisator.ch\/en\/wp-json\/wp\/v2\/types\/post"}],"author":[{"embeddable":true,"href":"https:\/\/www.organisator.ch\/en\/wp-json\/wp\/v2\/users\/80"}],"replies":[{"embeddable":true,"href":"https:\/\/www.organisator.ch\/en\/wp-json\/wp\/v2\/comments?post=35649"}],"version-history":[{"count":6,"href":"https:\/\/www.organisator.ch\/en\/wp-json\/wp\/v2\/posts\/35649\/revisions"}],"predecessor-version":[{"id":35657,"href":"https:\/\/www.organisator.ch\/en\/wp-json\/wp\/v2\/posts\/35649\/revisions\/35657"}],"wp:attachment":[{"href":"https:\/\/www.organisator.ch\/en\/wp-json\/wp\/v2\/media?parent=35649"}],"wp:term":[{"taxonomy":"category","embeddable":true,"href":"https:\/\/www.organisator.ch\/en\/wp-json\/wp\/v2\/categories?post=35649"},{"taxonomy":"post_tag","embeddable":true,"href":"https:\/\/www.organisator.ch\/en\/wp-json\/wp\/v2\/tags?post=35649"}],"curies":[{"name":"wp","href":"https:\/\/api.w.org\/{rel}","templated":true}]}}