{"id":35653,"date":"2025-01-30T13:00:05","date_gmt":"2025-01-30T12:00:05","guid":{"rendered":"https:\/\/www.organisator.ch\/?p=35653"},"modified":"2025-01-30T11:32:17","modified_gmt":"2025-01-30T10:32:17","slug":"schweizer-kmu-exporte-2025-vorsichtiger-optimismus-trotz-globaler-unsicherheiten","status":"publish","type":"post","link":"https:\/\/www.organisator.ch\/en\/management\/2025-01-30\/schweizer-kmu-exporte-2025-vorsichtiger-optimismus-trotz-globaler-unsicherheiten\/","title":{"rendered":"Swiss SME exports 2025: Cautious optimism despite global uncertainties"},"content":{"rendered":"<figure id=\"attachment_35654\" aria-describedby=\"caption-attachment-35654\" style=\"width: 680px\" class=\"wp-caption alignnone\"><img loading=\"lazy\" decoding=\"async\" class=\"size-full wp-image-35654\" src=\"https:\/\/www.organisator.ch\/wp-content\/uploads\/2025\/01\/KMU-Exporte_Bild1_ps.jpg\" alt=\"\" width=\"680\" height=\"310\" srcset=\"https:\/\/www.organisator.ch\/wp-content\/uploads\/2025\/01\/KMU-Exporte_Bild1_ps.jpg 680w, https:\/\/www.organisator.ch\/wp-content\/uploads\/2025\/01\/KMU-Exporte_Bild1_ps-18x8.jpg 18w, https:\/\/www.organisator.ch\/wp-content\/uploads\/2025\/01\/KMU-Exporte_Bild1_ps-375x171.jpg 375w\" sizes=\"auto, (max-width: 680px) 100vw, 680px\" \/><figcaption id=\"caption-attachment-35654\" class=\"wp-caption-text\">Swiss SME exports in 2025: Cautious optimism despite global uncertainties (Photo Christian Flierl)<\/figcaption><\/figure>\n<p>Swiss SMEs are cautiously optimistic about the future. Although export sentiment, which is determined by Switzerland Global Enterprise in a semi-annual survey of export-oriented Swiss SMEs, fell slightly from 62.8 to 57.1 points in the last six months, it is still well above the growth threshold of 50 points. After a phase of high confidence, which followed the brief but severe pandemic-related slump, the sentiment value has been hovering around the 60-point mark for two and a half years.<\/p>\n<h3><strong>Expected increase in exports over the course of the year<\/strong><\/h3>\n<p>For the next six months, almost every second company surveyed (48%) expects export growth, every third (33%) expects stagnation and 19% expects a decline. For 2025 as a whole, SMEs are slightly more optimistic about their growth prospects: 59% expect growth and only 11% expect a decline. One in six companies anticipates growth of over 10%.<\/p>\n<h3><strong>Currency risks by far the biggest concern <\/strong><\/h3>\n<p>Currency risks, which currently concern 56% of companies, are likely to be among the main factors hampering growth in the next six months. In second place is the relationship with the EU, which is receiving more attention again with the conclusion of the bilateral treaty negotiations (40%).<\/p>\n<p>Trade barriers and protectionism (36%), tensions between the US and China (34%) and the conflict between Russia and Ukraine (33%) are also the biggest concerns. This shows that the global uncertainty about the consequences of the change of president in the USA is also affecting Switzerland. It is encouraging that more than half of the companies consider themselves flexible enough to be able to react to any political and economic changes.<\/p>\n<p>In contrast, energy and commodity prices, the shortage of skilled workers and inflation are becoming significantly less important.<\/p>\n<h3><strong>Europe is becoming even more important for Switzerland <\/strong><\/h3>\n<p>Germany remains the most important export destination, to which 81% of SMEs intend to deliver goods in the next six months. It is followed by the other neighboring countries France, Italy and Austria as well as the USA, each with between 55% and 60%. At the same time, some European sales markets are making significant gains in the other ranks, further increasing Europe's dominance. The USA and China are the only non-European markets in the top 12, while India, Japan and the ASEAN countries are among the fastest-growing non-European markets.<\/p>\n<h3><strong>India is on trend<\/strong><\/h3>\n<p>In view of these global uncertainties, a whopping 41% of the companies surveyed do not want to become active in new countries in the coming months. Companies that nevertheless want to expand are increasingly focusing on India: The subcontinent is now the world's most important new market for Switzerland, which is likely due in large part to the negotiated free trade agreement. India is followed by the USA and the Gulf States.<\/p>\n<p><em><a href=\"https:\/\/www.s-ge.com\/de\/article\/medienmitteilungen\/exportstimmung\">More information<\/a><\/em><\/p>","protected":false},"excerpt":{"rendered":"<p>Export sentiment among Swiss SMEs remains above the growth threshold and is therefore still \"cautiously optimistic\". The main concerns at the moment are the currency risks, the relationship with the EU that needs to be clarified and the uncertain effects of the change of president in the USA. In this phase, Europe, which is already crucial to the success of the export industry, is becoming even more important, while the development of new markets is playing a more subordinate role.<\/p>","protected":false},"author":80,"featured_media":35654,"comment_status":"closed","ping_status":"closed","sticky":false,"template":"","format":"standard","meta":{"_acf_changed":false,"_yoast_wpseo_focuskw":"Exportstimmung Schweizer KMU 2025","_yoast_wpseo_metadesc":"Schweizer KMU blicken trotz globaler Unsicherheiten vorsichtig optimistisch in die Zukunft. Europa bleibt dabei der Schl\u00fcsselmarkt.","articlekey":"","footnotes":""},"categories":[28],"tags":[1138,189,301,424,5051,2643],"class_list":["post-35653","post","type-post","status-publish","format-standard","has-post-thumbnail","hentry","category-management","tag-europa","tag-export","tag-kmu","tag-schweiz","tag-unsicherheit","tag-wachstum"],"acf":[],"yoast_head":"<!-- This site is optimized with the Yoast SEO plugin v27.4 - https:\/\/yoast.com\/product\/yoast-seo-wordpress\/ -->\n<title>Schweizer KMU-Exporte 2025: Vorsichtiger Optimismus trotz globaler Unsicherheiten - Organisator<\/title>\n<meta name=\"description\" content=\"Schweizer KMU blicken trotz globaler Unsicherheiten vorsichtig optimistisch in die Zukunft. Europa bleibt dabei der Schl\u00fcsselmarkt.\" \/>\n<meta name=\"robots\" content=\"index, follow, max-snippet:-1, max-image-preview:large, max-video-preview:-1\" \/>\n<link rel=\"canonical\" href=\"https:\/\/www.organisator.ch\/en\/management\/2025-01-30\/schweizer-kmu-exporte-2025-vorsichtiger-optimismus-trotz-globaler-unsicherheiten\/\" \/>\n<meta property=\"og:locale\" content=\"en_US\" \/>\n<meta property=\"og:type\" content=\"article\" \/>\n<meta property=\"og:title\" content=\"Schweizer KMU-Exporte 2025\" \/>\n<meta property=\"og:description\" content=\"Schweizer KMU blicken trotz globaler Unsicherheiten vorsichtig optimistisch in die Zukunft. Europa bleibt dabei der Schl\u00fcsselmarkt.\" \/>\n<meta property=\"og:url\" content=\"https:\/\/www.organisator.ch\/en\/management\/2025-01-30\/schweizer-kmu-exporte-2025-vorsichtiger-optimismus-trotz-globaler-unsicherheiten\/\" \/>\n<meta property=\"og:site_name\" content=\"Organisator\" \/>\n<meta property=\"article:publisher\" content=\"https:\/\/www.facebook.com\/OrganisatorFachmagazin\" \/>\n<meta property=\"article:published_time\" content=\"2025-01-30T12:00:05+00:00\" \/>\n<meta property=\"og:image\" content=\"https:\/\/www.organisator.ch\/wp-content\/uploads\/2025\/01\/KMU-Exporte_Bild1_ps.jpg\" \/>\n\t<meta property=\"og:image:width\" content=\"680\" \/>\n\t<meta property=\"og:image:height\" content=\"310\" \/>\n\t<meta property=\"og:image:type\" content=\"image\/jpeg\" \/>\n<meta name=\"author\" content=\"Dzana Muminovic\" \/>\n<meta name=\"twitter:card\" content=\"summary_large_image\" \/>\n<meta name=\"twitter:title\" content=\"Schweizer KMU-Exporte 2025\" \/>\n<meta name=\"twitter:description\" content=\"#Schweizer #KMU blicken trotz globaler #Unsicherheiten vorsichtig optimistisch in die #Zukunft. #Europa bleibt dabei der #Schl\u00fcsselmarkt.\" \/>\n<meta name=\"twitter:image\" content=\"https:\/\/www.organisator.ch\/wp-content\/uploads\/2025\/01\/KMU-Exporte_Bild1_ps.jpg\" \/>\n<script type=\"application\/ld+json\" class=\"yoast-schema-graph\">{\"@context\":\"https:\\\/\\\/schema.org\",\"@graph\":[{\"@type\":\"Article\",\"@id\":\"https:\\\/\\\/www.organisator.ch\\\/management\\\/2025-01-30\\\/schweizer-kmu-exporte-2025-vorsichtiger-optimismus-trotz-globaler-unsicherheiten\\\/#article\",\"isPartOf\":{\"@id\":\"https:\\\/\\\/www.organisator.ch\\\/management\\\/2025-01-30\\\/schweizer-kmu-exporte-2025-vorsichtiger-optimismus-trotz-globaler-unsicherheiten\\\/\"},\"author\":{\"name\":\"Dzana Muminovic\",\"@id\":\"https:\\\/\\\/www.organisator.ch\\\/#\\\/schema\\\/person\\\/afccda3a71c06d4be2ed9100dd163db7\"},\"headline\":\"Schweizer KMU-Exporte 2025: Vorsichtiger Optimismus trotz globaler Unsicherheiten\",\"datePublished\":\"2025-01-30T12:00:05+00:00\",\"mainEntityOfPage\":{\"@id\":\"https:\\\/\\\/www.organisator.ch\\\/management\\\/2025-01-30\\\/schweizer-kmu-exporte-2025-vorsichtiger-optimismus-trotz-globaler-unsicherheiten\\\/\"},\"wordCount\":473,\"publisher\":{\"@id\":\"https:\\\/\\\/www.organisator.ch\\\/#organization\"},\"image\":{\"@id\":\"https:\\\/\\\/www.organisator.ch\\\/management\\\/2025-01-30\\\/schweizer-kmu-exporte-2025-vorsichtiger-optimismus-trotz-globaler-unsicherheiten\\\/#primaryimage\"},\"thumbnailUrl\":\"https:\\\/\\\/www.organisator.ch\\\/wp-content\\\/uploads\\\/2025\\\/01\\\/KMU-Exporte_Bild1_ps.jpg\",\"keywords\":[\"Europa\",\"Export\",\"KMU\",\"Schweiz\",\"Unsicherheit\",\"Wachstum\"],\"articleSection\":[\"MANAGEMENT\"],\"inLanguage\":\"en-US\"},{\"@type\":\"WebPage\",\"@id\":\"https:\\\/\\\/www.organisator.ch\\\/management\\\/2025-01-30\\\/schweizer-kmu-exporte-2025-vorsichtiger-optimismus-trotz-globaler-unsicherheiten\\\/\",\"url\":\"https:\\\/\\\/www.organisator.ch\\\/management\\\/2025-01-30\\\/schweizer-kmu-exporte-2025-vorsichtiger-optimismus-trotz-globaler-unsicherheiten\\\/\",\"name\":\"Schweizer KMU-Exporte 2025: Vorsichtiger Optimismus trotz globaler Unsicherheiten - Organisator\",\"isPartOf\":{\"@id\":\"https:\\\/\\\/www.organisator.ch\\\/#website\"},\"primaryImageOfPage\":{\"@id\":\"https:\\\/\\\/www.organisator.ch\\\/management\\\/2025-01-30\\\/schweizer-kmu-exporte-2025-vorsichtiger-optimismus-trotz-globaler-unsicherheiten\\\/#primaryimage\"},\"image\":{\"@id\":\"https:\\\/\\\/www.organisator.ch\\\/management\\\/2025-01-30\\\/schweizer-kmu-exporte-2025-vorsichtiger-optimismus-trotz-globaler-unsicherheiten\\\/#primaryimage\"},\"thumbnailUrl\":\"https:\\\/\\\/www.organisator.ch\\\/wp-content\\\/uploads\\\/2025\\\/01\\\/KMU-Exporte_Bild1_ps.jpg\",\"datePublished\":\"2025-01-30T12:00:05+00:00\",\"description\":\"Schweizer KMU blicken trotz globaler Unsicherheiten vorsichtig optimistisch in die Zukunft. Europa bleibt dabei der Schl\u00fcsselmarkt.\",\"breadcrumb\":{\"@id\":\"https:\\\/\\\/www.organisator.ch\\\/management\\\/2025-01-30\\\/schweizer-kmu-exporte-2025-vorsichtiger-optimismus-trotz-globaler-unsicherheiten\\\/#breadcrumb\"},\"inLanguage\":\"en-US\",\"potentialAction\":[{\"@type\":\"ReadAction\",\"target\":[\"https:\\\/\\\/www.organisator.ch\\\/management\\\/2025-01-30\\\/schweizer-kmu-exporte-2025-vorsichtiger-optimismus-trotz-globaler-unsicherheiten\\\/\"]}]},{\"@type\":\"ImageObject\",\"inLanguage\":\"en-US\",\"@id\":\"https:\\\/\\\/www.organisator.ch\\\/management\\\/2025-01-30\\\/schweizer-kmu-exporte-2025-vorsichtiger-optimismus-trotz-globaler-unsicherheiten\\\/#primaryimage\",\"url\":\"https:\\\/\\\/www.organisator.ch\\\/wp-content\\\/uploads\\\/2025\\\/01\\\/KMU-Exporte_Bild1_ps.jpg\",\"contentUrl\":\"https:\\\/\\\/www.organisator.ch\\\/wp-content\\\/uploads\\\/2025\\\/01\\\/KMU-Exporte_Bild1_ps.jpg\",\"width\":680,\"height\":310,\"caption\":\"Schweizer KMU-Exporte 2025: Vorsichtiger Optimismus trotz globaler Unsicherheiten (Foto Christian Flierl)\"},{\"@type\":\"BreadcrumbList\",\"@id\":\"https:\\\/\\\/www.organisator.ch\\\/management\\\/2025-01-30\\\/schweizer-kmu-exporte-2025-vorsichtiger-optimismus-trotz-globaler-unsicherheiten\\\/#breadcrumb\",\"itemListElement\":[{\"@type\":\"ListItem\",\"position\":1,\"name\":\"Home\",\"item\":\"https:\\\/\\\/www.organisator.ch\\\/\"},{\"@type\":\"ListItem\",\"position\":2,\"name\":\"Schweizer KMU-Exporte 2025: Vorsichtiger Optimismus trotz globaler Unsicherheiten\"}]},{\"@type\":\"WebSite\",\"@id\":\"https:\\\/\\\/www.organisator.ch\\\/#website\",\"url\":\"https:\\\/\\\/www.organisator.ch\\\/\",\"name\":\"Organisator\",\"description\":\"Kompetent. Praxisnah. Der ORGANISATOR bereitet in 10 Ausgaben pro Jahr die wesentlichen Themen f\u00fcr F\u00fchrungskr\u00e4fte von KMU auf.\",\"publisher\":{\"@id\":\"https:\\\/\\\/www.organisator.ch\\\/#organization\"},\"potentialAction\":[{\"@type\":\"SearchAction\",\"target\":{\"@type\":\"EntryPoint\",\"urlTemplate\":\"https:\\\/\\\/www.organisator.ch\\\/?s={search_term_string}\"},\"query-input\":{\"@type\":\"PropertyValueSpecification\",\"valueRequired\":true,\"valueName\":\"search_term_string\"}}],\"inLanguage\":\"en-US\"},{\"@type\":\"Organization\",\"@id\":\"https:\\\/\\\/www.organisator.ch\\\/#organization\",\"name\":\"Organisator\",\"url\":\"https:\\\/\\\/www.organisator.ch\\\/\",\"logo\":{\"@type\":\"ImageObject\",\"inLanguage\":\"en-US\",\"@id\":\"https:\\\/\\\/www.organisator.ch\\\/#\\\/schema\\\/logo\\\/image\\\/\",\"url\":\"https:\\\/\\\/www.organisator.ch\\\/wp-content\\\/uploads\\\/2022\\\/01\\\/Logo_Organisator_Website.png\",\"contentUrl\":\"https:\\\/\\\/www.organisator.ch\\\/wp-content\\\/uploads\\\/2022\\\/01\\\/Logo_Organisator_Website.png\",\"width\":800,\"height\":77,\"caption\":\"Organisator\"},\"image\":{\"@id\":\"https:\\\/\\\/www.organisator.ch\\\/#\\\/schema\\\/logo\\\/image\\\/\"},\"sameAs\":[\"https:\\\/\\\/www.facebook.com\\\/OrganisatorFachmagazin\",\"https:\\\/\\\/www.linkedin.com\\\/showcase\\\/organisator-das-magazin-fr-kmu\",\"https:\\\/\\\/www.xing.com\\\/news\\\/pages\\\/organisator-ch-695\",\"https:\\\/\\\/www.youtube.com\\\/channel\\\/UCGP2Sq0iWaZwT3BdIAQFYpw\"]},{\"@type\":\"Person\",\"@id\":\"https:\\\/\\\/www.organisator.ch\\\/#\\\/schema\\\/person\\\/afccda3a71c06d4be2ed9100dd163db7\",\"name\":\"Dzana Muminovic\",\"image\":{\"@type\":\"ImageObject\",\"inLanguage\":\"en-US\",\"@id\":\"https:\\\/\\\/secure.gravatar.com\\\/avatar\\\/909c5c71aff4b38e88686f2ab2f1ba152571f394f41ed8bae431ea56ced93050?s=96&d=mm&r=g\",\"url\":\"https:\\\/\\\/secure.gravatar.com\\\/avatar\\\/909c5c71aff4b38e88686f2ab2f1ba152571f394f41ed8bae431ea56ced93050?s=96&d=mm&r=g\",\"contentUrl\":\"https:\\\/\\\/secure.gravatar.com\\\/avatar\\\/909c5c71aff4b38e88686f2ab2f1ba152571f394f41ed8bae431ea56ced93050?s=96&d=mm&r=g\",\"caption\":\"Dzana Muminovic\"},\"url\":\"https:\\\/\\\/www.organisator.ch\\\/en\\\/author\\\/dzana-muminovic\\\/\"}]}<\/script>\n<!-- \/ Yoast SEO plugin. -->","yoast_head_json":{"title":"Swiss SME exports 2025: Cautious optimism despite global uncertainties - Organizer","description":"Swiss SMEs are cautiously optimistic about the future despite global uncertainties. Europe remains the key market.","robots":{"index":"index","follow":"follow","max-snippet":"max-snippet:-1","max-image-preview":"max-image-preview:large","max-video-preview":"max-video-preview:-1"},"canonical":"https:\/\/www.organisator.ch\/en\/management\/2025-01-30\/schweizer-kmu-exporte-2025-vorsichtiger-optimismus-trotz-globaler-unsicherheiten\/","og_locale":"en_US","og_type":"article","og_title":"Schweizer KMU-Exporte 2025","og_description":"Schweizer KMU blicken trotz globaler Unsicherheiten vorsichtig optimistisch in die Zukunft. Europa bleibt dabei der Schl\u00fcsselmarkt.","og_url":"https:\/\/www.organisator.ch\/en\/management\/2025-01-30\/schweizer-kmu-exporte-2025-vorsichtiger-optimismus-trotz-globaler-unsicherheiten\/","og_site_name":"Organisator","article_publisher":"https:\/\/www.facebook.com\/OrganisatorFachmagazin","article_published_time":"2025-01-30T12:00:05+00:00","og_image":[{"width":680,"height":310,"url":"https:\/\/www.organisator.ch\/wp-content\/uploads\/2025\/01\/KMU-Exporte_Bild1_ps.jpg","type":"image\/jpeg"}],"author":"Dzana Muminovic","twitter_card":"summary_large_image","twitter_title":"Schweizer KMU-Exporte 2025","twitter_description":"#Schweizer #KMU blicken trotz globaler #Unsicherheiten vorsichtig optimistisch in die #Zukunft. #Europa bleibt dabei der #Schl\u00fcsselmarkt.","twitter_image":"https:\/\/www.organisator.ch\/wp-content\/uploads\/2025\/01\/KMU-Exporte_Bild1_ps.jpg","schema":{"@context":"https:\/\/schema.org","@graph":[{"@type":"Article","@id":"https:\/\/www.organisator.ch\/management\/2025-01-30\/schweizer-kmu-exporte-2025-vorsichtiger-optimismus-trotz-globaler-unsicherheiten\/#article","isPartOf":{"@id":"https:\/\/www.organisator.ch\/management\/2025-01-30\/schweizer-kmu-exporte-2025-vorsichtiger-optimismus-trotz-globaler-unsicherheiten\/"},"author":{"name":"Dzana Muminovic","@id":"https:\/\/www.organisator.ch\/#\/schema\/person\/afccda3a71c06d4be2ed9100dd163db7"},"headline":"Schweizer KMU-Exporte 2025: Vorsichtiger Optimismus trotz globaler Unsicherheiten","datePublished":"2025-01-30T12:00:05+00:00","mainEntityOfPage":{"@id":"https:\/\/www.organisator.ch\/management\/2025-01-30\/schweizer-kmu-exporte-2025-vorsichtiger-optimismus-trotz-globaler-unsicherheiten\/"},"wordCount":473,"publisher":{"@id":"https:\/\/www.organisator.ch\/#organization"},"image":{"@id":"https:\/\/www.organisator.ch\/management\/2025-01-30\/schweizer-kmu-exporte-2025-vorsichtiger-optimismus-trotz-globaler-unsicherheiten\/#primaryimage"},"thumbnailUrl":"https:\/\/www.organisator.ch\/wp-content\/uploads\/2025\/01\/KMU-Exporte_Bild1_ps.jpg","keywords":["Europa","Export","KMU","Schweiz","Unsicherheit","Wachstum"],"articleSection":["MANAGEMENT"],"inLanguage":"en-US"},{"@type":"WebPage","@id":"https:\/\/www.organisator.ch\/management\/2025-01-30\/schweizer-kmu-exporte-2025-vorsichtiger-optimismus-trotz-globaler-unsicherheiten\/","url":"https:\/\/www.organisator.ch\/management\/2025-01-30\/schweizer-kmu-exporte-2025-vorsichtiger-optimismus-trotz-globaler-unsicherheiten\/","name":"Swiss SME exports 2025: Cautious optimism despite global uncertainties - Organizer","isPartOf":{"@id":"https:\/\/www.organisator.ch\/#website"},"primaryImageOfPage":{"@id":"https:\/\/www.organisator.ch\/management\/2025-01-30\/schweizer-kmu-exporte-2025-vorsichtiger-optimismus-trotz-globaler-unsicherheiten\/#primaryimage"},"image":{"@id":"https:\/\/www.organisator.ch\/management\/2025-01-30\/schweizer-kmu-exporte-2025-vorsichtiger-optimismus-trotz-globaler-unsicherheiten\/#primaryimage"},"thumbnailUrl":"https:\/\/www.organisator.ch\/wp-content\/uploads\/2025\/01\/KMU-Exporte_Bild1_ps.jpg","datePublished":"2025-01-30T12:00:05+00:00","description":"Swiss SMEs are cautiously optimistic about the future despite global uncertainties. Europe remains the key market.","breadcrumb":{"@id":"https:\/\/www.organisator.ch\/management\/2025-01-30\/schweizer-kmu-exporte-2025-vorsichtiger-optimismus-trotz-globaler-unsicherheiten\/#breadcrumb"},"inLanguage":"en-US","potentialAction":[{"@type":"ReadAction","target":["https:\/\/www.organisator.ch\/management\/2025-01-30\/schweizer-kmu-exporte-2025-vorsichtiger-optimismus-trotz-globaler-unsicherheiten\/"]}]},{"@type":"ImageObject","inLanguage":"en-US","@id":"https:\/\/www.organisator.ch\/management\/2025-01-30\/schweizer-kmu-exporte-2025-vorsichtiger-optimismus-trotz-globaler-unsicherheiten\/#primaryimage","url":"https:\/\/www.organisator.ch\/wp-content\/uploads\/2025\/01\/KMU-Exporte_Bild1_ps.jpg","contentUrl":"https:\/\/www.organisator.ch\/wp-content\/uploads\/2025\/01\/KMU-Exporte_Bild1_ps.jpg","width":680,"height":310,"caption":"Schweizer KMU-Exporte 2025: Vorsichtiger Optimismus trotz globaler Unsicherheiten (Foto Christian Flierl)"},{"@type":"BreadcrumbList","@id":"https:\/\/www.organisator.ch\/management\/2025-01-30\/schweizer-kmu-exporte-2025-vorsichtiger-optimismus-trotz-globaler-unsicherheiten\/#breadcrumb","itemListElement":[{"@type":"ListItem","position":1,"name":"Home","item":"https:\/\/www.organisator.ch\/"},{"@type":"ListItem","position":2,"name":"Schweizer KMU-Exporte 2025: Vorsichtiger Optimismus trotz globaler Unsicherheiten"}]},{"@type":"WebSite","@id":"https:\/\/www.organisator.ch\/#website","url":"https:\/\/www.organisator.ch\/","name":"Organizer","description":"Competent. Practical. In 10 issues per year, ORGANISATOR presents the essential topics for managers of SMEs.","publisher":{"@id":"https:\/\/www.organisator.ch\/#organization"},"potentialAction":[{"@type":"SearchAction","target":{"@type":"EntryPoint","urlTemplate":"https:\/\/www.organisator.ch\/?s={search_term_string}"},"query-input":{"@type":"PropertyValueSpecification","valueRequired":true,"valueName":"search_term_string"}}],"inLanguage":"en-US"},{"@type":"Organization","@id":"https:\/\/www.organisator.ch\/#organization","name":"Organizer","url":"https:\/\/www.organisator.ch\/","logo":{"@type":"ImageObject","inLanguage":"en-US","@id":"https:\/\/www.organisator.ch\/#\/schema\/logo\/image\/","url":"https:\/\/www.organisator.ch\/wp-content\/uploads\/2022\/01\/Logo_Organisator_Website.png","contentUrl":"https:\/\/www.organisator.ch\/wp-content\/uploads\/2022\/01\/Logo_Organisator_Website.png","width":800,"height":77,"caption":"Organisator"},"image":{"@id":"https:\/\/www.organisator.ch\/#\/schema\/logo\/image\/"},"sameAs":["https:\/\/www.facebook.com\/OrganisatorFachmagazin","https:\/\/www.linkedin.com\/showcase\/organisator-das-magazin-fr-kmu","https:\/\/www.xing.com\/news\/pages\/organisator-ch-695","https:\/\/www.youtube.com\/channel\/UCGP2Sq0iWaZwT3BdIAQFYpw"]},{"@type":"Person","@id":"https:\/\/www.organisator.ch\/#\/schema\/person\/afccda3a71c06d4be2ed9100dd163db7","name":"Dzana Muminovic","image":{"@type":"ImageObject","inLanguage":"en-US","@id":"https:\/\/secure.gravatar.com\/avatar\/909c5c71aff4b38e88686f2ab2f1ba152571f394f41ed8bae431ea56ced93050?s=96&d=mm&r=g","url":"https:\/\/secure.gravatar.com\/avatar\/909c5c71aff4b38e88686f2ab2f1ba152571f394f41ed8bae431ea56ced93050?s=96&d=mm&r=g","contentUrl":"https:\/\/secure.gravatar.com\/avatar\/909c5c71aff4b38e88686f2ab2f1ba152571f394f41ed8bae431ea56ced93050?s=96&d=mm&r=g","caption":"Dzana Muminovic"},"url":"https:\/\/www.organisator.ch\/en\/author\/dzana-muminovic\/"}]}},"_links":{"self":[{"href":"https:\/\/www.organisator.ch\/en\/wp-json\/wp\/v2\/posts\/35653","targetHints":{"allow":["GET"]}}],"collection":[{"href":"https:\/\/www.organisator.ch\/en\/wp-json\/wp\/v2\/posts"}],"about":[{"href":"https:\/\/www.organisator.ch\/en\/wp-json\/wp\/v2\/types\/post"}],"author":[{"embeddable":true,"href":"https:\/\/www.organisator.ch\/en\/wp-json\/wp\/v2\/users\/80"}],"replies":[{"embeddable":true,"href":"https:\/\/www.organisator.ch\/en\/wp-json\/wp\/v2\/comments?post=35653"}],"version-history":[{"count":4,"href":"https:\/\/www.organisator.ch\/en\/wp-json\/wp\/v2\/posts\/35653\/revisions"}],"predecessor-version":[{"id":35703,"href":"https:\/\/www.organisator.ch\/en\/wp-json\/wp\/v2\/posts\/35653\/revisions\/35703"}],"wp:featuredmedia":[{"embeddable":true,"href":"https:\/\/www.organisator.ch\/en\/wp-json\/wp\/v2\/media\/35654"}],"wp:attachment":[{"href":"https:\/\/www.organisator.ch\/en\/wp-json\/wp\/v2\/media?parent=35653"}],"wp:term":[{"taxonomy":"category","embeddable":true,"href":"https:\/\/www.organisator.ch\/en\/wp-json\/wp\/v2\/categories?post=35653"},{"taxonomy":"post_tag","embeddable":true,"href":"https:\/\/www.organisator.ch\/en\/wp-json\/wp\/v2\/tags?post=35653"}],"curies":[{"name":"wp","href":"https:\/\/api.w.org\/{rel}","templated":true}]}}