{"id":35663,"date":"2025-01-30T14:42:22","date_gmt":"2025-01-30T13:42:22","guid":{"rendered":"https:\/\/www.organisator.ch\/?p=35663"},"modified":"2025-01-30T14:42:22","modified_gmt":"2025-01-30T13:42:22","slug":"neue-fuehrungsspitze-bei-crayon-schweiz-ag","status":"publish","type":"post","link":"https:\/\/www.organisator.ch\/en\/management\/2025-01-30\/neue-fuehrungsspitze-bei-crayon-schweiz-ag\/","title":{"rendered":"New top management at Crayon Schweiz AG"},"content":{"rendered":"<figure id=\"attachment_35664\" aria-describedby=\"caption-attachment-35664\" style=\"width: 680px\" class=\"wp-caption alignnone\"><img loading=\"lazy\" decoding=\"async\" class=\"size-full wp-image-35664\" src=\"https:\/\/www.organisator.ch\/wp-content\/uploads\/2025\/01\/Crayon_Bild1_ps.jpg\" alt=\"\" width=\"680\" height=\"510\" srcset=\"https:\/\/www.organisator.ch\/wp-content\/uploads\/2025\/01\/Crayon_Bild1_ps.jpg 680w, https:\/\/www.organisator.ch\/wp-content\/uploads\/2025\/01\/Crayon_Bild1_ps-16x12.jpg 16w, https:\/\/www.organisator.ch\/wp-content\/uploads\/2025\/01\/Crayon_Bild1_ps-375x281.jpg 375w, https:\/\/www.organisator.ch\/wp-content\/uploads\/2025\/01\/Crayon_Bild1_ps-467x350.jpg 467w\" sizes=\"auto, (max-width: 680px) 100vw, 680px\" \/><figcaption id=\"caption-attachment-35664\" class=\"wp-caption-text\">With new management, Crayon Schweiz AG is focusing on growth, innovation and customer proximity for a successful future. (Image: www.crayon.com)<\/figcaption><\/figure>\n<p>Since its foundation in 2015, IT service provider Crayon Schweiz AG has been helping companies to optimize their IT costs, reduce expenditure and implement sustainable technology solutions. After 10 years on the Swiss market, the company has a clear goal for the future and will continue to do so: a strong management team with fresh impetus will continue to drive the success story forward.<\/p>\n<h3><strong>New management brings a breath of fresh air to service and sales<\/strong><\/h3>\n<p>The appointment of Gilbert Mari\u00e9thod as Service Director underlines the clear objective of further improving service quality. With his many years of experience in service management, he ensures that customers are looked after at the highest level and that expectations are not only met, but exceeded.<\/p>\n<p>As Sales Director, Thomas Vetsch is responsible for the further development of sales strategies and the expansion of our market presence. With his extensive expertise in sales, he brings in new approaches and perspectives in order to meet the individual requirements of customers in the best possible way.<\/p>\n<p>Together with CEO Rolf Stadler, the new management team forms a dynamic team that drives growth and innovation. \"Innovation is created when exceptional personalities work together,\" emphasizes Rolf Stadler, CEO of Crayon Schweiz AG.<\/p>\n<h3><strong>From the foundation to the future<\/strong><\/h3>\n<p>Launched in 2015 in the Suworow building in Altdorf, Crayon Schweiz AG now has 80 employees at Bahnhofplatz - with the clear mission of reducing IT costs for public and business customers.<\/p>\n<p>In ten years, the company has established itself as a leading IT consulting partner, implemented more than 250 projects and achieved average savings of 31%. Today, Crayon Switzerland is a pioneer in cloud management and FinOps.<\/p>\n<p>The focus is on the future: profitable growth, new services and continuous innovation to provide customers with optimum support in the future too<\/p>\n<h3><strong>10 years of \"pure optimization\"<\/strong><\/h3>\n<p>For a decade, Crayon Schweiz AG has established itself as a reliable partner for companies that want to modernize their IT strategy and reduce costs sustainably.<\/p>\n<p>\"We look back on the last 10 years with pride and look forward to continuing to offer our customers first-class service with fresh ideas and a clear vision,\" explains CEO Rolf Stadler.<\/p>\n<p><em>Source: <a href=\"http:\/\/email.presseportal-schweiz.ch\/c\/eJwsy81uqzAQxfGnsXdGzPiLWXiRTV4jspnxxbqQNAYVtU9fUXX7O-fPiVAka0kQ7YQYCKJeErkSsTJ6jgUkMudCaG0dg3PkPOiWQqRiZ45koT4AqXhxAHCxcuPeWP63t9lyW6XvJgTiObgpRHNSeH8P16DXtBzHh7I3hXeF9_M8h7nnr9dzmF-bwrvehFs2XVbJu5jG6Rcef6DszWMA0j0dy2vL-1CkP6UrN_7L63pdh3nR-9FFtqsO4sG7qRqkqRpHE5gy1mis50qzj8wl6M-EPwEAAP__mudUNQ\">www.crayon.com<\/a><\/em><\/p>","protected":false},"excerpt":{"rendered":"<p>Rolf Stadler, founder and CEO of Crayon Schweiz AG, is preparing for the future with new members of management. Gilbert Mari\u00e9thod takes over the position of Service Director and Thomas Vetsch becomes the new Sales Director. With this strategic realignment, the company is focusing on growth, innovation and increased customer proximity. <\/p>","protected":false},"author":80,"featured_media":35664,"comment_status":"closed","ping_status":"closed","sticky":false,"template":"","format":"standard","meta":{"_acf_changed":false,"_yoast_wpseo_focuskw":"Crayon Schweiz AG","_yoast_wpseo_metadesc":"Crayon Schweiz AG setzt mit neuer Gesch\u00e4ftsleitung auf Wachstum, Innovation und Kundenn\u00e4he f\u00fcr eine erfolgreiche Zukunft.","articlekey":"","footnotes":""},"categories":[28],"tags":[4626,274,3635,492,2643],"class_list":["post-35663","post","type-post","status-publish","format-standard","has-post-thumbnail","hentry","category-management","tag-geschaeftsleitung","tag-innovation","tag-kundenbindung","tag-unternehmen","tag-wachstum"],"acf":[],"yoast_head":"<!-- This site is optimized with the Yoast SEO plugin v27.5 - https:\/\/yoast.com\/product\/yoast-seo-wordpress\/ -->\n<title>Neue F\u00fchrungsspitze bei Crayon Schweiz AG - Organisator<\/title>\n<meta name=\"description\" content=\"Crayon Schweiz AG setzt mit neuer Gesch\u00e4ftsleitung auf Wachstum, Innovation und Kundenn\u00e4he f\u00fcr eine erfolgreiche Zukunft.\" \/>\n<meta name=\"robots\" content=\"index, follow, max-snippet:-1, max-image-preview:large, max-video-preview:-1\" \/>\n<link rel=\"canonical\" href=\"https:\/\/www.organisator.ch\/en\/management\/2025-01-30\/neue-fuehrungsspitze-bei-crayon-schweiz-ag\/\" \/>\n<meta property=\"og:locale\" content=\"en_US\" \/>\n<meta property=\"og:type\" content=\"article\" \/>\n<meta property=\"og:title\" content=\"Neue F\u00fchrungsspitze bei Crayon Schweiz AG\" \/>\n<meta property=\"og:description\" content=\"Crayon Schweiz AG setzt mit neuer Gesch\u00e4ftsleitung auf Wachstum, Innovation und Kundenn\u00e4he f\u00fcr eine erfolgreiche Zukunft.\" \/>\n<meta property=\"og:url\" content=\"https:\/\/www.organisator.ch\/en\/management\/2025-01-30\/neue-fuehrungsspitze-bei-crayon-schweiz-ag\/\" \/>\n<meta property=\"og:site_name\" content=\"Organisator\" \/>\n<meta property=\"article:publisher\" content=\"https:\/\/www.facebook.com\/OrganisatorFachmagazin\" \/>\n<meta property=\"article:published_time\" content=\"2025-01-30T13:42:22+00:00\" \/>\n<meta property=\"og:image\" content=\"https:\/\/www.organisator.ch\/wp-content\/uploads\/2025\/01\/Crayon_Bild1_ps.jpg\" \/>\n\t<meta property=\"og:image:width\" content=\"680\" \/>\n\t<meta property=\"og:image:height\" content=\"510\" \/>\n\t<meta property=\"og:image:type\" content=\"image\/jpeg\" \/>\n<meta name=\"author\" content=\"Dzana Muminovic\" \/>\n<meta name=\"twitter:card\" content=\"summary_large_image\" \/>\n<meta name=\"twitter:title\" content=\"Neue F\u00fchrungsspitze bei Crayon Schweiz AG\" \/>\n<meta name=\"twitter:description\" content=\"#Crayon #Schweiz AG setzt mit neuer #Gesch\u00e4ftsleitung auf #Wachstum, #Innovation und #Kundenn\u00e4he f\u00fcr eine erfolgreiche #Zukunft.\" \/>\n<meta name=\"twitter:image\" content=\"https:\/\/www.organisator.ch\/wp-content\/uploads\/2025\/01\/Crayon_Bild1_ps.jpg\" \/>\n<script type=\"application\/ld+json\" class=\"yoast-schema-graph\">{\"@context\":\"https:\\\/\\\/schema.org\",\"@graph\":[{\"@type\":\"Article\",\"@id\":\"https:\\\/\\\/www.organisator.ch\\\/management\\\/2025-01-30\\\/neue-fuehrungsspitze-bei-crayon-schweiz-ag\\\/#article\",\"isPartOf\":{\"@id\":\"https:\\\/\\\/www.organisator.ch\\\/management\\\/2025-01-30\\\/neue-fuehrungsspitze-bei-crayon-schweiz-ag\\\/\"},\"author\":{\"name\":\"Dzana Muminovic\",\"@id\":\"https:\\\/\\\/www.organisator.ch\\\/#\\\/schema\\\/person\\\/afccda3a71c06d4be2ed9100dd163db7\"},\"headline\":\"Neue F\u00fchrungsspitze bei Crayon Schweiz AG\",\"datePublished\":\"2025-01-30T13:42:22+00:00\",\"mainEntityOfPage\":{\"@id\":\"https:\\\/\\\/www.organisator.ch\\\/management\\\/2025-01-30\\\/neue-fuehrungsspitze-bei-crayon-schweiz-ag\\\/\"},\"wordCount\":379,\"publisher\":{\"@id\":\"https:\\\/\\\/www.organisator.ch\\\/#organization\"},\"image\":{\"@id\":\"https:\\\/\\\/www.organisator.ch\\\/management\\\/2025-01-30\\\/neue-fuehrungsspitze-bei-crayon-schweiz-ag\\\/#primaryimage\"},\"thumbnailUrl\":\"https:\\\/\\\/www.organisator.ch\\\/wp-content\\\/uploads\\\/2025\\\/01\\\/Crayon_Bild1_ps.jpg\",\"keywords\":[\"Gesch\u00e4ftsleitung\",\"Innovation\",\"Kundenbindung\",\"Unternehmen\",\"Wachstum\"],\"articleSection\":[\"MANAGEMENT\"],\"inLanguage\":\"en-US\"},{\"@type\":\"WebPage\",\"@id\":\"https:\\\/\\\/www.organisator.ch\\\/management\\\/2025-01-30\\\/neue-fuehrungsspitze-bei-crayon-schweiz-ag\\\/\",\"url\":\"https:\\\/\\\/www.organisator.ch\\\/management\\\/2025-01-30\\\/neue-fuehrungsspitze-bei-crayon-schweiz-ag\\\/\",\"name\":\"Neue F\u00fchrungsspitze bei Crayon Schweiz AG - Organisator\",\"isPartOf\":{\"@id\":\"https:\\\/\\\/www.organisator.ch\\\/#website\"},\"primaryImageOfPage\":{\"@id\":\"https:\\\/\\\/www.organisator.ch\\\/management\\\/2025-01-30\\\/neue-fuehrungsspitze-bei-crayon-schweiz-ag\\\/#primaryimage\"},\"image\":{\"@id\":\"https:\\\/\\\/www.organisator.ch\\\/management\\\/2025-01-30\\\/neue-fuehrungsspitze-bei-crayon-schweiz-ag\\\/#primaryimage\"},\"thumbnailUrl\":\"https:\\\/\\\/www.organisator.ch\\\/wp-content\\\/uploads\\\/2025\\\/01\\\/Crayon_Bild1_ps.jpg\",\"datePublished\":\"2025-01-30T13:42:22+00:00\",\"description\":\"Crayon Schweiz AG setzt mit neuer Gesch\u00e4ftsleitung auf Wachstum, Innovation und Kundenn\u00e4he f\u00fcr eine erfolgreiche Zukunft.\",\"breadcrumb\":{\"@id\":\"https:\\\/\\\/www.organisator.ch\\\/management\\\/2025-01-30\\\/neue-fuehrungsspitze-bei-crayon-schweiz-ag\\\/#breadcrumb\"},\"inLanguage\":\"en-US\",\"potentialAction\":[{\"@type\":\"ReadAction\",\"target\":[\"https:\\\/\\\/www.organisator.ch\\\/management\\\/2025-01-30\\\/neue-fuehrungsspitze-bei-crayon-schweiz-ag\\\/\"]}]},{\"@type\":\"ImageObject\",\"inLanguage\":\"en-US\",\"@id\":\"https:\\\/\\\/www.organisator.ch\\\/management\\\/2025-01-30\\\/neue-fuehrungsspitze-bei-crayon-schweiz-ag\\\/#primaryimage\",\"url\":\"https:\\\/\\\/www.organisator.ch\\\/wp-content\\\/uploads\\\/2025\\\/01\\\/Crayon_Bild1_ps.jpg\",\"contentUrl\":\"https:\\\/\\\/www.organisator.ch\\\/wp-content\\\/uploads\\\/2025\\\/01\\\/Crayon_Bild1_ps.jpg\",\"width\":680,\"height\":510,\"caption\":\"Crayon Schweiz AG setzt mit neuer Gesch\u00e4ftsleitung auf Wachstum, Innovation und Kundenn\u00e4he f\u00fcr eine erfolgreiche Zukunft. (Bild: www.crayon.com)\"},{\"@type\":\"BreadcrumbList\",\"@id\":\"https:\\\/\\\/www.organisator.ch\\\/management\\\/2025-01-30\\\/neue-fuehrungsspitze-bei-crayon-schweiz-ag\\\/#breadcrumb\",\"itemListElement\":[{\"@type\":\"ListItem\",\"position\":1,\"name\":\"Home\",\"item\":\"https:\\\/\\\/www.organisator.ch\\\/\"},{\"@type\":\"ListItem\",\"position\":2,\"name\":\"Neue F\u00fchrungsspitze bei Crayon Schweiz AG\"}]},{\"@type\":\"WebSite\",\"@id\":\"https:\\\/\\\/www.organisator.ch\\\/#website\",\"url\":\"https:\\\/\\\/www.organisator.ch\\\/\",\"name\":\"Organisator\",\"description\":\"Kompetent. Praxisnah. Der ORGANISATOR bereitet in 10 Ausgaben pro Jahr die wesentlichen Themen f\u00fcr F\u00fchrungskr\u00e4fte von KMU auf.\",\"publisher\":{\"@id\":\"https:\\\/\\\/www.organisator.ch\\\/#organization\"},\"potentialAction\":[{\"@type\":\"SearchAction\",\"target\":{\"@type\":\"EntryPoint\",\"urlTemplate\":\"https:\\\/\\\/www.organisator.ch\\\/?s={search_term_string}\"},\"query-input\":{\"@type\":\"PropertyValueSpecification\",\"valueRequired\":true,\"valueName\":\"search_term_string\"}}],\"inLanguage\":\"en-US\"},{\"@type\":\"Organization\",\"@id\":\"https:\\\/\\\/www.organisator.ch\\\/#organization\",\"name\":\"Organisator\",\"url\":\"https:\\\/\\\/www.organisator.ch\\\/\",\"logo\":{\"@type\":\"ImageObject\",\"inLanguage\":\"en-US\",\"@id\":\"https:\\\/\\\/www.organisator.ch\\\/#\\\/schema\\\/logo\\\/image\\\/\",\"url\":\"https:\\\/\\\/www.organisator.ch\\\/wp-content\\\/uploads\\\/2022\\\/01\\\/Logo_Organisator_Website.png\",\"contentUrl\":\"https:\\\/\\\/www.organisator.ch\\\/wp-content\\\/uploads\\\/2022\\\/01\\\/Logo_Organisator_Website.png\",\"width\":800,\"height\":77,\"caption\":\"Organisator\"},\"image\":{\"@id\":\"https:\\\/\\\/www.organisator.ch\\\/#\\\/schema\\\/logo\\\/image\\\/\"},\"sameAs\":[\"https:\\\/\\\/www.facebook.com\\\/OrganisatorFachmagazin\",\"https:\\\/\\\/www.linkedin.com\\\/showcase\\\/organisator-das-magazin-fr-kmu\",\"https:\\\/\\\/www.xing.com\\\/news\\\/pages\\\/organisator-ch-695\",\"https:\\\/\\\/www.youtube.com\\\/channel\\\/UCGP2Sq0iWaZwT3BdIAQFYpw\"]},{\"@type\":\"Person\",\"@id\":\"https:\\\/\\\/www.organisator.ch\\\/#\\\/schema\\\/person\\\/afccda3a71c06d4be2ed9100dd163db7\",\"name\":\"Dzana Muminovic\",\"image\":{\"@type\":\"ImageObject\",\"inLanguage\":\"en-US\",\"@id\":\"https:\\\/\\\/secure.gravatar.com\\\/avatar\\\/909c5c71aff4b38e88686f2ab2f1ba152571f394f41ed8bae431ea56ced93050?s=96&d=mm&r=g\",\"url\":\"https:\\\/\\\/secure.gravatar.com\\\/avatar\\\/909c5c71aff4b38e88686f2ab2f1ba152571f394f41ed8bae431ea56ced93050?s=96&d=mm&r=g\",\"contentUrl\":\"https:\\\/\\\/secure.gravatar.com\\\/avatar\\\/909c5c71aff4b38e88686f2ab2f1ba152571f394f41ed8bae431ea56ced93050?s=96&d=mm&r=g\",\"caption\":\"Dzana Muminovic\"},\"url\":\"https:\\\/\\\/www.organisator.ch\\\/en\\\/author\\\/dzana-muminovic\\\/\"}]}<\/script>\n<!-- \/ Yoast SEO plugin. -->","yoast_head_json":{"title":"New top management at Crayon Schweiz AG - Organizer","description":"With new management, Crayon Schweiz AG is focusing on growth, innovation and customer proximity for a successful future.","robots":{"index":"index","follow":"follow","max-snippet":"max-snippet:-1","max-image-preview":"max-image-preview:large","max-video-preview":"max-video-preview:-1"},"canonical":"https:\/\/www.organisator.ch\/en\/management\/2025-01-30\/neue-fuehrungsspitze-bei-crayon-schweiz-ag\/","og_locale":"en_US","og_type":"article","og_title":"Neue F\u00fchrungsspitze bei Crayon Schweiz AG","og_description":"Crayon Schweiz AG setzt mit neuer Gesch\u00e4ftsleitung auf Wachstum, Innovation und Kundenn\u00e4he f\u00fcr eine erfolgreiche Zukunft.","og_url":"https:\/\/www.organisator.ch\/en\/management\/2025-01-30\/neue-fuehrungsspitze-bei-crayon-schweiz-ag\/","og_site_name":"Organisator","article_publisher":"https:\/\/www.facebook.com\/OrganisatorFachmagazin","article_published_time":"2025-01-30T13:42:22+00:00","og_image":[{"width":680,"height":510,"url":"https:\/\/www.organisator.ch\/wp-content\/uploads\/2025\/01\/Crayon_Bild1_ps.jpg","type":"image\/jpeg"}],"author":"Dzana Muminovic","twitter_card":"summary_large_image","twitter_title":"Neue F\u00fchrungsspitze bei Crayon Schweiz AG","twitter_description":"#Crayon #Schweiz AG setzt mit neuer #Gesch\u00e4ftsleitung auf #Wachstum, #Innovation und #Kundenn\u00e4he f\u00fcr eine erfolgreiche #Zukunft.","twitter_image":"https:\/\/www.organisator.ch\/wp-content\/uploads\/2025\/01\/Crayon_Bild1_ps.jpg","schema":{"@context":"https:\/\/schema.org","@graph":[{"@type":"Article","@id":"https:\/\/www.organisator.ch\/management\/2025-01-30\/neue-fuehrungsspitze-bei-crayon-schweiz-ag\/#article","isPartOf":{"@id":"https:\/\/www.organisator.ch\/management\/2025-01-30\/neue-fuehrungsspitze-bei-crayon-schweiz-ag\/"},"author":{"name":"Dzana Muminovic","@id":"https:\/\/www.organisator.ch\/#\/schema\/person\/afccda3a71c06d4be2ed9100dd163db7"},"headline":"Neue F\u00fchrungsspitze bei Crayon Schweiz AG","datePublished":"2025-01-30T13:42:22+00:00","mainEntityOfPage":{"@id":"https:\/\/www.organisator.ch\/management\/2025-01-30\/neue-fuehrungsspitze-bei-crayon-schweiz-ag\/"},"wordCount":379,"publisher":{"@id":"https:\/\/www.organisator.ch\/#organization"},"image":{"@id":"https:\/\/www.organisator.ch\/management\/2025-01-30\/neue-fuehrungsspitze-bei-crayon-schweiz-ag\/#primaryimage"},"thumbnailUrl":"https:\/\/www.organisator.ch\/wp-content\/uploads\/2025\/01\/Crayon_Bild1_ps.jpg","keywords":["Gesch\u00e4ftsleitung","Innovation","Kundenbindung","Unternehmen","Wachstum"],"articleSection":["MANAGEMENT"],"inLanguage":"en-US"},{"@type":"WebPage","@id":"https:\/\/www.organisator.ch\/management\/2025-01-30\/neue-fuehrungsspitze-bei-crayon-schweiz-ag\/","url":"https:\/\/www.organisator.ch\/management\/2025-01-30\/neue-fuehrungsspitze-bei-crayon-schweiz-ag\/","name":"New top management at Crayon Schweiz AG - Organizer","isPartOf":{"@id":"https:\/\/www.organisator.ch\/#website"},"primaryImageOfPage":{"@id":"https:\/\/www.organisator.ch\/management\/2025-01-30\/neue-fuehrungsspitze-bei-crayon-schweiz-ag\/#primaryimage"},"image":{"@id":"https:\/\/www.organisator.ch\/management\/2025-01-30\/neue-fuehrungsspitze-bei-crayon-schweiz-ag\/#primaryimage"},"thumbnailUrl":"https:\/\/www.organisator.ch\/wp-content\/uploads\/2025\/01\/Crayon_Bild1_ps.jpg","datePublished":"2025-01-30T13:42:22+00:00","description":"With new management, Crayon Schweiz AG is focusing on growth, innovation and customer proximity for a successful future.","breadcrumb":{"@id":"https:\/\/www.organisator.ch\/management\/2025-01-30\/neue-fuehrungsspitze-bei-crayon-schweiz-ag\/#breadcrumb"},"inLanguage":"en-US","potentialAction":[{"@type":"ReadAction","target":["https:\/\/www.organisator.ch\/management\/2025-01-30\/neue-fuehrungsspitze-bei-crayon-schweiz-ag\/"]}]},{"@type":"ImageObject","inLanguage":"en-US","@id":"https:\/\/www.organisator.ch\/management\/2025-01-30\/neue-fuehrungsspitze-bei-crayon-schweiz-ag\/#primaryimage","url":"https:\/\/www.organisator.ch\/wp-content\/uploads\/2025\/01\/Crayon_Bild1_ps.jpg","contentUrl":"https:\/\/www.organisator.ch\/wp-content\/uploads\/2025\/01\/Crayon_Bild1_ps.jpg","width":680,"height":510,"caption":"Crayon Schweiz AG setzt mit neuer Gesch\u00e4ftsleitung auf Wachstum, Innovation und Kundenn\u00e4he f\u00fcr eine erfolgreiche Zukunft. (Bild: www.crayon.com)"},{"@type":"BreadcrumbList","@id":"https:\/\/www.organisator.ch\/management\/2025-01-30\/neue-fuehrungsspitze-bei-crayon-schweiz-ag\/#breadcrumb","itemListElement":[{"@type":"ListItem","position":1,"name":"Home","item":"https:\/\/www.organisator.ch\/"},{"@type":"ListItem","position":2,"name":"Neue F\u00fchrungsspitze bei Crayon Schweiz AG"}]},{"@type":"WebSite","@id":"https:\/\/www.organisator.ch\/#website","url":"https:\/\/www.organisator.ch\/","name":"Organizer","description":"Competent. Practical. In 10 issues per year, ORGANISATOR presents the essential topics for managers of SMEs.","publisher":{"@id":"https:\/\/www.organisator.ch\/#organization"},"potentialAction":[{"@type":"SearchAction","target":{"@type":"EntryPoint","urlTemplate":"https:\/\/www.organisator.ch\/?s={search_term_string}"},"query-input":{"@type":"PropertyValueSpecification","valueRequired":true,"valueName":"search_term_string"}}],"inLanguage":"en-US"},{"@type":"Organization","@id":"https:\/\/www.organisator.ch\/#organization","name":"Organizer","url":"https:\/\/www.organisator.ch\/","logo":{"@type":"ImageObject","inLanguage":"en-US","@id":"https:\/\/www.organisator.ch\/#\/schema\/logo\/image\/","url":"https:\/\/www.organisator.ch\/wp-content\/uploads\/2022\/01\/Logo_Organisator_Website.png","contentUrl":"https:\/\/www.organisator.ch\/wp-content\/uploads\/2022\/01\/Logo_Organisator_Website.png","width":800,"height":77,"caption":"Organisator"},"image":{"@id":"https:\/\/www.organisator.ch\/#\/schema\/logo\/image\/"},"sameAs":["https:\/\/www.facebook.com\/OrganisatorFachmagazin","https:\/\/www.linkedin.com\/showcase\/organisator-das-magazin-fr-kmu","https:\/\/www.xing.com\/news\/pages\/organisator-ch-695","https:\/\/www.youtube.com\/channel\/UCGP2Sq0iWaZwT3BdIAQFYpw"]},{"@type":"Person","@id":"https:\/\/www.organisator.ch\/#\/schema\/person\/afccda3a71c06d4be2ed9100dd163db7","name":"Dzana Muminovic","image":{"@type":"ImageObject","inLanguage":"en-US","@id":"https:\/\/secure.gravatar.com\/avatar\/909c5c71aff4b38e88686f2ab2f1ba152571f394f41ed8bae431ea56ced93050?s=96&d=mm&r=g","url":"https:\/\/secure.gravatar.com\/avatar\/909c5c71aff4b38e88686f2ab2f1ba152571f394f41ed8bae431ea56ced93050?s=96&d=mm&r=g","contentUrl":"https:\/\/secure.gravatar.com\/avatar\/909c5c71aff4b38e88686f2ab2f1ba152571f394f41ed8bae431ea56ced93050?s=96&d=mm&r=g","caption":"Dzana Muminovic"},"url":"https:\/\/www.organisator.ch\/en\/author\/dzana-muminovic\/"}]}},"_links":{"self":[{"href":"https:\/\/www.organisator.ch\/en\/wp-json\/wp\/v2\/posts\/35663","targetHints":{"allow":["GET"]}}],"collection":[{"href":"https:\/\/www.organisator.ch\/en\/wp-json\/wp\/v2\/posts"}],"about":[{"href":"https:\/\/www.organisator.ch\/en\/wp-json\/wp\/v2\/types\/post"}],"author":[{"embeddable":true,"href":"https:\/\/www.organisator.ch\/en\/wp-json\/wp\/v2\/users\/80"}],"replies":[{"embeddable":true,"href":"https:\/\/www.organisator.ch\/en\/wp-json\/wp\/v2\/comments?post=35663"}],"version-history":[{"count":4,"href":"https:\/\/www.organisator.ch\/en\/wp-json\/wp\/v2\/posts\/35663\/revisions"}],"predecessor-version":[{"id":35702,"href":"https:\/\/www.organisator.ch\/en\/wp-json\/wp\/v2\/posts\/35663\/revisions\/35702"}],"wp:featuredmedia":[{"embeddable":true,"href":"https:\/\/www.organisator.ch\/en\/wp-json\/wp\/v2\/media\/35664"}],"wp:attachment":[{"href":"https:\/\/www.organisator.ch\/en\/wp-json\/wp\/v2\/media?parent=35663"}],"wp:term":[{"taxonomy":"category","embeddable":true,"href":"https:\/\/www.organisator.ch\/en\/wp-json\/wp\/v2\/categories?post=35663"},{"taxonomy":"post_tag","embeddable":true,"href":"https:\/\/www.organisator.ch\/en\/wp-json\/wp\/v2\/tags?post=35663"}],"curies":[{"name":"wp","href":"https:\/\/api.w.org\/{rel}","templated":true}]}}