{"id":35675,"date":"2025-01-31T11:02:45","date_gmt":"2025-01-31T10:02:45","guid":{"rendered":"https:\/\/www.markt-kom.com\/?p=229728"},"modified":"2025-01-31T07:21:14","modified_gmt":"2025-01-31T06:21:14","slug":"60-jahre-tv-werbung-in-der-schweiz-eine-branche-im-wandel","status":"publish","type":"post","link":"https:\/\/www.organisator.ch\/en\/marketing\/2025-01-31\/60-jahre-tv-werbung-in-der-schweiz-eine-branche-im-wandel\/","title":{"rendered":"60 years of TV advertising in Switzerland: an industry in transition"},"content":{"rendered":"<figure id=\"attachment_229729\" class=\"wp-caption aligncenter\" style=\"width: 1200px;\" aria-describedby=\"caption-attachment-229729\"><a href=\"https:\/\/www.markt-kom.com\/wp-content\/uploads\/2025\/01\/Visual-60-Jahre-TV-Werbung_Admeira.jpg\"><img class=\"size-full wp-image-229729\" src=\"https:\/\/www.markt-kom.com\/wp-content\/uploads\/2025\/01\/Visual-60-Jahre-TV-Werbung_Admeira.jpg\" sizes=\"(max-width: 1200px) 100vw, 1200px\" srcset=\"https:\/\/www.markt-kom.com\/wp-content\/uploads\/2025\/01\/Visual-60-Jahre-TV-Werbung_Admeira.jpg 1200w, https:\/\/www.markt-kom.com\/wp-content\/uploads\/2025\/01\/Visual-60-Jahre-TV-Werbung_Admeira-600x450.jpg 600w, https:\/\/www.markt-kom.com\/wp-content\/uploads\/2025\/01\/Visual-60-Jahre-TV-Werbung_Admeira-1024x768.jpg 1024w, https:\/\/www.markt-kom.com\/wp-content\/uploads\/2025\/01\/Visual-60-Jahre-TV-Werbung_Admeira-768x576.jpg 768w, https:\/\/www.markt-kom.com\/wp-content\/uploads\/2025\/01\/Visual-60-Jahre-TV-Werbung_Admeira-16x12.jpg 16w, https:\/\/www.markt-kom.com\/wp-content\/uploads\/2025\/01\/Visual-60-Jahre-TV-Werbung_Admeira-233x175.jpg 233w, https:\/\/www.markt-kom.com\/wp-content\/uploads\/2025\/01\/Visual-60-Jahre-TV-Werbung_Admeira-467x350.jpg 467w, https:\/\/www.markt-kom.com\/wp-content\/uploads\/2025\/01\/Visual-60-Jahre-TV-Werbung_Admeira-1000x750.jpg 1000w\" alt=\"\" width=\"1200\" height=\"900\" \/><\/a>\r\n<figcaption id=\"caption-attachment-229729\" class=\"wp-caption-text\">(Image: zVg. Admeira)<\/figcaption>\r\n<\/figure>\r\n<p>The introduction of TV advertising on the SRG stations DRS, TSR and TSI marked the beginning of a new era in brand communication. The first advertising block was broadcast there on February 1, 1965. Long commercials of more than 60 seconds in length were added in 1976, providing deeper insights into the brand stories. Four years later, short spots of just 7 to 14 seconds followed - to convey messages concisely.<\/p>\r\n<p>The 1990s brought interstitial advertising with the new Radio and Television Act - a format that opened up new creative possibilities for advertisers. In 2005, an interactive live TV commercial campaign in a Migros branch attracted attention: viewers could not only watch, but also actively participate.<\/p>\r\n<p>The 2000s were characterized by technological innovations. The introduction of the 16:9 widescreen format improved the visual quality of advertising, while the electronic delivery of commercials made processes more efficient.<\/p>\r\n<p><strong>TV advertising remains central<\/strong><\/p>\r\n<p>Despite changes in media usage, TV advertising remains an important part of the advertising landscape. Frank Zelger, CEO of Admeira, emphasizes: \"Over the past 60 years, TV advertising has made a significant contribution to the awareness and successful positioning of our customers' products. This journey is far from over. TV advertising will remain an indispensable and important success factor for the foreseeable future.\"<\/p>","protected":false},"excerpt":{"rendered":"<p>TV advertising was first broadcast in Switzerland on February 1, 1965. Since then, the format has constantly evolved - from new spot lengths to interactive campaigns and technological innovations. An overview of six decades of advertising history.<\/p>","protected":false},"author":8,"featured_media":0,"comment_status":"closed","ping_status":"closed","sticky":false,"template":"","format":"standard","meta":{"_acf_changed":false,"_yoast_wpseo_focuskw":"60 Jahre TV-Werbung Schweiz","_yoast_wpseo_metadesc":"Seit 1965 pr\u00e4gt TV-Werbung die Schweizer Markenkommunikation. Ein \u00dcberblick \u00fcber sechs Jahrzehnte Innovationen und Formate.","articlekey":"","footnotes":""},"categories":[29],"tags":[4343,5052],"class_list":["post-35675","post","type-post","status-publish","format-standard","hentry","category-marketing","tag-markom","tag-tv-werbung"],"acf":[],"yoast_head":"<!-- This site is optimized with the Yoast SEO plugin v27.5 - https:\/\/yoast.com\/product\/yoast-seo-wordpress\/ -->\n<title>60 Jahre TV-Werbung in der Schweiz: eine Branche im Wandel - Organisator<\/title>\n<meta name=\"description\" content=\"Seit 1965 pr\u00e4gt TV-Werbung die Schweizer Markenkommunikation. Ein \u00dcberblick \u00fcber sechs Jahrzehnte Innovationen und Formate.\" \/>\n<meta name=\"robots\" content=\"index, follow, max-snippet:-1, max-image-preview:large, max-video-preview:-1\" \/>\n<link rel=\"canonical\" href=\"https:\/\/www.organisator.ch\/en\/marketing\/2025-01-31\/60-jahre-tv-werbung-in-der-schweiz-eine-branche-im-wandel\/\" \/>\n<meta property=\"og:locale\" content=\"en_US\" \/>\n<meta property=\"og:type\" content=\"article\" \/>\n<meta property=\"og:title\" content=\"60 Jahre TV-Werbung in der Schweiz: eine Branche im Wandel - Organisator\" \/>\n<meta property=\"og:description\" content=\"Seit 1965 pr\u00e4gt TV-Werbung die Schweizer Markenkommunikation. Ein \u00dcberblick \u00fcber sechs Jahrzehnte Innovationen und Formate.\" \/>\n<meta property=\"og:url\" content=\"https:\/\/www.organisator.ch\/en\/marketing\/2025-01-31\/60-jahre-tv-werbung-in-der-schweiz-eine-branche-im-wandel\/\" \/>\n<meta property=\"og:site_name\" content=\"Organisator\" \/>\n<meta property=\"article:publisher\" content=\"https:\/\/www.facebook.com\/OrganisatorFachmagazin\" \/>\n<meta property=\"article:published_time\" content=\"2025-01-31T10:02:45+00:00\" \/>\n<meta name=\"author\" content=\"galledia\" \/>\n<meta name=\"twitter:card\" content=\"summary_large_image\" \/>\n<meta name=\"twitter:creator\" content=\"@admin\" \/>\n<script type=\"application\/ld+json\" class=\"yoast-schema-graph\">{\"@context\":\"https:\\\/\\\/schema.org\",\"@graph\":[{\"@type\":\"Article\",\"@id\":\"https:\\\/\\\/www.organisator.ch\\\/marketing\\\/2025-01-31\\\/60-jahre-tv-werbung-in-der-schweiz-eine-branche-im-wandel\\\/#article\",\"isPartOf\":{\"@id\":\"https:\\\/\\\/www.organisator.ch\\\/marketing\\\/2025-01-31\\\/60-jahre-tv-werbung-in-der-schweiz-eine-branche-im-wandel\\\/\"},\"author\":{\"name\":\"galledia\",\"@id\":\"https:\\\/\\\/www.organisator.ch\\\/#\\\/schema\\\/person\\\/4e51799071cd2dd1232ac003643ef5f0\"},\"headline\":\"60 Jahre TV-Werbung in der Schweiz: eine Branche im Wandel\",\"datePublished\":\"2025-01-31T10:02:45+00:00\",\"mainEntityOfPage\":{\"@id\":\"https:\\\/\\\/www.organisator.ch\\\/marketing\\\/2025-01-31\\\/60-jahre-tv-werbung-in-der-schweiz-eine-branche-im-wandel\\\/\"},\"wordCount\":207,\"publisher\":{\"@id\":\"https:\\\/\\\/www.organisator.ch\\\/#organization\"},\"image\":{\"@id\":\"https:\\\/\\\/www.organisator.ch\\\/marketing\\\/2025-01-31\\\/60-jahre-tv-werbung-in-der-schweiz-eine-branche-im-wandel\\\/#primaryimage\"},\"thumbnailUrl\":\"https:\\\/\\\/www.markt-kom.com\\\/wp-content\\\/uploads\\\/2025\\\/01\\\/Visual-60-Jahre-TV-Werbung_Admeira.jpg\",\"keywords\":[\"MarKom\",\"TV-Werbung\"],\"articleSection\":[\"MARKETING\"],\"inLanguage\":\"en-US\"},{\"@type\":\"WebPage\",\"@id\":\"https:\\\/\\\/www.organisator.ch\\\/marketing\\\/2025-01-31\\\/60-jahre-tv-werbung-in-der-schweiz-eine-branche-im-wandel\\\/\",\"url\":\"https:\\\/\\\/www.organisator.ch\\\/marketing\\\/2025-01-31\\\/60-jahre-tv-werbung-in-der-schweiz-eine-branche-im-wandel\\\/\",\"name\":\"60 Jahre TV-Werbung in der Schweiz: eine Branche im Wandel - Organisator\",\"isPartOf\":{\"@id\":\"https:\\\/\\\/www.organisator.ch\\\/#website\"},\"primaryImageOfPage\":{\"@id\":\"https:\\\/\\\/www.organisator.ch\\\/marketing\\\/2025-01-31\\\/60-jahre-tv-werbung-in-der-schweiz-eine-branche-im-wandel\\\/#primaryimage\"},\"image\":{\"@id\":\"https:\\\/\\\/www.organisator.ch\\\/marketing\\\/2025-01-31\\\/60-jahre-tv-werbung-in-der-schweiz-eine-branche-im-wandel\\\/#primaryimage\"},\"thumbnailUrl\":\"https:\\\/\\\/www.markt-kom.com\\\/wp-content\\\/uploads\\\/2025\\\/01\\\/Visual-60-Jahre-TV-Werbung_Admeira.jpg\",\"datePublished\":\"2025-01-31T10:02:45+00:00\",\"description\":\"Seit 1965 pr\u00e4gt TV-Werbung die Schweizer Markenkommunikation. Ein \u00dcberblick \u00fcber sechs Jahrzehnte Innovationen und Formate.\",\"breadcrumb\":{\"@id\":\"https:\\\/\\\/www.organisator.ch\\\/marketing\\\/2025-01-31\\\/60-jahre-tv-werbung-in-der-schweiz-eine-branche-im-wandel\\\/#breadcrumb\"},\"inLanguage\":\"en-US\",\"potentialAction\":[{\"@type\":\"ReadAction\",\"target\":[\"https:\\\/\\\/www.organisator.ch\\\/marketing\\\/2025-01-31\\\/60-jahre-tv-werbung-in-der-schweiz-eine-branche-im-wandel\\\/\"]}]},{\"@type\":\"ImageObject\",\"inLanguage\":\"en-US\",\"@id\":\"https:\\\/\\\/www.organisator.ch\\\/marketing\\\/2025-01-31\\\/60-jahre-tv-werbung-in-der-schweiz-eine-branche-im-wandel\\\/#primaryimage\",\"url\":\"https:\\\/\\\/www.markt-kom.com\\\/wp-content\\\/uploads\\\/2025\\\/01\\\/Visual-60-Jahre-TV-Werbung_Admeira.jpg\",\"contentUrl\":\"https:\\\/\\\/www.markt-kom.com\\\/wp-content\\\/uploads\\\/2025\\\/01\\\/Visual-60-Jahre-TV-Werbung_Admeira.jpg\"},{\"@type\":\"BreadcrumbList\",\"@id\":\"https:\\\/\\\/www.organisator.ch\\\/marketing\\\/2025-01-31\\\/60-jahre-tv-werbung-in-der-schweiz-eine-branche-im-wandel\\\/#breadcrumb\",\"itemListElement\":[{\"@type\":\"ListItem\",\"position\":1,\"name\":\"Home\",\"item\":\"https:\\\/\\\/www.organisator.ch\\\/\"},{\"@type\":\"ListItem\",\"position\":2,\"name\":\"60 Jahre TV-Werbung in der Schweiz: eine Branche im Wandel\"}]},{\"@type\":\"WebSite\",\"@id\":\"https:\\\/\\\/www.organisator.ch\\\/#website\",\"url\":\"https:\\\/\\\/www.organisator.ch\\\/\",\"name\":\"Organisator\",\"description\":\"Kompetent. Praxisnah. Der ORGANISATOR bereitet in 10 Ausgaben pro Jahr die wesentlichen Themen f\u00fcr F\u00fchrungskr\u00e4fte von KMU auf.\",\"publisher\":{\"@id\":\"https:\\\/\\\/www.organisator.ch\\\/#organization\"},\"potentialAction\":[{\"@type\":\"SearchAction\",\"target\":{\"@type\":\"EntryPoint\",\"urlTemplate\":\"https:\\\/\\\/www.organisator.ch\\\/?s={search_term_string}\"},\"query-input\":{\"@type\":\"PropertyValueSpecification\",\"valueRequired\":true,\"valueName\":\"search_term_string\"}}],\"inLanguage\":\"en-US\"},{\"@type\":\"Organization\",\"@id\":\"https:\\\/\\\/www.organisator.ch\\\/#organization\",\"name\":\"Organisator\",\"url\":\"https:\\\/\\\/www.organisator.ch\\\/\",\"logo\":{\"@type\":\"ImageObject\",\"inLanguage\":\"en-US\",\"@id\":\"https:\\\/\\\/www.organisator.ch\\\/#\\\/schema\\\/logo\\\/image\\\/\",\"url\":\"https:\\\/\\\/www.organisator.ch\\\/wp-content\\\/uploads\\\/2022\\\/01\\\/Logo_Organisator_Website.png\",\"contentUrl\":\"https:\\\/\\\/www.organisator.ch\\\/wp-content\\\/uploads\\\/2022\\\/01\\\/Logo_Organisator_Website.png\",\"width\":800,\"height\":77,\"caption\":\"Organisator\"},\"image\":{\"@id\":\"https:\\\/\\\/www.organisator.ch\\\/#\\\/schema\\\/logo\\\/image\\\/\"},\"sameAs\":[\"https:\\\/\\\/www.facebook.com\\\/OrganisatorFachmagazin\",\"https:\\\/\\\/www.linkedin.com\\\/showcase\\\/organisator-das-magazin-fr-kmu\",\"https:\\\/\\\/www.xing.com\\\/news\\\/pages\\\/organisator-ch-695\",\"https:\\\/\\\/www.youtube.com\\\/channel\\\/UCGP2Sq0iWaZwT3BdIAQFYpw\"]},{\"@type\":\"Person\",\"@id\":\"https:\\\/\\\/www.organisator.ch\\\/#\\\/schema\\\/person\\\/4e51799071cd2dd1232ac003643ef5f0\",\"name\":\"galledia\",\"image\":{\"@type\":\"ImageObject\",\"inLanguage\":\"en-US\",\"@id\":\"https:\\\/\\\/secure.gravatar.com\\\/avatar\\\/78a7f90c01fc2bfc875782a0d4922b37cde2cf184ce347b91316d23cd7f69a36?s=96&d=mm&r=g\",\"url\":\"https:\\\/\\\/secure.gravatar.com\\\/avatar\\\/78a7f90c01fc2bfc875782a0d4922b37cde2cf184ce347b91316d23cd7f69a36?s=96&d=mm&r=g\",\"contentUrl\":\"https:\\\/\\\/secure.gravatar.com\\\/avatar\\\/78a7f90c01fc2bfc875782a0d4922b37cde2cf184ce347b91316d23cd7f69a36?s=96&d=mm&r=g\",\"caption\":\"galledia\"},\"sameAs\":[\"https:\\\/\\\/x.com\\\/admin\"],\"url\":\"https:\\\/\\\/www.organisator.ch\\\/en\\\/author\\\/galledia\\\/\"}]}<\/script>\n<!-- \/ Yoast SEO plugin. -->","yoast_head_json":{"title":"60 years of TV advertising in Switzerland: an industry in transition - Organizer","description":"TV advertising has been shaping Swiss brand communication since 1965. An overview of six decades of innovations and formats.","robots":{"index":"index","follow":"follow","max-snippet":"max-snippet:-1","max-image-preview":"max-image-preview:large","max-video-preview":"max-video-preview:-1"},"canonical":"https:\/\/www.organisator.ch\/en\/marketing\/2025-01-31\/60-jahre-tv-werbung-in-der-schweiz-eine-branche-im-wandel\/","og_locale":"en_US","og_type":"article","og_title":"60 Jahre TV-Werbung in der Schweiz: eine Branche im Wandel - Organisator","og_description":"Seit 1965 pr\u00e4gt TV-Werbung die Schweizer Markenkommunikation. Ein \u00dcberblick \u00fcber sechs Jahrzehnte Innovationen und Formate.","og_url":"https:\/\/www.organisator.ch\/en\/marketing\/2025-01-31\/60-jahre-tv-werbung-in-der-schweiz-eine-branche-im-wandel\/","og_site_name":"Organisator","article_publisher":"https:\/\/www.facebook.com\/OrganisatorFachmagazin","article_published_time":"2025-01-31T10:02:45+00:00","author":"galledia","twitter_card":"summary_large_image","twitter_creator":"@admin","schema":{"@context":"https:\/\/schema.org","@graph":[{"@type":"Article","@id":"https:\/\/www.organisator.ch\/marketing\/2025-01-31\/60-jahre-tv-werbung-in-der-schweiz-eine-branche-im-wandel\/#article","isPartOf":{"@id":"https:\/\/www.organisator.ch\/marketing\/2025-01-31\/60-jahre-tv-werbung-in-der-schweiz-eine-branche-im-wandel\/"},"author":{"name":"galledia","@id":"https:\/\/www.organisator.ch\/#\/schema\/person\/4e51799071cd2dd1232ac003643ef5f0"},"headline":"60 Jahre TV-Werbung in der Schweiz: eine Branche im Wandel","datePublished":"2025-01-31T10:02:45+00:00","mainEntityOfPage":{"@id":"https:\/\/www.organisator.ch\/marketing\/2025-01-31\/60-jahre-tv-werbung-in-der-schweiz-eine-branche-im-wandel\/"},"wordCount":207,"publisher":{"@id":"https:\/\/www.organisator.ch\/#organization"},"image":{"@id":"https:\/\/www.organisator.ch\/marketing\/2025-01-31\/60-jahre-tv-werbung-in-der-schweiz-eine-branche-im-wandel\/#primaryimage"},"thumbnailUrl":"https:\/\/www.markt-kom.com\/wp-content\/uploads\/2025\/01\/Visual-60-Jahre-TV-Werbung_Admeira.jpg","keywords":["MarKom","TV-Werbung"],"articleSection":["MARKETING"],"inLanguage":"en-US"},{"@type":"WebPage","@id":"https:\/\/www.organisator.ch\/marketing\/2025-01-31\/60-jahre-tv-werbung-in-der-schweiz-eine-branche-im-wandel\/","url":"https:\/\/www.organisator.ch\/marketing\/2025-01-31\/60-jahre-tv-werbung-in-der-schweiz-eine-branche-im-wandel\/","name":"60 years of TV advertising in Switzerland: an industry in transition - Organizer","isPartOf":{"@id":"https:\/\/www.organisator.ch\/#website"},"primaryImageOfPage":{"@id":"https:\/\/www.organisator.ch\/marketing\/2025-01-31\/60-jahre-tv-werbung-in-der-schweiz-eine-branche-im-wandel\/#primaryimage"},"image":{"@id":"https:\/\/www.organisator.ch\/marketing\/2025-01-31\/60-jahre-tv-werbung-in-der-schweiz-eine-branche-im-wandel\/#primaryimage"},"thumbnailUrl":"https:\/\/www.markt-kom.com\/wp-content\/uploads\/2025\/01\/Visual-60-Jahre-TV-Werbung_Admeira.jpg","datePublished":"2025-01-31T10:02:45+00:00","description":"TV advertising has been shaping Swiss brand communication since 1965. An overview of six decades of innovations and formats.","breadcrumb":{"@id":"https:\/\/www.organisator.ch\/marketing\/2025-01-31\/60-jahre-tv-werbung-in-der-schweiz-eine-branche-im-wandel\/#breadcrumb"},"inLanguage":"en-US","potentialAction":[{"@type":"ReadAction","target":["https:\/\/www.organisator.ch\/marketing\/2025-01-31\/60-jahre-tv-werbung-in-der-schweiz-eine-branche-im-wandel\/"]}]},{"@type":"ImageObject","inLanguage":"en-US","@id":"https:\/\/www.organisator.ch\/marketing\/2025-01-31\/60-jahre-tv-werbung-in-der-schweiz-eine-branche-im-wandel\/#primaryimage","url":"https:\/\/www.markt-kom.com\/wp-content\/uploads\/2025\/01\/Visual-60-Jahre-TV-Werbung_Admeira.jpg","contentUrl":"https:\/\/www.markt-kom.com\/wp-content\/uploads\/2025\/01\/Visual-60-Jahre-TV-Werbung_Admeira.jpg"},{"@type":"BreadcrumbList","@id":"https:\/\/www.organisator.ch\/marketing\/2025-01-31\/60-jahre-tv-werbung-in-der-schweiz-eine-branche-im-wandel\/#breadcrumb","itemListElement":[{"@type":"ListItem","position":1,"name":"Home","item":"https:\/\/www.organisator.ch\/"},{"@type":"ListItem","position":2,"name":"60 Jahre TV-Werbung in der Schweiz: eine Branche im Wandel"}]},{"@type":"WebSite","@id":"https:\/\/www.organisator.ch\/#website","url":"https:\/\/www.organisator.ch\/","name":"Organizer","description":"Competent. Practical. In 10 issues per year, ORGANISATOR presents the essential topics for managers of SMEs.","publisher":{"@id":"https:\/\/www.organisator.ch\/#organization"},"potentialAction":[{"@type":"SearchAction","target":{"@type":"EntryPoint","urlTemplate":"https:\/\/www.organisator.ch\/?s={search_term_string}"},"query-input":{"@type":"PropertyValueSpecification","valueRequired":true,"valueName":"search_term_string"}}],"inLanguage":"en-US"},{"@type":"Organization","@id":"https:\/\/www.organisator.ch\/#organization","name":"Organizer","url":"https:\/\/www.organisator.ch\/","logo":{"@type":"ImageObject","inLanguage":"en-US","@id":"https:\/\/www.organisator.ch\/#\/schema\/logo\/image\/","url":"https:\/\/www.organisator.ch\/wp-content\/uploads\/2022\/01\/Logo_Organisator_Website.png","contentUrl":"https:\/\/www.organisator.ch\/wp-content\/uploads\/2022\/01\/Logo_Organisator_Website.png","width":800,"height":77,"caption":"Organisator"},"image":{"@id":"https:\/\/www.organisator.ch\/#\/schema\/logo\/image\/"},"sameAs":["https:\/\/www.facebook.com\/OrganisatorFachmagazin","https:\/\/www.linkedin.com\/showcase\/organisator-das-magazin-fr-kmu","https:\/\/www.xing.com\/news\/pages\/organisator-ch-695","https:\/\/www.youtube.com\/channel\/UCGP2Sq0iWaZwT3BdIAQFYpw"]},{"@type":"Person","@id":"https:\/\/www.organisator.ch\/#\/schema\/person\/4e51799071cd2dd1232ac003643ef5f0","name":"galledia","image":{"@type":"ImageObject","inLanguage":"en-US","@id":"https:\/\/secure.gravatar.com\/avatar\/78a7f90c01fc2bfc875782a0d4922b37cde2cf184ce347b91316d23cd7f69a36?s=96&d=mm&r=g","url":"https:\/\/secure.gravatar.com\/avatar\/78a7f90c01fc2bfc875782a0d4922b37cde2cf184ce347b91316d23cd7f69a36?s=96&d=mm&r=g","contentUrl":"https:\/\/secure.gravatar.com\/avatar\/78a7f90c01fc2bfc875782a0d4922b37cde2cf184ce347b91316d23cd7f69a36?s=96&d=mm&r=g","caption":"galledia"},"sameAs":["https:\/\/x.com\/admin"],"url":"https:\/\/www.organisator.ch\/en\/author\/galledia\/"}]}},"_links":{"self":[{"href":"https:\/\/www.organisator.ch\/en\/wp-json\/wp\/v2\/posts\/35675","targetHints":{"allow":["GET"]}}],"collection":[{"href":"https:\/\/www.organisator.ch\/en\/wp-json\/wp\/v2\/posts"}],"about":[{"href":"https:\/\/www.organisator.ch\/en\/wp-json\/wp\/v2\/types\/post"}],"author":[{"embeddable":true,"href":"https:\/\/www.organisator.ch\/en\/wp-json\/wp\/v2\/users\/8"}],"replies":[{"embeddable":true,"href":"https:\/\/www.organisator.ch\/en\/wp-json\/wp\/v2\/comments?post=35675"}],"version-history":[{"count":6,"href":"https:\/\/www.organisator.ch\/en\/wp-json\/wp\/v2\/posts\/35675\/revisions"}],"predecessor-version":[{"id":35710,"href":"https:\/\/www.organisator.ch\/en\/wp-json\/wp\/v2\/posts\/35675\/revisions\/35710"}],"wp:attachment":[{"href":"https:\/\/www.organisator.ch\/en\/wp-json\/wp\/v2\/media?parent=35675"}],"wp:term":[{"taxonomy":"category","embeddable":true,"href":"https:\/\/www.organisator.ch\/en\/wp-json\/wp\/v2\/categories?post=35675"},{"taxonomy":"post_tag","embeddable":true,"href":"https:\/\/www.organisator.ch\/en\/wp-json\/wp\/v2\/tags?post=35675"}],"curies":[{"name":"wp","href":"https:\/\/api.w.org\/{rel}","templated":true}]}}