{"id":35807,"date":"2025-02-05T10:55:37","date_gmt":"2025-02-05T09:55:37","guid":{"rendered":"https:\/\/www.markt-kom.com\/?p=229918"},"modified":"2025-02-05T11:06:04","modified_gmt":"2025-02-05T10:06:04","slug":"srf-stellt-gg-ein-und-fokussiert-staerker-auf-die-primetime","status":"publish","type":"post","link":"https:\/\/www.organisator.ch\/en\/marketing\/2025-02-05\/srf-stellt-gg-ein-und-fokussiert-staerker-auf-die-primetime\/","title":{"rendered":"SRF discontinues 'G&amp;G' and focuses more on primetime"},"content":{"rendered":"<p><a href=\"https:\/\/www.markt-kom.com\/wp-content\/uploads\/2025\/02\/Bildschirmfoto-2025-02-05-um-10.28.35.png\"><img class=\"alignnone size-full wp-image-229920\" src=\"https:\/\/www.markt-kom.com\/wp-content\/uploads\/2025\/02\/Bildschirmfoto-2025-02-05-um-10.28.35.png\" sizes=\"(max-width: 894px) 100vw, 894px\" srcset=\"https:\/\/www.markt-kom.com\/wp-content\/uploads\/2025\/02\/Bildschirmfoto-2025-02-05-um-10.28.35.png 894w, https:\/\/www.markt-kom.com\/wp-content\/uploads\/2025\/02\/Bildschirmfoto-2025-02-05-um-10.28.35-600x399.png 600w, https:\/\/www.markt-kom.com\/wp-content\/uploads\/2025\/02\/Bildschirmfoto-2025-02-05-um-10.28.35-768x510.png 768w, https:\/\/www.markt-kom.com\/wp-content\/uploads\/2025\/02\/Bildschirmfoto-2025-02-05-um-10.28.35-18x12.png 18w, https:\/\/www.markt-kom.com\/wp-content\/uploads\/2025\/02\/Bildschirmfoto-2025-02-05-um-10.28.35-263x175.png 263w, https:\/\/www.markt-kom.com\/wp-content\/uploads\/2025\/02\/Bildschirmfoto-2025-02-05-um-10.28.35-527x350.png 527w\" alt=\"\" width=\"894\" height=\"594\" \/><\/a><\/p>\r\n<p>After 20 years, \"G&amp;G - Faces and Stories\" is disappearing from the SRF program. The measure is part of the strategic realignment \"SRF 4.0\", with which the media company is concentrating its resources more strongly on primetime in the face of falling commercial income and rising costs.<\/p>\r\n<p>SRF Director Nathalie Wappler emphasizes: \"Unfortunately, it is essential that we start implementing the carefully prepared adjustments to the offering, originally planned for 2026, as quickly as possible.\" The decision will entail drastic changes for the early evening program. From August 2025, a moderated newsflash, \"Mini Chuchi, dini Chuchi\" and purchased entertainment formats will be broadcast between 6 p.m. and 7 p.m. instead.<\/p>\r\n<p>By discontinuing \"G&amp;G\", SRF is saving around CHF 2 million a year and cutting around 20 full-time positions. Affected employees will be supported by SRG's social plan.<\/p>\r\n<p>Editorial director Paola Biason is saddened: \"The discontinuation of our program is an extremely painful loss - for our dedicated team, for the Swiss cultural scene, for social journalism and, above all, for our audience.\" Despite future reporting on people topics in other SRF formats, Swiss celebrities are losing an important platform with the discontinuation of \"G&amp;G\".<\/p>","protected":false},"excerpt":{"rendered":"<p>The society magazine \"G&amp;G - Gesichter und Geschichten\" will be discontinued in summer 2025. SRF is taking this measure in response to financial constraints and changes in viewing habits and is realigning its early evening program.<\/p>","protected":false},"author":8,"featured_media":0,"comment_status":"closed","ping_status":"closed","sticky":false,"template":"","format":"standard","meta":{"_acf_changed":false,"_yoast_wpseo_focuskw":"Einstellung G&G SRF","_yoast_wpseo_metadesc":"SRF stellt \u00abG&G\u00bb im Sommer 2025 ein. Die Massnahme spart 2 Mio. CHF und ist Teil der Neuausrichtung \u00abSRF 4.0\u00bb wegen sinkender Einnahmen.","articlekey":"","footnotes":""},"categories":[29],"tags":[5069,5070,4343],"class_list":["post-35807","post","type-post","status-publish","format-standard","hentry","category-marketing","tag-gg","tag-gesichter-und-geschichten","tag-markom"],"acf":[],"yoast_head":"<!-- This site is optimized with the Yoast SEO plugin v27.5 - https:\/\/yoast.com\/product\/yoast-seo-wordpress\/ -->\n<title>SRF stellt \u2039G&amp;G\u203a ein und fokussiert st\u00e4rker auf die Primetime - Organisator<\/title>\n<meta name=\"description\" content=\"SRF stellt \u00abG&amp;G\u00bb im Sommer 2025 ein. Die Massnahme spart 2 Mio. CHF und ist Teil der Neuausrichtung \u00abSRF 4.0\u00bb wegen sinkender Einnahmen.\" \/>\n<meta name=\"robots\" content=\"index, follow, max-snippet:-1, max-image-preview:large, max-video-preview:-1\" \/>\n<link rel=\"canonical\" href=\"https:\/\/www.organisator.ch\/en\/marketing\/2025-02-05\/srf-stellt-gg-ein-und-fokussiert-staerker-auf-die-primetime\/\" \/>\n<meta property=\"og:locale\" content=\"en_US\" \/>\n<meta property=\"og:type\" content=\"article\" \/>\n<meta property=\"og:title\" content=\"SRF stellt \u2039G&amp;G\u203a ein und fokussiert st\u00e4rker auf die Primetime - Organisator\" \/>\n<meta property=\"og:description\" content=\"SRF stellt \u00abG&amp;G\u00bb im Sommer 2025 ein. Die Massnahme spart 2 Mio. CHF und ist Teil der Neuausrichtung \u00abSRF 4.0\u00bb wegen sinkender Einnahmen.\" \/>\n<meta property=\"og:url\" content=\"https:\/\/www.organisator.ch\/en\/marketing\/2025-02-05\/srf-stellt-gg-ein-und-fokussiert-staerker-auf-die-primetime\/\" \/>\n<meta property=\"og:site_name\" content=\"Organisator\" \/>\n<meta property=\"article:publisher\" content=\"https:\/\/www.facebook.com\/OrganisatorFachmagazin\" \/>\n<meta property=\"article:published_time\" content=\"2025-02-05T09:55:37+00:00\" \/>\n<meta property=\"article:modified_time\" content=\"2025-02-05T10:06:04+00:00\" \/>\n<meta name=\"author\" content=\"galledia\" \/>\n<meta name=\"twitter:card\" content=\"summary_large_image\" \/>\n<meta name=\"twitter:creator\" content=\"@admin\" \/>\n<script type=\"application\/ld+json\" class=\"yoast-schema-graph\">{\"@context\":\"https:\\\/\\\/schema.org\",\"@graph\":[{\"@type\":\"Article\",\"@id\":\"https:\\\/\\\/www.organisator.ch\\\/marketing\\\/2025-02-05\\\/srf-stellt-gg-ein-und-fokussiert-staerker-auf-die-primetime\\\/#article\",\"isPartOf\":{\"@id\":\"https:\\\/\\\/www.organisator.ch\\\/marketing\\\/2025-02-05\\\/srf-stellt-gg-ein-und-fokussiert-staerker-auf-die-primetime\\\/\"},\"author\":{\"name\":\"galledia\",\"@id\":\"https:\\\/\\\/www.organisator.ch\\\/#\\\/schema\\\/person\\\/4e51799071cd2dd1232ac003643ef5f0\"},\"headline\":\"SRF stellt \u2039G&amp;G\u203a ein und fokussiert st\u00e4rker auf die Primetime\",\"datePublished\":\"2025-02-05T09:55:37+00:00\",\"dateModified\":\"2025-02-05T10:06:04+00:00\",\"mainEntityOfPage\":{\"@id\":\"https:\\\/\\\/www.organisator.ch\\\/marketing\\\/2025-02-05\\\/srf-stellt-gg-ein-und-fokussiert-staerker-auf-die-primetime\\\/\"},\"wordCount\":204,\"publisher\":{\"@id\":\"https:\\\/\\\/www.organisator.ch\\\/#organization\"},\"image\":{\"@id\":\"https:\\\/\\\/www.organisator.ch\\\/marketing\\\/2025-02-05\\\/srf-stellt-gg-ein-und-fokussiert-staerker-auf-die-primetime\\\/#primaryimage\"},\"thumbnailUrl\":\"https:\\\/\\\/www.markt-kom.com\\\/wp-content\\\/uploads\\\/2025\\\/02\\\/Bildschirmfoto-2025-02-05-um-10.28.35.png\",\"keywords\":[\"G&amp;G\",\"Gesichter und Geschichten\",\"MarKom\"],\"articleSection\":[\"MARKETING\"],\"inLanguage\":\"en-US\"},{\"@type\":\"WebPage\",\"@id\":\"https:\\\/\\\/www.organisator.ch\\\/marketing\\\/2025-02-05\\\/srf-stellt-gg-ein-und-fokussiert-staerker-auf-die-primetime\\\/\",\"url\":\"https:\\\/\\\/www.organisator.ch\\\/marketing\\\/2025-02-05\\\/srf-stellt-gg-ein-und-fokussiert-staerker-auf-die-primetime\\\/\",\"name\":\"SRF stellt \u2039G&amp;G\u203a ein und fokussiert st\u00e4rker auf die Primetime - Organisator\",\"isPartOf\":{\"@id\":\"https:\\\/\\\/www.organisator.ch\\\/#website\"},\"primaryImageOfPage\":{\"@id\":\"https:\\\/\\\/www.organisator.ch\\\/marketing\\\/2025-02-05\\\/srf-stellt-gg-ein-und-fokussiert-staerker-auf-die-primetime\\\/#primaryimage\"},\"image\":{\"@id\":\"https:\\\/\\\/www.organisator.ch\\\/marketing\\\/2025-02-05\\\/srf-stellt-gg-ein-und-fokussiert-staerker-auf-die-primetime\\\/#primaryimage\"},\"thumbnailUrl\":\"https:\\\/\\\/www.markt-kom.com\\\/wp-content\\\/uploads\\\/2025\\\/02\\\/Bildschirmfoto-2025-02-05-um-10.28.35.png\",\"datePublished\":\"2025-02-05T09:55:37+00:00\",\"dateModified\":\"2025-02-05T10:06:04+00:00\",\"description\":\"SRF stellt \u00abG&G\u00bb im Sommer 2025 ein. Die Massnahme spart 2 Mio. CHF und ist Teil der Neuausrichtung \u00abSRF 4.0\u00bb wegen sinkender Einnahmen.\",\"breadcrumb\":{\"@id\":\"https:\\\/\\\/www.organisator.ch\\\/marketing\\\/2025-02-05\\\/srf-stellt-gg-ein-und-fokussiert-staerker-auf-die-primetime\\\/#breadcrumb\"},\"inLanguage\":\"en-US\",\"potentialAction\":[{\"@type\":\"ReadAction\",\"target\":[\"https:\\\/\\\/www.organisator.ch\\\/marketing\\\/2025-02-05\\\/srf-stellt-gg-ein-und-fokussiert-staerker-auf-die-primetime\\\/\"]}]},{\"@type\":\"ImageObject\",\"inLanguage\":\"en-US\",\"@id\":\"https:\\\/\\\/www.organisator.ch\\\/marketing\\\/2025-02-05\\\/srf-stellt-gg-ein-und-fokussiert-staerker-auf-die-primetime\\\/#primaryimage\",\"url\":\"https:\\\/\\\/www.markt-kom.com\\\/wp-content\\\/uploads\\\/2025\\\/02\\\/Bildschirmfoto-2025-02-05-um-10.28.35.png\",\"contentUrl\":\"https:\\\/\\\/www.markt-kom.com\\\/wp-content\\\/uploads\\\/2025\\\/02\\\/Bildschirmfoto-2025-02-05-um-10.28.35.png\"},{\"@type\":\"BreadcrumbList\",\"@id\":\"https:\\\/\\\/www.organisator.ch\\\/marketing\\\/2025-02-05\\\/srf-stellt-gg-ein-und-fokussiert-staerker-auf-die-primetime\\\/#breadcrumb\",\"itemListElement\":[{\"@type\":\"ListItem\",\"position\":1,\"name\":\"Home\",\"item\":\"https:\\\/\\\/www.organisator.ch\\\/\"},{\"@type\":\"ListItem\",\"position\":2,\"name\":\"SRF stellt \u2039G&amp;G\u203a ein und fokussiert st\u00e4rker auf die Primetime\"}]},{\"@type\":\"WebSite\",\"@id\":\"https:\\\/\\\/www.organisator.ch\\\/#website\",\"url\":\"https:\\\/\\\/www.organisator.ch\\\/\",\"name\":\"Organisator\",\"description\":\"Kompetent. Praxisnah. Der ORGANISATOR bereitet in 10 Ausgaben pro Jahr die wesentlichen Themen f\u00fcr F\u00fchrungskr\u00e4fte von KMU auf.\",\"publisher\":{\"@id\":\"https:\\\/\\\/www.organisator.ch\\\/#organization\"},\"potentialAction\":[{\"@type\":\"SearchAction\",\"target\":{\"@type\":\"EntryPoint\",\"urlTemplate\":\"https:\\\/\\\/www.organisator.ch\\\/?s={search_term_string}\"},\"query-input\":{\"@type\":\"PropertyValueSpecification\",\"valueRequired\":true,\"valueName\":\"search_term_string\"}}],\"inLanguage\":\"en-US\"},{\"@type\":\"Organization\",\"@id\":\"https:\\\/\\\/www.organisator.ch\\\/#organization\",\"name\":\"Organisator\",\"url\":\"https:\\\/\\\/www.organisator.ch\\\/\",\"logo\":{\"@type\":\"ImageObject\",\"inLanguage\":\"en-US\",\"@id\":\"https:\\\/\\\/www.organisator.ch\\\/#\\\/schema\\\/logo\\\/image\\\/\",\"url\":\"https:\\\/\\\/www.organisator.ch\\\/wp-content\\\/uploads\\\/2022\\\/01\\\/Logo_Organisator_Website.png\",\"contentUrl\":\"https:\\\/\\\/www.organisator.ch\\\/wp-content\\\/uploads\\\/2022\\\/01\\\/Logo_Organisator_Website.png\",\"width\":800,\"height\":77,\"caption\":\"Organisator\"},\"image\":{\"@id\":\"https:\\\/\\\/www.organisator.ch\\\/#\\\/schema\\\/logo\\\/image\\\/\"},\"sameAs\":[\"https:\\\/\\\/www.facebook.com\\\/OrganisatorFachmagazin\",\"https:\\\/\\\/www.linkedin.com\\\/showcase\\\/organisator-das-magazin-fr-kmu\",\"https:\\\/\\\/www.xing.com\\\/news\\\/pages\\\/organisator-ch-695\",\"https:\\\/\\\/www.youtube.com\\\/channel\\\/UCGP2Sq0iWaZwT3BdIAQFYpw\"]},{\"@type\":\"Person\",\"@id\":\"https:\\\/\\\/www.organisator.ch\\\/#\\\/schema\\\/person\\\/4e51799071cd2dd1232ac003643ef5f0\",\"name\":\"galledia\",\"image\":{\"@type\":\"ImageObject\",\"inLanguage\":\"en-US\",\"@id\":\"https:\\\/\\\/secure.gravatar.com\\\/avatar\\\/78a7f90c01fc2bfc875782a0d4922b37cde2cf184ce347b91316d23cd7f69a36?s=96&d=mm&r=g\",\"url\":\"https:\\\/\\\/secure.gravatar.com\\\/avatar\\\/78a7f90c01fc2bfc875782a0d4922b37cde2cf184ce347b91316d23cd7f69a36?s=96&d=mm&r=g\",\"contentUrl\":\"https:\\\/\\\/secure.gravatar.com\\\/avatar\\\/78a7f90c01fc2bfc875782a0d4922b37cde2cf184ce347b91316d23cd7f69a36?s=96&d=mm&r=g\",\"caption\":\"galledia\"},\"sameAs\":[\"https:\\\/\\\/x.com\\\/admin\"],\"url\":\"https:\\\/\\\/www.organisator.ch\\\/en\\\/author\\\/galledia\\\/\"}]}<\/script>\n<!-- \/ Yoast SEO plugin. -->","yoast_head_json":{"title":"SRF discontinues 'G&amp;G' and focuses more on primetime - Organizer","description":"SRF will discontinue \"G&amp;G\" in summer 2025. The measure will save CHF 2 million and is part of the \"SRF 4.0\" realignment due to falling revenues.","robots":{"index":"index","follow":"follow","max-snippet":"max-snippet:-1","max-image-preview":"max-image-preview:large","max-video-preview":"max-video-preview:-1"},"canonical":"https:\/\/www.organisator.ch\/en\/marketing\/2025-02-05\/srf-stellt-gg-ein-und-fokussiert-staerker-auf-die-primetime\/","og_locale":"en_US","og_type":"article","og_title":"SRF stellt \u2039G&amp;G\u203a ein und fokussiert st\u00e4rker auf die Primetime - Organisator","og_description":"SRF stellt \u00abG&G\u00bb im Sommer 2025 ein. Die Massnahme spart 2 Mio. CHF und ist Teil der Neuausrichtung \u00abSRF 4.0\u00bb wegen sinkender Einnahmen.","og_url":"https:\/\/www.organisator.ch\/en\/marketing\/2025-02-05\/srf-stellt-gg-ein-und-fokussiert-staerker-auf-die-primetime\/","og_site_name":"Organisator","article_publisher":"https:\/\/www.facebook.com\/OrganisatorFachmagazin","article_published_time":"2025-02-05T09:55:37+00:00","article_modified_time":"2025-02-05T10:06:04+00:00","author":"galledia","twitter_card":"summary_large_image","twitter_creator":"@admin","schema":{"@context":"https:\/\/schema.org","@graph":[{"@type":"Article","@id":"https:\/\/www.organisator.ch\/marketing\/2025-02-05\/srf-stellt-gg-ein-und-fokussiert-staerker-auf-die-primetime\/#article","isPartOf":{"@id":"https:\/\/www.organisator.ch\/marketing\/2025-02-05\/srf-stellt-gg-ein-und-fokussiert-staerker-auf-die-primetime\/"},"author":{"name":"galledia","@id":"https:\/\/www.organisator.ch\/#\/schema\/person\/4e51799071cd2dd1232ac003643ef5f0"},"headline":"SRF stellt \u2039G&amp;G\u203a ein und fokussiert st\u00e4rker auf die Primetime","datePublished":"2025-02-05T09:55:37+00:00","dateModified":"2025-02-05T10:06:04+00:00","mainEntityOfPage":{"@id":"https:\/\/www.organisator.ch\/marketing\/2025-02-05\/srf-stellt-gg-ein-und-fokussiert-staerker-auf-die-primetime\/"},"wordCount":204,"publisher":{"@id":"https:\/\/www.organisator.ch\/#organization"},"image":{"@id":"https:\/\/www.organisator.ch\/marketing\/2025-02-05\/srf-stellt-gg-ein-und-fokussiert-staerker-auf-die-primetime\/#primaryimage"},"thumbnailUrl":"https:\/\/www.markt-kom.com\/wp-content\/uploads\/2025\/02\/Bildschirmfoto-2025-02-05-um-10.28.35.png","keywords":["G&amp;G","Gesichter und Geschichten","MarKom"],"articleSection":["MARKETING"],"inLanguage":"en-US"},{"@type":"WebPage","@id":"https:\/\/www.organisator.ch\/marketing\/2025-02-05\/srf-stellt-gg-ein-und-fokussiert-staerker-auf-die-primetime\/","url":"https:\/\/www.organisator.ch\/marketing\/2025-02-05\/srf-stellt-gg-ein-und-fokussiert-staerker-auf-die-primetime\/","name":"SRF discontinues 'G&amp;G' and focuses more on primetime - Organizer","isPartOf":{"@id":"https:\/\/www.organisator.ch\/#website"},"primaryImageOfPage":{"@id":"https:\/\/www.organisator.ch\/marketing\/2025-02-05\/srf-stellt-gg-ein-und-fokussiert-staerker-auf-die-primetime\/#primaryimage"},"image":{"@id":"https:\/\/www.organisator.ch\/marketing\/2025-02-05\/srf-stellt-gg-ein-und-fokussiert-staerker-auf-die-primetime\/#primaryimage"},"thumbnailUrl":"https:\/\/www.markt-kom.com\/wp-content\/uploads\/2025\/02\/Bildschirmfoto-2025-02-05-um-10.28.35.png","datePublished":"2025-02-05T09:55:37+00:00","dateModified":"2025-02-05T10:06:04+00:00","description":"SRF will discontinue \"G&amp;G\" in summer 2025. The measure will save CHF 2 million and is part of the \"SRF 4.0\" realignment due to falling revenues.","breadcrumb":{"@id":"https:\/\/www.organisator.ch\/marketing\/2025-02-05\/srf-stellt-gg-ein-und-fokussiert-staerker-auf-die-primetime\/#breadcrumb"},"inLanguage":"en-US","potentialAction":[{"@type":"ReadAction","target":["https:\/\/www.organisator.ch\/marketing\/2025-02-05\/srf-stellt-gg-ein-und-fokussiert-staerker-auf-die-primetime\/"]}]},{"@type":"ImageObject","inLanguage":"en-US","@id":"https:\/\/www.organisator.ch\/marketing\/2025-02-05\/srf-stellt-gg-ein-und-fokussiert-staerker-auf-die-primetime\/#primaryimage","url":"https:\/\/www.markt-kom.com\/wp-content\/uploads\/2025\/02\/Bildschirmfoto-2025-02-05-um-10.28.35.png","contentUrl":"https:\/\/www.markt-kom.com\/wp-content\/uploads\/2025\/02\/Bildschirmfoto-2025-02-05-um-10.28.35.png"},{"@type":"BreadcrumbList","@id":"https:\/\/www.organisator.ch\/marketing\/2025-02-05\/srf-stellt-gg-ein-und-fokussiert-staerker-auf-die-primetime\/#breadcrumb","itemListElement":[{"@type":"ListItem","position":1,"name":"Home","item":"https:\/\/www.organisator.ch\/"},{"@type":"ListItem","position":2,"name":"SRF stellt \u2039G&amp;G\u203a ein und fokussiert st\u00e4rker auf die Primetime"}]},{"@type":"WebSite","@id":"https:\/\/www.organisator.ch\/#website","url":"https:\/\/www.organisator.ch\/","name":"Organizer","description":"Competent. Practical. In 10 issues per year, ORGANISATOR presents the essential topics for managers of SMEs.","publisher":{"@id":"https:\/\/www.organisator.ch\/#organization"},"potentialAction":[{"@type":"SearchAction","target":{"@type":"EntryPoint","urlTemplate":"https:\/\/www.organisator.ch\/?s={search_term_string}"},"query-input":{"@type":"PropertyValueSpecification","valueRequired":true,"valueName":"search_term_string"}}],"inLanguage":"en-US"},{"@type":"Organization","@id":"https:\/\/www.organisator.ch\/#organization","name":"Organizer","url":"https:\/\/www.organisator.ch\/","logo":{"@type":"ImageObject","inLanguage":"en-US","@id":"https:\/\/www.organisator.ch\/#\/schema\/logo\/image\/","url":"https:\/\/www.organisator.ch\/wp-content\/uploads\/2022\/01\/Logo_Organisator_Website.png","contentUrl":"https:\/\/www.organisator.ch\/wp-content\/uploads\/2022\/01\/Logo_Organisator_Website.png","width":800,"height":77,"caption":"Organisator"},"image":{"@id":"https:\/\/www.organisator.ch\/#\/schema\/logo\/image\/"},"sameAs":["https:\/\/www.facebook.com\/OrganisatorFachmagazin","https:\/\/www.linkedin.com\/showcase\/organisator-das-magazin-fr-kmu","https:\/\/www.xing.com\/news\/pages\/organisator-ch-695","https:\/\/www.youtube.com\/channel\/UCGP2Sq0iWaZwT3BdIAQFYpw"]},{"@type":"Person","@id":"https:\/\/www.organisator.ch\/#\/schema\/person\/4e51799071cd2dd1232ac003643ef5f0","name":"galledia","image":{"@type":"ImageObject","inLanguage":"en-US","@id":"https:\/\/secure.gravatar.com\/avatar\/78a7f90c01fc2bfc875782a0d4922b37cde2cf184ce347b91316d23cd7f69a36?s=96&d=mm&r=g","url":"https:\/\/secure.gravatar.com\/avatar\/78a7f90c01fc2bfc875782a0d4922b37cde2cf184ce347b91316d23cd7f69a36?s=96&d=mm&r=g","contentUrl":"https:\/\/secure.gravatar.com\/avatar\/78a7f90c01fc2bfc875782a0d4922b37cde2cf184ce347b91316d23cd7f69a36?s=96&d=mm&r=g","caption":"galledia"},"sameAs":["https:\/\/x.com\/admin"],"url":"https:\/\/www.organisator.ch\/en\/author\/galledia\/"}]}},"_links":{"self":[{"href":"https:\/\/www.organisator.ch\/en\/wp-json\/wp\/v2\/posts\/35807","targetHints":{"allow":["GET"]}}],"collection":[{"href":"https:\/\/www.organisator.ch\/en\/wp-json\/wp\/v2\/posts"}],"about":[{"href":"https:\/\/www.organisator.ch\/en\/wp-json\/wp\/v2\/types\/post"}],"author":[{"embeddable":true,"href":"https:\/\/www.organisator.ch\/en\/wp-json\/wp\/v2\/users\/8"}],"replies":[{"embeddable":true,"href":"https:\/\/www.organisator.ch\/en\/wp-json\/wp\/v2\/comments?post=35807"}],"version-history":[{"count":4,"href":"https:\/\/www.organisator.ch\/en\/wp-json\/wp\/v2\/posts\/35807\/revisions"}],"predecessor-version":[{"id":35815,"href":"https:\/\/www.organisator.ch\/en\/wp-json\/wp\/v2\/posts\/35807\/revisions\/35815"}],"wp:attachment":[{"href":"https:\/\/www.organisator.ch\/en\/wp-json\/wp\/v2\/media?parent=35807"}],"wp:term":[{"taxonomy":"category","embeddable":true,"href":"https:\/\/www.organisator.ch\/en\/wp-json\/wp\/v2\/categories?post=35807"},{"taxonomy":"post_tag","embeddable":true,"href":"https:\/\/www.organisator.ch\/en\/wp-json\/wp\/v2\/tags?post=35807"}],"curies":[{"name":"wp","href":"https:\/\/api.w.org\/{rel}","templated":true}]}}