{"id":35947,"date":"2025-02-12T15:13:19","date_gmt":"2025-02-12T14:13:19","guid":{"rendered":"https:\/\/www.organisator.ch\/?p=35947"},"modified":"2025-02-12T15:13:19","modified_gmt":"2025-02-12T14:13:19","slug":"eraneos-ernennt-urs-reinhard-zum-managing-partner","status":"publish","type":"post","link":"https:\/\/www.organisator.ch\/en\/management\/2025-02-12\/eraneos-ernennt-urs-reinhard-zum-managing-partner\/","title":{"rendered":"Eraneos appoints Urs Reinhard as Managing Partner"},"content":{"rendered":"<figure id=\"attachment_35948\" aria-describedby=\"caption-attachment-35948\" style=\"width: 680px\" class=\"wp-caption alignnone\"><img loading=\"lazy\" decoding=\"async\" class=\"size-full wp-image-35948\" src=\"https:\/\/www.organisator.ch\/wp-content\/uploads\/2025\/02\/Eraneos_Bild1_ps.jpg\" alt=\"\" width=\"680\" height=\"453\" srcset=\"https:\/\/www.organisator.ch\/wp-content\/uploads\/2025\/02\/Eraneos_Bild1_ps.jpg 680w, https:\/\/www.organisator.ch\/wp-content\/uploads\/2025\/02\/Eraneos_Bild1_ps-18x12.jpg 18w, https:\/\/www.organisator.ch\/wp-content\/uploads\/2025\/02\/Eraneos_Bild1_ps-375x250.jpg 375w, https:\/\/www.organisator.ch\/wp-content\/uploads\/2025\/02\/Eraneos_Bild1_ps-525x350.jpg 525w\" sizes=\"auto, (max-width: 680px) 100vw, 680px\" \/><figcaption id=\"caption-attachment-35948\" class=\"wp-caption-text\">Urs Reinhard becomes Managing Partner at Eraneos Switzerland and strengthens the company's digital transformation. (Image: Eraneos)<\/figcaption><\/figure>\n<p>Urs Reinhard has many years of management experience in the field of digitalization. Most recently, he was CEO of Dialog Verwaltungs-Data, a municipal software provider belonging to Swiss Post. Prior to that, he worked as a Partner and Managing Director at the Boston Consulting Group and as Chief Digital &amp; Customer Officer and member of the Executive Board at UPC.<\/p>\n<p>With his expertise in digital transformation and organizational development, he will help to drive the company's growth and further strengthen Eraneos' strategic market positioning both locally and internationally. While Urs Reinhard will focus in particular on the private sector, Adrian W\u00e4gli will continue to look after the public sector as Managing Partner.<\/p>\n<p>\"With Urs Reinhard, we are gaining a leader with strategic vision and pragmatic implementation skills. I am delighted that he will help shape the further growth phase of Eraneos and turn our customers' transformation initiatives into sustainable success,\" says Oliver Vaterlaus, CEO Eraneos Group.<\/p>\n<p>Urs Reinhard on his move to Eraneos: \"I am looking forward to actively shaping the exciting development of the company together with Adrian W\u00e4gli and the Eraneos team, achieving further milestones and setting new standards in digital transformation.\"<\/p>\n<p><em>Source: <a href=\"http:\/\/www.eraneos.com\">www.eraneos.com<\/a><\/em><\/p>\n<p>&nbsp;<\/p>","protected":false},"excerpt":{"rendered":"<p>The international consulting firm Eraneos is strengthening its management team in Switzerland with Urs Reinhard as Managing Partner. With his extensive expertise in digital transformation and many years of management experience, he will help to drive the further growth and strategic positioning of Eraneos in the market.<\/p>","protected":false},"author":80,"featured_media":35948,"comment_status":"closed","ping_status":"closed","sticky":false,"template":"","format":"standard","meta":{"_acf_changed":false,"_yoast_wpseo_focuskw":"Urs Reinhard","_yoast_wpseo_metadesc":"Urs Reinhard wird Managing Partner bei Eraneos Schweiz und st\u00e4rkt die digitale Transformation des Unternehmens.","articlekey":"","footnotes":""},"categories":[28],"tags":[5083,986,5082,424,2643],"class_list":["post-35947","post","type-post","status-publish","format-standard","has-post-thumbnail","hentry","category-management","tag-beratungsunternehmen","tag-digitale-transformation","tag-managing-partner","tag-schweiz","tag-wachstum"],"acf":[],"yoast_head":"<!-- This site is optimized with the Yoast SEO plugin v27.5 - https:\/\/yoast.com\/product\/yoast-seo-wordpress\/ -->\n<title>Eraneos ernennt Urs Reinhard zum Managing Partner - Organisator<\/title>\n<meta name=\"description\" content=\"Urs Reinhard wird Managing Partner bei Eraneos Schweiz und st\u00e4rkt die digitale Transformation des Unternehmens.\" \/>\n<meta name=\"robots\" content=\"index, follow, max-snippet:-1, max-image-preview:large, max-video-preview:-1\" \/>\n<link rel=\"canonical\" href=\"https:\/\/www.organisator.ch\/en\/management\/2025-02-12\/eraneos-ernennt-urs-reinhard-zum-managing-partner\/\" \/>\n<meta property=\"og:locale\" content=\"en_US\" \/>\n<meta property=\"og:type\" content=\"article\" \/>\n<meta property=\"og:title\" content=\"Eraneos ernennt Urs Reinhard zum Managing Partner\" \/>\n<meta property=\"og:description\" content=\"Urs Reinhard wird Managing Partner bei Eraneos Schweiz und st\u00e4rkt die digitale Transformation des Unternehmens.\" \/>\n<meta property=\"og:url\" content=\"https:\/\/www.organisator.ch\/en\/management\/2025-02-12\/eraneos-ernennt-urs-reinhard-zum-managing-partner\/\" \/>\n<meta property=\"og:site_name\" content=\"Organisator\" \/>\n<meta property=\"article:publisher\" content=\"https:\/\/www.facebook.com\/OrganisatorFachmagazin\" \/>\n<meta property=\"article:published_time\" content=\"2025-02-12T14:13:19+00:00\" \/>\n<meta property=\"og:image\" content=\"https:\/\/www.organisator.ch\/wp-content\/uploads\/2025\/02\/Eraneos_Bild1_ps.jpg\" \/>\n\t<meta property=\"og:image:width\" content=\"680\" \/>\n\t<meta property=\"og:image:height\" content=\"453\" \/>\n\t<meta property=\"og:image:type\" content=\"image\/jpeg\" \/>\n<meta name=\"author\" content=\"Dzana Muminovic\" \/>\n<meta name=\"twitter:card\" content=\"summary_large_image\" \/>\n<meta name=\"twitter:title\" content=\"Eraneos ernennt Urs Reinhard zum Managing Partner\" \/>\n<meta name=\"twitter:description\" content=\"#Urs #Reinhard wird #Managing #Partner bei #Eraneos #Schweiz und st\u00e4rkt die digitale #Transformation des #Unternehmens.\" \/>\n<meta name=\"twitter:image\" content=\"https:\/\/www.organisator.ch\/wp-content\/uploads\/2025\/02\/Eraneos_Bild1_ps.jpg\" \/>\n<script type=\"application\/ld+json\" class=\"yoast-schema-graph\">{\"@context\":\"https:\\\/\\\/schema.org\",\"@graph\":[{\"@type\":\"Article\",\"@id\":\"https:\\\/\\\/www.organisator.ch\\\/management\\\/2025-02-12\\\/eraneos-ernennt-urs-reinhard-zum-managing-partner\\\/#article\",\"isPartOf\":{\"@id\":\"https:\\\/\\\/www.organisator.ch\\\/management\\\/2025-02-12\\\/eraneos-ernennt-urs-reinhard-zum-managing-partner\\\/\"},\"author\":{\"name\":\"Dzana Muminovic\",\"@id\":\"https:\\\/\\\/www.organisator.ch\\\/#\\\/schema\\\/person\\\/afccda3a71c06d4be2ed9100dd163db7\"},\"headline\":\"Eraneos ernennt Urs Reinhard zum Managing Partner\",\"datePublished\":\"2025-02-12T14:13:19+00:00\",\"mainEntityOfPage\":{\"@id\":\"https:\\\/\\\/www.organisator.ch\\\/management\\\/2025-02-12\\\/eraneos-ernennt-urs-reinhard-zum-managing-partner\\\/\"},\"wordCount\":228,\"publisher\":{\"@id\":\"https:\\\/\\\/www.organisator.ch\\\/#organization\"},\"image\":{\"@id\":\"https:\\\/\\\/www.organisator.ch\\\/management\\\/2025-02-12\\\/eraneos-ernennt-urs-reinhard-zum-managing-partner\\\/#primaryimage\"},\"thumbnailUrl\":\"https:\\\/\\\/www.organisator.ch\\\/wp-content\\\/uploads\\\/2025\\\/02\\\/Eraneos_Bild1_ps.jpg\",\"keywords\":[\"Beratungsunternehmen\",\"Digitale Transformation\",\"Managing Partner\",\"Schweiz\",\"Wachstum\"],\"articleSection\":[\"MANAGEMENT\"],\"inLanguage\":\"en-US\"},{\"@type\":\"WebPage\",\"@id\":\"https:\\\/\\\/www.organisator.ch\\\/management\\\/2025-02-12\\\/eraneos-ernennt-urs-reinhard-zum-managing-partner\\\/\",\"url\":\"https:\\\/\\\/www.organisator.ch\\\/management\\\/2025-02-12\\\/eraneos-ernennt-urs-reinhard-zum-managing-partner\\\/\",\"name\":\"Eraneos ernennt Urs Reinhard zum Managing Partner - Organisator\",\"isPartOf\":{\"@id\":\"https:\\\/\\\/www.organisator.ch\\\/#website\"},\"primaryImageOfPage\":{\"@id\":\"https:\\\/\\\/www.organisator.ch\\\/management\\\/2025-02-12\\\/eraneos-ernennt-urs-reinhard-zum-managing-partner\\\/#primaryimage\"},\"image\":{\"@id\":\"https:\\\/\\\/www.organisator.ch\\\/management\\\/2025-02-12\\\/eraneos-ernennt-urs-reinhard-zum-managing-partner\\\/#primaryimage\"},\"thumbnailUrl\":\"https:\\\/\\\/www.organisator.ch\\\/wp-content\\\/uploads\\\/2025\\\/02\\\/Eraneos_Bild1_ps.jpg\",\"datePublished\":\"2025-02-12T14:13:19+00:00\",\"description\":\"Urs Reinhard wird Managing Partner bei Eraneos Schweiz und st\u00e4rkt die digitale Transformation des Unternehmens.\",\"breadcrumb\":{\"@id\":\"https:\\\/\\\/www.organisator.ch\\\/management\\\/2025-02-12\\\/eraneos-ernennt-urs-reinhard-zum-managing-partner\\\/#breadcrumb\"},\"inLanguage\":\"en-US\",\"potentialAction\":[{\"@type\":\"ReadAction\",\"target\":[\"https:\\\/\\\/www.organisator.ch\\\/management\\\/2025-02-12\\\/eraneos-ernennt-urs-reinhard-zum-managing-partner\\\/\"]}]},{\"@type\":\"ImageObject\",\"inLanguage\":\"en-US\",\"@id\":\"https:\\\/\\\/www.organisator.ch\\\/management\\\/2025-02-12\\\/eraneos-ernennt-urs-reinhard-zum-managing-partner\\\/#primaryimage\",\"url\":\"https:\\\/\\\/www.organisator.ch\\\/wp-content\\\/uploads\\\/2025\\\/02\\\/Eraneos_Bild1_ps.jpg\",\"contentUrl\":\"https:\\\/\\\/www.organisator.ch\\\/wp-content\\\/uploads\\\/2025\\\/02\\\/Eraneos_Bild1_ps.jpg\",\"width\":680,\"height\":453,\"caption\":\"Urs Reinhard wird Managing Partner bei Eraneos Schweiz und st\u00e4rkt die digitale Transformation des Unternehmens. (Bild: Eraneos)\"},{\"@type\":\"BreadcrumbList\",\"@id\":\"https:\\\/\\\/www.organisator.ch\\\/management\\\/2025-02-12\\\/eraneos-ernennt-urs-reinhard-zum-managing-partner\\\/#breadcrumb\",\"itemListElement\":[{\"@type\":\"ListItem\",\"position\":1,\"name\":\"Home\",\"item\":\"https:\\\/\\\/www.organisator.ch\\\/\"},{\"@type\":\"ListItem\",\"position\":2,\"name\":\"Eraneos ernennt Urs Reinhard zum Managing Partner\"}]},{\"@type\":\"WebSite\",\"@id\":\"https:\\\/\\\/www.organisator.ch\\\/#website\",\"url\":\"https:\\\/\\\/www.organisator.ch\\\/\",\"name\":\"Organisator\",\"description\":\"Kompetent. Praxisnah. Der ORGANISATOR bereitet in 10 Ausgaben pro Jahr die wesentlichen Themen f\u00fcr F\u00fchrungskr\u00e4fte von KMU auf.\",\"publisher\":{\"@id\":\"https:\\\/\\\/www.organisator.ch\\\/#organization\"},\"potentialAction\":[{\"@type\":\"SearchAction\",\"target\":{\"@type\":\"EntryPoint\",\"urlTemplate\":\"https:\\\/\\\/www.organisator.ch\\\/?s={search_term_string}\"},\"query-input\":{\"@type\":\"PropertyValueSpecification\",\"valueRequired\":true,\"valueName\":\"search_term_string\"}}],\"inLanguage\":\"en-US\"},{\"@type\":\"Organization\",\"@id\":\"https:\\\/\\\/www.organisator.ch\\\/#organization\",\"name\":\"Organisator\",\"url\":\"https:\\\/\\\/www.organisator.ch\\\/\",\"logo\":{\"@type\":\"ImageObject\",\"inLanguage\":\"en-US\",\"@id\":\"https:\\\/\\\/www.organisator.ch\\\/#\\\/schema\\\/logo\\\/image\\\/\",\"url\":\"https:\\\/\\\/www.organisator.ch\\\/wp-content\\\/uploads\\\/2022\\\/01\\\/Logo_Organisator_Website.png\",\"contentUrl\":\"https:\\\/\\\/www.organisator.ch\\\/wp-content\\\/uploads\\\/2022\\\/01\\\/Logo_Organisator_Website.png\",\"width\":800,\"height\":77,\"caption\":\"Organisator\"},\"image\":{\"@id\":\"https:\\\/\\\/www.organisator.ch\\\/#\\\/schema\\\/logo\\\/image\\\/\"},\"sameAs\":[\"https:\\\/\\\/www.facebook.com\\\/OrganisatorFachmagazin\",\"https:\\\/\\\/www.linkedin.com\\\/showcase\\\/organisator-das-magazin-fr-kmu\",\"https:\\\/\\\/www.xing.com\\\/news\\\/pages\\\/organisator-ch-695\",\"https:\\\/\\\/www.youtube.com\\\/channel\\\/UCGP2Sq0iWaZwT3BdIAQFYpw\"]},{\"@type\":\"Person\",\"@id\":\"https:\\\/\\\/www.organisator.ch\\\/#\\\/schema\\\/person\\\/afccda3a71c06d4be2ed9100dd163db7\",\"name\":\"Dzana Muminovic\",\"image\":{\"@type\":\"ImageObject\",\"inLanguage\":\"en-US\",\"@id\":\"https:\\\/\\\/secure.gravatar.com\\\/avatar\\\/909c5c71aff4b38e88686f2ab2f1ba152571f394f41ed8bae431ea56ced93050?s=96&d=mm&r=g\",\"url\":\"https:\\\/\\\/secure.gravatar.com\\\/avatar\\\/909c5c71aff4b38e88686f2ab2f1ba152571f394f41ed8bae431ea56ced93050?s=96&d=mm&r=g\",\"contentUrl\":\"https:\\\/\\\/secure.gravatar.com\\\/avatar\\\/909c5c71aff4b38e88686f2ab2f1ba152571f394f41ed8bae431ea56ced93050?s=96&d=mm&r=g\",\"caption\":\"Dzana Muminovic\"},\"url\":\"https:\\\/\\\/www.organisator.ch\\\/en\\\/author\\\/dzana-muminovic\\\/\"}]}<\/script>\n<!-- \/ Yoast SEO plugin. -->","yoast_head_json":{"title":"Eraneos appoints Urs Reinhard as Managing Partner - Organizer","description":"Urs Reinhard becomes Managing Partner at Eraneos Switzerland and strengthens the company's digital transformation.","robots":{"index":"index","follow":"follow","max-snippet":"max-snippet:-1","max-image-preview":"max-image-preview:large","max-video-preview":"max-video-preview:-1"},"canonical":"https:\/\/www.organisator.ch\/en\/management\/2025-02-12\/eraneos-ernennt-urs-reinhard-zum-managing-partner\/","og_locale":"en_US","og_type":"article","og_title":"Eraneos ernennt Urs Reinhard zum Managing Partner","og_description":"Urs Reinhard wird Managing Partner bei Eraneos Schweiz und st\u00e4rkt die digitale Transformation des Unternehmens.","og_url":"https:\/\/www.organisator.ch\/en\/management\/2025-02-12\/eraneos-ernennt-urs-reinhard-zum-managing-partner\/","og_site_name":"Organisator","article_publisher":"https:\/\/www.facebook.com\/OrganisatorFachmagazin","article_published_time":"2025-02-12T14:13:19+00:00","og_image":[{"width":680,"height":453,"url":"https:\/\/www.organisator.ch\/wp-content\/uploads\/2025\/02\/Eraneos_Bild1_ps.jpg","type":"image\/jpeg"}],"author":"Dzana Muminovic","twitter_card":"summary_large_image","twitter_title":"Eraneos ernennt Urs Reinhard zum Managing Partner","twitter_description":"#Urs #Reinhard wird #Managing #Partner bei #Eraneos #Schweiz und st\u00e4rkt die digitale #Transformation des #Unternehmens.","twitter_image":"https:\/\/www.organisator.ch\/wp-content\/uploads\/2025\/02\/Eraneos_Bild1_ps.jpg","schema":{"@context":"https:\/\/schema.org","@graph":[{"@type":"Article","@id":"https:\/\/www.organisator.ch\/management\/2025-02-12\/eraneos-ernennt-urs-reinhard-zum-managing-partner\/#article","isPartOf":{"@id":"https:\/\/www.organisator.ch\/management\/2025-02-12\/eraneos-ernennt-urs-reinhard-zum-managing-partner\/"},"author":{"name":"Dzana Muminovic","@id":"https:\/\/www.organisator.ch\/#\/schema\/person\/afccda3a71c06d4be2ed9100dd163db7"},"headline":"Eraneos ernennt Urs Reinhard zum Managing Partner","datePublished":"2025-02-12T14:13:19+00:00","mainEntityOfPage":{"@id":"https:\/\/www.organisator.ch\/management\/2025-02-12\/eraneos-ernennt-urs-reinhard-zum-managing-partner\/"},"wordCount":228,"publisher":{"@id":"https:\/\/www.organisator.ch\/#organization"},"image":{"@id":"https:\/\/www.organisator.ch\/management\/2025-02-12\/eraneos-ernennt-urs-reinhard-zum-managing-partner\/#primaryimage"},"thumbnailUrl":"https:\/\/www.organisator.ch\/wp-content\/uploads\/2025\/02\/Eraneos_Bild1_ps.jpg","keywords":["Beratungsunternehmen","Digitale Transformation","Managing Partner","Schweiz","Wachstum"],"articleSection":["MANAGEMENT"],"inLanguage":"en-US"},{"@type":"WebPage","@id":"https:\/\/www.organisator.ch\/management\/2025-02-12\/eraneos-ernennt-urs-reinhard-zum-managing-partner\/","url":"https:\/\/www.organisator.ch\/management\/2025-02-12\/eraneos-ernennt-urs-reinhard-zum-managing-partner\/","name":"Eraneos appoints Urs Reinhard as Managing Partner - Organizer","isPartOf":{"@id":"https:\/\/www.organisator.ch\/#website"},"primaryImageOfPage":{"@id":"https:\/\/www.organisator.ch\/management\/2025-02-12\/eraneos-ernennt-urs-reinhard-zum-managing-partner\/#primaryimage"},"image":{"@id":"https:\/\/www.organisator.ch\/management\/2025-02-12\/eraneos-ernennt-urs-reinhard-zum-managing-partner\/#primaryimage"},"thumbnailUrl":"https:\/\/www.organisator.ch\/wp-content\/uploads\/2025\/02\/Eraneos_Bild1_ps.jpg","datePublished":"2025-02-12T14:13:19+00:00","description":"Urs Reinhard becomes Managing Partner at Eraneos Switzerland and strengthens the company's digital transformation.","breadcrumb":{"@id":"https:\/\/www.organisator.ch\/management\/2025-02-12\/eraneos-ernennt-urs-reinhard-zum-managing-partner\/#breadcrumb"},"inLanguage":"en-US","potentialAction":[{"@type":"ReadAction","target":["https:\/\/www.organisator.ch\/management\/2025-02-12\/eraneos-ernennt-urs-reinhard-zum-managing-partner\/"]}]},{"@type":"ImageObject","inLanguage":"en-US","@id":"https:\/\/www.organisator.ch\/management\/2025-02-12\/eraneos-ernennt-urs-reinhard-zum-managing-partner\/#primaryimage","url":"https:\/\/www.organisator.ch\/wp-content\/uploads\/2025\/02\/Eraneos_Bild1_ps.jpg","contentUrl":"https:\/\/www.organisator.ch\/wp-content\/uploads\/2025\/02\/Eraneos_Bild1_ps.jpg","width":680,"height":453,"caption":"Urs Reinhard wird Managing Partner bei Eraneos Schweiz und st\u00e4rkt die digitale Transformation des Unternehmens. (Bild: Eraneos)"},{"@type":"BreadcrumbList","@id":"https:\/\/www.organisator.ch\/management\/2025-02-12\/eraneos-ernennt-urs-reinhard-zum-managing-partner\/#breadcrumb","itemListElement":[{"@type":"ListItem","position":1,"name":"Home","item":"https:\/\/www.organisator.ch\/"},{"@type":"ListItem","position":2,"name":"Eraneos ernennt Urs Reinhard zum Managing Partner"}]},{"@type":"WebSite","@id":"https:\/\/www.organisator.ch\/#website","url":"https:\/\/www.organisator.ch\/","name":"Organizer","description":"Competent. Practical. In 10 issues per year, ORGANISATOR presents the essential topics for managers of SMEs.","publisher":{"@id":"https:\/\/www.organisator.ch\/#organization"},"potentialAction":[{"@type":"SearchAction","target":{"@type":"EntryPoint","urlTemplate":"https:\/\/www.organisator.ch\/?s={search_term_string}"},"query-input":{"@type":"PropertyValueSpecification","valueRequired":true,"valueName":"search_term_string"}}],"inLanguage":"en-US"},{"@type":"Organization","@id":"https:\/\/www.organisator.ch\/#organization","name":"Organizer","url":"https:\/\/www.organisator.ch\/","logo":{"@type":"ImageObject","inLanguage":"en-US","@id":"https:\/\/www.organisator.ch\/#\/schema\/logo\/image\/","url":"https:\/\/www.organisator.ch\/wp-content\/uploads\/2022\/01\/Logo_Organisator_Website.png","contentUrl":"https:\/\/www.organisator.ch\/wp-content\/uploads\/2022\/01\/Logo_Organisator_Website.png","width":800,"height":77,"caption":"Organisator"},"image":{"@id":"https:\/\/www.organisator.ch\/#\/schema\/logo\/image\/"},"sameAs":["https:\/\/www.facebook.com\/OrganisatorFachmagazin","https:\/\/www.linkedin.com\/showcase\/organisator-das-magazin-fr-kmu","https:\/\/www.xing.com\/news\/pages\/organisator-ch-695","https:\/\/www.youtube.com\/channel\/UCGP2Sq0iWaZwT3BdIAQFYpw"]},{"@type":"Person","@id":"https:\/\/www.organisator.ch\/#\/schema\/person\/afccda3a71c06d4be2ed9100dd163db7","name":"Dzana Muminovic","image":{"@type":"ImageObject","inLanguage":"en-US","@id":"https:\/\/secure.gravatar.com\/avatar\/909c5c71aff4b38e88686f2ab2f1ba152571f394f41ed8bae431ea56ced93050?s=96&d=mm&r=g","url":"https:\/\/secure.gravatar.com\/avatar\/909c5c71aff4b38e88686f2ab2f1ba152571f394f41ed8bae431ea56ced93050?s=96&d=mm&r=g","contentUrl":"https:\/\/secure.gravatar.com\/avatar\/909c5c71aff4b38e88686f2ab2f1ba152571f394f41ed8bae431ea56ced93050?s=96&d=mm&r=g","caption":"Dzana Muminovic"},"url":"https:\/\/www.organisator.ch\/en\/author\/dzana-muminovic\/"}]}},"_links":{"self":[{"href":"https:\/\/www.organisator.ch\/en\/wp-json\/wp\/v2\/posts\/35947","targetHints":{"allow":["GET"]}}],"collection":[{"href":"https:\/\/www.organisator.ch\/en\/wp-json\/wp\/v2\/posts"}],"about":[{"href":"https:\/\/www.organisator.ch\/en\/wp-json\/wp\/v2\/types\/post"}],"author":[{"embeddable":true,"href":"https:\/\/www.organisator.ch\/en\/wp-json\/wp\/v2\/users\/80"}],"replies":[{"embeddable":true,"href":"https:\/\/www.organisator.ch\/en\/wp-json\/wp\/v2\/comments?post=35947"}],"version-history":[{"count":4,"href":"https:\/\/www.organisator.ch\/en\/wp-json\/wp\/v2\/posts\/35947\/revisions"}],"predecessor-version":[{"id":35950,"href":"https:\/\/www.organisator.ch\/en\/wp-json\/wp\/v2\/posts\/35947\/revisions\/35950"}],"wp:featuredmedia":[{"embeddable":true,"href":"https:\/\/www.organisator.ch\/en\/wp-json\/wp\/v2\/media\/35948"}],"wp:attachment":[{"href":"https:\/\/www.organisator.ch\/en\/wp-json\/wp\/v2\/media?parent=35947"}],"wp:term":[{"taxonomy":"category","embeddable":true,"href":"https:\/\/www.organisator.ch\/en\/wp-json\/wp\/v2\/categories?post=35947"},{"taxonomy":"post_tag","embeddable":true,"href":"https:\/\/www.organisator.ch\/en\/wp-json\/wp\/v2\/tags?post=35947"}],"curies":[{"name":"wp","href":"https:\/\/api.w.org\/{rel}","templated":true}]}}