{"id":3595,"date":"2018-05-16T14:31:59","date_gmt":"2018-05-16T12:31:59","guid":{"rendered":"https:\/\/www.organisator.ch\/?p=3595"},"modified":"2018-05-16T14:31:59","modified_gmt":"2018-05-16T12:31:59","slug":"unbesetzte-stellen-belasten-die-arbeitsmoral-der-mitarbeiter","status":"publish","type":"post","link":"https:\/\/www.organisator.ch\/en\/human-resources\/hrm\/2018-05-16\/unbesetzte-stellen-belasten-die-arbeitsmoral-der-mitarbeiter\/","title":{"rendered":"Unfilled positions put a strain on employee morale"},"content":{"rendered":"<figure id=\"attachment_3597\" aria-describedby=\"caption-attachment-3597\" style=\"width: 640px\" class=\"wp-caption alignnone\"><img loading=\"lazy\" decoding=\"async\" class=\"size-full wp-image-3597\" src=\"https:\/\/www.organisator.ch\/wp-content\/uploads\/2018\/05\/Unbesetzte-Stellen-belasten-die-Arbeitsmoral-der-Mitarbeiter_Organisator.jpg\" alt=\"\" width=\"640\" height=\"416\" srcset=\"https:\/\/www.organisator.ch\/wp-content\/uploads\/2018\/05\/Unbesetzte-Stellen-belasten-die-Arbeitsmoral-der-Mitarbeiter_Organisator.jpg 640w, https:\/\/www.organisator.ch\/wp-content\/uploads\/2018\/05\/Unbesetzte-Stellen-belasten-die-Arbeitsmoral-der-Mitarbeiter_Organisator-16x10.jpg 16w, https:\/\/www.organisator.ch\/wp-content\/uploads\/2018\/05\/Unbesetzte-Stellen-belasten-die-Arbeitsmoral-der-Mitarbeiter_Organisator-269x175.jpg 269w, https:\/\/www.organisator.ch\/wp-content\/uploads\/2018\/05\/Unbesetzte-Stellen-belasten-die-Arbeitsmoral-der-Mitarbeiter_Organisator-538x350.jpg 538w, https:\/\/www.organisator.ch\/wp-content\/uploads\/2018\/05\/Unbesetzte-Stellen-belasten-die-Arbeitsmoral-der-Mitarbeiter_Organisator-300x195.jpg 300w\" sizes=\"auto, (max-width: 640px) 100vw, 640px\" \/><figcaption id=\"caption-attachment-3597\" class=\"wp-caption-text\">Don't feel like taking on extra work? If jobs remain vacant for a long time, employee morale suffers. (Image: Fotolia.com)<\/figcaption><\/figure>\n<p>If positions remain unfilled for a longer period of time, the strain on other employees increases. First and foremost, employee morale suffers (25 %). In addition, a limitation of business growth (23 %) and productivity losses (20 %) are among the strongest consequences of long-term unfilled jobs. This was reported by 200 Swiss HR managers surveyed as part of the latest labor market study by personnel services provider Robert Half. \"On the one hand, companies are having difficulty filling open positions quickly due to the shortage of skilled workers. In the meantime, tasks are being distributed among existing employees,\" says Sven Hennige, Senior Managing Director at Robert Half.<\/p>\n<h2><strong>Worst case: dismissals of overworked employees<\/strong><\/h2>\n<p>\"Redistributing work may allow operations to continue seamlessly for a period of time, but managers often underestimate the strain it places on employees. Just a few weeks of extra work can result in frustration and overwhelm. In the worst-case scenario, there are resignations if the work-life balance becomes too imbalanced,\" explains Hennige. How the study <a href=\"https:\/\/www.roberthalf.ch\/de\/gluecklich-arbeiten?utm_source=roberthalf&amp;utm_medium=pressrelease&amp;utm_campaign=rh-cli-workhappy2017-may2018\">\"Secrets of the Happiest Companies and Employees\"<\/a> by Robert Half in 2017, a poor work-life balance is one of the strongest drivers when an employee decides to quit. Only a lack of team cohesion, the feeling of having to pretend at work, and a lack of pride in one's own work have a more negative effect.<\/p>\n<h2>Declining morale<\/h2>\n<p>The following table shows the consequences that longer unfilled positions can have on the working atmosphere and the economic situation of a company:<\/p>\n<p>&nbsp;<\/p>\n<table width=\"576\">\n<tbody>\n<tr>\n<td colspan=\"2\">Robert Half surveyed 200 HR managers:\u00a0<strong>What is the strongest consequence of unfilled positions for your company? <\/strong><\/td>\n<\/tr>\n<tr>\n<td>Low morale<\/td>\n<td>\u00a0 \u00a025 %<\/td>\n<\/tr>\n<tr>\n<td>Limited business growth<\/td>\n<td>\u00a0 \u00a023 %<\/td>\n<\/tr>\n<tr>\n<td>Productivity loss<\/td>\n<td>\u00a0 \u00a020 %<\/td>\n<\/tr>\n<tr>\n<td>Inability to develop new business\/revenue potentials<\/td>\n<td>\u00a0 \u00a013 %<\/td>\n<\/tr>\n<tr>\n<td>Higher workload\/poor work-life balance for existing employees<\/td>\n<td>\u00a0 \u00a0 9 %<\/td>\n<\/tr>\n<tr>\n<td>Higher employee turnover<\/td>\n<td>\u00a0 \u00a0 7 %<\/td>\n<\/tr>\n<tr>\n<td>Missing project milestones<\/td>\n<td>\u00a0 \u00a0 1 %<\/td>\n<\/tr>\n<\/tbody>\n<\/table>\n<p>Source: Robert Half, Labor Market Study 2017, Respondents: 200 HR managers in Switzerland<\/p>\n<p>&nbsp;<\/p>\n<h2><strong>Avoid permanent stress<\/strong><\/h2>\n<p>To prevent a position from remaining unfilled in the long term, HR managers should analyze the so-called time-to-hire, i.e. the duration from the advertisement to the filling of a position. If the recruiting process regularly takes longer than planned, there is a need for action.<\/p>\n<p>The reasons for a long time-to-hire are manifold: cumbersome recruiting processes, a lack of willingness to make decisions in the companies or too high demands on the candidates can be responsible. Sven Hennige recommends: \"A significant change or shortening of the recruiting process can usually not be realized so quickly. Managers should involve the team, openly address the personnel bottleneck and try to find consensual solutions. Temporary employees can also help bridge the time until the open position is filled again.\"<\/p>\n<p><em>Source: <a href=\"http:\/\/www.roberthalf.ch\/ueber-uns\">Robert Half<\/a><\/em><strong>\u00a0<\/strong><\/p>","protected":false},"excerpt":{"rendered":"<p>Bleiben Stellen l\u00e4ngere Zeit unbesetzt, dann steigt die Belastung der anderen Mitarbeitenden. In erster Linie leidet die Arbeitsmoral (25 %) der Angestellten. Daneben z\u00e4hlen eine Begrenzung des Gesch\u00e4ftswachstum (23 %) und Produktivit\u00e4tsverluste (20 %) zu den st\u00e4rksten Folgen langfristig unbesetzter Arbeitspl\u00e4tze. Das berichten 200 Schweizer Personalverantwortliche, die im Rahmen der aktuellen Arbeitsmarktstudie des Personaldienstleisters Robert [&hellip;]<\/p>\n","protected":false},"author":4,"featured_media":3597,"comment_status":"open","ping_status":"open","sticky":false,"template":"","format":"standard","meta":{"_acf_changed":false,"_yoast_wpseo_focuskw":"Arbeitsmoral","_yoast_wpseo_metadesc":"Durch die positive Wirtschaftsentwicklung in der Schweiz ist die Zahl der offenen Stellen in den letzten Jahren stark angestiegen. Allein im April 2018 waren gem\u00e4ss dem Statistik-Portal statista.com 14.431 vakante Positionen gemeldet. Dies schadet nicht nur den Ums\u00e4tzen der Unternehmen, sondern auch den Mitarbeitern.","articlekey":"","footnotes":""},"categories":[26],"tags":[47,254,334],"class_list":["post-3595","post","type-post","status-publish","format-standard","has-post-thumbnail","hentry","category-hrm","tag-arbeitsmarkt","tag-hrm","tag-management"],"acf":[],"yoast_head":"<!-- This site is optimized with the Yoast SEO plugin v27.5 - https:\/\/yoast.com\/product\/yoast-seo-wordpress\/ -->\n<title>Unbesetzte Stellen belasten die Arbeitsmoral der Mitarbeiter - Organisator<\/title>\n<meta name=\"description\" content=\"Durch die positive Wirtschaftsentwicklung in der Schweiz ist die Zahl der offenen Stellen in den letzten Jahren stark angestiegen. Allein im April 2018 waren gem\u00e4ss dem Statistik-Portal statista.com 14.431 vakante Positionen gemeldet. Dies schadet nicht nur den Ums\u00e4tzen der Unternehmen, sondern auch den Mitarbeitern.\" \/>\n<meta name=\"robots\" content=\"index, follow, max-snippet:-1, max-image-preview:large, max-video-preview:-1\" \/>\n<link rel=\"canonical\" href=\"https:\/\/www.organisator.ch\/en\/human-resources\/hrm\/2018-05-16\/unbesetzte-stellen-belasten-die-arbeitsmoral-der-mitarbeiter\/\" \/>\n<meta property=\"og:locale\" content=\"en_US\" \/>\n<meta property=\"og:type\" content=\"article\" \/>\n<meta property=\"og:title\" content=\"Unbesetzte Stellen belasten die Arbeitsmoral der Mitarbeiter\" \/>\n<meta property=\"og:description\" content=\"Durch die positive #Wirtschaftsentwicklung in der Schweiz ist die Zahl der offenen #Stellen in den letzten Jahren stark angestiegen. Allein im April 2018 waren gem\u00e4ss dem Statistik-Portal statista.com 14.431 vakante Positionen gemeldet. Dies schadet nicht nur den Ums\u00e4tzen der Unternehmen, sondern auch den Mitarbeitern.\" \/>\n<meta property=\"og:url\" content=\"https:\/\/www.organisator.ch\/en\/human-resources\/hrm\/2018-05-16\/unbesetzte-stellen-belasten-die-arbeitsmoral-der-mitarbeiter\/\" \/>\n<meta property=\"og:site_name\" content=\"Organisator\" \/>\n<meta property=\"article:publisher\" content=\"https:\/\/www.facebook.com\/OrganisatorFachmagazin\" \/>\n<meta property=\"article:published_time\" content=\"2018-05-16T12:31:59+00:00\" \/>\n<meta property=\"og:image\" content=\"https:\/\/www.organisator.ch\/wp-content\/uploads\/2018\/05\/Unbesetzte-Stellen-belasten-die-Arbeitsmoral-der-Mitarbeiter_Organisator.jpg\" \/>\n\t<meta property=\"og:image:width\" content=\"640\" \/>\n\t<meta property=\"og:image:height\" content=\"416\" \/>\n\t<meta property=\"og:image:type\" content=\"image\/jpeg\" \/>\n<meta name=\"author\" content=\"thomas.berner\" \/>\n<meta name=\"twitter:card\" content=\"summary_large_image\" \/>\n<meta name=\"twitter:title\" content=\"Unbesetzte Stellen belasten die #Arbeitsmoral der Mitarbeiter\" \/>\n<meta name=\"twitter:description\" content=\"Durch die positive #Wirtschaftsentwicklung in der Schweiz ist die Zahl der offenen #Stellen in den letzten Jahren stark angestiegen. Allein im April 2018 waren gem\u00e4ss dem Statistik-Portal statista.com 14.431 vakante Positionen gemeldet. Dies schadet nicht nur den Ums\u00e4tzen der Unternehmen, sondern auch den Mitarbeitern.\" \/>\n<meta name=\"twitter:image\" content=\"https:\/\/www.organisator.ch\/wp-content\/uploads\/2018\/05\/Unbesetzte-Stellen-belasten-die-Arbeitsmoral-der-Mitarbeiter_Organisator.jpg\" \/>\n<script type=\"application\/ld+json\" class=\"yoast-schema-graph\">{\"@context\":\"https:\\\/\\\/schema.org\",\"@graph\":[{\"@type\":\"Article\",\"@id\":\"https:\\\/\\\/www.organisator.ch\\\/human-resources\\\/hrm\\\/2018-05-16\\\/unbesetzte-stellen-belasten-die-arbeitsmoral-der-mitarbeiter\\\/#article\",\"isPartOf\":{\"@id\":\"https:\\\/\\\/www.organisator.ch\\\/human-resources\\\/hrm\\\/2018-05-16\\\/unbesetzte-stellen-belasten-die-arbeitsmoral-der-mitarbeiter\\\/\"},\"author\":{\"name\":\"thomas.berner\",\"@id\":\"https:\\\/\\\/www.organisator.ch\\\/#\\\/schema\\\/person\\\/6f650f90b2842cd4c0cc334b4e36f67e\"},\"headline\":\"Unbesetzte Stellen belasten die Arbeitsmoral der Mitarbeiter\",\"datePublished\":\"2018-05-16T12:31:59+00:00\",\"mainEntityOfPage\":{\"@id\":\"https:\\\/\\\/www.organisator.ch\\\/human-resources\\\/hrm\\\/2018-05-16\\\/unbesetzte-stellen-belasten-die-arbeitsmoral-der-mitarbeiter\\\/\"},\"wordCount\":465,\"commentCount\":0,\"publisher\":{\"@id\":\"https:\\\/\\\/www.organisator.ch\\\/#organization\"},\"image\":{\"@id\":\"https:\\\/\\\/www.organisator.ch\\\/human-resources\\\/hrm\\\/2018-05-16\\\/unbesetzte-stellen-belasten-die-arbeitsmoral-der-mitarbeiter\\\/#primaryimage\"},\"thumbnailUrl\":\"https:\\\/\\\/www.organisator.ch\\\/wp-content\\\/uploads\\\/2018\\\/05\\\/Unbesetzte-Stellen-belasten-die-Arbeitsmoral-der-Mitarbeiter_Organisator.jpg\",\"keywords\":[\"Arbeitsmarkt\",\"HRM\",\"Management\"],\"articleSection\":[\"HRM\"],\"inLanguage\":\"en-US\"},{\"@type\":\"WebPage\",\"@id\":\"https:\\\/\\\/www.organisator.ch\\\/human-resources\\\/hrm\\\/2018-05-16\\\/unbesetzte-stellen-belasten-die-arbeitsmoral-der-mitarbeiter\\\/\",\"url\":\"https:\\\/\\\/www.organisator.ch\\\/human-resources\\\/hrm\\\/2018-05-16\\\/unbesetzte-stellen-belasten-die-arbeitsmoral-der-mitarbeiter\\\/\",\"name\":\"Unbesetzte Stellen belasten die Arbeitsmoral der Mitarbeiter - Organisator\",\"isPartOf\":{\"@id\":\"https:\\\/\\\/www.organisator.ch\\\/#website\"},\"primaryImageOfPage\":{\"@id\":\"https:\\\/\\\/www.organisator.ch\\\/human-resources\\\/hrm\\\/2018-05-16\\\/unbesetzte-stellen-belasten-die-arbeitsmoral-der-mitarbeiter\\\/#primaryimage\"},\"image\":{\"@id\":\"https:\\\/\\\/www.organisator.ch\\\/human-resources\\\/hrm\\\/2018-05-16\\\/unbesetzte-stellen-belasten-die-arbeitsmoral-der-mitarbeiter\\\/#primaryimage\"},\"thumbnailUrl\":\"https:\\\/\\\/www.organisator.ch\\\/wp-content\\\/uploads\\\/2018\\\/05\\\/Unbesetzte-Stellen-belasten-die-Arbeitsmoral-der-Mitarbeiter_Organisator.jpg\",\"datePublished\":\"2018-05-16T12:31:59+00:00\",\"description\":\"Durch die positive Wirtschaftsentwicklung in der Schweiz ist die Zahl der offenen Stellen in den letzten Jahren stark angestiegen. Allein im April 2018 waren gem\u00e4ss dem Statistik-Portal statista.com 14.431 vakante Positionen gemeldet. Dies schadet nicht nur den Ums\u00e4tzen der Unternehmen, sondern auch den Mitarbeitern.\",\"breadcrumb\":{\"@id\":\"https:\\\/\\\/www.organisator.ch\\\/human-resources\\\/hrm\\\/2018-05-16\\\/unbesetzte-stellen-belasten-die-arbeitsmoral-der-mitarbeiter\\\/#breadcrumb\"},\"inLanguage\":\"en-US\",\"potentialAction\":[{\"@type\":\"ReadAction\",\"target\":[\"https:\\\/\\\/www.organisator.ch\\\/human-resources\\\/hrm\\\/2018-05-16\\\/unbesetzte-stellen-belasten-die-arbeitsmoral-der-mitarbeiter\\\/\"]}]},{\"@type\":\"ImageObject\",\"inLanguage\":\"en-US\",\"@id\":\"https:\\\/\\\/www.organisator.ch\\\/human-resources\\\/hrm\\\/2018-05-16\\\/unbesetzte-stellen-belasten-die-arbeitsmoral-der-mitarbeiter\\\/#primaryimage\",\"url\":\"https:\\\/\\\/www.organisator.ch\\\/wp-content\\\/uploads\\\/2018\\\/05\\\/Unbesetzte-Stellen-belasten-die-Arbeitsmoral-der-Mitarbeiter_Organisator.jpg\",\"contentUrl\":\"https:\\\/\\\/www.organisator.ch\\\/wp-content\\\/uploads\\\/2018\\\/05\\\/Unbesetzte-Stellen-belasten-die-Arbeitsmoral-der-Mitarbeiter_Organisator.jpg\",\"width\":640,\"height\":416,\"caption\":\"Keine Lust, Mehrarbeit zu \u00fcbernehmen? Bleiben Stellen lange vakant, leidet die Arbeitsmoral der Angestellten. (Bild: Fotolia.com)\"},{\"@type\":\"BreadcrumbList\",\"@id\":\"https:\\\/\\\/www.organisator.ch\\\/human-resources\\\/hrm\\\/2018-05-16\\\/unbesetzte-stellen-belasten-die-arbeitsmoral-der-mitarbeiter\\\/#breadcrumb\",\"itemListElement\":[{\"@type\":\"ListItem\",\"position\":1,\"name\":\"Home\",\"item\":\"https:\\\/\\\/www.organisator.ch\\\/\"},{\"@type\":\"ListItem\",\"position\":2,\"name\":\"Unbesetzte Stellen belasten die Arbeitsmoral der Mitarbeiter\"}]},{\"@type\":\"WebSite\",\"@id\":\"https:\\\/\\\/www.organisator.ch\\\/#website\",\"url\":\"https:\\\/\\\/www.organisator.ch\\\/\",\"name\":\"Organisator\",\"description\":\"Kompetent. Praxisnah. Der ORGANISATOR bereitet in 10 Ausgaben pro Jahr die wesentlichen Themen f\u00fcr F\u00fchrungskr\u00e4fte von KMU auf.\",\"publisher\":{\"@id\":\"https:\\\/\\\/www.organisator.ch\\\/#organization\"},\"potentialAction\":[{\"@type\":\"SearchAction\",\"target\":{\"@type\":\"EntryPoint\",\"urlTemplate\":\"https:\\\/\\\/www.organisator.ch\\\/?s={search_term_string}\"},\"query-input\":{\"@type\":\"PropertyValueSpecification\",\"valueRequired\":true,\"valueName\":\"search_term_string\"}}],\"inLanguage\":\"en-US\"},{\"@type\":\"Organization\",\"@id\":\"https:\\\/\\\/www.organisator.ch\\\/#organization\",\"name\":\"Organisator\",\"url\":\"https:\\\/\\\/www.organisator.ch\\\/\",\"logo\":{\"@type\":\"ImageObject\",\"inLanguage\":\"en-US\",\"@id\":\"https:\\\/\\\/www.organisator.ch\\\/#\\\/schema\\\/logo\\\/image\\\/\",\"url\":\"https:\\\/\\\/www.organisator.ch\\\/wp-content\\\/uploads\\\/2022\\\/01\\\/Logo_Organisator_Website.png\",\"contentUrl\":\"https:\\\/\\\/www.organisator.ch\\\/wp-content\\\/uploads\\\/2022\\\/01\\\/Logo_Organisator_Website.png\",\"width\":800,\"height\":77,\"caption\":\"Organisator\"},\"image\":{\"@id\":\"https:\\\/\\\/www.organisator.ch\\\/#\\\/schema\\\/logo\\\/image\\\/\"},\"sameAs\":[\"https:\\\/\\\/www.facebook.com\\\/OrganisatorFachmagazin\",\"https:\\\/\\\/www.linkedin.com\\\/showcase\\\/organisator-das-magazin-fr-kmu\",\"https:\\\/\\\/www.xing.com\\\/news\\\/pages\\\/organisator-ch-695\",\"https:\\\/\\\/www.youtube.com\\\/channel\\\/UCGP2Sq0iWaZwT3BdIAQFYpw\"]},{\"@type\":\"Person\",\"@id\":\"https:\\\/\\\/www.organisator.ch\\\/#\\\/schema\\\/person\\\/6f650f90b2842cd4c0cc334b4e36f67e\",\"name\":\"thomas.berner\",\"image\":{\"@type\":\"ImageObject\",\"inLanguage\":\"en-US\",\"@id\":\"https:\\\/\\\/secure.gravatar.com\\\/avatar\\\/ac5001d2a36cb6c6cd3e50789007ffca834b477b74a2144564522e944eabff61?s=96&d=mm&r=g\",\"url\":\"https:\\\/\\\/secure.gravatar.com\\\/avatar\\\/ac5001d2a36cb6c6cd3e50789007ffca834b477b74a2144564522e944eabff61?s=96&d=mm&r=g\",\"contentUrl\":\"https:\\\/\\\/secure.gravatar.com\\\/avatar\\\/ac5001d2a36cb6c6cd3e50789007ffca834b477b74a2144564522e944eabff61?s=96&d=mm&r=g\",\"caption\":\"thomas.berner\"},\"url\":\"https:\\\/\\\/www.organisator.ch\\\/en\\\/author\\\/thomas-berner\\\/\"}]}<\/script>\n<!-- \/ Yoast SEO plugin. -->","yoast_head_json":{"title":"Unfilled positions put a strain on employee morale - Organizer","description":"Due to the positive economic development in Switzerland, the number of vacant positions has risen sharply in recent years. In April 2018 alone, 14,431 vacant positions were reported, according to the statistics portal statista.com. This is not only hurting companies' sales, but also their employees.","robots":{"index":"index","follow":"follow","max-snippet":"max-snippet:-1","max-image-preview":"max-image-preview:large","max-video-preview":"max-video-preview:-1"},"canonical":"https:\/\/www.organisator.ch\/en\/human-resources\/hrm\/2018-05-16\/unbesetzte-stellen-belasten-die-arbeitsmoral-der-mitarbeiter\/","og_locale":"en_US","og_type":"article","og_title":"Unbesetzte Stellen belasten die Arbeitsmoral der Mitarbeiter","og_description":"Durch die positive #Wirtschaftsentwicklung in der Schweiz ist die Zahl der offenen #Stellen in den letzten Jahren stark angestiegen. Allein im April 2018 waren gem\u00e4ss dem Statistik-Portal statista.com 14.431 vakante Positionen gemeldet. Dies schadet nicht nur den Ums\u00e4tzen der Unternehmen, sondern auch den Mitarbeitern.","og_url":"https:\/\/www.organisator.ch\/en\/human-resources\/hrm\/2018-05-16\/unbesetzte-stellen-belasten-die-arbeitsmoral-der-mitarbeiter\/","og_site_name":"Organisator","article_publisher":"https:\/\/www.facebook.com\/OrganisatorFachmagazin","article_published_time":"2018-05-16T12:31:59+00:00","og_image":[{"width":640,"height":416,"url":"https:\/\/www.organisator.ch\/wp-content\/uploads\/2018\/05\/Unbesetzte-Stellen-belasten-die-Arbeitsmoral-der-Mitarbeiter_Organisator.jpg","type":"image\/jpeg"}],"author":"thomas.berner","twitter_card":"summary_large_image","twitter_title":"Unbesetzte Stellen belasten die #Arbeitsmoral der Mitarbeiter","twitter_description":"Durch die positive #Wirtschaftsentwicklung in der Schweiz ist die Zahl der offenen #Stellen in den letzten Jahren stark angestiegen. Allein im April 2018 waren gem\u00e4ss dem Statistik-Portal statista.com 14.431 vakante Positionen gemeldet. Dies schadet nicht nur den Ums\u00e4tzen der Unternehmen, sondern auch den Mitarbeitern.","twitter_image":"https:\/\/www.organisator.ch\/wp-content\/uploads\/2018\/05\/Unbesetzte-Stellen-belasten-die-Arbeitsmoral-der-Mitarbeiter_Organisator.jpg","schema":{"@context":"https:\/\/schema.org","@graph":[{"@type":"Article","@id":"https:\/\/www.organisator.ch\/human-resources\/hrm\/2018-05-16\/unbesetzte-stellen-belasten-die-arbeitsmoral-der-mitarbeiter\/#article","isPartOf":{"@id":"https:\/\/www.organisator.ch\/human-resources\/hrm\/2018-05-16\/unbesetzte-stellen-belasten-die-arbeitsmoral-der-mitarbeiter\/"},"author":{"name":"thomas.berner","@id":"https:\/\/www.organisator.ch\/#\/schema\/person\/6f650f90b2842cd4c0cc334b4e36f67e"},"headline":"Unbesetzte Stellen belasten die Arbeitsmoral der Mitarbeiter","datePublished":"2018-05-16T12:31:59+00:00","mainEntityOfPage":{"@id":"https:\/\/www.organisator.ch\/human-resources\/hrm\/2018-05-16\/unbesetzte-stellen-belasten-die-arbeitsmoral-der-mitarbeiter\/"},"wordCount":465,"commentCount":0,"publisher":{"@id":"https:\/\/www.organisator.ch\/#organization"},"image":{"@id":"https:\/\/www.organisator.ch\/human-resources\/hrm\/2018-05-16\/unbesetzte-stellen-belasten-die-arbeitsmoral-der-mitarbeiter\/#primaryimage"},"thumbnailUrl":"https:\/\/www.organisator.ch\/wp-content\/uploads\/2018\/05\/Unbesetzte-Stellen-belasten-die-Arbeitsmoral-der-Mitarbeiter_Organisator.jpg","keywords":["Arbeitsmarkt","HRM","Management"],"articleSection":["HRM"],"inLanguage":"en-US"},{"@type":"WebPage","@id":"https:\/\/www.organisator.ch\/human-resources\/hrm\/2018-05-16\/unbesetzte-stellen-belasten-die-arbeitsmoral-der-mitarbeiter\/","url":"https:\/\/www.organisator.ch\/human-resources\/hrm\/2018-05-16\/unbesetzte-stellen-belasten-die-arbeitsmoral-der-mitarbeiter\/","name":"Unfilled positions put a strain on employee morale - Organizer","isPartOf":{"@id":"https:\/\/www.organisator.ch\/#website"},"primaryImageOfPage":{"@id":"https:\/\/www.organisator.ch\/human-resources\/hrm\/2018-05-16\/unbesetzte-stellen-belasten-die-arbeitsmoral-der-mitarbeiter\/#primaryimage"},"image":{"@id":"https:\/\/www.organisator.ch\/human-resources\/hrm\/2018-05-16\/unbesetzte-stellen-belasten-die-arbeitsmoral-der-mitarbeiter\/#primaryimage"},"thumbnailUrl":"https:\/\/www.organisator.ch\/wp-content\/uploads\/2018\/05\/Unbesetzte-Stellen-belasten-die-Arbeitsmoral-der-Mitarbeiter_Organisator.jpg","datePublished":"2018-05-16T12:31:59+00:00","description":"Due to the positive economic development in Switzerland, the number of vacant positions has risen sharply in recent years. In April 2018 alone, 14,431 vacant positions were reported, according to the statistics portal statista.com. This is not only hurting companies' sales, but also their employees.","breadcrumb":{"@id":"https:\/\/www.organisator.ch\/human-resources\/hrm\/2018-05-16\/unbesetzte-stellen-belasten-die-arbeitsmoral-der-mitarbeiter\/#breadcrumb"},"inLanguage":"en-US","potentialAction":[{"@type":"ReadAction","target":["https:\/\/www.organisator.ch\/human-resources\/hrm\/2018-05-16\/unbesetzte-stellen-belasten-die-arbeitsmoral-der-mitarbeiter\/"]}]},{"@type":"ImageObject","inLanguage":"en-US","@id":"https:\/\/www.organisator.ch\/human-resources\/hrm\/2018-05-16\/unbesetzte-stellen-belasten-die-arbeitsmoral-der-mitarbeiter\/#primaryimage","url":"https:\/\/www.organisator.ch\/wp-content\/uploads\/2018\/05\/Unbesetzte-Stellen-belasten-die-Arbeitsmoral-der-Mitarbeiter_Organisator.jpg","contentUrl":"https:\/\/www.organisator.ch\/wp-content\/uploads\/2018\/05\/Unbesetzte-Stellen-belasten-die-Arbeitsmoral-der-Mitarbeiter_Organisator.jpg","width":640,"height":416,"caption":"Keine Lust, Mehrarbeit zu \u00fcbernehmen? Bleiben Stellen lange vakant, leidet die Arbeitsmoral der Angestellten. (Bild: Fotolia.com)"},{"@type":"BreadcrumbList","@id":"https:\/\/www.organisator.ch\/human-resources\/hrm\/2018-05-16\/unbesetzte-stellen-belasten-die-arbeitsmoral-der-mitarbeiter\/#breadcrumb","itemListElement":[{"@type":"ListItem","position":1,"name":"Home","item":"https:\/\/www.organisator.ch\/"},{"@type":"ListItem","position":2,"name":"Unbesetzte Stellen belasten die Arbeitsmoral der Mitarbeiter"}]},{"@type":"WebSite","@id":"https:\/\/www.organisator.ch\/#website","url":"https:\/\/www.organisator.ch\/","name":"Organizer","description":"Competent. Practical. In 10 issues per year, ORGANISATOR presents the essential topics for managers of SMEs.","publisher":{"@id":"https:\/\/www.organisator.ch\/#organization"},"potentialAction":[{"@type":"SearchAction","target":{"@type":"EntryPoint","urlTemplate":"https:\/\/www.organisator.ch\/?s={search_term_string}"},"query-input":{"@type":"PropertyValueSpecification","valueRequired":true,"valueName":"search_term_string"}}],"inLanguage":"en-US"},{"@type":"Organization","@id":"https:\/\/www.organisator.ch\/#organization","name":"Organizer","url":"https:\/\/www.organisator.ch\/","logo":{"@type":"ImageObject","inLanguage":"en-US","@id":"https:\/\/www.organisator.ch\/#\/schema\/logo\/image\/","url":"https:\/\/www.organisator.ch\/wp-content\/uploads\/2022\/01\/Logo_Organisator_Website.png","contentUrl":"https:\/\/www.organisator.ch\/wp-content\/uploads\/2022\/01\/Logo_Organisator_Website.png","width":800,"height":77,"caption":"Organisator"},"image":{"@id":"https:\/\/www.organisator.ch\/#\/schema\/logo\/image\/"},"sameAs":["https:\/\/www.facebook.com\/OrganisatorFachmagazin","https:\/\/www.linkedin.com\/showcase\/organisator-das-magazin-fr-kmu","https:\/\/www.xing.com\/news\/pages\/organisator-ch-695","https:\/\/www.youtube.com\/channel\/UCGP2Sq0iWaZwT3BdIAQFYpw"]},{"@type":"Person","@id":"https:\/\/www.organisator.ch\/#\/schema\/person\/6f650f90b2842cd4c0cc334b4e36f67e","name":"thomas.berner","image":{"@type":"ImageObject","inLanguage":"en-US","@id":"https:\/\/secure.gravatar.com\/avatar\/ac5001d2a36cb6c6cd3e50789007ffca834b477b74a2144564522e944eabff61?s=96&d=mm&r=g","url":"https:\/\/secure.gravatar.com\/avatar\/ac5001d2a36cb6c6cd3e50789007ffca834b477b74a2144564522e944eabff61?s=96&d=mm&r=g","contentUrl":"https:\/\/secure.gravatar.com\/avatar\/ac5001d2a36cb6c6cd3e50789007ffca834b477b74a2144564522e944eabff61?s=96&d=mm&r=g","caption":"thomas.berner"},"url":"https:\/\/www.organisator.ch\/en\/author\/thomas-berner\/"}]}},"_links":{"self":[{"href":"https:\/\/www.organisator.ch\/en\/wp-json\/wp\/v2\/posts\/3595","targetHints":{"allow":["GET"]}}],"collection":[{"href":"https:\/\/www.organisator.ch\/en\/wp-json\/wp\/v2\/posts"}],"about":[{"href":"https:\/\/www.organisator.ch\/en\/wp-json\/wp\/v2\/types\/post"}],"author":[{"embeddable":true,"href":"https:\/\/www.organisator.ch\/en\/wp-json\/wp\/v2\/users\/4"}],"replies":[{"embeddable":true,"href":"https:\/\/www.organisator.ch\/en\/wp-json\/wp\/v2\/comments?post=3595"}],"version-history":[{"count":0,"href":"https:\/\/www.organisator.ch\/en\/wp-json\/wp\/v2\/posts\/3595\/revisions"}],"wp:featuredmedia":[{"embeddable":true,"href":"https:\/\/www.organisator.ch\/en\/wp-json\/wp\/v2\/media\/3597"}],"wp:attachment":[{"href":"https:\/\/www.organisator.ch\/en\/wp-json\/wp\/v2\/media?parent=3595"}],"wp:term":[{"taxonomy":"category","embeddable":true,"href":"https:\/\/www.organisator.ch\/en\/wp-json\/wp\/v2\/categories?post=3595"},{"taxonomy":"post_tag","embeddable":true,"href":"https:\/\/www.organisator.ch\/en\/wp-json\/wp\/v2\/tags?post=3595"}],"curies":[{"name":"wp","href":"https:\/\/api.w.org\/{rel}","templated":true}]}}